{"id":118173,"date":"2020-10-03T12:49:02","date_gmt":"2020-10-03T10:49:02","guid":{"rendered":"http:\/\/www.bellunopress.it\/?p=118173"},"modified":"2020-10-03T12:49:02","modified_gmt":"2020-10-03T10:49:02","slug":"5dolomiti-rally-la-carica-dei-106","status":"publish","type":"post","link":"https:\/\/www.bellunopress.it\/fr\/2020\/10\/03\/5dolomiti-rally-la-carica-dei-106\/","title":{"rendered":"5\u00b0Dolomiti Rally: la carica dei 106"},"content":{"rendered":"<figure id=\"attachment_114962\" aria-describedby=\"caption-attachment-114962\" style=\"width: 800px\" class=\"wp-caption alignleft\"><a href=\"http:\/\/www.bellunopress.it\/fr\/2020\/06\/08\/il-10-e-11-ottobre-si-corre-il-dolomiti-rally\/dolomiti-rally-vincitori-2019-signor-bernardi_edited\/\" rel=\"attachment wp-att-114962\"><img loading=\"lazy\" decoding=\"async\" class=\"size-full wp-image-114962\" src=\"http:\/\/www.bellunopress.it\/wp-content\/uploads\/2020\/06\/Dolomiti-Rally-Vincitori-2019-Signor-Bernardi_edited.jpg\" alt=\"\" width=\"800\" height=\"494\" srcset=\"https:\/\/www.bellunopress.it\/wp-content\/uploads\/2020\/06\/Dolomiti-Rally-Vincitori-2019-Signor-Bernardi_edited.jpg 800w, https:\/\/www.bellunopress.it\/wp-content\/uploads\/2020\/06\/Dolomiti-Rally-Vincitori-2019-Signor-Bernardi_edited-500x309.jpg 500w, https:\/\/www.bellunopress.it\/wp-content\/uploads\/2020\/06\/Dolomiti-Rally-Vincitori-2019-Signor-Bernardi_edited-696x430.jpg 696w, https:\/\/www.bellunopress.it\/wp-content\/uploads\/2020\/06\/Dolomiti-Rally-Vincitori-2019-Signor-Bernardi_edited-680x420.jpg 680w, https:\/\/www.bellunopress.it\/wp-content\/uploads\/2020\/06\/Dolomiti-Rally-Vincitori-2019-Signor-Bernardi_edited-356x220.jpg 356w\" sizes=\"auto, (max-width: 800px) 100vw, 800px\" \/><\/a><figcaption id=\"caption-attachment-114962\" class=\"wp-caption-text\">Dolomiti Rally: vincitori 2019 Signor- Bernardi<\/figcaption><\/figure>\n<p>Suona la carica dei 106 al 5\u00b0 Dolomiti Rally! Tanti sono, infatti, gli equipaggi iscritti alla corsa, autentico fiore all\u2019occhiello del Dolomiti Racing Motorsport ASD, atto conclusivo della Coppa Rally 4^ zona 2020 e tappa decisiva per accedere alla finale nazionale di Coppa Italia ACI<br \/>\nSport, in programma fra un mese al 35\u00b0 Rally di Como. Pur in tempo di pandemia Covid-19 il rally che si corre, sabato 10 e domenica 11 ottobre, nella spettacolare cornice delle Dolomiti Agordine ha fatto registrare il nuovo record di adesioni, con lo straordinario incremento del 29,27 per cento rispetto alla pur fortunata edizione dello scorso anno.<br \/>\nNon solo numeri, ma anche qualit\u00e0 eccellente per la corsa che avr\u00e0 il suo fulcro ad Agordo,<br \/>\ncapoluogo di Vallata, cuore delle Dolomiti e \u201cpaese dei graffiti\u201d. Dei 106 equipaggi iscritti, ben 16, ossia il 15 per cento del totale, animeranno la classe R5, riservata alle vetture pi\u00f9<br \/>\nperformanti del lotto di Coppa Rally di zona CRZ. Fra questi va sottolineata la presenza del<br \/>\nventunenne pilota Erik Cais, della Repubblica Ceca, abitualmente impegnato nel Campionato Europeo Rally (dove, nell\u2019ultimo biennio, ha disputato una decina di gare) e indicato come futuro pilota ufficiale di M-Sport, la squadra Ford del Campionato Mondiale Rally, gestita da Malcom Wilson. Al Dolomiti Rally il ceco, ex specialista di discesa in mountain bike, sar\u00e0 navigato dalla connazionale Jindriska Zakova, su una Ford Fiesta dello Yacco ACCR Team.<br \/>\nIl nutrito lotto di equipaggi della classe R5 \u00e8 variegato e decisamente agguerrito con ben sette Skoda Fabia, fra cui quelle di \u201cBrik\u201d-Orian e Lorenzon-Menegon (Vimotorsport), ColferaiMosele (La Superba) e Piccolotto-Cenere (Hawk Racing Club); le Peugeot 208 di BattaglinTommasini e Stizzoli-Anselmi; la Hyundai I20 di Bravi-Bertoldi; le tre Ford Fiesta di Cais, Casanova e Rossi; la Volkswagen Polo di Silva-Pina, gi\u00e0 vincitori del 1\u00b0 Ronde Dolomiti<br \/>\nBellunesi 2006; le Citroen C3 di De Cecco-Campeis e DS3 di Righetti-Nalli. Una decina di<br \/>\nequipaggi si daranno battaglia nelle classi Super 1600 e 2000 dove la Peugeot 207 di<br \/>\nCarniello-Pozzo se la vedr\u00e0 con un nugolo di Renault Clio, fra cui spiccano quelle di ZanonPiceno e Pasquini-Melesi e le Citroen C2 GT di Florian-Budoia e Vts di Stizzoli-Migliorini.<br \/>\nMolto popolate e ricche di talenti risultano anche due classi medio-piccole: la R2B con 15<br \/>\nequipaggi in lizza; la N2 con ben 17 pretendenti. Fra gli attesi protagonisti della classe R2B<br \/>\nfigurano gli sloveni Jan Medved-Izidor Savelj (Peugeot 208), gli agordini Lino Lena-Nicola<br \/>\nDecima (Peugeot 208 Vti), gi\u00e0 vincitori della prima edizione del 2016 con la Clio R3 e terzi<br \/>\nassoluti nella terza edizione del 2018 con la Peugeot 106; i portacolori dell\u2019Halley Racing<br \/>\nTeam Lorenzo Piazza-Stefano Dall\u2019O\u2019 (Peugeot 208 Vti). In classe N2 puntano a migliorare il<br \/>\npodio 2019 i fratelli Micheletto, Manuele e Lorenzo, su Peugeot 106 Rallye. Come detto nutrita ed agguerrita la concorrenza, in particolare quella degli agordini Busin-Fenti, al debutto su Peugeot 106 e desiderosi di riscattare il ritiro dello scorso anno; Dal Ben-Pegoraro (Citroen Saxo Vts), De Paoli-Simioni (Peugeot 106 16v), Marcon-Pizzol (Peugeot 106 S16), SalmasoScussat (Peugeot 106 S16). In ogni caso e in ogni classe lo spettacolo \u00e8 assicurato.<br \/>\nQuesto il commento compiaciuto di Mauro Riva, presidente di Dolomiti Racing Motorsport<br \/>\nASD: \u201cUn gran bel lavoro! Gli sforzi profusi con grande passione da tutto il nostro gruppo sono stati premiati dalla risposta entusiasta degli equipaggi. Da sempre, malgrado le difficolt\u00e0 con il patrocinio conseguenti al Covid-19, ci siamo impegnati per allestire la corsa e per dare un segnale di ripartenza alle tante persone come meccanici, preparatori, noleggiatori, che in questo magnifico sport credono, lavorano, investono. Il record di iscritti e la qualit\u00e0 dei concorrenti in lizza sono un premio che noi di Dolomiti Racing Motorsport siamo felici di condividere con gli enti che ci sostengono, con gli sponsor, con tutti i collaboratori e con piloti e navigatori. Il nostro impegno e la nostra attenzione continueranno ad essere massimi affinch\u00e9 la due giorni di sabato 10 e domenica 11 ottobre sia una autentica festa del motorsport e degli appassionati di rally\u201d.<br \/>\nIl 5\u00b0 Dolomiti Rally gode del patrocinio di Regione Veneto, Provincia di Belluno, Unione<br \/>\nmontana Agordina e dei Comuni di Agordo, Voltago, San Tomaso, Vallada, Rivamonte, Taibon,\u00a0 Cencenighe, Canale d\u2019Agordo e Falcade. La gara propone tre prove speciali: \u201cOltach\u201d, \u201cSan Tomas\u201d e \u201cValada\u201d, da affrontare tre volte per un totale di 63,03 km su un tracciato complessivo di poco inferiore ai 200 km. Sabato 10 ottobre gli equipaggi avranno<br \/>\nl\u2019opportunit\u00e0 di effettuare lo shakedown lungo un tratto di strada di 2,650 km, ricavato nel<br \/>\nsenso di marcia opposto a quello della ps \u201cOltach\u201d. Intanto domenica 4 ottobre, dalle 8 alle 12, al Centro parrocchiale di via Garibaldi ad Agordo, ci sar\u00e0 la prima finestra per la distribuzione dei radar del percorso; mentre, dalle 9 alle 17, i concorrenti potranno effettuare le ricognizioni sul tracciato di gara ed in particolare delle tre prove speciali.<\/p>","protected":false},"excerpt":{"rendered":"<p>Suona la carica dei 106 al 5\u00b0 Dolomiti Rally! Tanti sono, infatti, gli equipaggi iscritti alla corsa, autentico fiore all\u2019occhiello del Dolomiti Racing Motorsport ASD, atto conclusivo della Coppa Rally 4^ zona 2020 e tappa decisiva per accedere alla finale nazionale di Coppa Italia ACI Sport, in programma fra un mese al 35\u00b0 Rally di [&hellip;]<\/p>\n","protected":false},"author":2,"featured_media":114962,"comment_status":"closed","ping_status":"open","sticky":false,"template":"","format":"standard","meta":{"footnotes":""},"categories":[25,4],"tags":[],"class_list":["post-118173","post","type-post","status-publish","format-standard","has-post-thumbnail","category-pausa-caffe","category-sport"],"yoast_head":"<!-- This site is optimized with the Yoast SEO plugin v28.4 - https:\/\/yoast.com\/product\/yoast-seo-wordpress\/ -->\n<title>5\u00b0Dolomiti Rally: la carica dei 106 - Bellunopress - Dolomiti<\/title>\n<meta name=\"robots\" content=\"index, follow, max-snippet:-1, max-image-preview:large, max-video-preview:-1\" \/>\n<link rel=\"canonical\" href=\"https:\/\/www.bellunopress.it\/fr\/2020\/10\/03\/5dolomiti-rally-la-carica-dei-106\/\" \/>\n<meta property=\"og:locale\" content=\"fr_FR\" \/>\n<meta property=\"og:type\" content=\"article\" \/>\n<meta property=\"og:title\" content=\"5\u00b0Dolomiti Rally: la carica dei 106 - Bellunopress - Dolomiti\" \/>\n<meta property=\"og:description\" content=\"Suona la carica dei 106 al 5\u00b0 Dolomiti Rally! Tanti sono, infatti, gli equipaggi iscritti alla corsa, autentico fiore all\u2019occhiello del Dolomiti Racing Motorsport ASD, atto conclusivo della Coppa Rally 4^ zona 2020 e tappa decisiva per accedere alla finale nazionale di Coppa Italia ACI Sport, in programma fra un mese al 35\u00b0 Rally di [&hellip;]\" \/>\n<meta property=\"og:url\" content=\"https:\/\/www.bellunopress.it\/fr\/2020\/10\/03\/5dolomiti-rally-la-carica-dei-106\/\" \/>\n<meta property=\"og:site_name\" content=\"Bellunopress - Dolomiti\" \/>\n<meta property=\"article:publisher\" content=\"https:\/\/www.facebook.com\/profile.php?id=100008943462799\" \/>\n<meta property=\"article:published_time\" content=\"2020-10-03T10:49:02+00:00\" \/>\n<meta property=\"og:image\" content=\"https:\/\/www.bellunopress.it\/wp-content\/uploads\/2020\/06\/Dolomiti-Rally-Vincitori-2019-Signor-Bernardi_edited.jpg\" \/>\n\t<meta property=\"og:image:width\" content=\"800\" \/>\n\t<meta property=\"og:image:height\" content=\"494\" \/>\n\t<meta property=\"og:image:type\" content=\"image\/jpeg\" \/>\n<meta name=\"author\" content=\"redazione\" \/>\n<meta name=\"twitter:card\" content=\"summary_large_image\" \/>\n<meta name=\"twitter:creator\" content=\"@bellunopress\" \/>\n<meta name=\"twitter:site\" content=\"@bellunopress\" \/>\n<meta name=\"twitter:label1\" content=\"\u00c9crit par\" \/>\n\t<meta name=\"twitter:data1\" content=\"redazione\" \/>\n\t<meta name=\"twitter:label2\" content=\"Dur\u00e9e de lecture estim\u00e9e\" \/>\n\t<meta name=\"twitter:data2\" content=\"4 minutes\" \/>\n<script type=\"application\/ld+json\" class=\"yoast-schema-graph\">{\"@context\":\"https:\\\/\\\/schema.org\",\"@graph\":[{\"@type\":\"Article\",\"@id\":\"https:\\\/\\\/www.bellunopress.it\\\/2020\\\/10\\\/03\\\/5dolomiti-rally-la-carica-dei-106\\\/#article\",\"isPartOf\":{\"@id\":\"https:\\\/\\\/www.bellunopress.it\\\/2020\\\/10\\\/03\\\/5dolomiti-rally-la-carica-dei-106\\\/\"},\"author\":{\"name\":\"redazione\",\"@id\":\"https:\\\/\\\/www.bellunopress.it\\\/#\\\/schema\\\/person\\\/79bb06722b37ece1c03d3e94beb30d73\"},\"headline\":\"5\u00b0Dolomiti Rally: la carica dei 106\",\"datePublished\":\"2020-10-03T10:49:02+00:00\",\"mainEntityOfPage\":{\"@id\":\"https:\\\/\\\/www.bellunopress.it\\\/2020\\\/10\\\/03\\\/5dolomiti-rally-la-carica-dei-106\\\/\"},\"wordCount\":790,\"publisher\":{\"@id\":\"https:\\\/\\\/www.bellunopress.it\\\/#organization\"},\"image\":{\"@id\":\"https:\\\/\\\/www.bellunopress.it\\\/2020\\\/10\\\/03\\\/5dolomiti-rally-la-carica-dei-106\\\/#primaryimage\"},\"thumbnailUrl\":\"https:\\\/\\\/www.bellunopress.it\\\/wp-content\\\/uploads\\\/2020\\\/06\\\/Dolomiti-Rally-Vincitori-2019-Signor-Bernardi_edited.jpg\",\"articleSection\":[\"Pausa Caff\u00e8\",\"Sport, tempo libero\"],\"inLanguage\":\"fr-FR\"},{\"@type\":\"WebPage\",\"@id\":\"https:\\\/\\\/www.bellunopress.it\\\/2020\\\/10\\\/03\\\/5dolomiti-rally-la-carica-dei-106\\\/\",\"url\":\"https:\\\/\\\/www.bellunopress.it\\\/2020\\\/10\\\/03\\\/5dolomiti-rally-la-carica-dei-106\\\/\",\"name\":\"5\u00b0Dolomiti Rally: la carica dei 106 - Bellunopress - Dolomiti\",\"isPartOf\":{\"@id\":\"https:\\\/\\\/www.bellunopress.it\\\/#website\"},\"primaryImageOfPage\":{\"@id\":\"https:\\\/\\\/www.bellunopress.it\\\/2020\\\/10\\\/03\\\/5dolomiti-rally-la-carica-dei-106\\\/#primaryimage\"},\"image\":{\"@id\":\"https:\\\/\\\/www.bellunopress.it\\\/2020\\\/10\\\/03\\\/5dolomiti-rally-la-carica-dei-106\\\/#primaryimage\"},\"thumbnailUrl\":\"https:\\\/\\\/www.bellunopress.it\\\/wp-content\\\/uploads\\\/2020\\\/06\\\/Dolomiti-Rally-Vincitori-2019-Signor-Bernardi_edited.jpg\",\"datePublished\":\"2020-10-03T10:49:02+00:00\",\"breadcrumb\":{\"@id\":\"https:\\\/\\\/www.bellunopress.it\\\/2020\\\/10\\\/03\\\/5dolomiti-rally-la-carica-dei-106\\\/#breadcrumb\"},\"inLanguage\":\"fr-FR\",\"potentialAction\":[{\"@type\":\"ReadAction\",\"target\":[\"https:\\\/\\\/www.bellunopress.it\\\/2020\\\/10\\\/03\\\/5dolomiti-rally-la-carica-dei-106\\\/\"]}]},{\"@type\":\"ImageObject\",\"inLanguage\":\"fr-FR\",\"@id\":\"https:\\\/\\\/www.bellunopress.it\\\/2020\\\/10\\\/03\\\/5dolomiti-rally-la-carica-dei-106\\\/#primaryimage\",\"url\":\"https:\\\/\\\/www.bellunopress.it\\\/wp-content\\\/uploads\\\/2020\\\/06\\\/Dolomiti-Rally-Vincitori-2019-Signor-Bernardi_edited.jpg\",\"contentUrl\":\"https:\\\/\\\/www.bellunopress.it\\\/wp-content\\\/uploads\\\/2020\\\/06\\\/Dolomiti-Rally-Vincitori-2019-Signor-Bernardi_edited.jpg\",\"width\":800,\"height\":494,\"caption\":\"Dolomiti Rally: vincitori 2019 Signor- Bernardi\"},{\"@type\":\"BreadcrumbList\",\"@id\":\"https:\\\/\\\/www.bellunopress.it\\\/2020\\\/10\\\/03\\\/5dolomiti-rally-la-carica-dei-106\\\/#breadcrumb\",\"itemListElement\":[{\"@type\":\"ListItem\",\"position\":1,\"name\":\"Home\",\"item\":\"https:\\\/\\\/www.bellunopress.it\\\/\"},{\"@type\":\"ListItem\",\"position\":2,\"name\":\"5\u00b0Dolomiti Rally: la carica dei 106\"}]},{\"@type\":\"WebSite\",\"@id\":\"https:\\\/\\\/www.bellunopress.it\\\/#website\",\"url\":\"https:\\\/\\\/www.bellunopress.it\\\/\",\"name\":\"Bellunopress - Dolomiti\",\"description\":\"e-mail: redazione@bellunopress.it\",\"publisher\":{\"@id\":\"https:\\\/\\\/www.bellunopress.it\\\/#organization\"},\"potentialAction\":[{\"@type\":\"SearchAction\",\"target\":{\"@type\":\"EntryPoint\",\"urlTemplate\":\"https:\\\/\\\/www.bellunopress.it\\\/?s={search_term_string}\"},\"query-input\":{\"@type\":\"PropertyValueSpecification\",\"valueRequired\":true,\"valueName\":\"search_term_string\"}}],\"inLanguage\":\"fr-FR\"},{\"@type\":\"Organization\",\"@id\":\"https:\\\/\\\/www.bellunopress.it\\\/#organization\",\"name\":\"Bellunopress\",\"url\":\"https:\\\/\\\/www.bellunopress.it\\\/\",\"logo\":{\"@type\":\"ImageObject\",\"inLanguage\":\"fr-FR\",\"@id\":\"https:\\\/\\\/www.bellunopress.it\\\/#\\\/schema\\\/logo\\\/image\\\/\",\"url\":\"https:\\\/\\\/www.bellunopress.it\\\/wp-content\\\/uploads\\\/2011\\\/05\\\/cropped-logo-bellunopress-.jpg\",\"contentUrl\":\"https:\\\/\\\/www.bellunopress.it\\\/wp-content\\\/uploads\\\/2011\\\/05\\\/cropped-logo-bellunopress-.jpg\",\"width\":512,\"height\":512,\"caption\":\"Bellunopress\"},\"image\":{\"@id\":\"https:\\\/\\\/www.bellunopress.it\\\/#\\\/schema\\\/logo\\\/image\\\/\"},\"sameAs\":[\"https:\\\/\\\/www.facebook.com\\\/profile.php?id=100008943462799\",\"https:\\\/\\\/x.com\\\/bellunopress\",\"https:\\\/\\\/www.linkedin.com\\\/hp\\\/?dnr=JBzUWaJfMUw8vbXJJ2tVW5-I3jZKvC4wsoxE&amp;amp;amp;amp;amp;amp;trk=nav_responsive_tab_home\",\"https:\\\/\\\/www.youtube.com\\\/channel\\\/UCxL0wu1uN0_3_7hGG0306cw\"]},{\"@type\":\"Person\",\"@id\":\"https:\\\/\\\/www.bellunopress.it\\\/#\\\/schema\\\/person\\\/79bb06722b37ece1c03d3e94beb30d73\",\"name\":\"redazione\",\"image\":{\"@type\":\"ImageObject\",\"inLanguage\":\"fr-FR\",\"@id\":\"https:\\\/\\\/secure.gravatar.com\\\/avatar\\\/37d968a2e67a6fd04c169c4bdef102d0bc5d31b2546345219e348575eb80e9a0?s=96&d=mm&r=g\",\"url\":\"https:\\\/\\\/secure.gravatar.com\\\/avatar\\\/37d968a2e67a6fd04c169c4bdef102d0bc5d31b2546345219e348575eb80e9a0?s=96&d=mm&r=g\",\"contentUrl\":\"https:\\\/\\\/secure.gravatar.com\\\/avatar\\\/37d968a2e67a6fd04c169c4bdef102d0bc5d31b2546345219e348575eb80e9a0?s=96&d=mm&r=g\",\"caption\":\"redazione\"},\"sameAs\":[\"http:\\\/\\\/www.bellunopress.it\",\"https:\\\/\\\/x.com\\\/bellunopress\"],\"url\":\"https:\\\/\\\/www.bellunopress.it\\\/fr\\\/author\\\/redazione\\\/\"}]}<\/script>\n<!-- \/ Yoast SEO plugin. -->","yoast_head_json":{"title":"5\u00b0Dolomiti Rally: la carica dei 106 - Bellunopress - Dolomiti","robots":{"index":"index","follow":"follow","max-snippet":"max-snippet:-1","max-image-preview":"max-image-preview:large","max-video-preview":"max-video-preview:-1"},"canonical":"https:\/\/www.bellunopress.it\/fr\/2020\/10\/03\/5dolomiti-rally-la-carica-dei-106\/","og_locale":"fr_FR","og_type":"article","og_title":"5\u00b0Dolomiti Rally: la carica dei 106 - Bellunopress - Dolomiti","og_description":"Suona la carica dei 106 al 5\u00b0 Dolomiti Rally! Tanti sono, infatti, gli equipaggi iscritti alla corsa, autentico fiore all\u2019occhiello del Dolomiti Racing Motorsport ASD, atto conclusivo della Coppa Rally 4^ zona 2020 e tappa decisiva per accedere alla finale nazionale di Coppa Italia ACI Sport, in programma fra un mese al 35\u00b0 Rally di [&hellip;]","og_url":"https:\/\/www.bellunopress.it\/fr\/2020\/10\/03\/5dolomiti-rally-la-carica-dei-106\/","og_site_name":"Bellunopress - Dolomiti","article_publisher":"https:\/\/www.facebook.com\/profile.php?id=100008943462799","article_published_time":"2020-10-03T10:49:02+00:00","og_image":[{"width":800,"height":494,"url":"https:\/\/www.bellunopress.it\/wp-content\/uploads\/2020\/06\/Dolomiti-Rally-Vincitori-2019-Signor-Bernardi_edited.jpg","type":"image\/jpeg"}],"author":"redazione","twitter_card":"summary_large_image","twitter_creator":"@bellunopress","twitter_site":"@bellunopress","twitter_misc":{"\u00c9crit par":"redazione","Dur\u00e9e de lecture estim\u00e9e":"4 minutes"},"schema":{"@context":"https:\/\/schema.org","@graph":[{"@type":"Article","@id":"https:\/\/www.bellunopress.it\/2020\/10\/03\/5dolomiti-rally-la-carica-dei-106\/#article","isPartOf":{"@id":"https:\/\/www.bellunopress.it\/2020\/10\/03\/5dolomiti-rally-la-carica-dei-106\/"},"author":{"name":"redazione","@id":"https:\/\/www.bellunopress.it\/#\/schema\/person\/79bb06722b37ece1c03d3e94beb30d73"},"headline":"5\u00b0Dolomiti Rally: la carica dei 106","datePublished":"2020-10-03T10:49:02+00:00","mainEntityOfPage":{"@id":"https:\/\/www.bellunopress.it\/2020\/10\/03\/5dolomiti-rally-la-carica-dei-106\/"},"wordCount":790,"publisher":{"@id":"https:\/\/www.bellunopress.it\/#organization"},"image":{"@id":"https:\/\/www.bellunopress.it\/2020\/10\/03\/5dolomiti-rally-la-carica-dei-106\/#primaryimage"},"thumbnailUrl":"https:\/\/www.bellunopress.it\/wp-content\/uploads\/2020\/06\/Dolomiti-Rally-Vincitori-2019-Signor-Bernardi_edited.jpg","articleSection":["Pausa Caff\u00e8","Sport, tempo libero"],"inLanguage":"fr-FR"},{"@type":"WebPage","@id":"https:\/\/www.bellunopress.it\/2020\/10\/03\/5dolomiti-rally-la-carica-dei-106\/","url":"https:\/\/www.bellunopress.it\/2020\/10\/03\/5dolomiti-rally-la-carica-dei-106\/","name":"5\u00b0Dolomiti Rally: la carica dei 106 - Bellunopress - Dolomiti","isPartOf":{"@id":"https:\/\/www.bellunopress.it\/#website"},"primaryImageOfPage":{"@id":"https:\/\/www.bellunopress.it\/2020\/10\/03\/5dolomiti-rally-la-carica-dei-106\/#primaryimage"},"image":{"@id":"https:\/\/www.bellunopress.it\/2020\/10\/03\/5dolomiti-rally-la-carica-dei-106\/#primaryimage"},"thumbnailUrl":"https:\/\/www.bellunopress.it\/wp-content\/uploads\/2020\/06\/Dolomiti-Rally-Vincitori-2019-Signor-Bernardi_edited.jpg","datePublished":"2020-10-03T10:49:02+00:00","breadcrumb":{"@id":"https:\/\/www.bellunopress.it\/2020\/10\/03\/5dolomiti-rally-la-carica-dei-106\/#breadcrumb"},"inLanguage":"fr-FR","potentialAction":[{"@type":"ReadAction","target":["https:\/\/www.bellunopress.it\/2020\/10\/03\/5dolomiti-rally-la-carica-dei-106\/"]}]},{"@type":"ImageObject","inLanguage":"fr-FR","@id":"https:\/\/www.bellunopress.it\/2020\/10\/03\/5dolomiti-rally-la-carica-dei-106\/#primaryimage","url":"https:\/\/www.bellunopress.it\/wp-content\/uploads\/2020\/06\/Dolomiti-Rally-Vincitori-2019-Signor-Bernardi_edited.jpg","contentUrl":"https:\/\/www.bellunopress.it\/wp-content\/uploads\/2020\/06\/Dolomiti-Rally-Vincitori-2019-Signor-Bernardi_edited.jpg","width":800,"height":494,"caption":"Dolomiti Rally: vincitori 2019 Signor- Bernardi"},{"@type":"BreadcrumbList","@id":"https:\/\/www.bellunopress.it\/2020\/10\/03\/5dolomiti-rally-la-carica-dei-106\/#breadcrumb","itemListElement":[{"@type":"ListItem","position":1,"name":"Home","item":"https:\/\/www.bellunopress.it\/"},{"@type":"ListItem","position":2,"name":"5\u00b0Dolomiti Rally: la carica dei 106"}]},{"@type":"WebSite","@id":"https:\/\/www.bellunopress.it\/#website","url":"https:\/\/www.bellunopress.it\/","name":"Bellunopress - Dolomiti","description":"e-mail: redazione@bellunopress.it","publisher":{"@id":"https:\/\/www.bellunopress.it\/#organization"},"potentialAction":[{"@type":"SearchAction","target":{"@type":"EntryPoint","urlTemplate":"https:\/\/www.bellunopress.it\/?s={search_term_string}"},"query-input":{"@type":"PropertyValueSpecification","valueRequired":true,"valueName":"search_term_string"}}],"inLanguage":"fr-FR"},{"@type":"Organization","@id":"https:\/\/www.bellunopress.it\/#organization","name":"Bellunopress","url":"https:\/\/www.bellunopress.it\/","logo":{"@type":"ImageObject","inLanguage":"fr-FR","@id":"https:\/\/www.bellunopress.it\/#\/schema\/logo\/image\/","url":"https:\/\/www.bellunopress.it\/wp-content\/uploads\/2011\/05\/cropped-logo-bellunopress-.jpg","contentUrl":"https:\/\/www.bellunopress.it\/wp-content\/uploads\/2011\/05\/cropped-logo-bellunopress-.jpg","width":512,"height":512,"caption":"Bellunopress"},"image":{"@id":"https:\/\/www.bellunopress.it\/#\/schema\/logo\/image\/"},"sameAs":["https:\/\/www.facebook.com\/profile.php?id=100008943462799","https:\/\/x.com\/bellunopress","https:\/\/www.linkedin.com\/hp\/?dnr=JBzUWaJfMUw8vbXJJ2tVW5-I3jZKvC4wsoxE&amp;amp;amp;amp;amp;amp;trk=nav_responsive_tab_home","https:\/\/www.youtube.com\/channel\/UCxL0wu1uN0_3_7hGG0306cw"]},{"@type":"Person","@id":"https:\/\/www.bellunopress.it\/#\/schema\/person\/79bb06722b37ece1c03d3e94beb30d73","name":"r\u00e9daction","image":{"@type":"ImageObject","inLanguage":"fr-FR","@id":"https:\/\/secure.gravatar.com\/avatar\/37d968a2e67a6fd04c169c4bdef102d0bc5d31b2546345219e348575eb80e9a0?s=96&d=mm&r=g","url":"https:\/\/secure.gravatar.com\/avatar\/37d968a2e67a6fd04c169c4bdef102d0bc5d31b2546345219e348575eb80e9a0?s=96&d=mm&r=g","contentUrl":"https:\/\/secure.gravatar.com\/avatar\/37d968a2e67a6fd04c169c4bdef102d0bc5d31b2546345219e348575eb80e9a0?s=96&d=mm&r=g","caption":"redazione"},"sameAs":["http:\/\/www.bellunopress.it","https:\/\/x.com\/bellunopress"],"url":"https:\/\/www.bellunopress.it\/fr\/author\/redazione\/"}]}},"_links":{"self":[{"href":"https:\/\/www.bellunopress.it\/fr\/wp-json\/wp\/v2\/posts\/118173","targetHints":{"allow":["GET"]}}],"collection":[{"href":"https:\/\/www.bellunopress.it\/fr\/wp-json\/wp\/v2\/posts"}],"about":[{"href":"https:\/\/www.bellunopress.it\/fr\/wp-json\/wp\/v2\/types\/post"}],"author":[{"embeddable":true,"href":"https:\/\/www.bellunopress.it\/fr\/wp-json\/wp\/v2\/users\/2"}],"replies":[{"embeddable":true,"href":"https:\/\/www.bellunopress.it\/fr\/wp-json\/wp\/v2\/comments?post=118173"}],"version-history":[{"count":1,"href":"https:\/\/www.bellunopress.it\/fr\/wp-json\/wp\/v2\/posts\/118173\/revisions"}],"predecessor-version":[{"id":118174,"href":"https:\/\/www.bellunopress.it\/fr\/wp-json\/wp\/v2\/posts\/118173\/revisions\/118174"}],"wp:featuredmedia":[{"embeddable":true,"href":"https:\/\/www.bellunopress.it\/fr\/wp-json\/wp\/v2\/media\/114962"}],"wp:attachment":[{"href":"https:\/\/www.bellunopress.it\/fr\/wp-json\/wp\/v2\/media?parent=118173"}],"wp:term":[{"taxonomy":"category","embeddable":true,"href":"https:\/\/www.bellunopress.it\/fr\/wp-json\/wp\/v2\/categories?post=118173"},{"taxonomy":"post_tag","embeddable":true,"href":"https:\/\/www.bellunopress.it\/fr\/wp-json\/wp\/v2\/tags?post=118173"}],"curies":[{"name":"wp","href":"https:\/\/api.w.org\/{rel}","templated":true}]}}