{"id":118151,"date":"2020-10-02T19:29:57","date_gmt":"2020-10-02T17:29:57","guid":{"rendered":"http:\/\/www.bellunopress.it\/?p=118151"},"modified":"2020-10-02T21:30:39","modified_gmt":"2020-10-02T19:30:39","slug":"meteo-dalla-prefettura-le-misure-adottate-a-tutela-della-pubblica-incolumita","status":"publish","type":"post","link":"https:\/\/www.bellunopress.it\/fr\/2020\/10\/02\/meteo-dalla-prefettura-le-misure-adottate-a-tutela-della-pubblica-incolumita\/","title":{"rendered":"Meteo. Dalla Prefettura le misure adottate a tutela della pubblica incolumit\u00e0"},"content":{"rendered":"<p><em><a href=\"http:\/\/www.bellunopress.it\/fr\/2020\/02\/28\/coronavirus-incontro-in-prefettura-tra-istituzioni-categorie-e-sindacati\/prefettura-005\/\" rel=\"attachment wp-att-112541\"><img loading=\"lazy\" decoding=\"async\" class=\"alignleft size-full wp-image-112541\" src=\"http:\/\/www.bellunopress.it\/wp-content\/uploads\/2020\/02\/prefettura-005.jpg\" alt=\"\" width=\"667\" height=\"1000\" srcset=\"https:\/\/www.bellunopress.it\/wp-content\/uploads\/2020\/02\/prefettura-005.jpg 667w, https:\/\/www.bellunopress.it\/wp-content\/uploads\/2020\/02\/prefettura-005-334x500.jpg 334w, https:\/\/www.bellunopress.it\/wp-content\/uploads\/2020\/02\/prefettura-005-280x420.jpg 280w\" sizes=\"auto, (max-width: 667px) 100vw, 667px\" \/><\/a>Belluno, 02.10.2020 &#8211; <\/em>Nella giornata odierna si \u00e8 tenuta in Prefettura una riunione per la valutazione delle misure da adottare a tutela della pubblica incolumit\u00e0 in previsione delle condizioni meteorologiche avverse previste per i prossimi giorni.<\/p>\n<p>Il Centro Funzionale Decentrato della Regione Veneto ha infatti dichiarato lo stato di allarme per criticit\u00e0 idrogeologica (codice rosso), a partire dalle ore 12.00 di oggi 2 ottobre e fino alle 00.00 di domenica 4 ottobre, nei seguenti Comuni della provincia: Alano di Piave, Alpago, Belluno, Cesiomaggiore, Chies d\u2019Alpago, Feltre, Limana, Borgo Valbelluna, Ponte nelle Alpi, Pedavena, Quero Vas, San Gregorio nelle Alpi, Santa Giustina, Seren del Grappa, Sedico, Sospirolo, Soverzene, Tambre rientranti nella zona di allertamento VENE \u2013 H .<\/p>\n<p>Per le zone di allertamento VENE \u2013 A (Comuni di Agordo, Alleghe, Auronzo di Cadore, Borca di Cadore, Calalzo di Cadore, Canale d\u2019Agordo, Cencenighe Agordino, Cibiana di Cadore, Colle Santa Lucia, Comelico Superiore, Cortina d\u2019Ampezzo, Danta di Cadore, Domegge di Cadore, Falcade, Gosaldo, La Valle Agordina, Livinallongo del Col di Lana, Longarone, Lorenzago di Cadore, Lozzo di Cadore, Ospitale di Cadore, Perarolo di Cadore, Pieve di Cadore, Rivamonte Agordino, Rocca Pietore, San Nicol\u00f2 di Comelico) e VENE &#8211; B ( Comuni di Arsi\u00e8, Fonzaso, Lamon, Sovramonte ) \u00e8 stato dichiarato preallarme (codice arancione) per criticit\u00e0 idrogeologica e preallarme per criticit\u00e0 idraulica (codice arancione) rete principale nei Comuni della Provincia rientranti nella zona di allertamento VENE &#8211; B;<\/p>\n<p>All\u2019incontro, presieduto dal Prefetto dr.ssa Adriana Cogode, erano presenti il Presidente della Provincia, i Sindaci dei Comuni di Belluno e Chies d\u2019Alpago, l\u2019Assessore al dissesto idrogeologico del Comune di Borgo Valbelluna, il Questore, il Comandante del 7^ Reggimento Alpini, il Vice Comandante Provinciale dei Carabinieri, il Vice Comandante Provinciale dei Vigili del Fuoco, il Comandante del Gruppo della Guardia di Finanza, il Dirigente della Sezione Polizia Stradale, il Direttore Generale della ULSS n. 1 Dolomiti, il Direttore del SUEM, il Dirigente Ufficio Scolastico Provinciale e un rappresentante di ANAS.<\/p>\n<p>Erano collegati in videoconferenza l\u2019Assessore Regionale e il Direttore Regionale della Protezione Civile e Polizia Locale, il Responsabile del SUEM 118, i Sindaci dei Comuni di: Alano di Piave, Alpago, Cesiomaggiore, Feltre, Limana, Ponte nelle Alpi, Pedavena, San Gregorio nelle Alpi, Santa Giustina, , Sedico, Sospirolo, Soverzene, Tambre e il Vice Sindaco del Comune di Seren del Grappa.<\/p>\n<p>Durante la riunione \u00e8 stato evidenziato dai rappresentanti della Regione Veneto che la fase pi\u00f9 acuta del maltempo \u00e8 prevista nel primo pomeriggio di domani, sabato 3 ottobre, con precipitazioni intense e possibile rinforzo dei venti.<\/p>\n<p>In regione di ci\u00f2, \u00e8 stata condivisa l\u2019esigenza di assumere, in via prudenziale, le seguenti misure a tutela della pubblica incolumit\u00e0 che saranno adottate dai Sindaci competenti:<\/p>\n<p>&#8211; Sospensione delle attivit\u00e0 didattiche delle scuole di ogni ordine e grado nella giornata di sabato 3 ottobre (per i soli Comuni di Alano di Piave, Alpago, Belluno, Cesiomaggiore, Chies d\u2019Alpago, Feltre, Limana, Borgo Valbelluna, Ponte nelle Alpi, Pedavena, Quero Vas, San Gregorio nelle Alpi, Santa Giustina, Seren del Grappa, Sedico, Sospirolo, Soverzene, Tambre )<\/p>\n<p>&#8211; Sospensione delle pubbliche manifestazioni e delle competizioni sportive nella giornata di sabato 3 ottobre (per i soli Comuni di Alano di Piave, Alpago, Belluno, Cesiomaggiore, Chies d\u2019Alpago, Feltre, Limana, Borgo Valbelluna, Ponte nelle Alpi, Pedavena, Quero Vas, San Gregorio nelle Alpi, Santa Giustina, Seren del Grappa, Sedico, Sospirolo, Soverzene, Tambre )<\/p>\n<p>Al contempo \u00e8 emersa la necessit\u00e0 di invitare la popolazione ad evitare gli spostamenti non strettamente necessari per tutto la durata dell\u2019evento.<\/p>","protected":false},"excerpt":{"rendered":"<p>Belluno, 02.10.2020 &#8211; Nella giornata odierna si \u00e8 tenuta in Prefettura una riunione per la valutazione delle misure da adottare a tutela della pubblica incolumit\u00e0 in previsione delle condizioni meteorologiche avverse previste per i prossimi giorni. Il Centro Funzionale Decentrato della Regione Veneto ha infatti dichiarato lo stato di allarme per criticit\u00e0 idrogeologica (codice rosso), [&hellip;]<\/p>\n","protected":false},"author":2,"featured_media":112541,"comment_status":"closed","ping_status":"open","sticky":false,"template":"","format":"standard","meta":{"footnotes":""},"categories":[3446,8],"tags":[],"class_list":["post-118151","post","type-post","status-publish","format-standard","has-post-thumbnail","category-featured","category-societa-istituzioni"],"yoast_head":"<!-- This site is optimized with the Yoast SEO plugin v28.4 - https:\/\/yoast.com\/product\/yoast-seo-wordpress\/ -->\n<title>Meteo. Dalla Prefettura le misure adottate a tutela della pubblica incolumit\u00e0 - Bellunopress - Dolomiti<\/title>\n<meta name=\"robots\" content=\"index, follow, max-snippet:-1, max-image-preview:large, max-video-preview:-1\" \/>\n<link rel=\"canonical\" href=\"https:\/\/www.bellunopress.it\/fr\/2020\/10\/02\/meteo-dalla-prefettura-le-misure-adottate-a-tutela-della-pubblica-incolumita\/\" \/>\n<meta property=\"og:locale\" content=\"fr_FR\" \/>\n<meta property=\"og:type\" content=\"article\" \/>\n<meta property=\"og:title\" content=\"Meteo. Dalla Prefettura le misure adottate a tutela della pubblica incolumit\u00e0 - Bellunopress - Dolomiti\" \/>\n<meta property=\"og:description\" content=\"Belluno, 02.10.2020 &#8211; Nella giornata odierna si \u00e8 tenuta in Prefettura una riunione per la valutazione delle misure da adottare a tutela della pubblica incolumit\u00e0 in previsione delle condizioni meteorologiche avverse previste per i prossimi giorni. Il Centro Funzionale Decentrato della Regione Veneto ha infatti dichiarato lo stato di allarme per criticit\u00e0 idrogeologica (codice rosso), [&hellip;]\" \/>\n<meta property=\"og:url\" content=\"https:\/\/www.bellunopress.it\/fr\/2020\/10\/02\/meteo-dalla-prefettura-le-misure-adottate-a-tutela-della-pubblica-incolumita\/\" \/>\n<meta property=\"og:site_name\" content=\"Bellunopress - Dolomiti\" \/>\n<meta property=\"article:publisher\" content=\"https:\/\/www.facebook.com\/profile.php?id=100008943462799\" \/>\n<meta property=\"article:published_time\" content=\"2020-10-02T17:29:57+00:00\" \/>\n<meta property=\"article:modified_time\" content=\"2020-10-02T19:30:39+00:00\" \/>\n<meta property=\"og:image\" content=\"https:\/\/www.bellunopress.it\/wp-content\/uploads\/2020\/02\/prefettura-005.jpg\" \/>\n\t<meta property=\"og:image:width\" content=\"667\" \/>\n\t<meta property=\"og:image:height\" content=\"1000\" \/>\n\t<meta property=\"og:image:type\" content=\"image\/jpeg\" \/>\n<meta name=\"author\" content=\"redazione\" \/>\n<meta name=\"twitter:card\" content=\"summary_large_image\" \/>\n<meta name=\"twitter:creator\" content=\"@bellunopress\" \/>\n<meta name=\"twitter:site\" content=\"@bellunopress\" \/>\n<meta name=\"twitter:label1\" content=\"\u00c9crit par\" \/>\n\t<meta name=\"twitter:data1\" content=\"redazione\" \/>\n\t<meta name=\"twitter:label2\" content=\"Dur\u00e9e de lecture estim\u00e9e\" \/>\n\t<meta name=\"twitter:data2\" content=\"3 minutes\" \/>\n<script type=\"application\/ld+json\" class=\"yoast-schema-graph\">{\"@context\":\"https:\\\/\\\/schema.org\",\"@graph\":[{\"@type\":\"Article\",\"@id\":\"https:\\\/\\\/www.bellunopress.it\\\/2020\\\/10\\\/02\\\/meteo-dalla-prefettura-le-misure-adottate-a-tutela-della-pubblica-incolumita\\\/#article\",\"isPartOf\":{\"@id\":\"https:\\\/\\\/www.bellunopress.it\\\/2020\\\/10\\\/02\\\/meteo-dalla-prefettura-le-misure-adottate-a-tutela-della-pubblica-incolumita\\\/\"},\"author\":{\"name\":\"redazione\",\"@id\":\"https:\\\/\\\/www.bellunopress.it\\\/#\\\/schema\\\/person\\\/79bb06722b37ece1c03d3e94beb30d73\"},\"headline\":\"Meteo. Dalla Prefettura le misure adottate a tutela della pubblica incolumit\u00e0\",\"datePublished\":\"2020-10-02T17:29:57+00:00\",\"dateModified\":\"2020-10-02T19:30:39+00:00\",\"mainEntityOfPage\":{\"@id\":\"https:\\\/\\\/www.bellunopress.it\\\/2020\\\/10\\\/02\\\/meteo-dalla-prefettura-le-misure-adottate-a-tutela-della-pubblica-incolumita\\\/\"},\"wordCount\":571,\"publisher\":{\"@id\":\"https:\\\/\\\/www.bellunopress.it\\\/#organization\"},\"image\":{\"@id\":\"https:\\\/\\\/www.bellunopress.it\\\/2020\\\/10\\\/02\\\/meteo-dalla-prefettura-le-misure-adottate-a-tutela-della-pubblica-incolumita\\\/#primaryimage\"},\"thumbnailUrl\":\"https:\\\/\\\/www.bellunopress.it\\\/wp-content\\\/uploads\\\/2020\\\/02\\\/prefettura-005.jpg\",\"articleSection\":[\"Featured\",\"Societ\u00e0, Associazioni, Istituzioni\"],\"inLanguage\":\"fr-FR\"},{\"@type\":\"WebPage\",\"@id\":\"https:\\\/\\\/www.bellunopress.it\\\/2020\\\/10\\\/02\\\/meteo-dalla-prefettura-le-misure-adottate-a-tutela-della-pubblica-incolumita\\\/\",\"url\":\"https:\\\/\\\/www.bellunopress.it\\\/2020\\\/10\\\/02\\\/meteo-dalla-prefettura-le-misure-adottate-a-tutela-della-pubblica-incolumita\\\/\",\"name\":\"Meteo. Dalla Prefettura le misure adottate a tutela della pubblica incolumit\u00e0 - Bellunopress - Dolomiti\",\"isPartOf\":{\"@id\":\"https:\\\/\\\/www.bellunopress.it\\\/#website\"},\"primaryImageOfPage\":{\"@id\":\"https:\\\/\\\/www.bellunopress.it\\\/2020\\\/10\\\/02\\\/meteo-dalla-prefettura-le-misure-adottate-a-tutela-della-pubblica-incolumita\\\/#primaryimage\"},\"image\":{\"@id\":\"https:\\\/\\\/www.bellunopress.it\\\/2020\\\/10\\\/02\\\/meteo-dalla-prefettura-le-misure-adottate-a-tutela-della-pubblica-incolumita\\\/#primaryimage\"},\"thumbnailUrl\":\"https:\\\/\\\/www.bellunopress.it\\\/wp-content\\\/uploads\\\/2020\\\/02\\\/prefettura-005.jpg\",\"datePublished\":\"2020-10-02T17:29:57+00:00\",\"dateModified\":\"2020-10-02T19:30:39+00:00\",\"breadcrumb\":{\"@id\":\"https:\\\/\\\/www.bellunopress.it\\\/2020\\\/10\\\/02\\\/meteo-dalla-prefettura-le-misure-adottate-a-tutela-della-pubblica-incolumita\\\/#breadcrumb\"},\"inLanguage\":\"fr-FR\",\"potentialAction\":[{\"@type\":\"ReadAction\",\"target\":[\"https:\\\/\\\/www.bellunopress.it\\\/2020\\\/10\\\/02\\\/meteo-dalla-prefettura-le-misure-adottate-a-tutela-della-pubblica-incolumita\\\/\"]}]},{\"@type\":\"ImageObject\",\"inLanguage\":\"fr-FR\",\"@id\":\"https:\\\/\\\/www.bellunopress.it\\\/2020\\\/10\\\/02\\\/meteo-dalla-prefettura-le-misure-adottate-a-tutela-della-pubblica-incolumita\\\/#primaryimage\",\"url\":\"https:\\\/\\\/www.bellunopress.it\\\/wp-content\\\/uploads\\\/2020\\\/02\\\/prefettura-005.jpg\",\"contentUrl\":\"https:\\\/\\\/www.bellunopress.it\\\/wp-content\\\/uploads\\\/2020\\\/02\\\/prefettura-005.jpg\",\"width\":667,\"height\":1000,\"caption\":\"Prefettura di Belluno\"},{\"@type\":\"BreadcrumbList\",\"@id\":\"https:\\\/\\\/www.bellunopress.it\\\/2020\\\/10\\\/02\\\/meteo-dalla-prefettura-le-misure-adottate-a-tutela-della-pubblica-incolumita\\\/#breadcrumb\",\"itemListElement\":[{\"@type\":\"ListItem\",\"position\":1,\"name\":\"Home\",\"item\":\"https:\\\/\\\/www.bellunopress.it\\\/\"},{\"@type\":\"ListItem\",\"position\":2,\"name\":\"Meteo. Dalla Prefettura le misure adottate a tutela della pubblica incolumit\u00e0\"}]},{\"@type\":\"WebSite\",\"@id\":\"https:\\\/\\\/www.bellunopress.it\\\/#website\",\"url\":\"https:\\\/\\\/www.bellunopress.it\\\/\",\"name\":\"Bellunopress - Dolomiti\",\"description\":\"e-mail: redazione@bellunopress.it\",\"publisher\":{\"@id\":\"https:\\\/\\\/www.bellunopress.it\\\/#organization\"},\"potentialAction\":[{\"@type\":\"SearchAction\",\"target\":{\"@type\":\"EntryPoint\",\"urlTemplate\":\"https:\\\/\\\/www.bellunopress.it\\\/?s={search_term_string}\"},\"query-input\":{\"@type\":\"PropertyValueSpecification\",\"valueRequired\":true,\"valueName\":\"search_term_string\"}}],\"inLanguage\":\"fr-FR\"},{\"@type\":\"Organization\",\"@id\":\"https:\\\/\\\/www.bellunopress.it\\\/#organization\",\"name\":\"Bellunopress\",\"url\":\"https:\\\/\\\/www.bellunopress.it\\\/\",\"logo\":{\"@type\":\"ImageObject\",\"inLanguage\":\"fr-FR\",\"@id\":\"https:\\\/\\\/www.bellunopress.it\\\/#\\\/schema\\\/logo\\\/image\\\/\",\"url\":\"https:\\\/\\\/www.bellunopress.it\\\/wp-content\\\/uploads\\\/2011\\\/05\\\/cropped-logo-bellunopress-.jpg\",\"contentUrl\":\"https:\\\/\\\/www.bellunopress.it\\\/wp-content\\\/uploads\\\/2011\\\/05\\\/cropped-logo-bellunopress-.jpg\",\"width\":512,\"height\":512,\"caption\":\"Bellunopress\"},\"image\":{\"@id\":\"https:\\\/\\\/www.bellunopress.it\\\/#\\\/schema\\\/logo\\\/image\\\/\"},\"sameAs\":[\"https:\\\/\\\/www.facebook.com\\\/profile.php?id=100008943462799\",\"https:\\\/\\\/x.com\\\/bellunopress\",\"https:\\\/\\\/www.linkedin.com\\\/hp\\\/?dnr=JBzUWaJfMUw8vbXJJ2tVW5-I3jZKvC4wsoxE&amp;amp;amp;amp;amp;amp;trk=nav_responsive_tab_home\",\"https:\\\/\\\/www.youtube.com\\\/channel\\\/UCxL0wu1uN0_3_7hGG0306cw\"]},{\"@type\":\"Person\",\"@id\":\"https:\\\/\\\/www.bellunopress.it\\\/#\\\/schema\\\/person\\\/79bb06722b37ece1c03d3e94beb30d73\",\"name\":\"redazione\",\"image\":{\"@type\":\"ImageObject\",\"inLanguage\":\"fr-FR\",\"@id\":\"https:\\\/\\\/secure.gravatar.com\\\/avatar\\\/37d968a2e67a6fd04c169c4bdef102d0bc5d31b2546345219e348575eb80e9a0?s=96&d=mm&r=g\",\"url\":\"https:\\\/\\\/secure.gravatar.com\\\/avatar\\\/37d968a2e67a6fd04c169c4bdef102d0bc5d31b2546345219e348575eb80e9a0?s=96&d=mm&r=g\",\"contentUrl\":\"https:\\\/\\\/secure.gravatar.com\\\/avatar\\\/37d968a2e67a6fd04c169c4bdef102d0bc5d31b2546345219e348575eb80e9a0?s=96&d=mm&r=g\",\"caption\":\"redazione\"},\"sameAs\":[\"http:\\\/\\\/www.bellunopress.it\",\"https:\\\/\\\/x.com\\\/bellunopress\"],\"url\":\"https:\\\/\\\/www.bellunopress.it\\\/fr\\\/author\\\/redazione\\\/\"}]}<\/script>\n<!-- \/ Yoast SEO plugin. -->","yoast_head_json":{"title":"Meteo. Dalla Prefettura le misure adottate a tutela della pubblica incolumit\u00e0 - Bellunopress - Dolomiti","robots":{"index":"index","follow":"follow","max-snippet":"max-snippet:-1","max-image-preview":"max-image-preview:large","max-video-preview":"max-video-preview:-1"},"canonical":"https:\/\/www.bellunopress.it\/fr\/2020\/10\/02\/meteo-dalla-prefettura-le-misure-adottate-a-tutela-della-pubblica-incolumita\/","og_locale":"fr_FR","og_type":"article","og_title":"Meteo. Dalla Prefettura le misure adottate a tutela della pubblica incolumit\u00e0 - Bellunopress - Dolomiti","og_description":"Belluno, 02.10.2020 &#8211; Nella giornata odierna si \u00e8 tenuta in Prefettura una riunione per la valutazione delle misure da adottare a tutela della pubblica incolumit\u00e0 in previsione delle condizioni meteorologiche avverse previste per i prossimi giorni. Il Centro Funzionale Decentrato della Regione Veneto ha infatti dichiarato lo stato di allarme per criticit\u00e0 idrogeologica (codice rosso), [&hellip;]","og_url":"https:\/\/www.bellunopress.it\/fr\/2020\/10\/02\/meteo-dalla-prefettura-le-misure-adottate-a-tutela-della-pubblica-incolumita\/","og_site_name":"Bellunopress - Dolomiti","article_publisher":"https:\/\/www.facebook.com\/profile.php?id=100008943462799","article_published_time":"2020-10-02T17:29:57+00:00","article_modified_time":"2020-10-02T19:30:39+00:00","og_image":[{"width":667,"height":1000,"url":"https:\/\/www.bellunopress.it\/wp-content\/uploads\/2020\/02\/prefettura-005.jpg","type":"image\/jpeg"}],"author":"redazione","twitter_card":"summary_large_image","twitter_creator":"@bellunopress","twitter_site":"@bellunopress","twitter_misc":{"\u00c9crit par":"redazione","Dur\u00e9e de lecture estim\u00e9e":"3 minutes"},"schema":{"@context":"https:\/\/schema.org","@graph":[{"@type":"Article","@id":"https:\/\/www.bellunopress.it\/2020\/10\/02\/meteo-dalla-prefettura-le-misure-adottate-a-tutela-della-pubblica-incolumita\/#article","isPartOf":{"@id":"https:\/\/www.bellunopress.it\/2020\/10\/02\/meteo-dalla-prefettura-le-misure-adottate-a-tutela-della-pubblica-incolumita\/"},"author":{"name":"redazione","@id":"https:\/\/www.bellunopress.it\/#\/schema\/person\/79bb06722b37ece1c03d3e94beb30d73"},"headline":"Meteo. Dalla Prefettura le misure adottate a tutela della pubblica incolumit\u00e0","datePublished":"2020-10-02T17:29:57+00:00","dateModified":"2020-10-02T19:30:39+00:00","mainEntityOfPage":{"@id":"https:\/\/www.bellunopress.it\/2020\/10\/02\/meteo-dalla-prefettura-le-misure-adottate-a-tutela-della-pubblica-incolumita\/"},"wordCount":571,"publisher":{"@id":"https:\/\/www.bellunopress.it\/#organization"},"image":{"@id":"https:\/\/www.bellunopress.it\/2020\/10\/02\/meteo-dalla-prefettura-le-misure-adottate-a-tutela-della-pubblica-incolumita\/#primaryimage"},"thumbnailUrl":"https:\/\/www.bellunopress.it\/wp-content\/uploads\/2020\/02\/prefettura-005.jpg","articleSection":["Featured","Societ\u00e0, Associazioni, Istituzioni"],"inLanguage":"fr-FR"},{"@type":"WebPage","@id":"https:\/\/www.bellunopress.it\/2020\/10\/02\/meteo-dalla-prefettura-le-misure-adottate-a-tutela-della-pubblica-incolumita\/","url":"https:\/\/www.bellunopress.it\/2020\/10\/02\/meteo-dalla-prefettura-le-misure-adottate-a-tutela-della-pubblica-incolumita\/","name":"Meteo. Dalla Prefettura le misure adottate a tutela della pubblica incolumit\u00e0 - Bellunopress - Dolomiti","isPartOf":{"@id":"https:\/\/www.bellunopress.it\/#website"},"primaryImageOfPage":{"@id":"https:\/\/www.bellunopress.it\/2020\/10\/02\/meteo-dalla-prefettura-le-misure-adottate-a-tutela-della-pubblica-incolumita\/#primaryimage"},"image":{"@id":"https:\/\/www.bellunopress.it\/2020\/10\/02\/meteo-dalla-prefettura-le-misure-adottate-a-tutela-della-pubblica-incolumita\/#primaryimage"},"thumbnailUrl":"https:\/\/www.bellunopress.it\/wp-content\/uploads\/2020\/02\/prefettura-005.jpg","datePublished":"2020-10-02T17:29:57+00:00","dateModified":"2020-10-02T19:30:39+00:00","breadcrumb":{"@id":"https:\/\/www.bellunopress.it\/2020\/10\/02\/meteo-dalla-prefettura-le-misure-adottate-a-tutela-della-pubblica-incolumita\/#breadcrumb"},"inLanguage":"fr-FR","potentialAction":[{"@type":"ReadAction","target":["https:\/\/www.bellunopress.it\/2020\/10\/02\/meteo-dalla-prefettura-le-misure-adottate-a-tutela-della-pubblica-incolumita\/"]}]},{"@type":"ImageObject","inLanguage":"fr-FR","@id":"https:\/\/www.bellunopress.it\/2020\/10\/02\/meteo-dalla-prefettura-le-misure-adottate-a-tutela-della-pubblica-incolumita\/#primaryimage","url":"https:\/\/www.bellunopress.it\/wp-content\/uploads\/2020\/02\/prefettura-005.jpg","contentUrl":"https:\/\/www.bellunopress.it\/wp-content\/uploads\/2020\/02\/prefettura-005.jpg","width":667,"height":1000,"caption":"Prefettura di Belluno"},{"@type":"BreadcrumbList","@id":"https:\/\/www.bellunopress.it\/2020\/10\/02\/meteo-dalla-prefettura-le-misure-adottate-a-tutela-della-pubblica-incolumita\/#breadcrumb","itemListElement":[{"@type":"ListItem","position":1,"name":"Home","item":"https:\/\/www.bellunopress.it\/"},{"@type":"ListItem","position":2,"name":"Meteo. Dalla Prefettura le misure adottate a tutela della pubblica incolumit\u00e0"}]},{"@type":"WebSite","@id":"https:\/\/www.bellunopress.it\/#website","url":"https:\/\/www.bellunopress.it\/","name":"Bellunopress - Dolomiti","description":"e-mail: redazione@bellunopress.it","publisher":{"@id":"https:\/\/www.bellunopress.it\/#organization"},"potentialAction":[{"@type":"SearchAction","target":{"@type":"EntryPoint","urlTemplate":"https:\/\/www.bellunopress.it\/?s={search_term_string}"},"query-input":{"@type":"PropertyValueSpecification","valueRequired":true,"valueName":"search_term_string"}}],"inLanguage":"fr-FR"},{"@type":"Organization","@id":"https:\/\/www.bellunopress.it\/#organization","name":"Bellunopress","url":"https:\/\/www.bellunopress.it\/","logo":{"@type":"ImageObject","inLanguage":"fr-FR","@id":"https:\/\/www.bellunopress.it\/#\/schema\/logo\/image\/","url":"https:\/\/www.bellunopress.it\/wp-content\/uploads\/2011\/05\/cropped-logo-bellunopress-.jpg","contentUrl":"https:\/\/www.bellunopress.it\/wp-content\/uploads\/2011\/05\/cropped-logo-bellunopress-.jpg","width":512,"height":512,"caption":"Bellunopress"},"image":{"@id":"https:\/\/www.bellunopress.it\/#\/schema\/logo\/image\/"},"sameAs":["https:\/\/www.facebook.com\/profile.php?id=100008943462799","https:\/\/x.com\/bellunopress","https:\/\/www.linkedin.com\/hp\/?dnr=JBzUWaJfMUw8vbXJJ2tVW5-I3jZKvC4wsoxE&amp;amp;amp;amp;amp;amp;trk=nav_responsive_tab_home","https:\/\/www.youtube.com\/channel\/UCxL0wu1uN0_3_7hGG0306cw"]},{"@type":"Person","@id":"https:\/\/www.bellunopress.it\/#\/schema\/person\/79bb06722b37ece1c03d3e94beb30d73","name":"r\u00e9daction","image":{"@type":"ImageObject","inLanguage":"fr-FR","@id":"https:\/\/secure.gravatar.com\/avatar\/37d968a2e67a6fd04c169c4bdef102d0bc5d31b2546345219e348575eb80e9a0?s=96&d=mm&r=g","url":"https:\/\/secure.gravatar.com\/avatar\/37d968a2e67a6fd04c169c4bdef102d0bc5d31b2546345219e348575eb80e9a0?s=96&d=mm&r=g","contentUrl":"https:\/\/secure.gravatar.com\/avatar\/37d968a2e67a6fd04c169c4bdef102d0bc5d31b2546345219e348575eb80e9a0?s=96&d=mm&r=g","caption":"redazione"},"sameAs":["http:\/\/www.bellunopress.it","https:\/\/x.com\/bellunopress"],"url":"https:\/\/www.bellunopress.it\/fr\/author\/redazione\/"}]}},"_links":{"self":[{"href":"https:\/\/www.bellunopress.it\/fr\/wp-json\/wp\/v2\/posts\/118151","targetHints":{"allow":["GET"]}}],"collection":[{"href":"https:\/\/www.bellunopress.it\/fr\/wp-json\/wp\/v2\/posts"}],"about":[{"href":"https:\/\/www.bellunopress.it\/fr\/wp-json\/wp\/v2\/types\/post"}],"author":[{"embeddable":true,"href":"https:\/\/www.bellunopress.it\/fr\/wp-json\/wp\/v2\/users\/2"}],"replies":[{"embeddable":true,"href":"https:\/\/www.bellunopress.it\/fr\/wp-json\/wp\/v2\/comments?post=118151"}],"version-history":[{"count":1,"href":"https:\/\/www.bellunopress.it\/fr\/wp-json\/wp\/v2\/posts\/118151\/revisions"}],"predecessor-version":[{"id":118152,"href":"https:\/\/www.bellunopress.it\/fr\/wp-json\/wp\/v2\/posts\/118151\/revisions\/118152"}],"wp:featuredmedia":[{"embeddable":true,"href":"https:\/\/www.bellunopress.it\/fr\/wp-json\/wp\/v2\/media\/112541"}],"wp:attachment":[{"href":"https:\/\/www.bellunopress.it\/fr\/wp-json\/wp\/v2\/media?parent=118151"}],"wp:term":[{"taxonomy":"category","embeddable":true,"href":"https:\/\/www.bellunopress.it\/fr\/wp-json\/wp\/v2\/categories?post=118151"},{"taxonomy":"post_tag","embeddable":true,"href":"https:\/\/www.bellunopress.it\/fr\/wp-json\/wp\/v2\/tags?post=118151"}],"curies":[{"name":"wp","href":"https:\/\/api.w.org\/{rel}","templated":true}]}}