{"id":118140,"date":"2020-10-02T15:45:52","date_gmt":"2020-10-02T13:45:52","guid":{"rendered":"http:\/\/www.bellunopress.it\/?p=118140"},"modified":"2020-10-02T21:31:31","modified_gmt":"2020-10-02T19:31:31","slug":"ordinanza-zaia-per-la-scuola-presentato-in-diretta-facebook-il-nuovo-test-rapido-meno-invasivo","status":"publish","type":"post","link":"https:\/\/www.bellunopress.it\/fr\/2020\/10\/02\/ordinanza-zaia-per-la-scuola-presentato-in-diretta-facebook-il-nuovo-test-rapido-meno-invasivo\/","title":{"rendered":"Ordinanza Zaia per la scuola. Presentato in diretta Facebook il nuovo test rapido meno invasivo"},"content":{"rendered":"<figure id=\"attachment_107382\" aria-describedby=\"caption-attachment-107382\" style=\"width: 241px\" class=\"wp-caption alignleft\"><a href=\"http:\/\/www.bellunopress.it\/fr\/2019\/08\/27\/edilizia-popolare-zaia-14mila-famiglie-in-stato-di-bisogno-attendono-casa\/luca-zaia-4\/\" rel=\"attachment wp-att-107382\"><img loading=\"lazy\" decoding=\"async\" class=\"size-full wp-image-107382\" src=\"http:\/\/www.bellunopress.it\/wp-content\/uploads\/2019\/08\/Luca-Zaia.jpg\" alt=\"\" width=\"241\" height=\"300\" \/><\/a><figcaption id=\"caption-attachment-107382\" class=\"wp-caption-text\">Luca Zaia &#8211; Presidente della Regione del Veneto<\/figcaption><\/figure>\n<p>Nuova ordinanza del governatore del Veneto Luca Zaia presentata questa mattina in diretta Facebook.\u00a0 Il provvedimento \u00e8 mirato principalmente alla scuola ed entrer\u00e0 in vigore da domani sabato 3 ottobre 2020.<\/p>\n<p><strong>Test rapidi in classe<\/strong><\/p>\n<p>&#8220;Faremo compilare un modulo a tutti i genitori &#8211; ha anticipato Zaia alla conferenza stampa in diretta &#8211; per permettere ai bambini di poter fare dei test rapidi in classe, quanto c&#8217;\u00e8 un compagno risultato positivo al Covid, evitando cos\u00ec di svuotare le scuole. Non si andr\u00e0 pi\u00f9 in isolamento fiduciario per 14 giorni se un compagno \u00e8 positivo, ma una volta fatto il primo test rapido, e verificata la negativizzazione di tutti i compagni di classe, si potr\u00e0 rimanere in aula. Finora sono solo 187 i positivi nelle nostre scuole su un totale di oltre 707mila. Siamo ben sotto l&#8217;1%&#8221;<\/p>\n<p>&#8220;I tamponi rapidi sono stati approvati su nostra pressione e richiesta &#8211; ha detto Zaia, che ha sperimentato in diretta il tampone su se stesso e che in dieci minuti ha dato esito negativo, grazie a un nuovo strumento e una app brevettata negli Usa &#8211; ne abbiamo 500mila in magazzino. Diamo gratuitamente i test rapidi a tutti i medici di base e pediatri che vogliono far parte della squadra&#8221;.<\/p>\n<p>Il primario di Microbiologia dell&#8217;ospedale Ca&#8217; Foncello di Treviso, Roberto Rigoli, ha presentato il nuovo auto-test rapido che sar\u00e0 utilizzato nelle scuole. Si tratta di un tampone meno invasivo (quello impiegato fino ad oggi in alcuni casi aveva provocato piccole lesioni ndr), con uno stecco pi\u00f9 corto del tradizionale, che permetter\u00e0 una valutazione particolarmente veloce\u00a0 e adatto anche ai bimbi piccoli.<\/p>\n<p><strong>Modulo di autorizzazione<\/strong><\/p>\n<p>Alla diretta Facebook la dottoressa Francesca Russo ha illustrato l&#8217;introduzione di un modulo di autorizzazione che dovr\u00e0 essere firmato dai genitori per permettere di effettuare lo screening con test rapidi. In questo modo si evitano i 14 giorni di isolamento precedentemente previsti per il resto dei compagni di classe. &#8220;Per i bimbi fino a 6 anni &#8211; ha detto &#8211; nel caso vi sia un positivo, tutta la classe va in isolamento. Mentre per gli alunni dai 7 anni in poi ogni caso andr\u00e0 valutato singolarmente\u201c.<\/p>\n<p>&nbsp;<\/p>\n<p><strong>Covid-19 Le nuove linee guida in Veneto per la scuola\u00a0<\/strong><\/p>\n<p>Venezia, 2 ottobre 2020\u00a0 \u00a0Un nuovo documento di linee guida in tema di gestione dei contatti di caso confermato Covid-19 nelle scuole, entra a far parte della strategia della Regione Veneto per la prevenzione e il trattamento dei casi positivi del coronavirus.<br \/>\nIl testo, elaborato dalla Direzione Regionale Prevenzione, costituisce un\u2019ulteriore<br \/>\nevoluzione rispetto a quanto gi\u00e0 fatto finora ed \u00e8 stato presentato oggi dal Presidente<br \/>\ndella Regione Luca Zaia, nel corso del punto stampa dedicato alla situazione del Covid<br \/>\n19 nel Veneto, presenti, come sempre, gli Assessori Manuela Lanzarin (Sanit\u00e0) e<br \/>\nGianpaolo Bottacin (Protezione Civile). Oggi c\u2019erano anche la direttrice della<br \/>\nprevenzione regionale, Francesca Russo e il coordinatore delle microbiologie del<br \/>\nVeneto Roberto Rigoli, primario del reparto di Treviso.<br \/>\n\u201cLa situazione si evolve e noi dobbiamo evolvere i nostri protocolli operativi \u2013 ha<br \/>\ndetto Zaia \u2013 rendendoli sempre perfettamente attinenti alla realt\u00e0 e corrispondenti ai<br \/>\nprogressi che fa la diagnostica, a cominciare dall\u2019uso del test rapido antigenico, che<br \/>\nper primi abbiamo sperimentato in Veneto, e proposto a livello nazionale, dove ha<br \/>\nricevuto la validazione del Ministero della Salute. Unici in Italia ne abbiamo gi\u00e0 500<br \/>\nmila in magazzino e siamo pronti a partire, mandando i nostri sanitari nelle scuole ed<br \/>\nevitando a famiglie e ragazzi la complessa trafila precedente\u201d.<br \/>\nA queste linee guida si affianca anche una esaustiva flow chart, che esemplifica e<br \/>\nschematizza le modalit\u00e0 per il rientro a scuola o ai servizi per l\u2019infanzia in seguito ad<br \/>\nassenza per malattia, aspetto sul quale si erano concentrati molti dubbi da parte delle<br \/>\nfamiglie.<br \/>\nIl \u201cProtocollo operativo per la gestione dei contatti di caso confermato Covid-19<br \/>\nall\u2019interno delle scuole e dei servizi per l\u2019infanzia\u201d (che si allega) fornisce una linea<br \/>\nd\u2019indirizzo per gli operatori dei Servizi di Igiene e Sanit\u00e0 Pubblica (SISP) e per i<br \/>\nReferenti Scolastici per Covid-19 dei Dipartimenti di Prevenzione per contrastare la<br \/>\ndiffusione del virus e contiene un modello di autorizzazione da parte dei genitori<br \/>\nall\u2019effettuazione del test in ambito scolastico.<br \/>\nPer garantire la sostenibilit\u00e0 della strategia di Sanit\u00e0 Pubblica, gli esperti della<br \/>\nRegione raccomandano l\u2019utilizzo come test diagnostico del \u201cTest rapido per la<br \/>\nricerca dell\u2019antigene di SARS-Cov-2\u201d, sia per i casi sospetti di Covid-19, sia per i<br \/>\ncontatti scolastici di un caso confermato, in accordo con le indicazioni nazionali.<br \/>\nTre le indicazioni date si prevede che, in caso di esito positivo del test rapido per la<br \/>\nricerca dell\u2019antigene di SARS-CoV-2, in attesa della conferma con test di biologia<br \/>\nmolecolare, saranno comunque avviate tutte le azioni di sanit\u00e0 pubblica finalizzate al<br \/>\ncontenimento del rischio di diffusione. Si precisa che, in caso di negativit\u00e0 al test<br \/>\nantigenico, in presenza di sintomatologia altamente suggestiva di COVID-19 e sulla<br \/>\nbase delle valutazioni del Medico curante, potr\u00e0 essere indicato un test di biologia<br \/>\nmolecolare di conferma o, in alternativa, ripetere il test antigenico a distanza di uno o<br \/>\npi\u00f9 giorni. Il Servizio Igiene Pubblica valuter\u00e0 peraltro ogni singolo caso nella sua<br \/>\nspecificit\u00e0 per definire le strategie pi\u00f9 adatte.<br \/>\nNel frattempo \u00e8 stato anche aggiornato il monitoraggio sull\u2019andamento del virus nelle<br \/>\nscuole del Veneto.<br \/>\nA oggi, le scuole interessate da almeno un caso sono 171, con 187 positivit\u00e0 su un<br \/>\ntotale di alunni di 707.814 unit\u00e0, pari allo 0,03%. I ragazzi in quarantena sono 1.965,<br \/>\npari allo 0,28% del totale. Gli operatori in quarantena sono 211 su un totale di 95.786,<br \/>\npari allo 0,22%.<\/p>\n<p>&nbsp;<\/p>","protected":false},"excerpt":{"rendered":"<p>Nuova ordinanza del governatore del Veneto Luca Zaia presentata questa mattina in diretta Facebook.\u00a0 Il provvedimento \u00e8 mirato principalmente alla scuola ed entrer\u00e0 in vigore da domani sabato 3 ottobre 2020. Test rapidi in classe &#8220;Faremo compilare un modulo a tutti i genitori &#8211; ha anticipato Zaia alla conferenza stampa in diretta &#8211; per permettere [&hellip;]<\/p>\n","protected":false},"author":2,"featured_media":107382,"comment_status":"closed","ping_status":"open","sticky":false,"template":"","format":"standard","meta":{"footnotes":""},"categories":[3446,26,17,15],"tags":[],"class_list":["post-118140","post","type-post","status-publish","format-standard","has-post-thumbnail","category-featured","category-prima-pagina","category-sanita","category-scuola"],"yoast_head":"<!-- This site is optimized with the Yoast SEO plugin v28.4 - https:\/\/yoast.com\/product\/yoast-seo-wordpress\/ -->\n<title>Ordinanza Zaia per la scuola. Presentato in diretta Facebook il nuovo test rapido meno invasivo - Bellunopress - Dolomiti<\/title>\n<meta name=\"robots\" content=\"index, follow, max-snippet:-1, max-image-preview:large, max-video-preview:-1\" \/>\n<link rel=\"canonical\" href=\"https:\/\/www.bellunopress.it\/fr\/2020\/10\/02\/ordinanza-zaia-per-la-scuola-presentato-in-diretta-facebook-il-nuovo-test-rapido-meno-invasivo\/\" \/>\n<meta property=\"og:locale\" content=\"fr_FR\" \/>\n<meta property=\"og:type\" content=\"article\" \/>\n<meta property=\"og:title\" content=\"Ordinanza Zaia per la scuola. Presentato in diretta Facebook il nuovo test rapido meno invasivo - Bellunopress - Dolomiti\" \/>\n<meta property=\"og:description\" content=\"Nuova ordinanza del governatore del Veneto Luca Zaia presentata questa mattina in diretta Facebook.\u00a0 Il provvedimento \u00e8 mirato principalmente alla scuola ed entrer\u00e0 in vigore da domani sabato 3 ottobre 2020. Test rapidi in classe &#8220;Faremo compilare un modulo a tutti i genitori &#8211; ha anticipato Zaia alla conferenza stampa in diretta &#8211; per permettere [&hellip;]\" \/>\n<meta property=\"og:url\" content=\"https:\/\/www.bellunopress.it\/fr\/2020\/10\/02\/ordinanza-zaia-per-la-scuola-presentato-in-diretta-facebook-il-nuovo-test-rapido-meno-invasivo\/\" \/>\n<meta property=\"og:site_name\" content=\"Bellunopress - Dolomiti\" \/>\n<meta property=\"article:publisher\" content=\"https:\/\/www.facebook.com\/profile.php?id=100008943462799\" \/>\n<meta property=\"article:published_time\" content=\"2020-10-02T13:45:52+00:00\" \/>\n<meta property=\"article:modified_time\" content=\"2020-10-02T19:31:31+00:00\" \/>\n<meta property=\"og:image\" content=\"https:\/\/www.bellunopress.it\/wp-content\/uploads\/2019\/08\/Luca-Zaia.jpg\" \/>\n\t<meta property=\"og:image:width\" content=\"241\" \/>\n\t<meta property=\"og:image:height\" content=\"300\" \/>\n\t<meta property=\"og:image:type\" content=\"image\/jpeg\" \/>\n<meta name=\"author\" content=\"redazione\" \/>\n<meta name=\"twitter:card\" content=\"summary_large_image\" \/>\n<meta name=\"twitter:creator\" content=\"@bellunopress\" \/>\n<meta name=\"twitter:site\" content=\"@bellunopress\" \/>\n<meta name=\"twitter:label1\" content=\"\u00c9crit par\" \/>\n\t<meta name=\"twitter:data1\" content=\"redazione\" \/>\n\t<meta name=\"twitter:label2\" content=\"Dur\u00e9e de lecture estim\u00e9e\" \/>\n\t<meta name=\"twitter:data2\" content=\"5 minutes\" \/>\n<script type=\"application\/ld+json\" class=\"yoast-schema-graph\">{\"@context\":\"https:\\\/\\\/schema.org\",\"@graph\":[{\"@type\":\"Article\",\"@id\":\"https:\\\/\\\/www.bellunopress.it\\\/2020\\\/10\\\/02\\\/ordinanza-zaia-per-la-scuola-presentato-in-diretta-facebook-il-nuovo-test-rapido-meno-invasivo\\\/#article\",\"isPartOf\":{\"@id\":\"https:\\\/\\\/www.bellunopress.it\\\/2020\\\/10\\\/02\\\/ordinanza-zaia-per-la-scuola-presentato-in-diretta-facebook-il-nuovo-test-rapido-meno-invasivo\\\/\"},\"author\":{\"name\":\"redazione\",\"@id\":\"https:\\\/\\\/www.bellunopress.it\\\/#\\\/schema\\\/person\\\/79bb06722b37ece1c03d3e94beb30d73\"},\"headline\":\"Ordinanza Zaia per la scuola. Presentato in diretta Facebook il nuovo test rapido meno invasivo\",\"datePublished\":\"2020-10-02T13:45:52+00:00\",\"dateModified\":\"2020-10-02T19:31:31+00:00\",\"mainEntityOfPage\":{\"@id\":\"https:\\\/\\\/www.bellunopress.it\\\/2020\\\/10\\\/02\\\/ordinanza-zaia-per-la-scuola-presentato-in-diretta-facebook-il-nuovo-test-rapido-meno-invasivo\\\/\"},\"wordCount\":939,\"publisher\":{\"@id\":\"https:\\\/\\\/www.bellunopress.it\\\/#organization\"},\"image\":{\"@id\":\"https:\\\/\\\/www.bellunopress.it\\\/2020\\\/10\\\/02\\\/ordinanza-zaia-per-la-scuola-presentato-in-diretta-facebook-il-nuovo-test-rapido-meno-invasivo\\\/#primaryimage\"},\"thumbnailUrl\":\"https:\\\/\\\/www.bellunopress.it\\\/wp-content\\\/uploads\\\/2019\\\/08\\\/Luca-Zaia.jpg\",\"articleSection\":[\"Featured\",\"Prima Pagina\",\"Sanit\u00e0 Medicina\",\"Scuola\"],\"inLanguage\":\"fr-FR\"},{\"@type\":\"WebPage\",\"@id\":\"https:\\\/\\\/www.bellunopress.it\\\/2020\\\/10\\\/02\\\/ordinanza-zaia-per-la-scuola-presentato-in-diretta-facebook-il-nuovo-test-rapido-meno-invasivo\\\/\",\"url\":\"https:\\\/\\\/www.bellunopress.it\\\/2020\\\/10\\\/02\\\/ordinanza-zaia-per-la-scuola-presentato-in-diretta-facebook-il-nuovo-test-rapido-meno-invasivo\\\/\",\"name\":\"Ordinanza Zaia per la scuola. Presentato in diretta Facebook il nuovo test rapido meno invasivo - Bellunopress - Dolomiti\",\"isPartOf\":{\"@id\":\"https:\\\/\\\/www.bellunopress.it\\\/#website\"},\"primaryImageOfPage\":{\"@id\":\"https:\\\/\\\/www.bellunopress.it\\\/2020\\\/10\\\/02\\\/ordinanza-zaia-per-la-scuola-presentato-in-diretta-facebook-il-nuovo-test-rapido-meno-invasivo\\\/#primaryimage\"},\"image\":{\"@id\":\"https:\\\/\\\/www.bellunopress.it\\\/2020\\\/10\\\/02\\\/ordinanza-zaia-per-la-scuola-presentato-in-diretta-facebook-il-nuovo-test-rapido-meno-invasivo\\\/#primaryimage\"},\"thumbnailUrl\":\"https:\\\/\\\/www.bellunopress.it\\\/wp-content\\\/uploads\\\/2019\\\/08\\\/Luca-Zaia.jpg\",\"datePublished\":\"2020-10-02T13:45:52+00:00\",\"dateModified\":\"2020-10-02T19:31:31+00:00\",\"breadcrumb\":{\"@id\":\"https:\\\/\\\/www.bellunopress.it\\\/2020\\\/10\\\/02\\\/ordinanza-zaia-per-la-scuola-presentato-in-diretta-facebook-il-nuovo-test-rapido-meno-invasivo\\\/#breadcrumb\"},\"inLanguage\":\"fr-FR\",\"potentialAction\":[{\"@type\":\"ReadAction\",\"target\":[\"https:\\\/\\\/www.bellunopress.it\\\/2020\\\/10\\\/02\\\/ordinanza-zaia-per-la-scuola-presentato-in-diretta-facebook-il-nuovo-test-rapido-meno-invasivo\\\/\"]}]},{\"@type\":\"ImageObject\",\"inLanguage\":\"fr-FR\",\"@id\":\"https:\\\/\\\/www.bellunopress.it\\\/2020\\\/10\\\/02\\\/ordinanza-zaia-per-la-scuola-presentato-in-diretta-facebook-il-nuovo-test-rapido-meno-invasivo\\\/#primaryimage\",\"url\":\"https:\\\/\\\/www.bellunopress.it\\\/wp-content\\\/uploads\\\/2019\\\/08\\\/Luca-Zaia.jpg\",\"contentUrl\":\"https:\\\/\\\/www.bellunopress.it\\\/wp-content\\\/uploads\\\/2019\\\/08\\\/Luca-Zaia.jpg\",\"width\":241,\"height\":300,\"caption\":\"Luca Zaia, presidente della Regione del Veneto\"},{\"@type\":\"BreadcrumbList\",\"@id\":\"https:\\\/\\\/www.bellunopress.it\\\/2020\\\/10\\\/02\\\/ordinanza-zaia-per-la-scuola-presentato-in-diretta-facebook-il-nuovo-test-rapido-meno-invasivo\\\/#breadcrumb\",\"itemListElement\":[{\"@type\":\"ListItem\",\"position\":1,\"name\":\"Home\",\"item\":\"https:\\\/\\\/www.bellunopress.it\\\/\"},{\"@type\":\"ListItem\",\"position\":2,\"name\":\"Ordinanza Zaia per la scuola. Presentato in diretta Facebook il nuovo test rapido meno invasivo\"}]},{\"@type\":\"WebSite\",\"@id\":\"https:\\\/\\\/www.bellunopress.it\\\/#website\",\"url\":\"https:\\\/\\\/www.bellunopress.it\\\/\",\"name\":\"Bellunopress - Dolomiti\",\"description\":\"e-mail: redazione@bellunopress.it\",\"publisher\":{\"@id\":\"https:\\\/\\\/www.bellunopress.it\\\/#organization\"},\"potentialAction\":[{\"@type\":\"SearchAction\",\"target\":{\"@type\":\"EntryPoint\",\"urlTemplate\":\"https:\\\/\\\/www.bellunopress.it\\\/?s={search_term_string}\"},\"query-input\":{\"@type\":\"PropertyValueSpecification\",\"valueRequired\":true,\"valueName\":\"search_term_string\"}}],\"inLanguage\":\"fr-FR\"},{\"@type\":\"Organization\",\"@id\":\"https:\\\/\\\/www.bellunopress.it\\\/#organization\",\"name\":\"Bellunopress\",\"url\":\"https:\\\/\\\/www.bellunopress.it\\\/\",\"logo\":{\"@type\":\"ImageObject\",\"inLanguage\":\"fr-FR\",\"@id\":\"https:\\\/\\\/www.bellunopress.it\\\/#\\\/schema\\\/logo\\\/image\\\/\",\"url\":\"https:\\\/\\\/www.bellunopress.it\\\/wp-content\\\/uploads\\\/2011\\\/05\\\/cropped-logo-bellunopress-.jpg\",\"contentUrl\":\"https:\\\/\\\/www.bellunopress.it\\\/wp-content\\\/uploads\\\/2011\\\/05\\\/cropped-logo-bellunopress-.jpg\",\"width\":512,\"height\":512,\"caption\":\"Bellunopress\"},\"image\":{\"@id\":\"https:\\\/\\\/www.bellunopress.it\\\/#\\\/schema\\\/logo\\\/image\\\/\"},\"sameAs\":[\"https:\\\/\\\/www.facebook.com\\\/profile.php?id=100008943462799\",\"https:\\\/\\\/x.com\\\/bellunopress\",\"https:\\\/\\\/www.linkedin.com\\\/hp\\\/?dnr=JBzUWaJfMUw8vbXJJ2tVW5-I3jZKvC4wsoxE&amp;amp;amp;amp;amp;amp;trk=nav_responsive_tab_home\",\"https:\\\/\\\/www.youtube.com\\\/channel\\\/UCxL0wu1uN0_3_7hGG0306cw\"]},{\"@type\":\"Person\",\"@id\":\"https:\\\/\\\/www.bellunopress.it\\\/#\\\/schema\\\/person\\\/79bb06722b37ece1c03d3e94beb30d73\",\"name\":\"redazione\",\"image\":{\"@type\":\"ImageObject\",\"inLanguage\":\"fr-FR\",\"@id\":\"https:\\\/\\\/secure.gravatar.com\\\/avatar\\\/37d968a2e67a6fd04c169c4bdef102d0bc5d31b2546345219e348575eb80e9a0?s=96&d=mm&r=g\",\"url\":\"https:\\\/\\\/secure.gravatar.com\\\/avatar\\\/37d968a2e67a6fd04c169c4bdef102d0bc5d31b2546345219e348575eb80e9a0?s=96&d=mm&r=g\",\"contentUrl\":\"https:\\\/\\\/secure.gravatar.com\\\/avatar\\\/37d968a2e67a6fd04c169c4bdef102d0bc5d31b2546345219e348575eb80e9a0?s=96&d=mm&r=g\",\"caption\":\"redazione\"},\"sameAs\":[\"http:\\\/\\\/www.bellunopress.it\",\"https:\\\/\\\/x.com\\\/bellunopress\"],\"url\":\"https:\\\/\\\/www.bellunopress.it\\\/fr\\\/author\\\/redazione\\\/\"}]}<\/script>\n<!-- \/ Yoast SEO plugin. -->","yoast_head_json":{"title":"Ordinanza Zaia per la scuola. Presentato in diretta Facebook il nuovo test rapido meno invasivo - Bellunopress - Dolomiti","robots":{"index":"index","follow":"follow","max-snippet":"max-snippet:-1","max-image-preview":"max-image-preview:large","max-video-preview":"max-video-preview:-1"},"canonical":"https:\/\/www.bellunopress.it\/fr\/2020\/10\/02\/ordinanza-zaia-per-la-scuola-presentato-in-diretta-facebook-il-nuovo-test-rapido-meno-invasivo\/","og_locale":"fr_FR","og_type":"article","og_title":"Ordinanza Zaia per la scuola. Presentato in diretta Facebook il nuovo test rapido meno invasivo - Bellunopress - Dolomiti","og_description":"Nuova ordinanza del governatore del Veneto Luca Zaia presentata questa mattina in diretta Facebook.\u00a0 Il provvedimento \u00e8 mirato principalmente alla scuola ed entrer\u00e0 in vigore da domani sabato 3 ottobre 2020. Test rapidi in classe &#8220;Faremo compilare un modulo a tutti i genitori &#8211; ha anticipato Zaia alla conferenza stampa in diretta &#8211; per permettere [&hellip;]","og_url":"https:\/\/www.bellunopress.it\/fr\/2020\/10\/02\/ordinanza-zaia-per-la-scuola-presentato-in-diretta-facebook-il-nuovo-test-rapido-meno-invasivo\/","og_site_name":"Bellunopress - Dolomiti","article_publisher":"https:\/\/www.facebook.com\/profile.php?id=100008943462799","article_published_time":"2020-10-02T13:45:52+00:00","article_modified_time":"2020-10-02T19:31:31+00:00","og_image":[{"width":241,"height":300,"url":"https:\/\/www.bellunopress.it\/wp-content\/uploads\/2019\/08\/Luca-Zaia.jpg","type":"image\/jpeg"}],"author":"redazione","twitter_card":"summary_large_image","twitter_creator":"@bellunopress","twitter_site":"@bellunopress","twitter_misc":{"\u00c9crit par":"redazione","Dur\u00e9e de lecture estim\u00e9e":"5 minutes"},"schema":{"@context":"https:\/\/schema.org","@graph":[{"@type":"Article","@id":"https:\/\/www.bellunopress.it\/2020\/10\/02\/ordinanza-zaia-per-la-scuola-presentato-in-diretta-facebook-il-nuovo-test-rapido-meno-invasivo\/#article","isPartOf":{"@id":"https:\/\/www.bellunopress.it\/2020\/10\/02\/ordinanza-zaia-per-la-scuola-presentato-in-diretta-facebook-il-nuovo-test-rapido-meno-invasivo\/"},"author":{"name":"redazione","@id":"https:\/\/www.bellunopress.it\/#\/schema\/person\/79bb06722b37ece1c03d3e94beb30d73"},"headline":"Ordinanza Zaia per la scuola. Presentato in diretta Facebook il nuovo test rapido meno invasivo","datePublished":"2020-10-02T13:45:52+00:00","dateModified":"2020-10-02T19:31:31+00:00","mainEntityOfPage":{"@id":"https:\/\/www.bellunopress.it\/2020\/10\/02\/ordinanza-zaia-per-la-scuola-presentato-in-diretta-facebook-il-nuovo-test-rapido-meno-invasivo\/"},"wordCount":939,"publisher":{"@id":"https:\/\/www.bellunopress.it\/#organization"},"image":{"@id":"https:\/\/www.bellunopress.it\/2020\/10\/02\/ordinanza-zaia-per-la-scuola-presentato-in-diretta-facebook-il-nuovo-test-rapido-meno-invasivo\/#primaryimage"},"thumbnailUrl":"https:\/\/www.bellunopress.it\/wp-content\/uploads\/2019\/08\/Luca-Zaia.jpg","articleSection":["Featured","Prima Pagina","Sanit\u00e0 Medicina","Scuola"],"inLanguage":"fr-FR"},{"@type":"WebPage","@id":"https:\/\/www.bellunopress.it\/2020\/10\/02\/ordinanza-zaia-per-la-scuola-presentato-in-diretta-facebook-il-nuovo-test-rapido-meno-invasivo\/","url":"https:\/\/www.bellunopress.it\/2020\/10\/02\/ordinanza-zaia-per-la-scuola-presentato-in-diretta-facebook-il-nuovo-test-rapido-meno-invasivo\/","name":"Ordinanza Zaia per la scuola. Presentato in diretta Facebook il nuovo test rapido meno invasivo - Bellunopress - Dolomiti","isPartOf":{"@id":"https:\/\/www.bellunopress.it\/#website"},"primaryImageOfPage":{"@id":"https:\/\/www.bellunopress.it\/2020\/10\/02\/ordinanza-zaia-per-la-scuola-presentato-in-diretta-facebook-il-nuovo-test-rapido-meno-invasivo\/#primaryimage"},"image":{"@id":"https:\/\/www.bellunopress.it\/2020\/10\/02\/ordinanza-zaia-per-la-scuola-presentato-in-diretta-facebook-il-nuovo-test-rapido-meno-invasivo\/#primaryimage"},"thumbnailUrl":"https:\/\/www.bellunopress.it\/wp-content\/uploads\/2019\/08\/Luca-Zaia.jpg","datePublished":"2020-10-02T13:45:52+00:00","dateModified":"2020-10-02T19:31:31+00:00","breadcrumb":{"@id":"https:\/\/www.bellunopress.it\/2020\/10\/02\/ordinanza-zaia-per-la-scuola-presentato-in-diretta-facebook-il-nuovo-test-rapido-meno-invasivo\/#breadcrumb"},"inLanguage":"fr-FR","potentialAction":[{"@type":"ReadAction","target":["https:\/\/www.bellunopress.it\/2020\/10\/02\/ordinanza-zaia-per-la-scuola-presentato-in-diretta-facebook-il-nuovo-test-rapido-meno-invasivo\/"]}]},{"@type":"ImageObject","inLanguage":"fr-FR","@id":"https:\/\/www.bellunopress.it\/2020\/10\/02\/ordinanza-zaia-per-la-scuola-presentato-in-diretta-facebook-il-nuovo-test-rapido-meno-invasivo\/#primaryimage","url":"https:\/\/www.bellunopress.it\/wp-content\/uploads\/2019\/08\/Luca-Zaia.jpg","contentUrl":"https:\/\/www.bellunopress.it\/wp-content\/uploads\/2019\/08\/Luca-Zaia.jpg","width":241,"height":300,"caption":"Luca Zaia, presidente della Regione del Veneto"},{"@type":"BreadcrumbList","@id":"https:\/\/www.bellunopress.it\/2020\/10\/02\/ordinanza-zaia-per-la-scuola-presentato-in-diretta-facebook-il-nuovo-test-rapido-meno-invasivo\/#breadcrumb","itemListElement":[{"@type":"ListItem","position":1,"name":"Home","item":"https:\/\/www.bellunopress.it\/"},{"@type":"ListItem","position":2,"name":"Ordinanza Zaia per la scuola. Presentato in diretta Facebook il nuovo test rapido meno invasivo"}]},{"@type":"WebSite","@id":"https:\/\/www.bellunopress.it\/#website","url":"https:\/\/www.bellunopress.it\/","name":"Bellunopress - Dolomiti","description":"e-mail: redazione@bellunopress.it","publisher":{"@id":"https:\/\/www.bellunopress.it\/#organization"},"potentialAction":[{"@type":"SearchAction","target":{"@type":"EntryPoint","urlTemplate":"https:\/\/www.bellunopress.it\/?s={search_term_string}"},"query-input":{"@type":"PropertyValueSpecification","valueRequired":true,"valueName":"search_term_string"}}],"inLanguage":"fr-FR"},{"@type":"Organization","@id":"https:\/\/www.bellunopress.it\/#organization","name":"Bellunopress","url":"https:\/\/www.bellunopress.it\/","logo":{"@type":"ImageObject","inLanguage":"fr-FR","@id":"https:\/\/www.bellunopress.it\/#\/schema\/logo\/image\/","url":"https:\/\/www.bellunopress.it\/wp-content\/uploads\/2011\/05\/cropped-logo-bellunopress-.jpg","contentUrl":"https:\/\/www.bellunopress.it\/wp-content\/uploads\/2011\/05\/cropped-logo-bellunopress-.jpg","width":512,"height":512,"caption":"Bellunopress"},"image":{"@id":"https:\/\/www.bellunopress.it\/#\/schema\/logo\/image\/"},"sameAs":["https:\/\/www.facebook.com\/profile.php?id=100008943462799","https:\/\/x.com\/bellunopress","https:\/\/www.linkedin.com\/hp\/?dnr=JBzUWaJfMUw8vbXJJ2tVW5-I3jZKvC4wsoxE&amp;amp;amp;amp;amp;amp;trk=nav_responsive_tab_home","https:\/\/www.youtube.com\/channel\/UCxL0wu1uN0_3_7hGG0306cw"]},{"@type":"Person","@id":"https:\/\/www.bellunopress.it\/#\/schema\/person\/79bb06722b37ece1c03d3e94beb30d73","name":"r\u00e9daction","image":{"@type":"ImageObject","inLanguage":"fr-FR","@id":"https:\/\/secure.gravatar.com\/avatar\/37d968a2e67a6fd04c169c4bdef102d0bc5d31b2546345219e348575eb80e9a0?s=96&d=mm&r=g","url":"https:\/\/secure.gravatar.com\/avatar\/37d968a2e67a6fd04c169c4bdef102d0bc5d31b2546345219e348575eb80e9a0?s=96&d=mm&r=g","contentUrl":"https:\/\/secure.gravatar.com\/avatar\/37d968a2e67a6fd04c169c4bdef102d0bc5d31b2546345219e348575eb80e9a0?s=96&d=mm&r=g","caption":"redazione"},"sameAs":["http:\/\/www.bellunopress.it","https:\/\/x.com\/bellunopress"],"url":"https:\/\/www.bellunopress.it\/fr\/author\/redazione\/"}]}},"_links":{"self":[{"href":"https:\/\/www.bellunopress.it\/fr\/wp-json\/wp\/v2\/posts\/118140","targetHints":{"allow":["GET"]}}],"collection":[{"href":"https:\/\/www.bellunopress.it\/fr\/wp-json\/wp\/v2\/posts"}],"about":[{"href":"https:\/\/www.bellunopress.it\/fr\/wp-json\/wp\/v2\/types\/post"}],"author":[{"embeddable":true,"href":"https:\/\/www.bellunopress.it\/fr\/wp-json\/wp\/v2\/users\/2"}],"replies":[{"embeddable":true,"href":"https:\/\/www.bellunopress.it\/fr\/wp-json\/wp\/v2\/comments?post=118140"}],"version-history":[{"count":3,"href":"https:\/\/www.bellunopress.it\/fr\/wp-json\/wp\/v2\/posts\/118140\/revisions"}],"predecessor-version":[{"id":118143,"href":"https:\/\/www.bellunopress.it\/fr\/wp-json\/wp\/v2\/posts\/118140\/revisions\/118143"}],"wp:featuredmedia":[{"embeddable":true,"href":"https:\/\/www.bellunopress.it\/fr\/wp-json\/wp\/v2\/media\/107382"}],"wp:attachment":[{"href":"https:\/\/www.bellunopress.it\/fr\/wp-json\/wp\/v2\/media?parent=118140"}],"wp:term":[{"taxonomy":"category","embeddable":true,"href":"https:\/\/www.bellunopress.it\/fr\/wp-json\/wp\/v2\/categories?post=118140"},{"taxonomy":"post_tag","embeddable":true,"href":"https:\/\/www.bellunopress.it\/fr\/wp-json\/wp\/v2\/tags?post=118140"}],"curies":[{"name":"wp","href":"https:\/\/api.w.org\/{rel}","templated":true}]}}