{"id":118136,"date":"2020-10-02T14:39:09","date_gmt":"2020-10-02T12:39:09","guid":{"rendered":"http:\/\/www.bellunopress.it\/?p=118136"},"modified":"2020-10-02T19:22:14","modified_gmt":"2020-10-02T17:22:14","slug":"allerta-meteo-per-pioggia-frane-e-vento-ordinanza-del-sindaco-di-belluno-massaro","status":"publish","type":"post","link":"https:\/\/www.bellunopress.it\/fr\/2020\/10\/02\/allerta-meteo-per-pioggia-frane-e-vento-ordinanza-del-sindaco-di-belluno-massaro\/","title":{"rendered":"Allerta meteo per pioggia, frane e vento. Ordinanza del sindaco di Belluno Massaro\u00a0"},"content":{"rendered":"<figure id=\"attachment_109696\" aria-describedby=\"caption-attachment-109696\" style=\"width: 300px\" class=\"wp-caption alignleft\"><a href=\"http:\/\/www.bellunopress.it\/fr\/2019\/11\/17\/situazione-a-belluno-ore-1700-massaro-piave-esondato-a-lambioi-ponte-bailey-chiuso-via-miari-chiusa-criticita-a-borgo-piave-ex-concerie-vietato-avvicinarsi-ai-corsi-dacquad\/massaro-2\/\" rel=\"attachment wp-att-109696\"><img loading=\"lazy\" decoding=\"async\" class=\"size-full wp-image-109696\" src=\"http:\/\/www.bellunopress.it\/wp-content\/uploads\/2019\/11\/massaro.jpg\" alt=\"\" width=\"300\" height=\"170\" \/><\/a><figcaption id=\"caption-attachment-109696\" class=\"wp-caption-text\">Jacopo Massaro, sindaco di Belluno 17.11.2019<\/figcaption><\/figure>\n<p>Aggiornamento ore 18:00 del 02.10.2020 Sabato sospese attivit\u00e0 didattiche ed eventi<\/p>\n<p>Al termine dell&#8217;incontro avvenuto nel pomeriggio di oggi in Prefettura, il Sindaco di Belluno Jacopo Massaro ha firmato una nuova ordinanza in seguito all&#8217;allerta meteo indicata dal CFD &#8211; Centro Funzionale Decentrato della Regione del Veneto per il bacino Piave Pedemontano, che ha individuato nella giornata di domani \u2013 sabato 3 ottobre \u2013 il picco dell&#8217;intensit\u00e0 del maltempo.<br \/>\n\u00abPer questo motivi \u2013 spiega Massaro \u2013 ho firmato una nuova ordinanza, che fa seguito a quella gi\u00e0 sottoscritta in mattinata, che impone la sospensione delle attivit\u00e0 didattiche in tutte le scuole di ogni ordine e grado e di tutti gli eventi e manifestazioni pubbliche programmati in citt\u00e0\u00bb.<br \/>\nL&#8217;ordinanza firmata nel pomeriggio richiama anche tutte le indicazioni del precedente provvedimento, ossia impone \u201cdi non avvicinarsi a fiumi, torrenti e corsi d\u2019acqua; di non sostare in prossimit\u00e0 di frane e smottamenti, di alberi, di zone a rischio di allagamento, come garage sotterranei o zone depresse; di rimuovere o assicurare con attenzione lamiere o strutture che potrebbero essere portate via dal vento recando pericolo per le persone e le cose; di interdire gli accessi al fiume Piave\u201d ed invita a non effettuare escursioni; ad evitare di recarsi o sostare all\u2019interno di locali sotterranei, come garage e scantinati; a prepararsi ad eventuali black-out che potrebbero verificarsi; a limitare l&#8217;uso degli automezzi; in generale, ad assumere un atteggiamento prudente.<\/p>\n<p>&#8212;&#8212;-<\/p>\n<p>Allerta \u201cgialla\u201d per la rete idraulica principale, \u201crossa\u201d per la rete idraulica secondaria e \u201crossa\u201d per il rischio geologico: questo quanto indicato per le giornate di oggi e domani, venerd\u00ec 2 e sabato 3 ottobre, dall\u2019avviso di criticit\u00e0 idrogeologica ed idraulica emanato ieri dal CFD &#8211; Centro Funzionale Decentrato della Regione del Veneto per il bacino Piave<br \/>\nPedemontano che include il territorio del Comune di Belluno.<\/p>\n<p>Per questo motivo, in mattinata il Sindaco di Belluno, Jacopo Massaro, ha firmato un&#8217;ordinanza che impone \u201cdi non avvicinarsi a fiumi, torrenti e corsi d\u2019acqua; di non sostare in prossimit\u00e0 di frane e smottamenti, di alberi, di zone a rischio di allagamento, come garage sotterranei o zone depresse; di rimuovere o assicurare con attenzione lamiere o strutture che potrebbero essere portate via dal vento recando pericolo per le<br \/>\npersone e le cose; di interdire gli accessi al fiume Piave\u201d.<\/p>\n<p>\u00abSi tratta di un&#8217;allerta importante, anche con previsione di vento forte: &#8211; spiega Massaro \u2013 per questo chiediamo la massima attenzione e collaborazione. Invito tutti quindi tra oggi e domani a non effettuare escursioni; ad evitare di recarsi o sostare all\u2019interno di locali sotterranei, come garage e scantinati; a prepararsi ad eventuali black-out che<br \/>\npotrebbero verificarsi; a limitare l&#8217;uso degli automezzi; in generale, ad assumere un atteggiamento prudente\u00bb .<\/p>\n<p>Sul fronte della viabilit\u00e0, oltre alla chiusura degli accessi ai fiumi, Massaro sottolinea come \u00ab sar\u00e0 tenuto sotto controllo, anche con l&#8217;utilizzo di sensori, l&#8217;altezza del Piave in prossimit\u00e0 del ponte bailey: se il livello dovesse diventare preoccupante, procederemo alla sua chiusura, come previsto dal piano di protezione civile \u00bb .<\/p>\n<p>ORDINANZA N. 246 DEL 02\/10\/2020<br \/>\nOGGETTO : AVVISO DI CRITICITA&#8217; IDROGEOLOGICA ED IDRAULICA<br \/>\nIL SINDACO<br \/>\nVisto :<br \/>\n&#8211; l\u2019AVVISO DI CRITICITA&#8217; IDROGEOLOGICA ED IDRAULICA N. 57 del 1 ottobre 2020<br \/>\nemanato dal CFD (Centro Funzionale Decentrato) della Regione del Veneto che indica per il<br \/>\nterritorio su cui insiste il Comune di Belluno l\u2019allerta \u201cGIALLA\u201d per la rete idraulica principale,<br \/>\n\u201cROSSA\u201d per la rete idraulica secondaria e \u201cROSSA\u201d per il rischio geologico;<br \/>\n&#8211; l&#8217;avviso di condizioni meteo avverse che, tra l&#8217;altro, prevede venti in genere tesi \/ forti, con possibili ulteriori rinforzi di Scirocco;<br \/>\n&#8211; le prescrizioni di Protezione Civile, che raccomandano di prestare la massima attenzione per la sorveglianza dei fenomeni previsti e di prepararsi alla gestione di eventuali fenomeni<br \/>\nemergenziali;<br \/>\n&#8211; l&#8217;aggiornamento meteo delle ore 9 del 2 ottobre 2020 rilasciato da ARPAV, in cui si avvisa che tra venerd\u00ec 2 e sabato 3 \u00e8 previsto un intenso episodio sciroccale con precipitazioni estese persistenti su zone montane e pedemontane anche molto abbondanti specie su Prealpi e Dolomiti meridionali con a tratti forti.<br \/>\nRitenuto di adottare misure a tutela dell&#8217;incolumit\u00e0 dei CIttadini vietando di sostare nei luoghi maggiormente pericolosi ed evitando che lamiere e altre strutture pericolose possano essere spostate dal vento.<br \/>\nVisto l\u2019art. 54 del d.lgs. 267\/2000 e ss.mm.<br \/>\nORDINA<br \/>\n1) di non avvicinarsi a fiumi, torrenti e corsi d\u2019acqua;<br \/>\n2) di non sostare in prossimit\u00e0 di frane e smottamenti, di alberi, di zone a rischio di allagamento, come garage sotterranei o zone depresse;<br \/>\n3) di rimuovere o assicurare con attenzione lamiere o strutture che potrebbero essere portate via dal vento recando pericolo per le persone e le cose;<br \/>\n4) di interdire gli accessi al fiume Piave .<br \/>\nINVITA :<br \/>\n1) ad assumere un atteggiamento prudente in considerazione della possibilit\u00e0 di fenomeni di allagamento, smottamento e dissesto idrogeologico, anche improvvisi;<br \/>\n2) di non effettuare escursioni in zone non antropizzate, n\u00e9 di transitare su strade silvo-pastorali, strade di montagna e sui sentieri;<br \/>\n3) di evitare di recarsi o sostare all\u2019interno di locali sotterranei, quali garage e scantinati;<br \/>\n4) di prestare la massima attenzione alle indicazioni fornite dalle Autorit\u00e0 attraverso i media;<br \/>\n5) di prepararsi ad eventuali black-out che potrebbero verificarsi a seguito dei fenomeni previsti;<br \/>\n6) di considerare la possibilit\u00e0 di traffico intenso sulle strade e i lunghi tempi di percorrenza, cercando di utilizzare gli automezzi in modo contenuto e favorendo il car sharing, anche in considerazione di possibili allagamenti o di scorrimento superficiale delle acque meteoriche nelle sedi stradali urbane ed extraurbane.<br \/>\nSottoscritta dal Sindaco<br \/>\nJACOPO MASSARO<\/p>","protected":false},"excerpt":{"rendered":"<p>Aggiornamento ore 18:00 del 02.10.2020 Sabato sospese attivit\u00e0 didattiche ed eventi Al termine dell&#8217;incontro avvenuto nel pomeriggio di oggi in Prefettura, il Sindaco di Belluno Jacopo Massaro ha firmato una nuova ordinanza in seguito all&#8217;allerta meteo indicata dal CFD &#8211; Centro Funzionale Decentrato della Regione del Veneto per il bacino Piave Pedemontano, che ha individuato [&hellip;]<\/p>\n","protected":false},"author":2,"featured_media":109696,"comment_status":"closed","ping_status":"open","sticky":false,"template":"","format":"standard","meta":{"footnotes":""},"categories":[5,26,8],"tags":[],"class_list":["post-118136","post","type-post","status-publish","format-standard","has-post-thumbnail","category-cronaca","category-prima-pagina","category-societa-istituzioni"],"yoast_head":"<!-- This site is optimized with the Yoast SEO plugin v28.4 - https:\/\/yoast.com\/product\/yoast-seo-wordpress\/ -->\n<title>Allerta meteo per pioggia, frane e vento. Ordinanza del sindaco di Belluno Massaro\u00a0 - Bellunopress - Dolomiti<\/title>\n<meta name=\"robots\" content=\"index, follow, max-snippet:-1, max-image-preview:large, max-video-preview:-1\" \/>\n<link rel=\"canonical\" href=\"https:\/\/www.bellunopress.it\/fr\/2020\/10\/02\/allerta-meteo-per-pioggia-frane-e-vento-ordinanza-del-sindaco-di-belluno-massaro\/\" \/>\n<meta property=\"og:locale\" content=\"fr_FR\" \/>\n<meta property=\"og:type\" content=\"article\" \/>\n<meta property=\"og:title\" content=\"Allerta meteo per pioggia, frane e vento. Ordinanza del sindaco di Belluno Massaro\u00a0 - Bellunopress - Dolomiti\" \/>\n<meta property=\"og:description\" content=\"Aggiornamento ore 18:00 del 02.10.2020 Sabato sospese attivit\u00e0 didattiche ed eventi Al termine dell&#8217;incontro avvenuto nel pomeriggio di oggi in Prefettura, il Sindaco di Belluno Jacopo Massaro ha firmato una nuova ordinanza in seguito all&#8217;allerta meteo indicata dal CFD &#8211; Centro Funzionale Decentrato della Regione del Veneto per il bacino Piave Pedemontano, che ha individuato [&hellip;]\" \/>\n<meta property=\"og:url\" content=\"https:\/\/www.bellunopress.it\/fr\/2020\/10\/02\/allerta-meteo-per-pioggia-frane-e-vento-ordinanza-del-sindaco-di-belluno-massaro\/\" \/>\n<meta property=\"og:site_name\" content=\"Bellunopress - Dolomiti\" \/>\n<meta property=\"article:publisher\" content=\"https:\/\/www.facebook.com\/profile.php?id=100008943462799\" \/>\n<meta property=\"article:published_time\" content=\"2020-10-02T12:39:09+00:00\" \/>\n<meta property=\"article:modified_time\" content=\"2020-10-02T17:22:14+00:00\" \/>\n<meta property=\"og:image\" content=\"https:\/\/www.bellunopress.it\/wp-content\/uploads\/2019\/11\/massaro.jpg\" \/>\n\t<meta property=\"og:image:width\" content=\"300\" \/>\n\t<meta property=\"og:image:height\" content=\"170\" \/>\n\t<meta property=\"og:image:type\" content=\"image\/jpeg\" \/>\n<meta name=\"author\" content=\"redazione\" \/>\n<meta name=\"twitter:card\" content=\"summary_large_image\" \/>\n<meta name=\"twitter:creator\" content=\"@bellunopress\" \/>\n<meta name=\"twitter:site\" content=\"@bellunopress\" \/>\n<meta name=\"twitter:label1\" content=\"\u00c9crit par\" \/>\n\t<meta name=\"twitter:data1\" content=\"redazione\" \/>\n\t<meta name=\"twitter:label2\" content=\"Dur\u00e9e de lecture estim\u00e9e\" \/>\n\t<meta name=\"twitter:data2\" content=\"5 minutes\" \/>\n<script type=\"application\/ld+json\" class=\"yoast-schema-graph\">{\"@context\":\"https:\\\/\\\/schema.org\",\"@graph\":[{\"@type\":\"Article\",\"@id\":\"https:\\\/\\\/www.bellunopress.it\\\/2020\\\/10\\\/02\\\/allerta-meteo-per-pioggia-frane-e-vento-ordinanza-del-sindaco-di-belluno-massaro\\\/#article\",\"isPartOf\":{\"@id\":\"https:\\\/\\\/www.bellunopress.it\\\/2020\\\/10\\\/02\\\/allerta-meteo-per-pioggia-frane-e-vento-ordinanza-del-sindaco-di-belluno-massaro\\\/\"},\"author\":{\"name\":\"redazione\",\"@id\":\"https:\\\/\\\/www.bellunopress.it\\\/#\\\/schema\\\/person\\\/79bb06722b37ece1c03d3e94beb30d73\"},\"headline\":\"Allerta meteo per pioggia, frane e vento. Ordinanza del sindaco di Belluno Massaro\u00a0\",\"datePublished\":\"2020-10-02T12:39:09+00:00\",\"dateModified\":\"2020-10-02T17:22:14+00:00\",\"mainEntityOfPage\":{\"@id\":\"https:\\\/\\\/www.bellunopress.it\\\/2020\\\/10\\\/02\\\/allerta-meteo-per-pioggia-frane-e-vento-ordinanza-del-sindaco-di-belluno-massaro\\\/\"},\"wordCount\":927,\"publisher\":{\"@id\":\"https:\\\/\\\/www.bellunopress.it\\\/#organization\"},\"image\":{\"@id\":\"https:\\\/\\\/www.bellunopress.it\\\/2020\\\/10\\\/02\\\/allerta-meteo-per-pioggia-frane-e-vento-ordinanza-del-sindaco-di-belluno-massaro\\\/#primaryimage\"},\"thumbnailUrl\":\"https:\\\/\\\/www.bellunopress.it\\\/wp-content\\\/uploads\\\/2019\\\/11\\\/massaro.jpg\",\"articleSection\":[\"Cronaca\\\/Politica\",\"Prima Pagina\",\"Societ\u00e0, Associazioni, Istituzioni\"],\"inLanguage\":\"fr-FR\"},{\"@type\":\"WebPage\",\"@id\":\"https:\\\/\\\/www.bellunopress.it\\\/2020\\\/10\\\/02\\\/allerta-meteo-per-pioggia-frane-e-vento-ordinanza-del-sindaco-di-belluno-massaro\\\/\",\"url\":\"https:\\\/\\\/www.bellunopress.it\\\/2020\\\/10\\\/02\\\/allerta-meteo-per-pioggia-frane-e-vento-ordinanza-del-sindaco-di-belluno-massaro\\\/\",\"name\":\"Allerta meteo per pioggia, frane e vento. Ordinanza del sindaco di Belluno Massaro\u00a0 - Bellunopress - Dolomiti\",\"isPartOf\":{\"@id\":\"https:\\\/\\\/www.bellunopress.it\\\/#website\"},\"primaryImageOfPage\":{\"@id\":\"https:\\\/\\\/www.bellunopress.it\\\/2020\\\/10\\\/02\\\/allerta-meteo-per-pioggia-frane-e-vento-ordinanza-del-sindaco-di-belluno-massaro\\\/#primaryimage\"},\"image\":{\"@id\":\"https:\\\/\\\/www.bellunopress.it\\\/2020\\\/10\\\/02\\\/allerta-meteo-per-pioggia-frane-e-vento-ordinanza-del-sindaco-di-belluno-massaro\\\/#primaryimage\"},\"thumbnailUrl\":\"https:\\\/\\\/www.bellunopress.it\\\/wp-content\\\/uploads\\\/2019\\\/11\\\/massaro.jpg\",\"datePublished\":\"2020-10-02T12:39:09+00:00\",\"dateModified\":\"2020-10-02T17:22:14+00:00\",\"breadcrumb\":{\"@id\":\"https:\\\/\\\/www.bellunopress.it\\\/2020\\\/10\\\/02\\\/allerta-meteo-per-pioggia-frane-e-vento-ordinanza-del-sindaco-di-belluno-massaro\\\/#breadcrumb\"},\"inLanguage\":\"fr-FR\",\"potentialAction\":[{\"@type\":\"ReadAction\",\"target\":[\"https:\\\/\\\/www.bellunopress.it\\\/2020\\\/10\\\/02\\\/allerta-meteo-per-pioggia-frane-e-vento-ordinanza-del-sindaco-di-belluno-massaro\\\/\"]}]},{\"@type\":\"ImageObject\",\"inLanguage\":\"fr-FR\",\"@id\":\"https:\\\/\\\/www.bellunopress.it\\\/2020\\\/10\\\/02\\\/allerta-meteo-per-pioggia-frane-e-vento-ordinanza-del-sindaco-di-belluno-massaro\\\/#primaryimage\",\"url\":\"https:\\\/\\\/www.bellunopress.it\\\/wp-content\\\/uploads\\\/2019\\\/11\\\/massaro.jpg\",\"contentUrl\":\"https:\\\/\\\/www.bellunopress.it\\\/wp-content\\\/uploads\\\/2019\\\/11\\\/massaro.jpg\",\"width\":300,\"height\":170,\"caption\":\"Jacopo Massaro, sindaco di Belluno 17.11.2019\"},{\"@type\":\"BreadcrumbList\",\"@id\":\"https:\\\/\\\/www.bellunopress.it\\\/2020\\\/10\\\/02\\\/allerta-meteo-per-pioggia-frane-e-vento-ordinanza-del-sindaco-di-belluno-massaro\\\/#breadcrumb\",\"itemListElement\":[{\"@type\":\"ListItem\",\"position\":1,\"name\":\"Home\",\"item\":\"https:\\\/\\\/www.bellunopress.it\\\/\"},{\"@type\":\"ListItem\",\"position\":2,\"name\":\"Allerta meteo per pioggia, frane e vento. Ordinanza del sindaco di Belluno Massaro\u00a0\"}]},{\"@type\":\"WebSite\",\"@id\":\"https:\\\/\\\/www.bellunopress.it\\\/#website\",\"url\":\"https:\\\/\\\/www.bellunopress.it\\\/\",\"name\":\"Bellunopress - Dolomiti\",\"description\":\"e-mail: redazione@bellunopress.it\",\"publisher\":{\"@id\":\"https:\\\/\\\/www.bellunopress.it\\\/#organization\"},\"potentialAction\":[{\"@type\":\"SearchAction\",\"target\":{\"@type\":\"EntryPoint\",\"urlTemplate\":\"https:\\\/\\\/www.bellunopress.it\\\/?s={search_term_string}\"},\"query-input\":{\"@type\":\"PropertyValueSpecification\",\"valueRequired\":true,\"valueName\":\"search_term_string\"}}],\"inLanguage\":\"fr-FR\"},{\"@type\":\"Organization\",\"@id\":\"https:\\\/\\\/www.bellunopress.it\\\/#organization\",\"name\":\"Bellunopress\",\"url\":\"https:\\\/\\\/www.bellunopress.it\\\/\",\"logo\":{\"@type\":\"ImageObject\",\"inLanguage\":\"fr-FR\",\"@id\":\"https:\\\/\\\/www.bellunopress.it\\\/#\\\/schema\\\/logo\\\/image\\\/\",\"url\":\"https:\\\/\\\/www.bellunopress.it\\\/wp-content\\\/uploads\\\/2011\\\/05\\\/cropped-logo-bellunopress-.jpg\",\"contentUrl\":\"https:\\\/\\\/www.bellunopress.it\\\/wp-content\\\/uploads\\\/2011\\\/05\\\/cropped-logo-bellunopress-.jpg\",\"width\":512,\"height\":512,\"caption\":\"Bellunopress\"},\"image\":{\"@id\":\"https:\\\/\\\/www.bellunopress.it\\\/#\\\/schema\\\/logo\\\/image\\\/\"},\"sameAs\":[\"https:\\\/\\\/www.facebook.com\\\/profile.php?id=100008943462799\",\"https:\\\/\\\/x.com\\\/bellunopress\",\"https:\\\/\\\/www.linkedin.com\\\/hp\\\/?dnr=JBzUWaJfMUw8vbXJJ2tVW5-I3jZKvC4wsoxE&amp;amp;amp;amp;amp;amp;trk=nav_responsive_tab_home\",\"https:\\\/\\\/www.youtube.com\\\/channel\\\/UCxL0wu1uN0_3_7hGG0306cw\"]},{\"@type\":\"Person\",\"@id\":\"https:\\\/\\\/www.bellunopress.it\\\/#\\\/schema\\\/person\\\/79bb06722b37ece1c03d3e94beb30d73\",\"name\":\"redazione\",\"image\":{\"@type\":\"ImageObject\",\"inLanguage\":\"fr-FR\",\"@id\":\"https:\\\/\\\/secure.gravatar.com\\\/avatar\\\/37d968a2e67a6fd04c169c4bdef102d0bc5d31b2546345219e348575eb80e9a0?s=96&d=mm&r=g\",\"url\":\"https:\\\/\\\/secure.gravatar.com\\\/avatar\\\/37d968a2e67a6fd04c169c4bdef102d0bc5d31b2546345219e348575eb80e9a0?s=96&d=mm&r=g\",\"contentUrl\":\"https:\\\/\\\/secure.gravatar.com\\\/avatar\\\/37d968a2e67a6fd04c169c4bdef102d0bc5d31b2546345219e348575eb80e9a0?s=96&d=mm&r=g\",\"caption\":\"redazione\"},\"sameAs\":[\"http:\\\/\\\/www.bellunopress.it\",\"https:\\\/\\\/x.com\\\/bellunopress\"],\"url\":\"https:\\\/\\\/www.bellunopress.it\\\/fr\\\/author\\\/redazione\\\/\"}]}<\/script>\n<!-- \/ Yoast SEO plugin. -->","yoast_head_json":{"title":"Allerta meteo per pioggia, frane e vento. Ordinanza del sindaco di Belluno Massaro\u00a0 - Bellunopress - Dolomiti","robots":{"index":"index","follow":"follow","max-snippet":"max-snippet:-1","max-image-preview":"max-image-preview:large","max-video-preview":"max-video-preview:-1"},"canonical":"https:\/\/www.bellunopress.it\/fr\/2020\/10\/02\/allerta-meteo-per-pioggia-frane-e-vento-ordinanza-del-sindaco-di-belluno-massaro\/","og_locale":"fr_FR","og_type":"article","og_title":"Allerta meteo per pioggia, frane e vento. Ordinanza del sindaco di Belluno Massaro\u00a0 - Bellunopress - Dolomiti","og_description":"Aggiornamento ore 18:00 del 02.10.2020 Sabato sospese attivit\u00e0 didattiche ed eventi Al termine dell&#8217;incontro avvenuto nel pomeriggio di oggi in Prefettura, il Sindaco di Belluno Jacopo Massaro ha firmato una nuova ordinanza in seguito all&#8217;allerta meteo indicata dal CFD &#8211; Centro Funzionale Decentrato della Regione del Veneto per il bacino Piave Pedemontano, che ha individuato [&hellip;]","og_url":"https:\/\/www.bellunopress.it\/fr\/2020\/10\/02\/allerta-meteo-per-pioggia-frane-e-vento-ordinanza-del-sindaco-di-belluno-massaro\/","og_site_name":"Bellunopress - Dolomiti","article_publisher":"https:\/\/www.facebook.com\/profile.php?id=100008943462799","article_published_time":"2020-10-02T12:39:09+00:00","article_modified_time":"2020-10-02T17:22:14+00:00","og_image":[{"width":300,"height":170,"url":"https:\/\/www.bellunopress.it\/wp-content\/uploads\/2019\/11\/massaro.jpg","type":"image\/jpeg"}],"author":"redazione","twitter_card":"summary_large_image","twitter_creator":"@bellunopress","twitter_site":"@bellunopress","twitter_misc":{"\u00c9crit par":"redazione","Dur\u00e9e de lecture estim\u00e9e":"5 minutes"},"schema":{"@context":"https:\/\/schema.org","@graph":[{"@type":"Article","@id":"https:\/\/www.bellunopress.it\/2020\/10\/02\/allerta-meteo-per-pioggia-frane-e-vento-ordinanza-del-sindaco-di-belluno-massaro\/#article","isPartOf":{"@id":"https:\/\/www.bellunopress.it\/2020\/10\/02\/allerta-meteo-per-pioggia-frane-e-vento-ordinanza-del-sindaco-di-belluno-massaro\/"},"author":{"name":"redazione","@id":"https:\/\/www.bellunopress.it\/#\/schema\/person\/79bb06722b37ece1c03d3e94beb30d73"},"headline":"Allerta meteo per pioggia, frane e vento. Ordinanza del sindaco di Belluno Massaro\u00a0","datePublished":"2020-10-02T12:39:09+00:00","dateModified":"2020-10-02T17:22:14+00:00","mainEntityOfPage":{"@id":"https:\/\/www.bellunopress.it\/2020\/10\/02\/allerta-meteo-per-pioggia-frane-e-vento-ordinanza-del-sindaco-di-belluno-massaro\/"},"wordCount":927,"publisher":{"@id":"https:\/\/www.bellunopress.it\/#organization"},"image":{"@id":"https:\/\/www.bellunopress.it\/2020\/10\/02\/allerta-meteo-per-pioggia-frane-e-vento-ordinanza-del-sindaco-di-belluno-massaro\/#primaryimage"},"thumbnailUrl":"https:\/\/www.bellunopress.it\/wp-content\/uploads\/2019\/11\/massaro.jpg","articleSection":["Cronaca\/Politica","Prima Pagina","Societ\u00e0, Associazioni, Istituzioni"],"inLanguage":"fr-FR"},{"@type":"WebPage","@id":"https:\/\/www.bellunopress.it\/2020\/10\/02\/allerta-meteo-per-pioggia-frane-e-vento-ordinanza-del-sindaco-di-belluno-massaro\/","url":"https:\/\/www.bellunopress.it\/2020\/10\/02\/allerta-meteo-per-pioggia-frane-e-vento-ordinanza-del-sindaco-di-belluno-massaro\/","name":"Allerta meteo per pioggia, frane e vento. Ordinanza del sindaco di Belluno Massaro\u00a0 - Bellunopress - Dolomiti","isPartOf":{"@id":"https:\/\/www.bellunopress.it\/#website"},"primaryImageOfPage":{"@id":"https:\/\/www.bellunopress.it\/2020\/10\/02\/allerta-meteo-per-pioggia-frane-e-vento-ordinanza-del-sindaco-di-belluno-massaro\/#primaryimage"},"image":{"@id":"https:\/\/www.bellunopress.it\/2020\/10\/02\/allerta-meteo-per-pioggia-frane-e-vento-ordinanza-del-sindaco-di-belluno-massaro\/#primaryimage"},"thumbnailUrl":"https:\/\/www.bellunopress.it\/wp-content\/uploads\/2019\/11\/massaro.jpg","datePublished":"2020-10-02T12:39:09+00:00","dateModified":"2020-10-02T17:22:14+00:00","breadcrumb":{"@id":"https:\/\/www.bellunopress.it\/2020\/10\/02\/allerta-meteo-per-pioggia-frane-e-vento-ordinanza-del-sindaco-di-belluno-massaro\/#breadcrumb"},"inLanguage":"fr-FR","potentialAction":[{"@type":"ReadAction","target":["https:\/\/www.bellunopress.it\/2020\/10\/02\/allerta-meteo-per-pioggia-frane-e-vento-ordinanza-del-sindaco-di-belluno-massaro\/"]}]},{"@type":"ImageObject","inLanguage":"fr-FR","@id":"https:\/\/www.bellunopress.it\/2020\/10\/02\/allerta-meteo-per-pioggia-frane-e-vento-ordinanza-del-sindaco-di-belluno-massaro\/#primaryimage","url":"https:\/\/www.bellunopress.it\/wp-content\/uploads\/2019\/11\/massaro.jpg","contentUrl":"https:\/\/www.bellunopress.it\/wp-content\/uploads\/2019\/11\/massaro.jpg","width":300,"height":170,"caption":"Jacopo Massaro, sindaco di Belluno 17.11.2019"},{"@type":"BreadcrumbList","@id":"https:\/\/www.bellunopress.it\/2020\/10\/02\/allerta-meteo-per-pioggia-frane-e-vento-ordinanza-del-sindaco-di-belluno-massaro\/#breadcrumb","itemListElement":[{"@type":"ListItem","position":1,"name":"Home","item":"https:\/\/www.bellunopress.it\/"},{"@type":"ListItem","position":2,"name":"Allerta meteo per pioggia, frane e vento. Ordinanza del sindaco di Belluno Massaro\u00a0"}]},{"@type":"WebSite","@id":"https:\/\/www.bellunopress.it\/#website","url":"https:\/\/www.bellunopress.it\/","name":"Bellunopress - Dolomiti","description":"e-mail: redazione@bellunopress.it","publisher":{"@id":"https:\/\/www.bellunopress.it\/#organization"},"potentialAction":[{"@type":"SearchAction","target":{"@type":"EntryPoint","urlTemplate":"https:\/\/www.bellunopress.it\/?s={search_term_string}"},"query-input":{"@type":"PropertyValueSpecification","valueRequired":true,"valueName":"search_term_string"}}],"inLanguage":"fr-FR"},{"@type":"Organization","@id":"https:\/\/www.bellunopress.it\/#organization","name":"Bellunopress","url":"https:\/\/www.bellunopress.it\/","logo":{"@type":"ImageObject","inLanguage":"fr-FR","@id":"https:\/\/www.bellunopress.it\/#\/schema\/logo\/image\/","url":"https:\/\/www.bellunopress.it\/wp-content\/uploads\/2011\/05\/cropped-logo-bellunopress-.jpg","contentUrl":"https:\/\/www.bellunopress.it\/wp-content\/uploads\/2011\/05\/cropped-logo-bellunopress-.jpg","width":512,"height":512,"caption":"Bellunopress"},"image":{"@id":"https:\/\/www.bellunopress.it\/#\/schema\/logo\/image\/"},"sameAs":["https:\/\/www.facebook.com\/profile.php?id=100008943462799","https:\/\/x.com\/bellunopress","https:\/\/www.linkedin.com\/hp\/?dnr=JBzUWaJfMUw8vbXJJ2tVW5-I3jZKvC4wsoxE&amp;amp;amp;amp;amp;amp;trk=nav_responsive_tab_home","https:\/\/www.youtube.com\/channel\/UCxL0wu1uN0_3_7hGG0306cw"]},{"@type":"Person","@id":"https:\/\/www.bellunopress.it\/#\/schema\/person\/79bb06722b37ece1c03d3e94beb30d73","name":"r\u00e9daction","image":{"@type":"ImageObject","inLanguage":"fr-FR","@id":"https:\/\/secure.gravatar.com\/avatar\/37d968a2e67a6fd04c169c4bdef102d0bc5d31b2546345219e348575eb80e9a0?s=96&d=mm&r=g","url":"https:\/\/secure.gravatar.com\/avatar\/37d968a2e67a6fd04c169c4bdef102d0bc5d31b2546345219e348575eb80e9a0?s=96&d=mm&r=g","contentUrl":"https:\/\/secure.gravatar.com\/avatar\/37d968a2e67a6fd04c169c4bdef102d0bc5d31b2546345219e348575eb80e9a0?s=96&d=mm&r=g","caption":"redazione"},"sameAs":["http:\/\/www.bellunopress.it","https:\/\/x.com\/bellunopress"],"url":"https:\/\/www.bellunopress.it\/fr\/author\/redazione\/"}]}},"_links":{"self":[{"href":"https:\/\/www.bellunopress.it\/fr\/wp-json\/wp\/v2\/posts\/118136","targetHints":{"allow":["GET"]}}],"collection":[{"href":"https:\/\/www.bellunopress.it\/fr\/wp-json\/wp\/v2\/posts"}],"about":[{"href":"https:\/\/www.bellunopress.it\/fr\/wp-json\/wp\/v2\/types\/post"}],"author":[{"embeddable":true,"href":"https:\/\/www.bellunopress.it\/fr\/wp-json\/wp\/v2\/users\/2"}],"replies":[{"embeddable":true,"href":"https:\/\/www.bellunopress.it\/fr\/wp-json\/wp\/v2\/comments?post=118136"}],"version-history":[{"count":4,"href":"https:\/\/www.bellunopress.it\/fr\/wp-json\/wp\/v2\/posts\/118136\/revisions"}],"predecessor-version":[{"id":118150,"href":"https:\/\/www.bellunopress.it\/fr\/wp-json\/wp\/v2\/posts\/118136\/revisions\/118150"}],"wp:featuredmedia":[{"embeddable":true,"href":"https:\/\/www.bellunopress.it\/fr\/wp-json\/wp\/v2\/media\/109696"}],"wp:attachment":[{"href":"https:\/\/www.bellunopress.it\/fr\/wp-json\/wp\/v2\/media?parent=118136"}],"wp:term":[{"taxonomy":"category","embeddable":true,"href":"https:\/\/www.bellunopress.it\/fr\/wp-json\/wp\/v2\/categories?post=118136"},{"taxonomy":"post_tag","embeddable":true,"href":"https:\/\/www.bellunopress.it\/fr\/wp-json\/wp\/v2\/tags?post=118136"}],"curies":[{"name":"wp","href":"https:\/\/api.w.org\/{rel}","templated":true}]}}