{"id":118064,"date":"2020-09-30T20:43:13","date_gmt":"2020-09-30T18:43:13","guid":{"rendered":"http:\/\/www.bellunopress.it\/?p=118064"},"modified":"2020-09-30T20:43:14","modified_gmt":"2020-09-30T18:43:14","slug":"spettacolare-salvataggio-di-una-mucca-gravida-con-lelicottero-drago-71-dei-vigili-del-fuoco","status":"publish","type":"post","link":"https:\/\/www.bellunopress.it\/fr\/2020\/09\/30\/spettacolare-salvataggio-di-una-mucca-gravida-con-lelicottero-drago-71-dei-vigili-del-fuoco\/","title":{"rendered":"Spettacolare salvataggio di una mucca gravida con l&#8217;elicottero Drago 71 dei Vigili del Fuoco"},"content":{"rendered":"<p><a href=\"http:\/\/www.bellunopress.it\/fr\/2020\/09\/30\/spettacolare-salvataggio-di-una-mucca-gravida-con-lelicottero-drago-71-dei-vigili-del-fuoco\/salvataggio-mucca-vigili-del-fuoco_edited\/\" rel=\"attachment wp-att-118065\"><img loading=\"lazy\" decoding=\"async\" class=\"alignleft size-full wp-image-118065\" src=\"http:\/\/www.bellunopress.it\/wp-content\/uploads\/2020\/09\/salvataggio-mucca-vigili-del-fuoco_edited.jpg\" alt=\"\" width=\"800\" height=\"771\" srcset=\"https:\/\/www.bellunopress.it\/wp-content\/uploads\/2020\/09\/salvataggio-mucca-vigili-del-fuoco_edited.jpg 800w, https:\/\/www.bellunopress.it\/wp-content\/uploads\/2020\/09\/salvataggio-mucca-vigili-del-fuoco_edited-500x482.jpg 500w, https:\/\/www.bellunopress.it\/wp-content\/uploads\/2020\/09\/salvataggio-mucca-vigili-del-fuoco_edited-696x671.jpg 696w, https:\/\/www.bellunopress.it\/wp-content\/uploads\/2020\/09\/salvataggio-mucca-vigili-del-fuoco_edited-436x420.jpg 436w\" sizes=\"auto, (max-width: 800px) 100vw, 800px\" \/><\/a>Nel primo pomeriggio di oggi, mercoled\u00ec 30 settembre, i vigili del fuoco sono intervenuti con l\u2019elicottero Drago 71 sul Monte Tomatico a circa 900 metri di quota nel comune di Feltre per il recupero di una mucca gravida. L&#8217;animale era finito in un dirupo e non era pi\u00f9 in grado di risalire il pendio.<\/p>\n<p>Il personale della squadra dei pompieri di Feltre, constatata l\u2019impossibilit\u00e0 di fare risalire l\u2019animale, hanno chiesto l&#8217;intervento dei loro colleghi del reparto volo di Venezia per un recupero dall\u2019alto. La mucca \u00e8 stata quindi imbragata e poi sollevata con il gancio baricentrico dell\u2019elicottero per essere poi calata all\u2019interno di un carro agricolo che l&#8217;ha trasportata nella stalla dei proprietari in localit\u00e0 Sanzan.<\/p>","protected":false},"excerpt":{"rendered":"<p>Nel primo pomeriggio di oggi, mercoled\u00ec 30 settembre, i vigili del fuoco sono intervenuti con l\u2019elicottero Drago 71 sul Monte Tomatico a circa 900 metri di quota nel comune di Feltre per il recupero di una mucca gravida. L&#8217;animale era finito in un dirupo e non era pi\u00f9 in grado di risalire il pendio. Il [&hellip;]<\/p>\n","protected":false},"author":2,"featured_media":118065,"comment_status":"closed","ping_status":"open","sticky":false,"template":"","format":"standard","meta":{"footnotes":""},"categories":[5,26],"tags":[],"class_list":["post-118064","post","type-post","status-publish","format-standard","has-post-thumbnail","category-cronaca","category-prima-pagina"],"yoast_head":"<!-- This site is optimized with the Yoast SEO plugin v28.4 - https:\/\/yoast.com\/product\/yoast-seo-wordpress\/ -->\n<title>Spettacolare salvataggio di una mucca gravida con l&#039;elicottero Drago 71 dei Vigili del Fuoco - Bellunopress - Dolomiti<\/title>\n<meta name=\"robots\" content=\"index, follow, max-snippet:-1, max-image-preview:large, max-video-preview:-1\" \/>\n<link rel=\"canonical\" href=\"https:\/\/www.bellunopress.it\/fr\/2020\/09\/30\/spettacolare-salvataggio-di-una-mucca-gravida-con-lelicottero-drago-71-dei-vigili-del-fuoco\/\" \/>\n<meta property=\"og:locale\" content=\"fr_FR\" \/>\n<meta property=\"og:type\" content=\"article\" \/>\n<meta property=\"og:title\" content=\"Spettacolare salvataggio di una mucca gravida con l&#039;elicottero Drago 71 dei Vigili del Fuoco - Bellunopress - Dolomiti\" \/>\n<meta property=\"og:description\" content=\"Nel primo pomeriggio di oggi, mercoled\u00ec 30 settembre, i vigili del fuoco sono intervenuti con l\u2019elicottero Drago 71 sul Monte Tomatico a circa 900 metri di quota nel comune di Feltre per il recupero di una mucca gravida. L&#8217;animale era finito in un dirupo e non era pi\u00f9 in grado di risalire il pendio. Il [&hellip;]\" \/>\n<meta property=\"og:url\" content=\"https:\/\/www.bellunopress.it\/fr\/2020\/09\/30\/spettacolare-salvataggio-di-una-mucca-gravida-con-lelicottero-drago-71-dei-vigili-del-fuoco\/\" \/>\n<meta property=\"og:site_name\" content=\"Bellunopress - Dolomiti\" \/>\n<meta property=\"article:publisher\" content=\"https:\/\/www.facebook.com\/profile.php?id=100008943462799\" \/>\n<meta property=\"article:published_time\" content=\"2020-09-30T18:43:13+00:00\" \/>\n<meta property=\"article:modified_time\" content=\"2020-09-30T18:43:14+00:00\" \/>\n<meta property=\"og:image\" content=\"https:\/\/www.bellunopress.it\/wp-content\/uploads\/2020\/09\/salvataggio-mucca-vigili-del-fuoco_edited.jpg\" \/>\n\t<meta property=\"og:image:width\" content=\"800\" \/>\n\t<meta property=\"og:image:height\" content=\"771\" \/>\n\t<meta property=\"og:image:type\" content=\"image\/jpeg\" \/>\n<meta name=\"author\" content=\"redazione\" \/>\n<meta name=\"twitter:card\" content=\"summary_large_image\" \/>\n<meta name=\"twitter:creator\" content=\"@bellunopress\" \/>\n<meta name=\"twitter:site\" content=\"@bellunopress\" \/>\n<meta name=\"twitter:label1\" content=\"\u00c9crit par\" \/>\n\t<meta name=\"twitter:data1\" content=\"redazione\" \/>\n\t<meta name=\"twitter:label2\" content=\"Dur\u00e9e de lecture estim\u00e9e\" \/>\n\t<meta name=\"twitter:data2\" content=\"1 minute\" \/>\n<script type=\"application\/ld+json\" class=\"yoast-schema-graph\">{\"@context\":\"https:\\\/\\\/schema.org\",\"@graph\":[{\"@type\":\"Article\",\"@id\":\"https:\\\/\\\/www.bellunopress.it\\\/2020\\\/09\\\/30\\\/spettacolare-salvataggio-di-una-mucca-gravida-con-lelicottero-drago-71-dei-vigili-del-fuoco\\\/#article\",\"isPartOf\":{\"@id\":\"https:\\\/\\\/www.bellunopress.it\\\/2020\\\/09\\\/30\\\/spettacolare-salvataggio-di-una-mucca-gravida-con-lelicottero-drago-71-dei-vigili-del-fuoco\\\/\"},\"author\":{\"name\":\"redazione\",\"@id\":\"https:\\\/\\\/www.bellunopress.it\\\/#\\\/schema\\\/person\\\/79bb06722b37ece1c03d3e94beb30d73\"},\"headline\":\"Spettacolare salvataggio di una mucca gravida con l&#8217;elicottero Drago 71 dei Vigili del Fuoco\",\"datePublished\":\"2020-09-30T18:43:13+00:00\",\"dateModified\":\"2020-09-30T18:43:14+00:00\",\"mainEntityOfPage\":{\"@id\":\"https:\\\/\\\/www.bellunopress.it\\\/2020\\\/09\\\/30\\\/spettacolare-salvataggio-di-una-mucca-gravida-con-lelicottero-drago-71-dei-vigili-del-fuoco\\\/\"},\"wordCount\":135,\"publisher\":{\"@id\":\"https:\\\/\\\/www.bellunopress.it\\\/#organization\"},\"image\":{\"@id\":\"https:\\\/\\\/www.bellunopress.it\\\/2020\\\/09\\\/30\\\/spettacolare-salvataggio-di-una-mucca-gravida-con-lelicottero-drago-71-dei-vigili-del-fuoco\\\/#primaryimage\"},\"thumbnailUrl\":\"https:\\\/\\\/www.bellunopress.it\\\/wp-content\\\/uploads\\\/2020\\\/09\\\/salvataggio-mucca-vigili-del-fuoco_edited.jpg\",\"articleSection\":[\"Cronaca\\\/Politica\",\"Prima Pagina\"],\"inLanguage\":\"fr-FR\"},{\"@type\":\"WebPage\",\"@id\":\"https:\\\/\\\/www.bellunopress.it\\\/2020\\\/09\\\/30\\\/spettacolare-salvataggio-di-una-mucca-gravida-con-lelicottero-drago-71-dei-vigili-del-fuoco\\\/\",\"url\":\"https:\\\/\\\/www.bellunopress.it\\\/2020\\\/09\\\/30\\\/spettacolare-salvataggio-di-una-mucca-gravida-con-lelicottero-drago-71-dei-vigili-del-fuoco\\\/\",\"name\":\"Spettacolare salvataggio di una mucca gravida con l'elicottero Drago 71 dei Vigili del Fuoco - Bellunopress - Dolomiti\",\"isPartOf\":{\"@id\":\"https:\\\/\\\/www.bellunopress.it\\\/#website\"},\"primaryImageOfPage\":{\"@id\":\"https:\\\/\\\/www.bellunopress.it\\\/2020\\\/09\\\/30\\\/spettacolare-salvataggio-di-una-mucca-gravida-con-lelicottero-drago-71-dei-vigili-del-fuoco\\\/#primaryimage\"},\"image\":{\"@id\":\"https:\\\/\\\/www.bellunopress.it\\\/2020\\\/09\\\/30\\\/spettacolare-salvataggio-di-una-mucca-gravida-con-lelicottero-drago-71-dei-vigili-del-fuoco\\\/#primaryimage\"},\"thumbnailUrl\":\"https:\\\/\\\/www.bellunopress.it\\\/wp-content\\\/uploads\\\/2020\\\/09\\\/salvataggio-mucca-vigili-del-fuoco_edited.jpg\",\"datePublished\":\"2020-09-30T18:43:13+00:00\",\"dateModified\":\"2020-09-30T18:43:14+00:00\",\"breadcrumb\":{\"@id\":\"https:\\\/\\\/www.bellunopress.it\\\/2020\\\/09\\\/30\\\/spettacolare-salvataggio-di-una-mucca-gravida-con-lelicottero-drago-71-dei-vigili-del-fuoco\\\/#breadcrumb\"},\"inLanguage\":\"fr-FR\",\"potentialAction\":[{\"@type\":\"ReadAction\",\"target\":[\"https:\\\/\\\/www.bellunopress.it\\\/2020\\\/09\\\/30\\\/spettacolare-salvataggio-di-una-mucca-gravida-con-lelicottero-drago-71-dei-vigili-del-fuoco\\\/\"]}]},{\"@type\":\"ImageObject\",\"inLanguage\":\"fr-FR\",\"@id\":\"https:\\\/\\\/www.bellunopress.it\\\/2020\\\/09\\\/30\\\/spettacolare-salvataggio-di-una-mucca-gravida-con-lelicottero-drago-71-dei-vigili-del-fuoco\\\/#primaryimage\",\"url\":\"https:\\\/\\\/www.bellunopress.it\\\/wp-content\\\/uploads\\\/2020\\\/09\\\/salvataggio-mucca-vigili-del-fuoco_edited.jpg\",\"contentUrl\":\"https:\\\/\\\/www.bellunopress.it\\\/wp-content\\\/uploads\\\/2020\\\/09\\\/salvataggio-mucca-vigili-del-fuoco_edited.jpg\",\"width\":800,\"height\":771},{\"@type\":\"BreadcrumbList\",\"@id\":\"https:\\\/\\\/www.bellunopress.it\\\/2020\\\/09\\\/30\\\/spettacolare-salvataggio-di-una-mucca-gravida-con-lelicottero-drago-71-dei-vigili-del-fuoco\\\/#breadcrumb\",\"itemListElement\":[{\"@type\":\"ListItem\",\"position\":1,\"name\":\"Home\",\"item\":\"https:\\\/\\\/www.bellunopress.it\\\/\"},{\"@type\":\"ListItem\",\"position\":2,\"name\":\"Spettacolare salvataggio di una mucca gravida con l&#8217;elicottero Drago 71 dei Vigili del Fuoco\"}]},{\"@type\":\"WebSite\",\"@id\":\"https:\\\/\\\/www.bellunopress.it\\\/#website\",\"url\":\"https:\\\/\\\/www.bellunopress.it\\\/\",\"name\":\"Bellunopress - Dolomiti\",\"description\":\"e-mail: redazione@bellunopress.it\",\"publisher\":{\"@id\":\"https:\\\/\\\/www.bellunopress.it\\\/#organization\"},\"potentialAction\":[{\"@type\":\"SearchAction\",\"target\":{\"@type\":\"EntryPoint\",\"urlTemplate\":\"https:\\\/\\\/www.bellunopress.it\\\/?s={search_term_string}\"},\"query-input\":{\"@type\":\"PropertyValueSpecification\",\"valueRequired\":true,\"valueName\":\"search_term_string\"}}],\"inLanguage\":\"fr-FR\"},{\"@type\":\"Organization\",\"@id\":\"https:\\\/\\\/www.bellunopress.it\\\/#organization\",\"name\":\"Bellunopress\",\"url\":\"https:\\\/\\\/www.bellunopress.it\\\/\",\"logo\":{\"@type\":\"ImageObject\",\"inLanguage\":\"fr-FR\",\"@id\":\"https:\\\/\\\/www.bellunopress.it\\\/#\\\/schema\\\/logo\\\/image\\\/\",\"url\":\"https:\\\/\\\/www.bellunopress.it\\\/wp-content\\\/uploads\\\/2011\\\/05\\\/cropped-logo-bellunopress-.jpg\",\"contentUrl\":\"https:\\\/\\\/www.bellunopress.it\\\/wp-content\\\/uploads\\\/2011\\\/05\\\/cropped-logo-bellunopress-.jpg\",\"width\":512,\"height\":512,\"caption\":\"Bellunopress\"},\"image\":{\"@id\":\"https:\\\/\\\/www.bellunopress.it\\\/#\\\/schema\\\/logo\\\/image\\\/\"},\"sameAs\":[\"https:\\\/\\\/www.facebook.com\\\/profile.php?id=100008943462799\",\"https:\\\/\\\/x.com\\\/bellunopress\",\"https:\\\/\\\/www.linkedin.com\\\/hp\\\/?dnr=JBzUWaJfMUw8vbXJJ2tVW5-I3jZKvC4wsoxE&amp;amp;amp;amp;amp;amp;trk=nav_responsive_tab_home\",\"https:\\\/\\\/www.youtube.com\\\/channel\\\/UCxL0wu1uN0_3_7hGG0306cw\"]},{\"@type\":\"Person\",\"@id\":\"https:\\\/\\\/www.bellunopress.it\\\/#\\\/schema\\\/person\\\/79bb06722b37ece1c03d3e94beb30d73\",\"name\":\"redazione\",\"image\":{\"@type\":\"ImageObject\",\"inLanguage\":\"fr-FR\",\"@id\":\"https:\\\/\\\/secure.gravatar.com\\\/avatar\\\/37d968a2e67a6fd04c169c4bdef102d0bc5d31b2546345219e348575eb80e9a0?s=96&d=mm&r=g\",\"url\":\"https:\\\/\\\/secure.gravatar.com\\\/avatar\\\/37d968a2e67a6fd04c169c4bdef102d0bc5d31b2546345219e348575eb80e9a0?s=96&d=mm&r=g\",\"contentUrl\":\"https:\\\/\\\/secure.gravatar.com\\\/avatar\\\/37d968a2e67a6fd04c169c4bdef102d0bc5d31b2546345219e348575eb80e9a0?s=96&d=mm&r=g\",\"caption\":\"redazione\"},\"sameAs\":[\"http:\\\/\\\/www.bellunopress.it\",\"https:\\\/\\\/x.com\\\/bellunopress\"],\"url\":\"https:\\\/\\\/www.bellunopress.it\\\/fr\\\/author\\\/redazione\\\/\"}]}<\/script>\n<!-- \/ Yoast SEO plugin. -->","yoast_head_json":{"title":"Spettacolare salvataggio di una mucca gravida con l'elicottero Drago 71 dei Vigili del Fuoco - Bellunopress - Dolomiti","robots":{"index":"index","follow":"follow","max-snippet":"max-snippet:-1","max-image-preview":"max-image-preview:large","max-video-preview":"max-video-preview:-1"},"canonical":"https:\/\/www.bellunopress.it\/fr\/2020\/09\/30\/spettacolare-salvataggio-di-una-mucca-gravida-con-lelicottero-drago-71-dei-vigili-del-fuoco\/","og_locale":"fr_FR","og_type":"article","og_title":"Spettacolare salvataggio di una mucca gravida con l'elicottero Drago 71 dei Vigili del Fuoco - Bellunopress - Dolomiti","og_description":"Nel primo pomeriggio di oggi, mercoled\u00ec 30 settembre, i vigili del fuoco sono intervenuti con l\u2019elicottero Drago 71 sul Monte Tomatico a circa 900 metri di quota nel comune di Feltre per il recupero di una mucca gravida. L&#8217;animale era finito in un dirupo e non era pi\u00f9 in grado di risalire il pendio. Il [&hellip;]","og_url":"https:\/\/www.bellunopress.it\/fr\/2020\/09\/30\/spettacolare-salvataggio-di-una-mucca-gravida-con-lelicottero-drago-71-dei-vigili-del-fuoco\/","og_site_name":"Bellunopress - Dolomiti","article_publisher":"https:\/\/www.facebook.com\/profile.php?id=100008943462799","article_published_time":"2020-09-30T18:43:13+00:00","article_modified_time":"2020-09-30T18:43:14+00:00","og_image":[{"width":800,"height":771,"url":"https:\/\/www.bellunopress.it\/wp-content\/uploads\/2020\/09\/salvataggio-mucca-vigili-del-fuoco_edited.jpg","type":"image\/jpeg"}],"author":"redazione","twitter_card":"summary_large_image","twitter_creator":"@bellunopress","twitter_site":"@bellunopress","twitter_misc":{"\u00c9crit par":"redazione","Dur\u00e9e de lecture estim\u00e9e":"1 minute"},"schema":{"@context":"https:\/\/schema.org","@graph":[{"@type":"Article","@id":"https:\/\/www.bellunopress.it\/2020\/09\/30\/spettacolare-salvataggio-di-una-mucca-gravida-con-lelicottero-drago-71-dei-vigili-del-fuoco\/#article","isPartOf":{"@id":"https:\/\/www.bellunopress.it\/2020\/09\/30\/spettacolare-salvataggio-di-una-mucca-gravida-con-lelicottero-drago-71-dei-vigili-del-fuoco\/"},"author":{"name":"redazione","@id":"https:\/\/www.bellunopress.it\/#\/schema\/person\/79bb06722b37ece1c03d3e94beb30d73"},"headline":"Spettacolare salvataggio di una mucca gravida con l&#8217;elicottero Drago 71 dei Vigili del Fuoco","datePublished":"2020-09-30T18:43:13+00:00","dateModified":"2020-09-30T18:43:14+00:00","mainEntityOfPage":{"@id":"https:\/\/www.bellunopress.it\/2020\/09\/30\/spettacolare-salvataggio-di-una-mucca-gravida-con-lelicottero-drago-71-dei-vigili-del-fuoco\/"},"wordCount":135,"publisher":{"@id":"https:\/\/www.bellunopress.it\/#organization"},"image":{"@id":"https:\/\/www.bellunopress.it\/2020\/09\/30\/spettacolare-salvataggio-di-una-mucca-gravida-con-lelicottero-drago-71-dei-vigili-del-fuoco\/#primaryimage"},"thumbnailUrl":"https:\/\/www.bellunopress.it\/wp-content\/uploads\/2020\/09\/salvataggio-mucca-vigili-del-fuoco_edited.jpg","articleSection":["Cronaca\/Politica","Prima Pagina"],"inLanguage":"fr-FR"},{"@type":"WebPage","@id":"https:\/\/www.bellunopress.it\/2020\/09\/30\/spettacolare-salvataggio-di-una-mucca-gravida-con-lelicottero-drago-71-dei-vigili-del-fuoco\/","url":"https:\/\/www.bellunopress.it\/2020\/09\/30\/spettacolare-salvataggio-di-una-mucca-gravida-con-lelicottero-drago-71-dei-vigili-del-fuoco\/","name":"Spettacolare salvataggio di una mucca gravida con l'elicottero Drago 71 dei Vigili del Fuoco - Bellunopress - Dolomiti","isPartOf":{"@id":"https:\/\/www.bellunopress.it\/#website"},"primaryImageOfPage":{"@id":"https:\/\/www.bellunopress.it\/2020\/09\/30\/spettacolare-salvataggio-di-una-mucca-gravida-con-lelicottero-drago-71-dei-vigili-del-fuoco\/#primaryimage"},"image":{"@id":"https:\/\/www.bellunopress.it\/2020\/09\/30\/spettacolare-salvataggio-di-una-mucca-gravida-con-lelicottero-drago-71-dei-vigili-del-fuoco\/#primaryimage"},"thumbnailUrl":"https:\/\/www.bellunopress.it\/wp-content\/uploads\/2020\/09\/salvataggio-mucca-vigili-del-fuoco_edited.jpg","datePublished":"2020-09-30T18:43:13+00:00","dateModified":"2020-09-30T18:43:14+00:00","breadcrumb":{"@id":"https:\/\/www.bellunopress.it\/2020\/09\/30\/spettacolare-salvataggio-di-una-mucca-gravida-con-lelicottero-drago-71-dei-vigili-del-fuoco\/#breadcrumb"},"inLanguage":"fr-FR","potentialAction":[{"@type":"ReadAction","target":["https:\/\/www.bellunopress.it\/2020\/09\/30\/spettacolare-salvataggio-di-una-mucca-gravida-con-lelicottero-drago-71-dei-vigili-del-fuoco\/"]}]},{"@type":"ImageObject","inLanguage":"fr-FR","@id":"https:\/\/www.bellunopress.it\/2020\/09\/30\/spettacolare-salvataggio-di-una-mucca-gravida-con-lelicottero-drago-71-dei-vigili-del-fuoco\/#primaryimage","url":"https:\/\/www.bellunopress.it\/wp-content\/uploads\/2020\/09\/salvataggio-mucca-vigili-del-fuoco_edited.jpg","contentUrl":"https:\/\/www.bellunopress.it\/wp-content\/uploads\/2020\/09\/salvataggio-mucca-vigili-del-fuoco_edited.jpg","width":800,"height":771},{"@type":"BreadcrumbList","@id":"https:\/\/www.bellunopress.it\/2020\/09\/30\/spettacolare-salvataggio-di-una-mucca-gravida-con-lelicottero-drago-71-dei-vigili-del-fuoco\/#breadcrumb","itemListElement":[{"@type":"ListItem","position":1,"name":"Home","item":"https:\/\/www.bellunopress.it\/"},{"@type":"ListItem","position":2,"name":"Spettacolare salvataggio di una mucca gravida con l&#8217;elicottero Drago 71 dei Vigili del Fuoco"}]},{"@type":"WebSite","@id":"https:\/\/www.bellunopress.it\/#website","url":"https:\/\/www.bellunopress.it\/","name":"Bellunopress - Dolomiti","description":"e-mail: redazione@bellunopress.it","publisher":{"@id":"https:\/\/www.bellunopress.it\/#organization"},"potentialAction":[{"@type":"SearchAction","target":{"@type":"EntryPoint","urlTemplate":"https:\/\/www.bellunopress.it\/?s={search_term_string}"},"query-input":{"@type":"PropertyValueSpecification","valueRequired":true,"valueName":"search_term_string"}}],"inLanguage":"fr-FR"},{"@type":"Organization","@id":"https:\/\/www.bellunopress.it\/#organization","name":"Bellunopress","url":"https:\/\/www.bellunopress.it\/","logo":{"@type":"ImageObject","inLanguage":"fr-FR","@id":"https:\/\/www.bellunopress.it\/#\/schema\/logo\/image\/","url":"https:\/\/www.bellunopress.it\/wp-content\/uploads\/2011\/05\/cropped-logo-bellunopress-.jpg","contentUrl":"https:\/\/www.bellunopress.it\/wp-content\/uploads\/2011\/05\/cropped-logo-bellunopress-.jpg","width":512,"height":512,"caption":"Bellunopress"},"image":{"@id":"https:\/\/www.bellunopress.it\/#\/schema\/logo\/image\/"},"sameAs":["https:\/\/www.facebook.com\/profile.php?id=100008943462799","https:\/\/x.com\/bellunopress","https:\/\/www.linkedin.com\/hp\/?dnr=JBzUWaJfMUw8vbXJJ2tVW5-I3jZKvC4wsoxE&amp;amp;amp;amp;amp;amp;trk=nav_responsive_tab_home","https:\/\/www.youtube.com\/channel\/UCxL0wu1uN0_3_7hGG0306cw"]},{"@type":"Person","@id":"https:\/\/www.bellunopress.it\/#\/schema\/person\/79bb06722b37ece1c03d3e94beb30d73","name":"r\u00e9daction","image":{"@type":"ImageObject","inLanguage":"fr-FR","@id":"https:\/\/secure.gravatar.com\/avatar\/37d968a2e67a6fd04c169c4bdef102d0bc5d31b2546345219e348575eb80e9a0?s=96&d=mm&r=g","url":"https:\/\/secure.gravatar.com\/avatar\/37d968a2e67a6fd04c169c4bdef102d0bc5d31b2546345219e348575eb80e9a0?s=96&d=mm&r=g","contentUrl":"https:\/\/secure.gravatar.com\/avatar\/37d968a2e67a6fd04c169c4bdef102d0bc5d31b2546345219e348575eb80e9a0?s=96&d=mm&r=g","caption":"redazione"},"sameAs":["http:\/\/www.bellunopress.it","https:\/\/x.com\/bellunopress"],"url":"https:\/\/www.bellunopress.it\/fr\/author\/redazione\/"}]}},"_links":{"self":[{"href":"https:\/\/www.bellunopress.it\/fr\/wp-json\/wp\/v2\/posts\/118064","targetHints":{"allow":["GET"]}}],"collection":[{"href":"https:\/\/www.bellunopress.it\/fr\/wp-json\/wp\/v2\/posts"}],"about":[{"href":"https:\/\/www.bellunopress.it\/fr\/wp-json\/wp\/v2\/types\/post"}],"author":[{"embeddable":true,"href":"https:\/\/www.bellunopress.it\/fr\/wp-json\/wp\/v2\/users\/2"}],"replies":[{"embeddable":true,"href":"https:\/\/www.bellunopress.it\/fr\/wp-json\/wp\/v2\/comments?post=118064"}],"version-history":[{"count":2,"href":"https:\/\/www.bellunopress.it\/fr\/wp-json\/wp\/v2\/posts\/118064\/revisions"}],"predecessor-version":[{"id":118067,"href":"https:\/\/www.bellunopress.it\/fr\/wp-json\/wp\/v2\/posts\/118064\/revisions\/118067"}],"wp:featuredmedia":[{"embeddable":true,"href":"https:\/\/www.bellunopress.it\/fr\/wp-json\/wp\/v2\/media\/118065"}],"wp:attachment":[{"href":"https:\/\/www.bellunopress.it\/fr\/wp-json\/wp\/v2\/media?parent=118064"}],"wp:term":[{"taxonomy":"category","embeddable":true,"href":"https:\/\/www.bellunopress.it\/fr\/wp-json\/wp\/v2\/categories?post=118064"},{"taxonomy":"post_tag","embeddable":true,"href":"https:\/\/www.bellunopress.it\/fr\/wp-json\/wp\/v2\/tags?post=118064"}],"curies":[{"name":"wp","href":"https:\/\/api.w.org\/{rel}","templated":true}]}}