{"id":118059,"date":"2020-09-30T20:27:29","date_gmt":"2020-09-30T18:27:29","guid":{"rendered":"http:\/\/www.bellunopress.it\/?p=118059"},"modified":"2020-09-30T20:27:30","modified_gmt":"2020-09-30T18:27:30","slug":"nevegal-apriranno-gli-impianti-sciistici-lappello-del-presidente-associazione-proprietari","status":"publish","type":"post","link":"https:\/\/www.bellunopress.it\/fr\/2020\/09\/30\/nevegal-apriranno-gli-impianti-sciistici-lappello-del-presidente-associazione-proprietari\/","title":{"rendered":"Nevegal. Apriranno gli impianti sciistici? L&#8217;appello del presidente Associazione proprietari"},"content":{"rendered":"<figure id=\"attachment_118060\" aria-describedby=\"caption-attachment-118060\" style=\"width: 800px\" class=\"wp-caption alignleft\"><a href=\"http:\/\/www.bellunopress.it\/fr\/2020\/09\/30\/nevegal-apriranno-gli-impianti-sciistici-lappello-del-presidente-associazione-proprietari\/alba-in-nevegal-30-09_edited\/\" rel=\"attachment wp-att-118060\"><img loading=\"lazy\" decoding=\"async\" class=\"size-full wp-image-118060\" src=\"http:\/\/www.bellunopress.it\/wp-content\/uploads\/2020\/09\/Alba-in-Nevegal-30.09_edited.jpg\" alt=\"\" width=\"800\" height=\"526\" srcset=\"https:\/\/www.bellunopress.it\/wp-content\/uploads\/2020\/09\/Alba-in-Nevegal-30.09_edited.jpg 800w, https:\/\/www.bellunopress.it\/wp-content\/uploads\/2020\/09\/Alba-in-Nevegal-30.09_edited-500x329.jpg 500w, https:\/\/www.bellunopress.it\/wp-content\/uploads\/2020\/09\/Alba-in-Nevegal-30.09_edited-696x458.jpg 696w, https:\/\/www.bellunopress.it\/wp-content\/uploads\/2020\/09\/Alba-in-Nevegal-30.09_edited-639x420.jpg 639w, https:\/\/www.bellunopress.it\/wp-content\/uploads\/2020\/09\/Alba-in-Nevegal-30.09_edited-741x486.jpg 741w\" sizes=\"auto, (max-width: 800px) 100vw, 800px\" \/><\/a><figcaption id=\"caption-attachment-118060\" class=\"wp-caption-text\">Piazzale del Nevegal all&#8217;alba<\/figcaption><\/figure>\n<p>Il presidente dell\u2019Associazione Proprietari Nevegal, Daniele Ciani, esprime viva preoccupazione per le recenti notizie di una possibile chiusura della seggiovia per la imminente stagione invernale, dopo che \u00e8 gi\u00e0 stata chiusa per tutta la stagione estiva.<\/p>\n<p>&#8220;A fronte di questa notizia che ci ha colto di sorpresa dopo le ripetute assicurazioni da parte del sindaco del Comune di Belluno, siamo rimasti sconcertati e a dir poco sbalorditi! &#8211; dichiara il presidente Ciani &#8211; Ma come pu\u00f2 essere! Non pi\u00f9 tardi del 19 maggio 2020 il Consiglio Regionale del Veneto aveva approvato un ordine del giorno dedicato espressamente al Nevegal con il titolo &#8216;Interventi a sostegno della stazione sciistica del Nevegal a Belluno&#8217;. Con questo ordine del giorno impegnava la Giunta regionale a &#8216;sostenere il Comune di Belluno, qualora lo stesso rientrasse in possesso degli impianti sciistici del Nevegal, negli interventi destinati alla manutenzione, revisione e\/o miglioramento degli impianti di risalita, e connesso impianto di innevamento artificiale, considerato l\u2019interesse che la localit\u00e0 riveste nell\u2019offerta turistica e nell\u2019economia del territorio non solo bellunese&#8217;. Ed oggi\u00a0 &#8211; prosegue Daniele Ciani &#8211; si parla di chiusura degli impianti per tutto l\u2019inverno 2020-2021!<\/p>\n<p>E\u2019 evidente a tutti che la chiusura degli impianti sciistici, abbinata ai cambiamenti climatici in atto, determinerebbe una situazione irreversibile per la sopravvivenza stessa della localit\u00e0 turistica.<br \/>\nSecondo il presidente dell&#8217;Associazione Proprietari Nevegal, &#8220;la chiusura degli impianti oltre a rischiare di essere un irreparabile danno per tutti gli operatori turistici del Colle e per l\u2019indotto che ne viene generato, arrecher\u00e0 gravi perdite economiche e di immagine per l\u2019intera citt\u00e0 di Belluno.<br \/>\nMa vogliamo sottolineare il fatto che chi ci rimetter\u00e0 di pi\u00f9 ancora sono proprio coloro che hanno sempre creduto nel Nevegal, tanto che hanno investito direttamente i loro capitali acquistandone gli immobili&#8221;.<\/p>\n<figure id=\"attachment_118061\" aria-describedby=\"caption-attachment-118061\" style=\"width: 744px\" class=\"wp-caption alignleft\"><a href=\"http:\/\/www.bellunopress.it\/fr\/2020\/09\/30\/nevegal-apriranno-gli-impianti-sciistici-lappello-del-presidente-associazione-proprietari\/nevegal-le-torri-30-09_edited\/\" rel=\"attachment wp-att-118061\"><img loading=\"lazy\" decoding=\"async\" class=\"size-full wp-image-118061\" src=\"http:\/\/www.bellunopress.it\/wp-content\/uploads\/2020\/09\/NEVEGAL-LE-TORRI-30.09_edited.jpg\" alt=\"\" width=\"744\" height=\"506\" srcset=\"https:\/\/www.bellunopress.it\/wp-content\/uploads\/2020\/09\/NEVEGAL-LE-TORRI-30.09_edited.jpg 744w, https:\/\/www.bellunopress.it\/wp-content\/uploads\/2020\/09\/NEVEGAL-LE-TORRI-30.09_edited-500x340.jpg 500w, https:\/\/www.bellunopress.it\/wp-content\/uploads\/2020\/09\/NEVEGAL-LE-TORRI-30.09_edited-696x473.jpg 696w, https:\/\/www.bellunopress.it\/wp-content\/uploads\/2020\/09\/NEVEGAL-LE-TORRI-30.09_edited-618x420.jpg 618w\" sizes=\"auto, (max-width: 744px) 100vw, 744px\" \/><\/a><figcaption id=\"caption-attachment-118061\" class=\"wp-caption-text\">Le Torri &#8211; Nevegal (Belluno)<\/figcaption><\/figure>\n<p>Da anni la situazione di incertezza (una vera e propria altalena di notizie negative alternata ad alcune positive) sul futuro della localit\u00e0 turistica ha determinato un danno di immagine con la conseguente costante svalutazione degli appartamenti, ma la chiusura degli impianti potrebbe rappresentare un vero e proprio collasso di tutto il complesso immobiliare del Nevegal&#8221;.<br \/>\nSotto il profilo immobiliare, Ciani ipotizza un effetto domino, sostenendo che: &#8220;essendo i mercati interconnessi, l\u2019inevitabile tracollo dei prezzi degli immobili in Nevegal avrebbe sicuramente ripercussioni negative anche su quelli di tutto il Comune di Belluno&#8221;.<\/p>\n<p>C&#8217;\u00e8 poi quella che il presidente dei Proprietari Nevegal chiama il &#8220;debito morale di Belluno nei confronti di tutti coloro hanno investito in immobili in questa localit\u00e0 turistica. Purtroppo, nel tempo qualcuno ha avuto interesse a far passare il messaggio che il Colle del Nevegal fosse per la citt\u00e0 di Belluno un problema economico e non una straordinaria risorsa per tutta la comunit\u00e0&#8221;.<br \/>\nSorprende, infine, la richiesta surreale del presidente al Comune di Belluno &#8220;affinch\u00e9 almeno il 50% dell\u2019IMU, riscosso annualmente dalle seconde case esistenti sul Colle del Nevegal, fosse reinvestito per valorizzare il Centro Turistico, a cominciare dal rinnovamento degli impianti sciistici, dall\u2019idoneo innevamento ed apertura di tutte le piste da sci oggi chiuse ed inutilizzate, la stazione turistica potrebbe vivere una seconda alba e rinascere con le proprie forze&#8221;.<\/p>\n<p>Non abbiamo notizia, infatti, di localit\u00e0 turistiche laddove i proprietari di seconde case intervengano nell&#8217;amministrazione di quel Comune.<\/p>\n<p>&#8220;Siamo orgogliosi di ribadire che il Nevegal, questa splendida localit\u00e0 turistica, \u00e8 uno dei pi\u00f9 bei biglietti da visita che Belluno e l\u2019intera Provincia possano offrire non solo alla moltitudine di villeggianti che frequentano questi luoghi ma anche a tutti quegli operatori economici che hanno la capacit\u00e0 di contribuire allo sviluppo del nostro territorio. L\u2019Associazione Proprietari Nevegal &#8211; conclude Ciani &#8211; invita gli Enti Istituzionali competenti territorialmente (Comune, Provincia, Regione, Unit\u00e0 Montana) a collaborare e con l\u2019aiuto di investitori privati ad agire concretamente ed a superare in tempi brevissimi questa situazione di stallo al fine di assicurare al Colle quel futuro che merita&#8221;.<\/p>\n<p>&nbsp;<\/p>\n<p>&nbsp;<\/p>\n<p>&nbsp;<\/p>\n<p>&nbsp;<\/p>\n<p>&nbsp;<\/p>","protected":false},"excerpt":{"rendered":"<p>Il presidente dell\u2019Associazione Proprietari Nevegal, Daniele Ciani, esprime viva preoccupazione per le recenti notizie di una possibile chiusura della seggiovia per la imminente stagione invernale, dopo che \u00e8 gi\u00e0 stata chiusa per tutta la stagione estiva. &#8220;A fronte di questa notizia che ci ha colto di sorpresa dopo le ripetute assicurazioni da parte del sindaco [&hellip;]<\/p>\n","protected":false},"author":2,"featured_media":118061,"comment_status":"closed","ping_status":"open","sticky":false,"template":"","format":"standard","meta":{"footnotes":""},"categories":[36,26],"tags":[],"class_list":["post-118059","post","type-post","status-publish","format-standard","has-post-thumbnail","category-lavoro-economia","category-prima-pagina"],"yoast_head":"<!-- This site is optimized with the Yoast SEO plugin v28.4 - https:\/\/yoast.com\/product\/yoast-seo-wordpress\/ -->\n<title>Nevegal. Apriranno gli impianti sciistici? L&#039;appello del presidente Associazione proprietari - Bellunopress - Dolomiti<\/title>\n<meta name=\"robots\" content=\"index, follow, max-snippet:-1, max-image-preview:large, max-video-preview:-1\" \/>\n<link rel=\"canonical\" href=\"https:\/\/www.bellunopress.it\/fr\/2020\/09\/30\/nevegal-apriranno-gli-impianti-sciistici-lappello-del-presidente-associazione-proprietari\/\" \/>\n<meta property=\"og:locale\" content=\"fr_FR\" \/>\n<meta property=\"og:type\" content=\"article\" \/>\n<meta property=\"og:title\" content=\"Nevegal. Apriranno gli impianti sciistici? L&#039;appello del presidente Associazione proprietari - Bellunopress - Dolomiti\" \/>\n<meta property=\"og:description\" content=\"Il presidente dell\u2019Associazione Proprietari Nevegal, Daniele Ciani, esprime viva preoccupazione per le recenti notizie di una possibile chiusura della seggiovia per la imminente stagione invernale, dopo che \u00e8 gi\u00e0 stata chiusa per tutta la stagione estiva. &#8220;A fronte di questa notizia che ci ha colto di sorpresa dopo le ripetute assicurazioni da parte del sindaco [&hellip;]\" \/>\n<meta property=\"og:url\" content=\"https:\/\/www.bellunopress.it\/fr\/2020\/09\/30\/nevegal-apriranno-gli-impianti-sciistici-lappello-del-presidente-associazione-proprietari\/\" \/>\n<meta property=\"og:site_name\" content=\"Bellunopress - Dolomiti\" \/>\n<meta property=\"article:publisher\" content=\"https:\/\/www.facebook.com\/profile.php?id=100008943462799\" \/>\n<meta property=\"article:published_time\" content=\"2020-09-30T18:27:29+00:00\" \/>\n<meta property=\"article:modified_time\" content=\"2020-09-30T18:27:30+00:00\" \/>\n<meta property=\"og:image\" content=\"https:\/\/www.bellunopress.it\/wp-content\/uploads\/2020\/09\/NEVEGAL-LE-TORRI-30.09_edited.jpg\" \/>\n\t<meta property=\"og:image:width\" content=\"744\" \/>\n\t<meta property=\"og:image:height\" content=\"506\" \/>\n\t<meta property=\"og:image:type\" content=\"image\/jpeg\" \/>\n<meta name=\"author\" content=\"redazione\" \/>\n<meta name=\"twitter:card\" content=\"summary_large_image\" \/>\n<meta name=\"twitter:creator\" content=\"@bellunopress\" \/>\n<meta name=\"twitter:site\" content=\"@bellunopress\" \/>\n<meta name=\"twitter:label1\" content=\"\u00c9crit par\" \/>\n\t<meta name=\"twitter:data1\" content=\"redazione\" \/>\n\t<meta name=\"twitter:label2\" content=\"Dur\u00e9e de lecture estim\u00e9e\" \/>\n\t<meta name=\"twitter:data2\" content=\"3 minutes\" \/>\n<script type=\"application\/ld+json\" class=\"yoast-schema-graph\">{\"@context\":\"https:\\\/\\\/schema.org\",\"@graph\":[{\"@type\":\"Article\",\"@id\":\"https:\\\/\\\/www.bellunopress.it\\\/2020\\\/09\\\/30\\\/nevegal-apriranno-gli-impianti-sciistici-lappello-del-presidente-associazione-proprietari\\\/#article\",\"isPartOf\":{\"@id\":\"https:\\\/\\\/www.bellunopress.it\\\/2020\\\/09\\\/30\\\/nevegal-apriranno-gli-impianti-sciistici-lappello-del-presidente-associazione-proprietari\\\/\"},\"author\":{\"name\":\"redazione\",\"@id\":\"https:\\\/\\\/www.bellunopress.it\\\/#\\\/schema\\\/person\\\/79bb06722b37ece1c03d3e94beb30d73\"},\"headline\":\"Nevegal. Apriranno gli impianti sciistici? L&#8217;appello del presidente Associazione proprietari\",\"datePublished\":\"2020-09-30T18:27:29+00:00\",\"dateModified\":\"2020-09-30T18:27:30+00:00\",\"mainEntityOfPage\":{\"@id\":\"https:\\\/\\\/www.bellunopress.it\\\/2020\\\/09\\\/30\\\/nevegal-apriranno-gli-impianti-sciistici-lappello-del-presidente-associazione-proprietari\\\/\"},\"wordCount\":685,\"publisher\":{\"@id\":\"https:\\\/\\\/www.bellunopress.it\\\/#organization\"},\"image\":{\"@id\":\"https:\\\/\\\/www.bellunopress.it\\\/2020\\\/09\\\/30\\\/nevegal-apriranno-gli-impianti-sciistici-lappello-del-presidente-associazione-proprietari\\\/#primaryimage\"},\"thumbnailUrl\":\"https:\\\/\\\/www.bellunopress.it\\\/wp-content\\\/uploads\\\/2020\\\/09\\\/NEVEGAL-LE-TORRI-30.09_edited.jpg\",\"articleSection\":[\"Lavoro, Economia, Turismo\",\"Prima Pagina\"],\"inLanguage\":\"fr-FR\"},{\"@type\":\"WebPage\",\"@id\":\"https:\\\/\\\/www.bellunopress.it\\\/2020\\\/09\\\/30\\\/nevegal-apriranno-gli-impianti-sciistici-lappello-del-presidente-associazione-proprietari\\\/\",\"url\":\"https:\\\/\\\/www.bellunopress.it\\\/2020\\\/09\\\/30\\\/nevegal-apriranno-gli-impianti-sciistici-lappello-del-presidente-associazione-proprietari\\\/\",\"name\":\"Nevegal. Apriranno gli impianti sciistici? L'appello del presidente Associazione proprietari - Bellunopress - Dolomiti\",\"isPartOf\":{\"@id\":\"https:\\\/\\\/www.bellunopress.it\\\/#website\"},\"primaryImageOfPage\":{\"@id\":\"https:\\\/\\\/www.bellunopress.it\\\/2020\\\/09\\\/30\\\/nevegal-apriranno-gli-impianti-sciistici-lappello-del-presidente-associazione-proprietari\\\/#primaryimage\"},\"image\":{\"@id\":\"https:\\\/\\\/www.bellunopress.it\\\/2020\\\/09\\\/30\\\/nevegal-apriranno-gli-impianti-sciistici-lappello-del-presidente-associazione-proprietari\\\/#primaryimage\"},\"thumbnailUrl\":\"https:\\\/\\\/www.bellunopress.it\\\/wp-content\\\/uploads\\\/2020\\\/09\\\/NEVEGAL-LE-TORRI-30.09_edited.jpg\",\"datePublished\":\"2020-09-30T18:27:29+00:00\",\"dateModified\":\"2020-09-30T18:27:30+00:00\",\"breadcrumb\":{\"@id\":\"https:\\\/\\\/www.bellunopress.it\\\/2020\\\/09\\\/30\\\/nevegal-apriranno-gli-impianti-sciistici-lappello-del-presidente-associazione-proprietari\\\/#breadcrumb\"},\"inLanguage\":\"fr-FR\",\"potentialAction\":[{\"@type\":\"ReadAction\",\"target\":[\"https:\\\/\\\/www.bellunopress.it\\\/2020\\\/09\\\/30\\\/nevegal-apriranno-gli-impianti-sciistici-lappello-del-presidente-associazione-proprietari\\\/\"]}]},{\"@type\":\"ImageObject\",\"inLanguage\":\"fr-FR\",\"@id\":\"https:\\\/\\\/www.bellunopress.it\\\/2020\\\/09\\\/30\\\/nevegal-apriranno-gli-impianti-sciistici-lappello-del-presidente-associazione-proprietari\\\/#primaryimage\",\"url\":\"https:\\\/\\\/www.bellunopress.it\\\/wp-content\\\/uploads\\\/2020\\\/09\\\/NEVEGAL-LE-TORRI-30.09_edited.jpg\",\"contentUrl\":\"https:\\\/\\\/www.bellunopress.it\\\/wp-content\\\/uploads\\\/2020\\\/09\\\/NEVEGAL-LE-TORRI-30.09_edited.jpg\",\"width\":744,\"height\":506,\"caption\":\"Le Torri - Nevegal (Belluno)\"},{\"@type\":\"BreadcrumbList\",\"@id\":\"https:\\\/\\\/www.bellunopress.it\\\/2020\\\/09\\\/30\\\/nevegal-apriranno-gli-impianti-sciistici-lappello-del-presidente-associazione-proprietari\\\/#breadcrumb\",\"itemListElement\":[{\"@type\":\"ListItem\",\"position\":1,\"name\":\"Home\",\"item\":\"https:\\\/\\\/www.bellunopress.it\\\/\"},{\"@type\":\"ListItem\",\"position\":2,\"name\":\"Nevegal. Apriranno gli impianti sciistici? L&#8217;appello del presidente Associazione proprietari\"}]},{\"@type\":\"WebSite\",\"@id\":\"https:\\\/\\\/www.bellunopress.it\\\/#website\",\"url\":\"https:\\\/\\\/www.bellunopress.it\\\/\",\"name\":\"Bellunopress - Dolomiti\",\"description\":\"e-mail: redazione@bellunopress.it\",\"publisher\":{\"@id\":\"https:\\\/\\\/www.bellunopress.it\\\/#organization\"},\"potentialAction\":[{\"@type\":\"SearchAction\",\"target\":{\"@type\":\"EntryPoint\",\"urlTemplate\":\"https:\\\/\\\/www.bellunopress.it\\\/?s={search_term_string}\"},\"query-input\":{\"@type\":\"PropertyValueSpecification\",\"valueRequired\":true,\"valueName\":\"search_term_string\"}}],\"inLanguage\":\"fr-FR\"},{\"@type\":\"Organization\",\"@id\":\"https:\\\/\\\/www.bellunopress.it\\\/#organization\",\"name\":\"Bellunopress\",\"url\":\"https:\\\/\\\/www.bellunopress.it\\\/\",\"logo\":{\"@type\":\"ImageObject\",\"inLanguage\":\"fr-FR\",\"@id\":\"https:\\\/\\\/www.bellunopress.it\\\/#\\\/schema\\\/logo\\\/image\\\/\",\"url\":\"https:\\\/\\\/www.bellunopress.it\\\/wp-content\\\/uploads\\\/2011\\\/05\\\/cropped-logo-bellunopress-.jpg\",\"contentUrl\":\"https:\\\/\\\/www.bellunopress.it\\\/wp-content\\\/uploads\\\/2011\\\/05\\\/cropped-logo-bellunopress-.jpg\",\"width\":512,\"height\":512,\"caption\":\"Bellunopress\"},\"image\":{\"@id\":\"https:\\\/\\\/www.bellunopress.it\\\/#\\\/schema\\\/logo\\\/image\\\/\"},\"sameAs\":[\"https:\\\/\\\/www.facebook.com\\\/profile.php?id=100008943462799\",\"https:\\\/\\\/x.com\\\/bellunopress\",\"https:\\\/\\\/www.linkedin.com\\\/hp\\\/?dnr=JBzUWaJfMUw8vbXJJ2tVW5-I3jZKvC4wsoxE&amp;amp;amp;amp;amp;amp;trk=nav_responsive_tab_home\",\"https:\\\/\\\/www.youtube.com\\\/channel\\\/UCxL0wu1uN0_3_7hGG0306cw\"]},{\"@type\":\"Person\",\"@id\":\"https:\\\/\\\/www.bellunopress.it\\\/#\\\/schema\\\/person\\\/79bb06722b37ece1c03d3e94beb30d73\",\"name\":\"redazione\",\"image\":{\"@type\":\"ImageObject\",\"inLanguage\":\"fr-FR\",\"@id\":\"https:\\\/\\\/secure.gravatar.com\\\/avatar\\\/37d968a2e67a6fd04c169c4bdef102d0bc5d31b2546345219e348575eb80e9a0?s=96&d=mm&r=g\",\"url\":\"https:\\\/\\\/secure.gravatar.com\\\/avatar\\\/37d968a2e67a6fd04c169c4bdef102d0bc5d31b2546345219e348575eb80e9a0?s=96&d=mm&r=g\",\"contentUrl\":\"https:\\\/\\\/secure.gravatar.com\\\/avatar\\\/37d968a2e67a6fd04c169c4bdef102d0bc5d31b2546345219e348575eb80e9a0?s=96&d=mm&r=g\",\"caption\":\"redazione\"},\"sameAs\":[\"http:\\\/\\\/www.bellunopress.it\",\"https:\\\/\\\/x.com\\\/bellunopress\"],\"url\":\"https:\\\/\\\/www.bellunopress.it\\\/fr\\\/author\\\/redazione\\\/\"}]}<\/script>\n<!-- \/ Yoast SEO plugin. -->","yoast_head_json":{"title":"Nevegal. Apriranno gli impianti sciistici? L'appello del presidente Associazione proprietari - Bellunopress - Dolomiti","robots":{"index":"index","follow":"follow","max-snippet":"max-snippet:-1","max-image-preview":"max-image-preview:large","max-video-preview":"max-video-preview:-1"},"canonical":"https:\/\/www.bellunopress.it\/fr\/2020\/09\/30\/nevegal-apriranno-gli-impianti-sciistici-lappello-del-presidente-associazione-proprietari\/","og_locale":"fr_FR","og_type":"article","og_title":"Nevegal. Apriranno gli impianti sciistici? L'appello del presidente Associazione proprietari - Bellunopress - Dolomiti","og_description":"Il presidente dell\u2019Associazione Proprietari Nevegal, Daniele Ciani, esprime viva preoccupazione per le recenti notizie di una possibile chiusura della seggiovia per la imminente stagione invernale, dopo che \u00e8 gi\u00e0 stata chiusa per tutta la stagione estiva. &#8220;A fronte di questa notizia che ci ha colto di sorpresa dopo le ripetute assicurazioni da parte del sindaco [&hellip;]","og_url":"https:\/\/www.bellunopress.it\/fr\/2020\/09\/30\/nevegal-apriranno-gli-impianti-sciistici-lappello-del-presidente-associazione-proprietari\/","og_site_name":"Bellunopress - Dolomiti","article_publisher":"https:\/\/www.facebook.com\/profile.php?id=100008943462799","article_published_time":"2020-09-30T18:27:29+00:00","article_modified_time":"2020-09-30T18:27:30+00:00","og_image":[{"width":744,"height":506,"url":"https:\/\/www.bellunopress.it\/wp-content\/uploads\/2020\/09\/NEVEGAL-LE-TORRI-30.09_edited.jpg","type":"image\/jpeg"}],"author":"redazione","twitter_card":"summary_large_image","twitter_creator":"@bellunopress","twitter_site":"@bellunopress","twitter_misc":{"\u00c9crit par":"redazione","Dur\u00e9e de lecture estim\u00e9e":"3 minutes"},"schema":{"@context":"https:\/\/schema.org","@graph":[{"@type":"Article","@id":"https:\/\/www.bellunopress.it\/2020\/09\/30\/nevegal-apriranno-gli-impianti-sciistici-lappello-del-presidente-associazione-proprietari\/#article","isPartOf":{"@id":"https:\/\/www.bellunopress.it\/2020\/09\/30\/nevegal-apriranno-gli-impianti-sciistici-lappello-del-presidente-associazione-proprietari\/"},"author":{"name":"redazione","@id":"https:\/\/www.bellunopress.it\/#\/schema\/person\/79bb06722b37ece1c03d3e94beb30d73"},"headline":"Nevegal. Apriranno gli impianti sciistici? L&#8217;appello del presidente Associazione proprietari","datePublished":"2020-09-30T18:27:29+00:00","dateModified":"2020-09-30T18:27:30+00:00","mainEntityOfPage":{"@id":"https:\/\/www.bellunopress.it\/2020\/09\/30\/nevegal-apriranno-gli-impianti-sciistici-lappello-del-presidente-associazione-proprietari\/"},"wordCount":685,"publisher":{"@id":"https:\/\/www.bellunopress.it\/#organization"},"image":{"@id":"https:\/\/www.bellunopress.it\/2020\/09\/30\/nevegal-apriranno-gli-impianti-sciistici-lappello-del-presidente-associazione-proprietari\/#primaryimage"},"thumbnailUrl":"https:\/\/www.bellunopress.it\/wp-content\/uploads\/2020\/09\/NEVEGAL-LE-TORRI-30.09_edited.jpg","articleSection":["Lavoro, Economia, Turismo","Prima Pagina"],"inLanguage":"fr-FR"},{"@type":"WebPage","@id":"https:\/\/www.bellunopress.it\/2020\/09\/30\/nevegal-apriranno-gli-impianti-sciistici-lappello-del-presidente-associazione-proprietari\/","url":"https:\/\/www.bellunopress.it\/2020\/09\/30\/nevegal-apriranno-gli-impianti-sciistici-lappello-del-presidente-associazione-proprietari\/","name":"Nevegal. Apriranno gli impianti sciistici? L'appello del presidente Associazione proprietari - Bellunopress - Dolomiti","isPartOf":{"@id":"https:\/\/www.bellunopress.it\/#website"},"primaryImageOfPage":{"@id":"https:\/\/www.bellunopress.it\/2020\/09\/30\/nevegal-apriranno-gli-impianti-sciistici-lappello-del-presidente-associazione-proprietari\/#primaryimage"},"image":{"@id":"https:\/\/www.bellunopress.it\/2020\/09\/30\/nevegal-apriranno-gli-impianti-sciistici-lappello-del-presidente-associazione-proprietari\/#primaryimage"},"thumbnailUrl":"https:\/\/www.bellunopress.it\/wp-content\/uploads\/2020\/09\/NEVEGAL-LE-TORRI-30.09_edited.jpg","datePublished":"2020-09-30T18:27:29+00:00","dateModified":"2020-09-30T18:27:30+00:00","breadcrumb":{"@id":"https:\/\/www.bellunopress.it\/2020\/09\/30\/nevegal-apriranno-gli-impianti-sciistici-lappello-del-presidente-associazione-proprietari\/#breadcrumb"},"inLanguage":"fr-FR","potentialAction":[{"@type":"ReadAction","target":["https:\/\/www.bellunopress.it\/2020\/09\/30\/nevegal-apriranno-gli-impianti-sciistici-lappello-del-presidente-associazione-proprietari\/"]}]},{"@type":"ImageObject","inLanguage":"fr-FR","@id":"https:\/\/www.bellunopress.it\/2020\/09\/30\/nevegal-apriranno-gli-impianti-sciistici-lappello-del-presidente-associazione-proprietari\/#primaryimage","url":"https:\/\/www.bellunopress.it\/wp-content\/uploads\/2020\/09\/NEVEGAL-LE-TORRI-30.09_edited.jpg","contentUrl":"https:\/\/www.bellunopress.it\/wp-content\/uploads\/2020\/09\/NEVEGAL-LE-TORRI-30.09_edited.jpg","width":744,"height":506,"caption":"Le Torri - Nevegal (Belluno)"},{"@type":"BreadcrumbList","@id":"https:\/\/www.bellunopress.it\/2020\/09\/30\/nevegal-apriranno-gli-impianti-sciistici-lappello-del-presidente-associazione-proprietari\/#breadcrumb","itemListElement":[{"@type":"ListItem","position":1,"name":"Home","item":"https:\/\/www.bellunopress.it\/"},{"@type":"ListItem","position":2,"name":"Nevegal. Apriranno gli impianti sciistici? L&#8217;appello del presidente Associazione proprietari"}]},{"@type":"WebSite","@id":"https:\/\/www.bellunopress.it\/#website","url":"https:\/\/www.bellunopress.it\/","name":"Bellunopress - Dolomiti","description":"e-mail: redazione@bellunopress.it","publisher":{"@id":"https:\/\/www.bellunopress.it\/#organization"},"potentialAction":[{"@type":"SearchAction","target":{"@type":"EntryPoint","urlTemplate":"https:\/\/www.bellunopress.it\/?s={search_term_string}"},"query-input":{"@type":"PropertyValueSpecification","valueRequired":true,"valueName":"search_term_string"}}],"inLanguage":"fr-FR"},{"@type":"Organization","@id":"https:\/\/www.bellunopress.it\/#organization","name":"Bellunopress","url":"https:\/\/www.bellunopress.it\/","logo":{"@type":"ImageObject","inLanguage":"fr-FR","@id":"https:\/\/www.bellunopress.it\/#\/schema\/logo\/image\/","url":"https:\/\/www.bellunopress.it\/wp-content\/uploads\/2011\/05\/cropped-logo-bellunopress-.jpg","contentUrl":"https:\/\/www.bellunopress.it\/wp-content\/uploads\/2011\/05\/cropped-logo-bellunopress-.jpg","width":512,"height":512,"caption":"Bellunopress"},"image":{"@id":"https:\/\/www.bellunopress.it\/#\/schema\/logo\/image\/"},"sameAs":["https:\/\/www.facebook.com\/profile.php?id=100008943462799","https:\/\/x.com\/bellunopress","https:\/\/www.linkedin.com\/hp\/?dnr=JBzUWaJfMUw8vbXJJ2tVW5-I3jZKvC4wsoxE&amp;amp;amp;amp;amp;amp;trk=nav_responsive_tab_home","https:\/\/www.youtube.com\/channel\/UCxL0wu1uN0_3_7hGG0306cw"]},{"@type":"Person","@id":"https:\/\/www.bellunopress.it\/#\/schema\/person\/79bb06722b37ece1c03d3e94beb30d73","name":"r\u00e9daction","image":{"@type":"ImageObject","inLanguage":"fr-FR","@id":"https:\/\/secure.gravatar.com\/avatar\/37d968a2e67a6fd04c169c4bdef102d0bc5d31b2546345219e348575eb80e9a0?s=96&d=mm&r=g","url":"https:\/\/secure.gravatar.com\/avatar\/37d968a2e67a6fd04c169c4bdef102d0bc5d31b2546345219e348575eb80e9a0?s=96&d=mm&r=g","contentUrl":"https:\/\/secure.gravatar.com\/avatar\/37d968a2e67a6fd04c169c4bdef102d0bc5d31b2546345219e348575eb80e9a0?s=96&d=mm&r=g","caption":"redazione"},"sameAs":["http:\/\/www.bellunopress.it","https:\/\/x.com\/bellunopress"],"url":"https:\/\/www.bellunopress.it\/fr\/author\/redazione\/"}]}},"_links":{"self":[{"href":"https:\/\/www.bellunopress.it\/fr\/wp-json\/wp\/v2\/posts\/118059","targetHints":{"allow":["GET"]}}],"collection":[{"href":"https:\/\/www.bellunopress.it\/fr\/wp-json\/wp\/v2\/posts"}],"about":[{"href":"https:\/\/www.bellunopress.it\/fr\/wp-json\/wp\/v2\/types\/post"}],"author":[{"embeddable":true,"href":"https:\/\/www.bellunopress.it\/fr\/wp-json\/wp\/v2\/users\/2"}],"replies":[{"embeddable":true,"href":"https:\/\/www.bellunopress.it\/fr\/wp-json\/wp\/v2\/comments?post=118059"}],"version-history":[{"count":2,"href":"https:\/\/www.bellunopress.it\/fr\/wp-json\/wp\/v2\/posts\/118059\/revisions"}],"predecessor-version":[{"id":118063,"href":"https:\/\/www.bellunopress.it\/fr\/wp-json\/wp\/v2\/posts\/118059\/revisions\/118063"}],"wp:featuredmedia":[{"embeddable":true,"href":"https:\/\/www.bellunopress.it\/fr\/wp-json\/wp\/v2\/media\/118061"}],"wp:attachment":[{"href":"https:\/\/www.bellunopress.it\/fr\/wp-json\/wp\/v2\/media?parent=118059"}],"wp:term":[{"taxonomy":"category","embeddable":true,"href":"https:\/\/www.bellunopress.it\/fr\/wp-json\/wp\/v2\/categories?post=118059"},{"taxonomy":"post_tag","embeddable":true,"href":"https:\/\/www.bellunopress.it\/fr\/wp-json\/wp\/v2\/tags?post=118059"}],"curies":[{"name":"wp","href":"https:\/\/api.w.org\/{rel}","templated":true}]}}