{"id":118055,"date":"2020-09-30T18:25:20","date_gmt":"2020-09-30T16:25:20","guid":{"rendered":"http:\/\/www.bellunopress.it\/?p=118055"},"modified":"2020-09-30T18:25:21","modified_gmt":"2020-09-30T16:25:21","slug":"sicurezza-frazioni-scuole-ponte-nelle-alpi-guarda-al-futuro-con-il-dup","status":"publish","type":"post","link":"https:\/\/www.bellunopress.it\/fr\/2020\/09\/30\/sicurezza-frazioni-scuole-ponte-nelle-alpi-guarda-al-futuro-con-il-dup\/","title":{"rendered":"Sicurezza, frazioni, scuole:\u00a0Ponte nelle Alpi guarda al futuro con il Dup"},"content":{"rendered":"<p><a href=\"http:\/\/www.bellunopress.it\/fr\/2020\/09\/30\/sicurezza-frazioni-scuole-ponte-nelle-alpi-guarda-al-futuro-con-il-dup\/municipo_ponte_nelle_alpi_edited\/\" rel=\"attachment wp-att-118056\"><img loading=\"lazy\" decoding=\"async\" class=\"alignleft size-full wp-image-118056\" src=\"http:\/\/www.bellunopress.it\/wp-content\/uploads\/2020\/09\/Municipo_Ponte_nelle_Alpi_edited.jpg\" alt=\"\" width=\"800\" height=\"600\" srcset=\"https:\/\/www.bellunopress.it\/wp-content\/uploads\/2020\/09\/Municipo_Ponte_nelle_Alpi_edited.jpg 800w, https:\/\/www.bellunopress.it\/wp-content\/uploads\/2020\/09\/Municipo_Ponte_nelle_Alpi_edited-500x375.jpg 500w, https:\/\/www.bellunopress.it\/wp-content\/uploads\/2020\/09\/Municipo_Ponte_nelle_Alpi_edited-696x522.jpg 696w, https:\/\/www.bellunopress.it\/wp-content\/uploads\/2020\/09\/Municipo_Ponte_nelle_Alpi_edited-560x420.jpg 560w, https:\/\/www.bellunopress.it\/wp-content\/uploads\/2020\/09\/Municipo_Ponte_nelle_Alpi_edited-80x60.jpg 80w, https:\/\/www.bellunopress.it\/wp-content\/uploads\/2020\/09\/Municipo_Ponte_nelle_Alpi_edited-265x198.jpg 265w\" sizes=\"auto, (max-width: 800px) 100vw, 800px\" \/><\/a>Il Comune di Ponte nelle Alpi pianifica il futuro. E lo fa attraverso il Dup, Documento Unico di Programmazione 2021-2023, che proprio oggi viene discusso in consiglio comunale.<\/p>\n<p>Molteplici gli interventi che l&#8217;amministrazione, guidata dal sindaco Paolo Vendramini, intende portare avanti.\u00a0A cominciare dalle asfaltature, secondo un piano consistente e destinato a sistemare diversi tratti delle strade comunali. Fondamentale poi la pavimentazione lignea e le nuove attrezzature che cambieranno il volto, e soprattutto la fruibilit\u00e0, della palestra di Polpet. In questo modo, le varie realt\u00e0 sportive e associative del territorio potranno fare affidamento su un luogo idoneo in cui svolgere le loro meritevoli attivit\u00e0.<\/p>\n<p>Priorit\u00e0 pure alla valorizzazione dei centri frazionali e, in quest&#8217;ambito, rientrano gli interventi orientati a coinvolgere le piazze di Paiane e Cugnan (circa 80mila euro). Sempre a Paiane, nel mese di dicembre, riaprir\u00e0 i battenti il teatro. A Quantin, invece, sono all&#8217;orizzonte le opere di completamento del complesso sportivo (185mila euro) e quelle per la prevenzione degli incendi nella piastra sportiva: il costo di 109.500 euro verr\u00e0 coperto in buona parte (80mila euro) da un contributo della Provincia.<\/p>\n<p>Di rilievo anche l&#8217;operazione per la sicurezza dell&#8217;autorimessa comunale: in seguito alla verifica sismica dell&#8217;edificio di interesse strategico, il progetto di fattibilit\u00e0 quantifica in 575mila euro l&#8217;adeguamento del complesso, coordinato con l&#8217;analogo intervento della sede municipale (1 milione 350mila euro).<\/p>\n<p>Sempre in tema di sicurezza, occhio di riguardo al collegamento lungo la tratta di viale Cadore (l&#8217;amministrazione comunale intende dare forma al primo dei tre stralci per un importo di 150mila euro) e al sottopasso di Nuova Erto, mentre la tutela di chi cammina e pedala sar\u00e0 garantita dalla passerella ciclopedonale sul fiume Piave.<\/p>\n<p>Sul fronte scolastico, \u00e8 arrivato al traguardo l&#8217;efficientamento energetico legato alla centrale termica della scuola d&#8217;infanzia &#8220;Unit\u00e0 d&#8217;Italia&#8221;, a Canevoi: 43mila euro l&#8217;importo totale. E, in generale, si sta provvedendo a sistemare tutte le aree esterne degli istituti comunali.<\/p>\n<p>Tra le opere concluse, infine, spiccano l&#8217;abbattimento delle barriere architettoniche, con la sistemazione del marciapiede antistante il municipio, a Cadola (45.700 euro). E il bocciodromo di Nuova Erto.<\/p>\n<p>\u00abC&#8217;\u00e8 grande soddisfazione &#8211; afferma il sindaco Vendramini &#8211; per aver approvato un documento che riguarda il futuro del territorio. E ci permette di realizzare una serie di opere che le frazioni richiedono da tempo\u00bb.<\/p>\n<p>&nbsp;<\/p>\n<p>&nbsp;<\/p>","protected":false},"excerpt":{"rendered":"<p>Il Comune di Ponte nelle Alpi pianifica il futuro. E lo fa attraverso il Dup, Documento Unico di Programmazione 2021-2023, che proprio oggi viene discusso in consiglio comunale. Molteplici gli interventi che l&#8217;amministrazione, guidata dal sindaco Paolo Vendramini, intende portare avanti.\u00a0A cominciare dalle asfaltature, secondo un piano consistente e destinato a sistemare diversi tratti delle [&hellip;]<\/p>\n","protected":false},"author":2,"featured_media":118056,"comment_status":"closed","ping_status":"open","sticky":false,"template":"","format":"standard","meta":{"footnotes":""},"categories":[26,8],"tags":[],"class_list":["post-118055","post","type-post","status-publish","format-standard","has-post-thumbnail","category-prima-pagina","category-societa-istituzioni"],"yoast_head":"<!-- This site is optimized with the Yoast SEO plugin v28.4 - https:\/\/yoast.com\/product\/yoast-seo-wordpress\/ -->\n<title>Sicurezza, frazioni, scuole:\u00a0Ponte nelle Alpi guarda al futuro con il Dup - Bellunopress - Dolomiti<\/title>\n<meta name=\"robots\" content=\"index, follow, max-snippet:-1, max-image-preview:large, max-video-preview:-1\" \/>\n<link rel=\"canonical\" href=\"https:\/\/www.bellunopress.it\/fr\/2020\/09\/30\/sicurezza-frazioni-scuole-ponte-nelle-alpi-guarda-al-futuro-con-il-dup\/\" \/>\n<meta property=\"og:locale\" content=\"fr_FR\" \/>\n<meta property=\"og:type\" content=\"article\" \/>\n<meta property=\"og:title\" content=\"Sicurezza, frazioni, scuole:\u00a0Ponte nelle Alpi guarda al futuro con il Dup - Bellunopress - Dolomiti\" \/>\n<meta property=\"og:description\" content=\"Il Comune di Ponte nelle Alpi pianifica il futuro. E lo fa attraverso il Dup, Documento Unico di Programmazione 2021-2023, che proprio oggi viene discusso in consiglio comunale. Molteplici gli interventi che l&#8217;amministrazione, guidata dal sindaco Paolo Vendramini, intende portare avanti.\u00a0A cominciare dalle asfaltature, secondo un piano consistente e destinato a sistemare diversi tratti delle [&hellip;]\" \/>\n<meta property=\"og:url\" content=\"https:\/\/www.bellunopress.it\/fr\/2020\/09\/30\/sicurezza-frazioni-scuole-ponte-nelle-alpi-guarda-al-futuro-con-il-dup\/\" \/>\n<meta property=\"og:site_name\" content=\"Bellunopress - Dolomiti\" \/>\n<meta property=\"article:publisher\" content=\"https:\/\/www.facebook.com\/profile.php?id=100008943462799\" \/>\n<meta property=\"article:published_time\" content=\"2020-09-30T16:25:20+00:00\" \/>\n<meta property=\"article:modified_time\" content=\"2020-09-30T16:25:21+00:00\" \/>\n<meta property=\"og:image\" content=\"https:\/\/www.bellunopress.it\/wp-content\/uploads\/2020\/09\/Municipo_Ponte_nelle_Alpi_edited.jpg\" \/>\n\t<meta property=\"og:image:width\" content=\"800\" \/>\n\t<meta property=\"og:image:height\" content=\"600\" \/>\n\t<meta property=\"og:image:type\" content=\"image\/jpeg\" \/>\n<meta name=\"author\" content=\"redazione\" \/>\n<meta name=\"twitter:card\" content=\"summary_large_image\" \/>\n<meta name=\"twitter:creator\" content=\"@bellunopress\" \/>\n<meta name=\"twitter:site\" content=\"@bellunopress\" \/>\n<meta name=\"twitter:label1\" content=\"\u00c9crit par\" \/>\n\t<meta name=\"twitter:data1\" content=\"redazione\" \/>\n\t<meta name=\"twitter:label2\" content=\"Dur\u00e9e de lecture estim\u00e9e\" \/>\n\t<meta name=\"twitter:data2\" content=\"2 minutes\" \/>\n<script type=\"application\/ld+json\" class=\"yoast-schema-graph\">{\"@context\":\"https:\\\/\\\/schema.org\",\"@graph\":[{\"@type\":\"Article\",\"@id\":\"https:\\\/\\\/www.bellunopress.it\\\/2020\\\/09\\\/30\\\/sicurezza-frazioni-scuole-ponte-nelle-alpi-guarda-al-futuro-con-il-dup\\\/#article\",\"isPartOf\":{\"@id\":\"https:\\\/\\\/www.bellunopress.it\\\/2020\\\/09\\\/30\\\/sicurezza-frazioni-scuole-ponte-nelle-alpi-guarda-al-futuro-con-il-dup\\\/\"},\"author\":{\"name\":\"redazione\",\"@id\":\"https:\\\/\\\/www.bellunopress.it\\\/#\\\/schema\\\/person\\\/79bb06722b37ece1c03d3e94beb30d73\"},\"headline\":\"Sicurezza, frazioni, scuole:\u00a0Ponte nelle Alpi guarda al futuro con il Dup\",\"datePublished\":\"2020-09-30T16:25:20+00:00\",\"dateModified\":\"2020-09-30T16:25:21+00:00\",\"mainEntityOfPage\":{\"@id\":\"https:\\\/\\\/www.bellunopress.it\\\/2020\\\/09\\\/30\\\/sicurezza-frazioni-scuole-ponte-nelle-alpi-guarda-al-futuro-con-il-dup\\\/\"},\"wordCount\":402,\"publisher\":{\"@id\":\"https:\\\/\\\/www.bellunopress.it\\\/#organization\"},\"image\":{\"@id\":\"https:\\\/\\\/www.bellunopress.it\\\/2020\\\/09\\\/30\\\/sicurezza-frazioni-scuole-ponte-nelle-alpi-guarda-al-futuro-con-il-dup\\\/#primaryimage\"},\"thumbnailUrl\":\"https:\\\/\\\/www.bellunopress.it\\\/wp-content\\\/uploads\\\/2020\\\/09\\\/Municipo_Ponte_nelle_Alpi_edited.jpg\",\"articleSection\":[\"Prima Pagina\",\"Societ\u00e0, Associazioni, Istituzioni\"],\"inLanguage\":\"fr-FR\"},{\"@type\":\"WebPage\",\"@id\":\"https:\\\/\\\/www.bellunopress.it\\\/2020\\\/09\\\/30\\\/sicurezza-frazioni-scuole-ponte-nelle-alpi-guarda-al-futuro-con-il-dup\\\/\",\"url\":\"https:\\\/\\\/www.bellunopress.it\\\/2020\\\/09\\\/30\\\/sicurezza-frazioni-scuole-ponte-nelle-alpi-guarda-al-futuro-con-il-dup\\\/\",\"name\":\"Sicurezza, frazioni, scuole:\u00a0Ponte nelle Alpi guarda al futuro con il Dup - Bellunopress - Dolomiti\",\"isPartOf\":{\"@id\":\"https:\\\/\\\/www.bellunopress.it\\\/#website\"},\"primaryImageOfPage\":{\"@id\":\"https:\\\/\\\/www.bellunopress.it\\\/2020\\\/09\\\/30\\\/sicurezza-frazioni-scuole-ponte-nelle-alpi-guarda-al-futuro-con-il-dup\\\/#primaryimage\"},\"image\":{\"@id\":\"https:\\\/\\\/www.bellunopress.it\\\/2020\\\/09\\\/30\\\/sicurezza-frazioni-scuole-ponte-nelle-alpi-guarda-al-futuro-con-il-dup\\\/#primaryimage\"},\"thumbnailUrl\":\"https:\\\/\\\/www.bellunopress.it\\\/wp-content\\\/uploads\\\/2020\\\/09\\\/Municipo_Ponte_nelle_Alpi_edited.jpg\",\"datePublished\":\"2020-09-30T16:25:20+00:00\",\"dateModified\":\"2020-09-30T16:25:21+00:00\",\"breadcrumb\":{\"@id\":\"https:\\\/\\\/www.bellunopress.it\\\/2020\\\/09\\\/30\\\/sicurezza-frazioni-scuole-ponte-nelle-alpi-guarda-al-futuro-con-il-dup\\\/#breadcrumb\"},\"inLanguage\":\"fr-FR\",\"potentialAction\":[{\"@type\":\"ReadAction\",\"target\":[\"https:\\\/\\\/www.bellunopress.it\\\/2020\\\/09\\\/30\\\/sicurezza-frazioni-scuole-ponte-nelle-alpi-guarda-al-futuro-con-il-dup\\\/\"]}]},{\"@type\":\"ImageObject\",\"inLanguage\":\"fr-FR\",\"@id\":\"https:\\\/\\\/www.bellunopress.it\\\/2020\\\/09\\\/30\\\/sicurezza-frazioni-scuole-ponte-nelle-alpi-guarda-al-futuro-con-il-dup\\\/#primaryimage\",\"url\":\"https:\\\/\\\/www.bellunopress.it\\\/wp-content\\\/uploads\\\/2020\\\/09\\\/Municipo_Ponte_nelle_Alpi_edited.jpg\",\"contentUrl\":\"https:\\\/\\\/www.bellunopress.it\\\/wp-content\\\/uploads\\\/2020\\\/09\\\/Municipo_Ponte_nelle_Alpi_edited.jpg\",\"width\":800,\"height\":600},{\"@type\":\"BreadcrumbList\",\"@id\":\"https:\\\/\\\/www.bellunopress.it\\\/2020\\\/09\\\/30\\\/sicurezza-frazioni-scuole-ponte-nelle-alpi-guarda-al-futuro-con-il-dup\\\/#breadcrumb\",\"itemListElement\":[{\"@type\":\"ListItem\",\"position\":1,\"name\":\"Home\",\"item\":\"https:\\\/\\\/www.bellunopress.it\\\/\"},{\"@type\":\"ListItem\",\"position\":2,\"name\":\"Sicurezza, frazioni, scuole:\u00a0Ponte nelle Alpi guarda al futuro con il Dup\"}]},{\"@type\":\"WebSite\",\"@id\":\"https:\\\/\\\/www.bellunopress.it\\\/#website\",\"url\":\"https:\\\/\\\/www.bellunopress.it\\\/\",\"name\":\"Bellunopress - Dolomiti\",\"description\":\"e-mail: redazione@bellunopress.it\",\"publisher\":{\"@id\":\"https:\\\/\\\/www.bellunopress.it\\\/#organization\"},\"potentialAction\":[{\"@type\":\"SearchAction\",\"target\":{\"@type\":\"EntryPoint\",\"urlTemplate\":\"https:\\\/\\\/www.bellunopress.it\\\/?s={search_term_string}\"},\"query-input\":{\"@type\":\"PropertyValueSpecification\",\"valueRequired\":true,\"valueName\":\"search_term_string\"}}],\"inLanguage\":\"fr-FR\"},{\"@type\":\"Organization\",\"@id\":\"https:\\\/\\\/www.bellunopress.it\\\/#organization\",\"name\":\"Bellunopress\",\"url\":\"https:\\\/\\\/www.bellunopress.it\\\/\",\"logo\":{\"@type\":\"ImageObject\",\"inLanguage\":\"fr-FR\",\"@id\":\"https:\\\/\\\/www.bellunopress.it\\\/#\\\/schema\\\/logo\\\/image\\\/\",\"url\":\"https:\\\/\\\/www.bellunopress.it\\\/wp-content\\\/uploads\\\/2011\\\/05\\\/cropped-logo-bellunopress-.jpg\",\"contentUrl\":\"https:\\\/\\\/www.bellunopress.it\\\/wp-content\\\/uploads\\\/2011\\\/05\\\/cropped-logo-bellunopress-.jpg\",\"width\":512,\"height\":512,\"caption\":\"Bellunopress\"},\"image\":{\"@id\":\"https:\\\/\\\/www.bellunopress.it\\\/#\\\/schema\\\/logo\\\/image\\\/\"},\"sameAs\":[\"https:\\\/\\\/www.facebook.com\\\/profile.php?id=100008943462799\",\"https:\\\/\\\/x.com\\\/bellunopress\",\"https:\\\/\\\/www.linkedin.com\\\/hp\\\/?dnr=JBzUWaJfMUw8vbXJJ2tVW5-I3jZKvC4wsoxE&amp;amp;amp;amp;amp;amp;trk=nav_responsive_tab_home\",\"https:\\\/\\\/www.youtube.com\\\/channel\\\/UCxL0wu1uN0_3_7hGG0306cw\"]},{\"@type\":\"Person\",\"@id\":\"https:\\\/\\\/www.bellunopress.it\\\/#\\\/schema\\\/person\\\/79bb06722b37ece1c03d3e94beb30d73\",\"name\":\"redazione\",\"image\":{\"@type\":\"ImageObject\",\"inLanguage\":\"fr-FR\",\"@id\":\"https:\\\/\\\/secure.gravatar.com\\\/avatar\\\/37d968a2e67a6fd04c169c4bdef102d0bc5d31b2546345219e348575eb80e9a0?s=96&d=mm&r=g\",\"url\":\"https:\\\/\\\/secure.gravatar.com\\\/avatar\\\/37d968a2e67a6fd04c169c4bdef102d0bc5d31b2546345219e348575eb80e9a0?s=96&d=mm&r=g\",\"contentUrl\":\"https:\\\/\\\/secure.gravatar.com\\\/avatar\\\/37d968a2e67a6fd04c169c4bdef102d0bc5d31b2546345219e348575eb80e9a0?s=96&d=mm&r=g\",\"caption\":\"redazione\"},\"sameAs\":[\"http:\\\/\\\/www.bellunopress.it\",\"https:\\\/\\\/x.com\\\/bellunopress\"],\"url\":\"https:\\\/\\\/www.bellunopress.it\\\/fr\\\/author\\\/redazione\\\/\"}]}<\/script>\n<!-- \/ Yoast SEO plugin. -->","yoast_head_json":{"title":"Sicurezza, frazioni, scuole:\u00a0Ponte nelle Alpi guarda al futuro con il Dup - Bellunopress - Dolomiti","robots":{"index":"index","follow":"follow","max-snippet":"max-snippet:-1","max-image-preview":"max-image-preview:large","max-video-preview":"max-video-preview:-1"},"canonical":"https:\/\/www.bellunopress.it\/fr\/2020\/09\/30\/sicurezza-frazioni-scuole-ponte-nelle-alpi-guarda-al-futuro-con-il-dup\/","og_locale":"fr_FR","og_type":"article","og_title":"Sicurezza, frazioni, scuole:\u00a0Ponte nelle Alpi guarda al futuro con il Dup - Bellunopress - Dolomiti","og_description":"Il Comune di Ponte nelle Alpi pianifica il futuro. E lo fa attraverso il Dup, Documento Unico di Programmazione 2021-2023, che proprio oggi viene discusso in consiglio comunale. Molteplici gli interventi che l&#8217;amministrazione, guidata dal sindaco Paolo Vendramini, intende portare avanti.\u00a0A cominciare dalle asfaltature, secondo un piano consistente e destinato a sistemare diversi tratti delle [&hellip;]","og_url":"https:\/\/www.bellunopress.it\/fr\/2020\/09\/30\/sicurezza-frazioni-scuole-ponte-nelle-alpi-guarda-al-futuro-con-il-dup\/","og_site_name":"Bellunopress - Dolomiti","article_publisher":"https:\/\/www.facebook.com\/profile.php?id=100008943462799","article_published_time":"2020-09-30T16:25:20+00:00","article_modified_time":"2020-09-30T16:25:21+00:00","og_image":[{"width":800,"height":600,"url":"https:\/\/www.bellunopress.it\/wp-content\/uploads\/2020\/09\/Municipo_Ponte_nelle_Alpi_edited.jpg","type":"image\/jpeg"}],"author":"redazione","twitter_card":"summary_large_image","twitter_creator":"@bellunopress","twitter_site":"@bellunopress","twitter_misc":{"\u00c9crit par":"redazione","Dur\u00e9e de lecture estim\u00e9e":"2 minutes"},"schema":{"@context":"https:\/\/schema.org","@graph":[{"@type":"Article","@id":"https:\/\/www.bellunopress.it\/2020\/09\/30\/sicurezza-frazioni-scuole-ponte-nelle-alpi-guarda-al-futuro-con-il-dup\/#article","isPartOf":{"@id":"https:\/\/www.bellunopress.it\/2020\/09\/30\/sicurezza-frazioni-scuole-ponte-nelle-alpi-guarda-al-futuro-con-il-dup\/"},"author":{"name":"redazione","@id":"https:\/\/www.bellunopress.it\/#\/schema\/person\/79bb06722b37ece1c03d3e94beb30d73"},"headline":"Sicurezza, frazioni, scuole:\u00a0Ponte nelle Alpi guarda al futuro con il Dup","datePublished":"2020-09-30T16:25:20+00:00","dateModified":"2020-09-30T16:25:21+00:00","mainEntityOfPage":{"@id":"https:\/\/www.bellunopress.it\/2020\/09\/30\/sicurezza-frazioni-scuole-ponte-nelle-alpi-guarda-al-futuro-con-il-dup\/"},"wordCount":402,"publisher":{"@id":"https:\/\/www.bellunopress.it\/#organization"},"image":{"@id":"https:\/\/www.bellunopress.it\/2020\/09\/30\/sicurezza-frazioni-scuole-ponte-nelle-alpi-guarda-al-futuro-con-il-dup\/#primaryimage"},"thumbnailUrl":"https:\/\/www.bellunopress.it\/wp-content\/uploads\/2020\/09\/Municipo_Ponte_nelle_Alpi_edited.jpg","articleSection":["Prima Pagina","Societ\u00e0, Associazioni, Istituzioni"],"inLanguage":"fr-FR"},{"@type":"WebPage","@id":"https:\/\/www.bellunopress.it\/2020\/09\/30\/sicurezza-frazioni-scuole-ponte-nelle-alpi-guarda-al-futuro-con-il-dup\/","url":"https:\/\/www.bellunopress.it\/2020\/09\/30\/sicurezza-frazioni-scuole-ponte-nelle-alpi-guarda-al-futuro-con-il-dup\/","name":"Sicurezza, frazioni, scuole:\u00a0Ponte nelle Alpi guarda al futuro con il Dup - Bellunopress - Dolomiti","isPartOf":{"@id":"https:\/\/www.bellunopress.it\/#website"},"primaryImageOfPage":{"@id":"https:\/\/www.bellunopress.it\/2020\/09\/30\/sicurezza-frazioni-scuole-ponte-nelle-alpi-guarda-al-futuro-con-il-dup\/#primaryimage"},"image":{"@id":"https:\/\/www.bellunopress.it\/2020\/09\/30\/sicurezza-frazioni-scuole-ponte-nelle-alpi-guarda-al-futuro-con-il-dup\/#primaryimage"},"thumbnailUrl":"https:\/\/www.bellunopress.it\/wp-content\/uploads\/2020\/09\/Municipo_Ponte_nelle_Alpi_edited.jpg","datePublished":"2020-09-30T16:25:20+00:00","dateModified":"2020-09-30T16:25:21+00:00","breadcrumb":{"@id":"https:\/\/www.bellunopress.it\/2020\/09\/30\/sicurezza-frazioni-scuole-ponte-nelle-alpi-guarda-al-futuro-con-il-dup\/#breadcrumb"},"inLanguage":"fr-FR","potentialAction":[{"@type":"ReadAction","target":["https:\/\/www.bellunopress.it\/2020\/09\/30\/sicurezza-frazioni-scuole-ponte-nelle-alpi-guarda-al-futuro-con-il-dup\/"]}]},{"@type":"ImageObject","inLanguage":"fr-FR","@id":"https:\/\/www.bellunopress.it\/2020\/09\/30\/sicurezza-frazioni-scuole-ponte-nelle-alpi-guarda-al-futuro-con-il-dup\/#primaryimage","url":"https:\/\/www.bellunopress.it\/wp-content\/uploads\/2020\/09\/Municipo_Ponte_nelle_Alpi_edited.jpg","contentUrl":"https:\/\/www.bellunopress.it\/wp-content\/uploads\/2020\/09\/Municipo_Ponte_nelle_Alpi_edited.jpg","width":800,"height":600},{"@type":"BreadcrumbList","@id":"https:\/\/www.bellunopress.it\/2020\/09\/30\/sicurezza-frazioni-scuole-ponte-nelle-alpi-guarda-al-futuro-con-il-dup\/#breadcrumb","itemListElement":[{"@type":"ListItem","position":1,"name":"Home","item":"https:\/\/www.bellunopress.it\/"},{"@type":"ListItem","position":2,"name":"Sicurezza, frazioni, scuole:\u00a0Ponte nelle Alpi guarda al futuro con il Dup"}]},{"@type":"WebSite","@id":"https:\/\/www.bellunopress.it\/#website","url":"https:\/\/www.bellunopress.it\/","name":"Bellunopress - Dolomiti","description":"e-mail: redazione@bellunopress.it","publisher":{"@id":"https:\/\/www.bellunopress.it\/#organization"},"potentialAction":[{"@type":"SearchAction","target":{"@type":"EntryPoint","urlTemplate":"https:\/\/www.bellunopress.it\/?s={search_term_string}"},"query-input":{"@type":"PropertyValueSpecification","valueRequired":true,"valueName":"search_term_string"}}],"inLanguage":"fr-FR"},{"@type":"Organization","@id":"https:\/\/www.bellunopress.it\/#organization","name":"Bellunopress","url":"https:\/\/www.bellunopress.it\/","logo":{"@type":"ImageObject","inLanguage":"fr-FR","@id":"https:\/\/www.bellunopress.it\/#\/schema\/logo\/image\/","url":"https:\/\/www.bellunopress.it\/wp-content\/uploads\/2011\/05\/cropped-logo-bellunopress-.jpg","contentUrl":"https:\/\/www.bellunopress.it\/wp-content\/uploads\/2011\/05\/cropped-logo-bellunopress-.jpg","width":512,"height":512,"caption":"Bellunopress"},"image":{"@id":"https:\/\/www.bellunopress.it\/#\/schema\/logo\/image\/"},"sameAs":["https:\/\/www.facebook.com\/profile.php?id=100008943462799","https:\/\/x.com\/bellunopress","https:\/\/www.linkedin.com\/hp\/?dnr=JBzUWaJfMUw8vbXJJ2tVW5-I3jZKvC4wsoxE&amp;amp;amp;amp;amp;amp;trk=nav_responsive_tab_home","https:\/\/www.youtube.com\/channel\/UCxL0wu1uN0_3_7hGG0306cw"]},{"@type":"Person","@id":"https:\/\/www.bellunopress.it\/#\/schema\/person\/79bb06722b37ece1c03d3e94beb30d73","name":"r\u00e9daction","image":{"@type":"ImageObject","inLanguage":"fr-FR","@id":"https:\/\/secure.gravatar.com\/avatar\/37d968a2e67a6fd04c169c4bdef102d0bc5d31b2546345219e348575eb80e9a0?s=96&d=mm&r=g","url":"https:\/\/secure.gravatar.com\/avatar\/37d968a2e67a6fd04c169c4bdef102d0bc5d31b2546345219e348575eb80e9a0?s=96&d=mm&r=g","contentUrl":"https:\/\/secure.gravatar.com\/avatar\/37d968a2e67a6fd04c169c4bdef102d0bc5d31b2546345219e348575eb80e9a0?s=96&d=mm&r=g","caption":"redazione"},"sameAs":["http:\/\/www.bellunopress.it","https:\/\/x.com\/bellunopress"],"url":"https:\/\/www.bellunopress.it\/fr\/author\/redazione\/"}]}},"_links":{"self":[{"href":"https:\/\/www.bellunopress.it\/fr\/wp-json\/wp\/v2\/posts\/118055","targetHints":{"allow":["GET"]}}],"collection":[{"href":"https:\/\/www.bellunopress.it\/fr\/wp-json\/wp\/v2\/posts"}],"about":[{"href":"https:\/\/www.bellunopress.it\/fr\/wp-json\/wp\/v2\/types\/post"}],"author":[{"embeddable":true,"href":"https:\/\/www.bellunopress.it\/fr\/wp-json\/wp\/v2\/users\/2"}],"replies":[{"embeddable":true,"href":"https:\/\/www.bellunopress.it\/fr\/wp-json\/wp\/v2\/comments?post=118055"}],"version-history":[{"count":2,"href":"https:\/\/www.bellunopress.it\/fr\/wp-json\/wp\/v2\/posts\/118055\/revisions"}],"predecessor-version":[{"id":118058,"href":"https:\/\/www.bellunopress.it\/fr\/wp-json\/wp\/v2\/posts\/118055\/revisions\/118058"}],"wp:featuredmedia":[{"embeddable":true,"href":"https:\/\/www.bellunopress.it\/fr\/wp-json\/wp\/v2\/media\/118056"}],"wp:attachment":[{"href":"https:\/\/www.bellunopress.it\/fr\/wp-json\/wp\/v2\/media?parent=118055"}],"wp:term":[{"taxonomy":"category","embeddable":true,"href":"https:\/\/www.bellunopress.it\/fr\/wp-json\/wp\/v2\/categories?post=118055"},{"taxonomy":"post_tag","embeddable":true,"href":"https:\/\/www.bellunopress.it\/fr\/wp-json\/wp\/v2\/tags?post=118055"}],"curies":[{"name":"wp","href":"https:\/\/api.w.org\/{rel}","templated":true}]}}