{"id":118051,"date":"2020-09-30T18:16:01","date_gmt":"2020-09-30T16:16:01","guid":{"rendered":"http:\/\/www.bellunopress.it\/?p=118051"},"modified":"2020-09-30T18:16:55","modified_gmt":"2020-09-30T16:16:55","slug":"super-ecobonus-e-lotta-allinquinamento-riapre-lo-sportello-pubblichenergie-a-ponte-nelle-alpi","status":"publish","type":"post","link":"https:\/\/www.bellunopress.it\/fr\/2020\/09\/30\/super-ecobonus-e-lotta-allinquinamento-riapre-lo-sportello-pubblichenergie-a-ponte-nelle-alpi\/","title":{"rendered":"Super Ecobonus e lotta all&#8217;inquinamento:\u00a0riapre lo Sportello PubblichEnergie a Ponte nelle Alpi"},"content":{"rendered":"<figure id=\"attachment_118052\" aria-describedby=\"caption-attachment-118052\" style=\"width: 333px\" class=\"wp-caption alignleft\"><a href=\"http:\/\/www.bellunopress.it\/fr\/2020\/09\/30\/super-ecobonus-e-lotta-allinquinamento-riapre-lo-sportello-pubblichenergie-a-ponte-nelle-alpi\/mauro-moretto-pubblichenergie_edited\/\" rel=\"attachment wp-att-118052\"><img loading=\"lazy\" decoding=\"async\" class=\"size-full wp-image-118052\" src=\"http:\/\/www.bellunopress.it\/wp-content\/uploads\/2020\/09\/Mauro-Moretto-PubblichEnergie_edited.jpg\" alt=\"\" width=\"333\" height=\"233\" srcset=\"https:\/\/www.bellunopress.it\/wp-content\/uploads\/2020\/09\/Mauro-Moretto-PubblichEnergie_edited.jpg 333w, https:\/\/www.bellunopress.it\/wp-content\/uploads\/2020\/09\/Mauro-Moretto-PubblichEnergie_edited-100x70.jpg 100w\" sizes=\"auto, (max-width: 333px) 100vw, 333px\" \/><\/a><figcaption id=\"caption-attachment-118052\" class=\"wp-caption-text\">Mauro Moretto<\/figcaption><\/figure>\n<p>Il tema del risparmio energetico \u00e8 diventato centrale nella quotidianit\u00e0 di un gran numero di persone. Anche a Ponte nelle Alpi. E cos\u00ec, dopo il forte interesse manifestato lo scorso anno dai cittadini, riapre lo &#8220;Sportello PubblichEnergie&#8221;.<\/p>\n<p>Per accedere al servizio, verranno promossi incontri individuali, su appuntamento. E pubblici: in presenza (negli spazi del Parco ex Casa Rossa) o in videoconferenza, nel rispetto delle normative anti-contagio.<\/p>\n<p>Due le date gi\u00e0 in calendario, nelle quali lo sportello verr\u00e0 ufficialmente attivato: venerd\u00ec 2 e 16 ottobre, tra le ore 14 e le 19.<\/p>\n<p>\u00abAlla luce dell&#8217;ottimo riscontro da parte della popolazione &#8211; ha affermato l&#8217;assessore comunale alle Politiche ambientali, Pierluigi Dal Borgo, durante la conferenza stampa nella sede dell&#8217;Unione montana Bellunese &#8211; abbiamo deciso di promuovere anche quest&#8217;anno lo &#8220;Sportello PubblichEnergie&#8221;. L&#8217;intenzione \u00e8 di proseguire con gli incontri formativi per stimolare la riflessione e alzare il livello di consapevolezza sulle tematiche del risparmio energetico e delle energie rinnovabili. In pi\u00f9, \u00e8 bene mettere a fuoco le possibilit\u00e0 emerse grazie al Super Ecobonus 110%: tale provvedimento, varato dal Governo, potrebbe contribuire a migliorare il patrimonio edilizio e la qualit\u00e0 di vita nelle case\u00bb.<\/p>\n<p>Il referente del progetto \u00e8 Mauro Moretto: \u00abStiamo allestendo il calendario in funzione delle domande che arriveranno, ma l&#8217;interesse \u00e8 gi\u00e0 elevato\u00bb. In questo senso, \u00e8 possibile contattare l&#8217;URP del Comune di Ponte nelle Alpi (0437-986724 e urp@pna.bl.it) o scrivere una mail all&#8217;indirizzo pubblichenergie@gmail.com.<\/p>\n<p>L&#8217;argomento principale, quasi superfluo rimarcarlo, \u00e8 il bonus 110%: \u00ab\u00c8 importante che il cittadino si informi adeguatamente prima di portare a termine le sue scelte &#8211; ha proseguito Moretto -. Perch\u00e9 \u00e8 facile prevedere varie e allettanti offerte sul mercato, ma dettate dalla scarsa trasparenza. Non a caso, committente e beneficiario dell&#8217;incentivo dovranno recitare una parte attiva, mentre la pratica va seguita insieme a un tecnico di fiducia. O c&#8217;\u00e8 il rischio di incorrere in spiacevoli sorprese. Vero che il bonus pu\u00f2 dare un impulso rilevante dal punto di vista economico, ma serve attenzione\u00bb.<\/p>\n<p>Un altro tema su cui si aprir\u00e0 lo &#8220;Sportello PubblichEnergie&#8221; \u00e8 quello dell&#8217;inquinamento: \u00abSoprattutto in merito alla combustione delle biomasse. Per risolvere un problema che in Valbelluna \u00e8 ben presente, va migliorato il patrimonio edilizio, oltre alle stufe\u00bb.<\/p>","protected":false},"excerpt":{"rendered":"<p>Il tema del risparmio energetico \u00e8 diventato centrale nella quotidianit\u00e0 di un gran numero di persone. Anche a Ponte nelle Alpi. E cos\u00ec, dopo il forte interesse manifestato lo scorso anno dai cittadini, riapre lo &#8220;Sportello PubblichEnergie&#8221;. Per accedere al servizio, verranno promossi incontri individuali, su appuntamento. E pubblici: in presenza (negli spazi del Parco [&hellip;]<\/p>\n","protected":false},"author":2,"featured_media":118052,"comment_status":"closed","ping_status":"open","sticky":false,"template":"","format":"standard","meta":{"footnotes":""},"categories":[26,8],"tags":[],"class_list":["post-118051","post","type-post","status-publish","format-standard","has-post-thumbnail","category-prima-pagina","category-societa-istituzioni"],"yoast_head":"<!-- This site is optimized with the Yoast SEO plugin v28.4 - https:\/\/yoast.com\/product\/yoast-seo-wordpress\/ -->\n<title>Super Ecobonus e lotta all&#039;inquinamento:\u00a0riapre lo Sportello PubblichEnergie a Ponte nelle Alpi - Bellunopress - Dolomiti<\/title>\n<meta name=\"robots\" content=\"index, follow, max-snippet:-1, max-image-preview:large, max-video-preview:-1\" \/>\n<link rel=\"canonical\" href=\"https:\/\/www.bellunopress.it\/fr\/2020\/09\/30\/super-ecobonus-e-lotta-allinquinamento-riapre-lo-sportello-pubblichenergie-a-ponte-nelle-alpi\/\" \/>\n<meta property=\"og:locale\" content=\"fr_FR\" \/>\n<meta property=\"og:type\" content=\"article\" \/>\n<meta property=\"og:title\" content=\"Super Ecobonus e lotta all&#039;inquinamento:\u00a0riapre lo Sportello PubblichEnergie a Ponte nelle Alpi - Bellunopress - Dolomiti\" \/>\n<meta property=\"og:description\" content=\"Il tema del risparmio energetico \u00e8 diventato centrale nella quotidianit\u00e0 di un gran numero di persone. Anche a Ponte nelle Alpi. E cos\u00ec, dopo il forte interesse manifestato lo scorso anno dai cittadini, riapre lo &#8220;Sportello PubblichEnergie&#8221;. Per accedere al servizio, verranno promossi incontri individuali, su appuntamento. E pubblici: in presenza (negli spazi del Parco [&hellip;]\" \/>\n<meta property=\"og:url\" content=\"https:\/\/www.bellunopress.it\/fr\/2020\/09\/30\/super-ecobonus-e-lotta-allinquinamento-riapre-lo-sportello-pubblichenergie-a-ponte-nelle-alpi\/\" \/>\n<meta property=\"og:site_name\" content=\"Bellunopress - Dolomiti\" \/>\n<meta property=\"article:publisher\" content=\"https:\/\/www.facebook.com\/profile.php?id=100008943462799\" \/>\n<meta property=\"article:published_time\" content=\"2020-09-30T16:16:01+00:00\" \/>\n<meta property=\"article:modified_time\" content=\"2020-09-30T16:16:55+00:00\" \/>\n<meta property=\"og:image\" content=\"https:\/\/www.bellunopress.it\/wp-content\/uploads\/2020\/09\/Mauro-Moretto-PubblichEnergie_edited.jpg\" \/>\n\t<meta property=\"og:image:width\" content=\"333\" \/>\n\t<meta property=\"og:image:height\" content=\"233\" \/>\n\t<meta property=\"og:image:type\" content=\"image\/jpeg\" \/>\n<meta name=\"author\" content=\"redazione\" \/>\n<meta name=\"twitter:card\" content=\"summary_large_image\" \/>\n<meta name=\"twitter:creator\" content=\"@bellunopress\" \/>\n<meta name=\"twitter:site\" content=\"@bellunopress\" \/>\n<meta name=\"twitter:label1\" content=\"\u00c9crit par\" \/>\n\t<meta name=\"twitter:data1\" content=\"redazione\" \/>\n\t<meta name=\"twitter:label2\" content=\"Dur\u00e9e de lecture estim\u00e9e\" \/>\n\t<meta name=\"twitter:data2\" content=\"2 minutes\" \/>\n<script type=\"application\/ld+json\" class=\"yoast-schema-graph\">{\"@context\":\"https:\\\/\\\/schema.org\",\"@graph\":[{\"@type\":\"Article\",\"@id\":\"https:\\\/\\\/www.bellunopress.it\\\/2020\\\/09\\\/30\\\/super-ecobonus-e-lotta-allinquinamento-riapre-lo-sportello-pubblichenergie-a-ponte-nelle-alpi\\\/#article\",\"isPartOf\":{\"@id\":\"https:\\\/\\\/www.bellunopress.it\\\/2020\\\/09\\\/30\\\/super-ecobonus-e-lotta-allinquinamento-riapre-lo-sportello-pubblichenergie-a-ponte-nelle-alpi\\\/\"},\"author\":{\"name\":\"redazione\",\"@id\":\"https:\\\/\\\/www.bellunopress.it\\\/#\\\/schema\\\/person\\\/79bb06722b37ece1c03d3e94beb30d73\"},\"headline\":\"Super Ecobonus e lotta all&#8217;inquinamento:\u00a0riapre lo Sportello PubblichEnergie a Ponte nelle Alpi\",\"datePublished\":\"2020-09-30T16:16:01+00:00\",\"dateModified\":\"2020-09-30T16:16:55+00:00\",\"mainEntityOfPage\":{\"@id\":\"https:\\\/\\\/www.bellunopress.it\\\/2020\\\/09\\\/30\\\/super-ecobonus-e-lotta-allinquinamento-riapre-lo-sportello-pubblichenergie-a-ponte-nelle-alpi\\\/\"},\"wordCount\":388,\"publisher\":{\"@id\":\"https:\\\/\\\/www.bellunopress.it\\\/#organization\"},\"image\":{\"@id\":\"https:\\\/\\\/www.bellunopress.it\\\/2020\\\/09\\\/30\\\/super-ecobonus-e-lotta-allinquinamento-riapre-lo-sportello-pubblichenergie-a-ponte-nelle-alpi\\\/#primaryimage\"},\"thumbnailUrl\":\"https:\\\/\\\/www.bellunopress.it\\\/wp-content\\\/uploads\\\/2020\\\/09\\\/Mauro-Moretto-PubblichEnergie_edited.jpg\",\"articleSection\":[\"Prima Pagina\",\"Societ\u00e0, Associazioni, Istituzioni\"],\"inLanguage\":\"fr-FR\"},{\"@type\":\"WebPage\",\"@id\":\"https:\\\/\\\/www.bellunopress.it\\\/2020\\\/09\\\/30\\\/super-ecobonus-e-lotta-allinquinamento-riapre-lo-sportello-pubblichenergie-a-ponte-nelle-alpi\\\/\",\"url\":\"https:\\\/\\\/www.bellunopress.it\\\/2020\\\/09\\\/30\\\/super-ecobonus-e-lotta-allinquinamento-riapre-lo-sportello-pubblichenergie-a-ponte-nelle-alpi\\\/\",\"name\":\"Super Ecobonus e lotta all'inquinamento:\u00a0riapre lo Sportello PubblichEnergie a Ponte nelle Alpi - Bellunopress - Dolomiti\",\"isPartOf\":{\"@id\":\"https:\\\/\\\/www.bellunopress.it\\\/#website\"},\"primaryImageOfPage\":{\"@id\":\"https:\\\/\\\/www.bellunopress.it\\\/2020\\\/09\\\/30\\\/super-ecobonus-e-lotta-allinquinamento-riapre-lo-sportello-pubblichenergie-a-ponte-nelle-alpi\\\/#primaryimage\"},\"image\":{\"@id\":\"https:\\\/\\\/www.bellunopress.it\\\/2020\\\/09\\\/30\\\/super-ecobonus-e-lotta-allinquinamento-riapre-lo-sportello-pubblichenergie-a-ponte-nelle-alpi\\\/#primaryimage\"},\"thumbnailUrl\":\"https:\\\/\\\/www.bellunopress.it\\\/wp-content\\\/uploads\\\/2020\\\/09\\\/Mauro-Moretto-PubblichEnergie_edited.jpg\",\"datePublished\":\"2020-09-30T16:16:01+00:00\",\"dateModified\":\"2020-09-30T16:16:55+00:00\",\"breadcrumb\":{\"@id\":\"https:\\\/\\\/www.bellunopress.it\\\/2020\\\/09\\\/30\\\/super-ecobonus-e-lotta-allinquinamento-riapre-lo-sportello-pubblichenergie-a-ponte-nelle-alpi\\\/#breadcrumb\"},\"inLanguage\":\"fr-FR\",\"potentialAction\":[{\"@type\":\"ReadAction\",\"target\":[\"https:\\\/\\\/www.bellunopress.it\\\/2020\\\/09\\\/30\\\/super-ecobonus-e-lotta-allinquinamento-riapre-lo-sportello-pubblichenergie-a-ponte-nelle-alpi\\\/\"]}]},{\"@type\":\"ImageObject\",\"inLanguage\":\"fr-FR\",\"@id\":\"https:\\\/\\\/www.bellunopress.it\\\/2020\\\/09\\\/30\\\/super-ecobonus-e-lotta-allinquinamento-riapre-lo-sportello-pubblichenergie-a-ponte-nelle-alpi\\\/#primaryimage\",\"url\":\"https:\\\/\\\/www.bellunopress.it\\\/wp-content\\\/uploads\\\/2020\\\/09\\\/Mauro-Moretto-PubblichEnergie_edited.jpg\",\"contentUrl\":\"https:\\\/\\\/www.bellunopress.it\\\/wp-content\\\/uploads\\\/2020\\\/09\\\/Mauro-Moretto-PubblichEnergie_edited.jpg\",\"width\":333,\"height\":233,\"caption\":\"Mauro Moretto\"},{\"@type\":\"BreadcrumbList\",\"@id\":\"https:\\\/\\\/www.bellunopress.it\\\/2020\\\/09\\\/30\\\/super-ecobonus-e-lotta-allinquinamento-riapre-lo-sportello-pubblichenergie-a-ponte-nelle-alpi\\\/#breadcrumb\",\"itemListElement\":[{\"@type\":\"ListItem\",\"position\":1,\"name\":\"Home\",\"item\":\"https:\\\/\\\/www.bellunopress.it\\\/\"},{\"@type\":\"ListItem\",\"position\":2,\"name\":\"Super Ecobonus e lotta all&#8217;inquinamento:\u00a0riapre lo Sportello PubblichEnergie a Ponte nelle Alpi\"}]},{\"@type\":\"WebSite\",\"@id\":\"https:\\\/\\\/www.bellunopress.it\\\/#website\",\"url\":\"https:\\\/\\\/www.bellunopress.it\\\/\",\"name\":\"Bellunopress - Dolomiti\",\"description\":\"e-mail: redazione@bellunopress.it\",\"publisher\":{\"@id\":\"https:\\\/\\\/www.bellunopress.it\\\/#organization\"},\"potentialAction\":[{\"@type\":\"SearchAction\",\"target\":{\"@type\":\"EntryPoint\",\"urlTemplate\":\"https:\\\/\\\/www.bellunopress.it\\\/?s={search_term_string}\"},\"query-input\":{\"@type\":\"PropertyValueSpecification\",\"valueRequired\":true,\"valueName\":\"search_term_string\"}}],\"inLanguage\":\"fr-FR\"},{\"@type\":\"Organization\",\"@id\":\"https:\\\/\\\/www.bellunopress.it\\\/#organization\",\"name\":\"Bellunopress\",\"url\":\"https:\\\/\\\/www.bellunopress.it\\\/\",\"logo\":{\"@type\":\"ImageObject\",\"inLanguage\":\"fr-FR\",\"@id\":\"https:\\\/\\\/www.bellunopress.it\\\/#\\\/schema\\\/logo\\\/image\\\/\",\"url\":\"https:\\\/\\\/www.bellunopress.it\\\/wp-content\\\/uploads\\\/2011\\\/05\\\/cropped-logo-bellunopress-.jpg\",\"contentUrl\":\"https:\\\/\\\/www.bellunopress.it\\\/wp-content\\\/uploads\\\/2011\\\/05\\\/cropped-logo-bellunopress-.jpg\",\"width\":512,\"height\":512,\"caption\":\"Bellunopress\"},\"image\":{\"@id\":\"https:\\\/\\\/www.bellunopress.it\\\/#\\\/schema\\\/logo\\\/image\\\/\"},\"sameAs\":[\"https:\\\/\\\/www.facebook.com\\\/profile.php?id=100008943462799\",\"https:\\\/\\\/x.com\\\/bellunopress\",\"https:\\\/\\\/www.linkedin.com\\\/hp\\\/?dnr=JBzUWaJfMUw8vbXJJ2tVW5-I3jZKvC4wsoxE&amp;amp;amp;amp;amp;amp;trk=nav_responsive_tab_home\",\"https:\\\/\\\/www.youtube.com\\\/channel\\\/UCxL0wu1uN0_3_7hGG0306cw\"]},{\"@type\":\"Person\",\"@id\":\"https:\\\/\\\/www.bellunopress.it\\\/#\\\/schema\\\/person\\\/79bb06722b37ece1c03d3e94beb30d73\",\"name\":\"redazione\",\"image\":{\"@type\":\"ImageObject\",\"inLanguage\":\"fr-FR\",\"@id\":\"https:\\\/\\\/secure.gravatar.com\\\/avatar\\\/37d968a2e67a6fd04c169c4bdef102d0bc5d31b2546345219e348575eb80e9a0?s=96&d=mm&r=g\",\"url\":\"https:\\\/\\\/secure.gravatar.com\\\/avatar\\\/37d968a2e67a6fd04c169c4bdef102d0bc5d31b2546345219e348575eb80e9a0?s=96&d=mm&r=g\",\"contentUrl\":\"https:\\\/\\\/secure.gravatar.com\\\/avatar\\\/37d968a2e67a6fd04c169c4bdef102d0bc5d31b2546345219e348575eb80e9a0?s=96&d=mm&r=g\",\"caption\":\"redazione\"},\"sameAs\":[\"http:\\\/\\\/www.bellunopress.it\",\"https:\\\/\\\/x.com\\\/bellunopress\"],\"url\":\"https:\\\/\\\/www.bellunopress.it\\\/fr\\\/author\\\/redazione\\\/\"}]}<\/script>\n<!-- \/ Yoast SEO plugin. -->","yoast_head_json":{"title":"Super Ecobonus e lotta all'inquinamento:\u00a0riapre lo Sportello PubblichEnergie a Ponte nelle Alpi - Bellunopress - Dolomiti","robots":{"index":"index","follow":"follow","max-snippet":"max-snippet:-1","max-image-preview":"max-image-preview:large","max-video-preview":"max-video-preview:-1"},"canonical":"https:\/\/www.bellunopress.it\/fr\/2020\/09\/30\/super-ecobonus-e-lotta-allinquinamento-riapre-lo-sportello-pubblichenergie-a-ponte-nelle-alpi\/","og_locale":"fr_FR","og_type":"article","og_title":"Super Ecobonus e lotta all'inquinamento:\u00a0riapre lo Sportello PubblichEnergie a Ponte nelle Alpi - Bellunopress - Dolomiti","og_description":"Il tema del risparmio energetico \u00e8 diventato centrale nella quotidianit\u00e0 di un gran numero di persone. Anche a Ponte nelle Alpi. E cos\u00ec, dopo il forte interesse manifestato lo scorso anno dai cittadini, riapre lo &#8220;Sportello PubblichEnergie&#8221;. Per accedere al servizio, verranno promossi incontri individuali, su appuntamento. E pubblici: in presenza (negli spazi del Parco [&hellip;]","og_url":"https:\/\/www.bellunopress.it\/fr\/2020\/09\/30\/super-ecobonus-e-lotta-allinquinamento-riapre-lo-sportello-pubblichenergie-a-ponte-nelle-alpi\/","og_site_name":"Bellunopress - Dolomiti","article_publisher":"https:\/\/www.facebook.com\/profile.php?id=100008943462799","article_published_time":"2020-09-30T16:16:01+00:00","article_modified_time":"2020-09-30T16:16:55+00:00","og_image":[{"width":333,"height":233,"url":"https:\/\/www.bellunopress.it\/wp-content\/uploads\/2020\/09\/Mauro-Moretto-PubblichEnergie_edited.jpg","type":"image\/jpeg"}],"author":"redazione","twitter_card":"summary_large_image","twitter_creator":"@bellunopress","twitter_site":"@bellunopress","twitter_misc":{"\u00c9crit par":"redazione","Dur\u00e9e de lecture estim\u00e9e":"2 minutes"},"schema":{"@context":"https:\/\/schema.org","@graph":[{"@type":"Article","@id":"https:\/\/www.bellunopress.it\/2020\/09\/30\/super-ecobonus-e-lotta-allinquinamento-riapre-lo-sportello-pubblichenergie-a-ponte-nelle-alpi\/#article","isPartOf":{"@id":"https:\/\/www.bellunopress.it\/2020\/09\/30\/super-ecobonus-e-lotta-allinquinamento-riapre-lo-sportello-pubblichenergie-a-ponte-nelle-alpi\/"},"author":{"name":"redazione","@id":"https:\/\/www.bellunopress.it\/#\/schema\/person\/79bb06722b37ece1c03d3e94beb30d73"},"headline":"Super Ecobonus e lotta all&#8217;inquinamento:\u00a0riapre lo Sportello PubblichEnergie a Ponte nelle Alpi","datePublished":"2020-09-30T16:16:01+00:00","dateModified":"2020-09-30T16:16:55+00:00","mainEntityOfPage":{"@id":"https:\/\/www.bellunopress.it\/2020\/09\/30\/super-ecobonus-e-lotta-allinquinamento-riapre-lo-sportello-pubblichenergie-a-ponte-nelle-alpi\/"},"wordCount":388,"publisher":{"@id":"https:\/\/www.bellunopress.it\/#organization"},"image":{"@id":"https:\/\/www.bellunopress.it\/2020\/09\/30\/super-ecobonus-e-lotta-allinquinamento-riapre-lo-sportello-pubblichenergie-a-ponte-nelle-alpi\/#primaryimage"},"thumbnailUrl":"https:\/\/www.bellunopress.it\/wp-content\/uploads\/2020\/09\/Mauro-Moretto-PubblichEnergie_edited.jpg","articleSection":["Prima Pagina","Societ\u00e0, Associazioni, Istituzioni"],"inLanguage":"fr-FR"},{"@type":"WebPage","@id":"https:\/\/www.bellunopress.it\/2020\/09\/30\/super-ecobonus-e-lotta-allinquinamento-riapre-lo-sportello-pubblichenergie-a-ponte-nelle-alpi\/","url":"https:\/\/www.bellunopress.it\/2020\/09\/30\/super-ecobonus-e-lotta-allinquinamento-riapre-lo-sportello-pubblichenergie-a-ponte-nelle-alpi\/","name":"Super Ecobonus e lotta all'inquinamento:\u00a0riapre lo Sportello PubblichEnergie a Ponte nelle Alpi - Bellunopress - Dolomiti","isPartOf":{"@id":"https:\/\/www.bellunopress.it\/#website"},"primaryImageOfPage":{"@id":"https:\/\/www.bellunopress.it\/2020\/09\/30\/super-ecobonus-e-lotta-allinquinamento-riapre-lo-sportello-pubblichenergie-a-ponte-nelle-alpi\/#primaryimage"},"image":{"@id":"https:\/\/www.bellunopress.it\/2020\/09\/30\/super-ecobonus-e-lotta-allinquinamento-riapre-lo-sportello-pubblichenergie-a-ponte-nelle-alpi\/#primaryimage"},"thumbnailUrl":"https:\/\/www.bellunopress.it\/wp-content\/uploads\/2020\/09\/Mauro-Moretto-PubblichEnergie_edited.jpg","datePublished":"2020-09-30T16:16:01+00:00","dateModified":"2020-09-30T16:16:55+00:00","breadcrumb":{"@id":"https:\/\/www.bellunopress.it\/2020\/09\/30\/super-ecobonus-e-lotta-allinquinamento-riapre-lo-sportello-pubblichenergie-a-ponte-nelle-alpi\/#breadcrumb"},"inLanguage":"fr-FR","potentialAction":[{"@type":"ReadAction","target":["https:\/\/www.bellunopress.it\/2020\/09\/30\/super-ecobonus-e-lotta-allinquinamento-riapre-lo-sportello-pubblichenergie-a-ponte-nelle-alpi\/"]}]},{"@type":"ImageObject","inLanguage":"fr-FR","@id":"https:\/\/www.bellunopress.it\/2020\/09\/30\/super-ecobonus-e-lotta-allinquinamento-riapre-lo-sportello-pubblichenergie-a-ponte-nelle-alpi\/#primaryimage","url":"https:\/\/www.bellunopress.it\/wp-content\/uploads\/2020\/09\/Mauro-Moretto-PubblichEnergie_edited.jpg","contentUrl":"https:\/\/www.bellunopress.it\/wp-content\/uploads\/2020\/09\/Mauro-Moretto-PubblichEnergie_edited.jpg","width":333,"height":233,"caption":"Mauro Moretto"},{"@type":"BreadcrumbList","@id":"https:\/\/www.bellunopress.it\/2020\/09\/30\/super-ecobonus-e-lotta-allinquinamento-riapre-lo-sportello-pubblichenergie-a-ponte-nelle-alpi\/#breadcrumb","itemListElement":[{"@type":"ListItem","position":1,"name":"Home","item":"https:\/\/www.bellunopress.it\/"},{"@type":"ListItem","position":2,"name":"Super Ecobonus e lotta all&#8217;inquinamento:\u00a0riapre lo Sportello PubblichEnergie a Ponte nelle Alpi"}]},{"@type":"WebSite","@id":"https:\/\/www.bellunopress.it\/#website","url":"https:\/\/www.bellunopress.it\/","name":"Bellunopress - Dolomiti","description":"e-mail: redazione@bellunopress.it","publisher":{"@id":"https:\/\/www.bellunopress.it\/#organization"},"potentialAction":[{"@type":"SearchAction","target":{"@type":"EntryPoint","urlTemplate":"https:\/\/www.bellunopress.it\/?s={search_term_string}"},"query-input":{"@type":"PropertyValueSpecification","valueRequired":true,"valueName":"search_term_string"}}],"inLanguage":"fr-FR"},{"@type":"Organization","@id":"https:\/\/www.bellunopress.it\/#organization","name":"Bellunopress","url":"https:\/\/www.bellunopress.it\/","logo":{"@type":"ImageObject","inLanguage":"fr-FR","@id":"https:\/\/www.bellunopress.it\/#\/schema\/logo\/image\/","url":"https:\/\/www.bellunopress.it\/wp-content\/uploads\/2011\/05\/cropped-logo-bellunopress-.jpg","contentUrl":"https:\/\/www.bellunopress.it\/wp-content\/uploads\/2011\/05\/cropped-logo-bellunopress-.jpg","width":512,"height":512,"caption":"Bellunopress"},"image":{"@id":"https:\/\/www.bellunopress.it\/#\/schema\/logo\/image\/"},"sameAs":["https:\/\/www.facebook.com\/profile.php?id=100008943462799","https:\/\/x.com\/bellunopress","https:\/\/www.linkedin.com\/hp\/?dnr=JBzUWaJfMUw8vbXJJ2tVW5-I3jZKvC4wsoxE&amp;amp;amp;amp;amp;amp;trk=nav_responsive_tab_home","https:\/\/www.youtube.com\/channel\/UCxL0wu1uN0_3_7hGG0306cw"]},{"@type":"Person","@id":"https:\/\/www.bellunopress.it\/#\/schema\/person\/79bb06722b37ece1c03d3e94beb30d73","name":"r\u00e9daction","image":{"@type":"ImageObject","inLanguage":"fr-FR","@id":"https:\/\/secure.gravatar.com\/avatar\/37d968a2e67a6fd04c169c4bdef102d0bc5d31b2546345219e348575eb80e9a0?s=96&d=mm&r=g","url":"https:\/\/secure.gravatar.com\/avatar\/37d968a2e67a6fd04c169c4bdef102d0bc5d31b2546345219e348575eb80e9a0?s=96&d=mm&r=g","contentUrl":"https:\/\/secure.gravatar.com\/avatar\/37d968a2e67a6fd04c169c4bdef102d0bc5d31b2546345219e348575eb80e9a0?s=96&d=mm&r=g","caption":"redazione"},"sameAs":["http:\/\/www.bellunopress.it","https:\/\/x.com\/bellunopress"],"url":"https:\/\/www.bellunopress.it\/fr\/author\/redazione\/"}]}},"_links":{"self":[{"href":"https:\/\/www.bellunopress.it\/fr\/wp-json\/wp\/v2\/posts\/118051","targetHints":{"allow":["GET"]}}],"collection":[{"href":"https:\/\/www.bellunopress.it\/fr\/wp-json\/wp\/v2\/posts"}],"about":[{"href":"https:\/\/www.bellunopress.it\/fr\/wp-json\/wp\/v2\/types\/post"}],"author":[{"embeddable":true,"href":"https:\/\/www.bellunopress.it\/fr\/wp-json\/wp\/v2\/users\/2"}],"replies":[{"embeddable":true,"href":"https:\/\/www.bellunopress.it\/fr\/wp-json\/wp\/v2\/comments?post=118051"}],"version-history":[{"count":2,"href":"https:\/\/www.bellunopress.it\/fr\/wp-json\/wp\/v2\/posts\/118051\/revisions"}],"predecessor-version":[{"id":118054,"href":"https:\/\/www.bellunopress.it\/fr\/wp-json\/wp\/v2\/posts\/118051\/revisions\/118054"}],"wp:featuredmedia":[{"embeddable":true,"href":"https:\/\/www.bellunopress.it\/fr\/wp-json\/wp\/v2\/media\/118052"}],"wp:attachment":[{"href":"https:\/\/www.bellunopress.it\/fr\/wp-json\/wp\/v2\/media?parent=118051"}],"wp:term":[{"taxonomy":"category","embeddable":true,"href":"https:\/\/www.bellunopress.it\/fr\/wp-json\/wp\/v2\/categories?post=118051"},{"taxonomy":"post_tag","embeddable":true,"href":"https:\/\/www.bellunopress.it\/fr\/wp-json\/wp\/v2\/tags?post=118051"}],"curies":[{"name":"wp","href":"https:\/\/api.w.org\/{rel}","templated":true}]}}