{"id":118043,"date":"2020-09-30T09:28:45","date_gmt":"2020-09-30T07:28:45","guid":{"rendered":"http:\/\/www.bellunopress.it\/?p=118043"},"modified":"2020-09-30T17:38:38","modified_gmt":"2020-09-30T15:38:38","slug":"h1-luniversita-ai-tempi-del-covid-19","status":"publish","type":"post","link":"https:\/\/www.bellunopress.it\/fr\/2020\/09\/30\/h1-luniversita-ai-tempi-del-covid-19\/","title":{"rendered":"H1: L&#8217;Universit\u00e0 ai tempi del Covid-19"},"content":{"rendered":"<p align=\"LEFT\"><span style=\"font-family: Times New Roman, serif;\"><span style=\"font-size: medium;\"><a href=\"http:\/\/www.bellunopress.it\/fr\/2020\/09\/30\/h1-luniversita-ai-tempi-del-covid-19\/universita-mascherina-gel_edited\/\" rel=\"attachment wp-att-118044\"><img loading=\"lazy\" decoding=\"async\" class=\"alignleft size-full wp-image-118044\" src=\"http:\/\/www.bellunopress.it\/wp-content\/uploads\/2020\/09\/Universita-mascherina-gel_edited.jpg\" alt=\"\" width=\"595\" height=\"409\" srcset=\"https:\/\/www.bellunopress.it\/wp-content\/uploads\/2020\/09\/Universita-mascherina-gel_edited.jpg 595w, https:\/\/www.bellunopress.it\/wp-content\/uploads\/2020\/09\/Universita-mascherina-gel_edited-500x344.jpg 500w, https:\/\/www.bellunopress.it\/wp-content\/uploads\/2020\/09\/Universita-mascherina-gel_edited-218x150.jpg 218w, https:\/\/www.bellunopress.it\/wp-content\/uploads\/2020\/09\/Universita-mascherina-gel_edited-100x70.jpg 100w\" sizes=\"auto, (max-width: 595px) 100vw, 595px\" \/><\/a>Settembre \u00e8 da sempre il mese della ripartenza. Non a caso, \u00e8 la seconda parte dell\u2019anno in cui si possono intraprendere nuovi propositi (dopo gennaio). Tutte le energie accumulate durante l\u2019estate vengono sfruttate per ricominciare a fare progetti, per impegnarsi nel lavoro, per affrontare al meglio l\u2019ultima parte dell\u2019anno. <\/span><\/span><\/p>\n<p align=\"LEFT\"><span style=\"font-family: Times New Roman, serif;\"><span style=\"font-size: medium;\">Nel 2020, settembre assume un significato ancora pi\u00f9 importante visto che segna la ripresa di tante realt\u00e0 ancora chiuse a causa dell\u2019emergenza del Covid-19. Stiamo parlando, nello specifico della realt\u00e0 scolastica e universitaria. Si sperava in uno scenario diverso con meno contagi in atto. I numeri che fanno da sfondo alla riapertura del mondo universitario non sono incoraggianti, ma \u00e8 importante che gli studenti di ogni et\u00e0 e grado ricomincino a vivere il mondo della formazione a pieno. <\/span><\/span><\/p>\n<p align=\"LEFT\">\u201c<span style=\"font-family: Times New Roman, serif;\"><span style=\"font-size: medium;\">Sicurezza\u201d resta la parola d\u2019ordine per questa ripartenza. Lo era gi\u00e0 prima, figuriamoci ora. Il ministro Gaetano Manfredi lo ha ribadito pi\u00f9 volte ed \u00e8 a tal fine che sono state emanate delle <\/span><\/span><a href=\"https:\/\/www.skuola.net\/news\/notizie-universita\/universita-ritorno-aula-le-cinque-regole.html\"><span style=\"color: #1155cc;\"><span style=\"font-family: Times New Roman, serif;\"><span style=\"font-size: medium;\"><u>linee guida per tornare a frequentare l\u2019universit\u00e0<\/u><\/span><\/span><\/span><\/a><span style=\"font-family: Times New Roman, serif;\"><span style=\"font-size: medium;\"> riducendo al minimo il rischio di contagio. <\/span><\/span><\/p>\n<p align=\"LEFT\"><span style=\"font-family: Times New Roman, serif;\"><span style=\"font-size: medium;\">Si torna all\u2019universit\u00e0, ma le aule potranno essere riempite solo al 50%. In questo modo, pu\u00f2 essere assicurato il rispetto della distanza di sicurezza che non deve mai essere inferiore a un metro\/un metro e mezzo anche al di fuori delle aule. Per seguire la lezione, \u00e8 necessario prenotarsi attraverso apposite applicazioni che gli atenei stanno testando e mettendo a disposizione. Per venire incontro a chi deve muoversi tra regioni e agli studenti stranieri, le lezioni saranno trasmesse anche online cos\u00ec che tutti gli iscritti le possano seguire anche a distanza. La mascherina \u00e8 obbligatoria all\u2019interno di tutti i locali dell\u2019universit\u00e0 e dovr\u00e0 essere indossata anche nel corso della lezione. Solo il professore potr\u00e0 toglierla durante la spiegazione. Ci saranno procedure di sanificazione quotidiana, gel igienizzanti e un frequente ricambio d\u2019aria. La misurazione della temperatura non \u00e8 obbligatoria, ma a discrezione dei singoli atenei. <\/span><\/span><\/p>\n<p align=\"LEFT\"><span style=\"font-family: Times New Roman, serif;\"><span style=\"font-size: medium;\">Non \u00e8 ancora chiaro come si intende procedere nel caso in cui uno studente o un docente risulti positivo al tampone. Il ministero ha predisposto un documento che \u00e8 stato condiviso con la Conferenza dei rettori e ora si attende l\u2019approvazione del Comitato tecnico scientifico. Quindi, non resta che aspettare e vedere quali saranno le indicazioni da seguire.<\/span><\/span><\/p>\n<p align=\"LEFT\"><span style=\"font-family: Times New Roman, serif;\"><span style=\"font-size: medium;\">Alla luce di quanto detto fino ad ora, c\u2019\u00e8 un aspetto che emerge in maniera molto chiara: almeno nel prossimo futuro la didattica sar\u00e0 mista: nonostante le molte critiche, ci si avvarr\u00e0 sia di lezioni online che in presenza. Questa tipologia non \u00e8 nuova nel nostro paese perch\u00e9 sono presenti tante universit\u00e0 telematiche &#8211; un esempio? L\u2019<\/span><\/span><span style=\"font-family: Times New Roman, serif;\"><span style=\"font-size: medium;\"><b>Universit\u00e0 Niccol\u00f2 Cusano!<\/b><\/span><\/span><span style=\"font-family: Times New Roman, serif;\"><span style=\"font-size: medium;\"> &#8211; che da tempo, sfruttando i vantaggi dell\u2019e-learning per fare formazione, combattono contro i pregiudizi di chi ritiene queste lauree delle scorciatoie per prendere solo il titolo. In realt\u00e0, si tratta di una scelta conveniente per tutti coloro che hanno difficolt\u00e0 a spostarsi per frequentare le lezioni o sono gi\u00e0 impegnati con attivit\u00e0 lavorative ma desiderano proseguire gli studi. Le universit\u00e0 telematiche sono realt\u00e0 che hanno gi\u00e0 fatto esperienza e che in questo momento sono sicuramente pi\u00f9 pronte e organizzate per fronteggiare l\u2019emergenza, garantendo cos\u00ec una buona continuit\u00e0 nella formazione degli studenti. <\/span><\/span><\/p>\n<p align=\"LEFT\"><a href=\"https:\/\/www.unicusano.it\/blog\/didattica\/corsi\/migliore-universita-telematica\/\"><span style=\"color: #1155cc;\"><span style=\"font-family: Times New Roman, serif;\"><span style=\"font-size: medium;\"><u>Come scegliere la migliore universit\u00e0 online del momento<\/u><\/span><\/span><\/span><\/a><span style=\"font-family: Times New Roman, serif;\"><span style=\"font-size: medium;\">? Innanzitutto, bisogna optare per la facolt\u00e0 che si desidera e che pi\u00f9 rispecchia la propria personalit\u00e0 e il proprio carattere. Poi vedere quali universit\u00e0 telematiche offrono quel percorso di studio e scegliere quella pi\u00f9 rinomata (basta farsi un giro sul web per raccogliere qualche opinione) pi\u00f9 adatta alle esigenze personali. <\/span><\/span><\/p>\n<p>&nbsp;<\/p>\n<p>&nbsp;<\/p>","protected":false},"excerpt":{"rendered":"<p>Settembre \u00e8 da sempre il mese della ripartenza. Non a caso, \u00e8 la seconda parte dell\u2019anno in cui si possono intraprendere nuovi propositi (dopo gennaio). Tutte le energie accumulate durante l\u2019estate vengono sfruttate per ricominciare a fare progetti, per impegnarsi nel lavoro, per affrontare al meglio l\u2019ultima parte dell\u2019anno. Nel 2020, settembre assume un significato [&hellip;]<\/p>\n","protected":false},"author":2,"featured_media":118044,"comment_status":"closed","ping_status":"open","sticky":false,"template":"","format":"standard","meta":{"footnotes":""},"categories":[26,15],"tags":[],"class_list":["post-118043","post","type-post","status-publish","format-standard","has-post-thumbnail","category-prima-pagina","category-scuola"],"yoast_head":"<!-- This site is optimized with the Yoast SEO plugin v28.4 - https:\/\/yoast.com\/product\/yoast-seo-wordpress\/ -->\n<title>H1: L&#039;Universit\u00e0 ai tempi del Covid-19 - Bellunopress - Dolomiti<\/title>\n<meta name=\"robots\" content=\"index, follow, max-snippet:-1, max-image-preview:large, max-video-preview:-1\" \/>\n<link rel=\"canonical\" href=\"https:\/\/www.bellunopress.it\/fr\/2020\/09\/30\/h1-luniversita-ai-tempi-del-covid-19\/\" \/>\n<meta property=\"og:locale\" content=\"fr_FR\" \/>\n<meta property=\"og:type\" content=\"article\" \/>\n<meta property=\"og:title\" content=\"H1: L&#039;Universit\u00e0 ai tempi del Covid-19 - Bellunopress - Dolomiti\" \/>\n<meta property=\"og:description\" content=\"Settembre \u00e8 da sempre il mese della ripartenza. Non a caso, \u00e8 la seconda parte dell\u2019anno in cui si possono intraprendere nuovi propositi (dopo gennaio). Tutte le energie accumulate durante l\u2019estate vengono sfruttate per ricominciare a fare progetti, per impegnarsi nel lavoro, per affrontare al meglio l\u2019ultima parte dell\u2019anno. Nel 2020, settembre assume un significato [&hellip;]\" \/>\n<meta property=\"og:url\" content=\"https:\/\/www.bellunopress.it\/fr\/2020\/09\/30\/h1-luniversita-ai-tempi-del-covid-19\/\" \/>\n<meta property=\"og:site_name\" content=\"Bellunopress - Dolomiti\" \/>\n<meta property=\"article:publisher\" content=\"https:\/\/www.facebook.com\/profile.php?id=100008943462799\" \/>\n<meta property=\"article:published_time\" content=\"2020-09-30T07:28:45+00:00\" \/>\n<meta property=\"article:modified_time\" content=\"2020-09-30T15:38:38+00:00\" \/>\n<meta property=\"og:image\" content=\"https:\/\/www.bellunopress.it\/wp-content\/uploads\/2020\/09\/Universita-mascherina-gel_edited.jpg\" \/>\n\t<meta property=\"og:image:width\" content=\"595\" \/>\n\t<meta property=\"og:image:height\" content=\"409\" \/>\n\t<meta property=\"og:image:type\" content=\"image\/jpeg\" \/>\n<meta name=\"author\" content=\"redazione\" \/>\n<meta name=\"twitter:card\" content=\"summary_large_image\" \/>\n<meta name=\"twitter:creator\" content=\"@bellunopress\" \/>\n<meta name=\"twitter:site\" content=\"@bellunopress\" \/>\n<meta name=\"twitter:label1\" content=\"\u00c9crit par\" \/>\n\t<meta name=\"twitter:data1\" content=\"redazione\" \/>\n\t<meta name=\"twitter:label2\" content=\"Dur\u00e9e de lecture estim\u00e9e\" \/>\n\t<meta name=\"twitter:data2\" content=\"3 minutes\" \/>\n<script type=\"application\/ld+json\" class=\"yoast-schema-graph\">{\"@context\":\"https:\\\/\\\/schema.org\",\"@graph\":[{\"@type\":\"Article\",\"@id\":\"https:\\\/\\\/www.bellunopress.it\\\/2020\\\/09\\\/30\\\/h1-luniversita-ai-tempi-del-covid-19\\\/#article\",\"isPartOf\":{\"@id\":\"https:\\\/\\\/www.bellunopress.it\\\/2020\\\/09\\\/30\\\/h1-luniversita-ai-tempi-del-covid-19\\\/\"},\"author\":{\"name\":\"redazione\",\"@id\":\"https:\\\/\\\/www.bellunopress.it\\\/#\\\/schema\\\/person\\\/79bb06722b37ece1c03d3e94beb30d73\"},\"headline\":\"H1: L&#8217;Universit\u00e0 ai tempi del Covid-19\",\"datePublished\":\"2020-09-30T07:28:45+00:00\",\"dateModified\":\"2020-09-30T15:38:38+00:00\",\"mainEntityOfPage\":{\"@id\":\"https:\\\/\\\/www.bellunopress.it\\\/2020\\\/09\\\/30\\\/h1-luniversita-ai-tempi-del-covid-19\\\/\"},\"wordCount\":598,\"publisher\":{\"@id\":\"https:\\\/\\\/www.bellunopress.it\\\/#organization\"},\"image\":{\"@id\":\"https:\\\/\\\/www.bellunopress.it\\\/2020\\\/09\\\/30\\\/h1-luniversita-ai-tempi-del-covid-19\\\/#primaryimage\"},\"thumbnailUrl\":\"https:\\\/\\\/www.bellunopress.it\\\/wp-content\\\/uploads\\\/2020\\\/09\\\/Universita-mascherina-gel_edited.jpg\",\"articleSection\":[\"Prima Pagina\",\"Scuola\"],\"inLanguage\":\"fr-FR\"},{\"@type\":\"WebPage\",\"@id\":\"https:\\\/\\\/www.bellunopress.it\\\/2020\\\/09\\\/30\\\/h1-luniversita-ai-tempi-del-covid-19\\\/\",\"url\":\"https:\\\/\\\/www.bellunopress.it\\\/2020\\\/09\\\/30\\\/h1-luniversita-ai-tempi-del-covid-19\\\/\",\"name\":\"H1: L'Universit\u00e0 ai tempi del Covid-19 - Bellunopress - Dolomiti\",\"isPartOf\":{\"@id\":\"https:\\\/\\\/www.bellunopress.it\\\/#website\"},\"primaryImageOfPage\":{\"@id\":\"https:\\\/\\\/www.bellunopress.it\\\/2020\\\/09\\\/30\\\/h1-luniversita-ai-tempi-del-covid-19\\\/#primaryimage\"},\"image\":{\"@id\":\"https:\\\/\\\/www.bellunopress.it\\\/2020\\\/09\\\/30\\\/h1-luniversita-ai-tempi-del-covid-19\\\/#primaryimage\"},\"thumbnailUrl\":\"https:\\\/\\\/www.bellunopress.it\\\/wp-content\\\/uploads\\\/2020\\\/09\\\/Universita-mascherina-gel_edited.jpg\",\"datePublished\":\"2020-09-30T07:28:45+00:00\",\"dateModified\":\"2020-09-30T15:38:38+00:00\",\"breadcrumb\":{\"@id\":\"https:\\\/\\\/www.bellunopress.it\\\/2020\\\/09\\\/30\\\/h1-luniversita-ai-tempi-del-covid-19\\\/#breadcrumb\"},\"inLanguage\":\"fr-FR\",\"potentialAction\":[{\"@type\":\"ReadAction\",\"target\":[\"https:\\\/\\\/www.bellunopress.it\\\/2020\\\/09\\\/30\\\/h1-luniversita-ai-tempi-del-covid-19\\\/\"]}]},{\"@type\":\"ImageObject\",\"inLanguage\":\"fr-FR\",\"@id\":\"https:\\\/\\\/www.bellunopress.it\\\/2020\\\/09\\\/30\\\/h1-luniversita-ai-tempi-del-covid-19\\\/#primaryimage\",\"url\":\"https:\\\/\\\/www.bellunopress.it\\\/wp-content\\\/uploads\\\/2020\\\/09\\\/Universita-mascherina-gel_edited.jpg\",\"contentUrl\":\"https:\\\/\\\/www.bellunopress.it\\\/wp-content\\\/uploads\\\/2020\\\/09\\\/Universita-mascherina-gel_edited.jpg\",\"width\":595,\"height\":409},{\"@type\":\"BreadcrumbList\",\"@id\":\"https:\\\/\\\/www.bellunopress.it\\\/2020\\\/09\\\/30\\\/h1-luniversita-ai-tempi-del-covid-19\\\/#breadcrumb\",\"itemListElement\":[{\"@type\":\"ListItem\",\"position\":1,\"name\":\"Home\",\"item\":\"https:\\\/\\\/www.bellunopress.it\\\/\"},{\"@type\":\"ListItem\",\"position\":2,\"name\":\"H1: L&#8217;Universit\u00e0 ai tempi del Covid-19\"}]},{\"@type\":\"WebSite\",\"@id\":\"https:\\\/\\\/www.bellunopress.it\\\/#website\",\"url\":\"https:\\\/\\\/www.bellunopress.it\\\/\",\"name\":\"Bellunopress - Dolomiti\",\"description\":\"e-mail: redazione@bellunopress.it\",\"publisher\":{\"@id\":\"https:\\\/\\\/www.bellunopress.it\\\/#organization\"},\"potentialAction\":[{\"@type\":\"SearchAction\",\"target\":{\"@type\":\"EntryPoint\",\"urlTemplate\":\"https:\\\/\\\/www.bellunopress.it\\\/?s={search_term_string}\"},\"query-input\":{\"@type\":\"PropertyValueSpecification\",\"valueRequired\":true,\"valueName\":\"search_term_string\"}}],\"inLanguage\":\"fr-FR\"},{\"@type\":\"Organization\",\"@id\":\"https:\\\/\\\/www.bellunopress.it\\\/#organization\",\"name\":\"Bellunopress\",\"url\":\"https:\\\/\\\/www.bellunopress.it\\\/\",\"logo\":{\"@type\":\"ImageObject\",\"inLanguage\":\"fr-FR\",\"@id\":\"https:\\\/\\\/www.bellunopress.it\\\/#\\\/schema\\\/logo\\\/image\\\/\",\"url\":\"https:\\\/\\\/www.bellunopress.it\\\/wp-content\\\/uploads\\\/2011\\\/05\\\/cropped-logo-bellunopress-.jpg\",\"contentUrl\":\"https:\\\/\\\/www.bellunopress.it\\\/wp-content\\\/uploads\\\/2011\\\/05\\\/cropped-logo-bellunopress-.jpg\",\"width\":512,\"height\":512,\"caption\":\"Bellunopress\"},\"image\":{\"@id\":\"https:\\\/\\\/www.bellunopress.it\\\/#\\\/schema\\\/logo\\\/image\\\/\"},\"sameAs\":[\"https:\\\/\\\/www.facebook.com\\\/profile.php?id=100008943462799\",\"https:\\\/\\\/x.com\\\/bellunopress\",\"https:\\\/\\\/www.linkedin.com\\\/hp\\\/?dnr=JBzUWaJfMUw8vbXJJ2tVW5-I3jZKvC4wsoxE&amp;amp;amp;amp;amp;amp;trk=nav_responsive_tab_home\",\"https:\\\/\\\/www.youtube.com\\\/channel\\\/UCxL0wu1uN0_3_7hGG0306cw\"]},{\"@type\":\"Person\",\"@id\":\"https:\\\/\\\/www.bellunopress.it\\\/#\\\/schema\\\/person\\\/79bb06722b37ece1c03d3e94beb30d73\",\"name\":\"redazione\",\"image\":{\"@type\":\"ImageObject\",\"inLanguage\":\"fr-FR\",\"@id\":\"https:\\\/\\\/secure.gravatar.com\\\/avatar\\\/37d968a2e67a6fd04c169c4bdef102d0bc5d31b2546345219e348575eb80e9a0?s=96&d=mm&r=g\",\"url\":\"https:\\\/\\\/secure.gravatar.com\\\/avatar\\\/37d968a2e67a6fd04c169c4bdef102d0bc5d31b2546345219e348575eb80e9a0?s=96&d=mm&r=g\",\"contentUrl\":\"https:\\\/\\\/secure.gravatar.com\\\/avatar\\\/37d968a2e67a6fd04c169c4bdef102d0bc5d31b2546345219e348575eb80e9a0?s=96&d=mm&r=g\",\"caption\":\"redazione\"},\"sameAs\":[\"http:\\\/\\\/www.bellunopress.it\",\"https:\\\/\\\/x.com\\\/bellunopress\"],\"url\":\"https:\\\/\\\/www.bellunopress.it\\\/fr\\\/author\\\/redazione\\\/\"}]}<\/script>\n<!-- \/ Yoast SEO plugin. -->","yoast_head_json":{"title":"H1: L'Universit\u00e0 ai tempi del Covid-19 - Bellunopress - Dolomiti","robots":{"index":"index","follow":"follow","max-snippet":"max-snippet:-1","max-image-preview":"max-image-preview:large","max-video-preview":"max-video-preview:-1"},"canonical":"https:\/\/www.bellunopress.it\/fr\/2020\/09\/30\/h1-luniversita-ai-tempi-del-covid-19\/","og_locale":"fr_FR","og_type":"article","og_title":"H1: L'Universit\u00e0 ai tempi del Covid-19 - Bellunopress - Dolomiti","og_description":"Settembre \u00e8 da sempre il mese della ripartenza. Non a caso, \u00e8 la seconda parte dell\u2019anno in cui si possono intraprendere nuovi propositi (dopo gennaio). Tutte le energie accumulate durante l\u2019estate vengono sfruttate per ricominciare a fare progetti, per impegnarsi nel lavoro, per affrontare al meglio l\u2019ultima parte dell\u2019anno. Nel 2020, settembre assume un significato [&hellip;]","og_url":"https:\/\/www.bellunopress.it\/fr\/2020\/09\/30\/h1-luniversita-ai-tempi-del-covid-19\/","og_site_name":"Bellunopress - Dolomiti","article_publisher":"https:\/\/www.facebook.com\/profile.php?id=100008943462799","article_published_time":"2020-09-30T07:28:45+00:00","article_modified_time":"2020-09-30T15:38:38+00:00","og_image":[{"width":595,"height":409,"url":"https:\/\/www.bellunopress.it\/wp-content\/uploads\/2020\/09\/Universita-mascherina-gel_edited.jpg","type":"image\/jpeg"}],"author":"redazione","twitter_card":"summary_large_image","twitter_creator":"@bellunopress","twitter_site":"@bellunopress","twitter_misc":{"\u00c9crit par":"redazione","Dur\u00e9e de lecture estim\u00e9e":"3 minutes"},"schema":{"@context":"https:\/\/schema.org","@graph":[{"@type":"Article","@id":"https:\/\/www.bellunopress.it\/2020\/09\/30\/h1-luniversita-ai-tempi-del-covid-19\/#article","isPartOf":{"@id":"https:\/\/www.bellunopress.it\/2020\/09\/30\/h1-luniversita-ai-tempi-del-covid-19\/"},"author":{"name":"redazione","@id":"https:\/\/www.bellunopress.it\/#\/schema\/person\/79bb06722b37ece1c03d3e94beb30d73"},"headline":"H1: L&#8217;Universit\u00e0 ai tempi del Covid-19","datePublished":"2020-09-30T07:28:45+00:00","dateModified":"2020-09-30T15:38:38+00:00","mainEntityOfPage":{"@id":"https:\/\/www.bellunopress.it\/2020\/09\/30\/h1-luniversita-ai-tempi-del-covid-19\/"},"wordCount":598,"publisher":{"@id":"https:\/\/www.bellunopress.it\/#organization"},"image":{"@id":"https:\/\/www.bellunopress.it\/2020\/09\/30\/h1-luniversita-ai-tempi-del-covid-19\/#primaryimage"},"thumbnailUrl":"https:\/\/www.bellunopress.it\/wp-content\/uploads\/2020\/09\/Universita-mascherina-gel_edited.jpg","articleSection":["Prima Pagina","Scuola"],"inLanguage":"fr-FR"},{"@type":"WebPage","@id":"https:\/\/www.bellunopress.it\/2020\/09\/30\/h1-luniversita-ai-tempi-del-covid-19\/","url":"https:\/\/www.bellunopress.it\/2020\/09\/30\/h1-luniversita-ai-tempi-del-covid-19\/","name":"H1: L'Universit\u00e0 ai tempi del Covid-19 - Bellunopress - Dolomiti","isPartOf":{"@id":"https:\/\/www.bellunopress.it\/#website"},"primaryImageOfPage":{"@id":"https:\/\/www.bellunopress.it\/2020\/09\/30\/h1-luniversita-ai-tempi-del-covid-19\/#primaryimage"},"image":{"@id":"https:\/\/www.bellunopress.it\/2020\/09\/30\/h1-luniversita-ai-tempi-del-covid-19\/#primaryimage"},"thumbnailUrl":"https:\/\/www.bellunopress.it\/wp-content\/uploads\/2020\/09\/Universita-mascherina-gel_edited.jpg","datePublished":"2020-09-30T07:28:45+00:00","dateModified":"2020-09-30T15:38:38+00:00","breadcrumb":{"@id":"https:\/\/www.bellunopress.it\/2020\/09\/30\/h1-luniversita-ai-tempi-del-covid-19\/#breadcrumb"},"inLanguage":"fr-FR","potentialAction":[{"@type":"ReadAction","target":["https:\/\/www.bellunopress.it\/2020\/09\/30\/h1-luniversita-ai-tempi-del-covid-19\/"]}]},{"@type":"ImageObject","inLanguage":"fr-FR","@id":"https:\/\/www.bellunopress.it\/2020\/09\/30\/h1-luniversita-ai-tempi-del-covid-19\/#primaryimage","url":"https:\/\/www.bellunopress.it\/wp-content\/uploads\/2020\/09\/Universita-mascherina-gel_edited.jpg","contentUrl":"https:\/\/www.bellunopress.it\/wp-content\/uploads\/2020\/09\/Universita-mascherina-gel_edited.jpg","width":595,"height":409},{"@type":"BreadcrumbList","@id":"https:\/\/www.bellunopress.it\/2020\/09\/30\/h1-luniversita-ai-tempi-del-covid-19\/#breadcrumb","itemListElement":[{"@type":"ListItem","position":1,"name":"Home","item":"https:\/\/www.bellunopress.it\/"},{"@type":"ListItem","position":2,"name":"H1: L&#8217;Universit\u00e0 ai tempi del Covid-19"}]},{"@type":"WebSite","@id":"https:\/\/www.bellunopress.it\/#website","url":"https:\/\/www.bellunopress.it\/","name":"Bellunopress - Dolomiti","description":"e-mail: redazione@bellunopress.it","publisher":{"@id":"https:\/\/www.bellunopress.it\/#organization"},"potentialAction":[{"@type":"SearchAction","target":{"@type":"EntryPoint","urlTemplate":"https:\/\/www.bellunopress.it\/?s={search_term_string}"},"query-input":{"@type":"PropertyValueSpecification","valueRequired":true,"valueName":"search_term_string"}}],"inLanguage":"fr-FR"},{"@type":"Organization","@id":"https:\/\/www.bellunopress.it\/#organization","name":"Bellunopress","url":"https:\/\/www.bellunopress.it\/","logo":{"@type":"ImageObject","inLanguage":"fr-FR","@id":"https:\/\/www.bellunopress.it\/#\/schema\/logo\/image\/","url":"https:\/\/www.bellunopress.it\/wp-content\/uploads\/2011\/05\/cropped-logo-bellunopress-.jpg","contentUrl":"https:\/\/www.bellunopress.it\/wp-content\/uploads\/2011\/05\/cropped-logo-bellunopress-.jpg","width":512,"height":512,"caption":"Bellunopress"},"image":{"@id":"https:\/\/www.bellunopress.it\/#\/schema\/logo\/image\/"},"sameAs":["https:\/\/www.facebook.com\/profile.php?id=100008943462799","https:\/\/x.com\/bellunopress","https:\/\/www.linkedin.com\/hp\/?dnr=JBzUWaJfMUw8vbXJJ2tVW5-I3jZKvC4wsoxE&amp;amp;amp;amp;amp;amp;trk=nav_responsive_tab_home","https:\/\/www.youtube.com\/channel\/UCxL0wu1uN0_3_7hGG0306cw"]},{"@type":"Person","@id":"https:\/\/www.bellunopress.it\/#\/schema\/person\/79bb06722b37ece1c03d3e94beb30d73","name":"r\u00e9daction","image":{"@type":"ImageObject","inLanguage":"fr-FR","@id":"https:\/\/secure.gravatar.com\/avatar\/37d968a2e67a6fd04c169c4bdef102d0bc5d31b2546345219e348575eb80e9a0?s=96&d=mm&r=g","url":"https:\/\/secure.gravatar.com\/avatar\/37d968a2e67a6fd04c169c4bdef102d0bc5d31b2546345219e348575eb80e9a0?s=96&d=mm&r=g","contentUrl":"https:\/\/secure.gravatar.com\/avatar\/37d968a2e67a6fd04c169c4bdef102d0bc5d31b2546345219e348575eb80e9a0?s=96&d=mm&r=g","caption":"redazione"},"sameAs":["http:\/\/www.bellunopress.it","https:\/\/x.com\/bellunopress"],"url":"https:\/\/www.bellunopress.it\/fr\/author\/redazione\/"}]}},"_links":{"self":[{"href":"https:\/\/www.bellunopress.it\/fr\/wp-json\/wp\/v2\/posts\/118043","targetHints":{"allow":["GET"]}}],"collection":[{"href":"https:\/\/www.bellunopress.it\/fr\/wp-json\/wp\/v2\/posts"}],"about":[{"href":"https:\/\/www.bellunopress.it\/fr\/wp-json\/wp\/v2\/types\/post"}],"author":[{"embeddable":true,"href":"https:\/\/www.bellunopress.it\/fr\/wp-json\/wp\/v2\/users\/2"}],"replies":[{"embeddable":true,"href":"https:\/\/www.bellunopress.it\/fr\/wp-json\/wp\/v2\/comments?post=118043"}],"version-history":[{"count":2,"href":"https:\/\/www.bellunopress.it\/fr\/wp-json\/wp\/v2\/posts\/118043\/revisions"}],"predecessor-version":[{"id":118046,"href":"https:\/\/www.bellunopress.it\/fr\/wp-json\/wp\/v2\/posts\/118043\/revisions\/118046"}],"wp:featuredmedia":[{"embeddable":true,"href":"https:\/\/www.bellunopress.it\/fr\/wp-json\/wp\/v2\/media\/118044"}],"wp:attachment":[{"href":"https:\/\/www.bellunopress.it\/fr\/wp-json\/wp\/v2\/media?parent=118043"}],"wp:term":[{"taxonomy":"category","embeddable":true,"href":"https:\/\/www.bellunopress.it\/fr\/wp-json\/wp\/v2\/categories?post=118043"},{"taxonomy":"post_tag","embeddable":true,"href":"https:\/\/www.bellunopress.it\/fr\/wp-json\/wp\/v2\/tags?post=118043"}],"curies":[{"name":"wp","href":"https:\/\/api.w.org\/{rel}","templated":true}]}}