{"id":118041,"date":"2020-09-30T12:16:03","date_gmt":"2020-09-30T10:16:03","guid":{"rendered":"http:\/\/www.bellunopress.it\/?p=118041"},"modified":"2020-09-30T12:16:03","modified_gmt":"2020-09-30T10:16:03","slug":"progetto-alps-2030-ultimi-giorni-per-le-candidature","status":"publish","type":"post","link":"https:\/\/www.bellunopress.it\/fr\/2020\/09\/30\/progetto-alps-2030-ultimi-giorni-per-le-candidature\/","title":{"rendered":"Progetto \u201cAlps 2030\u201d. Ultimi giorni per le candidature"},"content":{"rendered":"<figure id=\"attachment_113617\" aria-describedby=\"caption-attachment-113617\" style=\"width: 800px\" class=\"wp-caption alignleft\"><a href=\"http:\/\/www.bellunopress.it\/fr\/2020\/04\/06\/una-cabina-di-regia-per-il-dopo-coronavirus-addamiano-la-politica-deve-dare-un-segnale-forte\/palazzo-rosso_edited\/\" rel=\"attachment wp-att-113617\"><img loading=\"lazy\" decoding=\"async\" class=\"size-full wp-image-113617\" src=\"http:\/\/www.bellunopress.it\/wp-content\/uploads\/2020\/04\/palazzo-rosso_edited.jpg\" alt=\"\" width=\"800\" height=\"563\" srcset=\"https:\/\/www.bellunopress.it\/wp-content\/uploads\/2020\/04\/palazzo-rosso_edited.jpg 800w, https:\/\/www.bellunopress.it\/wp-content\/uploads\/2020\/04\/palazzo-rosso_edited-500x352.jpg 500w, https:\/\/www.bellunopress.it\/wp-content\/uploads\/2020\/04\/palazzo-rosso_edited-696x490.jpg 696w, https:\/\/www.bellunopress.it\/wp-content\/uploads\/2020\/04\/palazzo-rosso_edited-597x420.jpg 597w, https:\/\/www.bellunopress.it\/wp-content\/uploads\/2020\/04\/palazzo-rosso_edited-100x70.jpg 100w\" sizes=\"auto, (max-width: 800px) 100vw, 800px\" \/><\/a><figcaption id=\"caption-attachment-113617\" class=\"wp-caption-text\">Palazzo Rosso, sede dell&#8217;amministrazione comunale di Belluno<\/figcaption><\/figure>\n<p>Ultimi giorni per presentare la propria candidatura per il progetto \u201cAlps 2030\u201d, promosso da CIPRA, e che vedr\u00e0 protagonisti anche tre giovani bellunesi: scadono infatti luned\u00ec 5 ottobre i termini per depositare la propria domanda.<\/p>\n<p>\u201cAlps 2030\u201d\u00e8 un progetto della durata di 24 mesi dedicato agli obiettivi di sviluppo sostenibile individuati dall\u2019ONU con \u201cAgenda 2030 per lo Sviluppo Sostenibile\u201d ed \u00e8 indirizzato ai ragazzi tra i 14 e i 25 anni che potranno partecipare a tre incontri internazionali su questi temi. Gi\u00e0 fissati per ora, ma naturalmente bisogner\u00e0 attendere le evoluzioni dell&#8217;epidemia Covid, i primi appuntamenti, della durata di tre giorni ciascuno: 11 dicembre a Nizza, e tra maggio e giugno 2021 in Liechtenstein. Nell&#8217;estate 2022, infine, l&#8217;evento che chiuder\u00e0 il progetto.<\/p>\n<p>I tre ragazzi incontreranno esponenti politici europei e intrecceranno rapporti con organizzazioni internazionali e altri loro coetanei da tutto il continente. I partecipanti saranno completamente spesati nell&#8217;arco dell&#8217;intero progetto e le spese di viaggio, vitto e alloggio saranno coperte dal budget del progetto Erasmus+.<\/p>\n<p>I requisiti richiesti ai partecipanti sono: et\u00e0 compresa tra i 14 e i 25 anni, con preferenza per i ragazzi tra i 14 e i 18 anni; disponibilit\u00e0 ad assentarsi da scuola in occasione degli incontri internazionali, a seguito di richiesta dell&#8217;Amministrazione comunale alla scuola; essere residenti nel Comune di Belluno e\/o frequentare un Istituto scolastico a Belluno; buona conoscenza della lingua della lingua inglese.<\/p>\n<p>\u00abCredo sia un&#8217;occasione importante per i nostri ragazzi per fare un&#8217;esperienza internazionale e potersi confrontare con i loro coetanei su temi tanto importanti in questo momento cos\u00ec delicato per il futuro del nostro pianeta. &#8211; sottolinea l&#8217;assessore Yuki d&#8217;Emilia \u2013 Belluno \u00e8 l&#8217;unico comune italiano che partecipa a questo progetto e penso che per una citt\u00e0 che fa della qualit\u00e0 della vita, dell&#8217;ambiente e della sostenibilit\u00e0 i suoi punti di forza questa sia un&#8217;occasione da non perdere\u00bb.<\/p>\n<p>Il modulo di iscrizione \u00e8 scaricabile dal sito istituzionale del Comune e va inviato via mail all&#8217;indirizzo sostenibilita@comune.belluno.it o consegnato a mano all&#8217;Ufficio Protocollo di Palazzo Rosso entro il 5 ottobre prossimo; entro il 23 ottobre verranno effettuate le selezioni.<br \/>\nPer ulteriori informazioni \u00e8 possibile contattare gli uffici al 0437\/913147, allo 0437\/913148 o inviando una email a sostenibilita@comune.belluno.it<\/p>","protected":false},"excerpt":{"rendered":"<p>Ultimi giorni per presentare la propria candidatura per il progetto \u201cAlps 2030\u201d, promosso da CIPRA, e che vedr\u00e0 protagonisti anche tre giovani bellunesi: scadono infatti luned\u00ec 5 ottobre i termini per depositare la propria domanda. \u201cAlps 2030\u201d\u00e8 un progetto della durata di 24 mesi dedicato agli obiettivi di sviluppo sostenibile individuati dall\u2019ONU con \u201cAgenda 2030 [&hellip;]<\/p>\n","protected":false},"author":2,"featured_media":113617,"comment_status":"closed","ping_status":"open","sticky":false,"template":"","format":"standard","meta":{"footnotes":""},"categories":[26,15,8],"tags":[],"class_list":["post-118041","post","type-post","status-publish","format-standard","has-post-thumbnail","category-prima-pagina","category-scuola","category-societa-istituzioni"],"yoast_head":"<!-- This site is optimized with the Yoast SEO plugin v28.4 - https:\/\/yoast.com\/product\/yoast-seo-wordpress\/ -->\n<title>Progetto \u201cAlps 2030\u201d. Ultimi giorni per le candidature - Bellunopress - Dolomiti<\/title>\n<meta name=\"robots\" content=\"index, follow, max-snippet:-1, max-image-preview:large, max-video-preview:-1\" \/>\n<link rel=\"canonical\" href=\"https:\/\/www.bellunopress.it\/fr\/2020\/09\/30\/progetto-alps-2030-ultimi-giorni-per-le-candidature\/\" \/>\n<meta property=\"og:locale\" content=\"fr_FR\" \/>\n<meta property=\"og:type\" content=\"article\" \/>\n<meta property=\"og:title\" content=\"Progetto \u201cAlps 2030\u201d. Ultimi giorni per le candidature - Bellunopress - Dolomiti\" \/>\n<meta property=\"og:description\" content=\"Ultimi giorni per presentare la propria candidatura per il progetto \u201cAlps 2030\u201d, promosso da CIPRA, e che vedr\u00e0 protagonisti anche tre giovani bellunesi: scadono infatti luned\u00ec 5 ottobre i termini per depositare la propria domanda. \u201cAlps 2030\u201d\u00e8 un progetto della durata di 24 mesi dedicato agli obiettivi di sviluppo sostenibile individuati dall\u2019ONU con \u201cAgenda 2030 [&hellip;]\" \/>\n<meta property=\"og:url\" content=\"https:\/\/www.bellunopress.it\/fr\/2020\/09\/30\/progetto-alps-2030-ultimi-giorni-per-le-candidature\/\" \/>\n<meta property=\"og:site_name\" content=\"Bellunopress - Dolomiti\" \/>\n<meta property=\"article:publisher\" content=\"https:\/\/www.facebook.com\/profile.php?id=100008943462799\" \/>\n<meta property=\"article:published_time\" content=\"2020-09-30T10:16:03+00:00\" \/>\n<meta property=\"og:image\" content=\"https:\/\/www.bellunopress.it\/wp-content\/uploads\/2020\/04\/palazzo-rosso_edited.jpg\" \/>\n\t<meta property=\"og:image:width\" content=\"800\" \/>\n\t<meta property=\"og:image:height\" content=\"563\" \/>\n\t<meta property=\"og:image:type\" content=\"image\/jpeg\" \/>\n<meta name=\"author\" content=\"redazione\" \/>\n<meta name=\"twitter:card\" content=\"summary_large_image\" \/>\n<meta name=\"twitter:creator\" content=\"@bellunopress\" \/>\n<meta name=\"twitter:site\" content=\"@bellunopress\" \/>\n<meta name=\"twitter:label1\" content=\"Written by\" \/>\n\t<meta name=\"twitter:data1\" content=\"redazione\" \/>\n\t<meta name=\"twitter:label2\" content=\"Est. reading time\" \/>\n\t<meta name=\"twitter:data2\" content=\"2 minutes\" \/>\n<script type=\"application\/ld+json\" class=\"yoast-schema-graph\">{\"@context\":\"https:\\\/\\\/schema.org\",\"@graph\":[{\"@type\":\"Article\",\"@id\":\"https:\\\/\\\/www.bellunopress.it\\\/2020\\\/09\\\/30\\\/progetto-alps-2030-ultimi-giorni-per-le-candidature\\\/#article\",\"isPartOf\":{\"@id\":\"https:\\\/\\\/www.bellunopress.it\\\/2020\\\/09\\\/30\\\/progetto-alps-2030-ultimi-giorni-per-le-candidature\\\/\"},\"author\":{\"name\":\"redazione\",\"@id\":\"https:\\\/\\\/www.bellunopress.it\\\/#\\\/schema\\\/person\\\/79bb06722b37ece1c03d3e94beb30d73\"},\"headline\":\"Progetto \u201cAlps 2030\u201d. Ultimi giorni per le candidature\",\"datePublished\":\"2020-09-30T10:16:03+00:00\",\"mainEntityOfPage\":{\"@id\":\"https:\\\/\\\/www.bellunopress.it\\\/2020\\\/09\\\/30\\\/progetto-alps-2030-ultimi-giorni-per-le-candidature\\\/\"},\"wordCount\":388,\"publisher\":{\"@id\":\"https:\\\/\\\/www.bellunopress.it\\\/#organization\"},\"image\":{\"@id\":\"https:\\\/\\\/www.bellunopress.it\\\/2020\\\/09\\\/30\\\/progetto-alps-2030-ultimi-giorni-per-le-candidature\\\/#primaryimage\"},\"thumbnailUrl\":\"https:\\\/\\\/www.bellunopress.it\\\/wp-content\\\/uploads\\\/2020\\\/04\\\/palazzo-rosso_edited.jpg\",\"articleSection\":[\"Prima Pagina\",\"Scuola\",\"Societ\u00e0, Associazioni, Istituzioni\"],\"inLanguage\":\"fr-FR\"},{\"@type\":\"WebPage\",\"@id\":\"https:\\\/\\\/www.bellunopress.it\\\/2020\\\/09\\\/30\\\/progetto-alps-2030-ultimi-giorni-per-le-candidature\\\/\",\"url\":\"https:\\\/\\\/www.bellunopress.it\\\/2020\\\/09\\\/30\\\/progetto-alps-2030-ultimi-giorni-per-le-candidature\\\/\",\"name\":\"Progetto \u201cAlps 2030\u201d. Ultimi giorni per le candidature - Bellunopress - Dolomiti\",\"isPartOf\":{\"@id\":\"https:\\\/\\\/www.bellunopress.it\\\/#website\"},\"primaryImageOfPage\":{\"@id\":\"https:\\\/\\\/www.bellunopress.it\\\/2020\\\/09\\\/30\\\/progetto-alps-2030-ultimi-giorni-per-le-candidature\\\/#primaryimage\"},\"image\":{\"@id\":\"https:\\\/\\\/www.bellunopress.it\\\/2020\\\/09\\\/30\\\/progetto-alps-2030-ultimi-giorni-per-le-candidature\\\/#primaryimage\"},\"thumbnailUrl\":\"https:\\\/\\\/www.bellunopress.it\\\/wp-content\\\/uploads\\\/2020\\\/04\\\/palazzo-rosso_edited.jpg\",\"datePublished\":\"2020-09-30T10:16:03+00:00\",\"breadcrumb\":{\"@id\":\"https:\\\/\\\/www.bellunopress.it\\\/2020\\\/09\\\/30\\\/progetto-alps-2030-ultimi-giorni-per-le-candidature\\\/#breadcrumb\"},\"inLanguage\":\"fr-FR\",\"potentialAction\":[{\"@type\":\"ReadAction\",\"target\":[\"https:\\\/\\\/www.bellunopress.it\\\/2020\\\/09\\\/30\\\/progetto-alps-2030-ultimi-giorni-per-le-candidature\\\/\"]}]},{\"@type\":\"ImageObject\",\"inLanguage\":\"fr-FR\",\"@id\":\"https:\\\/\\\/www.bellunopress.it\\\/2020\\\/09\\\/30\\\/progetto-alps-2030-ultimi-giorni-per-le-candidature\\\/#primaryimage\",\"url\":\"https:\\\/\\\/www.bellunopress.it\\\/wp-content\\\/uploads\\\/2020\\\/04\\\/palazzo-rosso_edited.jpg\",\"contentUrl\":\"https:\\\/\\\/www.bellunopress.it\\\/wp-content\\\/uploads\\\/2020\\\/04\\\/palazzo-rosso_edited.jpg\",\"width\":800,\"height\":563,\"caption\":\"Palazzo Rosso, sede dell'amministrazione comunale di Belluno\"},{\"@type\":\"BreadcrumbList\",\"@id\":\"https:\\\/\\\/www.bellunopress.it\\\/2020\\\/09\\\/30\\\/progetto-alps-2030-ultimi-giorni-per-le-candidature\\\/#breadcrumb\",\"itemListElement\":[{\"@type\":\"ListItem\",\"position\":1,\"name\":\"Home\",\"item\":\"https:\\\/\\\/www.bellunopress.it\\\/\"},{\"@type\":\"ListItem\",\"position\":2,\"name\":\"Progetto \u201cAlps 2030\u201d. Ultimi giorni per le candidature\"}]},{\"@type\":\"WebSite\",\"@id\":\"https:\\\/\\\/www.bellunopress.it\\\/#website\",\"url\":\"https:\\\/\\\/www.bellunopress.it\\\/\",\"name\":\"Bellunopress - Dolomiti\",\"description\":\"e-mail: redazione@bellunopress.it\",\"publisher\":{\"@id\":\"https:\\\/\\\/www.bellunopress.it\\\/#organization\"},\"potentialAction\":[{\"@type\":\"SearchAction\",\"target\":{\"@type\":\"EntryPoint\",\"urlTemplate\":\"https:\\\/\\\/www.bellunopress.it\\\/?s={search_term_string}\"},\"query-input\":{\"@type\":\"PropertyValueSpecification\",\"valueRequired\":true,\"valueName\":\"search_term_string\"}}],\"inLanguage\":\"fr-FR\"},{\"@type\":\"Organization\",\"@id\":\"https:\\\/\\\/www.bellunopress.it\\\/#organization\",\"name\":\"Bellunopress\",\"url\":\"https:\\\/\\\/www.bellunopress.it\\\/\",\"logo\":{\"@type\":\"ImageObject\",\"inLanguage\":\"fr-FR\",\"@id\":\"https:\\\/\\\/www.bellunopress.it\\\/#\\\/schema\\\/logo\\\/image\\\/\",\"url\":\"https:\\\/\\\/www.bellunopress.it\\\/wp-content\\\/uploads\\\/2011\\\/05\\\/cropped-logo-bellunopress-.jpg\",\"contentUrl\":\"https:\\\/\\\/www.bellunopress.it\\\/wp-content\\\/uploads\\\/2011\\\/05\\\/cropped-logo-bellunopress-.jpg\",\"width\":512,\"height\":512,\"caption\":\"Bellunopress\"},\"image\":{\"@id\":\"https:\\\/\\\/www.bellunopress.it\\\/#\\\/schema\\\/logo\\\/image\\\/\"},\"sameAs\":[\"https:\\\/\\\/www.facebook.com\\\/profile.php?id=100008943462799\",\"https:\\\/\\\/x.com\\\/bellunopress\",\"https:\\\/\\\/www.linkedin.com\\\/hp\\\/?dnr=JBzUWaJfMUw8vbXJJ2tVW5-I3jZKvC4wsoxE&amp;amp;amp;amp;amp;amp;trk=nav_responsive_tab_home\",\"https:\\\/\\\/www.youtube.com\\\/channel\\\/UCxL0wu1uN0_3_7hGG0306cw\"]},{\"@type\":\"Person\",\"@id\":\"https:\\\/\\\/www.bellunopress.it\\\/#\\\/schema\\\/person\\\/79bb06722b37ece1c03d3e94beb30d73\",\"name\":\"redazione\",\"image\":{\"@type\":\"ImageObject\",\"inLanguage\":\"fr-FR\",\"@id\":\"https:\\\/\\\/secure.gravatar.com\\\/avatar\\\/37d968a2e67a6fd04c169c4bdef102d0bc5d31b2546345219e348575eb80e9a0?s=96&d=mm&r=g\",\"url\":\"https:\\\/\\\/secure.gravatar.com\\\/avatar\\\/37d968a2e67a6fd04c169c4bdef102d0bc5d31b2546345219e348575eb80e9a0?s=96&d=mm&r=g\",\"contentUrl\":\"https:\\\/\\\/secure.gravatar.com\\\/avatar\\\/37d968a2e67a6fd04c169c4bdef102d0bc5d31b2546345219e348575eb80e9a0?s=96&d=mm&r=g\",\"caption\":\"redazione\"},\"sameAs\":[\"http:\\\/\\\/www.bellunopress.it\",\"https:\\\/\\\/x.com\\\/bellunopress\"],\"url\":\"https:\\\/\\\/www.bellunopress.it\\\/fr\\\/author\\\/redazione\\\/\"}]}<\/script>\n<!-- \/ Yoast SEO plugin. -->","yoast_head_json":{"title":"Progetto \u201cAlps 2030\u201d. Ultimi giorni per le candidature - Bellunopress - Dolomiti","robots":{"index":"index","follow":"follow","max-snippet":"max-snippet:-1","max-image-preview":"max-image-preview:large","max-video-preview":"max-video-preview:-1"},"canonical":"https:\/\/www.bellunopress.it\/fr\/2020\/09\/30\/progetto-alps-2030-ultimi-giorni-per-le-candidature\/","og_locale":"fr_FR","og_type":"article","og_title":"Progetto \u201cAlps 2030\u201d. Ultimi giorni per le candidature - Bellunopress - Dolomiti","og_description":"Ultimi giorni per presentare la propria candidatura per il progetto \u201cAlps 2030\u201d, promosso da CIPRA, e che vedr\u00e0 protagonisti anche tre giovani bellunesi: scadono infatti luned\u00ec 5 ottobre i termini per depositare la propria domanda. \u201cAlps 2030\u201d\u00e8 un progetto della durata di 24 mesi dedicato agli obiettivi di sviluppo sostenibile individuati dall\u2019ONU con \u201cAgenda 2030 [&hellip;]","og_url":"https:\/\/www.bellunopress.it\/fr\/2020\/09\/30\/progetto-alps-2030-ultimi-giorni-per-le-candidature\/","og_site_name":"Bellunopress - Dolomiti","article_publisher":"https:\/\/www.facebook.com\/profile.php?id=100008943462799","article_published_time":"2020-09-30T10:16:03+00:00","og_image":[{"width":800,"height":563,"url":"https:\/\/www.bellunopress.it\/wp-content\/uploads\/2020\/04\/palazzo-rosso_edited.jpg","type":"image\/jpeg"}],"author":"redazione","twitter_card":"summary_large_image","twitter_creator":"@bellunopress","twitter_site":"@bellunopress","twitter_misc":{"Written by":"redazione","Est. reading time":"2 minutes"},"schema":{"@context":"https:\/\/schema.org","@graph":[{"@type":"Article","@id":"https:\/\/www.bellunopress.it\/2020\/09\/30\/progetto-alps-2030-ultimi-giorni-per-le-candidature\/#article","isPartOf":{"@id":"https:\/\/www.bellunopress.it\/2020\/09\/30\/progetto-alps-2030-ultimi-giorni-per-le-candidature\/"},"author":{"name":"redazione","@id":"https:\/\/www.bellunopress.it\/#\/schema\/person\/79bb06722b37ece1c03d3e94beb30d73"},"headline":"Progetto \u201cAlps 2030\u201d. Ultimi giorni per le candidature","datePublished":"2020-09-30T10:16:03+00:00","mainEntityOfPage":{"@id":"https:\/\/www.bellunopress.it\/2020\/09\/30\/progetto-alps-2030-ultimi-giorni-per-le-candidature\/"},"wordCount":388,"publisher":{"@id":"https:\/\/www.bellunopress.it\/#organization"},"image":{"@id":"https:\/\/www.bellunopress.it\/2020\/09\/30\/progetto-alps-2030-ultimi-giorni-per-le-candidature\/#primaryimage"},"thumbnailUrl":"https:\/\/www.bellunopress.it\/wp-content\/uploads\/2020\/04\/palazzo-rosso_edited.jpg","articleSection":["Prima Pagina","Scuola","Societ\u00e0, Associazioni, Istituzioni"],"inLanguage":"fr-FR"},{"@type":"WebPage","@id":"https:\/\/www.bellunopress.it\/2020\/09\/30\/progetto-alps-2030-ultimi-giorni-per-le-candidature\/","url":"https:\/\/www.bellunopress.it\/2020\/09\/30\/progetto-alps-2030-ultimi-giorni-per-le-candidature\/","name":"Progetto \u201cAlps 2030\u201d. Ultimi giorni per le candidature - Bellunopress - Dolomiti","isPartOf":{"@id":"https:\/\/www.bellunopress.it\/#website"},"primaryImageOfPage":{"@id":"https:\/\/www.bellunopress.it\/2020\/09\/30\/progetto-alps-2030-ultimi-giorni-per-le-candidature\/#primaryimage"},"image":{"@id":"https:\/\/www.bellunopress.it\/2020\/09\/30\/progetto-alps-2030-ultimi-giorni-per-le-candidature\/#primaryimage"},"thumbnailUrl":"https:\/\/www.bellunopress.it\/wp-content\/uploads\/2020\/04\/palazzo-rosso_edited.jpg","datePublished":"2020-09-30T10:16:03+00:00","breadcrumb":{"@id":"https:\/\/www.bellunopress.it\/2020\/09\/30\/progetto-alps-2030-ultimi-giorni-per-le-candidature\/#breadcrumb"},"inLanguage":"fr-FR","potentialAction":[{"@type":"ReadAction","target":["https:\/\/www.bellunopress.it\/2020\/09\/30\/progetto-alps-2030-ultimi-giorni-per-le-candidature\/"]}]},{"@type":"ImageObject","inLanguage":"fr-FR","@id":"https:\/\/www.bellunopress.it\/2020\/09\/30\/progetto-alps-2030-ultimi-giorni-per-le-candidature\/#primaryimage","url":"https:\/\/www.bellunopress.it\/wp-content\/uploads\/2020\/04\/palazzo-rosso_edited.jpg","contentUrl":"https:\/\/www.bellunopress.it\/wp-content\/uploads\/2020\/04\/palazzo-rosso_edited.jpg","width":800,"height":563,"caption":"Palazzo Rosso, sede dell'amministrazione comunale di Belluno"},{"@type":"BreadcrumbList","@id":"https:\/\/www.bellunopress.it\/2020\/09\/30\/progetto-alps-2030-ultimi-giorni-per-le-candidature\/#breadcrumb","itemListElement":[{"@type":"ListItem","position":1,"name":"Home","item":"https:\/\/www.bellunopress.it\/"},{"@type":"ListItem","position":2,"name":"Progetto \u201cAlps 2030\u201d. Ultimi giorni per le candidature"}]},{"@type":"WebSite","@id":"https:\/\/www.bellunopress.it\/#website","url":"https:\/\/www.bellunopress.it\/","name":"Bellunopress - Dolomiti","description":"e-mail: redazione@bellunopress.it","publisher":{"@id":"https:\/\/www.bellunopress.it\/#organization"},"potentialAction":[{"@type":"SearchAction","target":{"@type":"EntryPoint","urlTemplate":"https:\/\/www.bellunopress.it\/?s={search_term_string}"},"query-input":{"@type":"PropertyValueSpecification","valueRequired":true,"valueName":"search_term_string"}}],"inLanguage":"fr-FR"},{"@type":"Organization","@id":"https:\/\/www.bellunopress.it\/#organization","name":"Bellunopress","url":"https:\/\/www.bellunopress.it\/","logo":{"@type":"ImageObject","inLanguage":"fr-FR","@id":"https:\/\/www.bellunopress.it\/#\/schema\/logo\/image\/","url":"https:\/\/www.bellunopress.it\/wp-content\/uploads\/2011\/05\/cropped-logo-bellunopress-.jpg","contentUrl":"https:\/\/www.bellunopress.it\/wp-content\/uploads\/2011\/05\/cropped-logo-bellunopress-.jpg","width":512,"height":512,"caption":"Bellunopress"},"image":{"@id":"https:\/\/www.bellunopress.it\/#\/schema\/logo\/image\/"},"sameAs":["https:\/\/www.facebook.com\/profile.php?id=100008943462799","https:\/\/x.com\/bellunopress","https:\/\/www.linkedin.com\/hp\/?dnr=JBzUWaJfMUw8vbXJJ2tVW5-I3jZKvC4wsoxE&amp;amp;amp;amp;amp;amp;trk=nav_responsive_tab_home","https:\/\/www.youtube.com\/channel\/UCxL0wu1uN0_3_7hGG0306cw"]},{"@type":"Person","@id":"https:\/\/www.bellunopress.it\/#\/schema\/person\/79bb06722b37ece1c03d3e94beb30d73","name":"r\u00e9daction","image":{"@type":"ImageObject","inLanguage":"fr-FR","@id":"https:\/\/secure.gravatar.com\/avatar\/37d968a2e67a6fd04c169c4bdef102d0bc5d31b2546345219e348575eb80e9a0?s=96&d=mm&r=g","url":"https:\/\/secure.gravatar.com\/avatar\/37d968a2e67a6fd04c169c4bdef102d0bc5d31b2546345219e348575eb80e9a0?s=96&d=mm&r=g","contentUrl":"https:\/\/secure.gravatar.com\/avatar\/37d968a2e67a6fd04c169c4bdef102d0bc5d31b2546345219e348575eb80e9a0?s=96&d=mm&r=g","caption":"redazione"},"sameAs":["http:\/\/www.bellunopress.it","https:\/\/x.com\/bellunopress"],"url":"https:\/\/www.bellunopress.it\/fr\/author\/redazione\/"}]}},"_links":{"self":[{"href":"https:\/\/www.bellunopress.it\/fr\/wp-json\/wp\/v2\/posts\/118041","targetHints":{"allow":["GET"]}}],"collection":[{"href":"https:\/\/www.bellunopress.it\/fr\/wp-json\/wp\/v2\/posts"}],"about":[{"href":"https:\/\/www.bellunopress.it\/fr\/wp-json\/wp\/v2\/types\/post"}],"author":[{"embeddable":true,"href":"https:\/\/www.bellunopress.it\/fr\/wp-json\/wp\/v2\/users\/2"}],"replies":[{"embeddable":true,"href":"https:\/\/www.bellunopress.it\/fr\/wp-json\/wp\/v2\/comments?post=118041"}],"version-history":[{"count":1,"href":"https:\/\/www.bellunopress.it\/fr\/wp-json\/wp\/v2\/posts\/118041\/revisions"}],"predecessor-version":[{"id":118042,"href":"https:\/\/www.bellunopress.it\/fr\/wp-json\/wp\/v2\/posts\/118041\/revisions\/118042"}],"wp:featuredmedia":[{"embeddable":true,"href":"https:\/\/www.bellunopress.it\/fr\/wp-json\/wp\/v2\/media\/113617"}],"wp:attachment":[{"href":"https:\/\/www.bellunopress.it\/fr\/wp-json\/wp\/v2\/media?parent=118041"}],"wp:term":[{"taxonomy":"category","embeddable":true,"href":"https:\/\/www.bellunopress.it\/fr\/wp-json\/wp\/v2\/categories?post=118041"},{"taxonomy":"post_tag","embeddable":true,"href":"https:\/\/www.bellunopress.it\/fr\/wp-json\/wp\/v2\/tags?post=118041"}],"curies":[{"name":"wp","href":"https:\/\/api.w.org\/{rel}","templated":true}]}}