{"id":118037,"date":"2020-09-30T12:13:01","date_gmt":"2020-09-30T10:13:01","guid":{"rendered":"http:\/\/www.bellunopress.it\/?p=118037"},"modified":"2020-09-30T12:13:02","modified_gmt":"2020-09-30T10:13:02","slug":"venezia-in-cadore-1420-2020-quasi-5mila-visite-alla-mostra-che-celebra-i-600-anni-della-dedizione-del-cadore-alla-serenissima","status":"publish","type":"post","link":"https:\/\/www.bellunopress.it\/fr\/2020\/09\/30\/venezia-in-cadore-1420-2020-quasi-5mila-visite-alla-mostra-che-celebra-i-600-anni-della-dedizione-del-cadore-alla-serenissima\/","title":{"rendered":"Venezia in Cadore 1420-2020. Quasi 5mila visite alla mostra che celebra i 600 anni della dedizione del Cadore alla Serenissima"},"content":{"rendered":"<p><a href=\"http:\/\/www.bellunopress.it\/fr\/2020\/09\/30\/venezia-in-cadore-1420-2020-quasi-5mila-visite-alla-mostra-che-celebra-i-600-anni-della-dedizione-del-cadore-alla-serenissima\/visitatori-mostra-660-anni-cadore-serenissima_edited\/\" rel=\"attachment wp-att-118038\"><img loading=\"lazy\" decoding=\"async\" class=\"alignleft size-full wp-image-118038\" src=\"http:\/\/www.bellunopress.it\/wp-content\/uploads\/2020\/09\/visitatori-mostra-660-anni-Cadore-Serenissima_edited.jpg\" alt=\"\" width=\"800\" height=\"717\" srcset=\"https:\/\/www.bellunopress.it\/wp-content\/uploads\/2020\/09\/visitatori-mostra-660-anni-Cadore-Serenissima_edited.jpg 800w, https:\/\/www.bellunopress.it\/wp-content\/uploads\/2020\/09\/visitatori-mostra-660-anni-Cadore-Serenissima_edited-500x448.jpg 500w, https:\/\/www.bellunopress.it\/wp-content\/uploads\/2020\/09\/visitatori-mostra-660-anni-Cadore-Serenissima_edited-696x624.jpg 696w, https:\/\/www.bellunopress.it\/wp-content\/uploads\/2020\/09\/visitatori-mostra-660-anni-Cadore-Serenissima_edited-469x420.jpg 469w\" sizes=\"auto, (max-width: 800px) 100vw, 800px\" \/><\/a>Si \u00e8 conclusa sabato 28 settembre e i numeri anche per l\u2019esposizione estiva di quest\u2019anno sono importanti, nonostante le misure restrittive imposte dalla normativa per il contenimento del contagio da Covid-19.<br \/>\nAnzich\u00e9 puntare su prestiti di importanti musei nazionali la Magnifica Comunit\u00e0 di Cadore ha privilegiato l\u2019aspetto del restauro di opere locali e dello studio della storia cadorina, azioni che garantiranno nel futuro la migliore fruizione dei tesori del territorio e la promozione della conoscenza della storia del Cadore.<\/p>\n<p>La mostra Venezia in Cadore 1420-2020. Seicento anni dalla Dedizione del Cadore alla Serenissima e un quadro di Cesare Vecellio, la principale esposizione dell\u2019estate cadorina allestita alla Casa natale di Tiziano Vecellio a Pieve di Cadore, Belluno, dal 18 luglio al 28 settembre, si conclude con un buon numero di visite, ben 4.742. Una flessione rispetto allo scorso anno c\u2019\u00e8 stata, dovuta soprattutto dall\u2019assenza dei gruppi organizzati e del turismo straniero e avvertita in particolare a settembre, tuttavia, considerata l\u2019eccezionalit\u00e0 di quest\u2019anno, pu\u00f2 ritenersi un lusinghiero risultato.<\/p>","protected":false},"excerpt":{"rendered":"<p>Si \u00e8 conclusa sabato 28 settembre e i numeri anche per l\u2019esposizione estiva di quest\u2019anno sono importanti, nonostante le misure restrittive imposte dalla normativa per il contenimento del contagio da Covid-19. Anzich\u00e9 puntare su prestiti di importanti musei nazionali la Magnifica Comunit\u00e0 di Cadore ha privilegiato l\u2019aspetto del restauro di opere locali e dello studio [&hellip;]<\/p>\n","protected":false},"author":2,"featured_media":118038,"comment_status":"closed","ping_status":"open","sticky":false,"template":"","format":"standard","meta":{"footnotes":""},"categories":[3],"tags":[],"class_list":["post-118037","post","type-post","status-publish","format-standard","has-post-thumbnail","category-arte-cultura-spettacoli-scienza-archivi"],"yoast_head":"<!-- This site is optimized with the Yoast SEO plugin v28.4 - https:\/\/yoast.com\/product\/yoast-seo-wordpress\/ -->\n<title>Venezia in Cadore 1420-2020. Quasi 5mila visite alla mostra che celebra i 600 anni della dedizione del Cadore alla Serenissima - Bellunopress - Dolomiti<\/title>\n<meta name=\"robots\" content=\"index, follow, max-snippet:-1, max-image-preview:large, max-video-preview:-1\" \/>\n<link rel=\"canonical\" href=\"https:\/\/www.bellunopress.it\/fr\/2020\/09\/30\/venezia-in-cadore-1420-2020-quasi-5mila-visite-alla-mostra-che-celebra-i-600-anni-della-dedizione-del-cadore-alla-serenissima\/\" \/>\n<meta property=\"og:locale\" content=\"fr_FR\" \/>\n<meta property=\"og:type\" content=\"article\" \/>\n<meta property=\"og:title\" content=\"Venezia in Cadore 1420-2020. Quasi 5mila visite alla mostra che celebra i 600 anni della dedizione del Cadore alla Serenissima - Bellunopress - Dolomiti\" \/>\n<meta property=\"og:description\" content=\"Si \u00e8 conclusa sabato 28 settembre e i numeri anche per l\u2019esposizione estiva di quest\u2019anno sono importanti, nonostante le misure restrittive imposte dalla normativa per il contenimento del contagio da Covid-19. Anzich\u00e9 puntare su prestiti di importanti musei nazionali la Magnifica Comunit\u00e0 di Cadore ha privilegiato l\u2019aspetto del restauro di opere locali e dello studio [&hellip;]\" \/>\n<meta property=\"og:url\" content=\"https:\/\/www.bellunopress.it\/fr\/2020\/09\/30\/venezia-in-cadore-1420-2020-quasi-5mila-visite-alla-mostra-che-celebra-i-600-anni-della-dedizione-del-cadore-alla-serenissima\/\" \/>\n<meta property=\"og:site_name\" content=\"Bellunopress - Dolomiti\" \/>\n<meta property=\"article:publisher\" content=\"https:\/\/www.facebook.com\/profile.php?id=100008943462799\" \/>\n<meta property=\"article:published_time\" content=\"2020-09-30T10:13:01+00:00\" \/>\n<meta property=\"article:modified_time\" content=\"2020-09-30T10:13:02+00:00\" \/>\n<meta property=\"og:image\" content=\"https:\/\/www.bellunopress.it\/wp-content\/uploads\/2020\/09\/visitatori-mostra-660-anni-Cadore-Serenissima_edited.jpg\" \/>\n\t<meta property=\"og:image:width\" content=\"800\" \/>\n\t<meta property=\"og:image:height\" content=\"717\" \/>\n\t<meta property=\"og:image:type\" content=\"image\/jpeg\" \/>\n<meta name=\"author\" content=\"redazione\" \/>\n<meta name=\"twitter:card\" content=\"summary_large_image\" \/>\n<meta name=\"twitter:creator\" content=\"@bellunopress\" \/>\n<meta name=\"twitter:site\" content=\"@bellunopress\" \/>\n<meta name=\"twitter:label1\" content=\"\u00c9crit par\" \/>\n\t<meta name=\"twitter:data1\" content=\"redazione\" \/>\n\t<meta name=\"twitter:label2\" content=\"Dur\u00e9e de lecture estim\u00e9e\" \/>\n\t<meta name=\"twitter:data2\" content=\"1 minute\" \/>\n<script type=\"application\/ld+json\" class=\"yoast-schema-graph\">{\"@context\":\"https:\\\/\\\/schema.org\",\"@graph\":[{\"@type\":\"Article\",\"@id\":\"https:\\\/\\\/www.bellunopress.it\\\/2020\\\/09\\\/30\\\/venezia-in-cadore-1420-2020-quasi-5mila-visite-alla-mostra-che-celebra-i-600-anni-della-dedizione-del-cadore-alla-serenissima\\\/#article\",\"isPartOf\":{\"@id\":\"https:\\\/\\\/www.bellunopress.it\\\/2020\\\/09\\\/30\\\/venezia-in-cadore-1420-2020-quasi-5mila-visite-alla-mostra-che-celebra-i-600-anni-della-dedizione-del-cadore-alla-serenissima\\\/\"},\"author\":{\"name\":\"redazione\",\"@id\":\"https:\\\/\\\/www.bellunopress.it\\\/#\\\/schema\\\/person\\\/79bb06722b37ece1c03d3e94beb30d73\"},\"headline\":\"Venezia in Cadore 1420-2020. Quasi 5mila visite alla mostra che celebra i 600 anni della dedizione del Cadore alla Serenissima\",\"datePublished\":\"2020-09-30T10:13:01+00:00\",\"dateModified\":\"2020-09-30T10:13:02+00:00\",\"mainEntityOfPage\":{\"@id\":\"https:\\\/\\\/www.bellunopress.it\\\/2020\\\/09\\\/30\\\/venezia-in-cadore-1420-2020-quasi-5mila-visite-alla-mostra-che-celebra-i-600-anni-della-dedizione-del-cadore-alla-serenissima\\\/\"},\"wordCount\":187,\"publisher\":{\"@id\":\"https:\\\/\\\/www.bellunopress.it\\\/#organization\"},\"image\":{\"@id\":\"https:\\\/\\\/www.bellunopress.it\\\/2020\\\/09\\\/30\\\/venezia-in-cadore-1420-2020-quasi-5mila-visite-alla-mostra-che-celebra-i-600-anni-della-dedizione-del-cadore-alla-serenissima\\\/#primaryimage\"},\"thumbnailUrl\":\"https:\\\/\\\/www.bellunopress.it\\\/wp-content\\\/uploads\\\/2020\\\/09\\\/visitatori-mostra-660-anni-Cadore-Serenissima_edited.jpg\",\"articleSection\":[\"Arte, Cultura, Spettacoli, Scienza\"],\"inLanguage\":\"fr-FR\"},{\"@type\":\"WebPage\",\"@id\":\"https:\\\/\\\/www.bellunopress.it\\\/2020\\\/09\\\/30\\\/venezia-in-cadore-1420-2020-quasi-5mila-visite-alla-mostra-che-celebra-i-600-anni-della-dedizione-del-cadore-alla-serenissima\\\/\",\"url\":\"https:\\\/\\\/www.bellunopress.it\\\/2020\\\/09\\\/30\\\/venezia-in-cadore-1420-2020-quasi-5mila-visite-alla-mostra-che-celebra-i-600-anni-della-dedizione-del-cadore-alla-serenissima\\\/\",\"name\":\"Venezia in Cadore 1420-2020. Quasi 5mila visite alla mostra che celebra i 600 anni della dedizione del Cadore alla Serenissima - Bellunopress - Dolomiti\",\"isPartOf\":{\"@id\":\"https:\\\/\\\/www.bellunopress.it\\\/#website\"},\"primaryImageOfPage\":{\"@id\":\"https:\\\/\\\/www.bellunopress.it\\\/2020\\\/09\\\/30\\\/venezia-in-cadore-1420-2020-quasi-5mila-visite-alla-mostra-che-celebra-i-600-anni-della-dedizione-del-cadore-alla-serenissima\\\/#primaryimage\"},\"image\":{\"@id\":\"https:\\\/\\\/www.bellunopress.it\\\/2020\\\/09\\\/30\\\/venezia-in-cadore-1420-2020-quasi-5mila-visite-alla-mostra-che-celebra-i-600-anni-della-dedizione-del-cadore-alla-serenissima\\\/#primaryimage\"},\"thumbnailUrl\":\"https:\\\/\\\/www.bellunopress.it\\\/wp-content\\\/uploads\\\/2020\\\/09\\\/visitatori-mostra-660-anni-Cadore-Serenissima_edited.jpg\",\"datePublished\":\"2020-09-30T10:13:01+00:00\",\"dateModified\":\"2020-09-30T10:13:02+00:00\",\"breadcrumb\":{\"@id\":\"https:\\\/\\\/www.bellunopress.it\\\/2020\\\/09\\\/30\\\/venezia-in-cadore-1420-2020-quasi-5mila-visite-alla-mostra-che-celebra-i-600-anni-della-dedizione-del-cadore-alla-serenissima\\\/#breadcrumb\"},\"inLanguage\":\"fr-FR\",\"potentialAction\":[{\"@type\":\"ReadAction\",\"target\":[\"https:\\\/\\\/www.bellunopress.it\\\/2020\\\/09\\\/30\\\/venezia-in-cadore-1420-2020-quasi-5mila-visite-alla-mostra-che-celebra-i-600-anni-della-dedizione-del-cadore-alla-serenissima\\\/\"]}]},{\"@type\":\"ImageObject\",\"inLanguage\":\"fr-FR\",\"@id\":\"https:\\\/\\\/www.bellunopress.it\\\/2020\\\/09\\\/30\\\/venezia-in-cadore-1420-2020-quasi-5mila-visite-alla-mostra-che-celebra-i-600-anni-della-dedizione-del-cadore-alla-serenissima\\\/#primaryimage\",\"url\":\"https:\\\/\\\/www.bellunopress.it\\\/wp-content\\\/uploads\\\/2020\\\/09\\\/visitatori-mostra-660-anni-Cadore-Serenissima_edited.jpg\",\"contentUrl\":\"https:\\\/\\\/www.bellunopress.it\\\/wp-content\\\/uploads\\\/2020\\\/09\\\/visitatori-mostra-660-anni-Cadore-Serenissima_edited.jpg\",\"width\":800,\"height\":717},{\"@type\":\"BreadcrumbList\",\"@id\":\"https:\\\/\\\/www.bellunopress.it\\\/2020\\\/09\\\/30\\\/venezia-in-cadore-1420-2020-quasi-5mila-visite-alla-mostra-che-celebra-i-600-anni-della-dedizione-del-cadore-alla-serenissima\\\/#breadcrumb\",\"itemListElement\":[{\"@type\":\"ListItem\",\"position\":1,\"name\":\"Home\",\"item\":\"https:\\\/\\\/www.bellunopress.it\\\/\"},{\"@type\":\"ListItem\",\"position\":2,\"name\":\"Venezia in Cadore 1420-2020. Quasi 5mila visite alla mostra che celebra i 600 anni della dedizione del Cadore alla Serenissima\"}]},{\"@type\":\"WebSite\",\"@id\":\"https:\\\/\\\/www.bellunopress.it\\\/#website\",\"url\":\"https:\\\/\\\/www.bellunopress.it\\\/\",\"name\":\"Bellunopress - Dolomiti\",\"description\":\"e-mail: redazione@bellunopress.it\",\"publisher\":{\"@id\":\"https:\\\/\\\/www.bellunopress.it\\\/#organization\"},\"potentialAction\":[{\"@type\":\"SearchAction\",\"target\":{\"@type\":\"EntryPoint\",\"urlTemplate\":\"https:\\\/\\\/www.bellunopress.it\\\/?s={search_term_string}\"},\"query-input\":{\"@type\":\"PropertyValueSpecification\",\"valueRequired\":true,\"valueName\":\"search_term_string\"}}],\"inLanguage\":\"fr-FR\"},{\"@type\":\"Organization\",\"@id\":\"https:\\\/\\\/www.bellunopress.it\\\/#organization\",\"name\":\"Bellunopress\",\"url\":\"https:\\\/\\\/www.bellunopress.it\\\/\",\"logo\":{\"@type\":\"ImageObject\",\"inLanguage\":\"fr-FR\",\"@id\":\"https:\\\/\\\/www.bellunopress.it\\\/#\\\/schema\\\/logo\\\/image\\\/\",\"url\":\"https:\\\/\\\/www.bellunopress.it\\\/wp-content\\\/uploads\\\/2011\\\/05\\\/cropped-logo-bellunopress-.jpg\",\"contentUrl\":\"https:\\\/\\\/www.bellunopress.it\\\/wp-content\\\/uploads\\\/2011\\\/05\\\/cropped-logo-bellunopress-.jpg\",\"width\":512,\"height\":512,\"caption\":\"Bellunopress\"},\"image\":{\"@id\":\"https:\\\/\\\/www.bellunopress.it\\\/#\\\/schema\\\/logo\\\/image\\\/\"},\"sameAs\":[\"https:\\\/\\\/www.facebook.com\\\/profile.php?id=100008943462799\",\"https:\\\/\\\/x.com\\\/bellunopress\",\"https:\\\/\\\/www.linkedin.com\\\/hp\\\/?dnr=JBzUWaJfMUw8vbXJJ2tVW5-I3jZKvC4wsoxE&amp;amp;amp;amp;amp;amp;trk=nav_responsive_tab_home\",\"https:\\\/\\\/www.youtube.com\\\/channel\\\/UCxL0wu1uN0_3_7hGG0306cw\"]},{\"@type\":\"Person\",\"@id\":\"https:\\\/\\\/www.bellunopress.it\\\/#\\\/schema\\\/person\\\/79bb06722b37ece1c03d3e94beb30d73\",\"name\":\"redazione\",\"image\":{\"@type\":\"ImageObject\",\"inLanguage\":\"fr-FR\",\"@id\":\"https:\\\/\\\/secure.gravatar.com\\\/avatar\\\/37d968a2e67a6fd04c169c4bdef102d0bc5d31b2546345219e348575eb80e9a0?s=96&d=mm&r=g\",\"url\":\"https:\\\/\\\/secure.gravatar.com\\\/avatar\\\/37d968a2e67a6fd04c169c4bdef102d0bc5d31b2546345219e348575eb80e9a0?s=96&d=mm&r=g\",\"contentUrl\":\"https:\\\/\\\/secure.gravatar.com\\\/avatar\\\/37d968a2e67a6fd04c169c4bdef102d0bc5d31b2546345219e348575eb80e9a0?s=96&d=mm&r=g\",\"caption\":\"redazione\"},\"sameAs\":[\"http:\\\/\\\/www.bellunopress.it\",\"https:\\\/\\\/x.com\\\/bellunopress\"],\"url\":\"https:\\\/\\\/www.bellunopress.it\\\/fr\\\/author\\\/redazione\\\/\"}]}<\/script>\n<!-- \/ Yoast SEO plugin. -->","yoast_head_json":{"title":"Venezia in Cadore 1420-2020. Quasi 5mila visite alla mostra che celebra i 600 anni della dedizione del Cadore alla Serenissima - Bellunopress - Dolomiti","robots":{"index":"index","follow":"follow","max-snippet":"max-snippet:-1","max-image-preview":"max-image-preview:large","max-video-preview":"max-video-preview:-1"},"canonical":"https:\/\/www.bellunopress.it\/fr\/2020\/09\/30\/venezia-in-cadore-1420-2020-quasi-5mila-visite-alla-mostra-che-celebra-i-600-anni-della-dedizione-del-cadore-alla-serenissima\/","og_locale":"fr_FR","og_type":"article","og_title":"Venezia in Cadore 1420-2020. Quasi 5mila visite alla mostra che celebra i 600 anni della dedizione del Cadore alla Serenissima - Bellunopress - Dolomiti","og_description":"Si \u00e8 conclusa sabato 28 settembre e i numeri anche per l\u2019esposizione estiva di quest\u2019anno sono importanti, nonostante le misure restrittive imposte dalla normativa per il contenimento del contagio da Covid-19. Anzich\u00e9 puntare su prestiti di importanti musei nazionali la Magnifica Comunit\u00e0 di Cadore ha privilegiato l\u2019aspetto del restauro di opere locali e dello studio [&hellip;]","og_url":"https:\/\/www.bellunopress.it\/fr\/2020\/09\/30\/venezia-in-cadore-1420-2020-quasi-5mila-visite-alla-mostra-che-celebra-i-600-anni-della-dedizione-del-cadore-alla-serenissima\/","og_site_name":"Bellunopress - Dolomiti","article_publisher":"https:\/\/www.facebook.com\/profile.php?id=100008943462799","article_published_time":"2020-09-30T10:13:01+00:00","article_modified_time":"2020-09-30T10:13:02+00:00","og_image":[{"width":800,"height":717,"url":"https:\/\/www.bellunopress.it\/wp-content\/uploads\/2020\/09\/visitatori-mostra-660-anni-Cadore-Serenissima_edited.jpg","type":"image\/jpeg"}],"author":"redazione","twitter_card":"summary_large_image","twitter_creator":"@bellunopress","twitter_site":"@bellunopress","twitter_misc":{"\u00c9crit par":"redazione","Dur\u00e9e de lecture estim\u00e9e":"1 minute"},"schema":{"@context":"https:\/\/schema.org","@graph":[{"@type":"Article","@id":"https:\/\/www.bellunopress.it\/2020\/09\/30\/venezia-in-cadore-1420-2020-quasi-5mila-visite-alla-mostra-che-celebra-i-600-anni-della-dedizione-del-cadore-alla-serenissima\/#article","isPartOf":{"@id":"https:\/\/www.bellunopress.it\/2020\/09\/30\/venezia-in-cadore-1420-2020-quasi-5mila-visite-alla-mostra-che-celebra-i-600-anni-della-dedizione-del-cadore-alla-serenissima\/"},"author":{"name":"redazione","@id":"https:\/\/www.bellunopress.it\/#\/schema\/person\/79bb06722b37ece1c03d3e94beb30d73"},"headline":"Venezia in Cadore 1420-2020. Quasi 5mila visite alla mostra che celebra i 600 anni della dedizione del Cadore alla Serenissima","datePublished":"2020-09-30T10:13:01+00:00","dateModified":"2020-09-30T10:13:02+00:00","mainEntityOfPage":{"@id":"https:\/\/www.bellunopress.it\/2020\/09\/30\/venezia-in-cadore-1420-2020-quasi-5mila-visite-alla-mostra-che-celebra-i-600-anni-della-dedizione-del-cadore-alla-serenissima\/"},"wordCount":187,"publisher":{"@id":"https:\/\/www.bellunopress.it\/#organization"},"image":{"@id":"https:\/\/www.bellunopress.it\/2020\/09\/30\/venezia-in-cadore-1420-2020-quasi-5mila-visite-alla-mostra-che-celebra-i-600-anni-della-dedizione-del-cadore-alla-serenissima\/#primaryimage"},"thumbnailUrl":"https:\/\/www.bellunopress.it\/wp-content\/uploads\/2020\/09\/visitatori-mostra-660-anni-Cadore-Serenissima_edited.jpg","articleSection":["Arte, Cultura, Spettacoli, Scienza"],"inLanguage":"fr-FR"},{"@type":"WebPage","@id":"https:\/\/www.bellunopress.it\/2020\/09\/30\/venezia-in-cadore-1420-2020-quasi-5mila-visite-alla-mostra-che-celebra-i-600-anni-della-dedizione-del-cadore-alla-serenissima\/","url":"https:\/\/www.bellunopress.it\/2020\/09\/30\/venezia-in-cadore-1420-2020-quasi-5mila-visite-alla-mostra-che-celebra-i-600-anni-della-dedizione-del-cadore-alla-serenissima\/","name":"Venezia in Cadore 1420-2020. Quasi 5mila visite alla mostra che celebra i 600 anni della dedizione del Cadore alla Serenissima - Bellunopress - Dolomiti","isPartOf":{"@id":"https:\/\/www.bellunopress.it\/#website"},"primaryImageOfPage":{"@id":"https:\/\/www.bellunopress.it\/2020\/09\/30\/venezia-in-cadore-1420-2020-quasi-5mila-visite-alla-mostra-che-celebra-i-600-anni-della-dedizione-del-cadore-alla-serenissima\/#primaryimage"},"image":{"@id":"https:\/\/www.bellunopress.it\/2020\/09\/30\/venezia-in-cadore-1420-2020-quasi-5mila-visite-alla-mostra-che-celebra-i-600-anni-della-dedizione-del-cadore-alla-serenissima\/#primaryimage"},"thumbnailUrl":"https:\/\/www.bellunopress.it\/wp-content\/uploads\/2020\/09\/visitatori-mostra-660-anni-Cadore-Serenissima_edited.jpg","datePublished":"2020-09-30T10:13:01+00:00","dateModified":"2020-09-30T10:13:02+00:00","breadcrumb":{"@id":"https:\/\/www.bellunopress.it\/2020\/09\/30\/venezia-in-cadore-1420-2020-quasi-5mila-visite-alla-mostra-che-celebra-i-600-anni-della-dedizione-del-cadore-alla-serenissima\/#breadcrumb"},"inLanguage":"fr-FR","potentialAction":[{"@type":"ReadAction","target":["https:\/\/www.bellunopress.it\/2020\/09\/30\/venezia-in-cadore-1420-2020-quasi-5mila-visite-alla-mostra-che-celebra-i-600-anni-della-dedizione-del-cadore-alla-serenissima\/"]}]},{"@type":"ImageObject","inLanguage":"fr-FR","@id":"https:\/\/www.bellunopress.it\/2020\/09\/30\/venezia-in-cadore-1420-2020-quasi-5mila-visite-alla-mostra-che-celebra-i-600-anni-della-dedizione-del-cadore-alla-serenissima\/#primaryimage","url":"https:\/\/www.bellunopress.it\/wp-content\/uploads\/2020\/09\/visitatori-mostra-660-anni-Cadore-Serenissima_edited.jpg","contentUrl":"https:\/\/www.bellunopress.it\/wp-content\/uploads\/2020\/09\/visitatori-mostra-660-anni-Cadore-Serenissima_edited.jpg","width":800,"height":717},{"@type":"BreadcrumbList","@id":"https:\/\/www.bellunopress.it\/2020\/09\/30\/venezia-in-cadore-1420-2020-quasi-5mila-visite-alla-mostra-che-celebra-i-600-anni-della-dedizione-del-cadore-alla-serenissima\/#breadcrumb","itemListElement":[{"@type":"ListItem","position":1,"name":"Home","item":"https:\/\/www.bellunopress.it\/"},{"@type":"ListItem","position":2,"name":"Venezia in Cadore 1420-2020. Quasi 5mila visite alla mostra che celebra i 600 anni della dedizione del Cadore alla Serenissima"}]},{"@type":"WebSite","@id":"https:\/\/www.bellunopress.it\/#website","url":"https:\/\/www.bellunopress.it\/","name":"Bellunopress - Dolomiti","description":"e-mail: redazione@bellunopress.it","publisher":{"@id":"https:\/\/www.bellunopress.it\/#organization"},"potentialAction":[{"@type":"SearchAction","target":{"@type":"EntryPoint","urlTemplate":"https:\/\/www.bellunopress.it\/?s={search_term_string}"},"query-input":{"@type":"PropertyValueSpecification","valueRequired":true,"valueName":"search_term_string"}}],"inLanguage":"fr-FR"},{"@type":"Organization","@id":"https:\/\/www.bellunopress.it\/#organization","name":"Bellunopress","url":"https:\/\/www.bellunopress.it\/","logo":{"@type":"ImageObject","inLanguage":"fr-FR","@id":"https:\/\/www.bellunopress.it\/#\/schema\/logo\/image\/","url":"https:\/\/www.bellunopress.it\/wp-content\/uploads\/2011\/05\/cropped-logo-bellunopress-.jpg","contentUrl":"https:\/\/www.bellunopress.it\/wp-content\/uploads\/2011\/05\/cropped-logo-bellunopress-.jpg","width":512,"height":512,"caption":"Bellunopress"},"image":{"@id":"https:\/\/www.bellunopress.it\/#\/schema\/logo\/image\/"},"sameAs":["https:\/\/www.facebook.com\/profile.php?id=100008943462799","https:\/\/x.com\/bellunopress","https:\/\/www.linkedin.com\/hp\/?dnr=JBzUWaJfMUw8vbXJJ2tVW5-I3jZKvC4wsoxE&amp;amp;amp;amp;amp;amp;trk=nav_responsive_tab_home","https:\/\/www.youtube.com\/channel\/UCxL0wu1uN0_3_7hGG0306cw"]},{"@type":"Person","@id":"https:\/\/www.bellunopress.it\/#\/schema\/person\/79bb06722b37ece1c03d3e94beb30d73","name":"r\u00e9daction","image":{"@type":"ImageObject","inLanguage":"fr-FR","@id":"https:\/\/secure.gravatar.com\/avatar\/37d968a2e67a6fd04c169c4bdef102d0bc5d31b2546345219e348575eb80e9a0?s=96&d=mm&r=g","url":"https:\/\/secure.gravatar.com\/avatar\/37d968a2e67a6fd04c169c4bdef102d0bc5d31b2546345219e348575eb80e9a0?s=96&d=mm&r=g","contentUrl":"https:\/\/secure.gravatar.com\/avatar\/37d968a2e67a6fd04c169c4bdef102d0bc5d31b2546345219e348575eb80e9a0?s=96&d=mm&r=g","caption":"redazione"},"sameAs":["http:\/\/www.bellunopress.it","https:\/\/x.com\/bellunopress"],"url":"https:\/\/www.bellunopress.it\/fr\/author\/redazione\/"}]}},"_links":{"self":[{"href":"https:\/\/www.bellunopress.it\/fr\/wp-json\/wp\/v2\/posts\/118037","targetHints":{"allow":["GET"]}}],"collection":[{"href":"https:\/\/www.bellunopress.it\/fr\/wp-json\/wp\/v2\/posts"}],"about":[{"href":"https:\/\/www.bellunopress.it\/fr\/wp-json\/wp\/v2\/types\/post"}],"author":[{"embeddable":true,"href":"https:\/\/www.bellunopress.it\/fr\/wp-json\/wp\/v2\/users\/2"}],"replies":[{"embeddable":true,"href":"https:\/\/www.bellunopress.it\/fr\/wp-json\/wp\/v2\/comments?post=118037"}],"version-history":[{"count":2,"href":"https:\/\/www.bellunopress.it\/fr\/wp-json\/wp\/v2\/posts\/118037\/revisions"}],"predecessor-version":[{"id":118040,"href":"https:\/\/www.bellunopress.it\/fr\/wp-json\/wp\/v2\/posts\/118037\/revisions\/118040"}],"wp:featuredmedia":[{"embeddable":true,"href":"https:\/\/www.bellunopress.it\/fr\/wp-json\/wp\/v2\/media\/118038"}],"wp:attachment":[{"href":"https:\/\/www.bellunopress.it\/fr\/wp-json\/wp\/v2\/media?parent=118037"}],"wp:term":[{"taxonomy":"category","embeddable":true,"href":"https:\/\/www.bellunopress.it\/fr\/wp-json\/wp\/v2\/categories?post=118037"},{"taxonomy":"post_tag","embeddable":true,"href":"https:\/\/www.bellunopress.it\/fr\/wp-json\/wp\/v2\/tags?post=118037"}],"curies":[{"name":"wp","href":"https:\/\/api.w.org\/{rel}","templated":true}]}}