{"id":118032,"date":"2020-09-30T11:58:43","date_gmt":"2020-09-30T09:58:43","guid":{"rendered":"http:\/\/www.bellunopress.it\/?p=118032"},"modified":"2020-09-30T11:59:25","modified_gmt":"2020-09-30T09:59:25","slug":"confermato-il-servizio-di-controllo-con-e-bike-nei-sentieri-della-polizia-a-cortina","status":"publish","type":"post","link":"https:\/\/www.bellunopress.it\/fr\/2020\/09\/30\/confermato-il-servizio-di-controllo-con-e-bike-nei-sentieri-della-polizia-a-cortina\/","title":{"rendered":"Confermato il servizio di controllo con e-bike nei sentieri dalla polizia a Cortina"},"content":{"rendered":"<p><a href=\"http:\/\/www.bellunopress.it\/fr\/2020\/09\/30\/confermato-il-servizio-di-controllo-con-e-bike-nei-sentieri-della-polizia-a-cortina\/cortina-polizia-e-bike_edited\/\" rel=\"attachment wp-att-118033\"><img loading=\"lazy\" decoding=\"async\" class=\"alignleft size-full wp-image-118033\" src=\"http:\/\/www.bellunopress.it\/wp-content\/uploads\/2020\/09\/Cortina-polizia-e-bike_edited.jpg\" alt=\"\" width=\"800\" height=\"644\" srcset=\"https:\/\/www.bellunopress.it\/wp-content\/uploads\/2020\/09\/Cortina-polizia-e-bike_edited.jpg 800w, https:\/\/www.bellunopress.it\/wp-content\/uploads\/2020\/09\/Cortina-polizia-e-bike_edited-500x403.jpg 500w, https:\/\/www.bellunopress.it\/wp-content\/uploads\/2020\/09\/Cortina-polizia-e-bike_edited-696x560.jpg 696w, https:\/\/www.bellunopress.it\/wp-content\/uploads\/2020\/09\/Cortina-polizia-e-bike_edited-522x420.jpg 522w\" sizes=\"auto, (max-width: 800px) 100vw, 800px\" \/><\/a>La fase di sperimentazione del controllo del territorio lungo i sentieri e nei rifugi dolomitici del personale della Polizia di Stato in sella alle e-bike a Cortina d&#8217;Ampezzo, ha avuto esito ampiamente positivo. Solo nel mese di agosto sono stati percorsi oltre 850 chilometri su piste ciclabili e sentieri di montagna, sono state identificate 385 persone ed effettuati 111 interventi di soccorso. Si \u00e8 deciso quindi di rendere strutturale il servizio durante la stagione estiva.<\/p>\n<p>La cerimonia per la firma del Protocollo d\u2019Intesa \u201cCollaborazione per la sorveglianza dei territori di montagna lungo i sentieri e nei rifugi dolomitici nella stagione estiva\u201d tra il questore di Belluno e il presidente delle Regole d\u2019Ampezzo si \u00e8 tenuta lo scorso 28 settembre a Cortina d\u2019Ampezzo nella \u201cCiasa de ra Regoles\u201d .<\/p>\n<p>Gi\u00e0 dal mese di agosto 2019 ha avuto inizio una fase sperimentale del controllo del territorio in alta montagna che, partendo dal centro cittadino di Cortina d\u2019Ampezzo, ha raggiunto i numerosi rifugi frequentati giornalmente da migliaia di villeggianti di svariate nazionalit\u00e0, ai quali ha fornito assistenza o soccorso in caso di necessit\u00e0.<\/p>\n<p>In pieno stile \u201cgreen\u201d e nel rispetto massimo dei luoghi, il servizio viene effettuato con n. 4 E-Bike (mod. Andromeda) fornite dall\u2019azienda Pinarello a titolo gratuito che, solo per la Polizia di Stato, le ha anche allestite con i colori del Corpo; gli operatori che le utilizzano, provengono dalla Scuola Alpine di Moena e sono altamente specializzati nel servizio in alta quota, tutti in possesso di abilitazione di guida alpina o di manovratore di corda.<br \/>\nTutto il materiale che indossano gli operatori per la propria sicurezza e per il soccorso (caschi di protezione e divise in materiale tecnico) sono state acquistate dall\u2019antico istituto di propriet\u00e0 collettiva delle Regole d\u2019Ampezzo e cedute a titolo gratuito alla Polizia di Stato.<\/p>\n<p>&nbsp;<\/p>\n<p>&nbsp;<\/p>","protected":false},"excerpt":{"rendered":"<p>La fase di sperimentazione del controllo del territorio lungo i sentieri e nei rifugi dolomitici del personale della Polizia di Stato in sella alle e-bike a Cortina d&#8217;Ampezzo, ha avuto esito ampiamente positivo. Solo nel mese di agosto sono stati percorsi oltre 850 chilometri su piste ciclabili e sentieri di montagna, sono state identificate 385 [&hellip;]<\/p>\n","protected":false},"author":2,"featured_media":118033,"comment_status":"closed","ping_status":"open","sticky":false,"template":"","format":"standard","meta":{"footnotes":""},"categories":[26,8],"tags":[],"class_list":["post-118032","post","type-post","status-publish","format-standard","has-post-thumbnail","category-prima-pagina","category-societa-istituzioni"],"yoast_head":"<!-- This site is optimized with the Yoast SEO plugin v28.4 - https:\/\/yoast.com\/product\/yoast-seo-wordpress\/ -->\n<title>Confermato il servizio di controllo con e-bike nei sentieri dalla polizia a Cortina - Bellunopress - Dolomiti<\/title>\n<meta name=\"robots\" content=\"index, follow, max-snippet:-1, max-image-preview:large, max-video-preview:-1\" \/>\n<link rel=\"canonical\" href=\"https:\/\/www.bellunopress.it\/fr\/2020\/09\/30\/confermato-il-servizio-di-controllo-con-e-bike-nei-sentieri-della-polizia-a-cortina\/\" \/>\n<meta property=\"og:locale\" content=\"fr_FR\" \/>\n<meta property=\"og:type\" content=\"article\" \/>\n<meta property=\"og:title\" content=\"Confermato il servizio di controllo con e-bike nei sentieri dalla polizia a Cortina - Bellunopress - Dolomiti\" \/>\n<meta property=\"og:description\" content=\"La fase di sperimentazione del controllo del territorio lungo i sentieri e nei rifugi dolomitici del personale della Polizia di Stato in sella alle e-bike a Cortina d&#8217;Ampezzo, ha avuto esito ampiamente positivo. Solo nel mese di agosto sono stati percorsi oltre 850 chilometri su piste ciclabili e sentieri di montagna, sono state identificate 385 [&hellip;]\" \/>\n<meta property=\"og:url\" content=\"https:\/\/www.bellunopress.it\/fr\/2020\/09\/30\/confermato-il-servizio-di-controllo-con-e-bike-nei-sentieri-della-polizia-a-cortina\/\" \/>\n<meta property=\"og:site_name\" content=\"Bellunopress - Dolomiti\" \/>\n<meta property=\"article:publisher\" content=\"https:\/\/www.facebook.com\/profile.php?id=100008943462799\" \/>\n<meta property=\"article:published_time\" content=\"2020-09-30T09:58:43+00:00\" \/>\n<meta property=\"article:modified_time\" content=\"2020-09-30T09:59:25+00:00\" \/>\n<meta property=\"og:image\" content=\"https:\/\/www.bellunopress.it\/wp-content\/uploads\/2020\/09\/Cortina-polizia-e-bike_edited.jpg\" \/>\n\t<meta property=\"og:image:width\" content=\"800\" \/>\n\t<meta property=\"og:image:height\" content=\"644\" \/>\n\t<meta property=\"og:image:type\" content=\"image\/jpeg\" \/>\n<meta name=\"author\" content=\"redazione\" \/>\n<meta name=\"twitter:card\" content=\"summary_large_image\" \/>\n<meta name=\"twitter:creator\" content=\"@bellunopress\" \/>\n<meta name=\"twitter:site\" content=\"@bellunopress\" \/>\n<meta name=\"twitter:label1\" content=\"\u00c9crit par\" \/>\n\t<meta name=\"twitter:data1\" content=\"redazione\" \/>\n\t<meta name=\"twitter:label2\" content=\"Dur\u00e9e de lecture estim\u00e9e\" \/>\n\t<meta name=\"twitter:data2\" content=\"1 minute\" \/>\n<script type=\"application\/ld+json\" class=\"yoast-schema-graph\">{\"@context\":\"https:\\\/\\\/schema.org\",\"@graph\":[{\"@type\":\"Article\",\"@id\":\"https:\\\/\\\/www.bellunopress.it\\\/2020\\\/09\\\/30\\\/confermato-il-servizio-di-controllo-con-e-bike-nei-sentieri-della-polizia-a-cortina\\\/#article\",\"isPartOf\":{\"@id\":\"https:\\\/\\\/www.bellunopress.it\\\/2020\\\/09\\\/30\\\/confermato-il-servizio-di-controllo-con-e-bike-nei-sentieri-della-polizia-a-cortina\\\/\"},\"author\":{\"name\":\"redazione\",\"@id\":\"https:\\\/\\\/www.bellunopress.it\\\/#\\\/schema\\\/person\\\/79bb06722b37ece1c03d3e94beb30d73\"},\"headline\":\"Confermato il servizio di controllo con e-bike nei sentieri dalla polizia a Cortina\",\"datePublished\":\"2020-09-30T09:58:43+00:00\",\"dateModified\":\"2020-09-30T09:59:25+00:00\",\"mainEntityOfPage\":{\"@id\":\"https:\\\/\\\/www.bellunopress.it\\\/2020\\\/09\\\/30\\\/confermato-il-servizio-di-controllo-con-e-bike-nei-sentieri-della-polizia-a-cortina\\\/\"},\"wordCount\":312,\"publisher\":{\"@id\":\"https:\\\/\\\/www.bellunopress.it\\\/#organization\"},\"image\":{\"@id\":\"https:\\\/\\\/www.bellunopress.it\\\/2020\\\/09\\\/30\\\/confermato-il-servizio-di-controllo-con-e-bike-nei-sentieri-della-polizia-a-cortina\\\/#primaryimage\"},\"thumbnailUrl\":\"https:\\\/\\\/www.bellunopress.it\\\/wp-content\\\/uploads\\\/2020\\\/09\\\/Cortina-polizia-e-bike_edited.jpg\",\"articleSection\":[\"Prima Pagina\",\"Societ\u00e0, Associazioni, Istituzioni\"],\"inLanguage\":\"fr-FR\"},{\"@type\":\"WebPage\",\"@id\":\"https:\\\/\\\/www.bellunopress.it\\\/2020\\\/09\\\/30\\\/confermato-il-servizio-di-controllo-con-e-bike-nei-sentieri-della-polizia-a-cortina\\\/\",\"url\":\"https:\\\/\\\/www.bellunopress.it\\\/2020\\\/09\\\/30\\\/confermato-il-servizio-di-controllo-con-e-bike-nei-sentieri-della-polizia-a-cortina\\\/\",\"name\":\"Confermato il servizio di controllo con e-bike nei sentieri dalla polizia a Cortina - Bellunopress - Dolomiti\",\"isPartOf\":{\"@id\":\"https:\\\/\\\/www.bellunopress.it\\\/#website\"},\"primaryImageOfPage\":{\"@id\":\"https:\\\/\\\/www.bellunopress.it\\\/2020\\\/09\\\/30\\\/confermato-il-servizio-di-controllo-con-e-bike-nei-sentieri-della-polizia-a-cortina\\\/#primaryimage\"},\"image\":{\"@id\":\"https:\\\/\\\/www.bellunopress.it\\\/2020\\\/09\\\/30\\\/confermato-il-servizio-di-controllo-con-e-bike-nei-sentieri-della-polizia-a-cortina\\\/#primaryimage\"},\"thumbnailUrl\":\"https:\\\/\\\/www.bellunopress.it\\\/wp-content\\\/uploads\\\/2020\\\/09\\\/Cortina-polizia-e-bike_edited.jpg\",\"datePublished\":\"2020-09-30T09:58:43+00:00\",\"dateModified\":\"2020-09-30T09:59:25+00:00\",\"breadcrumb\":{\"@id\":\"https:\\\/\\\/www.bellunopress.it\\\/2020\\\/09\\\/30\\\/confermato-il-servizio-di-controllo-con-e-bike-nei-sentieri-della-polizia-a-cortina\\\/#breadcrumb\"},\"inLanguage\":\"fr-FR\",\"potentialAction\":[{\"@type\":\"ReadAction\",\"target\":[\"https:\\\/\\\/www.bellunopress.it\\\/2020\\\/09\\\/30\\\/confermato-il-servizio-di-controllo-con-e-bike-nei-sentieri-della-polizia-a-cortina\\\/\"]}]},{\"@type\":\"ImageObject\",\"inLanguage\":\"fr-FR\",\"@id\":\"https:\\\/\\\/www.bellunopress.it\\\/2020\\\/09\\\/30\\\/confermato-il-servizio-di-controllo-con-e-bike-nei-sentieri-della-polizia-a-cortina\\\/#primaryimage\",\"url\":\"https:\\\/\\\/www.bellunopress.it\\\/wp-content\\\/uploads\\\/2020\\\/09\\\/Cortina-polizia-e-bike_edited.jpg\",\"contentUrl\":\"https:\\\/\\\/www.bellunopress.it\\\/wp-content\\\/uploads\\\/2020\\\/09\\\/Cortina-polizia-e-bike_edited.jpg\",\"width\":800,\"height\":644},{\"@type\":\"BreadcrumbList\",\"@id\":\"https:\\\/\\\/www.bellunopress.it\\\/2020\\\/09\\\/30\\\/confermato-il-servizio-di-controllo-con-e-bike-nei-sentieri-della-polizia-a-cortina\\\/#breadcrumb\",\"itemListElement\":[{\"@type\":\"ListItem\",\"position\":1,\"name\":\"Home\",\"item\":\"https:\\\/\\\/www.bellunopress.it\\\/\"},{\"@type\":\"ListItem\",\"position\":2,\"name\":\"Confermato il servizio di controllo con e-bike nei sentieri dalla polizia a Cortina\"}]},{\"@type\":\"WebSite\",\"@id\":\"https:\\\/\\\/www.bellunopress.it\\\/#website\",\"url\":\"https:\\\/\\\/www.bellunopress.it\\\/\",\"name\":\"Bellunopress - Dolomiti\",\"description\":\"e-mail: redazione@bellunopress.it\",\"publisher\":{\"@id\":\"https:\\\/\\\/www.bellunopress.it\\\/#organization\"},\"potentialAction\":[{\"@type\":\"SearchAction\",\"target\":{\"@type\":\"EntryPoint\",\"urlTemplate\":\"https:\\\/\\\/www.bellunopress.it\\\/?s={search_term_string}\"},\"query-input\":{\"@type\":\"PropertyValueSpecification\",\"valueRequired\":true,\"valueName\":\"search_term_string\"}}],\"inLanguage\":\"fr-FR\"},{\"@type\":\"Organization\",\"@id\":\"https:\\\/\\\/www.bellunopress.it\\\/#organization\",\"name\":\"Bellunopress\",\"url\":\"https:\\\/\\\/www.bellunopress.it\\\/\",\"logo\":{\"@type\":\"ImageObject\",\"inLanguage\":\"fr-FR\",\"@id\":\"https:\\\/\\\/www.bellunopress.it\\\/#\\\/schema\\\/logo\\\/image\\\/\",\"url\":\"https:\\\/\\\/www.bellunopress.it\\\/wp-content\\\/uploads\\\/2011\\\/05\\\/cropped-logo-bellunopress-.jpg\",\"contentUrl\":\"https:\\\/\\\/www.bellunopress.it\\\/wp-content\\\/uploads\\\/2011\\\/05\\\/cropped-logo-bellunopress-.jpg\",\"width\":512,\"height\":512,\"caption\":\"Bellunopress\"},\"image\":{\"@id\":\"https:\\\/\\\/www.bellunopress.it\\\/#\\\/schema\\\/logo\\\/image\\\/\"},\"sameAs\":[\"https:\\\/\\\/www.facebook.com\\\/profile.php?id=100008943462799\",\"https:\\\/\\\/x.com\\\/bellunopress\",\"https:\\\/\\\/www.linkedin.com\\\/hp\\\/?dnr=JBzUWaJfMUw8vbXJJ2tVW5-I3jZKvC4wsoxE&amp;amp;amp;amp;amp;amp;trk=nav_responsive_tab_home\",\"https:\\\/\\\/www.youtube.com\\\/channel\\\/UCxL0wu1uN0_3_7hGG0306cw\"]},{\"@type\":\"Person\",\"@id\":\"https:\\\/\\\/www.bellunopress.it\\\/#\\\/schema\\\/person\\\/79bb06722b37ece1c03d3e94beb30d73\",\"name\":\"redazione\",\"image\":{\"@type\":\"ImageObject\",\"inLanguage\":\"fr-FR\",\"@id\":\"https:\\\/\\\/secure.gravatar.com\\\/avatar\\\/37d968a2e67a6fd04c169c4bdef102d0bc5d31b2546345219e348575eb80e9a0?s=96&d=mm&r=g\",\"url\":\"https:\\\/\\\/secure.gravatar.com\\\/avatar\\\/37d968a2e67a6fd04c169c4bdef102d0bc5d31b2546345219e348575eb80e9a0?s=96&d=mm&r=g\",\"contentUrl\":\"https:\\\/\\\/secure.gravatar.com\\\/avatar\\\/37d968a2e67a6fd04c169c4bdef102d0bc5d31b2546345219e348575eb80e9a0?s=96&d=mm&r=g\",\"caption\":\"redazione\"},\"sameAs\":[\"http:\\\/\\\/www.bellunopress.it\",\"https:\\\/\\\/x.com\\\/bellunopress\"],\"url\":\"https:\\\/\\\/www.bellunopress.it\\\/fr\\\/author\\\/redazione\\\/\"}]}<\/script>\n<!-- \/ Yoast SEO plugin. -->","yoast_head_json":{"title":"Confermato il servizio di controllo con e-bike nei sentieri dalla polizia a Cortina - Bellunopress - Dolomiti","robots":{"index":"index","follow":"follow","max-snippet":"max-snippet:-1","max-image-preview":"max-image-preview:large","max-video-preview":"max-video-preview:-1"},"canonical":"https:\/\/www.bellunopress.it\/fr\/2020\/09\/30\/confermato-il-servizio-di-controllo-con-e-bike-nei-sentieri-della-polizia-a-cortina\/","og_locale":"fr_FR","og_type":"article","og_title":"Confermato il servizio di controllo con e-bike nei sentieri dalla polizia a Cortina - Bellunopress - Dolomiti","og_description":"La fase di sperimentazione del controllo del territorio lungo i sentieri e nei rifugi dolomitici del personale della Polizia di Stato in sella alle e-bike a Cortina d&#8217;Ampezzo, ha avuto esito ampiamente positivo. Solo nel mese di agosto sono stati percorsi oltre 850 chilometri su piste ciclabili e sentieri di montagna, sono state identificate 385 [&hellip;]","og_url":"https:\/\/www.bellunopress.it\/fr\/2020\/09\/30\/confermato-il-servizio-di-controllo-con-e-bike-nei-sentieri-della-polizia-a-cortina\/","og_site_name":"Bellunopress - Dolomiti","article_publisher":"https:\/\/www.facebook.com\/profile.php?id=100008943462799","article_published_time":"2020-09-30T09:58:43+00:00","article_modified_time":"2020-09-30T09:59:25+00:00","og_image":[{"width":800,"height":644,"url":"https:\/\/www.bellunopress.it\/wp-content\/uploads\/2020\/09\/Cortina-polizia-e-bike_edited.jpg","type":"image\/jpeg"}],"author":"redazione","twitter_card":"summary_large_image","twitter_creator":"@bellunopress","twitter_site":"@bellunopress","twitter_misc":{"\u00c9crit par":"redazione","Dur\u00e9e de lecture estim\u00e9e":"1 minute"},"schema":{"@context":"https:\/\/schema.org","@graph":[{"@type":"Article","@id":"https:\/\/www.bellunopress.it\/2020\/09\/30\/confermato-il-servizio-di-controllo-con-e-bike-nei-sentieri-della-polizia-a-cortina\/#article","isPartOf":{"@id":"https:\/\/www.bellunopress.it\/2020\/09\/30\/confermato-il-servizio-di-controllo-con-e-bike-nei-sentieri-della-polizia-a-cortina\/"},"author":{"name":"redazione","@id":"https:\/\/www.bellunopress.it\/#\/schema\/person\/79bb06722b37ece1c03d3e94beb30d73"},"headline":"Confermato il servizio di controllo con e-bike nei sentieri dalla polizia a Cortina","datePublished":"2020-09-30T09:58:43+00:00","dateModified":"2020-09-30T09:59:25+00:00","mainEntityOfPage":{"@id":"https:\/\/www.bellunopress.it\/2020\/09\/30\/confermato-il-servizio-di-controllo-con-e-bike-nei-sentieri-della-polizia-a-cortina\/"},"wordCount":312,"publisher":{"@id":"https:\/\/www.bellunopress.it\/#organization"},"image":{"@id":"https:\/\/www.bellunopress.it\/2020\/09\/30\/confermato-il-servizio-di-controllo-con-e-bike-nei-sentieri-della-polizia-a-cortina\/#primaryimage"},"thumbnailUrl":"https:\/\/www.bellunopress.it\/wp-content\/uploads\/2020\/09\/Cortina-polizia-e-bike_edited.jpg","articleSection":["Prima Pagina","Societ\u00e0, Associazioni, Istituzioni"],"inLanguage":"fr-FR"},{"@type":"WebPage","@id":"https:\/\/www.bellunopress.it\/2020\/09\/30\/confermato-il-servizio-di-controllo-con-e-bike-nei-sentieri-della-polizia-a-cortina\/","url":"https:\/\/www.bellunopress.it\/2020\/09\/30\/confermato-il-servizio-di-controllo-con-e-bike-nei-sentieri-della-polizia-a-cortina\/","name":"Confermato il servizio di controllo con e-bike nei sentieri dalla polizia a Cortina - Bellunopress - Dolomiti","isPartOf":{"@id":"https:\/\/www.bellunopress.it\/#website"},"primaryImageOfPage":{"@id":"https:\/\/www.bellunopress.it\/2020\/09\/30\/confermato-il-servizio-di-controllo-con-e-bike-nei-sentieri-della-polizia-a-cortina\/#primaryimage"},"image":{"@id":"https:\/\/www.bellunopress.it\/2020\/09\/30\/confermato-il-servizio-di-controllo-con-e-bike-nei-sentieri-della-polizia-a-cortina\/#primaryimage"},"thumbnailUrl":"https:\/\/www.bellunopress.it\/wp-content\/uploads\/2020\/09\/Cortina-polizia-e-bike_edited.jpg","datePublished":"2020-09-30T09:58:43+00:00","dateModified":"2020-09-30T09:59:25+00:00","breadcrumb":{"@id":"https:\/\/www.bellunopress.it\/2020\/09\/30\/confermato-il-servizio-di-controllo-con-e-bike-nei-sentieri-della-polizia-a-cortina\/#breadcrumb"},"inLanguage":"fr-FR","potentialAction":[{"@type":"ReadAction","target":["https:\/\/www.bellunopress.it\/2020\/09\/30\/confermato-il-servizio-di-controllo-con-e-bike-nei-sentieri-della-polizia-a-cortina\/"]}]},{"@type":"ImageObject","inLanguage":"fr-FR","@id":"https:\/\/www.bellunopress.it\/2020\/09\/30\/confermato-il-servizio-di-controllo-con-e-bike-nei-sentieri-della-polizia-a-cortina\/#primaryimage","url":"https:\/\/www.bellunopress.it\/wp-content\/uploads\/2020\/09\/Cortina-polizia-e-bike_edited.jpg","contentUrl":"https:\/\/www.bellunopress.it\/wp-content\/uploads\/2020\/09\/Cortina-polizia-e-bike_edited.jpg","width":800,"height":644},{"@type":"BreadcrumbList","@id":"https:\/\/www.bellunopress.it\/2020\/09\/30\/confermato-il-servizio-di-controllo-con-e-bike-nei-sentieri-della-polizia-a-cortina\/#breadcrumb","itemListElement":[{"@type":"ListItem","position":1,"name":"Home","item":"https:\/\/www.bellunopress.it\/"},{"@type":"ListItem","position":2,"name":"Confermato il servizio di controllo con e-bike nei sentieri dalla polizia a Cortina"}]},{"@type":"WebSite","@id":"https:\/\/www.bellunopress.it\/#website","url":"https:\/\/www.bellunopress.it\/","name":"Bellunopress - Dolomiti","description":"e-mail: redazione@bellunopress.it","publisher":{"@id":"https:\/\/www.bellunopress.it\/#organization"},"potentialAction":[{"@type":"SearchAction","target":{"@type":"EntryPoint","urlTemplate":"https:\/\/www.bellunopress.it\/?s={search_term_string}"},"query-input":{"@type":"PropertyValueSpecification","valueRequired":true,"valueName":"search_term_string"}}],"inLanguage":"fr-FR"},{"@type":"Organization","@id":"https:\/\/www.bellunopress.it\/#organization","name":"Bellunopress","url":"https:\/\/www.bellunopress.it\/","logo":{"@type":"ImageObject","inLanguage":"fr-FR","@id":"https:\/\/www.bellunopress.it\/#\/schema\/logo\/image\/","url":"https:\/\/www.bellunopress.it\/wp-content\/uploads\/2011\/05\/cropped-logo-bellunopress-.jpg","contentUrl":"https:\/\/www.bellunopress.it\/wp-content\/uploads\/2011\/05\/cropped-logo-bellunopress-.jpg","width":512,"height":512,"caption":"Bellunopress"},"image":{"@id":"https:\/\/www.bellunopress.it\/#\/schema\/logo\/image\/"},"sameAs":["https:\/\/www.facebook.com\/profile.php?id=100008943462799","https:\/\/x.com\/bellunopress","https:\/\/www.linkedin.com\/hp\/?dnr=JBzUWaJfMUw8vbXJJ2tVW5-I3jZKvC4wsoxE&amp;amp;amp;amp;amp;amp;trk=nav_responsive_tab_home","https:\/\/www.youtube.com\/channel\/UCxL0wu1uN0_3_7hGG0306cw"]},{"@type":"Person","@id":"https:\/\/www.bellunopress.it\/#\/schema\/person\/79bb06722b37ece1c03d3e94beb30d73","name":"r\u00e9daction","image":{"@type":"ImageObject","inLanguage":"fr-FR","@id":"https:\/\/secure.gravatar.com\/avatar\/37d968a2e67a6fd04c169c4bdef102d0bc5d31b2546345219e348575eb80e9a0?s=96&d=mm&r=g","url":"https:\/\/secure.gravatar.com\/avatar\/37d968a2e67a6fd04c169c4bdef102d0bc5d31b2546345219e348575eb80e9a0?s=96&d=mm&r=g","contentUrl":"https:\/\/secure.gravatar.com\/avatar\/37d968a2e67a6fd04c169c4bdef102d0bc5d31b2546345219e348575eb80e9a0?s=96&d=mm&r=g","caption":"redazione"},"sameAs":["http:\/\/www.bellunopress.it","https:\/\/x.com\/bellunopress"],"url":"https:\/\/www.bellunopress.it\/fr\/author\/redazione\/"}]}},"_links":{"self":[{"href":"https:\/\/www.bellunopress.it\/fr\/wp-json\/wp\/v2\/posts\/118032","targetHints":{"allow":["GET"]}}],"collection":[{"href":"https:\/\/www.bellunopress.it\/fr\/wp-json\/wp\/v2\/posts"}],"about":[{"href":"https:\/\/www.bellunopress.it\/fr\/wp-json\/wp\/v2\/types\/post"}],"author":[{"embeddable":true,"href":"https:\/\/www.bellunopress.it\/fr\/wp-json\/wp\/v2\/users\/2"}],"replies":[{"embeddable":true,"href":"https:\/\/www.bellunopress.it\/fr\/wp-json\/wp\/v2\/comments?post=118032"}],"version-history":[{"count":3,"href":"https:\/\/www.bellunopress.it\/fr\/wp-json\/wp\/v2\/posts\/118032\/revisions"}],"predecessor-version":[{"id":118036,"href":"https:\/\/www.bellunopress.it\/fr\/wp-json\/wp\/v2\/posts\/118032\/revisions\/118036"}],"wp:featuredmedia":[{"embeddable":true,"href":"https:\/\/www.bellunopress.it\/fr\/wp-json\/wp\/v2\/media\/118033"}],"wp:attachment":[{"href":"https:\/\/www.bellunopress.it\/fr\/wp-json\/wp\/v2\/media?parent=118032"}],"wp:term":[{"taxonomy":"category","embeddable":true,"href":"https:\/\/www.bellunopress.it\/fr\/wp-json\/wp\/v2\/categories?post=118032"},{"taxonomy":"post_tag","embeddable":true,"href":"https:\/\/www.bellunopress.it\/fr\/wp-json\/wp\/v2\/tags?post=118032"}],"curies":[{"name":"wp","href":"https:\/\/api.w.org\/{rel}","templated":true}]}}