{"id":118030,"date":"2020-09-29T22:52:07","date_gmt":"2020-09-29T20:52:07","guid":{"rendered":"http:\/\/www.bellunopress.it\/?p=118030"},"modified":"2020-09-29T22:52:07","modified_gmt":"2020-09-29T20:52:07","slug":"cordoglio-per-la-morte-di-bepi-tormen","status":"publish","type":"post","link":"https:\/\/www.bellunopress.it\/fr\/2020\/09\/29\/cordoglio-per-la-morte-di-bepi-tormen\/","title":{"rendered":"Cordoglio per la morte di Bepi Tormen"},"content":{"rendered":"<p><a href=\"http:\/\/www.bellunopress.it\/fr\/2011\/10\/18\/e-morto-questa-mattina-il-poeta-andrea-zanzotto-aveva-compiuto-da-poco-90-anni\/lutto-2\/\" rel=\"attachment wp-att-31571\"><img loading=\"lazy\" decoding=\"async\" class=\"alignleft size-full wp-image-31571\" src=\"http:\/\/www.bellunopress.it\/wp-content\/uploads\/2011\/10\/lutto.jpg\" alt=\"\" width=\"140\" height=\"140\" \/><\/a>\u00abLa scomparsa improvvisa di Bepi Tormen ci lascia senza parole. La Provincia perde un validissimo consulente, un ricercatore che da anni collaborava con noi\u00bb.\u00a0Il presidente Roberto Padrin e il consigliere delegato a caccia e pesca Franco De Bon esprimono cos\u00ec il cordoglio per la morte del noto esperto faunista bellunese, che da sempre prestava il suo impegno a favore di diversi progetti di valenza provinciale, non ultimo quello relativo alla tutela delle rondini in centro citt\u00e0. Tormen stava controllando alcune postazioni di presenza del lupo, sulla dorsale del Visentin, quando ha accusato un malore fatale.\u00a0\u00abUna persona sempre rispettosa e disponibile, un esperto faunista che negli anni ha partecipato a diversi corsi Ispra e che ci ha dato una mano in moltissime iniziative a tutela dell\u2019ambiente naturale e della fauna\u00bb lo ricorda Franco De Bon. \u00abEra un ricercatore con la mente sgombra da preconcetti, sempre pronto a lavorare per il bene del territorio e dell\u2019ambiente, che osservava con sguardo scientifico. Ci mancher\u00e0. Un pensiero alla sua famiglia e ai suoi cari\u00bb.<\/p>\n<p>\u00abCon Giuseppe Tormen, abbiamo realizzato diverse iniziative, dagli incontri con la popolazione sui temi del lupo e dei grandi predatori fino al progetto Belluno Citt\u00e0 delle rondini, che pochi mesi fa ha preso il via in citt\u00e0 con il supporto della Provincia di Belluno. Il nostro territorio pu\u00f2 vantare un ambiente e una biodiversit\u00e0 invidiata da molti e Tormen ne \u00e8 stato un appassionato studioso, divulgatore e difensore. Io e tutta la giunta comunale ci uniamo al dolore della famiglia per la sua scomparsa\u00bb: cos\u00ec il Sindaco di Belluno, Jacopo Massaro, commenta la notizia della scomparsa dell&#8217;esperto naturalista bellunese Giuseppe Tormen.<\/p>","protected":false},"excerpt":{"rendered":"<p>\u00abLa scomparsa improvvisa di Bepi Tormen ci lascia senza parole. La Provincia perde un validissimo consulente, un ricercatore che da anni collaborava con noi\u00bb.\u00a0Il presidente Roberto Padrin e il consigliere delegato a caccia e pesca Franco De Bon esprimono cos\u00ec il cordoglio per la morte del noto esperto faunista bellunese, che da sempre prestava il [&hellip;]<\/p>\n","protected":false},"author":2,"featured_media":31571,"comment_status":"closed","ping_status":"open","sticky":false,"template":"","format":"standard","meta":{"footnotes":""},"categories":[5,26],"tags":[],"class_list":["post-118030","post","type-post","status-publish","format-standard","has-post-thumbnail","category-cronaca","category-prima-pagina"],"yoast_head":"<!-- This site is optimized with the Yoast SEO plugin v28.4 - https:\/\/yoast.com\/product\/yoast-seo-wordpress\/ -->\n<title>Cordoglio per la morte di Bepi Tormen - Bellunopress - Dolomiti<\/title>\n<meta name=\"robots\" content=\"index, follow, max-snippet:-1, max-image-preview:large, max-video-preview:-1\" \/>\n<link rel=\"canonical\" href=\"https:\/\/www.bellunopress.it\/fr\/2020\/09\/29\/cordoglio-per-la-morte-di-bepi-tormen\/\" \/>\n<meta property=\"og:locale\" content=\"fr_FR\" \/>\n<meta property=\"og:type\" content=\"article\" \/>\n<meta property=\"og:title\" content=\"Cordoglio per la morte di Bepi Tormen - Bellunopress - Dolomiti\" \/>\n<meta property=\"og:description\" content=\"\u00abLa scomparsa improvvisa di Bepi Tormen ci lascia senza parole. La Provincia perde un validissimo consulente, un ricercatore che da anni collaborava con noi\u00bb.\u00a0Il presidente Roberto Padrin e il consigliere delegato a caccia e pesca Franco De Bon esprimono cos\u00ec il cordoglio per la morte del noto esperto faunista bellunese, che da sempre prestava il [&hellip;]\" \/>\n<meta property=\"og:url\" content=\"https:\/\/www.bellunopress.it\/fr\/2020\/09\/29\/cordoglio-per-la-morte-di-bepi-tormen\/\" \/>\n<meta property=\"og:site_name\" content=\"Bellunopress - Dolomiti\" \/>\n<meta property=\"article:publisher\" content=\"https:\/\/www.facebook.com\/profile.php?id=100008943462799\" \/>\n<meta property=\"article:published_time\" content=\"2020-09-29T20:52:07+00:00\" \/>\n<meta property=\"og:image\" content=\"https:\/\/www.bellunopress.it\/wp-content\/uploads\/2011\/10\/lutto.jpg\" \/>\n\t<meta property=\"og:image:width\" content=\"140\" \/>\n\t<meta property=\"og:image:height\" content=\"140\" \/>\n\t<meta property=\"og:image:type\" content=\"image\/jpeg\" \/>\n<meta name=\"author\" content=\"redazione\" \/>\n<meta name=\"twitter:card\" content=\"summary_large_image\" \/>\n<meta name=\"twitter:creator\" content=\"@bellunopress\" \/>\n<meta name=\"twitter:site\" content=\"@bellunopress\" \/>\n<meta name=\"twitter:label1\" content=\"\u00c9crit par\" \/>\n\t<meta name=\"twitter:data1\" content=\"redazione\" \/>\n\t<meta name=\"twitter:label2\" content=\"Dur\u00e9e de lecture estim\u00e9e\" \/>\n\t<meta name=\"twitter:data2\" content=\"1 minute\" \/>\n<script type=\"application\/ld+json\" class=\"yoast-schema-graph\">{\"@context\":\"https:\\\/\\\/schema.org\",\"@graph\":[{\"@type\":\"Article\",\"@id\":\"https:\\\/\\\/www.bellunopress.it\\\/2020\\\/09\\\/29\\\/cordoglio-per-la-morte-di-bepi-tormen\\\/#article\",\"isPartOf\":{\"@id\":\"https:\\\/\\\/www.bellunopress.it\\\/2020\\\/09\\\/29\\\/cordoglio-per-la-morte-di-bepi-tormen\\\/\"},\"author\":{\"name\":\"redazione\",\"@id\":\"https:\\\/\\\/www.bellunopress.it\\\/#\\\/schema\\\/person\\\/79bb06722b37ece1c03d3e94beb30d73\"},\"headline\":\"Cordoglio per la morte di Bepi Tormen\",\"datePublished\":\"2020-09-29T20:52:07+00:00\",\"mainEntityOfPage\":{\"@id\":\"https:\\\/\\\/www.bellunopress.it\\\/2020\\\/09\\\/29\\\/cordoglio-per-la-morte-di-bepi-tormen\\\/\"},\"wordCount\":282,\"publisher\":{\"@id\":\"https:\\\/\\\/www.bellunopress.it\\\/#organization\"},\"image\":{\"@id\":\"https:\\\/\\\/www.bellunopress.it\\\/2020\\\/09\\\/29\\\/cordoglio-per-la-morte-di-bepi-tormen\\\/#primaryimage\"},\"thumbnailUrl\":\"https:\\\/\\\/www.bellunopress.it\\\/wp-content\\\/uploads\\\/2011\\\/10\\\/lutto.jpg\",\"articleSection\":[\"Cronaca\\\/Politica\",\"Prima Pagina\"],\"inLanguage\":\"fr-FR\"},{\"@type\":\"WebPage\",\"@id\":\"https:\\\/\\\/www.bellunopress.it\\\/2020\\\/09\\\/29\\\/cordoglio-per-la-morte-di-bepi-tormen\\\/\",\"url\":\"https:\\\/\\\/www.bellunopress.it\\\/2020\\\/09\\\/29\\\/cordoglio-per-la-morte-di-bepi-tormen\\\/\",\"name\":\"Cordoglio per la morte di Bepi Tormen - Bellunopress - Dolomiti\",\"isPartOf\":{\"@id\":\"https:\\\/\\\/www.bellunopress.it\\\/#website\"},\"primaryImageOfPage\":{\"@id\":\"https:\\\/\\\/www.bellunopress.it\\\/2020\\\/09\\\/29\\\/cordoglio-per-la-morte-di-bepi-tormen\\\/#primaryimage\"},\"image\":{\"@id\":\"https:\\\/\\\/www.bellunopress.it\\\/2020\\\/09\\\/29\\\/cordoglio-per-la-morte-di-bepi-tormen\\\/#primaryimage\"},\"thumbnailUrl\":\"https:\\\/\\\/www.bellunopress.it\\\/wp-content\\\/uploads\\\/2011\\\/10\\\/lutto.jpg\",\"datePublished\":\"2020-09-29T20:52:07+00:00\",\"breadcrumb\":{\"@id\":\"https:\\\/\\\/www.bellunopress.it\\\/2020\\\/09\\\/29\\\/cordoglio-per-la-morte-di-bepi-tormen\\\/#breadcrumb\"},\"inLanguage\":\"fr-FR\",\"potentialAction\":[{\"@type\":\"ReadAction\",\"target\":[\"https:\\\/\\\/www.bellunopress.it\\\/2020\\\/09\\\/29\\\/cordoglio-per-la-morte-di-bepi-tormen\\\/\"]}]},{\"@type\":\"ImageObject\",\"inLanguage\":\"fr-FR\",\"@id\":\"https:\\\/\\\/www.bellunopress.it\\\/2020\\\/09\\\/29\\\/cordoglio-per-la-morte-di-bepi-tormen\\\/#primaryimage\",\"url\":\"https:\\\/\\\/www.bellunopress.it\\\/wp-content\\\/uploads\\\/2011\\\/10\\\/lutto.jpg\",\"contentUrl\":\"https:\\\/\\\/www.bellunopress.it\\\/wp-content\\\/uploads\\\/2011\\\/10\\\/lutto.jpg\",\"width\":\"140\",\"height\":\"140\"},{\"@type\":\"BreadcrumbList\",\"@id\":\"https:\\\/\\\/www.bellunopress.it\\\/2020\\\/09\\\/29\\\/cordoglio-per-la-morte-di-bepi-tormen\\\/#breadcrumb\",\"itemListElement\":[{\"@type\":\"ListItem\",\"position\":1,\"name\":\"Home\",\"item\":\"https:\\\/\\\/www.bellunopress.it\\\/\"},{\"@type\":\"ListItem\",\"position\":2,\"name\":\"Cordoglio per la morte di Bepi Tormen\"}]},{\"@type\":\"WebSite\",\"@id\":\"https:\\\/\\\/www.bellunopress.it\\\/#website\",\"url\":\"https:\\\/\\\/www.bellunopress.it\\\/\",\"name\":\"Bellunopress - Dolomiti\",\"description\":\"e-mail: redazione@bellunopress.it\",\"publisher\":{\"@id\":\"https:\\\/\\\/www.bellunopress.it\\\/#organization\"},\"potentialAction\":[{\"@type\":\"SearchAction\",\"target\":{\"@type\":\"EntryPoint\",\"urlTemplate\":\"https:\\\/\\\/www.bellunopress.it\\\/?s={search_term_string}\"},\"query-input\":{\"@type\":\"PropertyValueSpecification\",\"valueRequired\":true,\"valueName\":\"search_term_string\"}}],\"inLanguage\":\"fr-FR\"},{\"@type\":\"Organization\",\"@id\":\"https:\\\/\\\/www.bellunopress.it\\\/#organization\",\"name\":\"Bellunopress\",\"url\":\"https:\\\/\\\/www.bellunopress.it\\\/\",\"logo\":{\"@type\":\"ImageObject\",\"inLanguage\":\"fr-FR\",\"@id\":\"https:\\\/\\\/www.bellunopress.it\\\/#\\\/schema\\\/logo\\\/image\\\/\",\"url\":\"https:\\\/\\\/www.bellunopress.it\\\/wp-content\\\/uploads\\\/2011\\\/05\\\/cropped-logo-bellunopress-.jpg\",\"contentUrl\":\"https:\\\/\\\/www.bellunopress.it\\\/wp-content\\\/uploads\\\/2011\\\/05\\\/cropped-logo-bellunopress-.jpg\",\"width\":512,\"height\":512,\"caption\":\"Bellunopress\"},\"image\":{\"@id\":\"https:\\\/\\\/www.bellunopress.it\\\/#\\\/schema\\\/logo\\\/image\\\/\"},\"sameAs\":[\"https:\\\/\\\/www.facebook.com\\\/profile.php?id=100008943462799\",\"https:\\\/\\\/x.com\\\/bellunopress\",\"https:\\\/\\\/www.linkedin.com\\\/hp\\\/?dnr=JBzUWaJfMUw8vbXJJ2tVW5-I3jZKvC4wsoxE&amp;amp;amp;amp;amp;amp;trk=nav_responsive_tab_home\",\"https:\\\/\\\/www.youtube.com\\\/channel\\\/UCxL0wu1uN0_3_7hGG0306cw\"]},{\"@type\":\"Person\",\"@id\":\"https:\\\/\\\/www.bellunopress.it\\\/#\\\/schema\\\/person\\\/79bb06722b37ece1c03d3e94beb30d73\",\"name\":\"redazione\",\"image\":{\"@type\":\"ImageObject\",\"inLanguage\":\"fr-FR\",\"@id\":\"https:\\\/\\\/secure.gravatar.com\\\/avatar\\\/37d968a2e67a6fd04c169c4bdef102d0bc5d31b2546345219e348575eb80e9a0?s=96&d=mm&r=g\",\"url\":\"https:\\\/\\\/secure.gravatar.com\\\/avatar\\\/37d968a2e67a6fd04c169c4bdef102d0bc5d31b2546345219e348575eb80e9a0?s=96&d=mm&r=g\",\"contentUrl\":\"https:\\\/\\\/secure.gravatar.com\\\/avatar\\\/37d968a2e67a6fd04c169c4bdef102d0bc5d31b2546345219e348575eb80e9a0?s=96&d=mm&r=g\",\"caption\":\"redazione\"},\"sameAs\":[\"http:\\\/\\\/www.bellunopress.it\",\"https:\\\/\\\/x.com\\\/bellunopress\"],\"url\":\"https:\\\/\\\/www.bellunopress.it\\\/fr\\\/author\\\/redazione\\\/\"}]}<\/script>\n<!-- \/ Yoast SEO plugin. -->","yoast_head_json":{"title":"Cordoglio per la morte di Bepi Tormen - Bellunopress - Dolomiti","robots":{"index":"index","follow":"follow","max-snippet":"max-snippet:-1","max-image-preview":"max-image-preview:large","max-video-preview":"max-video-preview:-1"},"canonical":"https:\/\/www.bellunopress.it\/fr\/2020\/09\/29\/cordoglio-per-la-morte-di-bepi-tormen\/","og_locale":"fr_FR","og_type":"article","og_title":"Cordoglio per la morte di Bepi Tormen - Bellunopress - Dolomiti","og_description":"\u00abLa scomparsa improvvisa di Bepi Tormen ci lascia senza parole. La Provincia perde un validissimo consulente, un ricercatore che da anni collaborava con noi\u00bb.\u00a0Il presidente Roberto Padrin e il consigliere delegato a caccia e pesca Franco De Bon esprimono cos\u00ec il cordoglio per la morte del noto esperto faunista bellunese, che da sempre prestava il [&hellip;]","og_url":"https:\/\/www.bellunopress.it\/fr\/2020\/09\/29\/cordoglio-per-la-morte-di-bepi-tormen\/","og_site_name":"Bellunopress - Dolomiti","article_publisher":"https:\/\/www.facebook.com\/profile.php?id=100008943462799","article_published_time":"2020-09-29T20:52:07+00:00","og_image":[{"width":140,"height":140,"url":"https:\/\/www.bellunopress.it\/wp-content\/uploads\/2011\/10\/lutto.jpg","type":"image\/jpeg"}],"author":"redazione","twitter_card":"summary_large_image","twitter_creator":"@bellunopress","twitter_site":"@bellunopress","twitter_misc":{"\u00c9crit par":"redazione","Dur\u00e9e de lecture estim\u00e9e":"1 minute"},"schema":{"@context":"https:\/\/schema.org","@graph":[{"@type":"Article","@id":"https:\/\/www.bellunopress.it\/2020\/09\/29\/cordoglio-per-la-morte-di-bepi-tormen\/#article","isPartOf":{"@id":"https:\/\/www.bellunopress.it\/2020\/09\/29\/cordoglio-per-la-morte-di-bepi-tormen\/"},"author":{"name":"redazione","@id":"https:\/\/www.bellunopress.it\/#\/schema\/person\/79bb06722b37ece1c03d3e94beb30d73"},"headline":"Cordoglio per la morte di Bepi Tormen","datePublished":"2020-09-29T20:52:07+00:00","mainEntityOfPage":{"@id":"https:\/\/www.bellunopress.it\/2020\/09\/29\/cordoglio-per-la-morte-di-bepi-tormen\/"},"wordCount":282,"publisher":{"@id":"https:\/\/www.bellunopress.it\/#organization"},"image":{"@id":"https:\/\/www.bellunopress.it\/2020\/09\/29\/cordoglio-per-la-morte-di-bepi-tormen\/#primaryimage"},"thumbnailUrl":"https:\/\/www.bellunopress.it\/wp-content\/uploads\/2011\/10\/lutto.jpg","articleSection":["Cronaca\/Politica","Prima Pagina"],"inLanguage":"fr-FR"},{"@type":"WebPage","@id":"https:\/\/www.bellunopress.it\/2020\/09\/29\/cordoglio-per-la-morte-di-bepi-tormen\/","url":"https:\/\/www.bellunopress.it\/2020\/09\/29\/cordoglio-per-la-morte-di-bepi-tormen\/","name":"Cordoglio per la morte di Bepi Tormen - Bellunopress - Dolomiti","isPartOf":{"@id":"https:\/\/www.bellunopress.it\/#website"},"primaryImageOfPage":{"@id":"https:\/\/www.bellunopress.it\/2020\/09\/29\/cordoglio-per-la-morte-di-bepi-tormen\/#primaryimage"},"image":{"@id":"https:\/\/www.bellunopress.it\/2020\/09\/29\/cordoglio-per-la-morte-di-bepi-tormen\/#primaryimage"},"thumbnailUrl":"https:\/\/www.bellunopress.it\/wp-content\/uploads\/2011\/10\/lutto.jpg","datePublished":"2020-09-29T20:52:07+00:00","breadcrumb":{"@id":"https:\/\/www.bellunopress.it\/2020\/09\/29\/cordoglio-per-la-morte-di-bepi-tormen\/#breadcrumb"},"inLanguage":"fr-FR","potentialAction":[{"@type":"ReadAction","target":["https:\/\/www.bellunopress.it\/2020\/09\/29\/cordoglio-per-la-morte-di-bepi-tormen\/"]}]},{"@type":"ImageObject","inLanguage":"fr-FR","@id":"https:\/\/www.bellunopress.it\/2020\/09\/29\/cordoglio-per-la-morte-di-bepi-tormen\/#primaryimage","url":"https:\/\/www.bellunopress.it\/wp-content\/uploads\/2011\/10\/lutto.jpg","contentUrl":"https:\/\/www.bellunopress.it\/wp-content\/uploads\/2011\/10\/lutto.jpg","width":"140","height":"140"},{"@type":"BreadcrumbList","@id":"https:\/\/www.bellunopress.it\/2020\/09\/29\/cordoglio-per-la-morte-di-bepi-tormen\/#breadcrumb","itemListElement":[{"@type":"ListItem","position":1,"name":"Home","item":"https:\/\/www.bellunopress.it\/"},{"@type":"ListItem","position":2,"name":"Cordoglio per la morte di Bepi Tormen"}]},{"@type":"WebSite","@id":"https:\/\/www.bellunopress.it\/#website","url":"https:\/\/www.bellunopress.it\/","name":"Bellunopress - Dolomiti","description":"e-mail: redazione@bellunopress.it","publisher":{"@id":"https:\/\/www.bellunopress.it\/#organization"},"potentialAction":[{"@type":"SearchAction","target":{"@type":"EntryPoint","urlTemplate":"https:\/\/www.bellunopress.it\/?s={search_term_string}"},"query-input":{"@type":"PropertyValueSpecification","valueRequired":true,"valueName":"search_term_string"}}],"inLanguage":"fr-FR"},{"@type":"Organization","@id":"https:\/\/www.bellunopress.it\/#organization","name":"Bellunopress","url":"https:\/\/www.bellunopress.it\/","logo":{"@type":"ImageObject","inLanguage":"fr-FR","@id":"https:\/\/www.bellunopress.it\/#\/schema\/logo\/image\/","url":"https:\/\/www.bellunopress.it\/wp-content\/uploads\/2011\/05\/cropped-logo-bellunopress-.jpg","contentUrl":"https:\/\/www.bellunopress.it\/wp-content\/uploads\/2011\/05\/cropped-logo-bellunopress-.jpg","width":512,"height":512,"caption":"Bellunopress"},"image":{"@id":"https:\/\/www.bellunopress.it\/#\/schema\/logo\/image\/"},"sameAs":["https:\/\/www.facebook.com\/profile.php?id=100008943462799","https:\/\/x.com\/bellunopress","https:\/\/www.linkedin.com\/hp\/?dnr=JBzUWaJfMUw8vbXJJ2tVW5-I3jZKvC4wsoxE&amp;amp;amp;amp;amp;amp;trk=nav_responsive_tab_home","https:\/\/www.youtube.com\/channel\/UCxL0wu1uN0_3_7hGG0306cw"]},{"@type":"Person","@id":"https:\/\/www.bellunopress.it\/#\/schema\/person\/79bb06722b37ece1c03d3e94beb30d73","name":"r\u00e9daction","image":{"@type":"ImageObject","inLanguage":"fr-FR","@id":"https:\/\/secure.gravatar.com\/avatar\/37d968a2e67a6fd04c169c4bdef102d0bc5d31b2546345219e348575eb80e9a0?s=96&d=mm&r=g","url":"https:\/\/secure.gravatar.com\/avatar\/37d968a2e67a6fd04c169c4bdef102d0bc5d31b2546345219e348575eb80e9a0?s=96&d=mm&r=g","contentUrl":"https:\/\/secure.gravatar.com\/avatar\/37d968a2e67a6fd04c169c4bdef102d0bc5d31b2546345219e348575eb80e9a0?s=96&d=mm&r=g","caption":"redazione"},"sameAs":["http:\/\/www.bellunopress.it","https:\/\/x.com\/bellunopress"],"url":"https:\/\/www.bellunopress.it\/fr\/author\/redazione\/"}]}},"_links":{"self":[{"href":"https:\/\/www.bellunopress.it\/fr\/wp-json\/wp\/v2\/posts\/118030","targetHints":{"allow":["GET"]}}],"collection":[{"href":"https:\/\/www.bellunopress.it\/fr\/wp-json\/wp\/v2\/posts"}],"about":[{"href":"https:\/\/www.bellunopress.it\/fr\/wp-json\/wp\/v2\/types\/post"}],"author":[{"embeddable":true,"href":"https:\/\/www.bellunopress.it\/fr\/wp-json\/wp\/v2\/users\/2"}],"replies":[{"embeddable":true,"href":"https:\/\/www.bellunopress.it\/fr\/wp-json\/wp\/v2\/comments?post=118030"}],"version-history":[{"count":1,"href":"https:\/\/www.bellunopress.it\/fr\/wp-json\/wp\/v2\/posts\/118030\/revisions"}],"predecessor-version":[{"id":118031,"href":"https:\/\/www.bellunopress.it\/fr\/wp-json\/wp\/v2\/posts\/118030\/revisions\/118031"}],"wp:featuredmedia":[{"embeddable":true,"href":"https:\/\/www.bellunopress.it\/fr\/wp-json\/wp\/v2\/media\/31571"}],"wp:attachment":[{"href":"https:\/\/www.bellunopress.it\/fr\/wp-json\/wp\/v2\/media?parent=118030"}],"wp:term":[{"taxonomy":"category","embeddable":true,"href":"https:\/\/www.bellunopress.it\/fr\/wp-json\/wp\/v2\/categories?post=118030"},{"taxonomy":"post_tag","embeddable":true,"href":"https:\/\/www.bellunopress.it\/fr\/wp-json\/wp\/v2\/tags?post=118030"}],"curies":[{"name":"wp","href":"https:\/\/api.w.org\/{rel}","templated":true}]}}