{"id":118018,"date":"2020-09-29T18:36:49","date_gmt":"2020-09-29T16:36:49","guid":{"rendered":"http:\/\/www.bellunopress.it\/?p=118018"},"modified":"2020-09-29T18:36:50","modified_gmt":"2020-09-29T16:36:50","slug":"marchon-italia-accordo-sindacale-sullo-smart-working","status":"publish","type":"post","link":"https:\/\/www.bellunopress.it\/fr\/2020\/09\/29\/marchon-italia-accordo-sindacale-sullo-smart-working\/","title":{"rendered":"Marchon Italia: accordo sindacale sullo smart working"},"content":{"rendered":"<p><a href=\"http:\/\/www.bellunopress.it\/fr\/2020\/09\/29\/marchon-italia-accordo-sindacale-sullo-smart-working\/vsp-global-marchon_edited\/\" rel=\"attachment wp-att-118019\"><img loading=\"lazy\" decoding=\"async\" class=\"alignleft size-full wp-image-118019\" src=\"http:\/\/www.bellunopress.it\/wp-content\/uploads\/2020\/09\/VSP-Global-Marchon_edited.jpg\" alt=\"\" width=\"800\" height=\"593\" srcset=\"https:\/\/www.bellunopress.it\/wp-content\/uploads\/2020\/09\/VSP-Global-Marchon_edited.jpg 800w, https:\/\/www.bellunopress.it\/wp-content\/uploads\/2020\/09\/VSP-Global-Marchon_edited-500x371.jpg 500w, https:\/\/www.bellunopress.it\/wp-content\/uploads\/2020\/09\/VSP-Global-Marchon_edited-485x360.jpg 485w, https:\/\/www.bellunopress.it\/wp-content\/uploads\/2020\/09\/VSP-Global-Marchon_edited-696x516.jpg 696w, https:\/\/www.bellunopress.it\/wp-content\/uploads\/2020\/09\/VSP-Global-Marchon_edited-567x420.jpg 567w, https:\/\/www.bellunopress.it\/wp-content\/uploads\/2020\/09\/VSP-Global-Marchon_edited-80x60.jpg 80w\" sizes=\"auto, (max-width: 800px) 100vw, 800px\" \/><\/a>Diritto alla disconnessione, tre giornate massime di smart working alla settimana, flessibilit\u00e0 della prestazione lavorativa. Sono alcuni degli elementi che caratterizzano l&#8217;accordo sullo smart working siglato da Organizzazioni Sindacali e azienda gioved\u00ec 24 settembre alla Marchon Italia, big dell&#8217;occhialeria di Puos d&#8217;Alpago. Si tratta del primo accordo specifico sullo smart working firmato in provincia di Belluno nel comparto dell&#8217;occhialeria.<\/p>\n<p>Il lavoro agile, gi\u00e0 utilizzato in Marchon perch\u00e9 previsto nel contratto integrativo, diventa accessibile a tutti i dipendenti dell&#8217;azienda che lavorano negli uffici, a prescindere dalla tipologia contrattuale (tempo determinato, indeterminato, full time, part time). Ad oggi, circa la met\u00e0 dei lavoratori dell&#8217;azienda ha attivato l&#8217;opzione smart working. Il nuovo accordo prevede la flessibilit\u00e0 della prestazione lavorativa fra le 7 e le 20 fermo restando il proprio orario contrattuale, riconosce il diritto alla disconnessione e quello alla pausa pranzo, la formazione ai dipendenti sulle modalit\u00e0 di lavoro in smart working e sulla sicurezza, riconosce i buoni pasto anche agli smart worker e prevede verifiche e confronti fra azienda e Rsu sull&#8217;andamento dell&#8217;applicazione dell&#8217;accordo.<\/p>\n<p>&#8220;\u00c8 un passaggio importante &#8211; afferma Milena Cesca, Segretaria della Femca Cisl Belluno Treviso -: il contratto aziendale \u00e8 lo strumento migliore per accompagnare la trasformazione del lavoro, dell&#8217;impresa e della cultura aziendale, sia nei momenti emergenziali &#8211; come quello che stiamo vivendo &#8211; che nelle situazioni pi\u00f9 ordinarie. \u00c8 notevole il percorso fatto dall&#8217;azienda in questo ambito. Va sottolineato soprattutto il cambiamento di filosofia organizzativa e di gestione che \u00e8 il presupposto per questa nuova modalit\u00e0 di lavoro, basata su concetti quali autonomia, fiducia, responsabilizzazione, dialogo, cultura nella performance ed efficienza organizzativa&#8221;. &#8220;I punti salienti dell&#8217;accordo &#8211; prosegue Cesca &#8211; toccano i percorsi di formazione per dirigenti e dipendenti che utilizzano lo smart working, il lavoro per obiettivi e progetti, l&#8217;accesso su base volontaria, la flessibilit\u00e0 della prestazione lavorativa, il diritto alla disconnessione, il confronto con le RSU e il riconoscimento dei buoni pasto anche nelle giornate di lavoro agile. Penso che il giusto equilibrio tra lavoro in azienda e sede esterna sia l&#8217;elemento che potr\u00e0 meglio conciliare equilibri di vita familiare, esigenze di salute ma anche questioni ambientali e gestione del tempo: questo \u00e8 l&#8217;inizio di un percorso che metter\u00e0 sempre pi\u00f9 al centro la persona&#8221;.<\/p>\n<p>Per Giampiero Marra, Segretario della Filctem Cgil di Belluno, &#8220;l&#8217;accordo \u00e8 frutto di un proficuo confronto iniziato tre anni fa con la reciproca coscienza che su questo tema, come su altri temi legati alla conciliazione dei tempi di vita e dei tempi di lavoro, occorresse fare cultura sia con l&#8217;azienda che con i lavoratori, attraverso la conoscenza degli strumenti normativi e delle buone pratiche gi\u00e0 in uso&#8221;. &#8220;Ritengo &#8211; sostiene Marra &#8211; che alcuni elementi contenuti nell&#8217;accordo, come la reciprocit\u00e0 in termini di fiducia, la flessibilit\u00e0, il riconoscimento dei buoni pasto, l&#8217;uso degli strumenti aziendali e il diritto alla disconnessione, siano elementi importanti che possono rappresentare l&#8217;inizio di un percorso ancora molto lungo da compiere&#8221;.<\/p>","protected":false},"excerpt":{"rendered":"<p>Diritto alla disconnessione, tre giornate massime di smart working alla settimana, flessibilit\u00e0 della prestazione lavorativa. Sono alcuni degli elementi che caratterizzano l&#8217;accordo sullo smart working siglato da Organizzazioni Sindacali e azienda gioved\u00ec 24 settembre alla Marchon Italia, big dell&#8217;occhialeria di Puos d&#8217;Alpago. Si tratta del primo accordo specifico sullo smart working firmato in provincia di [&hellip;]<\/p>\n","protected":false},"author":2,"featured_media":118019,"comment_status":"closed","ping_status":"open","sticky":false,"template":"","format":"standard","meta":{"footnotes":""},"categories":[36,26],"tags":[],"class_list":["post-118018","post","type-post","status-publish","format-standard","has-post-thumbnail","category-lavoro-economia","category-prima-pagina"],"yoast_head":"<!-- This site is optimized with the Yoast SEO plugin v28.4 - https:\/\/yoast.com\/product\/yoast-seo-wordpress\/ -->\n<title>Marchon Italia: accordo sindacale sullo smart working - Bellunopress - Dolomiti<\/title>\n<meta name=\"robots\" content=\"index, follow, max-snippet:-1, max-image-preview:large, max-video-preview:-1\" \/>\n<link rel=\"canonical\" href=\"https:\/\/www.bellunopress.it\/fr\/2020\/09\/29\/marchon-italia-accordo-sindacale-sullo-smart-working\/\" \/>\n<meta property=\"og:locale\" content=\"fr_FR\" \/>\n<meta property=\"og:type\" content=\"article\" \/>\n<meta property=\"og:title\" content=\"Marchon Italia: accordo sindacale sullo smart working - Bellunopress - Dolomiti\" \/>\n<meta property=\"og:description\" content=\"Diritto alla disconnessione, tre giornate massime di smart working alla settimana, flessibilit\u00e0 della prestazione lavorativa. Sono alcuni degli elementi che caratterizzano l&#8217;accordo sullo smart working siglato da Organizzazioni Sindacali e azienda gioved\u00ec 24 settembre alla Marchon Italia, big dell&#8217;occhialeria di Puos d&#8217;Alpago. Si tratta del primo accordo specifico sullo smart working firmato in provincia di [&hellip;]\" \/>\n<meta property=\"og:url\" content=\"https:\/\/www.bellunopress.it\/fr\/2020\/09\/29\/marchon-italia-accordo-sindacale-sullo-smart-working\/\" \/>\n<meta property=\"og:site_name\" content=\"Bellunopress - Dolomiti\" \/>\n<meta property=\"article:publisher\" content=\"https:\/\/www.facebook.com\/profile.php?id=100008943462799\" \/>\n<meta property=\"article:published_time\" content=\"2020-09-29T16:36:49+00:00\" \/>\n<meta property=\"article:modified_time\" content=\"2020-09-29T16:36:50+00:00\" \/>\n<meta property=\"og:image\" content=\"https:\/\/www.bellunopress.it\/wp-content\/uploads\/2020\/09\/VSP-Global-Marchon_edited.jpg\" \/>\n\t<meta property=\"og:image:width\" content=\"800\" \/>\n\t<meta property=\"og:image:height\" content=\"593\" \/>\n\t<meta property=\"og:image:type\" content=\"image\/jpeg\" \/>\n<meta name=\"author\" content=\"redazione\" \/>\n<meta name=\"twitter:card\" content=\"summary_large_image\" \/>\n<meta name=\"twitter:creator\" content=\"@bellunopress\" \/>\n<meta name=\"twitter:site\" content=\"@bellunopress\" \/>\n<meta name=\"twitter:label1\" content=\"\u00c9crit par\" \/>\n\t<meta name=\"twitter:data1\" content=\"redazione\" \/>\n\t<meta name=\"twitter:label2\" content=\"Dur\u00e9e de lecture estim\u00e9e\" \/>\n\t<meta name=\"twitter:data2\" content=\"2 minutes\" \/>\n<script type=\"application\/ld+json\" class=\"yoast-schema-graph\">{\"@context\":\"https:\\\/\\\/schema.org\",\"@graph\":[{\"@type\":\"Article\",\"@id\":\"https:\\\/\\\/www.bellunopress.it\\\/2020\\\/09\\\/29\\\/marchon-italia-accordo-sindacale-sullo-smart-working\\\/#article\",\"isPartOf\":{\"@id\":\"https:\\\/\\\/www.bellunopress.it\\\/2020\\\/09\\\/29\\\/marchon-italia-accordo-sindacale-sullo-smart-working\\\/\"},\"author\":{\"name\":\"redazione\",\"@id\":\"https:\\\/\\\/www.bellunopress.it\\\/#\\\/schema\\\/person\\\/79bb06722b37ece1c03d3e94beb30d73\"},\"headline\":\"Marchon Italia: accordo sindacale sullo smart working\",\"datePublished\":\"2020-09-29T16:36:49+00:00\",\"dateModified\":\"2020-09-29T16:36:50+00:00\",\"mainEntityOfPage\":{\"@id\":\"https:\\\/\\\/www.bellunopress.it\\\/2020\\\/09\\\/29\\\/marchon-italia-accordo-sindacale-sullo-smart-working\\\/\"},\"wordCount\":504,\"publisher\":{\"@id\":\"https:\\\/\\\/www.bellunopress.it\\\/#organization\"},\"image\":{\"@id\":\"https:\\\/\\\/www.bellunopress.it\\\/2020\\\/09\\\/29\\\/marchon-italia-accordo-sindacale-sullo-smart-working\\\/#primaryimage\"},\"thumbnailUrl\":\"https:\\\/\\\/www.bellunopress.it\\\/wp-content\\\/uploads\\\/2020\\\/09\\\/VSP-Global-Marchon_edited.jpg\",\"articleSection\":[\"Lavoro, Economia, Turismo\",\"Prima Pagina\"],\"inLanguage\":\"fr-FR\"},{\"@type\":\"WebPage\",\"@id\":\"https:\\\/\\\/www.bellunopress.it\\\/2020\\\/09\\\/29\\\/marchon-italia-accordo-sindacale-sullo-smart-working\\\/\",\"url\":\"https:\\\/\\\/www.bellunopress.it\\\/2020\\\/09\\\/29\\\/marchon-italia-accordo-sindacale-sullo-smart-working\\\/\",\"name\":\"Marchon Italia: accordo sindacale sullo smart working - Bellunopress - Dolomiti\",\"isPartOf\":{\"@id\":\"https:\\\/\\\/www.bellunopress.it\\\/#website\"},\"primaryImageOfPage\":{\"@id\":\"https:\\\/\\\/www.bellunopress.it\\\/2020\\\/09\\\/29\\\/marchon-italia-accordo-sindacale-sullo-smart-working\\\/#primaryimage\"},\"image\":{\"@id\":\"https:\\\/\\\/www.bellunopress.it\\\/2020\\\/09\\\/29\\\/marchon-italia-accordo-sindacale-sullo-smart-working\\\/#primaryimage\"},\"thumbnailUrl\":\"https:\\\/\\\/www.bellunopress.it\\\/wp-content\\\/uploads\\\/2020\\\/09\\\/VSP-Global-Marchon_edited.jpg\",\"datePublished\":\"2020-09-29T16:36:49+00:00\",\"dateModified\":\"2020-09-29T16:36:50+00:00\",\"breadcrumb\":{\"@id\":\"https:\\\/\\\/www.bellunopress.it\\\/2020\\\/09\\\/29\\\/marchon-italia-accordo-sindacale-sullo-smart-working\\\/#breadcrumb\"},\"inLanguage\":\"fr-FR\",\"potentialAction\":[{\"@type\":\"ReadAction\",\"target\":[\"https:\\\/\\\/www.bellunopress.it\\\/2020\\\/09\\\/29\\\/marchon-italia-accordo-sindacale-sullo-smart-working\\\/\"]}]},{\"@type\":\"ImageObject\",\"inLanguage\":\"fr-FR\",\"@id\":\"https:\\\/\\\/www.bellunopress.it\\\/2020\\\/09\\\/29\\\/marchon-italia-accordo-sindacale-sullo-smart-working\\\/#primaryimage\",\"url\":\"https:\\\/\\\/www.bellunopress.it\\\/wp-content\\\/uploads\\\/2020\\\/09\\\/VSP-Global-Marchon_edited.jpg\",\"contentUrl\":\"https:\\\/\\\/www.bellunopress.it\\\/wp-content\\\/uploads\\\/2020\\\/09\\\/VSP-Global-Marchon_edited.jpg\",\"width\":800,\"height\":593},{\"@type\":\"BreadcrumbList\",\"@id\":\"https:\\\/\\\/www.bellunopress.it\\\/2020\\\/09\\\/29\\\/marchon-italia-accordo-sindacale-sullo-smart-working\\\/#breadcrumb\",\"itemListElement\":[{\"@type\":\"ListItem\",\"position\":1,\"name\":\"Home\",\"item\":\"https:\\\/\\\/www.bellunopress.it\\\/\"},{\"@type\":\"ListItem\",\"position\":2,\"name\":\"Marchon Italia: accordo sindacale sullo smart working\"}]},{\"@type\":\"WebSite\",\"@id\":\"https:\\\/\\\/www.bellunopress.it\\\/#website\",\"url\":\"https:\\\/\\\/www.bellunopress.it\\\/\",\"name\":\"Bellunopress - Dolomiti\",\"description\":\"e-mail: redazione@bellunopress.it\",\"publisher\":{\"@id\":\"https:\\\/\\\/www.bellunopress.it\\\/#organization\"},\"potentialAction\":[{\"@type\":\"SearchAction\",\"target\":{\"@type\":\"EntryPoint\",\"urlTemplate\":\"https:\\\/\\\/www.bellunopress.it\\\/?s={search_term_string}\"},\"query-input\":{\"@type\":\"PropertyValueSpecification\",\"valueRequired\":true,\"valueName\":\"search_term_string\"}}],\"inLanguage\":\"fr-FR\"},{\"@type\":\"Organization\",\"@id\":\"https:\\\/\\\/www.bellunopress.it\\\/#organization\",\"name\":\"Bellunopress\",\"url\":\"https:\\\/\\\/www.bellunopress.it\\\/\",\"logo\":{\"@type\":\"ImageObject\",\"inLanguage\":\"fr-FR\",\"@id\":\"https:\\\/\\\/www.bellunopress.it\\\/#\\\/schema\\\/logo\\\/image\\\/\",\"url\":\"https:\\\/\\\/www.bellunopress.it\\\/wp-content\\\/uploads\\\/2011\\\/05\\\/cropped-logo-bellunopress-.jpg\",\"contentUrl\":\"https:\\\/\\\/www.bellunopress.it\\\/wp-content\\\/uploads\\\/2011\\\/05\\\/cropped-logo-bellunopress-.jpg\",\"width\":512,\"height\":512,\"caption\":\"Bellunopress\"},\"image\":{\"@id\":\"https:\\\/\\\/www.bellunopress.it\\\/#\\\/schema\\\/logo\\\/image\\\/\"},\"sameAs\":[\"https:\\\/\\\/www.facebook.com\\\/profile.php?id=100008943462799\",\"https:\\\/\\\/x.com\\\/bellunopress\",\"https:\\\/\\\/www.linkedin.com\\\/hp\\\/?dnr=JBzUWaJfMUw8vbXJJ2tVW5-I3jZKvC4wsoxE&amp;amp;amp;amp;amp;amp;trk=nav_responsive_tab_home\",\"https:\\\/\\\/www.youtube.com\\\/channel\\\/UCxL0wu1uN0_3_7hGG0306cw\"]},{\"@type\":\"Person\",\"@id\":\"https:\\\/\\\/www.bellunopress.it\\\/#\\\/schema\\\/person\\\/79bb06722b37ece1c03d3e94beb30d73\",\"name\":\"redazione\",\"image\":{\"@type\":\"ImageObject\",\"inLanguage\":\"fr-FR\",\"@id\":\"https:\\\/\\\/secure.gravatar.com\\\/avatar\\\/37d968a2e67a6fd04c169c4bdef102d0bc5d31b2546345219e348575eb80e9a0?s=96&d=mm&r=g\",\"url\":\"https:\\\/\\\/secure.gravatar.com\\\/avatar\\\/37d968a2e67a6fd04c169c4bdef102d0bc5d31b2546345219e348575eb80e9a0?s=96&d=mm&r=g\",\"contentUrl\":\"https:\\\/\\\/secure.gravatar.com\\\/avatar\\\/37d968a2e67a6fd04c169c4bdef102d0bc5d31b2546345219e348575eb80e9a0?s=96&d=mm&r=g\",\"caption\":\"redazione\"},\"sameAs\":[\"http:\\\/\\\/www.bellunopress.it\",\"https:\\\/\\\/x.com\\\/bellunopress\"],\"url\":\"https:\\\/\\\/www.bellunopress.it\\\/fr\\\/author\\\/redazione\\\/\"}]}<\/script>\n<!-- \/ Yoast SEO plugin. -->","yoast_head_json":{"title":"Marchon Italia: accordo sindacale sullo smart working - Bellunopress - Dolomiti","robots":{"index":"index","follow":"follow","max-snippet":"max-snippet:-1","max-image-preview":"max-image-preview:large","max-video-preview":"max-video-preview:-1"},"canonical":"https:\/\/www.bellunopress.it\/fr\/2020\/09\/29\/marchon-italia-accordo-sindacale-sullo-smart-working\/","og_locale":"fr_FR","og_type":"article","og_title":"Marchon Italia: accordo sindacale sullo smart working - Bellunopress - Dolomiti","og_description":"Diritto alla disconnessione, tre giornate massime di smart working alla settimana, flessibilit\u00e0 della prestazione lavorativa. Sono alcuni degli elementi che caratterizzano l&#8217;accordo sullo smart working siglato da Organizzazioni Sindacali e azienda gioved\u00ec 24 settembre alla Marchon Italia, big dell&#8217;occhialeria di Puos d&#8217;Alpago. Si tratta del primo accordo specifico sullo smart working firmato in provincia di [&hellip;]","og_url":"https:\/\/www.bellunopress.it\/fr\/2020\/09\/29\/marchon-italia-accordo-sindacale-sullo-smart-working\/","og_site_name":"Bellunopress - Dolomiti","article_publisher":"https:\/\/www.facebook.com\/profile.php?id=100008943462799","article_published_time":"2020-09-29T16:36:49+00:00","article_modified_time":"2020-09-29T16:36:50+00:00","og_image":[{"width":800,"height":593,"url":"https:\/\/www.bellunopress.it\/wp-content\/uploads\/2020\/09\/VSP-Global-Marchon_edited.jpg","type":"image\/jpeg"}],"author":"redazione","twitter_card":"summary_large_image","twitter_creator":"@bellunopress","twitter_site":"@bellunopress","twitter_misc":{"\u00c9crit par":"redazione","Dur\u00e9e de lecture estim\u00e9e":"2 minutes"},"schema":{"@context":"https:\/\/schema.org","@graph":[{"@type":"Article","@id":"https:\/\/www.bellunopress.it\/2020\/09\/29\/marchon-italia-accordo-sindacale-sullo-smart-working\/#article","isPartOf":{"@id":"https:\/\/www.bellunopress.it\/2020\/09\/29\/marchon-italia-accordo-sindacale-sullo-smart-working\/"},"author":{"name":"redazione","@id":"https:\/\/www.bellunopress.it\/#\/schema\/person\/79bb06722b37ece1c03d3e94beb30d73"},"headline":"Marchon Italia: accordo sindacale sullo smart working","datePublished":"2020-09-29T16:36:49+00:00","dateModified":"2020-09-29T16:36:50+00:00","mainEntityOfPage":{"@id":"https:\/\/www.bellunopress.it\/2020\/09\/29\/marchon-italia-accordo-sindacale-sullo-smart-working\/"},"wordCount":504,"publisher":{"@id":"https:\/\/www.bellunopress.it\/#organization"},"image":{"@id":"https:\/\/www.bellunopress.it\/2020\/09\/29\/marchon-italia-accordo-sindacale-sullo-smart-working\/#primaryimage"},"thumbnailUrl":"https:\/\/www.bellunopress.it\/wp-content\/uploads\/2020\/09\/VSP-Global-Marchon_edited.jpg","articleSection":["Lavoro, Economia, Turismo","Prima Pagina"],"inLanguage":"fr-FR"},{"@type":"WebPage","@id":"https:\/\/www.bellunopress.it\/2020\/09\/29\/marchon-italia-accordo-sindacale-sullo-smart-working\/","url":"https:\/\/www.bellunopress.it\/2020\/09\/29\/marchon-italia-accordo-sindacale-sullo-smart-working\/","name":"Marchon Italia: accordo sindacale sullo smart working - Bellunopress - Dolomiti","isPartOf":{"@id":"https:\/\/www.bellunopress.it\/#website"},"primaryImageOfPage":{"@id":"https:\/\/www.bellunopress.it\/2020\/09\/29\/marchon-italia-accordo-sindacale-sullo-smart-working\/#primaryimage"},"image":{"@id":"https:\/\/www.bellunopress.it\/2020\/09\/29\/marchon-italia-accordo-sindacale-sullo-smart-working\/#primaryimage"},"thumbnailUrl":"https:\/\/www.bellunopress.it\/wp-content\/uploads\/2020\/09\/VSP-Global-Marchon_edited.jpg","datePublished":"2020-09-29T16:36:49+00:00","dateModified":"2020-09-29T16:36:50+00:00","breadcrumb":{"@id":"https:\/\/www.bellunopress.it\/2020\/09\/29\/marchon-italia-accordo-sindacale-sullo-smart-working\/#breadcrumb"},"inLanguage":"fr-FR","potentialAction":[{"@type":"ReadAction","target":["https:\/\/www.bellunopress.it\/2020\/09\/29\/marchon-italia-accordo-sindacale-sullo-smart-working\/"]}]},{"@type":"ImageObject","inLanguage":"fr-FR","@id":"https:\/\/www.bellunopress.it\/2020\/09\/29\/marchon-italia-accordo-sindacale-sullo-smart-working\/#primaryimage","url":"https:\/\/www.bellunopress.it\/wp-content\/uploads\/2020\/09\/VSP-Global-Marchon_edited.jpg","contentUrl":"https:\/\/www.bellunopress.it\/wp-content\/uploads\/2020\/09\/VSP-Global-Marchon_edited.jpg","width":800,"height":593},{"@type":"BreadcrumbList","@id":"https:\/\/www.bellunopress.it\/2020\/09\/29\/marchon-italia-accordo-sindacale-sullo-smart-working\/#breadcrumb","itemListElement":[{"@type":"ListItem","position":1,"name":"Home","item":"https:\/\/www.bellunopress.it\/"},{"@type":"ListItem","position":2,"name":"Marchon Italia: accordo sindacale sullo smart working"}]},{"@type":"WebSite","@id":"https:\/\/www.bellunopress.it\/#website","url":"https:\/\/www.bellunopress.it\/","name":"Bellunopress - Dolomiti","description":"e-mail: redazione@bellunopress.it","publisher":{"@id":"https:\/\/www.bellunopress.it\/#organization"},"potentialAction":[{"@type":"SearchAction","target":{"@type":"EntryPoint","urlTemplate":"https:\/\/www.bellunopress.it\/?s={search_term_string}"},"query-input":{"@type":"PropertyValueSpecification","valueRequired":true,"valueName":"search_term_string"}}],"inLanguage":"fr-FR"},{"@type":"Organization","@id":"https:\/\/www.bellunopress.it\/#organization","name":"Bellunopress","url":"https:\/\/www.bellunopress.it\/","logo":{"@type":"ImageObject","inLanguage":"fr-FR","@id":"https:\/\/www.bellunopress.it\/#\/schema\/logo\/image\/","url":"https:\/\/www.bellunopress.it\/wp-content\/uploads\/2011\/05\/cropped-logo-bellunopress-.jpg","contentUrl":"https:\/\/www.bellunopress.it\/wp-content\/uploads\/2011\/05\/cropped-logo-bellunopress-.jpg","width":512,"height":512,"caption":"Bellunopress"},"image":{"@id":"https:\/\/www.bellunopress.it\/#\/schema\/logo\/image\/"},"sameAs":["https:\/\/www.facebook.com\/profile.php?id=100008943462799","https:\/\/x.com\/bellunopress","https:\/\/www.linkedin.com\/hp\/?dnr=JBzUWaJfMUw8vbXJJ2tVW5-I3jZKvC4wsoxE&amp;amp;amp;amp;amp;amp;trk=nav_responsive_tab_home","https:\/\/www.youtube.com\/channel\/UCxL0wu1uN0_3_7hGG0306cw"]},{"@type":"Person","@id":"https:\/\/www.bellunopress.it\/#\/schema\/person\/79bb06722b37ece1c03d3e94beb30d73","name":"r\u00e9daction","image":{"@type":"ImageObject","inLanguage":"fr-FR","@id":"https:\/\/secure.gravatar.com\/avatar\/37d968a2e67a6fd04c169c4bdef102d0bc5d31b2546345219e348575eb80e9a0?s=96&d=mm&r=g","url":"https:\/\/secure.gravatar.com\/avatar\/37d968a2e67a6fd04c169c4bdef102d0bc5d31b2546345219e348575eb80e9a0?s=96&d=mm&r=g","contentUrl":"https:\/\/secure.gravatar.com\/avatar\/37d968a2e67a6fd04c169c4bdef102d0bc5d31b2546345219e348575eb80e9a0?s=96&d=mm&r=g","caption":"redazione"},"sameAs":["http:\/\/www.bellunopress.it","https:\/\/x.com\/bellunopress"],"url":"https:\/\/www.bellunopress.it\/fr\/author\/redazione\/"}]}},"_links":{"self":[{"href":"https:\/\/www.bellunopress.it\/fr\/wp-json\/wp\/v2\/posts\/118018","targetHints":{"allow":["GET"]}}],"collection":[{"href":"https:\/\/www.bellunopress.it\/fr\/wp-json\/wp\/v2\/posts"}],"about":[{"href":"https:\/\/www.bellunopress.it\/fr\/wp-json\/wp\/v2\/types\/post"}],"author":[{"embeddable":true,"href":"https:\/\/www.bellunopress.it\/fr\/wp-json\/wp\/v2\/users\/2"}],"replies":[{"embeddable":true,"href":"https:\/\/www.bellunopress.it\/fr\/wp-json\/wp\/v2\/comments?post=118018"}],"version-history":[{"count":2,"href":"https:\/\/www.bellunopress.it\/fr\/wp-json\/wp\/v2\/posts\/118018\/revisions"}],"predecessor-version":[{"id":118021,"href":"https:\/\/www.bellunopress.it\/fr\/wp-json\/wp\/v2\/posts\/118018\/revisions\/118021"}],"wp:featuredmedia":[{"embeddable":true,"href":"https:\/\/www.bellunopress.it\/fr\/wp-json\/wp\/v2\/media\/118019"}],"wp:attachment":[{"href":"https:\/\/www.bellunopress.it\/fr\/wp-json\/wp\/v2\/media?parent=118018"}],"wp:term":[{"taxonomy":"category","embeddable":true,"href":"https:\/\/www.bellunopress.it\/fr\/wp-json\/wp\/v2\/categories?post=118018"},{"taxonomy":"post_tag","embeddable":true,"href":"https:\/\/www.bellunopress.it\/fr\/wp-json\/wp\/v2\/tags?post=118018"}],"curies":[{"name":"wp","href":"https:\/\/api.w.org\/{rel}","templated":true}]}}