{"id":117940,"date":"2020-09-27T11:40:14","date_gmt":"2020-09-27T09:40:14","guid":{"rendered":"http:\/\/www.bellunopress.it\/?p=117940"},"modified":"2020-09-27T11:40:14","modified_gmt":"2020-09-27T09:40:14","slug":"sanita-preoccupazione-per-il-futuro-dellospedale-san-martino-di-belluno-di-roberto-de-moliner","status":"publish","type":"post","link":"https:\/\/www.bellunopress.it\/fr\/2020\/09\/27\/sanita-preoccupazione-per-il-futuro-dellospedale-san-martino-di-belluno-di-roberto-de-moliner\/","title":{"rendered":"Sanit\u00e0. Preoccupazione per il futuro dell&#8217;ospedale San Martino di Belluno.  * di Roberto De Moliner"},"content":{"rendered":"<figure id=\"attachment_24322\" aria-describedby=\"caption-attachment-24322\" style=\"width: 128px\" class=\"wp-caption alignleft\"><a href=\"http:\/\/www.bellunopress.it\/fr\/2011\/02\/27\/strada-monte-terne-peggiorata-dopo-lintervento-di-manutenzione-linterrogazione-di-roberto-de-moliner\/de-moliner-roberto\/\" rel=\"attachment wp-att-24322\"><img loading=\"lazy\" decoding=\"async\" class=\"size-full wp-image-24322\" src=\"http:\/\/www.bellunopress.it\/wp-content\/uploads\/2011\/02\/de-moliner-roberto.jpg\" alt=\"\" width=\"128\" height=\"150\" \/><\/a><figcaption id=\"caption-attachment-24322\" class=\"wp-caption-text\">Roberto De Moliner<\/figcaption><\/figure>\n<p>Terminata la campagna elettorale, ricca come sempre di promesse da parte delle forze che governano la nostra Regione, in un contesto economi attuale i temi affrontati quali, sanit\u00e0, autonomia, scuola, lavoro, viabilit\u00e0 e mobilit\u00e0, territorio e turismo, devono essere affrontati in modo concreto e determinato in quanto, il miglioramento di questi settori, che riteniamo strategici, concorrono a garantire pari opportunit\u00e0 in termini di servizi e vivibilit\u00e0 ai cittadini di Belluno e dell\u2019intera Provincia, come a chi abita in pianura, ora, pertanto dopo tanti proclami elettorali, pretendiamo che siano affrontati in modo serio e fattivo. Non accettiamo, come \u00e8 avvenuto nei cinque anni precedenti, che a elezioni terminate e aver incassato i voti, queste vengano riposte nel dimenticatoio o affrontate in termini minimali.<br \/>\nA destare la maggiore preoccupazione tra tutti questi, \u00e8 la situazione in cui versa l\u2019ospedale San Martino, ospedale di riferimento per l\u2019intera Provincia, divenuto all\u2019indomani della pandemia ospedale covid, unico caso in tutta la regione se non a livello nazionale, dove parte dei servizi sono stai trasferiti in altre sedi , indebolendo ulteriormente quel ruolo centrale previsto nelle schede ospedaliere.<br \/>\nIn questa situazione si aggiunge l\u2019atavica carenza di personale medico e infermieristico, ai quali vanno i nostri ringraziamenti per il lavoro che svolgono tutti i giorni e in pandemia tra mille difficolt\u00e0 per assicurarci un servizio sanitario adeguato alla luce delle condizioni in cui devono operare.<br \/>\nOggi siamo di fronte all\u2019ennesima fuga dal San Martino di medici, altre a quanto pare si preannunciano, a questo si aggiunge il mancato sviluppo di discipline importanti che determinerebbero un maggior livello qualitativo della struttura e dell\u2019intera offerta sanitaria, di fatto questa situazione di \u201csmantellamento\u201d non favorisce l\u2019arrivo di nuovi medici, tutti elementi che sono fonte di preoccupazione e che denunciamo con fermezza.<br \/>\nRiteniamo necessario e impellente un radicale cambiamento della sanit\u00e0 bellunese attraverso l\u2019attuazione di una vera sanit\u00e0 policentrica elevando offerta e qualit\u00e0 rispetto all\u2019attuale, assicurando a tutti i cittadini bellunesi un servizio adeguato e di primo soccorso pubblico sul territorio, potenziando nel contempo il servizio sanitario territoriale, favorire, e non limitare come oggi accade, la creazione di nuove strutture di medicina integrate di base, tutto questo \u00e8 possible, basta deciderlo, \u00e8 ora di smetterla di nascondersi dietro le difficolt\u00e0 finanziarie che riguardano solo il nostro territorio e non vale per altri, evidenziamo che con l\u2019eventuale richiesta del MES, che noi confermiamo, sul quale la Lega \u00e8 contraria, potrebbero essere messi a disposizione della Regione ulteriori due miliardi di Euro che se ben investiti ridisegnerebbero sia la sanit\u00e0 veneta che bellunese, dando cos\u00ec risposte concrete e di qualit\u00e0 elevando nel contempo il servizio ospedaliero e territoriale con la conseguenza di ridurre la necessit\u00e0 di recarsi in pianura.<br \/>\nIl San Martino deve assumere nuovamente il ruolo centrale nel sistema policentrico, mantenendo il rapporto sinergico con l\u2019ospedale di Feltre e quelli esterni, riteniamo inoltre, che in un contesto in cui Zaia e la Lega avanzano la richiesta di Autonomia dei territori, la logica conseguenza debba essere che la nomina dei dirigenti debba essere trasferita alla conferenza dei Sindaci, ossia ai territori, e non fatta dal Presidente della Regione come avviene oggi.<br \/>\nAltro tema l\u2019Autonomia, assistiamo ad una posizione assurda da parte della Lega e Zaia, chiedono l\u2019Autonomia a Roma in virt\u00f9 del referendum del 22 ottobre 2017, quel giorno abbiamo votato anche noi per l\u2019Autonomia della nostra Provincia dove ha visto la maggioranza dei consensi, ma non ci riconoscono l\u2019Autonomia prevista dallo Statuto della Regione all\u2019articolo 15.<br \/>\nDifatti, lo statuto della Regione, art. 15, riconosce una particolare forma di Autonomia per la nostra Provincia, e per attuarla successivamente \u00e8 stata approvata la legge 25\/14, legge mai applicata, di cui noi abbiamo chiesto e chiediamo nuovamente che venga finanziata e resa operativa.<br \/>\nZaia accusa il Governo che il mancato riconoscimento dell\u2019Autonomia \u00e8 determinate dalla volont\u00e0 di non voler perdere potere, crediamo che la stessa accusa vada rivolta anche nei suoi confronti in merito alla nostra Autonomia, si vuole giustamente il decentramento a livello nazionale ma nel contempo non lo si vuole mantenere, se non rafforzare l\u2019accentramento dei poteri.<br \/>\nE\u2019 ora di smetterla di prendere in giro i Bellunesi, se ci si crede veramente nell\u2019Autonomia lo si realizza in casa propria, prima di chiederlo altrove, l\u2019attuazione della legge 25\/14 l\u2019abbiamo chiesta prima, in campagna elettorale e continueremo a farlo con determinatezza fin tanto che questa non ci sar\u00e0 riconosciuta.<\/p>\n<p>Belluno 26 settembre 2020.<br \/>\nIl segretario del Pd Belluno<br \/>\nRoberto De Moliner.<\/p>","protected":false},"excerpt":{"rendered":"<p>Terminata la campagna elettorale, ricca come sempre di promesse da parte delle forze che governano la nostra Regione, in un contesto economi attuale i temi affrontati quali, sanit\u00e0, autonomia, scuola, lavoro, viabilit\u00e0 e mobilit\u00e0, territorio e turismo, devono essere affrontati in modo concreto e determinato in quanto, il miglioramento di questi settori, che riteniamo strategici, [&hellip;]<\/p>\n","protected":false},"author":2,"featured_media":112649,"comment_status":"closed","ping_status":"open","sticky":false,"template":"","format":"standard","meta":{"footnotes":""},"categories":[5,26,17],"tags":[],"class_list":["post-117940","post","type-post","status-publish","format-standard","has-post-thumbnail","category-cronaca","category-prima-pagina","category-sanita"],"yoast_head":"<!-- This site is optimized with the Yoast SEO plugin v28.4 - https:\/\/yoast.com\/product\/yoast-seo-wordpress\/ -->\n<title>Sanit\u00e0. Preoccupazione per il futuro dell&#039;ospedale San Martino di Belluno. * di Roberto De Moliner - Bellunopress - Dolomiti<\/title>\n<meta name=\"robots\" content=\"index, follow, max-snippet:-1, max-image-preview:large, max-video-preview:-1\" \/>\n<link rel=\"canonical\" href=\"https:\/\/www.bellunopress.it\/fr\/2020\/09\/27\/sanita-preoccupazione-per-il-futuro-dellospedale-san-martino-di-belluno-di-roberto-de-moliner\/\" \/>\n<meta property=\"og:locale\" content=\"fr_FR\" \/>\n<meta property=\"og:type\" content=\"article\" \/>\n<meta property=\"og:title\" content=\"Sanit\u00e0. Preoccupazione per il futuro dell&#039;ospedale San Martino di Belluno. * di Roberto De Moliner - Bellunopress - Dolomiti\" \/>\n<meta property=\"og:description\" content=\"Terminata la campagna elettorale, ricca come sempre di promesse da parte delle forze che governano la nostra Regione, in un contesto economi attuale i temi affrontati quali, sanit\u00e0, autonomia, scuola, lavoro, viabilit\u00e0 e mobilit\u00e0, territorio e turismo, devono essere affrontati in modo concreto e determinato in quanto, il miglioramento di questi settori, che riteniamo strategici, [&hellip;]\" \/>\n<meta property=\"og:url\" content=\"https:\/\/www.bellunopress.it\/fr\/2020\/09\/27\/sanita-preoccupazione-per-il-futuro-dellospedale-san-martino-di-belluno-di-roberto-de-moliner\/\" \/>\n<meta property=\"og:site_name\" content=\"Bellunopress - Dolomiti\" \/>\n<meta property=\"article:publisher\" content=\"https:\/\/www.facebook.com\/profile.php?id=100008943462799\" \/>\n<meta property=\"article:published_time\" content=\"2020-09-27T09:40:14+00:00\" \/>\n<meta property=\"og:image\" content=\"https:\/\/www.bellunopress.it\/wp-content\/uploads\/2020\/03\/ospedale-pronto-soccorso.jpg\" \/>\n\t<meta property=\"og:image:width\" content=\"900\" \/>\n\t<meta property=\"og:image:height\" content=\"707\" \/>\n\t<meta property=\"og:image:type\" content=\"image\/jpeg\" \/>\n<meta name=\"author\" content=\"redazione\" \/>\n<meta name=\"twitter:card\" content=\"summary_large_image\" \/>\n<meta name=\"twitter:creator\" content=\"@bellunopress\" \/>\n<meta name=\"twitter:site\" content=\"@bellunopress\" \/>\n<meta name=\"twitter:label1\" content=\"\u00c9crit par\" \/>\n\t<meta name=\"twitter:data1\" content=\"redazione\" \/>\n\t<meta name=\"twitter:label2\" content=\"Dur\u00e9e de lecture estim\u00e9e\" \/>\n\t<meta name=\"twitter:data2\" content=\"4 minutes\" \/>\n<script type=\"application\/ld+json\" class=\"yoast-schema-graph\">{\"@context\":\"https:\\\/\\\/schema.org\",\"@graph\":[{\"@type\":\"Article\",\"@id\":\"https:\\\/\\\/www.bellunopress.it\\\/2020\\\/09\\\/27\\\/sanita-preoccupazione-per-il-futuro-dellospedale-san-martino-di-belluno-di-roberto-de-moliner\\\/#article\",\"isPartOf\":{\"@id\":\"https:\\\/\\\/www.bellunopress.it\\\/2020\\\/09\\\/27\\\/sanita-preoccupazione-per-il-futuro-dellospedale-san-martino-di-belluno-di-roberto-de-moliner\\\/\"},\"author\":{\"name\":\"redazione\",\"@id\":\"https:\\\/\\\/www.bellunopress.it\\\/#\\\/schema\\\/person\\\/79bb06722b37ece1c03d3e94beb30d73\"},\"headline\":\"Sanit\u00e0. Preoccupazione per il futuro dell&#8217;ospedale San Martino di Belluno. * di Roberto De Moliner\",\"datePublished\":\"2020-09-27T09:40:14+00:00\",\"mainEntityOfPage\":{\"@id\":\"https:\\\/\\\/www.bellunopress.it\\\/2020\\\/09\\\/27\\\/sanita-preoccupazione-per-il-futuro-dellospedale-san-martino-di-belluno-di-roberto-de-moliner\\\/\"},\"wordCount\":767,\"publisher\":{\"@id\":\"https:\\\/\\\/www.bellunopress.it\\\/#organization\"},\"image\":{\"@id\":\"https:\\\/\\\/www.bellunopress.it\\\/2020\\\/09\\\/27\\\/sanita-preoccupazione-per-il-futuro-dellospedale-san-martino-di-belluno-di-roberto-de-moliner\\\/#primaryimage\"},\"thumbnailUrl\":\"https:\\\/\\\/www.bellunopress.it\\\/wp-content\\\/uploads\\\/2020\\\/03\\\/ospedale-pronto-soccorso.jpg\",\"articleSection\":[\"Cronaca\\\/Politica\",\"Prima Pagina\",\"Sanit\u00e0 Medicina\"],\"inLanguage\":\"fr-FR\"},{\"@type\":\"WebPage\",\"@id\":\"https:\\\/\\\/www.bellunopress.it\\\/2020\\\/09\\\/27\\\/sanita-preoccupazione-per-il-futuro-dellospedale-san-martino-di-belluno-di-roberto-de-moliner\\\/\",\"url\":\"https:\\\/\\\/www.bellunopress.it\\\/2020\\\/09\\\/27\\\/sanita-preoccupazione-per-il-futuro-dellospedale-san-martino-di-belluno-di-roberto-de-moliner\\\/\",\"name\":\"Sanit\u00e0. Preoccupazione per il futuro dell'ospedale San Martino di Belluno. * di Roberto De Moliner - Bellunopress - Dolomiti\",\"isPartOf\":{\"@id\":\"https:\\\/\\\/www.bellunopress.it\\\/#website\"},\"primaryImageOfPage\":{\"@id\":\"https:\\\/\\\/www.bellunopress.it\\\/2020\\\/09\\\/27\\\/sanita-preoccupazione-per-il-futuro-dellospedale-san-martino-di-belluno-di-roberto-de-moliner\\\/#primaryimage\"},\"image\":{\"@id\":\"https:\\\/\\\/www.bellunopress.it\\\/2020\\\/09\\\/27\\\/sanita-preoccupazione-per-il-futuro-dellospedale-san-martino-di-belluno-di-roberto-de-moliner\\\/#primaryimage\"},\"thumbnailUrl\":\"https:\\\/\\\/www.bellunopress.it\\\/wp-content\\\/uploads\\\/2020\\\/03\\\/ospedale-pronto-soccorso.jpg\",\"datePublished\":\"2020-09-27T09:40:14+00:00\",\"breadcrumb\":{\"@id\":\"https:\\\/\\\/www.bellunopress.it\\\/2020\\\/09\\\/27\\\/sanita-preoccupazione-per-il-futuro-dellospedale-san-martino-di-belluno-di-roberto-de-moliner\\\/#breadcrumb\"},\"inLanguage\":\"fr-FR\",\"potentialAction\":[{\"@type\":\"ReadAction\",\"target\":[\"https:\\\/\\\/www.bellunopress.it\\\/2020\\\/09\\\/27\\\/sanita-preoccupazione-per-il-futuro-dellospedale-san-martino-di-belluno-di-roberto-de-moliner\\\/\"]}]},{\"@type\":\"ImageObject\",\"inLanguage\":\"fr-FR\",\"@id\":\"https:\\\/\\\/www.bellunopress.it\\\/2020\\\/09\\\/27\\\/sanita-preoccupazione-per-il-futuro-dellospedale-san-martino-di-belluno-di-roberto-de-moliner\\\/#primaryimage\",\"url\":\"https:\\\/\\\/www.bellunopress.it\\\/wp-content\\\/uploads\\\/2020\\\/03\\\/ospedale-pronto-soccorso.jpg\",\"contentUrl\":\"https:\\\/\\\/www.bellunopress.it\\\/wp-content\\\/uploads\\\/2020\\\/03\\\/ospedale-pronto-soccorso.jpg\",\"width\":900,\"height\":707,\"caption\":\"Ospedale \\\"San Martino\\\" di Belluno\"},{\"@type\":\"BreadcrumbList\",\"@id\":\"https:\\\/\\\/www.bellunopress.it\\\/2020\\\/09\\\/27\\\/sanita-preoccupazione-per-il-futuro-dellospedale-san-martino-di-belluno-di-roberto-de-moliner\\\/#breadcrumb\",\"itemListElement\":[{\"@type\":\"ListItem\",\"position\":1,\"name\":\"Home\",\"item\":\"https:\\\/\\\/www.bellunopress.it\\\/\"},{\"@type\":\"ListItem\",\"position\":2,\"name\":\"Sanit\u00e0. Preoccupazione per il futuro dell&#8217;ospedale San Martino di Belluno. * di Roberto De Moliner\"}]},{\"@type\":\"WebSite\",\"@id\":\"https:\\\/\\\/www.bellunopress.it\\\/#website\",\"url\":\"https:\\\/\\\/www.bellunopress.it\\\/\",\"name\":\"Bellunopress - Dolomiti\",\"description\":\"e-mail: redazione@bellunopress.it\",\"publisher\":{\"@id\":\"https:\\\/\\\/www.bellunopress.it\\\/#organization\"},\"potentialAction\":[{\"@type\":\"SearchAction\",\"target\":{\"@type\":\"EntryPoint\",\"urlTemplate\":\"https:\\\/\\\/www.bellunopress.it\\\/?s={search_term_string}\"},\"query-input\":{\"@type\":\"PropertyValueSpecification\",\"valueRequired\":true,\"valueName\":\"search_term_string\"}}],\"inLanguage\":\"fr-FR\"},{\"@type\":\"Organization\",\"@id\":\"https:\\\/\\\/www.bellunopress.it\\\/#organization\",\"name\":\"Bellunopress\",\"url\":\"https:\\\/\\\/www.bellunopress.it\\\/\",\"logo\":{\"@type\":\"ImageObject\",\"inLanguage\":\"fr-FR\",\"@id\":\"https:\\\/\\\/www.bellunopress.it\\\/#\\\/schema\\\/logo\\\/image\\\/\",\"url\":\"https:\\\/\\\/www.bellunopress.it\\\/wp-content\\\/uploads\\\/2011\\\/05\\\/cropped-logo-bellunopress-.jpg\",\"contentUrl\":\"https:\\\/\\\/www.bellunopress.it\\\/wp-content\\\/uploads\\\/2011\\\/05\\\/cropped-logo-bellunopress-.jpg\",\"width\":512,\"height\":512,\"caption\":\"Bellunopress\"},\"image\":{\"@id\":\"https:\\\/\\\/www.bellunopress.it\\\/#\\\/schema\\\/logo\\\/image\\\/\"},\"sameAs\":[\"https:\\\/\\\/www.facebook.com\\\/profile.php?id=100008943462799\",\"https:\\\/\\\/x.com\\\/bellunopress\",\"https:\\\/\\\/www.linkedin.com\\\/hp\\\/?dnr=JBzUWaJfMUw8vbXJJ2tVW5-I3jZKvC4wsoxE&amp;amp;amp;amp;amp;amp;trk=nav_responsive_tab_home\",\"https:\\\/\\\/www.youtube.com\\\/channel\\\/UCxL0wu1uN0_3_7hGG0306cw\"]},{\"@type\":\"Person\",\"@id\":\"https:\\\/\\\/www.bellunopress.it\\\/#\\\/schema\\\/person\\\/79bb06722b37ece1c03d3e94beb30d73\",\"name\":\"redazione\",\"image\":{\"@type\":\"ImageObject\",\"inLanguage\":\"fr-FR\",\"@id\":\"https:\\\/\\\/secure.gravatar.com\\\/avatar\\\/37d968a2e67a6fd04c169c4bdef102d0bc5d31b2546345219e348575eb80e9a0?s=96&d=mm&r=g\",\"url\":\"https:\\\/\\\/secure.gravatar.com\\\/avatar\\\/37d968a2e67a6fd04c169c4bdef102d0bc5d31b2546345219e348575eb80e9a0?s=96&d=mm&r=g\",\"contentUrl\":\"https:\\\/\\\/secure.gravatar.com\\\/avatar\\\/37d968a2e67a6fd04c169c4bdef102d0bc5d31b2546345219e348575eb80e9a0?s=96&d=mm&r=g\",\"caption\":\"redazione\"},\"sameAs\":[\"http:\\\/\\\/www.bellunopress.it\",\"https:\\\/\\\/x.com\\\/bellunopress\"],\"url\":\"https:\\\/\\\/www.bellunopress.it\\\/fr\\\/author\\\/redazione\\\/\"}]}<\/script>\n<!-- \/ Yoast SEO plugin. -->","yoast_head_json":{"title":"Sanit\u00e0. Preoccupazione per il futuro dell'ospedale San Martino di Belluno. * di Roberto De Moliner - Bellunopress - Dolomiti","robots":{"index":"index","follow":"follow","max-snippet":"max-snippet:-1","max-image-preview":"max-image-preview:large","max-video-preview":"max-video-preview:-1"},"canonical":"https:\/\/www.bellunopress.it\/fr\/2020\/09\/27\/sanita-preoccupazione-per-il-futuro-dellospedale-san-martino-di-belluno-di-roberto-de-moliner\/","og_locale":"fr_FR","og_type":"article","og_title":"Sanit\u00e0. Preoccupazione per il futuro dell'ospedale San Martino di Belluno. * di Roberto De Moliner - Bellunopress - Dolomiti","og_description":"Terminata la campagna elettorale, ricca come sempre di promesse da parte delle forze che governano la nostra Regione, in un contesto economi attuale i temi affrontati quali, sanit\u00e0, autonomia, scuola, lavoro, viabilit\u00e0 e mobilit\u00e0, territorio e turismo, devono essere affrontati in modo concreto e determinato in quanto, il miglioramento di questi settori, che riteniamo strategici, [&hellip;]","og_url":"https:\/\/www.bellunopress.it\/fr\/2020\/09\/27\/sanita-preoccupazione-per-il-futuro-dellospedale-san-martino-di-belluno-di-roberto-de-moliner\/","og_site_name":"Bellunopress - Dolomiti","article_publisher":"https:\/\/www.facebook.com\/profile.php?id=100008943462799","article_published_time":"2020-09-27T09:40:14+00:00","og_image":[{"width":900,"height":707,"url":"https:\/\/www.bellunopress.it\/wp-content\/uploads\/2020\/03\/ospedale-pronto-soccorso.jpg","type":"image\/jpeg"}],"author":"redazione","twitter_card":"summary_large_image","twitter_creator":"@bellunopress","twitter_site":"@bellunopress","twitter_misc":{"\u00c9crit par":"redazione","Dur\u00e9e de lecture estim\u00e9e":"4 minutes"},"schema":{"@context":"https:\/\/schema.org","@graph":[{"@type":"Article","@id":"https:\/\/www.bellunopress.it\/2020\/09\/27\/sanita-preoccupazione-per-il-futuro-dellospedale-san-martino-di-belluno-di-roberto-de-moliner\/#article","isPartOf":{"@id":"https:\/\/www.bellunopress.it\/2020\/09\/27\/sanita-preoccupazione-per-il-futuro-dellospedale-san-martino-di-belluno-di-roberto-de-moliner\/"},"author":{"name":"redazione","@id":"https:\/\/www.bellunopress.it\/#\/schema\/person\/79bb06722b37ece1c03d3e94beb30d73"},"headline":"Sanit\u00e0. Preoccupazione per il futuro dell&#8217;ospedale San Martino di Belluno. * di Roberto De Moliner","datePublished":"2020-09-27T09:40:14+00:00","mainEntityOfPage":{"@id":"https:\/\/www.bellunopress.it\/2020\/09\/27\/sanita-preoccupazione-per-il-futuro-dellospedale-san-martino-di-belluno-di-roberto-de-moliner\/"},"wordCount":767,"publisher":{"@id":"https:\/\/www.bellunopress.it\/#organization"},"image":{"@id":"https:\/\/www.bellunopress.it\/2020\/09\/27\/sanita-preoccupazione-per-il-futuro-dellospedale-san-martino-di-belluno-di-roberto-de-moliner\/#primaryimage"},"thumbnailUrl":"https:\/\/www.bellunopress.it\/wp-content\/uploads\/2020\/03\/ospedale-pronto-soccorso.jpg","articleSection":["Cronaca\/Politica","Prima Pagina","Sanit\u00e0 Medicina"],"inLanguage":"fr-FR"},{"@type":"WebPage","@id":"https:\/\/www.bellunopress.it\/2020\/09\/27\/sanita-preoccupazione-per-il-futuro-dellospedale-san-martino-di-belluno-di-roberto-de-moliner\/","url":"https:\/\/www.bellunopress.it\/2020\/09\/27\/sanita-preoccupazione-per-il-futuro-dellospedale-san-martino-di-belluno-di-roberto-de-moliner\/","name":"Sanit\u00e0. Preoccupazione per il futuro dell'ospedale San Martino di Belluno. * di Roberto De Moliner - Bellunopress - Dolomiti","isPartOf":{"@id":"https:\/\/www.bellunopress.it\/#website"},"primaryImageOfPage":{"@id":"https:\/\/www.bellunopress.it\/2020\/09\/27\/sanita-preoccupazione-per-il-futuro-dellospedale-san-martino-di-belluno-di-roberto-de-moliner\/#primaryimage"},"image":{"@id":"https:\/\/www.bellunopress.it\/2020\/09\/27\/sanita-preoccupazione-per-il-futuro-dellospedale-san-martino-di-belluno-di-roberto-de-moliner\/#primaryimage"},"thumbnailUrl":"https:\/\/www.bellunopress.it\/wp-content\/uploads\/2020\/03\/ospedale-pronto-soccorso.jpg","datePublished":"2020-09-27T09:40:14+00:00","breadcrumb":{"@id":"https:\/\/www.bellunopress.it\/2020\/09\/27\/sanita-preoccupazione-per-il-futuro-dellospedale-san-martino-di-belluno-di-roberto-de-moliner\/#breadcrumb"},"inLanguage":"fr-FR","potentialAction":[{"@type":"ReadAction","target":["https:\/\/www.bellunopress.it\/2020\/09\/27\/sanita-preoccupazione-per-il-futuro-dellospedale-san-martino-di-belluno-di-roberto-de-moliner\/"]}]},{"@type":"ImageObject","inLanguage":"fr-FR","@id":"https:\/\/www.bellunopress.it\/2020\/09\/27\/sanita-preoccupazione-per-il-futuro-dellospedale-san-martino-di-belluno-di-roberto-de-moliner\/#primaryimage","url":"https:\/\/www.bellunopress.it\/wp-content\/uploads\/2020\/03\/ospedale-pronto-soccorso.jpg","contentUrl":"https:\/\/www.bellunopress.it\/wp-content\/uploads\/2020\/03\/ospedale-pronto-soccorso.jpg","width":900,"height":707,"caption":"Ospedale \"San Martino\" di Belluno"},{"@type":"BreadcrumbList","@id":"https:\/\/www.bellunopress.it\/2020\/09\/27\/sanita-preoccupazione-per-il-futuro-dellospedale-san-martino-di-belluno-di-roberto-de-moliner\/#breadcrumb","itemListElement":[{"@type":"ListItem","position":1,"name":"Home","item":"https:\/\/www.bellunopress.it\/"},{"@type":"ListItem","position":2,"name":"Sanit\u00e0. Preoccupazione per il futuro dell&#8217;ospedale San Martino di Belluno. * di Roberto De Moliner"}]},{"@type":"WebSite","@id":"https:\/\/www.bellunopress.it\/#website","url":"https:\/\/www.bellunopress.it\/","name":"Bellunopress - Dolomiti","description":"e-mail: redazione@bellunopress.it","publisher":{"@id":"https:\/\/www.bellunopress.it\/#organization"},"potentialAction":[{"@type":"SearchAction","target":{"@type":"EntryPoint","urlTemplate":"https:\/\/www.bellunopress.it\/?s={search_term_string}"},"query-input":{"@type":"PropertyValueSpecification","valueRequired":true,"valueName":"search_term_string"}}],"inLanguage":"fr-FR"},{"@type":"Organization","@id":"https:\/\/www.bellunopress.it\/#organization","name":"Bellunopress","url":"https:\/\/www.bellunopress.it\/","logo":{"@type":"ImageObject","inLanguage":"fr-FR","@id":"https:\/\/www.bellunopress.it\/#\/schema\/logo\/image\/","url":"https:\/\/www.bellunopress.it\/wp-content\/uploads\/2011\/05\/cropped-logo-bellunopress-.jpg","contentUrl":"https:\/\/www.bellunopress.it\/wp-content\/uploads\/2011\/05\/cropped-logo-bellunopress-.jpg","width":512,"height":512,"caption":"Bellunopress"},"image":{"@id":"https:\/\/www.bellunopress.it\/#\/schema\/logo\/image\/"},"sameAs":["https:\/\/www.facebook.com\/profile.php?id=100008943462799","https:\/\/x.com\/bellunopress","https:\/\/www.linkedin.com\/hp\/?dnr=JBzUWaJfMUw8vbXJJ2tVW5-I3jZKvC4wsoxE&amp;amp;amp;amp;amp;amp;trk=nav_responsive_tab_home","https:\/\/www.youtube.com\/channel\/UCxL0wu1uN0_3_7hGG0306cw"]},{"@type":"Person","@id":"https:\/\/www.bellunopress.it\/#\/schema\/person\/79bb06722b37ece1c03d3e94beb30d73","name":"r\u00e9daction","image":{"@type":"ImageObject","inLanguage":"fr-FR","@id":"https:\/\/secure.gravatar.com\/avatar\/37d968a2e67a6fd04c169c4bdef102d0bc5d31b2546345219e348575eb80e9a0?s=96&d=mm&r=g","url":"https:\/\/secure.gravatar.com\/avatar\/37d968a2e67a6fd04c169c4bdef102d0bc5d31b2546345219e348575eb80e9a0?s=96&d=mm&r=g","contentUrl":"https:\/\/secure.gravatar.com\/avatar\/37d968a2e67a6fd04c169c4bdef102d0bc5d31b2546345219e348575eb80e9a0?s=96&d=mm&r=g","caption":"redazione"},"sameAs":["http:\/\/www.bellunopress.it","https:\/\/x.com\/bellunopress"],"url":"https:\/\/www.bellunopress.it\/fr\/author\/redazione\/"}]}},"_links":{"self":[{"href":"https:\/\/www.bellunopress.it\/fr\/wp-json\/wp\/v2\/posts\/117940","targetHints":{"allow":["GET"]}}],"collection":[{"href":"https:\/\/www.bellunopress.it\/fr\/wp-json\/wp\/v2\/posts"}],"about":[{"href":"https:\/\/www.bellunopress.it\/fr\/wp-json\/wp\/v2\/types\/post"}],"author":[{"embeddable":true,"href":"https:\/\/www.bellunopress.it\/fr\/wp-json\/wp\/v2\/users\/2"}],"replies":[{"embeddable":true,"href":"https:\/\/www.bellunopress.it\/fr\/wp-json\/wp\/v2\/comments?post=117940"}],"version-history":[{"count":1,"href":"https:\/\/www.bellunopress.it\/fr\/wp-json\/wp\/v2\/posts\/117940\/revisions"}],"predecessor-version":[{"id":117941,"href":"https:\/\/www.bellunopress.it\/fr\/wp-json\/wp\/v2\/posts\/117940\/revisions\/117941"}],"wp:featuredmedia":[{"embeddable":true,"href":"https:\/\/www.bellunopress.it\/fr\/wp-json\/wp\/v2\/media\/112649"}],"wp:attachment":[{"href":"https:\/\/www.bellunopress.it\/fr\/wp-json\/wp\/v2\/media?parent=117940"}],"wp:term":[{"taxonomy":"category","embeddable":true,"href":"https:\/\/www.bellunopress.it\/fr\/wp-json\/wp\/v2\/categories?post=117940"},{"taxonomy":"post_tag","embeddable":true,"href":"https:\/\/www.bellunopress.it\/fr\/wp-json\/wp\/v2\/tags?post=117940"}],"curies":[{"name":"wp","href":"https:\/\/api.w.org\/{rel}","templated":true}]}}