{"id":117938,"date":"2020-09-26T21:53:34","date_gmt":"2020-09-26T19:53:34","guid":{"rendered":"http:\/\/www.bellunopress.it\/?p=117938"},"modified":"2020-09-26T21:53:34","modified_gmt":"2020-09-26T19:53:34","slug":"crescono-gli-iscritti-al-5-dolomiti-rally","status":"publish","type":"post","link":"https:\/\/www.bellunopress.it\/fr\/2020\/09\/26\/crescono-gli-iscritti-al-5-dolomiti-rally\/","title":{"rendered":"Crescono gli iscritti al 5\u00b0 Dolomiti Rally"},"content":{"rendered":"<figure id=\"attachment_114962\" aria-describedby=\"caption-attachment-114962\" style=\"width: 800px\" class=\"wp-caption alignleft\"><a href=\"http:\/\/www.bellunopress.it\/fr\/2020\/06\/08\/il-10-e-11-ottobre-si-corre-il-dolomiti-rally\/dolomiti-rally-vincitori-2019-signor-bernardi_edited\/\" rel=\"attachment wp-att-114962\"><img loading=\"lazy\" decoding=\"async\" class=\"size-full wp-image-114962\" src=\"http:\/\/www.bellunopress.it\/wp-content\/uploads\/2020\/06\/Dolomiti-Rally-Vincitori-2019-Signor-Bernardi_edited.jpg\" alt=\"\" width=\"800\" height=\"494\" srcset=\"https:\/\/www.bellunopress.it\/wp-content\/uploads\/2020\/06\/Dolomiti-Rally-Vincitori-2019-Signor-Bernardi_edited.jpg 800w, https:\/\/www.bellunopress.it\/wp-content\/uploads\/2020\/06\/Dolomiti-Rally-Vincitori-2019-Signor-Bernardi_edited-500x309.jpg 500w, https:\/\/www.bellunopress.it\/wp-content\/uploads\/2020\/06\/Dolomiti-Rally-Vincitori-2019-Signor-Bernardi_edited-696x430.jpg 696w, https:\/\/www.bellunopress.it\/wp-content\/uploads\/2020\/06\/Dolomiti-Rally-Vincitori-2019-Signor-Bernardi_edited-680x420.jpg 680w, https:\/\/www.bellunopress.it\/wp-content\/uploads\/2020\/06\/Dolomiti-Rally-Vincitori-2019-Signor-Bernardi_edited-356x220.jpg 356w\" sizes=\"auto, (max-width: 800px) 100vw, 800px\" \/><\/a><figcaption id=\"caption-attachment-114962\" class=\"wp-caption-text\">Dolomiti Rally: vincitori 2019 Signor- Bernardi<\/figcaption><\/figure>\n<p>A cinque giorni dalla chiusura delle iscrizioni, fissata alla mezzanotte di mercoled\u00ec 30 settembre prossimo, \u00e8 gi\u00e0 salito a 56 il numero degli equipaggi iscritti al 5\u00b0 Dolomiti Rally, la gara valida per la 4^ zona della Coppa Rally di Aci Sport, in programma i prossimi 10 e 11 ottobre, con partenza ed arrivo ad Agordo, cuore delle Dolomiti e \u201cPaese dei graffiti\u201d. La segreteria della Dolomiti Racing Motorsport ASD, il sodalizio organizzatore presieduto da Mauro Riva, ha perfezionato l\u2019iscrizione dell\u2019evento agordino nel calendario Enpea, cos\u00ec da favorire le richieste di iscrizione pervenute da concorrenti stranieri, in particolare dalla Slovenia e dalla Repubblica Ceca.<br \/>\nNel novero degli equipaggi iscritti, in classe R5 spiccano l\u2019udinese Filippo Bravi, con Enrico<br \/>\nBertoldi; il bellunese Sandro Casanova, con Angelo Osvaldini, su Ford Fiesta; il veronese Tiziano Stizzoli, con Simone Anselmi, su Peugeot 208; fra le vetture Super 1600 si annuncia godibile la sfida fra la Citroen C2 Vts di Andrea Stizzoli-Federico Migliorini e le cinque Renault Clio di Christian Toscana-Enrico Tessaro, Ivano Pasquini-Barbara Melesi, Alessandro BeltraminiStefano Peressutti, Paolo Milani-Denis Ghislini e Rudi Bulfon-Stefano Lovisa.<\/p>\n<p>Il 5\u00b0 Dolomiti Rally sar\u00e0 una gara \u201cgiovane\u201d: sono ben quattro gli equipaggi under 25 (Bergomi-Romano, Peugeot 106; Callegaro-Rosa, Suzuki Swift K10C; Ortis-De Cecco, Peugeot 106 16v; Sartor-Ascalone, Peugeot 208 Vti). A questi si aggiungono anche i piloti Manuel De Paoli e Marco Zortea e i navigatori Francesca Bonfaldini, Arianna Zanin, Arianna Michelutti, Allen Pianon, Samuele Cagnin, Denis Ghislini e Christian Ronzan. Due, invece, gli equipaggi femminili: Silvia FranchiniMichela Picchetti, su Peugeot 208 Vti R2B e Laura Callegaro-Jessica Rosa, su Suzuki Swift R1. In classe A6, con la Peugeot 106 S16, sar\u00e0 da seguire la gara dei portacolori dell\u2019Halley Racing Team Alex D\u2019Agostini e Matteo Magrin.<br \/>\nLa corsa che il 10 e 11 ottobre andr\u00e0 in scena nella fantastica cornice delle Dolomiti Agordine gode del patrocinio di Regione Veneto, Provincia di Belluno, Unione montana Agordina e dei Comuni di Agordo, Voltago, San Tomaso, Vallada, Rivamonte, Taibon, Cencenighe, Canale d\u2019Agordo e Falcade. L\u2019autentico \u201cfiore all\u2019occhiello\u201d del Dolomiti Racing Motorsport chiude la Coppa Rally di Zona e mette in palio punti pesantissimi per garantire ai migliori equipaggi delle varie classifiche di qualificarsi per la finale nazionale di Coppa Italia, in programma il 7 e 8 novembre in occasione del 35\u00b0 Rally di Como.<br \/>\nIl format della gara Bellunese permetter\u00e0 ai concorrenti di cimentarsi sui tracciati di tre prove speciali ormai divenute classiche: \u201cOltach\u201d, \u201cSan Tomas\u201d e \u201cValada\u201d, tutte da affrontare tre volte per un totale di 63,03 km su un tracciato complessivo di poco inferiore ai 200 km. Anche quest\u2019anno gli equipaggi avranno l\u2019opportunit\u00e0 di effettuare lo shakedown, il test pre-gara utile a verificare assetto ed affidabilit\u00e0 dei mezzi, che si svolger\u00e0 lungo un tratto di strada di 2,650 km, ricavato nel senso di marcia opposto a quello della ps \u201cOltach\u201d.<\/p>","protected":false},"excerpt":{"rendered":"<p>A cinque giorni dalla chiusura delle iscrizioni, fissata alla mezzanotte di mercoled\u00ec 30 settembre prossimo, \u00e8 gi\u00e0 salito a 56 il numero degli equipaggi iscritti al 5\u00b0 Dolomiti Rally, la gara valida per la 4^ zona della Coppa Rally di Aci Sport, in programma i prossimi 10 e 11 ottobre, con partenza ed arrivo ad [&hellip;]<\/p>\n","protected":false},"author":2,"featured_media":114962,"comment_status":"closed","ping_status":"open","sticky":false,"template":"","format":"standard","meta":{"footnotes":""},"categories":[25,4],"tags":[],"class_list":["post-117938","post","type-post","status-publish","format-standard","has-post-thumbnail","category-pausa-caffe","category-sport"],"yoast_head":"<!-- This site is optimized with the Yoast SEO plugin v28.4 - https:\/\/yoast.com\/product\/yoast-seo-wordpress\/ -->\n<title>Crescono gli iscritti al 5\u00b0 Dolomiti Rally - Bellunopress - Dolomiti<\/title>\n<meta name=\"robots\" content=\"index, follow, max-snippet:-1, max-image-preview:large, max-video-preview:-1\" \/>\n<link rel=\"canonical\" href=\"https:\/\/www.bellunopress.it\/fr\/2020\/09\/26\/crescono-gli-iscritti-al-5-dolomiti-rally\/\" \/>\n<meta property=\"og:locale\" content=\"fr_FR\" \/>\n<meta property=\"og:type\" content=\"article\" \/>\n<meta property=\"og:title\" content=\"Crescono gli iscritti al 5\u00b0 Dolomiti Rally - Bellunopress - Dolomiti\" \/>\n<meta property=\"og:description\" content=\"A cinque giorni dalla chiusura delle iscrizioni, fissata alla mezzanotte di mercoled\u00ec 30 settembre prossimo, \u00e8 gi\u00e0 salito a 56 il numero degli equipaggi iscritti al 5\u00b0 Dolomiti Rally, la gara valida per la 4^ zona della Coppa Rally di Aci Sport, in programma i prossimi 10 e 11 ottobre, con partenza ed arrivo ad [&hellip;]\" \/>\n<meta property=\"og:url\" content=\"https:\/\/www.bellunopress.it\/fr\/2020\/09\/26\/crescono-gli-iscritti-al-5-dolomiti-rally\/\" \/>\n<meta property=\"og:site_name\" content=\"Bellunopress - Dolomiti\" \/>\n<meta property=\"article:publisher\" content=\"https:\/\/www.facebook.com\/profile.php?id=100008943462799\" \/>\n<meta property=\"article:published_time\" content=\"2020-09-26T19:53:34+00:00\" \/>\n<meta property=\"og:image\" content=\"https:\/\/www.bellunopress.it\/wp-content\/uploads\/2020\/06\/Dolomiti-Rally-Vincitori-2019-Signor-Bernardi_edited.jpg\" \/>\n\t<meta property=\"og:image:width\" content=\"800\" \/>\n\t<meta property=\"og:image:height\" content=\"494\" \/>\n\t<meta property=\"og:image:type\" content=\"image\/jpeg\" \/>\n<meta name=\"author\" content=\"redazione\" \/>\n<meta name=\"twitter:card\" content=\"summary_large_image\" \/>\n<meta name=\"twitter:creator\" content=\"@bellunopress\" \/>\n<meta name=\"twitter:site\" content=\"@bellunopress\" \/>\n<meta name=\"twitter:label1\" content=\"\u00c9crit par\" \/>\n\t<meta name=\"twitter:data1\" content=\"redazione\" \/>\n\t<meta name=\"twitter:label2\" content=\"Dur\u00e9e de lecture estim\u00e9e\" \/>\n\t<meta name=\"twitter:data2\" content=\"2 minutes\" \/>\n<script type=\"application\/ld+json\" class=\"yoast-schema-graph\">{\"@context\":\"https:\\\/\\\/schema.org\",\"@graph\":[{\"@type\":\"Article\",\"@id\":\"https:\\\/\\\/www.bellunopress.it\\\/2020\\\/09\\\/26\\\/crescono-gli-iscritti-al-5-dolomiti-rally\\\/#article\",\"isPartOf\":{\"@id\":\"https:\\\/\\\/www.bellunopress.it\\\/2020\\\/09\\\/26\\\/crescono-gli-iscritti-al-5-dolomiti-rally\\\/\"},\"author\":{\"name\":\"redazione\",\"@id\":\"https:\\\/\\\/www.bellunopress.it\\\/#\\\/schema\\\/person\\\/79bb06722b37ece1c03d3e94beb30d73\"},\"headline\":\"Crescono gli iscritti al 5\u00b0 Dolomiti Rally\",\"datePublished\":\"2020-09-26T19:53:34+00:00\",\"mainEntityOfPage\":{\"@id\":\"https:\\\/\\\/www.bellunopress.it\\\/2020\\\/09\\\/26\\\/crescono-gli-iscritti-al-5-dolomiti-rally\\\/\"},\"wordCount\":475,\"publisher\":{\"@id\":\"https:\\\/\\\/www.bellunopress.it\\\/#organization\"},\"image\":{\"@id\":\"https:\\\/\\\/www.bellunopress.it\\\/2020\\\/09\\\/26\\\/crescono-gli-iscritti-al-5-dolomiti-rally\\\/#primaryimage\"},\"thumbnailUrl\":\"https:\\\/\\\/www.bellunopress.it\\\/wp-content\\\/uploads\\\/2020\\\/06\\\/Dolomiti-Rally-Vincitori-2019-Signor-Bernardi_edited.jpg\",\"articleSection\":[\"Pausa Caff\u00e8\",\"Sport, tempo libero\"],\"inLanguage\":\"fr-FR\"},{\"@type\":\"WebPage\",\"@id\":\"https:\\\/\\\/www.bellunopress.it\\\/2020\\\/09\\\/26\\\/crescono-gli-iscritti-al-5-dolomiti-rally\\\/\",\"url\":\"https:\\\/\\\/www.bellunopress.it\\\/2020\\\/09\\\/26\\\/crescono-gli-iscritti-al-5-dolomiti-rally\\\/\",\"name\":\"Crescono gli iscritti al 5\u00b0 Dolomiti Rally - Bellunopress - Dolomiti\",\"isPartOf\":{\"@id\":\"https:\\\/\\\/www.bellunopress.it\\\/#website\"},\"primaryImageOfPage\":{\"@id\":\"https:\\\/\\\/www.bellunopress.it\\\/2020\\\/09\\\/26\\\/crescono-gli-iscritti-al-5-dolomiti-rally\\\/#primaryimage\"},\"image\":{\"@id\":\"https:\\\/\\\/www.bellunopress.it\\\/2020\\\/09\\\/26\\\/crescono-gli-iscritti-al-5-dolomiti-rally\\\/#primaryimage\"},\"thumbnailUrl\":\"https:\\\/\\\/www.bellunopress.it\\\/wp-content\\\/uploads\\\/2020\\\/06\\\/Dolomiti-Rally-Vincitori-2019-Signor-Bernardi_edited.jpg\",\"datePublished\":\"2020-09-26T19:53:34+00:00\",\"breadcrumb\":{\"@id\":\"https:\\\/\\\/www.bellunopress.it\\\/2020\\\/09\\\/26\\\/crescono-gli-iscritti-al-5-dolomiti-rally\\\/#breadcrumb\"},\"inLanguage\":\"fr-FR\",\"potentialAction\":[{\"@type\":\"ReadAction\",\"target\":[\"https:\\\/\\\/www.bellunopress.it\\\/2020\\\/09\\\/26\\\/crescono-gli-iscritti-al-5-dolomiti-rally\\\/\"]}]},{\"@type\":\"ImageObject\",\"inLanguage\":\"fr-FR\",\"@id\":\"https:\\\/\\\/www.bellunopress.it\\\/2020\\\/09\\\/26\\\/crescono-gli-iscritti-al-5-dolomiti-rally\\\/#primaryimage\",\"url\":\"https:\\\/\\\/www.bellunopress.it\\\/wp-content\\\/uploads\\\/2020\\\/06\\\/Dolomiti-Rally-Vincitori-2019-Signor-Bernardi_edited.jpg\",\"contentUrl\":\"https:\\\/\\\/www.bellunopress.it\\\/wp-content\\\/uploads\\\/2020\\\/06\\\/Dolomiti-Rally-Vincitori-2019-Signor-Bernardi_edited.jpg\",\"width\":800,\"height\":494,\"caption\":\"Dolomiti Rally: vincitori 2019 Signor- Bernardi\"},{\"@type\":\"BreadcrumbList\",\"@id\":\"https:\\\/\\\/www.bellunopress.it\\\/2020\\\/09\\\/26\\\/crescono-gli-iscritti-al-5-dolomiti-rally\\\/#breadcrumb\",\"itemListElement\":[{\"@type\":\"ListItem\",\"position\":1,\"name\":\"Home\",\"item\":\"https:\\\/\\\/www.bellunopress.it\\\/\"},{\"@type\":\"ListItem\",\"position\":2,\"name\":\"Crescono gli iscritti al 5\u00b0 Dolomiti Rally\"}]},{\"@type\":\"WebSite\",\"@id\":\"https:\\\/\\\/www.bellunopress.it\\\/#website\",\"url\":\"https:\\\/\\\/www.bellunopress.it\\\/\",\"name\":\"Bellunopress - Dolomiti\",\"description\":\"e-mail: redazione@bellunopress.it\",\"publisher\":{\"@id\":\"https:\\\/\\\/www.bellunopress.it\\\/#organization\"},\"potentialAction\":[{\"@type\":\"SearchAction\",\"target\":{\"@type\":\"EntryPoint\",\"urlTemplate\":\"https:\\\/\\\/www.bellunopress.it\\\/?s={search_term_string}\"},\"query-input\":{\"@type\":\"PropertyValueSpecification\",\"valueRequired\":true,\"valueName\":\"search_term_string\"}}],\"inLanguage\":\"fr-FR\"},{\"@type\":\"Organization\",\"@id\":\"https:\\\/\\\/www.bellunopress.it\\\/#organization\",\"name\":\"Bellunopress\",\"url\":\"https:\\\/\\\/www.bellunopress.it\\\/\",\"logo\":{\"@type\":\"ImageObject\",\"inLanguage\":\"fr-FR\",\"@id\":\"https:\\\/\\\/www.bellunopress.it\\\/#\\\/schema\\\/logo\\\/image\\\/\",\"url\":\"https:\\\/\\\/www.bellunopress.it\\\/wp-content\\\/uploads\\\/2011\\\/05\\\/cropped-logo-bellunopress-.jpg\",\"contentUrl\":\"https:\\\/\\\/www.bellunopress.it\\\/wp-content\\\/uploads\\\/2011\\\/05\\\/cropped-logo-bellunopress-.jpg\",\"width\":512,\"height\":512,\"caption\":\"Bellunopress\"},\"image\":{\"@id\":\"https:\\\/\\\/www.bellunopress.it\\\/#\\\/schema\\\/logo\\\/image\\\/\"},\"sameAs\":[\"https:\\\/\\\/www.facebook.com\\\/profile.php?id=100008943462799\",\"https:\\\/\\\/x.com\\\/bellunopress\",\"https:\\\/\\\/www.linkedin.com\\\/hp\\\/?dnr=JBzUWaJfMUw8vbXJJ2tVW5-I3jZKvC4wsoxE&amp;amp;amp;amp;amp;amp;trk=nav_responsive_tab_home\",\"https:\\\/\\\/www.youtube.com\\\/channel\\\/UCxL0wu1uN0_3_7hGG0306cw\"]},{\"@type\":\"Person\",\"@id\":\"https:\\\/\\\/www.bellunopress.it\\\/#\\\/schema\\\/person\\\/79bb06722b37ece1c03d3e94beb30d73\",\"name\":\"redazione\",\"image\":{\"@type\":\"ImageObject\",\"inLanguage\":\"fr-FR\",\"@id\":\"https:\\\/\\\/secure.gravatar.com\\\/avatar\\\/37d968a2e67a6fd04c169c4bdef102d0bc5d31b2546345219e348575eb80e9a0?s=96&d=mm&r=g\",\"url\":\"https:\\\/\\\/secure.gravatar.com\\\/avatar\\\/37d968a2e67a6fd04c169c4bdef102d0bc5d31b2546345219e348575eb80e9a0?s=96&d=mm&r=g\",\"contentUrl\":\"https:\\\/\\\/secure.gravatar.com\\\/avatar\\\/37d968a2e67a6fd04c169c4bdef102d0bc5d31b2546345219e348575eb80e9a0?s=96&d=mm&r=g\",\"caption\":\"redazione\"},\"sameAs\":[\"http:\\\/\\\/www.bellunopress.it\",\"https:\\\/\\\/x.com\\\/bellunopress\"],\"url\":\"https:\\\/\\\/www.bellunopress.it\\\/fr\\\/author\\\/redazione\\\/\"}]}<\/script>\n<!-- \/ Yoast SEO plugin. -->","yoast_head_json":{"title":"Crescono gli iscritti al 5\u00b0 Dolomiti Rally - Bellunopress - Dolomiti","robots":{"index":"index","follow":"follow","max-snippet":"max-snippet:-1","max-image-preview":"max-image-preview:large","max-video-preview":"max-video-preview:-1"},"canonical":"https:\/\/www.bellunopress.it\/fr\/2020\/09\/26\/crescono-gli-iscritti-al-5-dolomiti-rally\/","og_locale":"fr_FR","og_type":"article","og_title":"Crescono gli iscritti al 5\u00b0 Dolomiti Rally - Bellunopress - Dolomiti","og_description":"A cinque giorni dalla chiusura delle iscrizioni, fissata alla mezzanotte di mercoled\u00ec 30 settembre prossimo, \u00e8 gi\u00e0 salito a 56 il numero degli equipaggi iscritti al 5\u00b0 Dolomiti Rally, la gara valida per la 4^ zona della Coppa Rally di Aci Sport, in programma i prossimi 10 e 11 ottobre, con partenza ed arrivo ad [&hellip;]","og_url":"https:\/\/www.bellunopress.it\/fr\/2020\/09\/26\/crescono-gli-iscritti-al-5-dolomiti-rally\/","og_site_name":"Bellunopress - Dolomiti","article_publisher":"https:\/\/www.facebook.com\/profile.php?id=100008943462799","article_published_time":"2020-09-26T19:53:34+00:00","og_image":[{"width":800,"height":494,"url":"https:\/\/www.bellunopress.it\/wp-content\/uploads\/2020\/06\/Dolomiti-Rally-Vincitori-2019-Signor-Bernardi_edited.jpg","type":"image\/jpeg"}],"author":"redazione","twitter_card":"summary_large_image","twitter_creator":"@bellunopress","twitter_site":"@bellunopress","twitter_misc":{"\u00c9crit par":"redazione","Dur\u00e9e de lecture estim\u00e9e":"2 minutes"},"schema":{"@context":"https:\/\/schema.org","@graph":[{"@type":"Article","@id":"https:\/\/www.bellunopress.it\/2020\/09\/26\/crescono-gli-iscritti-al-5-dolomiti-rally\/#article","isPartOf":{"@id":"https:\/\/www.bellunopress.it\/2020\/09\/26\/crescono-gli-iscritti-al-5-dolomiti-rally\/"},"author":{"name":"redazione","@id":"https:\/\/www.bellunopress.it\/#\/schema\/person\/79bb06722b37ece1c03d3e94beb30d73"},"headline":"Crescono gli iscritti al 5\u00b0 Dolomiti Rally","datePublished":"2020-09-26T19:53:34+00:00","mainEntityOfPage":{"@id":"https:\/\/www.bellunopress.it\/2020\/09\/26\/crescono-gli-iscritti-al-5-dolomiti-rally\/"},"wordCount":475,"publisher":{"@id":"https:\/\/www.bellunopress.it\/#organization"},"image":{"@id":"https:\/\/www.bellunopress.it\/2020\/09\/26\/crescono-gli-iscritti-al-5-dolomiti-rally\/#primaryimage"},"thumbnailUrl":"https:\/\/www.bellunopress.it\/wp-content\/uploads\/2020\/06\/Dolomiti-Rally-Vincitori-2019-Signor-Bernardi_edited.jpg","articleSection":["Pausa Caff\u00e8","Sport, tempo libero"],"inLanguage":"fr-FR"},{"@type":"WebPage","@id":"https:\/\/www.bellunopress.it\/2020\/09\/26\/crescono-gli-iscritti-al-5-dolomiti-rally\/","url":"https:\/\/www.bellunopress.it\/2020\/09\/26\/crescono-gli-iscritti-al-5-dolomiti-rally\/","name":"Crescono gli iscritti al 5\u00b0 Dolomiti Rally - Bellunopress - Dolomiti","isPartOf":{"@id":"https:\/\/www.bellunopress.it\/#website"},"primaryImageOfPage":{"@id":"https:\/\/www.bellunopress.it\/2020\/09\/26\/crescono-gli-iscritti-al-5-dolomiti-rally\/#primaryimage"},"image":{"@id":"https:\/\/www.bellunopress.it\/2020\/09\/26\/crescono-gli-iscritti-al-5-dolomiti-rally\/#primaryimage"},"thumbnailUrl":"https:\/\/www.bellunopress.it\/wp-content\/uploads\/2020\/06\/Dolomiti-Rally-Vincitori-2019-Signor-Bernardi_edited.jpg","datePublished":"2020-09-26T19:53:34+00:00","breadcrumb":{"@id":"https:\/\/www.bellunopress.it\/2020\/09\/26\/crescono-gli-iscritti-al-5-dolomiti-rally\/#breadcrumb"},"inLanguage":"fr-FR","potentialAction":[{"@type":"ReadAction","target":["https:\/\/www.bellunopress.it\/2020\/09\/26\/crescono-gli-iscritti-al-5-dolomiti-rally\/"]}]},{"@type":"ImageObject","inLanguage":"fr-FR","@id":"https:\/\/www.bellunopress.it\/2020\/09\/26\/crescono-gli-iscritti-al-5-dolomiti-rally\/#primaryimage","url":"https:\/\/www.bellunopress.it\/wp-content\/uploads\/2020\/06\/Dolomiti-Rally-Vincitori-2019-Signor-Bernardi_edited.jpg","contentUrl":"https:\/\/www.bellunopress.it\/wp-content\/uploads\/2020\/06\/Dolomiti-Rally-Vincitori-2019-Signor-Bernardi_edited.jpg","width":800,"height":494,"caption":"Dolomiti Rally: vincitori 2019 Signor- Bernardi"},{"@type":"BreadcrumbList","@id":"https:\/\/www.bellunopress.it\/2020\/09\/26\/crescono-gli-iscritti-al-5-dolomiti-rally\/#breadcrumb","itemListElement":[{"@type":"ListItem","position":1,"name":"Home","item":"https:\/\/www.bellunopress.it\/"},{"@type":"ListItem","position":2,"name":"Crescono gli iscritti al 5\u00b0 Dolomiti Rally"}]},{"@type":"WebSite","@id":"https:\/\/www.bellunopress.it\/#website","url":"https:\/\/www.bellunopress.it\/","name":"Bellunopress - Dolomiti","description":"e-mail: redazione@bellunopress.it","publisher":{"@id":"https:\/\/www.bellunopress.it\/#organization"},"potentialAction":[{"@type":"SearchAction","target":{"@type":"EntryPoint","urlTemplate":"https:\/\/www.bellunopress.it\/?s={search_term_string}"},"query-input":{"@type":"PropertyValueSpecification","valueRequired":true,"valueName":"search_term_string"}}],"inLanguage":"fr-FR"},{"@type":"Organization","@id":"https:\/\/www.bellunopress.it\/#organization","name":"Bellunopress","url":"https:\/\/www.bellunopress.it\/","logo":{"@type":"ImageObject","inLanguage":"fr-FR","@id":"https:\/\/www.bellunopress.it\/#\/schema\/logo\/image\/","url":"https:\/\/www.bellunopress.it\/wp-content\/uploads\/2011\/05\/cropped-logo-bellunopress-.jpg","contentUrl":"https:\/\/www.bellunopress.it\/wp-content\/uploads\/2011\/05\/cropped-logo-bellunopress-.jpg","width":512,"height":512,"caption":"Bellunopress"},"image":{"@id":"https:\/\/www.bellunopress.it\/#\/schema\/logo\/image\/"},"sameAs":["https:\/\/www.facebook.com\/profile.php?id=100008943462799","https:\/\/x.com\/bellunopress","https:\/\/www.linkedin.com\/hp\/?dnr=JBzUWaJfMUw8vbXJJ2tVW5-I3jZKvC4wsoxE&amp;amp;amp;amp;amp;amp;trk=nav_responsive_tab_home","https:\/\/www.youtube.com\/channel\/UCxL0wu1uN0_3_7hGG0306cw"]},{"@type":"Person","@id":"https:\/\/www.bellunopress.it\/#\/schema\/person\/79bb06722b37ece1c03d3e94beb30d73","name":"r\u00e9daction","image":{"@type":"ImageObject","inLanguage":"fr-FR","@id":"https:\/\/secure.gravatar.com\/avatar\/37d968a2e67a6fd04c169c4bdef102d0bc5d31b2546345219e348575eb80e9a0?s=96&d=mm&r=g","url":"https:\/\/secure.gravatar.com\/avatar\/37d968a2e67a6fd04c169c4bdef102d0bc5d31b2546345219e348575eb80e9a0?s=96&d=mm&r=g","contentUrl":"https:\/\/secure.gravatar.com\/avatar\/37d968a2e67a6fd04c169c4bdef102d0bc5d31b2546345219e348575eb80e9a0?s=96&d=mm&r=g","caption":"redazione"},"sameAs":["http:\/\/www.bellunopress.it","https:\/\/x.com\/bellunopress"],"url":"https:\/\/www.bellunopress.it\/fr\/author\/redazione\/"}]}},"_links":{"self":[{"href":"https:\/\/www.bellunopress.it\/fr\/wp-json\/wp\/v2\/posts\/117938","targetHints":{"allow":["GET"]}}],"collection":[{"href":"https:\/\/www.bellunopress.it\/fr\/wp-json\/wp\/v2\/posts"}],"about":[{"href":"https:\/\/www.bellunopress.it\/fr\/wp-json\/wp\/v2\/types\/post"}],"author":[{"embeddable":true,"href":"https:\/\/www.bellunopress.it\/fr\/wp-json\/wp\/v2\/users\/2"}],"replies":[{"embeddable":true,"href":"https:\/\/www.bellunopress.it\/fr\/wp-json\/wp\/v2\/comments?post=117938"}],"version-history":[{"count":1,"href":"https:\/\/www.bellunopress.it\/fr\/wp-json\/wp\/v2\/posts\/117938\/revisions"}],"predecessor-version":[{"id":117939,"href":"https:\/\/www.bellunopress.it\/fr\/wp-json\/wp\/v2\/posts\/117938\/revisions\/117939"}],"wp:featuredmedia":[{"embeddable":true,"href":"https:\/\/www.bellunopress.it\/fr\/wp-json\/wp\/v2\/media\/114962"}],"wp:attachment":[{"href":"https:\/\/www.bellunopress.it\/fr\/wp-json\/wp\/v2\/media?parent=117938"}],"wp:term":[{"taxonomy":"category","embeddable":true,"href":"https:\/\/www.bellunopress.it\/fr\/wp-json\/wp\/v2\/categories?post=117938"},{"taxonomy":"post_tag","embeddable":true,"href":"https:\/\/www.bellunopress.it\/fr\/wp-json\/wp\/v2\/tags?post=117938"}],"curies":[{"name":"wp","href":"https:\/\/api.w.org\/{rel}","templated":true}]}}