{"id":117934,"date":"2020-09-26T21:15:56","date_gmt":"2020-09-26T19:15:56","guid":{"rendered":"http:\/\/www.bellunopress.it\/?p=117934"},"modified":"2020-09-26T21:15:58","modified_gmt":"2020-09-26T19:15:58","slug":"ski-college-veneto-di-falcade-presentata-oggi-la-stagione-2020-2021-con-oltre-60-atleti-sciatori-di-snowboard-sci-alpino-e-fondo","status":"publish","type":"post","link":"https:\/\/www.bellunopress.it\/fr\/2020\/09\/26\/ski-college-veneto-di-falcade-presentata-oggi-la-stagione-2020-2021-con-oltre-60-atleti-sciatori-di-snowboard-sci-alpino-e-fondo\/","title":{"rendered":"Ski College Veneto di Falcade. Presentata oggi la stagione 2020-2021 con oltre 60 atleti sciatori di snowboard, sci alpino e fondo"},"content":{"rendered":"<p><a href=\"http:\/\/www.bellunopress.it\/fr\/2020\/09\/26\/ski-college-veneto-di-falcade-presentata-oggi-la-stagione-2020-2021-con-oltre-60-atleti-sciatori-di-snowboard-sci-alpino-e-fondo\/ski-college-falcade-26-sett-2020_edited\/\" rel=\"attachment wp-att-117935\"><img loading=\"lazy\" decoding=\"async\" class=\"alignleft size-full wp-image-117935\" src=\"http:\/\/www.bellunopress.it\/wp-content\/uploads\/2020\/09\/ski-college-falcade-26-sett-2020_edited.jpg\" alt=\"\" width=\"800\" height=\"450\" srcset=\"https:\/\/www.bellunopress.it\/wp-content\/uploads\/2020\/09\/ski-college-falcade-26-sett-2020_edited.jpg 800w, https:\/\/www.bellunopress.it\/wp-content\/uploads\/2020\/09\/ski-college-falcade-26-sett-2020_edited-500x281.jpg 500w, https:\/\/www.bellunopress.it\/wp-content\/uploads\/2020\/09\/ski-college-falcade-26-sett-2020_edited-696x392.jpg 696w, https:\/\/www.bellunopress.it\/wp-content\/uploads\/2020\/09\/ski-college-falcade-26-sett-2020_edited-747x420.jpg 747w\" sizes=\"auto, (max-width: 800px) 100vw, 800px\" \/><\/a>Falcade (Belluno), 26 settembre 2020 \u2013 \u00abVogliamo continuare ad alzare l&#8217;asticella e far s\u00ec che i nostri ragazzi possano raggiungere obbiettivi sempre pi\u00f9 ambiziosi sia nello sci sia nello studio\u00bb. Cos\u00ec Luca Marchetto alla presentazione, sabato 26 settembre al PalaFalcade (Falcade \u2013 Belluno), della stagione 2020-2021 dello Ski College Veneto di Falcade, la struttura che presiede e che ospita oltre sessanta sciatori-atleti, provenienti da diverse regioni d&#8217;Italia e impegnati nello snowboard, nello sci di fondo e nello sci alpino.<\/p>\n<p>\u00abAbbiamo avuto, pur contenuto, un incremento di iscritti e questo non pu\u00f2 che farci piacere e renderci ancor pi\u00f9 consapevoli della bont\u00e0 della nostra proposta\u00bb ha sottolineato Marchetto che ha messo in evidenza pure come gli ottimi risultati ottenuti in ambito agonistico siano stati affiancati da altrettanto buoni riscontri in ambito scolastico. \u00abPer il futuro stiamo lavorando, insieme al comune di Falcade e all&#8217;istituzione scolastica, per un ampliamento dell&#8217;offerta formativa\u00bb ha aggiunto il presidente dello Ski College. \u00abPer la stagione 2020-2021 vogliamo confermare gli ottimi risultati che hanno caratterizzato le ultime annate, con l&#8217;auspicio, naturalmente, che tutto possa svolgersi senza intoppi. Da parte nostra, ogni misura \u00e8 stata adottata per garantire la sicurezza. I ragazzi hanno iniziato a lavorare e stanno lavorando in maniera intensa, sotto la guida di uno staff tecnico preparato, motivato, appassionato\u00bb.<\/p>\n<p>Il positivo connubio tra sport e studio \u00e8 stato sottolineato anche dal presidente del comitato regionale veneto della Federazione italiana sport invernali, Roberto Bortoluzzi, dal sindaco di Falcade, Michele Costa, e da Claudio Magalini, dirigente scolastico del Follador-De Rossi, l&#8217;istituto con il quale lo Ski College ha stretto da tempo una convenzione e che d\u00e0 la possibilit\u00e0 agli studenti &#8211; sciatori di scegliere tra istituto tecnico tecnologico, istituto tecnico economico, liceo scientifico, liceo scientifico sportivo e istituto professionale.<\/p>\n<p>Diversi sono stati gli atleti premiati per i risultati della scorsa stagione. Per lo sci di fondo un riconoscimento \u00e8 andato ad Andrea Zorzi, junior azzurro di interesse nazionale, e a Elia Barp, medaglia di bronzo in staffetta alle Olimpiadi giovanili di Losanna, oltre che della Coppa Italia e di diversi titoli italiani della categoria Aspiranti.<\/p>\n<p>Per lo snowboard \u00e8 stata premiata Isabel Murer, protagonista in Coppa Europa, mentre per lo skiroll Riccardo Munari, atleta entrato nella nazionale juniores. Due i ragazzi dello sci d&#8217;erba: Gabriel Bonaldi e Nicol\u00f2 Pettini, entrambi nel gruppo azzurro osservati. Sei i premiati per lo sci alpino: Gianlorenzo Di Paolo, Aurora Zavatarelli, Alessandro Zanni, Federica Lani e Giovanni Franzoni.<\/p>\n<p>Questa la composizione dello staff tecnico dello Ski College 2020-2021. Fondo: Omar Genuin. Snowboard. Maurizio Rudatis e Boris Del Negro. Alpino: Gianpietro Carli, Roberto Daniele, Simone Manfroi, Roberto Parissenti, Davide Raineri, Mattia Turra, Gilberto Xaiz. Preparatori atletici: Riccardo Marchetti e Davide Raineri.<\/p>\n<p>Per approfondimenti sullo Ski College Veneto di Falcade: www.skicollegeveneto.it.<\/p>","protected":false},"excerpt":{"rendered":"<p>Falcade (Belluno), 26 settembre 2020 \u2013 \u00abVogliamo continuare ad alzare l&#8217;asticella e far s\u00ec che i nostri ragazzi possano raggiungere obbiettivi sempre pi\u00f9 ambiziosi sia nello sci sia nello studio\u00bb. Cos\u00ec Luca Marchetto alla presentazione, sabato 26 settembre al PalaFalcade (Falcade \u2013 Belluno), della stagione 2020-2021 dello Ski College Veneto di Falcade, la struttura che [&hellip;]<\/p>\n","protected":false},"author":2,"featured_media":117935,"comment_status":"closed","ping_status":"open","sticky":false,"template":"","format":"standard","meta":{"footnotes":""},"categories":[36,26,4],"tags":[],"class_list":["post-117934","post","type-post","status-publish","format-standard","has-post-thumbnail","category-lavoro-economia","category-prima-pagina","category-sport"],"yoast_head":"<!-- This site is optimized with the Yoast SEO plugin v28.4 - https:\/\/yoast.com\/product\/yoast-seo-wordpress\/ -->\n<title>Ski College Veneto di Falcade. Presentata oggi la stagione 2020-2021 con oltre 60 atleti sciatori di snowboard, sci alpino e fondo - Bellunopress - Dolomiti<\/title>\n<meta name=\"robots\" content=\"index, follow, max-snippet:-1, max-image-preview:large, max-video-preview:-1\" \/>\n<link rel=\"canonical\" href=\"https:\/\/www.bellunopress.it\/fr\/2020\/09\/26\/ski-college-veneto-di-falcade-presentata-oggi-la-stagione-2020-2021-con-oltre-60-atleti-sciatori-di-snowboard-sci-alpino-e-fondo\/\" \/>\n<meta property=\"og:locale\" content=\"fr_FR\" \/>\n<meta property=\"og:type\" content=\"article\" \/>\n<meta property=\"og:title\" content=\"Ski College Veneto di Falcade. Presentata oggi la stagione 2020-2021 con oltre 60 atleti sciatori di snowboard, sci alpino e fondo - Bellunopress - Dolomiti\" \/>\n<meta property=\"og:description\" content=\"Falcade (Belluno), 26 settembre 2020 \u2013 \u00abVogliamo continuare ad alzare l&#8217;asticella e far s\u00ec che i nostri ragazzi possano raggiungere obbiettivi sempre pi\u00f9 ambiziosi sia nello sci sia nello studio\u00bb. Cos\u00ec Luca Marchetto alla presentazione, sabato 26 settembre al PalaFalcade (Falcade \u2013 Belluno), della stagione 2020-2021 dello Ski College Veneto di Falcade, la struttura che [&hellip;]\" \/>\n<meta property=\"og:url\" content=\"https:\/\/www.bellunopress.it\/fr\/2020\/09\/26\/ski-college-veneto-di-falcade-presentata-oggi-la-stagione-2020-2021-con-oltre-60-atleti-sciatori-di-snowboard-sci-alpino-e-fondo\/\" \/>\n<meta property=\"og:site_name\" content=\"Bellunopress - Dolomiti\" \/>\n<meta property=\"article:publisher\" content=\"https:\/\/www.facebook.com\/profile.php?id=100008943462799\" \/>\n<meta property=\"article:published_time\" content=\"2020-09-26T19:15:56+00:00\" \/>\n<meta property=\"article:modified_time\" content=\"2020-09-26T19:15:58+00:00\" \/>\n<meta property=\"og:image\" content=\"https:\/\/www.bellunopress.it\/wp-content\/uploads\/2020\/09\/ski-college-falcade-26-sett-2020_edited.jpg\" \/>\n\t<meta property=\"og:image:width\" content=\"800\" \/>\n\t<meta property=\"og:image:height\" content=\"450\" \/>\n\t<meta property=\"og:image:type\" content=\"image\/jpeg\" \/>\n<meta name=\"author\" content=\"redazione\" \/>\n<meta name=\"twitter:card\" content=\"summary_large_image\" \/>\n<meta name=\"twitter:creator\" content=\"@bellunopress\" \/>\n<meta name=\"twitter:site\" content=\"@bellunopress\" \/>\n<meta name=\"twitter:label1\" content=\"\u00c9crit par\" \/>\n\t<meta name=\"twitter:data1\" content=\"redazione\" \/>\n\t<meta name=\"twitter:label2\" content=\"Dur\u00e9e de lecture estim\u00e9e\" \/>\n\t<meta name=\"twitter:data2\" content=\"2 minutes\" \/>\n<script type=\"application\/ld+json\" class=\"yoast-schema-graph\">{\"@context\":\"https:\\\/\\\/schema.org\",\"@graph\":[{\"@type\":\"Article\",\"@id\":\"https:\\\/\\\/www.bellunopress.it\\\/2020\\\/09\\\/26\\\/ski-college-veneto-di-falcade-presentata-oggi-la-stagione-2020-2021-con-oltre-60-atleti-sciatori-di-snowboard-sci-alpino-e-fondo\\\/#article\",\"isPartOf\":{\"@id\":\"https:\\\/\\\/www.bellunopress.it\\\/2020\\\/09\\\/26\\\/ski-college-veneto-di-falcade-presentata-oggi-la-stagione-2020-2021-con-oltre-60-atleti-sciatori-di-snowboard-sci-alpino-e-fondo\\\/\"},\"author\":{\"name\":\"redazione\",\"@id\":\"https:\\\/\\\/www.bellunopress.it\\\/#\\\/schema\\\/person\\\/79bb06722b37ece1c03d3e94beb30d73\"},\"headline\":\"Ski College Veneto di Falcade. Presentata oggi la stagione 2020-2021 con oltre 60 atleti sciatori di snowboard, sci alpino e fondo\",\"datePublished\":\"2020-09-26T19:15:56+00:00\",\"dateModified\":\"2020-09-26T19:15:58+00:00\",\"mainEntityOfPage\":{\"@id\":\"https:\\\/\\\/www.bellunopress.it\\\/2020\\\/09\\\/26\\\/ski-college-veneto-di-falcade-presentata-oggi-la-stagione-2020-2021-con-oltre-60-atleti-sciatori-di-snowboard-sci-alpino-e-fondo\\\/\"},\"wordCount\":477,\"publisher\":{\"@id\":\"https:\\\/\\\/www.bellunopress.it\\\/#organization\"},\"image\":{\"@id\":\"https:\\\/\\\/www.bellunopress.it\\\/2020\\\/09\\\/26\\\/ski-college-veneto-di-falcade-presentata-oggi-la-stagione-2020-2021-con-oltre-60-atleti-sciatori-di-snowboard-sci-alpino-e-fondo\\\/#primaryimage\"},\"thumbnailUrl\":\"https:\\\/\\\/www.bellunopress.it\\\/wp-content\\\/uploads\\\/2020\\\/09\\\/ski-college-falcade-26-sett-2020_edited.jpg\",\"articleSection\":[\"Lavoro, Economia, Turismo\",\"Prima Pagina\",\"Sport, tempo libero\"],\"inLanguage\":\"fr-FR\"},{\"@type\":\"WebPage\",\"@id\":\"https:\\\/\\\/www.bellunopress.it\\\/2020\\\/09\\\/26\\\/ski-college-veneto-di-falcade-presentata-oggi-la-stagione-2020-2021-con-oltre-60-atleti-sciatori-di-snowboard-sci-alpino-e-fondo\\\/\",\"url\":\"https:\\\/\\\/www.bellunopress.it\\\/2020\\\/09\\\/26\\\/ski-college-veneto-di-falcade-presentata-oggi-la-stagione-2020-2021-con-oltre-60-atleti-sciatori-di-snowboard-sci-alpino-e-fondo\\\/\",\"name\":\"Ski College Veneto di Falcade. Presentata oggi la stagione 2020-2021 con oltre 60 atleti sciatori di snowboard, sci alpino e fondo - Bellunopress - Dolomiti\",\"isPartOf\":{\"@id\":\"https:\\\/\\\/www.bellunopress.it\\\/#website\"},\"primaryImageOfPage\":{\"@id\":\"https:\\\/\\\/www.bellunopress.it\\\/2020\\\/09\\\/26\\\/ski-college-veneto-di-falcade-presentata-oggi-la-stagione-2020-2021-con-oltre-60-atleti-sciatori-di-snowboard-sci-alpino-e-fondo\\\/#primaryimage\"},\"image\":{\"@id\":\"https:\\\/\\\/www.bellunopress.it\\\/2020\\\/09\\\/26\\\/ski-college-veneto-di-falcade-presentata-oggi-la-stagione-2020-2021-con-oltre-60-atleti-sciatori-di-snowboard-sci-alpino-e-fondo\\\/#primaryimage\"},\"thumbnailUrl\":\"https:\\\/\\\/www.bellunopress.it\\\/wp-content\\\/uploads\\\/2020\\\/09\\\/ski-college-falcade-26-sett-2020_edited.jpg\",\"datePublished\":\"2020-09-26T19:15:56+00:00\",\"dateModified\":\"2020-09-26T19:15:58+00:00\",\"breadcrumb\":{\"@id\":\"https:\\\/\\\/www.bellunopress.it\\\/2020\\\/09\\\/26\\\/ski-college-veneto-di-falcade-presentata-oggi-la-stagione-2020-2021-con-oltre-60-atleti-sciatori-di-snowboard-sci-alpino-e-fondo\\\/#breadcrumb\"},\"inLanguage\":\"fr-FR\",\"potentialAction\":[{\"@type\":\"ReadAction\",\"target\":[\"https:\\\/\\\/www.bellunopress.it\\\/2020\\\/09\\\/26\\\/ski-college-veneto-di-falcade-presentata-oggi-la-stagione-2020-2021-con-oltre-60-atleti-sciatori-di-snowboard-sci-alpino-e-fondo\\\/\"]}]},{\"@type\":\"ImageObject\",\"inLanguage\":\"fr-FR\",\"@id\":\"https:\\\/\\\/www.bellunopress.it\\\/2020\\\/09\\\/26\\\/ski-college-veneto-di-falcade-presentata-oggi-la-stagione-2020-2021-con-oltre-60-atleti-sciatori-di-snowboard-sci-alpino-e-fondo\\\/#primaryimage\",\"url\":\"https:\\\/\\\/www.bellunopress.it\\\/wp-content\\\/uploads\\\/2020\\\/09\\\/ski-college-falcade-26-sett-2020_edited.jpg\",\"contentUrl\":\"https:\\\/\\\/www.bellunopress.it\\\/wp-content\\\/uploads\\\/2020\\\/09\\\/ski-college-falcade-26-sett-2020_edited.jpg\",\"width\":800,\"height\":450},{\"@type\":\"BreadcrumbList\",\"@id\":\"https:\\\/\\\/www.bellunopress.it\\\/2020\\\/09\\\/26\\\/ski-college-veneto-di-falcade-presentata-oggi-la-stagione-2020-2021-con-oltre-60-atleti-sciatori-di-snowboard-sci-alpino-e-fondo\\\/#breadcrumb\",\"itemListElement\":[{\"@type\":\"ListItem\",\"position\":1,\"name\":\"Home\",\"item\":\"https:\\\/\\\/www.bellunopress.it\\\/\"},{\"@type\":\"ListItem\",\"position\":2,\"name\":\"Ski College Veneto di Falcade. Presentata oggi la stagione 2020-2021 con oltre 60 atleti sciatori di snowboard, sci alpino e fondo\"}]},{\"@type\":\"WebSite\",\"@id\":\"https:\\\/\\\/www.bellunopress.it\\\/#website\",\"url\":\"https:\\\/\\\/www.bellunopress.it\\\/\",\"name\":\"Bellunopress - Dolomiti\",\"description\":\"e-mail: redazione@bellunopress.it\",\"publisher\":{\"@id\":\"https:\\\/\\\/www.bellunopress.it\\\/#organization\"},\"potentialAction\":[{\"@type\":\"SearchAction\",\"target\":{\"@type\":\"EntryPoint\",\"urlTemplate\":\"https:\\\/\\\/www.bellunopress.it\\\/?s={search_term_string}\"},\"query-input\":{\"@type\":\"PropertyValueSpecification\",\"valueRequired\":true,\"valueName\":\"search_term_string\"}}],\"inLanguage\":\"fr-FR\"},{\"@type\":\"Organization\",\"@id\":\"https:\\\/\\\/www.bellunopress.it\\\/#organization\",\"name\":\"Bellunopress\",\"url\":\"https:\\\/\\\/www.bellunopress.it\\\/\",\"logo\":{\"@type\":\"ImageObject\",\"inLanguage\":\"fr-FR\",\"@id\":\"https:\\\/\\\/www.bellunopress.it\\\/#\\\/schema\\\/logo\\\/image\\\/\",\"url\":\"https:\\\/\\\/www.bellunopress.it\\\/wp-content\\\/uploads\\\/2011\\\/05\\\/cropped-logo-bellunopress-.jpg\",\"contentUrl\":\"https:\\\/\\\/www.bellunopress.it\\\/wp-content\\\/uploads\\\/2011\\\/05\\\/cropped-logo-bellunopress-.jpg\",\"width\":512,\"height\":512,\"caption\":\"Bellunopress\"},\"image\":{\"@id\":\"https:\\\/\\\/www.bellunopress.it\\\/#\\\/schema\\\/logo\\\/image\\\/\"},\"sameAs\":[\"https:\\\/\\\/www.facebook.com\\\/profile.php?id=100008943462799\",\"https:\\\/\\\/x.com\\\/bellunopress\",\"https:\\\/\\\/www.linkedin.com\\\/hp\\\/?dnr=JBzUWaJfMUw8vbXJJ2tVW5-I3jZKvC4wsoxE&amp;amp;amp;amp;amp;amp;trk=nav_responsive_tab_home\",\"https:\\\/\\\/www.youtube.com\\\/channel\\\/UCxL0wu1uN0_3_7hGG0306cw\"]},{\"@type\":\"Person\",\"@id\":\"https:\\\/\\\/www.bellunopress.it\\\/#\\\/schema\\\/person\\\/79bb06722b37ece1c03d3e94beb30d73\",\"name\":\"redazione\",\"image\":{\"@type\":\"ImageObject\",\"inLanguage\":\"fr-FR\",\"@id\":\"https:\\\/\\\/secure.gravatar.com\\\/avatar\\\/37d968a2e67a6fd04c169c4bdef102d0bc5d31b2546345219e348575eb80e9a0?s=96&d=mm&r=g\",\"url\":\"https:\\\/\\\/secure.gravatar.com\\\/avatar\\\/37d968a2e67a6fd04c169c4bdef102d0bc5d31b2546345219e348575eb80e9a0?s=96&d=mm&r=g\",\"contentUrl\":\"https:\\\/\\\/secure.gravatar.com\\\/avatar\\\/37d968a2e67a6fd04c169c4bdef102d0bc5d31b2546345219e348575eb80e9a0?s=96&d=mm&r=g\",\"caption\":\"redazione\"},\"sameAs\":[\"http:\\\/\\\/www.bellunopress.it\",\"https:\\\/\\\/x.com\\\/bellunopress\"],\"url\":\"https:\\\/\\\/www.bellunopress.it\\\/fr\\\/author\\\/redazione\\\/\"}]}<\/script>\n<!-- \/ Yoast SEO plugin. -->","yoast_head_json":{"title":"Ski College Veneto di Falcade. Presentata oggi la stagione 2020-2021 con oltre 60 atleti sciatori di snowboard, sci alpino e fondo - Bellunopress - Dolomiti","robots":{"index":"index","follow":"follow","max-snippet":"max-snippet:-1","max-image-preview":"max-image-preview:large","max-video-preview":"max-video-preview:-1"},"canonical":"https:\/\/www.bellunopress.it\/fr\/2020\/09\/26\/ski-college-veneto-di-falcade-presentata-oggi-la-stagione-2020-2021-con-oltre-60-atleti-sciatori-di-snowboard-sci-alpino-e-fondo\/","og_locale":"fr_FR","og_type":"article","og_title":"Ski College Veneto di Falcade. Presentata oggi la stagione 2020-2021 con oltre 60 atleti sciatori di snowboard, sci alpino e fondo - Bellunopress - Dolomiti","og_description":"Falcade (Belluno), 26 settembre 2020 \u2013 \u00abVogliamo continuare ad alzare l&#8217;asticella e far s\u00ec che i nostri ragazzi possano raggiungere obbiettivi sempre pi\u00f9 ambiziosi sia nello sci sia nello studio\u00bb. Cos\u00ec Luca Marchetto alla presentazione, sabato 26 settembre al PalaFalcade (Falcade \u2013 Belluno), della stagione 2020-2021 dello Ski College Veneto di Falcade, la struttura che [&hellip;]","og_url":"https:\/\/www.bellunopress.it\/fr\/2020\/09\/26\/ski-college-veneto-di-falcade-presentata-oggi-la-stagione-2020-2021-con-oltre-60-atleti-sciatori-di-snowboard-sci-alpino-e-fondo\/","og_site_name":"Bellunopress - Dolomiti","article_publisher":"https:\/\/www.facebook.com\/profile.php?id=100008943462799","article_published_time":"2020-09-26T19:15:56+00:00","article_modified_time":"2020-09-26T19:15:58+00:00","og_image":[{"width":800,"height":450,"url":"https:\/\/www.bellunopress.it\/wp-content\/uploads\/2020\/09\/ski-college-falcade-26-sett-2020_edited.jpg","type":"image\/jpeg"}],"author":"redazione","twitter_card":"summary_large_image","twitter_creator":"@bellunopress","twitter_site":"@bellunopress","twitter_misc":{"\u00c9crit par":"redazione","Dur\u00e9e de lecture estim\u00e9e":"2 minutes"},"schema":{"@context":"https:\/\/schema.org","@graph":[{"@type":"Article","@id":"https:\/\/www.bellunopress.it\/2020\/09\/26\/ski-college-veneto-di-falcade-presentata-oggi-la-stagione-2020-2021-con-oltre-60-atleti-sciatori-di-snowboard-sci-alpino-e-fondo\/#article","isPartOf":{"@id":"https:\/\/www.bellunopress.it\/2020\/09\/26\/ski-college-veneto-di-falcade-presentata-oggi-la-stagione-2020-2021-con-oltre-60-atleti-sciatori-di-snowboard-sci-alpino-e-fondo\/"},"author":{"name":"redazione","@id":"https:\/\/www.bellunopress.it\/#\/schema\/person\/79bb06722b37ece1c03d3e94beb30d73"},"headline":"Ski College Veneto di Falcade. Presentata oggi la stagione 2020-2021 con oltre 60 atleti sciatori di snowboard, sci alpino e fondo","datePublished":"2020-09-26T19:15:56+00:00","dateModified":"2020-09-26T19:15:58+00:00","mainEntityOfPage":{"@id":"https:\/\/www.bellunopress.it\/2020\/09\/26\/ski-college-veneto-di-falcade-presentata-oggi-la-stagione-2020-2021-con-oltre-60-atleti-sciatori-di-snowboard-sci-alpino-e-fondo\/"},"wordCount":477,"publisher":{"@id":"https:\/\/www.bellunopress.it\/#organization"},"image":{"@id":"https:\/\/www.bellunopress.it\/2020\/09\/26\/ski-college-veneto-di-falcade-presentata-oggi-la-stagione-2020-2021-con-oltre-60-atleti-sciatori-di-snowboard-sci-alpino-e-fondo\/#primaryimage"},"thumbnailUrl":"https:\/\/www.bellunopress.it\/wp-content\/uploads\/2020\/09\/ski-college-falcade-26-sett-2020_edited.jpg","articleSection":["Lavoro, Economia, Turismo","Prima Pagina","Sport, tempo libero"],"inLanguage":"fr-FR"},{"@type":"WebPage","@id":"https:\/\/www.bellunopress.it\/2020\/09\/26\/ski-college-veneto-di-falcade-presentata-oggi-la-stagione-2020-2021-con-oltre-60-atleti-sciatori-di-snowboard-sci-alpino-e-fondo\/","url":"https:\/\/www.bellunopress.it\/2020\/09\/26\/ski-college-veneto-di-falcade-presentata-oggi-la-stagione-2020-2021-con-oltre-60-atleti-sciatori-di-snowboard-sci-alpino-e-fondo\/","name":"Ski College Veneto di Falcade. Presentata oggi la stagione 2020-2021 con oltre 60 atleti sciatori di snowboard, sci alpino e fondo - Bellunopress - Dolomiti","isPartOf":{"@id":"https:\/\/www.bellunopress.it\/#website"},"primaryImageOfPage":{"@id":"https:\/\/www.bellunopress.it\/2020\/09\/26\/ski-college-veneto-di-falcade-presentata-oggi-la-stagione-2020-2021-con-oltre-60-atleti-sciatori-di-snowboard-sci-alpino-e-fondo\/#primaryimage"},"image":{"@id":"https:\/\/www.bellunopress.it\/2020\/09\/26\/ski-college-veneto-di-falcade-presentata-oggi-la-stagione-2020-2021-con-oltre-60-atleti-sciatori-di-snowboard-sci-alpino-e-fondo\/#primaryimage"},"thumbnailUrl":"https:\/\/www.bellunopress.it\/wp-content\/uploads\/2020\/09\/ski-college-falcade-26-sett-2020_edited.jpg","datePublished":"2020-09-26T19:15:56+00:00","dateModified":"2020-09-26T19:15:58+00:00","breadcrumb":{"@id":"https:\/\/www.bellunopress.it\/2020\/09\/26\/ski-college-veneto-di-falcade-presentata-oggi-la-stagione-2020-2021-con-oltre-60-atleti-sciatori-di-snowboard-sci-alpino-e-fondo\/#breadcrumb"},"inLanguage":"fr-FR","potentialAction":[{"@type":"ReadAction","target":["https:\/\/www.bellunopress.it\/2020\/09\/26\/ski-college-veneto-di-falcade-presentata-oggi-la-stagione-2020-2021-con-oltre-60-atleti-sciatori-di-snowboard-sci-alpino-e-fondo\/"]}]},{"@type":"ImageObject","inLanguage":"fr-FR","@id":"https:\/\/www.bellunopress.it\/2020\/09\/26\/ski-college-veneto-di-falcade-presentata-oggi-la-stagione-2020-2021-con-oltre-60-atleti-sciatori-di-snowboard-sci-alpino-e-fondo\/#primaryimage","url":"https:\/\/www.bellunopress.it\/wp-content\/uploads\/2020\/09\/ski-college-falcade-26-sett-2020_edited.jpg","contentUrl":"https:\/\/www.bellunopress.it\/wp-content\/uploads\/2020\/09\/ski-college-falcade-26-sett-2020_edited.jpg","width":800,"height":450},{"@type":"BreadcrumbList","@id":"https:\/\/www.bellunopress.it\/2020\/09\/26\/ski-college-veneto-di-falcade-presentata-oggi-la-stagione-2020-2021-con-oltre-60-atleti-sciatori-di-snowboard-sci-alpino-e-fondo\/#breadcrumb","itemListElement":[{"@type":"ListItem","position":1,"name":"Home","item":"https:\/\/www.bellunopress.it\/"},{"@type":"ListItem","position":2,"name":"Ski College Veneto di Falcade. Presentata oggi la stagione 2020-2021 con oltre 60 atleti sciatori di snowboard, sci alpino e fondo"}]},{"@type":"WebSite","@id":"https:\/\/www.bellunopress.it\/#website","url":"https:\/\/www.bellunopress.it\/","name":"Bellunopress - Dolomiti","description":"e-mail: redazione@bellunopress.it","publisher":{"@id":"https:\/\/www.bellunopress.it\/#organization"},"potentialAction":[{"@type":"SearchAction","target":{"@type":"EntryPoint","urlTemplate":"https:\/\/www.bellunopress.it\/?s={search_term_string}"},"query-input":{"@type":"PropertyValueSpecification","valueRequired":true,"valueName":"search_term_string"}}],"inLanguage":"fr-FR"},{"@type":"Organization","@id":"https:\/\/www.bellunopress.it\/#organization","name":"Bellunopress","url":"https:\/\/www.bellunopress.it\/","logo":{"@type":"ImageObject","inLanguage":"fr-FR","@id":"https:\/\/www.bellunopress.it\/#\/schema\/logo\/image\/","url":"https:\/\/www.bellunopress.it\/wp-content\/uploads\/2011\/05\/cropped-logo-bellunopress-.jpg","contentUrl":"https:\/\/www.bellunopress.it\/wp-content\/uploads\/2011\/05\/cropped-logo-bellunopress-.jpg","width":512,"height":512,"caption":"Bellunopress"},"image":{"@id":"https:\/\/www.bellunopress.it\/#\/schema\/logo\/image\/"},"sameAs":["https:\/\/www.facebook.com\/profile.php?id=100008943462799","https:\/\/x.com\/bellunopress","https:\/\/www.linkedin.com\/hp\/?dnr=JBzUWaJfMUw8vbXJJ2tVW5-I3jZKvC4wsoxE&amp;amp;amp;amp;amp;amp;trk=nav_responsive_tab_home","https:\/\/www.youtube.com\/channel\/UCxL0wu1uN0_3_7hGG0306cw"]},{"@type":"Person","@id":"https:\/\/www.bellunopress.it\/#\/schema\/person\/79bb06722b37ece1c03d3e94beb30d73","name":"r\u00e9daction","image":{"@type":"ImageObject","inLanguage":"fr-FR","@id":"https:\/\/secure.gravatar.com\/avatar\/37d968a2e67a6fd04c169c4bdef102d0bc5d31b2546345219e348575eb80e9a0?s=96&d=mm&r=g","url":"https:\/\/secure.gravatar.com\/avatar\/37d968a2e67a6fd04c169c4bdef102d0bc5d31b2546345219e348575eb80e9a0?s=96&d=mm&r=g","contentUrl":"https:\/\/secure.gravatar.com\/avatar\/37d968a2e67a6fd04c169c4bdef102d0bc5d31b2546345219e348575eb80e9a0?s=96&d=mm&r=g","caption":"redazione"},"sameAs":["http:\/\/www.bellunopress.it","https:\/\/x.com\/bellunopress"],"url":"https:\/\/www.bellunopress.it\/fr\/author\/redazione\/"}]}},"_links":{"self":[{"href":"https:\/\/www.bellunopress.it\/fr\/wp-json\/wp\/v2\/posts\/117934","targetHints":{"allow":["GET"]}}],"collection":[{"href":"https:\/\/www.bellunopress.it\/fr\/wp-json\/wp\/v2\/posts"}],"about":[{"href":"https:\/\/www.bellunopress.it\/fr\/wp-json\/wp\/v2\/types\/post"}],"author":[{"embeddable":true,"href":"https:\/\/www.bellunopress.it\/fr\/wp-json\/wp\/v2\/users\/2"}],"replies":[{"embeddable":true,"href":"https:\/\/www.bellunopress.it\/fr\/wp-json\/wp\/v2\/comments?post=117934"}],"version-history":[{"count":2,"href":"https:\/\/www.bellunopress.it\/fr\/wp-json\/wp\/v2\/posts\/117934\/revisions"}],"predecessor-version":[{"id":117937,"href":"https:\/\/www.bellunopress.it\/fr\/wp-json\/wp\/v2\/posts\/117934\/revisions\/117937"}],"wp:featuredmedia":[{"embeddable":true,"href":"https:\/\/www.bellunopress.it\/fr\/wp-json\/wp\/v2\/media\/117935"}],"wp:attachment":[{"href":"https:\/\/www.bellunopress.it\/fr\/wp-json\/wp\/v2\/media?parent=117934"}],"wp:term":[{"taxonomy":"category","embeddable":true,"href":"https:\/\/www.bellunopress.it\/fr\/wp-json\/wp\/v2\/categories?post=117934"},{"taxonomy":"post_tag","embeddable":true,"href":"https:\/\/www.bellunopress.it\/fr\/wp-json\/wp\/v2\/tags?post=117934"}],"curies":[{"name":"wp","href":"https:\/\/api.w.org\/{rel}","templated":true}]}}