{"id":117932,"date":"2020-09-26T14:47:32","date_gmt":"2020-09-26T12:47:32","guid":{"rendered":"http:\/\/www.bellunopress.it\/?p=117932"},"modified":"2020-09-26T14:47:32","modified_gmt":"2020-09-26T12:47:32","slug":"nevegal-8-anni-di-chiacchiere-di-fabio-bristot-rufus","status":"publish","type":"post","link":"https:\/\/www.bellunopress.it\/fr\/2020\/09\/26\/nevegal-8-anni-di-chiacchiere-di-fabio-bristot-rufus\/","title":{"rendered":"Nevegal, 8 anni di chiacchiere  * di Fabio Bristot &#8220;Rufus&#8221;"},"content":{"rendered":"<figure id=\"attachment_103214\" aria-describedby=\"caption-attachment-103214\" style=\"width: 233px\" class=\"wp-caption alignleft\"><a href=\"http:\/\/www.bellunopress.it\/fr\/2019\/03\/26\/ostacoli-al-volo-e-sicurezza-nelle-missioni-di-soccorso-il-soccorso-alpino-in-commissione-nazionale\/fabio-bristot-rufus\/\" rel=\"attachment wp-att-103214\"><img loading=\"lazy\" decoding=\"async\" class=\"size-full wp-image-103214\" src=\"http:\/\/www.bellunopress.it\/wp-content\/uploads\/2019\/03\/Fabio-Bristot-Rufus.jpg\" alt=\"\" width=\"233\" height=\"300\" \/><\/a><figcaption id=\"caption-attachment-103214\" class=\"wp-caption-text\">Fabio Bristot<\/figcaption><\/figure>\n<p>Lette le dichiarazioni di Massaro, tra le quali spiccano per poca onest\u00e0 intellettuale quelle secondo le quali non sarebbe &#8220;competenza del Comune di Belluno occuparsi di turismo e impianti a fune in quanto competenze regionali&#8221;, trovo a dir poco scandalosa questa posizione che ancora una volta non riesce a dire &#8220;abbiamo sbagliato e abbiamo sbagliato molto. Anzi ho sbagliato tutto da solo incapace di ascoltare!!&#8221;<\/p>\n<p>Rimango, quindi, senza parole rispetto alla dimostrata incapacit\u00e0 di governare processi complessi, ma strategici per l&#8217;intera citt\u00e0 rispetto ai quali non si possono accampare scuse di sorta. Ci sono stati 8 anni di tempo per disegnare il Nevegal, 8 anni di tempo per progettare il nuovo Nevegal, 8 anni per trovare partnership pubbliche e private come ovunque viene fatto, 8 anni per finalizzare l&#8217;idea politico e programmatica per la quale Massaro ha governato questa nostra citt\u00e0 di Belluno.<br \/>\nInvece, disimpegno e superficialit\u00e0 grossolane, ma anche &#8211; mi sia permesso &#8211; ignoranza profonda delle criticit\u00e0 esistenti e mancanza di qualsiasi umilt\u00e0 nell&#8217;ascolto, hanno determinato nel tempo una serie di annunci sconfessati poi dai fatti inesistenti seguiti.<\/p>\n<p>E&#8217; opportuno allora ricordare che dopo il periodo del fallimento della Sis, che connot\u00f2 il periodo pi\u00f9 buio del Nevegal, con le Giunte Bressa prima con la seggiovia, Fistarol e De Col poi e, infine, Prade, ci sono state con opere comunque importanti che hanno dimostrato una qualche concretezza e certa fattivit\u00e0. C&#8217;\u00e8 stato un esborso di risorse assolutamente significativo, anche se va riconosciuto non sempre corrispondente ad un piano organico di medio e lungo periodo di investimenti e, soprattutto, senza aver avuto un interlocutore privato in grado di offrire una continuit\u00e0 reale e strutturata.<\/p>\n<p>Piace allora ricordare e posso permettermi di dirlo che, da Assessore, si completava l&#8217;intervento dell&#8217;illuminazione della Coca Bassa (progetto seguito inizialmente dall&#8217;assessore Ingrosso) e realizzato con la Nis, grazie anche alla solerzia di Gianpaolo Bortot, allora vice presidente della societ\u00e0, l&#8217;obiettivo programmatico per addurre l&#8217;acqua in Nevegal attraverso un investimento di tipo strutturale (quello che oggi il Comune non \u00e8 in grado n\u00e9 di pensare n\u00e9 di fare) e cio\u00e8 un&#8217;opera che attraverso delle stazioni di pompaggio realizzate all&#8217;Anta, San Mamante e Col de Gou sollevavano e sollevano tutt&#8217;ora l&#8217;acqua dalle falde della Piave alla vasca di Col dei Pez. Con quell&#8217;intervento si risolveva, da una parte l&#8217;annosa questione dell&#8217;approviggionamento idrico di tipo civile (nda: spesso nel periodo estivo c&#8217;era il problema dei rubinetti secchi), dall&#8217;altra si garantiva con un buon numero di litri al secondo la possibilit\u00e0 di avere un bacino dove stoccare l&#8217;acqua con quantit\u00e0 di rilievo e sufficiente a garantire l&#8217;innevamento programmato dei primi giorni. Quando si parla di opere strutturali a questo ci cui riferisce non alle piastre per i pic sic di Giannone in piazzale!!!! Sono per\u00f2 passati 20 anni senza che altro sia stato aggiunto.<\/p>\n<p>Senza scuse o, nella peggiore delle ipotesi, anche qualche frase che suona quanto meno non vera pronunciata da Massaro, senza le alchimie societarie che vengono solo dopo le scelte politiche, serve avere dunque un piano industriale modulare, che consideri cio\u00e8 le priorit\u00e0 inderogabili degli interventi a cui, in un momento successivo, si aggiungono azioni coordinate di sviluppo in una cornice rigorosa di sostenibilit\u00e0 economico-finanziaria.<br \/>\nTra questi interventi, prioritaria diventa allora la realizzazione di un bacino o di un invaso che, attraverso l&#8217;intervento di sollevamento prima richiamato, garantisca l&#8217;innevamento programmato da farsi in pochissimi giorni in quella parte di demanio scibile che garantisce il pareggio o ricavi immediati. Innevamento che deve esser fatto con solerzia quando le condizioni climatiche lo permettono, senza aspettare decine di giorni per avere mezza pista forse innevata. Senza questa opera, \u00e8 dimostrato ormai da anni, non si va da nessuna parte e ci si limita solo danzare perch\u00e9 nevichi. Ma questo intervento poteva essere predisposto in 8 anni senza aspettare, bastava credere nel Nevegal e non bofonchiare frasi stentoree sempre al futuro: qua servo verbi coniugati al presente.<\/p>\n<p>Ci\u00f2 detto, per sgombrare il campo ad equivoci, dico anche non credo affatto al Comune imprenditore in quanto altri lo sanno e lo devono sapere fare meglio. Credo per\u00f2 ad un Ente locale intelligente che sa creare condizioni di sviluppo reale e determinare investimenti strutturali (nda: non il pagamento corrente di ski pass che non produce nessuna virtuosit\u00e0 ma solo dipendenza). Questo mi aspettavo. Ora, certamente sempre troppo tardi visti gli 8 anni persi sino ad ora.<\/p>\n<p>Concludo, ricordando che di questa situazione non gioisco affatto, ma ne sono profondamente amareggiato al pari di quanti ancora credono nel Neveg\u00e0l come risorsa e non come un peso. Io ci credo ancora, ma ora servono persone competenti non improvvisazione dell&#8217;ultima ora&#8230; anzi degli ultimi 8 anni.<\/p>\n<p>Chiedo, infine, che il Sindaco riferisca al Consiglio Comunale con una relazione dettagliata lo stato del cose e&#8230; non con un pizzino come accadde quando venne annunciata l&#8217;imminente apertura della seggiovia&#8230;<\/p>\n<p>Fabio Bristot &#8211; Rufus<br \/>\nConsigliere Comunale di Belluno<\/p>","protected":false},"excerpt":{"rendered":"<p>Lette le dichiarazioni di Massaro, tra le quali spiccano per poca onest\u00e0 intellettuale quelle secondo le quali non sarebbe &#8220;competenza del Comune di Belluno occuparsi di turismo e impianti a fune in quanto competenze regionali&#8221;, trovo a dir poco scandalosa questa posizione che ancora una volta non riesce a dire &#8220;abbiamo sbagliato e abbiamo sbagliato [&hellip;]<\/p>\n","protected":false},"author":2,"featured_media":103214,"comment_status":"closed","ping_status":"open","sticky":false,"template":"","format":"standard","meta":{"footnotes":""},"categories":[5,1,26],"tags":[],"class_list":["post-117932","post","type-post","status-publish","format-standard","has-post-thumbnail","category-cronaca","category-leo","category-prima-pagina"],"yoast_head":"<!-- This site is optimized with the Yoast SEO plugin v28.4 - https:\/\/yoast.com\/product\/yoast-seo-wordpress\/ -->\n<title>Nevegal, 8 anni di chiacchiere * di Fabio Bristot &quot;Rufus&quot; - Bellunopress - Dolomiti<\/title>\n<meta name=\"robots\" content=\"index, follow, max-snippet:-1, max-image-preview:large, max-video-preview:-1\" \/>\n<link rel=\"canonical\" href=\"https:\/\/www.bellunopress.it\/fr\/2020\/09\/26\/nevegal-8-anni-di-chiacchiere-di-fabio-bristot-rufus\/\" \/>\n<meta property=\"og:locale\" content=\"fr_FR\" \/>\n<meta property=\"og:type\" content=\"article\" \/>\n<meta property=\"og:title\" content=\"Nevegal, 8 anni di chiacchiere * di Fabio Bristot &quot;Rufus&quot; - Bellunopress - Dolomiti\" \/>\n<meta property=\"og:description\" content=\"Lette le dichiarazioni di Massaro, tra le quali spiccano per poca onest\u00e0 intellettuale quelle secondo le quali non sarebbe &#8220;competenza del Comune di Belluno occuparsi di turismo e impianti a fune in quanto competenze regionali&#8221;, trovo a dir poco scandalosa questa posizione che ancora una volta non riesce a dire &#8220;abbiamo sbagliato e abbiamo sbagliato [&hellip;]\" \/>\n<meta property=\"og:url\" content=\"https:\/\/www.bellunopress.it\/fr\/2020\/09\/26\/nevegal-8-anni-di-chiacchiere-di-fabio-bristot-rufus\/\" \/>\n<meta property=\"og:site_name\" content=\"Bellunopress - Dolomiti\" \/>\n<meta property=\"article:publisher\" content=\"https:\/\/www.facebook.com\/profile.php?id=100008943462799\" \/>\n<meta property=\"article:published_time\" content=\"2020-09-26T12:47:32+00:00\" \/>\n<meta property=\"og:image\" content=\"https:\/\/www.bellunopress.it\/wp-content\/uploads\/2019\/03\/Fabio-Bristot-Rufus.jpg\" \/>\n\t<meta property=\"og:image:width\" content=\"233\" \/>\n\t<meta property=\"og:image:height\" content=\"300\" \/>\n\t<meta property=\"og:image:type\" content=\"image\/jpeg\" \/>\n<meta name=\"author\" content=\"redazione\" \/>\n<meta name=\"twitter:card\" content=\"summary_large_image\" \/>\n<meta name=\"twitter:creator\" content=\"@bellunopress\" \/>\n<meta name=\"twitter:site\" content=\"@bellunopress\" \/>\n<meta name=\"twitter:label1\" content=\"\u00c9crit par\" \/>\n\t<meta name=\"twitter:data1\" content=\"redazione\" \/>\n\t<meta name=\"twitter:label2\" content=\"Dur\u00e9e de lecture estim\u00e9e\" \/>\n\t<meta name=\"twitter:data2\" content=\"4 minutes\" \/>\n<script type=\"application\/ld+json\" class=\"yoast-schema-graph\">{\"@context\":\"https:\\\/\\\/schema.org\",\"@graph\":[{\"@type\":\"Article\",\"@id\":\"https:\\\/\\\/www.bellunopress.it\\\/2020\\\/09\\\/26\\\/nevegal-8-anni-di-chiacchiere-di-fabio-bristot-rufus\\\/#article\",\"isPartOf\":{\"@id\":\"https:\\\/\\\/www.bellunopress.it\\\/2020\\\/09\\\/26\\\/nevegal-8-anni-di-chiacchiere-di-fabio-bristot-rufus\\\/\"},\"author\":{\"name\":\"redazione\",\"@id\":\"https:\\\/\\\/www.bellunopress.it\\\/#\\\/schema\\\/person\\\/79bb06722b37ece1c03d3e94beb30d73\"},\"headline\":\"Nevegal, 8 anni di chiacchiere * di Fabio Bristot &#8220;Rufus&#8221;\",\"datePublished\":\"2020-09-26T12:47:32+00:00\",\"mainEntityOfPage\":{\"@id\":\"https:\\\/\\\/www.bellunopress.it\\\/2020\\\/09\\\/26\\\/nevegal-8-anni-di-chiacchiere-di-fabio-bristot-rufus\\\/\"},\"wordCount\":842,\"publisher\":{\"@id\":\"https:\\\/\\\/www.bellunopress.it\\\/#organization\"},\"image\":{\"@id\":\"https:\\\/\\\/www.bellunopress.it\\\/2020\\\/09\\\/26\\\/nevegal-8-anni-di-chiacchiere-di-fabio-bristot-rufus\\\/#primaryimage\"},\"thumbnailUrl\":\"https:\\\/\\\/www.bellunopress.it\\\/wp-content\\\/uploads\\\/2019\\\/03\\\/Fabio-Bristot-Rufus.jpg\",\"articleSection\":[\"Cronaca\\\/Politica\",\"Lettere Opinioni\",\"Prima Pagina\"],\"inLanguage\":\"fr-FR\"},{\"@type\":\"WebPage\",\"@id\":\"https:\\\/\\\/www.bellunopress.it\\\/2020\\\/09\\\/26\\\/nevegal-8-anni-di-chiacchiere-di-fabio-bristot-rufus\\\/\",\"url\":\"https:\\\/\\\/www.bellunopress.it\\\/2020\\\/09\\\/26\\\/nevegal-8-anni-di-chiacchiere-di-fabio-bristot-rufus\\\/\",\"name\":\"Nevegal, 8 anni di chiacchiere * di Fabio Bristot \\\"Rufus\\\" - Bellunopress - Dolomiti\",\"isPartOf\":{\"@id\":\"https:\\\/\\\/www.bellunopress.it\\\/#website\"},\"primaryImageOfPage\":{\"@id\":\"https:\\\/\\\/www.bellunopress.it\\\/2020\\\/09\\\/26\\\/nevegal-8-anni-di-chiacchiere-di-fabio-bristot-rufus\\\/#primaryimage\"},\"image\":{\"@id\":\"https:\\\/\\\/www.bellunopress.it\\\/2020\\\/09\\\/26\\\/nevegal-8-anni-di-chiacchiere-di-fabio-bristot-rufus\\\/#primaryimage\"},\"thumbnailUrl\":\"https:\\\/\\\/www.bellunopress.it\\\/wp-content\\\/uploads\\\/2019\\\/03\\\/Fabio-Bristot-Rufus.jpg\",\"datePublished\":\"2020-09-26T12:47:32+00:00\",\"breadcrumb\":{\"@id\":\"https:\\\/\\\/www.bellunopress.it\\\/2020\\\/09\\\/26\\\/nevegal-8-anni-di-chiacchiere-di-fabio-bristot-rufus\\\/#breadcrumb\"},\"inLanguage\":\"fr-FR\",\"potentialAction\":[{\"@type\":\"ReadAction\",\"target\":[\"https:\\\/\\\/www.bellunopress.it\\\/2020\\\/09\\\/26\\\/nevegal-8-anni-di-chiacchiere-di-fabio-bristot-rufus\\\/\"]}]},{\"@type\":\"ImageObject\",\"inLanguage\":\"fr-FR\",\"@id\":\"https:\\\/\\\/www.bellunopress.it\\\/2020\\\/09\\\/26\\\/nevegal-8-anni-di-chiacchiere-di-fabio-bristot-rufus\\\/#primaryimage\",\"url\":\"https:\\\/\\\/www.bellunopress.it\\\/wp-content\\\/uploads\\\/2019\\\/03\\\/Fabio-Bristot-Rufus.jpg\",\"contentUrl\":\"https:\\\/\\\/www.bellunopress.it\\\/wp-content\\\/uploads\\\/2019\\\/03\\\/Fabio-Bristot-Rufus.jpg\",\"width\":233,\"height\":300,\"caption\":\"Fabio Bristot\"},{\"@type\":\"BreadcrumbList\",\"@id\":\"https:\\\/\\\/www.bellunopress.it\\\/2020\\\/09\\\/26\\\/nevegal-8-anni-di-chiacchiere-di-fabio-bristot-rufus\\\/#breadcrumb\",\"itemListElement\":[{\"@type\":\"ListItem\",\"position\":1,\"name\":\"Home\",\"item\":\"https:\\\/\\\/www.bellunopress.it\\\/\"},{\"@type\":\"ListItem\",\"position\":2,\"name\":\"Nevegal, 8 anni di chiacchiere * di Fabio Bristot &#8220;Rufus&#8221;\"}]},{\"@type\":\"WebSite\",\"@id\":\"https:\\\/\\\/www.bellunopress.it\\\/#website\",\"url\":\"https:\\\/\\\/www.bellunopress.it\\\/\",\"name\":\"Bellunopress - Dolomiti\",\"description\":\"e-mail: redazione@bellunopress.it\",\"publisher\":{\"@id\":\"https:\\\/\\\/www.bellunopress.it\\\/#organization\"},\"potentialAction\":[{\"@type\":\"SearchAction\",\"target\":{\"@type\":\"EntryPoint\",\"urlTemplate\":\"https:\\\/\\\/www.bellunopress.it\\\/?s={search_term_string}\"},\"query-input\":{\"@type\":\"PropertyValueSpecification\",\"valueRequired\":true,\"valueName\":\"search_term_string\"}}],\"inLanguage\":\"fr-FR\"},{\"@type\":\"Organization\",\"@id\":\"https:\\\/\\\/www.bellunopress.it\\\/#organization\",\"name\":\"Bellunopress\",\"url\":\"https:\\\/\\\/www.bellunopress.it\\\/\",\"logo\":{\"@type\":\"ImageObject\",\"inLanguage\":\"fr-FR\",\"@id\":\"https:\\\/\\\/www.bellunopress.it\\\/#\\\/schema\\\/logo\\\/image\\\/\",\"url\":\"https:\\\/\\\/www.bellunopress.it\\\/wp-content\\\/uploads\\\/2011\\\/05\\\/cropped-logo-bellunopress-.jpg\",\"contentUrl\":\"https:\\\/\\\/www.bellunopress.it\\\/wp-content\\\/uploads\\\/2011\\\/05\\\/cropped-logo-bellunopress-.jpg\",\"width\":512,\"height\":512,\"caption\":\"Bellunopress\"},\"image\":{\"@id\":\"https:\\\/\\\/www.bellunopress.it\\\/#\\\/schema\\\/logo\\\/image\\\/\"},\"sameAs\":[\"https:\\\/\\\/www.facebook.com\\\/profile.php?id=100008943462799\",\"https:\\\/\\\/x.com\\\/bellunopress\",\"https:\\\/\\\/www.linkedin.com\\\/hp\\\/?dnr=JBzUWaJfMUw8vbXJJ2tVW5-I3jZKvC4wsoxE&amp;amp;amp;amp;amp;amp;trk=nav_responsive_tab_home\",\"https:\\\/\\\/www.youtube.com\\\/channel\\\/UCxL0wu1uN0_3_7hGG0306cw\"]},{\"@type\":\"Person\",\"@id\":\"https:\\\/\\\/www.bellunopress.it\\\/#\\\/schema\\\/person\\\/79bb06722b37ece1c03d3e94beb30d73\",\"name\":\"redazione\",\"image\":{\"@type\":\"ImageObject\",\"inLanguage\":\"fr-FR\",\"@id\":\"https:\\\/\\\/secure.gravatar.com\\\/avatar\\\/37d968a2e67a6fd04c169c4bdef102d0bc5d31b2546345219e348575eb80e9a0?s=96&d=mm&r=g\",\"url\":\"https:\\\/\\\/secure.gravatar.com\\\/avatar\\\/37d968a2e67a6fd04c169c4bdef102d0bc5d31b2546345219e348575eb80e9a0?s=96&d=mm&r=g\",\"contentUrl\":\"https:\\\/\\\/secure.gravatar.com\\\/avatar\\\/37d968a2e67a6fd04c169c4bdef102d0bc5d31b2546345219e348575eb80e9a0?s=96&d=mm&r=g\",\"caption\":\"redazione\"},\"sameAs\":[\"http:\\\/\\\/www.bellunopress.it\",\"https:\\\/\\\/x.com\\\/bellunopress\"],\"url\":\"https:\\\/\\\/www.bellunopress.it\\\/fr\\\/author\\\/redazione\\\/\"}]}<\/script>\n<!-- \/ Yoast SEO plugin. -->","yoast_head_json":{"title":"Nevegal, 8 anni di chiacchiere * di Fabio Bristot \"Rufus\" - Bellunopress - Dolomiti","robots":{"index":"index","follow":"follow","max-snippet":"max-snippet:-1","max-image-preview":"max-image-preview:large","max-video-preview":"max-video-preview:-1"},"canonical":"https:\/\/www.bellunopress.it\/fr\/2020\/09\/26\/nevegal-8-anni-di-chiacchiere-di-fabio-bristot-rufus\/","og_locale":"fr_FR","og_type":"article","og_title":"Nevegal, 8 anni di chiacchiere * di Fabio Bristot \"Rufus\" - Bellunopress - Dolomiti","og_description":"Lette le dichiarazioni di Massaro, tra le quali spiccano per poca onest\u00e0 intellettuale quelle secondo le quali non sarebbe &#8220;competenza del Comune di Belluno occuparsi di turismo e impianti a fune in quanto competenze regionali&#8221;, trovo a dir poco scandalosa questa posizione che ancora una volta non riesce a dire &#8220;abbiamo sbagliato e abbiamo sbagliato [&hellip;]","og_url":"https:\/\/www.bellunopress.it\/fr\/2020\/09\/26\/nevegal-8-anni-di-chiacchiere-di-fabio-bristot-rufus\/","og_site_name":"Bellunopress - Dolomiti","article_publisher":"https:\/\/www.facebook.com\/profile.php?id=100008943462799","article_published_time":"2020-09-26T12:47:32+00:00","og_image":[{"width":233,"height":300,"url":"https:\/\/www.bellunopress.it\/wp-content\/uploads\/2019\/03\/Fabio-Bristot-Rufus.jpg","type":"image\/jpeg"}],"author":"redazione","twitter_card":"summary_large_image","twitter_creator":"@bellunopress","twitter_site":"@bellunopress","twitter_misc":{"\u00c9crit par":"redazione","Dur\u00e9e de lecture estim\u00e9e":"4 minutes"},"schema":{"@context":"https:\/\/schema.org","@graph":[{"@type":"Article","@id":"https:\/\/www.bellunopress.it\/2020\/09\/26\/nevegal-8-anni-di-chiacchiere-di-fabio-bristot-rufus\/#article","isPartOf":{"@id":"https:\/\/www.bellunopress.it\/2020\/09\/26\/nevegal-8-anni-di-chiacchiere-di-fabio-bristot-rufus\/"},"author":{"name":"redazione","@id":"https:\/\/www.bellunopress.it\/#\/schema\/person\/79bb06722b37ece1c03d3e94beb30d73"},"headline":"Nevegal, 8 anni di chiacchiere * di Fabio Bristot &#8220;Rufus&#8221;","datePublished":"2020-09-26T12:47:32+00:00","mainEntityOfPage":{"@id":"https:\/\/www.bellunopress.it\/2020\/09\/26\/nevegal-8-anni-di-chiacchiere-di-fabio-bristot-rufus\/"},"wordCount":842,"publisher":{"@id":"https:\/\/www.bellunopress.it\/#organization"},"image":{"@id":"https:\/\/www.bellunopress.it\/2020\/09\/26\/nevegal-8-anni-di-chiacchiere-di-fabio-bristot-rufus\/#primaryimage"},"thumbnailUrl":"https:\/\/www.bellunopress.it\/wp-content\/uploads\/2019\/03\/Fabio-Bristot-Rufus.jpg","articleSection":["Cronaca\/Politica","Lettere Opinioni","Prima Pagina"],"inLanguage":"fr-FR"},{"@type":"WebPage","@id":"https:\/\/www.bellunopress.it\/2020\/09\/26\/nevegal-8-anni-di-chiacchiere-di-fabio-bristot-rufus\/","url":"https:\/\/www.bellunopress.it\/2020\/09\/26\/nevegal-8-anni-di-chiacchiere-di-fabio-bristot-rufus\/","name":"Nevegal, 8 anni di chiacchiere * di Fabio Bristot \"Rufus\" - Bellunopress - Dolomiti","isPartOf":{"@id":"https:\/\/www.bellunopress.it\/#website"},"primaryImageOfPage":{"@id":"https:\/\/www.bellunopress.it\/2020\/09\/26\/nevegal-8-anni-di-chiacchiere-di-fabio-bristot-rufus\/#primaryimage"},"image":{"@id":"https:\/\/www.bellunopress.it\/2020\/09\/26\/nevegal-8-anni-di-chiacchiere-di-fabio-bristot-rufus\/#primaryimage"},"thumbnailUrl":"https:\/\/www.bellunopress.it\/wp-content\/uploads\/2019\/03\/Fabio-Bristot-Rufus.jpg","datePublished":"2020-09-26T12:47:32+00:00","breadcrumb":{"@id":"https:\/\/www.bellunopress.it\/2020\/09\/26\/nevegal-8-anni-di-chiacchiere-di-fabio-bristot-rufus\/#breadcrumb"},"inLanguage":"fr-FR","potentialAction":[{"@type":"ReadAction","target":["https:\/\/www.bellunopress.it\/2020\/09\/26\/nevegal-8-anni-di-chiacchiere-di-fabio-bristot-rufus\/"]}]},{"@type":"ImageObject","inLanguage":"fr-FR","@id":"https:\/\/www.bellunopress.it\/2020\/09\/26\/nevegal-8-anni-di-chiacchiere-di-fabio-bristot-rufus\/#primaryimage","url":"https:\/\/www.bellunopress.it\/wp-content\/uploads\/2019\/03\/Fabio-Bristot-Rufus.jpg","contentUrl":"https:\/\/www.bellunopress.it\/wp-content\/uploads\/2019\/03\/Fabio-Bristot-Rufus.jpg","width":233,"height":300,"caption":"Fabio Bristot"},{"@type":"BreadcrumbList","@id":"https:\/\/www.bellunopress.it\/2020\/09\/26\/nevegal-8-anni-di-chiacchiere-di-fabio-bristot-rufus\/#breadcrumb","itemListElement":[{"@type":"ListItem","position":1,"name":"Home","item":"https:\/\/www.bellunopress.it\/"},{"@type":"ListItem","position":2,"name":"Nevegal, 8 anni di chiacchiere * di Fabio Bristot &#8220;Rufus&#8221;"}]},{"@type":"WebSite","@id":"https:\/\/www.bellunopress.it\/#website","url":"https:\/\/www.bellunopress.it\/","name":"Bellunopress - Dolomiti","description":"e-mail: redazione@bellunopress.it","publisher":{"@id":"https:\/\/www.bellunopress.it\/#organization"},"potentialAction":[{"@type":"SearchAction","target":{"@type":"EntryPoint","urlTemplate":"https:\/\/www.bellunopress.it\/?s={search_term_string}"},"query-input":{"@type":"PropertyValueSpecification","valueRequired":true,"valueName":"search_term_string"}}],"inLanguage":"fr-FR"},{"@type":"Organization","@id":"https:\/\/www.bellunopress.it\/#organization","name":"Bellunopress","url":"https:\/\/www.bellunopress.it\/","logo":{"@type":"ImageObject","inLanguage":"fr-FR","@id":"https:\/\/www.bellunopress.it\/#\/schema\/logo\/image\/","url":"https:\/\/www.bellunopress.it\/wp-content\/uploads\/2011\/05\/cropped-logo-bellunopress-.jpg","contentUrl":"https:\/\/www.bellunopress.it\/wp-content\/uploads\/2011\/05\/cropped-logo-bellunopress-.jpg","width":512,"height":512,"caption":"Bellunopress"},"image":{"@id":"https:\/\/www.bellunopress.it\/#\/schema\/logo\/image\/"},"sameAs":["https:\/\/www.facebook.com\/profile.php?id=100008943462799","https:\/\/x.com\/bellunopress","https:\/\/www.linkedin.com\/hp\/?dnr=JBzUWaJfMUw8vbXJJ2tVW5-I3jZKvC4wsoxE&amp;amp;amp;amp;amp;amp;trk=nav_responsive_tab_home","https:\/\/www.youtube.com\/channel\/UCxL0wu1uN0_3_7hGG0306cw"]},{"@type":"Person","@id":"https:\/\/www.bellunopress.it\/#\/schema\/person\/79bb06722b37ece1c03d3e94beb30d73","name":"r\u00e9daction","image":{"@type":"ImageObject","inLanguage":"fr-FR","@id":"https:\/\/secure.gravatar.com\/avatar\/37d968a2e67a6fd04c169c4bdef102d0bc5d31b2546345219e348575eb80e9a0?s=96&d=mm&r=g","url":"https:\/\/secure.gravatar.com\/avatar\/37d968a2e67a6fd04c169c4bdef102d0bc5d31b2546345219e348575eb80e9a0?s=96&d=mm&r=g","contentUrl":"https:\/\/secure.gravatar.com\/avatar\/37d968a2e67a6fd04c169c4bdef102d0bc5d31b2546345219e348575eb80e9a0?s=96&d=mm&r=g","caption":"redazione"},"sameAs":["http:\/\/www.bellunopress.it","https:\/\/x.com\/bellunopress"],"url":"https:\/\/www.bellunopress.it\/fr\/author\/redazione\/"}]}},"_links":{"self":[{"href":"https:\/\/www.bellunopress.it\/fr\/wp-json\/wp\/v2\/posts\/117932","targetHints":{"allow":["GET"]}}],"collection":[{"href":"https:\/\/www.bellunopress.it\/fr\/wp-json\/wp\/v2\/posts"}],"about":[{"href":"https:\/\/www.bellunopress.it\/fr\/wp-json\/wp\/v2\/types\/post"}],"author":[{"embeddable":true,"href":"https:\/\/www.bellunopress.it\/fr\/wp-json\/wp\/v2\/users\/2"}],"replies":[{"embeddable":true,"href":"https:\/\/www.bellunopress.it\/fr\/wp-json\/wp\/v2\/comments?post=117932"}],"version-history":[{"count":1,"href":"https:\/\/www.bellunopress.it\/fr\/wp-json\/wp\/v2\/posts\/117932\/revisions"}],"predecessor-version":[{"id":117933,"href":"https:\/\/www.bellunopress.it\/fr\/wp-json\/wp\/v2\/posts\/117932\/revisions\/117933"}],"wp:featuredmedia":[{"embeddable":true,"href":"https:\/\/www.bellunopress.it\/fr\/wp-json\/wp\/v2\/media\/103214"}],"wp:attachment":[{"href":"https:\/\/www.bellunopress.it\/fr\/wp-json\/wp\/v2\/media?parent=117932"}],"wp:term":[{"taxonomy":"category","embeddable":true,"href":"https:\/\/www.bellunopress.it\/fr\/wp-json\/wp\/v2\/categories?post=117932"},{"taxonomy":"post_tag","embeddable":true,"href":"https:\/\/www.bellunopress.it\/fr\/wp-json\/wp\/v2\/tags?post=117932"}],"curies":[{"name":"wp","href":"https:\/\/api.w.org\/{rel}","templated":true}]}}