{"id":117926,"date":"2020-09-26T14:37:25","date_gmt":"2020-09-26T12:37:25","guid":{"rendered":"http:\/\/www.bellunopress.it\/?p=117926"},"modified":"2020-09-26T15:35:40","modified_gmt":"2020-09-26T13:35:40","slug":"nevegal-stagione-invernale-fortemente-compromessa-la-delusione-degli-operatori-del-colle","status":"publish","type":"post","link":"https:\/\/www.bellunopress.it\/fr\/2020\/09\/26\/nevegal-stagione-invernale-fortemente-compromessa-la-delusione-degli-operatori-del-colle\/","title":{"rendered":"Nevegal. Stagione invernale fortemente compromessa. La delusione degli operatori del Colle"},"content":{"rendered":"<p><a href=\"http:\/\/www.bellunopress.it\/fr\/2020\/09\/26\/nevegal-stagione-invernale-fortemente-compromessa-la-delusione-degli-operatori-del-colle\/vivaio-dolomiti-e-operatori-del-nevegal_edited\/\" rel=\"attachment wp-att-117927\"><img loading=\"lazy\" decoding=\"async\" class=\"alignleft size-full wp-image-117927\" src=\"http:\/\/www.bellunopress.it\/wp-content\/uploads\/2020\/09\/Vivaio-Dolomiti-e-operatori-del-nevegal_edited.jpg\" alt=\"\" width=\"800\" height=\"559\" srcset=\"https:\/\/www.bellunopress.it\/wp-content\/uploads\/2020\/09\/Vivaio-Dolomiti-e-operatori-del-nevegal_edited.jpg 800w, https:\/\/www.bellunopress.it\/wp-content\/uploads\/2020\/09\/Vivaio-Dolomiti-e-operatori-del-nevegal_edited-500x349.jpg 500w, https:\/\/www.bellunopress.it\/wp-content\/uploads\/2020\/09\/Vivaio-Dolomiti-e-operatori-del-nevegal_edited-696x486.jpg 696w, https:\/\/www.bellunopress.it\/wp-content\/uploads\/2020\/09\/Vivaio-Dolomiti-e-operatori-del-nevegal_edited-601x420.jpg 601w, https:\/\/www.bellunopress.it\/wp-content\/uploads\/2020\/09\/Vivaio-Dolomiti-e-operatori-del-nevegal_edited-100x70.jpg 100w\" sizes=\"auto, (max-width: 800px) 100vw, 800px\" \/><\/a>Solo uno scatto d&#8217;orgoglio o un colpo di scena pu\u00f2 oramai salvare la stagione invernale del Nevegal. E&#8217; quanto si percepisce dalle osservazioni degli operatori del Colle che questa mattina hanno partecipato alla conferenza stampa organizzata dall&#8217;Associazione Vivaio Dolomiti. Anche perch\u00e9 l&#8217;ipotesi prospettata ieri dal sindaco di Belluno Jacopo Massaro di una gestione provvisoria che possa salvare la stagione e traghettare fino all&#8217;acquisizione degli impianti da parte del Comune alla primavera prossima \u00e8 perlopi\u00f9 teorica e difficilmente praticabile.\u00a0Chi l&#8217;ha detto che la societ\u00e0 in liquidazione Alpe del Nevegal sarebbe disposta a cedere a titolo gratuito al Comune gli impianti, come auspica Massaro?<\/p>\n<p>L&#8217;ultima opzione possibile per tenere aperti gli impianti la stagione invernale potrebbe essere quella di una gestione provvisoria in capo ad una societ\u00e0 partecipata del Comune, ad esempio la Bellunum, cos\u00ec da rendere possibile l&#8217;afflusso dei contributi regionali. Ipotesi che sarebbe accolta di buon grado anche dagli operatori del Colle. Ma anche qui c&#8217;\u00e8 l&#8217;interrogativo della propriet\u00e0 degli impianti, l&#8217;Alpe del Nevegal sarebbe disposta a cedere un ramo d&#8217;azienda alla partecipata del Comune?<\/p>\n<p>E, per esser chiari, se nessuna di queste soluzioni ad oggi non ha trovato spazio nei mesi precedenti, appare alquanto improbabile che possa realizzarsi ora.<\/p>\n<p>Insomma, siamo dinanzi all&#8217;agonia del Colle determinata da una serie di conflitti, inerzie e disinteresse.<\/p>\n<p><a href=\"http:\/\/www.bellunopress.it\/fr\/2020\/09\/26\/nevegal-stagione-invernale-fortemente-compromessa-la-delusione-degli-operatori-del-colle\/operatori-nevegal_edited\/\" rel=\"attachment wp-att-117928\"><img loading=\"lazy\" decoding=\"async\" class=\"alignleft size-full wp-image-117928\" src=\"http:\/\/www.bellunopress.it\/wp-content\/uploads\/2020\/09\/operatori-nevegal_edited.jpg\" alt=\"\" width=\"800\" height=\"507\" srcset=\"https:\/\/www.bellunopress.it\/wp-content\/uploads\/2020\/09\/operatori-nevegal_edited.jpg 800w, https:\/\/www.bellunopress.it\/wp-content\/uploads\/2020\/09\/operatori-nevegal_edited-500x317.jpg 500w, https:\/\/www.bellunopress.it\/wp-content\/uploads\/2020\/09\/operatori-nevegal_edited-696x441.jpg 696w, https:\/\/www.bellunopress.it\/wp-content\/uploads\/2020\/09\/operatori-nevegal_edited-663x420.jpg 663w\" sizes=\"auto, (max-width: 800px) 100vw, 800px\" \/><\/a>Ad aprire la conferenza questa mattina sulla terrazza della pizzeria Dal B\u00f2 in piazzale del Nevegal, \u00e8 stato Gianni Pastella, presidente dell&#8217;Associazione Vivaio Dolomiti,\u00a0 che ha ripercorso il passato del Colle, dagli anni &#8217;80 con il fallimento del consorzio di gestione, poi ripetuto dalla partecipata Nis del Comune. Dal 2012 subentra l&#8217;Alpe del Nevegal, attualmente in liquidazione, con un progressivo declino del comprensorio per le chiusure prima di Col Canil e poi delle Erte. Una situazione che porta allo stallo di oggi, che non vede nell&#8217;orizzonte immediato un gestore e condanna il Nevegal a rimanere senza piste per la stagione 2020\/2021. &#8220;Le due condizioni imposte da Massaro &#8211; sottolinea Pastella &#8211; la cessione degli impianti a titolo gratuito e la disponibilit\u00e0 immediata di un gestore pronto ad aprire gli impianti non sono verosimilmente realizzabili. E le attivit\u00e0 di 150 persone del Colle, che generano un indotto per Belluno valutabile in 10 milioni di euro l&#8217;anno, sono fortemente compromesse&#8221;.<\/p>\n<p>Alessandro Molin, direttore della Scuola di sci del Nevegal, con 30 maestri di sci e con 5mila primi ingressi alla scuola ogni stagione, dichiara: &#8220;Noi eravamo pronti alla gestione, ci siamo sentiti con Massimo Slaviero (Ceo Unifarco spa ndr) e gli operatori del Colle, se solo il Comune di Belluno avesse acquisito gli impianti in primavera. Devo dire purtroppo che con l&#8217;amministrazione comunale non c&#8217;\u00e8 stato dialogo&#8221;. &#8220;La chiusura di questa stagione determiner\u00e0 sicuramente delle ricadute. Cos\u00ec facciamo morire il futuro dello sci. Un esempio per tutti, il circuito della LatteBusche in due anni chiude&#8221;.<\/p>\n<p>Non ha mezzi termini Checco Zaino, degli operatori del Colle, che attribuisce tutte le responsabilit\u00e0 di questa situazione all&#8217;amministrazione comunale, auspicando altres\u00ec una mozione di sfiducia da parte delle opposizioni al sindaco Massaro. &#8220;Il Nevegal \u00e8 strategico e anche economico &#8211; fa notare Zaino, titolare dell&#8217;omonimo B&amp;B &#8211; la gente viene qui, ma dobbiamo creare un turismo attrattivo ripristinando le piste bike e dove vi siano opzioni di svago&#8221;.<\/p>\n<p>Preoccupato anche il vicepresidente Fisi Umberto Sommavilla &#8220;Abbiamo molte richieste di manifestazioni per il Nevegal alle quali non siamo in grado di dare risposta&#8221;.<\/p>\n<p>Drastica la dichiarazione di Sabrina Dal Farra, del Bar Ristoro Campo scuola Nevegal &#8220;Un anno di chiusura degli impianti &#8211; ha detto &#8211; dar\u00e0 una lezione a tutti coloro che criticano. E certamente non piacer\u00e0 ai bellunesi&#8221;.<\/p>\n<p>A conclusione dell&#8217;incontro \u00e8 intervenuto Enrico De Bona, che attraverso la societ\u00e0 Turistica Dolomiti ha gestito la stagione estiva a Pian dei Longhi e si \u00e8 dichiarato soddisfatto dei risultati ottenuti. &#8220;Il Nevegal &#8211; ha detto &#8211; va inteso e gestito come un comprensorio della Val Belluna, non gi\u00e0 del solo Comune di Belluno. Per questo si dovrebbero coinvolgere vari Comuni, anche quello di Treviso, creando un consorzio per la gestione&#8221;.<\/p>\n<p>(rdn)<\/p>\n<p>&nbsp;<\/p>\n<p>&nbsp;<\/p>","protected":false},"excerpt":{"rendered":"<p>Solo uno scatto d&#8217;orgoglio o un colpo di scena pu\u00f2 oramai salvare la stagione invernale del Nevegal. E&#8217; quanto si percepisce dalle osservazioni degli operatori del Colle che questa mattina hanno partecipato alla conferenza stampa organizzata dall&#8217;Associazione Vivaio Dolomiti. Anche perch\u00e9 l&#8217;ipotesi prospettata ieri dal sindaco di Belluno Jacopo Massaro di una gestione provvisoria che [&hellip;]<\/p>\n","protected":false},"author":2,"featured_media":117929,"comment_status":"closed","ping_status":"open","sticky":false,"template":"","format":"standard","meta":{"footnotes":""},"categories":[5,3446,36,26],"tags":[],"class_list":["post-117926","post","type-post","status-publish","format-standard","has-post-thumbnail","category-cronaca","category-featured","category-lavoro-economia","category-prima-pagina"],"yoast_head":"<!-- This site is optimized with the Yoast SEO plugin v28.4 - https:\/\/yoast.com\/product\/yoast-seo-wordpress\/ -->\n<title>Nevegal. Stagione invernale fortemente compromessa. La delusione degli operatori del Colle - Bellunopress - Dolomiti<\/title>\n<meta name=\"robots\" content=\"index, follow, max-snippet:-1, max-image-preview:large, max-video-preview:-1\" \/>\n<link rel=\"canonical\" href=\"https:\/\/www.bellunopress.it\/fr\/2020\/09\/26\/nevegal-stagione-invernale-fortemente-compromessa-la-delusione-degli-operatori-del-colle\/\" \/>\n<meta property=\"og:locale\" content=\"fr_FR\" \/>\n<meta property=\"og:type\" content=\"article\" \/>\n<meta property=\"og:title\" content=\"Nevegal. Stagione invernale fortemente compromessa. La delusione degli operatori del Colle - Bellunopress - Dolomiti\" \/>\n<meta property=\"og:description\" content=\"Solo uno scatto d&#8217;orgoglio o un colpo di scena pu\u00f2 oramai salvare la stagione invernale del Nevegal. E&#8217; quanto si percepisce dalle osservazioni degli operatori del Colle che questa mattina hanno partecipato alla conferenza stampa organizzata dall&#8217;Associazione Vivaio Dolomiti. Anche perch\u00e9 l&#8217;ipotesi prospettata ieri dal sindaco di Belluno Jacopo Massaro di una gestione provvisoria che [&hellip;]\" \/>\n<meta property=\"og:url\" content=\"https:\/\/www.bellunopress.it\/fr\/2020\/09\/26\/nevegal-stagione-invernale-fortemente-compromessa-la-delusione-degli-operatori-del-colle\/\" \/>\n<meta property=\"og:site_name\" content=\"Bellunopress - Dolomiti\" \/>\n<meta property=\"article:publisher\" content=\"https:\/\/www.facebook.com\/profile.php?id=100008943462799\" \/>\n<meta property=\"article:published_time\" content=\"2020-09-26T12:37:25+00:00\" \/>\n<meta property=\"article:modified_time\" content=\"2020-09-26T13:35:40+00:00\" \/>\n<meta property=\"og:image\" content=\"https:\/\/www.bellunopress.it\/wp-content\/uploads\/2020\/09\/impianti-nevegal_edited.jpg\" \/>\n\t<meta property=\"og:image:width\" content=\"800\" \/>\n\t<meta property=\"og:image:height\" content=\"585\" \/>\n\t<meta property=\"og:image:type\" content=\"image\/jpeg\" \/>\n<meta name=\"author\" content=\"redazione\" \/>\n<meta name=\"twitter:card\" content=\"summary_large_image\" \/>\n<meta name=\"twitter:creator\" content=\"@bellunopress\" \/>\n<meta name=\"twitter:site\" content=\"@bellunopress\" \/>\n<meta name=\"twitter:label1\" content=\"Written by\" \/>\n\t<meta name=\"twitter:data1\" content=\"redazione\" \/>\n\t<meta name=\"twitter:label2\" content=\"Est. reading time\" \/>\n\t<meta name=\"twitter:data2\" content=\"3 minutes\" \/>\n<script type=\"application\/ld+json\" class=\"yoast-schema-graph\">{\"@context\":\"https:\\\/\\\/schema.org\",\"@graph\":[{\"@type\":\"Article\",\"@id\":\"https:\\\/\\\/www.bellunopress.it\\\/2020\\\/09\\\/26\\\/nevegal-stagione-invernale-fortemente-compromessa-la-delusione-degli-operatori-del-colle\\\/#article\",\"isPartOf\":{\"@id\":\"https:\\\/\\\/www.bellunopress.it\\\/2020\\\/09\\\/26\\\/nevegal-stagione-invernale-fortemente-compromessa-la-delusione-degli-operatori-del-colle\\\/\"},\"author\":{\"name\":\"redazione\",\"@id\":\"https:\\\/\\\/www.bellunopress.it\\\/#\\\/schema\\\/person\\\/79bb06722b37ece1c03d3e94beb30d73\"},\"headline\":\"Nevegal. Stagione invernale fortemente compromessa. La delusione degli operatori del Colle\",\"datePublished\":\"2020-09-26T12:37:25+00:00\",\"dateModified\":\"2020-09-26T13:35:40+00:00\",\"mainEntityOfPage\":{\"@id\":\"https:\\\/\\\/www.bellunopress.it\\\/2020\\\/09\\\/26\\\/nevegal-stagione-invernale-fortemente-compromessa-la-delusione-degli-operatori-del-colle\\\/\"},\"wordCount\":694,\"publisher\":{\"@id\":\"https:\\\/\\\/www.bellunopress.it\\\/#organization\"},\"image\":{\"@id\":\"https:\\\/\\\/www.bellunopress.it\\\/2020\\\/09\\\/26\\\/nevegal-stagione-invernale-fortemente-compromessa-la-delusione-degli-operatori-del-colle\\\/#primaryimage\"},\"thumbnailUrl\":\"https:\\\/\\\/www.bellunopress.it\\\/wp-content\\\/uploads\\\/2020\\\/09\\\/impianti-nevegal_edited.jpg\",\"articleSection\":[\"Cronaca\\\/Politica\",\"Featured\",\"Lavoro, Economia, Turismo\",\"Prima Pagina\"],\"inLanguage\":\"fr-FR\"},{\"@type\":\"WebPage\",\"@id\":\"https:\\\/\\\/www.bellunopress.it\\\/2020\\\/09\\\/26\\\/nevegal-stagione-invernale-fortemente-compromessa-la-delusione-degli-operatori-del-colle\\\/\",\"url\":\"https:\\\/\\\/www.bellunopress.it\\\/2020\\\/09\\\/26\\\/nevegal-stagione-invernale-fortemente-compromessa-la-delusione-degli-operatori-del-colle\\\/\",\"name\":\"Nevegal. Stagione invernale fortemente compromessa. La delusione degli operatori del Colle - Bellunopress - Dolomiti\",\"isPartOf\":{\"@id\":\"https:\\\/\\\/www.bellunopress.it\\\/#website\"},\"primaryImageOfPage\":{\"@id\":\"https:\\\/\\\/www.bellunopress.it\\\/2020\\\/09\\\/26\\\/nevegal-stagione-invernale-fortemente-compromessa-la-delusione-degli-operatori-del-colle\\\/#primaryimage\"},\"image\":{\"@id\":\"https:\\\/\\\/www.bellunopress.it\\\/2020\\\/09\\\/26\\\/nevegal-stagione-invernale-fortemente-compromessa-la-delusione-degli-operatori-del-colle\\\/#primaryimage\"},\"thumbnailUrl\":\"https:\\\/\\\/www.bellunopress.it\\\/wp-content\\\/uploads\\\/2020\\\/09\\\/impianti-nevegal_edited.jpg\",\"datePublished\":\"2020-09-26T12:37:25+00:00\",\"dateModified\":\"2020-09-26T13:35:40+00:00\",\"breadcrumb\":{\"@id\":\"https:\\\/\\\/www.bellunopress.it\\\/2020\\\/09\\\/26\\\/nevegal-stagione-invernale-fortemente-compromessa-la-delusione-degli-operatori-del-colle\\\/#breadcrumb\"},\"inLanguage\":\"fr-FR\",\"potentialAction\":[{\"@type\":\"ReadAction\",\"target\":[\"https:\\\/\\\/www.bellunopress.it\\\/2020\\\/09\\\/26\\\/nevegal-stagione-invernale-fortemente-compromessa-la-delusione-degli-operatori-del-colle\\\/\"]}]},{\"@type\":\"ImageObject\",\"inLanguage\":\"fr-FR\",\"@id\":\"https:\\\/\\\/www.bellunopress.it\\\/2020\\\/09\\\/26\\\/nevegal-stagione-invernale-fortemente-compromessa-la-delusione-degli-operatori-del-colle\\\/#primaryimage\",\"url\":\"https:\\\/\\\/www.bellunopress.it\\\/wp-content\\\/uploads\\\/2020\\\/09\\\/impianti-nevegal_edited.jpg\",\"contentUrl\":\"https:\\\/\\\/www.bellunopress.it\\\/wp-content\\\/uploads\\\/2020\\\/09\\\/impianti-nevegal_edited.jpg\",\"width\":800,\"height\":585},{\"@type\":\"BreadcrumbList\",\"@id\":\"https:\\\/\\\/www.bellunopress.it\\\/2020\\\/09\\\/26\\\/nevegal-stagione-invernale-fortemente-compromessa-la-delusione-degli-operatori-del-colle\\\/#breadcrumb\",\"itemListElement\":[{\"@type\":\"ListItem\",\"position\":1,\"name\":\"Home\",\"item\":\"https:\\\/\\\/www.bellunopress.it\\\/\"},{\"@type\":\"ListItem\",\"position\":2,\"name\":\"Nevegal. Stagione invernale fortemente compromessa. La delusione degli operatori del Colle\"}]},{\"@type\":\"WebSite\",\"@id\":\"https:\\\/\\\/www.bellunopress.it\\\/#website\",\"url\":\"https:\\\/\\\/www.bellunopress.it\\\/\",\"name\":\"Bellunopress - Dolomiti\",\"description\":\"e-mail: redazione@bellunopress.it\",\"publisher\":{\"@id\":\"https:\\\/\\\/www.bellunopress.it\\\/#organization\"},\"potentialAction\":[{\"@type\":\"SearchAction\",\"target\":{\"@type\":\"EntryPoint\",\"urlTemplate\":\"https:\\\/\\\/www.bellunopress.it\\\/?s={search_term_string}\"},\"query-input\":{\"@type\":\"PropertyValueSpecification\",\"valueRequired\":true,\"valueName\":\"search_term_string\"}}],\"inLanguage\":\"fr-FR\"},{\"@type\":\"Organization\",\"@id\":\"https:\\\/\\\/www.bellunopress.it\\\/#organization\",\"name\":\"Bellunopress\",\"url\":\"https:\\\/\\\/www.bellunopress.it\\\/\",\"logo\":{\"@type\":\"ImageObject\",\"inLanguage\":\"fr-FR\",\"@id\":\"https:\\\/\\\/www.bellunopress.it\\\/#\\\/schema\\\/logo\\\/image\\\/\",\"url\":\"https:\\\/\\\/www.bellunopress.it\\\/wp-content\\\/uploads\\\/2011\\\/05\\\/cropped-logo-bellunopress-.jpg\",\"contentUrl\":\"https:\\\/\\\/www.bellunopress.it\\\/wp-content\\\/uploads\\\/2011\\\/05\\\/cropped-logo-bellunopress-.jpg\",\"width\":512,\"height\":512,\"caption\":\"Bellunopress\"},\"image\":{\"@id\":\"https:\\\/\\\/www.bellunopress.it\\\/#\\\/schema\\\/logo\\\/image\\\/\"},\"sameAs\":[\"https:\\\/\\\/www.facebook.com\\\/profile.php?id=100008943462799\",\"https:\\\/\\\/x.com\\\/bellunopress\",\"https:\\\/\\\/www.linkedin.com\\\/hp\\\/?dnr=JBzUWaJfMUw8vbXJJ2tVW5-I3jZKvC4wsoxE&amp;amp;amp;amp;amp;amp;trk=nav_responsive_tab_home\",\"https:\\\/\\\/www.youtube.com\\\/channel\\\/UCxL0wu1uN0_3_7hGG0306cw\"]},{\"@type\":\"Person\",\"@id\":\"https:\\\/\\\/www.bellunopress.it\\\/#\\\/schema\\\/person\\\/79bb06722b37ece1c03d3e94beb30d73\",\"name\":\"redazione\",\"image\":{\"@type\":\"ImageObject\",\"inLanguage\":\"fr-FR\",\"@id\":\"https:\\\/\\\/secure.gravatar.com\\\/avatar\\\/37d968a2e67a6fd04c169c4bdef102d0bc5d31b2546345219e348575eb80e9a0?s=96&d=mm&r=g\",\"url\":\"https:\\\/\\\/secure.gravatar.com\\\/avatar\\\/37d968a2e67a6fd04c169c4bdef102d0bc5d31b2546345219e348575eb80e9a0?s=96&d=mm&r=g\",\"contentUrl\":\"https:\\\/\\\/secure.gravatar.com\\\/avatar\\\/37d968a2e67a6fd04c169c4bdef102d0bc5d31b2546345219e348575eb80e9a0?s=96&d=mm&r=g\",\"caption\":\"redazione\"},\"sameAs\":[\"http:\\\/\\\/www.bellunopress.it\",\"https:\\\/\\\/x.com\\\/bellunopress\"],\"url\":\"https:\\\/\\\/www.bellunopress.it\\\/fr\\\/author\\\/redazione\\\/\"}]}<\/script>\n<!-- \/ Yoast SEO plugin. -->","yoast_head_json":{"title":"Nevegal. Stagione invernale fortemente compromessa. La delusione degli operatori del Colle - Bellunopress - Dolomiti","robots":{"index":"index","follow":"follow","max-snippet":"max-snippet:-1","max-image-preview":"max-image-preview:large","max-video-preview":"max-video-preview:-1"},"canonical":"https:\/\/www.bellunopress.it\/fr\/2020\/09\/26\/nevegal-stagione-invernale-fortemente-compromessa-la-delusione-degli-operatori-del-colle\/","og_locale":"fr_FR","og_type":"article","og_title":"Nevegal. Stagione invernale fortemente compromessa. La delusione degli operatori del Colle - Bellunopress - Dolomiti","og_description":"Solo uno scatto d&#8217;orgoglio o un colpo di scena pu\u00f2 oramai salvare la stagione invernale del Nevegal. E&#8217; quanto si percepisce dalle osservazioni degli operatori del Colle che questa mattina hanno partecipato alla conferenza stampa organizzata dall&#8217;Associazione Vivaio Dolomiti. Anche perch\u00e9 l&#8217;ipotesi prospettata ieri dal sindaco di Belluno Jacopo Massaro di una gestione provvisoria che [&hellip;]","og_url":"https:\/\/www.bellunopress.it\/fr\/2020\/09\/26\/nevegal-stagione-invernale-fortemente-compromessa-la-delusione-degli-operatori-del-colle\/","og_site_name":"Bellunopress - Dolomiti","article_publisher":"https:\/\/www.facebook.com\/profile.php?id=100008943462799","article_published_time":"2020-09-26T12:37:25+00:00","article_modified_time":"2020-09-26T13:35:40+00:00","og_image":[{"width":800,"height":585,"url":"https:\/\/www.bellunopress.it\/wp-content\/uploads\/2020\/09\/impianti-nevegal_edited.jpg","type":"image\/jpeg"}],"author":"redazione","twitter_card":"summary_large_image","twitter_creator":"@bellunopress","twitter_site":"@bellunopress","twitter_misc":{"Written by":"redazione","Est. reading time":"3 minutes"},"schema":{"@context":"https:\/\/schema.org","@graph":[{"@type":"Article","@id":"https:\/\/www.bellunopress.it\/2020\/09\/26\/nevegal-stagione-invernale-fortemente-compromessa-la-delusione-degli-operatori-del-colle\/#article","isPartOf":{"@id":"https:\/\/www.bellunopress.it\/2020\/09\/26\/nevegal-stagione-invernale-fortemente-compromessa-la-delusione-degli-operatori-del-colle\/"},"author":{"name":"redazione","@id":"https:\/\/www.bellunopress.it\/#\/schema\/person\/79bb06722b37ece1c03d3e94beb30d73"},"headline":"Nevegal. Stagione invernale fortemente compromessa. La delusione degli operatori del Colle","datePublished":"2020-09-26T12:37:25+00:00","dateModified":"2020-09-26T13:35:40+00:00","mainEntityOfPage":{"@id":"https:\/\/www.bellunopress.it\/2020\/09\/26\/nevegal-stagione-invernale-fortemente-compromessa-la-delusione-degli-operatori-del-colle\/"},"wordCount":694,"publisher":{"@id":"https:\/\/www.bellunopress.it\/#organization"},"image":{"@id":"https:\/\/www.bellunopress.it\/2020\/09\/26\/nevegal-stagione-invernale-fortemente-compromessa-la-delusione-degli-operatori-del-colle\/#primaryimage"},"thumbnailUrl":"https:\/\/www.bellunopress.it\/wp-content\/uploads\/2020\/09\/impianti-nevegal_edited.jpg","articleSection":["Cronaca\/Politica","Featured","Lavoro, Economia, Turismo","Prima Pagina"],"inLanguage":"fr-FR"},{"@type":"WebPage","@id":"https:\/\/www.bellunopress.it\/2020\/09\/26\/nevegal-stagione-invernale-fortemente-compromessa-la-delusione-degli-operatori-del-colle\/","url":"https:\/\/www.bellunopress.it\/2020\/09\/26\/nevegal-stagione-invernale-fortemente-compromessa-la-delusione-degli-operatori-del-colle\/","name":"Nevegal. Stagione invernale fortemente compromessa. La delusione degli operatori del Colle - Bellunopress - Dolomiti","isPartOf":{"@id":"https:\/\/www.bellunopress.it\/#website"},"primaryImageOfPage":{"@id":"https:\/\/www.bellunopress.it\/2020\/09\/26\/nevegal-stagione-invernale-fortemente-compromessa-la-delusione-degli-operatori-del-colle\/#primaryimage"},"image":{"@id":"https:\/\/www.bellunopress.it\/2020\/09\/26\/nevegal-stagione-invernale-fortemente-compromessa-la-delusione-degli-operatori-del-colle\/#primaryimage"},"thumbnailUrl":"https:\/\/www.bellunopress.it\/wp-content\/uploads\/2020\/09\/impianti-nevegal_edited.jpg","datePublished":"2020-09-26T12:37:25+00:00","dateModified":"2020-09-26T13:35:40+00:00","breadcrumb":{"@id":"https:\/\/www.bellunopress.it\/2020\/09\/26\/nevegal-stagione-invernale-fortemente-compromessa-la-delusione-degli-operatori-del-colle\/#breadcrumb"},"inLanguage":"fr-FR","potentialAction":[{"@type":"ReadAction","target":["https:\/\/www.bellunopress.it\/2020\/09\/26\/nevegal-stagione-invernale-fortemente-compromessa-la-delusione-degli-operatori-del-colle\/"]}]},{"@type":"ImageObject","inLanguage":"fr-FR","@id":"https:\/\/www.bellunopress.it\/2020\/09\/26\/nevegal-stagione-invernale-fortemente-compromessa-la-delusione-degli-operatori-del-colle\/#primaryimage","url":"https:\/\/www.bellunopress.it\/wp-content\/uploads\/2020\/09\/impianti-nevegal_edited.jpg","contentUrl":"https:\/\/www.bellunopress.it\/wp-content\/uploads\/2020\/09\/impianti-nevegal_edited.jpg","width":800,"height":585},{"@type":"BreadcrumbList","@id":"https:\/\/www.bellunopress.it\/2020\/09\/26\/nevegal-stagione-invernale-fortemente-compromessa-la-delusione-degli-operatori-del-colle\/#breadcrumb","itemListElement":[{"@type":"ListItem","position":1,"name":"Home","item":"https:\/\/www.bellunopress.it\/"},{"@type":"ListItem","position":2,"name":"Nevegal. Stagione invernale fortemente compromessa. La delusione degli operatori del Colle"}]},{"@type":"WebSite","@id":"https:\/\/www.bellunopress.it\/#website","url":"https:\/\/www.bellunopress.it\/","name":"Bellunopress - Dolomiti","description":"e-mail: redazione@bellunopress.it","publisher":{"@id":"https:\/\/www.bellunopress.it\/#organization"},"potentialAction":[{"@type":"SearchAction","target":{"@type":"EntryPoint","urlTemplate":"https:\/\/www.bellunopress.it\/?s={search_term_string}"},"query-input":{"@type":"PropertyValueSpecification","valueRequired":true,"valueName":"search_term_string"}}],"inLanguage":"fr-FR"},{"@type":"Organization","@id":"https:\/\/www.bellunopress.it\/#organization","name":"Bellunopress","url":"https:\/\/www.bellunopress.it\/","logo":{"@type":"ImageObject","inLanguage":"fr-FR","@id":"https:\/\/www.bellunopress.it\/#\/schema\/logo\/image\/","url":"https:\/\/www.bellunopress.it\/wp-content\/uploads\/2011\/05\/cropped-logo-bellunopress-.jpg","contentUrl":"https:\/\/www.bellunopress.it\/wp-content\/uploads\/2011\/05\/cropped-logo-bellunopress-.jpg","width":512,"height":512,"caption":"Bellunopress"},"image":{"@id":"https:\/\/www.bellunopress.it\/#\/schema\/logo\/image\/"},"sameAs":["https:\/\/www.facebook.com\/profile.php?id=100008943462799","https:\/\/x.com\/bellunopress","https:\/\/www.linkedin.com\/hp\/?dnr=JBzUWaJfMUw8vbXJJ2tVW5-I3jZKvC4wsoxE&amp;amp;amp;amp;amp;amp;trk=nav_responsive_tab_home","https:\/\/www.youtube.com\/channel\/UCxL0wu1uN0_3_7hGG0306cw"]},{"@type":"Person","@id":"https:\/\/www.bellunopress.it\/#\/schema\/person\/79bb06722b37ece1c03d3e94beb30d73","name":"r\u00e9daction","image":{"@type":"ImageObject","inLanguage":"fr-FR","@id":"https:\/\/secure.gravatar.com\/avatar\/37d968a2e67a6fd04c169c4bdef102d0bc5d31b2546345219e348575eb80e9a0?s=96&d=mm&r=g","url":"https:\/\/secure.gravatar.com\/avatar\/37d968a2e67a6fd04c169c4bdef102d0bc5d31b2546345219e348575eb80e9a0?s=96&d=mm&r=g","contentUrl":"https:\/\/secure.gravatar.com\/avatar\/37d968a2e67a6fd04c169c4bdef102d0bc5d31b2546345219e348575eb80e9a0?s=96&d=mm&r=g","caption":"redazione"},"sameAs":["http:\/\/www.bellunopress.it","https:\/\/x.com\/bellunopress"],"url":"https:\/\/www.bellunopress.it\/fr\/author\/redazione\/"}]}},"_links":{"self":[{"href":"https:\/\/www.bellunopress.it\/fr\/wp-json\/wp\/v2\/posts\/117926","targetHints":{"allow":["GET"]}}],"collection":[{"href":"https:\/\/www.bellunopress.it\/fr\/wp-json\/wp\/v2\/posts"}],"about":[{"href":"https:\/\/www.bellunopress.it\/fr\/wp-json\/wp\/v2\/types\/post"}],"author":[{"embeddable":true,"href":"https:\/\/www.bellunopress.it\/fr\/wp-json\/wp\/v2\/users\/2"}],"replies":[{"embeddable":true,"href":"https:\/\/www.bellunopress.it\/fr\/wp-json\/wp\/v2\/comments?post=117926"}],"version-history":[{"count":2,"href":"https:\/\/www.bellunopress.it\/fr\/wp-json\/wp\/v2\/posts\/117926\/revisions"}],"predecessor-version":[{"id":117931,"href":"https:\/\/www.bellunopress.it\/fr\/wp-json\/wp\/v2\/posts\/117926\/revisions\/117931"}],"wp:featuredmedia":[{"embeddable":true,"href":"https:\/\/www.bellunopress.it\/fr\/wp-json\/wp\/v2\/media\/117929"}],"wp:attachment":[{"href":"https:\/\/www.bellunopress.it\/fr\/wp-json\/wp\/v2\/media?parent=117926"}],"wp:term":[{"taxonomy":"category","embeddable":true,"href":"https:\/\/www.bellunopress.it\/fr\/wp-json\/wp\/v2\/categories?post=117926"},{"taxonomy":"post_tag","embeddable":true,"href":"https:\/\/www.bellunopress.it\/fr\/wp-json\/wp\/v2\/tags?post=117926"}],"curies":[{"name":"wp","href":"https:\/\/api.w.org\/{rel}","templated":true}]}}