{"id":11790,"date":"2010-01-23T15:09:04","date_gmt":"2010-01-23T14:09:04","guid":{"rendered":"http:\/\/www.bellunopress.it\/?p=11790"},"modified":"2010-01-23T15:36:15","modified_gmt":"2010-01-23T14:36:15","slug":"l%e2%80%99assessore-toscani-in-visita-al-cardinale-ruini-per-promuovere-il-cammino-delle-dolomiti%e2%80%9d-con-quello-di-%e2%80%9csantiago-de-compostela%e2%80%9d","status":"publish","type":"post","link":"https:\/\/www.bellunopress.it\/fr\/2010\/01\/23\/l%e2%80%99assessore-toscani-in-visita-al-cardinale-ruini-per-promuovere-il-cammino-delle-dolomiti%e2%80%9d-con-quello-di-%e2%80%9csantiago-de-compostela%e2%80%9d\/","title":{"rendered":"L\u2019assessore Toscani in visita al cardinale Ruini per promuovere il &#8220;Cammino delle Dolomiti\u201d con quello di \u201cSantiago de Compostela\u201d"},"content":{"rendered":"<p><a href=\"http:\/\/www.bellunopress.it\/wp-content\/uploads\/2010\/01\/matteo-toscani.jpg\"><img loading=\"lazy\" decoding=\"async\" class=\"alignleft size-medium wp-image-11535\" title=\"matteo-toscani\" src=\"http:\/\/www.bellunopress.it\/wp-content\/uploads\/2010\/01\/matteo-toscani.jpg\" alt=\"\" width=\"270\" height=\"270\" srcset=\"https:\/\/www.bellunopress.it\/wp-content\/uploads\/2010\/01\/matteo-toscani.jpg 270w, https:\/\/www.bellunopress.it\/wp-content\/uploads\/2010\/01\/matteo-toscani-150x150.jpg 150w\" sizes=\"auto, (max-width: 270px) 100vw, 270px\" \/><\/a>A margine dello JOSP (Journeys of the Spirit), la Fiera degli itinerari dello spirito svoltasi a Roma, l\u2019assessore provinciale Matteo Toscani ha incontrato, nella residenza privata dell\u2019alto prelato, il cardinale Camillo Ruini.<br \/>\n\u00abUn\u2019ora di dialogo sereno, in cui il cardinale si \u00e8 dimostrato molto interessato alla montagna bellunese e cadorina in particolare, visto che la nonna abitava a Valle &#8211; ha spiegato Toscani, che di Valle \u00e8 anche sindaco &#8211; . Ha ripercorso mentalmente le montagne a lui care, i luoghi che ha avuto occasione di visitare, in particolare Venas ed il suo Borgo di Suppiane. Mi ha poi chiesto della nostra situazione economica nel Cadore, della conservazione del paese e delle ipotesi di sviluppo turistico, con particolare riferimento alle iniziative culturali e di valorizzazione dei preziosi tesori d\u2019arte ecclesiastica bellunese\u00bb. Il cardinale Ruini \u00e8 stato presidente della Cei e anche dell\u2019Opera Romana Pellegrinaggi: \u00abProprio prendendo spunto dalla sua conoscenza in materia dei luoghi di fede, \u00e8 nata l\u2019idea di una promozione sinergica del nostro \u201cCammino delle Dolomiti\u201d con il famoso e frequentatissimo \u201cCammino di Santiago de Compostela &#8211; ha detto Toscani &#8211; . Per noi si tratterebbe di un&#8217;occasione unica ed imperdibile per valorizzare e promuovere, a livello internazionale, quel bellissimo percorso ideato e voluto dalla Diocesi di Belluno-Feltre. Un piccolo viaggio che attraversa i luoghi pi\u00f9 suggestivi della nostra provincia, andando a percorrere una sentieristica esistente e che si addentra tra l\u2019altro anche nei siti del patrimonio Unesco\u00bb. All\u2019incontro informale seguir\u00e0 sicuramente un approfondimento con il coinvolgimento della Diocesi locali, affinch\u00e9 una semplice idea possa diventare un vero e proprio progetto. \u00ab\u00c8 stato molto gratificante percepire il suo attaccamento alla nostra terra &#8211; ha concluso Toscani &#8211;\u00a0 e l\u2019interesse per le condizioni economico-sociali. Sono certo che da questo incontro potranno sortire utili effetti nella promozione del grande valore ambientale ed architettonico della nostra provincia\u00bb.<\/p>","protected":false},"excerpt":{"rendered":"<p>A margine dello JOSP (Journeys of the Spirit), la Fiera degli itinerari dello spirito svoltasi a Roma, l\u2019assessore provinciale Matteo Toscani ha incontrato, nella residenza privata dell\u2019alto prelato, il cardinale Camillo Ruini. \u00abUn\u2019ora di dialogo sereno, in cui il cardinale si \u00e8 dimostrato molto interessato alla montagna bellunese e cadorina in particolare, visto che la [&hellip;]<\/p>\n","protected":false},"author":2,"featured_media":0,"comment_status":"closed","ping_status":"open","sticky":false,"template":"","format":"standard","meta":{"footnotes":""},"categories":[5,26],"tags":[139,151,63,302],"class_list":["post-11790","post","type-post","status-publish","format-standard","category-cronaca","category-prima-pagina","tag-belluno","tag-cadore","tag-dolomiti","tag-feltre"],"yoast_head":"<!-- This site is optimized with the Yoast SEO plugin v28.4 - https:\/\/yoast.com\/product\/yoast-seo-wordpress\/ -->\n<title>L\u2019assessore Toscani in visita al cardinale Ruini per promuovere il &quot;Cammino delle Dolomiti\u201d con quello di \u201cSantiago de Compostela\u201d - Bellunopress - Dolomiti<\/title>\n<meta name=\"robots\" content=\"index, follow, max-snippet:-1, max-image-preview:large, max-video-preview:-1\" \/>\n<link rel=\"canonical\" href=\"https:\/\/www.bellunopress.it\/fr\/2010\/01\/23\/l\u2019assessore-toscani-in-visita-al-cardinale-ruini-per-promuovere-il-cammino-delle-dolomiti\u201d-con-quello-di-\u201csantiago-de-compostela\u201d\/\" \/>\n<meta property=\"og:locale\" content=\"fr_FR\" \/>\n<meta property=\"og:type\" content=\"article\" \/>\n<meta property=\"og:title\" content=\"L\u2019assessore Toscani in visita al cardinale Ruini per promuovere il &quot;Cammino delle Dolomiti\u201d con quello di \u201cSantiago de Compostela\u201d - Bellunopress - Dolomiti\" \/>\n<meta property=\"og:description\" content=\"A margine dello JOSP (Journeys of the Spirit), la Fiera degli itinerari dello spirito svoltasi a Roma, l\u2019assessore provinciale Matteo Toscani ha incontrato, nella residenza privata dell\u2019alto prelato, il cardinale Camillo Ruini. \u00abUn\u2019ora di dialogo sereno, in cui il cardinale si \u00e8 dimostrato molto interessato alla montagna bellunese e cadorina in particolare, visto che la [&hellip;]\" \/>\n<meta property=\"og:url\" content=\"https:\/\/www.bellunopress.it\/fr\/2010\/01\/23\/l\u2019assessore-toscani-in-visita-al-cardinale-ruini-per-promuovere-il-cammino-delle-dolomiti\u201d-con-quello-di-\u201csantiago-de-compostela\u201d\/\" \/>\n<meta property=\"og:site_name\" content=\"Bellunopress - Dolomiti\" \/>\n<meta property=\"article:publisher\" content=\"https:\/\/www.facebook.com\/profile.php?id=100008943462799\" \/>\n<meta property=\"article:published_time\" content=\"2010-01-23T14:09:04+00:00\" \/>\n<meta property=\"article:modified_time\" content=\"2010-01-23T14:36:15+00:00\" \/>\n<meta property=\"og:image\" content=\"http:\/\/www.bellunopress.it\/wp-content\/uploads\/2010\/01\/matteo-toscani.jpg\" \/>\n<meta name=\"author\" content=\"redazione\" \/>\n<meta name=\"twitter:card\" content=\"summary_large_image\" \/>\n<meta name=\"twitter:creator\" content=\"@bellunopress\" \/>\n<meta name=\"twitter:site\" content=\"@bellunopress\" \/>\n<meta name=\"twitter:label1\" content=\"\u00c9crit par\" \/>\n\t<meta name=\"twitter:data1\" content=\"redazione\" \/>\n\t<meta name=\"twitter:label2\" content=\"Dur\u00e9e de lecture estim\u00e9e\" \/>\n\t<meta name=\"twitter:data2\" content=\"2 minutes\" \/>\n<script type=\"application\/ld+json\" class=\"yoast-schema-graph\">{\"@context\":\"https:\\\/\\\/schema.org\",\"@graph\":[{\"@type\":\"Article\",\"@id\":\"https:\\\/\\\/www.bellunopress.it\\\/2010\\\/01\\\/23\\\/l%e2%80%99assessore-toscani-in-visita-al-cardinale-ruini-per-promuovere-il-cammino-delle-dolomiti%e2%80%9d-con-quello-di-%e2%80%9csantiago-de-compostela%e2%80%9d\\\/#article\",\"isPartOf\":{\"@id\":\"https:\\\/\\\/www.bellunopress.it\\\/2010\\\/01\\\/23\\\/l%e2%80%99assessore-toscani-in-visita-al-cardinale-ruini-per-promuovere-il-cammino-delle-dolomiti%e2%80%9d-con-quello-di-%e2%80%9csantiago-de-compostela%e2%80%9d\\\/\"},\"author\":{\"name\":\"redazione\",\"@id\":\"https:\\\/\\\/www.bellunopress.it\\\/#\\\/schema\\\/person\\\/79bb06722b37ece1c03d3e94beb30d73\"},\"headline\":\"L\u2019assessore Toscani in visita al cardinale Ruini per promuovere il &#8220;Cammino delle Dolomiti\u201d con quello di \u201cSantiago de Compostela\u201d\",\"datePublished\":\"2010-01-23T14:09:04+00:00\",\"dateModified\":\"2010-01-23T14:36:15+00:00\",\"mainEntityOfPage\":{\"@id\":\"https:\\\/\\\/www.bellunopress.it\\\/2010\\\/01\\\/23\\\/l%e2%80%99assessore-toscani-in-visita-al-cardinale-ruini-per-promuovere-il-cammino-delle-dolomiti%e2%80%9d-con-quello-di-%e2%80%9csantiago-de-compostela%e2%80%9d\\\/\"},\"wordCount\":329,\"publisher\":{\"@id\":\"https:\\\/\\\/www.bellunopress.it\\\/#organization\"},\"image\":{\"@id\":\"https:\\\/\\\/www.bellunopress.it\\\/2010\\\/01\\\/23\\\/l%e2%80%99assessore-toscani-in-visita-al-cardinale-ruini-per-promuovere-il-cammino-delle-dolomiti%e2%80%9d-con-quello-di-%e2%80%9csantiago-de-compostela%e2%80%9d\\\/#primaryimage\"},\"thumbnailUrl\":\"http:\\\/\\\/www.bellunopress.it\\\/wp-content\\\/uploads\\\/2010\\\/01\\\/matteo-toscani.jpg\",\"keywords\":[\"Belluno\",\"Cadore\",\"Dolomiti\",\"Feltre\"],\"articleSection\":[\"Cronaca\\\/Politica\",\"Prima Pagina\"],\"inLanguage\":\"fr-FR\"},{\"@type\":\"WebPage\",\"@id\":\"https:\\\/\\\/www.bellunopress.it\\\/2010\\\/01\\\/23\\\/l%e2%80%99assessore-toscani-in-visita-al-cardinale-ruini-per-promuovere-il-cammino-delle-dolomiti%e2%80%9d-con-quello-di-%e2%80%9csantiago-de-compostela%e2%80%9d\\\/\",\"url\":\"https:\\\/\\\/www.bellunopress.it\\\/2010\\\/01\\\/23\\\/l%e2%80%99assessore-toscani-in-visita-al-cardinale-ruini-per-promuovere-il-cammino-delle-dolomiti%e2%80%9d-con-quello-di-%e2%80%9csantiago-de-compostela%e2%80%9d\\\/\",\"name\":\"L\u2019assessore Toscani in visita al cardinale Ruini per promuovere il \\\"Cammino delle Dolomiti\u201d con quello di \u201cSantiago de Compostela\u201d - Bellunopress - Dolomiti\",\"isPartOf\":{\"@id\":\"https:\\\/\\\/www.bellunopress.it\\\/#website\"},\"primaryImageOfPage\":{\"@id\":\"https:\\\/\\\/www.bellunopress.it\\\/2010\\\/01\\\/23\\\/l%e2%80%99assessore-toscani-in-visita-al-cardinale-ruini-per-promuovere-il-cammino-delle-dolomiti%e2%80%9d-con-quello-di-%e2%80%9csantiago-de-compostela%e2%80%9d\\\/#primaryimage\"},\"image\":{\"@id\":\"https:\\\/\\\/www.bellunopress.it\\\/2010\\\/01\\\/23\\\/l%e2%80%99assessore-toscani-in-visita-al-cardinale-ruini-per-promuovere-il-cammino-delle-dolomiti%e2%80%9d-con-quello-di-%e2%80%9csantiago-de-compostela%e2%80%9d\\\/#primaryimage\"},\"thumbnailUrl\":\"http:\\\/\\\/www.bellunopress.it\\\/wp-content\\\/uploads\\\/2010\\\/01\\\/matteo-toscani.jpg\",\"datePublished\":\"2010-01-23T14:09:04+00:00\",\"dateModified\":\"2010-01-23T14:36:15+00:00\",\"breadcrumb\":{\"@id\":\"https:\\\/\\\/www.bellunopress.it\\\/2010\\\/01\\\/23\\\/l%e2%80%99assessore-toscani-in-visita-al-cardinale-ruini-per-promuovere-il-cammino-delle-dolomiti%e2%80%9d-con-quello-di-%e2%80%9csantiago-de-compostela%e2%80%9d\\\/#breadcrumb\"},\"inLanguage\":\"fr-FR\",\"potentialAction\":[{\"@type\":\"ReadAction\",\"target\":[\"https:\\\/\\\/www.bellunopress.it\\\/2010\\\/01\\\/23\\\/l%e2%80%99assessore-toscani-in-visita-al-cardinale-ruini-per-promuovere-il-cammino-delle-dolomiti%e2%80%9d-con-quello-di-%e2%80%9csantiago-de-compostela%e2%80%9d\\\/\"]}]},{\"@type\":\"ImageObject\",\"inLanguage\":\"fr-FR\",\"@id\":\"https:\\\/\\\/www.bellunopress.it\\\/2010\\\/01\\\/23\\\/l%e2%80%99assessore-toscani-in-visita-al-cardinale-ruini-per-promuovere-il-cammino-delle-dolomiti%e2%80%9d-con-quello-di-%e2%80%9csantiago-de-compostela%e2%80%9d\\\/#primaryimage\",\"url\":\"http:\\\/\\\/www.bellunopress.it\\\/wp-content\\\/uploads\\\/2010\\\/01\\\/matteo-toscani.jpg\",\"contentUrl\":\"http:\\\/\\\/www.bellunopress.it\\\/wp-content\\\/uploads\\\/2010\\\/01\\\/matteo-toscani.jpg\"},{\"@type\":\"BreadcrumbList\",\"@id\":\"https:\\\/\\\/www.bellunopress.it\\\/2010\\\/01\\\/23\\\/l%e2%80%99assessore-toscani-in-visita-al-cardinale-ruini-per-promuovere-il-cammino-delle-dolomiti%e2%80%9d-con-quello-di-%e2%80%9csantiago-de-compostela%e2%80%9d\\\/#breadcrumb\",\"itemListElement\":[{\"@type\":\"ListItem\",\"position\":1,\"name\":\"Home\",\"item\":\"https:\\\/\\\/www.bellunopress.it\\\/\"},{\"@type\":\"ListItem\",\"position\":2,\"name\":\"L\u2019assessore Toscani in visita al cardinale Ruini per promuovere il &#8220;Cammino delle Dolomiti\u201d con quello di \u201cSantiago de Compostela\u201d\"}]},{\"@type\":\"WebSite\",\"@id\":\"https:\\\/\\\/www.bellunopress.it\\\/#website\",\"url\":\"https:\\\/\\\/www.bellunopress.it\\\/\",\"name\":\"Bellunopress - Dolomiti\",\"description\":\"e-mail: redazione@bellunopress.it\",\"publisher\":{\"@id\":\"https:\\\/\\\/www.bellunopress.it\\\/#organization\"},\"potentialAction\":[{\"@type\":\"SearchAction\",\"target\":{\"@type\":\"EntryPoint\",\"urlTemplate\":\"https:\\\/\\\/www.bellunopress.it\\\/?s={search_term_string}\"},\"query-input\":{\"@type\":\"PropertyValueSpecification\",\"valueRequired\":true,\"valueName\":\"search_term_string\"}}],\"inLanguage\":\"fr-FR\"},{\"@type\":\"Organization\",\"@id\":\"https:\\\/\\\/www.bellunopress.it\\\/#organization\",\"name\":\"Bellunopress\",\"url\":\"https:\\\/\\\/www.bellunopress.it\\\/\",\"logo\":{\"@type\":\"ImageObject\",\"inLanguage\":\"fr-FR\",\"@id\":\"https:\\\/\\\/www.bellunopress.it\\\/#\\\/schema\\\/logo\\\/image\\\/\",\"url\":\"https:\\\/\\\/www.bellunopress.it\\\/wp-content\\\/uploads\\\/2011\\\/05\\\/cropped-logo-bellunopress-.jpg\",\"contentUrl\":\"https:\\\/\\\/www.bellunopress.it\\\/wp-content\\\/uploads\\\/2011\\\/05\\\/cropped-logo-bellunopress-.jpg\",\"width\":512,\"height\":512,\"caption\":\"Bellunopress\"},\"image\":{\"@id\":\"https:\\\/\\\/www.bellunopress.it\\\/#\\\/schema\\\/logo\\\/image\\\/\"},\"sameAs\":[\"https:\\\/\\\/www.facebook.com\\\/profile.php?id=100008943462799\",\"https:\\\/\\\/x.com\\\/bellunopress\",\"https:\\\/\\\/www.linkedin.com\\\/hp\\\/?dnr=JBzUWaJfMUw8vbXJJ2tVW5-I3jZKvC4wsoxE&amp;amp;amp;amp;amp;amp;trk=nav_responsive_tab_home\",\"https:\\\/\\\/www.youtube.com\\\/channel\\\/UCxL0wu1uN0_3_7hGG0306cw\"]},{\"@type\":\"Person\",\"@id\":\"https:\\\/\\\/www.bellunopress.it\\\/#\\\/schema\\\/person\\\/79bb06722b37ece1c03d3e94beb30d73\",\"name\":\"redazione\",\"image\":{\"@type\":\"ImageObject\",\"inLanguage\":\"fr-FR\",\"@id\":\"https:\\\/\\\/secure.gravatar.com\\\/avatar\\\/37d968a2e67a6fd04c169c4bdef102d0bc5d31b2546345219e348575eb80e9a0?s=96&d=mm&r=g\",\"url\":\"https:\\\/\\\/secure.gravatar.com\\\/avatar\\\/37d968a2e67a6fd04c169c4bdef102d0bc5d31b2546345219e348575eb80e9a0?s=96&d=mm&r=g\",\"contentUrl\":\"https:\\\/\\\/secure.gravatar.com\\\/avatar\\\/37d968a2e67a6fd04c169c4bdef102d0bc5d31b2546345219e348575eb80e9a0?s=96&d=mm&r=g\",\"caption\":\"redazione\"},\"sameAs\":[\"http:\\\/\\\/www.bellunopress.it\",\"https:\\\/\\\/x.com\\\/bellunopress\"],\"url\":\"https:\\\/\\\/www.bellunopress.it\\\/fr\\\/author\\\/redazione\\\/\"}]}<\/script>\n<!-- \/ Yoast SEO plugin. -->","yoast_head_json":{"title":"L\u2019assessore Toscani in visita al cardinale Ruini per promuovere il \"Cammino delle Dolomiti\u201d con quello di \u201cSantiago de Compostela\u201d - Bellunopress - Dolomiti","robots":{"index":"index","follow":"follow","max-snippet":"max-snippet:-1","max-image-preview":"max-image-preview:large","max-video-preview":"max-video-preview:-1"},"canonical":"https:\/\/www.bellunopress.it\/fr\/2010\/01\/23\/l\u2019assessore-toscani-in-visita-al-cardinale-ruini-per-promuovere-il-cammino-delle-dolomiti\u201d-con-quello-di-\u201csantiago-de-compostela\u201d\/","og_locale":"fr_FR","og_type":"article","og_title":"L\u2019assessore Toscani in visita al cardinale Ruini per promuovere il \"Cammino delle Dolomiti\u201d con quello di \u201cSantiago de Compostela\u201d - Bellunopress - Dolomiti","og_description":"A margine dello JOSP (Journeys of the Spirit), la Fiera degli itinerari dello spirito svoltasi a Roma, l\u2019assessore provinciale Matteo Toscani ha incontrato, nella residenza privata dell\u2019alto prelato, il cardinale Camillo Ruini. \u00abUn\u2019ora di dialogo sereno, in cui il cardinale si \u00e8 dimostrato molto interessato alla montagna bellunese e cadorina in particolare, visto che la [&hellip;]","og_url":"https:\/\/www.bellunopress.it\/fr\/2010\/01\/23\/l\u2019assessore-toscani-in-visita-al-cardinale-ruini-per-promuovere-il-cammino-delle-dolomiti\u201d-con-quello-di-\u201csantiago-de-compostela\u201d\/","og_site_name":"Bellunopress - Dolomiti","article_publisher":"https:\/\/www.facebook.com\/profile.php?id=100008943462799","article_published_time":"2010-01-23T14:09:04+00:00","article_modified_time":"2010-01-23T14:36:15+00:00","og_image":[{"url":"http:\/\/www.bellunopress.it\/wp-content\/uploads\/2010\/01\/matteo-toscani.jpg","type":"","width":"","height":""}],"author":"redazione","twitter_card":"summary_large_image","twitter_creator":"@bellunopress","twitter_site":"@bellunopress","twitter_misc":{"\u00c9crit par":"redazione","Dur\u00e9e de lecture estim\u00e9e":"2 minutes"},"schema":{"@context":"https:\/\/schema.org","@graph":[{"@type":"Article","@id":"https:\/\/www.bellunopress.it\/2010\/01\/23\/l%e2%80%99assessore-toscani-in-visita-al-cardinale-ruini-per-promuovere-il-cammino-delle-dolomiti%e2%80%9d-con-quello-di-%e2%80%9csantiago-de-compostela%e2%80%9d\/#article","isPartOf":{"@id":"https:\/\/www.bellunopress.it\/2010\/01\/23\/l%e2%80%99assessore-toscani-in-visita-al-cardinale-ruini-per-promuovere-il-cammino-delle-dolomiti%e2%80%9d-con-quello-di-%e2%80%9csantiago-de-compostela%e2%80%9d\/"},"author":{"name":"redazione","@id":"https:\/\/www.bellunopress.it\/#\/schema\/person\/79bb06722b37ece1c03d3e94beb30d73"},"headline":"L\u2019assessore Toscani in visita al cardinale Ruini per promuovere il &#8220;Cammino delle Dolomiti\u201d con quello di \u201cSantiago de Compostela\u201d","datePublished":"2010-01-23T14:09:04+00:00","dateModified":"2010-01-23T14:36:15+00:00","mainEntityOfPage":{"@id":"https:\/\/www.bellunopress.it\/2010\/01\/23\/l%e2%80%99assessore-toscani-in-visita-al-cardinale-ruini-per-promuovere-il-cammino-delle-dolomiti%e2%80%9d-con-quello-di-%e2%80%9csantiago-de-compostela%e2%80%9d\/"},"wordCount":329,"publisher":{"@id":"https:\/\/www.bellunopress.it\/#organization"},"image":{"@id":"https:\/\/www.bellunopress.it\/2010\/01\/23\/l%e2%80%99assessore-toscani-in-visita-al-cardinale-ruini-per-promuovere-il-cammino-delle-dolomiti%e2%80%9d-con-quello-di-%e2%80%9csantiago-de-compostela%e2%80%9d\/#primaryimage"},"thumbnailUrl":"http:\/\/www.bellunopress.it\/wp-content\/uploads\/2010\/01\/matteo-toscani.jpg","keywords":["Belluno","Cadore","Dolomiti","Feltre"],"articleSection":["Cronaca\/Politica","Prima Pagina"],"inLanguage":"fr-FR"},{"@type":"WebPage","@id":"https:\/\/www.bellunopress.it\/2010\/01\/23\/l%e2%80%99assessore-toscani-in-visita-al-cardinale-ruini-per-promuovere-il-cammino-delle-dolomiti%e2%80%9d-con-quello-di-%e2%80%9csantiago-de-compostela%e2%80%9d\/","url":"https:\/\/www.bellunopress.it\/2010\/01\/23\/l%e2%80%99assessore-toscani-in-visita-al-cardinale-ruini-per-promuovere-il-cammino-delle-dolomiti%e2%80%9d-con-quello-di-%e2%80%9csantiago-de-compostela%e2%80%9d\/","name":"L\u2019assessore Toscani in visita al cardinale Ruini per promuovere il \"Cammino delle Dolomiti\u201d con quello di \u201cSantiago de Compostela\u201d - Bellunopress - Dolomiti","isPartOf":{"@id":"https:\/\/www.bellunopress.it\/#website"},"primaryImageOfPage":{"@id":"https:\/\/www.bellunopress.it\/2010\/01\/23\/l%e2%80%99assessore-toscani-in-visita-al-cardinale-ruini-per-promuovere-il-cammino-delle-dolomiti%e2%80%9d-con-quello-di-%e2%80%9csantiago-de-compostela%e2%80%9d\/#primaryimage"},"image":{"@id":"https:\/\/www.bellunopress.it\/2010\/01\/23\/l%e2%80%99assessore-toscani-in-visita-al-cardinale-ruini-per-promuovere-il-cammino-delle-dolomiti%e2%80%9d-con-quello-di-%e2%80%9csantiago-de-compostela%e2%80%9d\/#primaryimage"},"thumbnailUrl":"http:\/\/www.bellunopress.it\/wp-content\/uploads\/2010\/01\/matteo-toscani.jpg","datePublished":"2010-01-23T14:09:04+00:00","dateModified":"2010-01-23T14:36:15+00:00","breadcrumb":{"@id":"https:\/\/www.bellunopress.it\/2010\/01\/23\/l%e2%80%99assessore-toscani-in-visita-al-cardinale-ruini-per-promuovere-il-cammino-delle-dolomiti%e2%80%9d-con-quello-di-%e2%80%9csantiago-de-compostela%e2%80%9d\/#breadcrumb"},"inLanguage":"fr-FR","potentialAction":[{"@type":"ReadAction","target":["https:\/\/www.bellunopress.it\/2010\/01\/23\/l%e2%80%99assessore-toscani-in-visita-al-cardinale-ruini-per-promuovere-il-cammino-delle-dolomiti%e2%80%9d-con-quello-di-%e2%80%9csantiago-de-compostela%e2%80%9d\/"]}]},{"@type":"ImageObject","inLanguage":"fr-FR","@id":"https:\/\/www.bellunopress.it\/2010\/01\/23\/l%e2%80%99assessore-toscani-in-visita-al-cardinale-ruini-per-promuovere-il-cammino-delle-dolomiti%e2%80%9d-con-quello-di-%e2%80%9csantiago-de-compostela%e2%80%9d\/#primaryimage","url":"http:\/\/www.bellunopress.it\/wp-content\/uploads\/2010\/01\/matteo-toscani.jpg","contentUrl":"http:\/\/www.bellunopress.it\/wp-content\/uploads\/2010\/01\/matteo-toscani.jpg"},{"@type":"BreadcrumbList","@id":"https:\/\/www.bellunopress.it\/2010\/01\/23\/l%e2%80%99assessore-toscani-in-visita-al-cardinale-ruini-per-promuovere-il-cammino-delle-dolomiti%e2%80%9d-con-quello-di-%e2%80%9csantiago-de-compostela%e2%80%9d\/#breadcrumb","itemListElement":[{"@type":"ListItem","position":1,"name":"Home","item":"https:\/\/www.bellunopress.it\/"},{"@type":"ListItem","position":2,"name":"L\u2019assessore Toscani in visita al cardinale Ruini per promuovere il &#8220;Cammino delle Dolomiti\u201d con quello di \u201cSantiago de Compostela\u201d"}]},{"@type":"WebSite","@id":"https:\/\/www.bellunopress.it\/#website","url":"https:\/\/www.bellunopress.it\/","name":"Bellunopress - Dolomiti","description":"e-mail: redazione@bellunopress.it","publisher":{"@id":"https:\/\/www.bellunopress.it\/#organization"},"potentialAction":[{"@type":"SearchAction","target":{"@type":"EntryPoint","urlTemplate":"https:\/\/www.bellunopress.it\/?s={search_term_string}"},"query-input":{"@type":"PropertyValueSpecification","valueRequired":true,"valueName":"search_term_string"}}],"inLanguage":"fr-FR"},{"@type":"Organization","@id":"https:\/\/www.bellunopress.it\/#organization","name":"Bellunopress","url":"https:\/\/www.bellunopress.it\/","logo":{"@type":"ImageObject","inLanguage":"fr-FR","@id":"https:\/\/www.bellunopress.it\/#\/schema\/logo\/image\/","url":"https:\/\/www.bellunopress.it\/wp-content\/uploads\/2011\/05\/cropped-logo-bellunopress-.jpg","contentUrl":"https:\/\/www.bellunopress.it\/wp-content\/uploads\/2011\/05\/cropped-logo-bellunopress-.jpg","width":512,"height":512,"caption":"Bellunopress"},"image":{"@id":"https:\/\/www.bellunopress.it\/#\/schema\/logo\/image\/"},"sameAs":["https:\/\/www.facebook.com\/profile.php?id=100008943462799","https:\/\/x.com\/bellunopress","https:\/\/www.linkedin.com\/hp\/?dnr=JBzUWaJfMUw8vbXJJ2tVW5-I3jZKvC4wsoxE&amp;amp;amp;amp;amp;amp;trk=nav_responsive_tab_home","https:\/\/www.youtube.com\/channel\/UCxL0wu1uN0_3_7hGG0306cw"]},{"@type":"Person","@id":"https:\/\/www.bellunopress.it\/#\/schema\/person\/79bb06722b37ece1c03d3e94beb30d73","name":"r\u00e9daction","image":{"@type":"ImageObject","inLanguage":"fr-FR","@id":"https:\/\/secure.gravatar.com\/avatar\/37d968a2e67a6fd04c169c4bdef102d0bc5d31b2546345219e348575eb80e9a0?s=96&d=mm&r=g","url":"https:\/\/secure.gravatar.com\/avatar\/37d968a2e67a6fd04c169c4bdef102d0bc5d31b2546345219e348575eb80e9a0?s=96&d=mm&r=g","contentUrl":"https:\/\/secure.gravatar.com\/avatar\/37d968a2e67a6fd04c169c4bdef102d0bc5d31b2546345219e348575eb80e9a0?s=96&d=mm&r=g","caption":"redazione"},"sameAs":["http:\/\/www.bellunopress.it","https:\/\/x.com\/bellunopress"],"url":"https:\/\/www.bellunopress.it\/fr\/author\/redazione\/"}]}},"_links":{"self":[{"href":"https:\/\/www.bellunopress.it\/fr\/wp-json\/wp\/v2\/posts\/11790","targetHints":{"allow":["GET"]}}],"collection":[{"href":"https:\/\/www.bellunopress.it\/fr\/wp-json\/wp\/v2\/posts"}],"about":[{"href":"https:\/\/www.bellunopress.it\/fr\/wp-json\/wp\/v2\/types\/post"}],"author":[{"embeddable":true,"href":"https:\/\/www.bellunopress.it\/fr\/wp-json\/wp\/v2\/users\/2"}],"replies":[{"embeddable":true,"href":"https:\/\/www.bellunopress.it\/fr\/wp-json\/wp\/v2\/comments?post=11790"}],"version-history":[{"count":3,"href":"https:\/\/www.bellunopress.it\/fr\/wp-json\/wp\/v2\/posts\/11790\/revisions"}],"predecessor-version":[{"id":11794,"href":"https:\/\/www.bellunopress.it\/fr\/wp-json\/wp\/v2\/posts\/11790\/revisions\/11794"}],"wp:attachment":[{"href":"https:\/\/www.bellunopress.it\/fr\/wp-json\/wp\/v2\/media?parent=11790"}],"wp:term":[{"taxonomy":"category","embeddable":true,"href":"https:\/\/www.bellunopress.it\/fr\/wp-json\/wp\/v2\/categories?post=11790"},{"taxonomy":"post_tag","embeddable":true,"href":"https:\/\/www.bellunopress.it\/fr\/wp-json\/wp\/v2\/tags?post=11790"}],"curies":[{"name":"wp","href":"https:\/\/api.w.org\/{rel}","templated":true}]}}