{"id":11782,"date":"2010-01-23T09:15:01","date_gmt":"2010-01-23T08:15:01","guid":{"rendered":"http:\/\/www.bellunopress.it\/?p=11782"},"modified":"2010-01-23T09:15:01","modified_gmt":"2010-01-23T08:15:01","slug":"master-governance-delle-aree-naturali-protette-ancora-disponibili-alcuni-posti","status":"publish","type":"post","link":"https:\/\/www.bellunopress.it\/fr\/2010\/01\/23\/master-governance-delle-aree-naturali-protette-ancora-disponibili-alcuni-posti\/","title":{"rendered":"Master &#8220;Governance delle aree naturali protette&#8221; ancora disponibili alcuni posti"},"content":{"rendered":"<p>L&#8217;Universit\u00e0 degli Studi del Molise in collaborazione con il Ministero dell&#8217;Ambiente e della Tutela del Territorio e del Mare &#8211; Direzione Protezione Natura, la Federparchi, l&#8217;Associazione Italiana Direttori e Funzionari Aree Protette (AIDAP), il Parco Nazionale Dolomiti Bellunesi, la Regione Lazio &#8211; Agenzia Regionale Parchi, il Parco Nazionale Cinque Terre, il Parco Nazionale Abruzzo Lazio Molise, il Parco Nazionale del Circeo ed altre aree protette, realizza il percorso formativo che rilascia il diploma di Master Universitario di II livello in &#8220;Esperto in Governance delle Aree Naturali Protette&#8221;.\u00a0 L&#8217;attivit\u00e0 di indirizzo e di coordinamento generale del Master \u00e8 affidata ad un Comitato Tecnico Scientifico, presieduto dal Rettore dell&#8217;Universit\u00e0 degli Studi del Molise, prof. Giovanni Cannata, che ha tra i componenti il prof. Marco Marchetti, Responsabile Scientifico, il dott. Vitantonio Nino Martino, Direttore, i prof. Davide Marino, Gherardo Chirici e Paolo Di Martino, Coordinatori Didattici, nonch\u00e9 il dott. Maurilio Cipparone, Comitato Esecutivo IUCN &#8211; WCPA Europa. Il Master Universitario di II Livello in &#8220;Governance delle Aree Naturali Protette&#8221; di durata annuale \u00e8 articolato in 1.500 ore di formazione per un totale di 60 Crediti Formativi Universitari (CFU), ciascuno dei quali equivale a 25 ore di studio-lavoro da parte dello studente. Data di inizio attivit\u00e0: entro marzo 2010 &#8211; Data di fine attivit\u00e0: entro febbraio 2011. La domanda di ammissione al Master, redatta utilizzando l&#8217;apposito modulo allegato al presente bando e reperibile sul sito <a href=\"http:\/\/www.unimol.it\">www.unimol.it<\/a> nella sezione avvisi e bandi, va indirizzata al Magnifico Rettore dell&#8217;Universit\u00e0 degli Studi del Molise e fatta pervenire per posta (non fa fede il timbro postale) o con consegna a mano in busta chiusa all&#8217;Ufficio Protocollo dell&#8217;Universit\u00e0 degli Studi del Molise &#8211; via F. De Sanctis snc &#8211; 86100 Campobasso con la dicitura &#8220;Domanda di partecipazione alla selezione per il Master di II livello in Governance delle Aree Naturali Protette&#8221; entro le ore 12.00 del giorno 8 febbraio 2010.<\/p>","protected":false},"excerpt":{"rendered":"<p>L&#8217;Universit\u00e0 degli Studi del Molise in collaborazione con il Ministero dell&#8217;Ambiente e della Tutela del Territorio e del Mare &#8211; Direzione Protezione Natura, la Federparchi, l&#8217;Associazione Italiana Direttori e Funzionari Aree Protette (AIDAP), il Parco Nazionale Dolomiti Bellunesi, la Regione Lazio &#8211; Agenzia Regionale Parchi, il Parco Nazionale Cinque Terre, il Parco Nazionale Abruzzo Lazio [&hellip;]<\/p>\n","protected":false},"author":2,"featured_media":0,"comment_status":"closed","ping_status":"open","sticky":false,"template":"","format":"standard","meta":{"footnotes":""},"categories":[26,15],"tags":[63],"class_list":["post-11782","post","type-post","status-publish","format-standard","category-prima-pagina","category-scuola","tag-dolomiti"],"yoast_head":"<!-- This site is optimized with the Yoast SEO plugin v28.4 - https:\/\/yoast.com\/product\/yoast-seo-wordpress\/ -->\n<title>Master &quot;Governance delle aree naturali protette&quot; ancora disponibili alcuni posti - Bellunopress - Dolomiti<\/title>\n<meta name=\"robots\" content=\"index, follow, max-snippet:-1, max-image-preview:large, max-video-preview:-1\" \/>\n<link rel=\"canonical\" href=\"https:\/\/www.bellunopress.it\/fr\/2010\/01\/23\/master-governance-delle-aree-naturali-protette-ancora-disponibili-alcuni-posti\/\" \/>\n<meta property=\"og:locale\" content=\"fr_FR\" \/>\n<meta property=\"og:type\" content=\"article\" \/>\n<meta property=\"og:title\" content=\"Master &quot;Governance delle aree naturali protette&quot; ancora disponibili alcuni posti - Bellunopress - Dolomiti\" \/>\n<meta property=\"og:description\" content=\"L&#8217;Universit\u00e0 degli Studi del Molise in collaborazione con il Ministero dell&#8217;Ambiente e della Tutela del Territorio e del Mare &#8211; Direzione Protezione Natura, la Federparchi, l&#8217;Associazione Italiana Direttori e Funzionari Aree Protette (AIDAP), il Parco Nazionale Dolomiti Bellunesi, la Regione Lazio &#8211; Agenzia Regionale Parchi, il Parco Nazionale Cinque Terre, il Parco Nazionale Abruzzo Lazio [&hellip;]\" \/>\n<meta property=\"og:url\" content=\"https:\/\/www.bellunopress.it\/fr\/2010\/01\/23\/master-governance-delle-aree-naturali-protette-ancora-disponibili-alcuni-posti\/\" \/>\n<meta property=\"og:site_name\" content=\"Bellunopress - Dolomiti\" \/>\n<meta property=\"article:publisher\" content=\"https:\/\/www.facebook.com\/profile.php?id=100008943462799\" \/>\n<meta property=\"article:published_time\" content=\"2010-01-23T08:15:01+00:00\" \/>\n<meta property=\"og:image\" content=\"http:\/\/www.bellunopress.it\/wp-content\/uploads\/2012\/07\/logo-bellunopress-250x250-2012.jpg\" \/>\n<meta name=\"author\" content=\"redazione\" \/>\n<meta name=\"twitter:card\" content=\"summary_large_image\" \/>\n<meta name=\"twitter:creator\" content=\"@bellunopress\" \/>\n<meta name=\"twitter:site\" content=\"@bellunopress\" \/>\n<meta name=\"twitter:label1\" content=\"\u00c9crit par\" \/>\n\t<meta name=\"twitter:data1\" content=\"redazione\" \/>\n\t<meta name=\"twitter:label2\" content=\"Dur\u00e9e de lecture estim\u00e9e\" \/>\n\t<meta name=\"twitter:data2\" content=\"2 minutes\" \/>\n<script type=\"application\/ld+json\" class=\"yoast-schema-graph\">{\"@context\":\"https:\\\/\\\/schema.org\",\"@graph\":[{\"@type\":\"Article\",\"@id\":\"https:\\\/\\\/www.bellunopress.it\\\/2010\\\/01\\\/23\\\/master-governance-delle-aree-naturali-protette-ancora-disponibili-alcuni-posti\\\/#article\",\"isPartOf\":{\"@id\":\"https:\\\/\\\/www.bellunopress.it\\\/2010\\\/01\\\/23\\\/master-governance-delle-aree-naturali-protette-ancora-disponibili-alcuni-posti\\\/\"},\"author\":{\"name\":\"redazione\",\"@id\":\"https:\\\/\\\/www.bellunopress.it\\\/#\\\/schema\\\/person\\\/79bb06722b37ece1c03d3e94beb30d73\"},\"headline\":\"Master &#8220;Governance delle aree naturali protette&#8221; ancora disponibili alcuni posti\",\"datePublished\":\"2010-01-23T08:15:01+00:00\",\"mainEntityOfPage\":{\"@id\":\"https:\\\/\\\/www.bellunopress.it\\\/2010\\\/01\\\/23\\\/master-governance-delle-aree-naturali-protette-ancora-disponibili-alcuni-posti\\\/\"},\"wordCount\":321,\"publisher\":{\"@id\":\"https:\\\/\\\/www.bellunopress.it\\\/#organization\"},\"keywords\":[\"Dolomiti\"],\"articleSection\":[\"Prima Pagina\",\"Scuola\"],\"inLanguage\":\"fr-FR\"},{\"@type\":\"WebPage\",\"@id\":\"https:\\\/\\\/www.bellunopress.it\\\/2010\\\/01\\\/23\\\/master-governance-delle-aree-naturali-protette-ancora-disponibili-alcuni-posti\\\/\",\"url\":\"https:\\\/\\\/www.bellunopress.it\\\/2010\\\/01\\\/23\\\/master-governance-delle-aree-naturali-protette-ancora-disponibili-alcuni-posti\\\/\",\"name\":\"Master \\\"Governance delle aree naturali protette\\\" ancora disponibili alcuni posti - Bellunopress - Dolomiti\",\"isPartOf\":{\"@id\":\"https:\\\/\\\/www.bellunopress.it\\\/#website\"},\"datePublished\":\"2010-01-23T08:15:01+00:00\",\"breadcrumb\":{\"@id\":\"https:\\\/\\\/www.bellunopress.it\\\/2010\\\/01\\\/23\\\/master-governance-delle-aree-naturali-protette-ancora-disponibili-alcuni-posti\\\/#breadcrumb\"},\"inLanguage\":\"fr-FR\",\"potentialAction\":[{\"@type\":\"ReadAction\",\"target\":[\"https:\\\/\\\/www.bellunopress.it\\\/2010\\\/01\\\/23\\\/master-governance-delle-aree-naturali-protette-ancora-disponibili-alcuni-posti\\\/\"]}]},{\"@type\":\"BreadcrumbList\",\"@id\":\"https:\\\/\\\/www.bellunopress.it\\\/2010\\\/01\\\/23\\\/master-governance-delle-aree-naturali-protette-ancora-disponibili-alcuni-posti\\\/#breadcrumb\",\"itemListElement\":[{\"@type\":\"ListItem\",\"position\":1,\"name\":\"Home\",\"item\":\"https:\\\/\\\/www.bellunopress.it\\\/\"},{\"@type\":\"ListItem\",\"position\":2,\"name\":\"Master &#8220;Governance delle aree naturali protette&#8221; ancora disponibili alcuni posti\"}]},{\"@type\":\"WebSite\",\"@id\":\"https:\\\/\\\/www.bellunopress.it\\\/#website\",\"url\":\"https:\\\/\\\/www.bellunopress.it\\\/\",\"name\":\"Bellunopress - Dolomiti\",\"description\":\"e-mail: redazione@bellunopress.it\",\"publisher\":{\"@id\":\"https:\\\/\\\/www.bellunopress.it\\\/#organization\"},\"potentialAction\":[{\"@type\":\"SearchAction\",\"target\":{\"@type\":\"EntryPoint\",\"urlTemplate\":\"https:\\\/\\\/www.bellunopress.it\\\/?s={search_term_string}\"},\"query-input\":{\"@type\":\"PropertyValueSpecification\",\"valueRequired\":true,\"valueName\":\"search_term_string\"}}],\"inLanguage\":\"fr-FR\"},{\"@type\":\"Organization\",\"@id\":\"https:\\\/\\\/www.bellunopress.it\\\/#organization\",\"name\":\"Bellunopress\",\"url\":\"https:\\\/\\\/www.bellunopress.it\\\/\",\"logo\":{\"@type\":\"ImageObject\",\"inLanguage\":\"fr-FR\",\"@id\":\"https:\\\/\\\/www.bellunopress.it\\\/#\\\/schema\\\/logo\\\/image\\\/\",\"url\":\"https:\\\/\\\/www.bellunopress.it\\\/wp-content\\\/uploads\\\/2011\\\/05\\\/cropped-logo-bellunopress-.jpg\",\"contentUrl\":\"https:\\\/\\\/www.bellunopress.it\\\/wp-content\\\/uploads\\\/2011\\\/05\\\/cropped-logo-bellunopress-.jpg\",\"width\":512,\"height\":512,\"caption\":\"Bellunopress\"},\"image\":{\"@id\":\"https:\\\/\\\/www.bellunopress.it\\\/#\\\/schema\\\/logo\\\/image\\\/\"},\"sameAs\":[\"https:\\\/\\\/www.facebook.com\\\/profile.php?id=100008943462799\",\"https:\\\/\\\/x.com\\\/bellunopress\",\"https:\\\/\\\/www.linkedin.com\\\/hp\\\/?dnr=JBzUWaJfMUw8vbXJJ2tVW5-I3jZKvC4wsoxE&amp;amp;amp;amp;amp;amp;trk=nav_responsive_tab_home\",\"https:\\\/\\\/www.youtube.com\\\/channel\\\/UCxL0wu1uN0_3_7hGG0306cw\"]},{\"@type\":\"Person\",\"@id\":\"https:\\\/\\\/www.bellunopress.it\\\/#\\\/schema\\\/person\\\/79bb06722b37ece1c03d3e94beb30d73\",\"name\":\"redazione\",\"image\":{\"@type\":\"ImageObject\",\"inLanguage\":\"fr-FR\",\"@id\":\"https:\\\/\\\/secure.gravatar.com\\\/avatar\\\/37d968a2e67a6fd04c169c4bdef102d0bc5d31b2546345219e348575eb80e9a0?s=96&d=mm&r=g\",\"url\":\"https:\\\/\\\/secure.gravatar.com\\\/avatar\\\/37d968a2e67a6fd04c169c4bdef102d0bc5d31b2546345219e348575eb80e9a0?s=96&d=mm&r=g\",\"contentUrl\":\"https:\\\/\\\/secure.gravatar.com\\\/avatar\\\/37d968a2e67a6fd04c169c4bdef102d0bc5d31b2546345219e348575eb80e9a0?s=96&d=mm&r=g\",\"caption\":\"redazione\"},\"sameAs\":[\"http:\\\/\\\/www.bellunopress.it\",\"https:\\\/\\\/x.com\\\/bellunopress\"],\"url\":\"https:\\\/\\\/www.bellunopress.it\\\/fr\\\/author\\\/redazione\\\/\"}]}<\/script>\n<!-- \/ Yoast SEO plugin. -->","yoast_head_json":{"title":"Master \"Governance delle aree naturali protette\" ancora disponibili alcuni posti - Bellunopress - Dolomiti","robots":{"index":"index","follow":"follow","max-snippet":"max-snippet:-1","max-image-preview":"max-image-preview:large","max-video-preview":"max-video-preview:-1"},"canonical":"https:\/\/www.bellunopress.it\/fr\/2010\/01\/23\/master-governance-delle-aree-naturali-protette-ancora-disponibili-alcuni-posti\/","og_locale":"fr_FR","og_type":"article","og_title":"Master \"Governance delle aree naturali protette\" ancora disponibili alcuni posti - Bellunopress - Dolomiti","og_description":"L&#8217;Universit\u00e0 degli Studi del Molise in collaborazione con il Ministero dell&#8217;Ambiente e della Tutela del Territorio e del Mare &#8211; Direzione Protezione Natura, la Federparchi, l&#8217;Associazione Italiana Direttori e Funzionari Aree Protette (AIDAP), il Parco Nazionale Dolomiti Bellunesi, la Regione Lazio &#8211; Agenzia Regionale Parchi, il Parco Nazionale Cinque Terre, il Parco Nazionale Abruzzo Lazio [&hellip;]","og_url":"https:\/\/www.bellunopress.it\/fr\/2010\/01\/23\/master-governance-delle-aree-naturali-protette-ancora-disponibili-alcuni-posti\/","og_site_name":"Bellunopress - Dolomiti","article_publisher":"https:\/\/www.facebook.com\/profile.php?id=100008943462799","article_published_time":"2010-01-23T08:15:01+00:00","og_image":[{"url":"http:\/\/www.bellunopress.it\/wp-content\/uploads\/2012\/07\/logo-bellunopress-250x250-2012.jpg","type":"","width":"","height":""}],"author":"redazione","twitter_card":"summary_large_image","twitter_creator":"@bellunopress","twitter_site":"@bellunopress","twitter_misc":{"\u00c9crit par":"redazione","Dur\u00e9e de lecture estim\u00e9e":"2 minutes"},"schema":{"@context":"https:\/\/schema.org","@graph":[{"@type":"Article","@id":"https:\/\/www.bellunopress.it\/2010\/01\/23\/master-governance-delle-aree-naturali-protette-ancora-disponibili-alcuni-posti\/#article","isPartOf":{"@id":"https:\/\/www.bellunopress.it\/2010\/01\/23\/master-governance-delle-aree-naturali-protette-ancora-disponibili-alcuni-posti\/"},"author":{"name":"redazione","@id":"https:\/\/www.bellunopress.it\/#\/schema\/person\/79bb06722b37ece1c03d3e94beb30d73"},"headline":"Master &#8220;Governance delle aree naturali protette&#8221; ancora disponibili alcuni posti","datePublished":"2010-01-23T08:15:01+00:00","mainEntityOfPage":{"@id":"https:\/\/www.bellunopress.it\/2010\/01\/23\/master-governance-delle-aree-naturali-protette-ancora-disponibili-alcuni-posti\/"},"wordCount":321,"publisher":{"@id":"https:\/\/www.bellunopress.it\/#organization"},"keywords":["Dolomiti"],"articleSection":["Prima Pagina","Scuola"],"inLanguage":"fr-FR"},{"@type":"WebPage","@id":"https:\/\/www.bellunopress.it\/2010\/01\/23\/master-governance-delle-aree-naturali-protette-ancora-disponibili-alcuni-posti\/","url":"https:\/\/www.bellunopress.it\/2010\/01\/23\/master-governance-delle-aree-naturali-protette-ancora-disponibili-alcuni-posti\/","name":"Master \"Governance delle aree naturali protette\" ancora disponibili alcuni posti - Bellunopress - Dolomiti","isPartOf":{"@id":"https:\/\/www.bellunopress.it\/#website"},"datePublished":"2010-01-23T08:15:01+00:00","breadcrumb":{"@id":"https:\/\/www.bellunopress.it\/2010\/01\/23\/master-governance-delle-aree-naturali-protette-ancora-disponibili-alcuni-posti\/#breadcrumb"},"inLanguage":"fr-FR","potentialAction":[{"@type":"ReadAction","target":["https:\/\/www.bellunopress.it\/2010\/01\/23\/master-governance-delle-aree-naturali-protette-ancora-disponibili-alcuni-posti\/"]}]},{"@type":"BreadcrumbList","@id":"https:\/\/www.bellunopress.it\/2010\/01\/23\/master-governance-delle-aree-naturali-protette-ancora-disponibili-alcuni-posti\/#breadcrumb","itemListElement":[{"@type":"ListItem","position":1,"name":"Home","item":"https:\/\/www.bellunopress.it\/"},{"@type":"ListItem","position":2,"name":"Master &#8220;Governance delle aree naturali protette&#8221; ancora disponibili alcuni posti"}]},{"@type":"WebSite","@id":"https:\/\/www.bellunopress.it\/#website","url":"https:\/\/www.bellunopress.it\/","name":"Bellunopress - Dolomiti","description":"e-mail: redazione@bellunopress.it","publisher":{"@id":"https:\/\/www.bellunopress.it\/#organization"},"potentialAction":[{"@type":"SearchAction","target":{"@type":"EntryPoint","urlTemplate":"https:\/\/www.bellunopress.it\/?s={search_term_string}"},"query-input":{"@type":"PropertyValueSpecification","valueRequired":true,"valueName":"search_term_string"}}],"inLanguage":"fr-FR"},{"@type":"Organization","@id":"https:\/\/www.bellunopress.it\/#organization","name":"Bellunopress","url":"https:\/\/www.bellunopress.it\/","logo":{"@type":"ImageObject","inLanguage":"fr-FR","@id":"https:\/\/www.bellunopress.it\/#\/schema\/logo\/image\/","url":"https:\/\/www.bellunopress.it\/wp-content\/uploads\/2011\/05\/cropped-logo-bellunopress-.jpg","contentUrl":"https:\/\/www.bellunopress.it\/wp-content\/uploads\/2011\/05\/cropped-logo-bellunopress-.jpg","width":512,"height":512,"caption":"Bellunopress"},"image":{"@id":"https:\/\/www.bellunopress.it\/#\/schema\/logo\/image\/"},"sameAs":["https:\/\/www.facebook.com\/profile.php?id=100008943462799","https:\/\/x.com\/bellunopress","https:\/\/www.linkedin.com\/hp\/?dnr=JBzUWaJfMUw8vbXJJ2tVW5-I3jZKvC4wsoxE&amp;amp;amp;amp;amp;amp;trk=nav_responsive_tab_home","https:\/\/www.youtube.com\/channel\/UCxL0wu1uN0_3_7hGG0306cw"]},{"@type":"Person","@id":"https:\/\/www.bellunopress.it\/#\/schema\/person\/79bb06722b37ece1c03d3e94beb30d73","name":"r\u00e9daction","image":{"@type":"ImageObject","inLanguage":"fr-FR","@id":"https:\/\/secure.gravatar.com\/avatar\/37d968a2e67a6fd04c169c4bdef102d0bc5d31b2546345219e348575eb80e9a0?s=96&d=mm&r=g","url":"https:\/\/secure.gravatar.com\/avatar\/37d968a2e67a6fd04c169c4bdef102d0bc5d31b2546345219e348575eb80e9a0?s=96&d=mm&r=g","contentUrl":"https:\/\/secure.gravatar.com\/avatar\/37d968a2e67a6fd04c169c4bdef102d0bc5d31b2546345219e348575eb80e9a0?s=96&d=mm&r=g","caption":"redazione"},"sameAs":["http:\/\/www.bellunopress.it","https:\/\/x.com\/bellunopress"],"url":"https:\/\/www.bellunopress.it\/fr\/author\/redazione\/"}]}},"_links":{"self":[{"href":"https:\/\/www.bellunopress.it\/fr\/wp-json\/wp\/v2\/posts\/11782","targetHints":{"allow":["GET"]}}],"collection":[{"href":"https:\/\/www.bellunopress.it\/fr\/wp-json\/wp\/v2\/posts"}],"about":[{"href":"https:\/\/www.bellunopress.it\/fr\/wp-json\/wp\/v2\/types\/post"}],"author":[{"embeddable":true,"href":"https:\/\/www.bellunopress.it\/fr\/wp-json\/wp\/v2\/users\/2"}],"replies":[{"embeddable":true,"href":"https:\/\/www.bellunopress.it\/fr\/wp-json\/wp\/v2\/comments?post=11782"}],"version-history":[{"count":1,"href":"https:\/\/www.bellunopress.it\/fr\/wp-json\/wp\/v2\/posts\/11782\/revisions"}],"predecessor-version":[{"id":11783,"href":"https:\/\/www.bellunopress.it\/fr\/wp-json\/wp\/v2\/posts\/11782\/revisions\/11783"}],"wp:attachment":[{"href":"https:\/\/www.bellunopress.it\/fr\/wp-json\/wp\/v2\/media?parent=11782"}],"wp:term":[{"taxonomy":"category","embeddable":true,"href":"https:\/\/www.bellunopress.it\/fr\/wp-json\/wp\/v2\/categories?post=11782"},{"taxonomy":"post_tag","embeddable":true,"href":"https:\/\/www.bellunopress.it\/fr\/wp-json\/wp\/v2\/tags?post=11782"}],"curies":[{"name":"wp","href":"https:\/\/api.w.org\/{rel}","templated":true}]}}