{"id":117755,"date":"2020-09-21T15:30:04","date_gmt":"2020-09-21T13:30:04","guid":{"rendered":"http:\/\/www.bellunopress.it\/?p=117755"},"modified":"2020-09-21T15:32:23","modified_gmt":"2020-09-21T13:32:23","slug":"vince-il-si-vince-il-popolo-sovrano-il-futuro-parlamento-avra-600-membri-345-in-meno-dellattuale","status":"publish","type":"post","link":"https:\/\/www.bellunopress.it\/fr\/2020\/09\/21\/vince-il-si-vince-il-popolo-sovrano-il-futuro-parlamento-avra-600-membri-345-in-meno-dellattuale\/","title":{"rendered":"Vince il s\u00ec, vince il popolo sovrano. Il futuro Parlamento avr\u00e0 600 membri, 345 in meno dell\u2019attuale"},"content":{"rendered":"<p><a href=\"http:\/\/www.bellunopress.it\/fr\/2020\/09\/21\/vince-il-si-vince-il-popolo-sovrano-il-futuro-parlamento-avra-600-membri-345-in-meno-dellattuale\/parlamento_edited\/\" rel=\"attachment wp-att-117756\"><img loading=\"lazy\" decoding=\"async\" class=\"alignleft size-full wp-image-117756\" src=\"http:\/\/www.bellunopress.it\/wp-content\/uploads\/2020\/09\/Parlamento_edited.jpg\" alt=\"\" width=\"800\" height=\"600\" srcset=\"https:\/\/www.bellunopress.it\/wp-content\/uploads\/2020\/09\/Parlamento_edited.jpg 800w, https:\/\/www.bellunopress.it\/wp-content\/uploads\/2020\/09\/Parlamento_edited-500x375.jpg 500w, https:\/\/www.bellunopress.it\/wp-content\/uploads\/2020\/09\/Parlamento_edited-696x522.jpg 696w, https:\/\/www.bellunopress.it\/wp-content\/uploads\/2020\/09\/Parlamento_edited-560x420.jpg 560w, https:\/\/www.bellunopress.it\/wp-content\/uploads\/2020\/09\/Parlamento_edited-80x60.jpg 80w, https:\/\/www.bellunopress.it\/wp-content\/uploads\/2020\/09\/Parlamento_edited-265x198.jpg 265w\" sizes=\"auto, (max-width: 800px) 100vw, 800px\" \/><\/a>I dati non sono ancora noti, ma le proiezioni non lasciano dubbi. Davvero qualcuno poteva credere che il popolo sovrano si precipitasse in massa alle urne per salvare 345 poltrone? Ora il verdetto \u00e8 servito. I s\u00ec seppelliscono i no, nel momento in cui scriviamo 60% a 40%. Questa \u00e8 la distanza che separa il Paese reale da quello virtuale, rappresentato dai giornaloni e dalla propaganda degli intellettuali, in maggioranza schierati per il no, e che parlandosi tra loro amplificati dai media hanno scomodando pure la democrazia, che nulla ha a che fare con la cura dimagrante agli inquilini di Palazzo Madama e Montecitorio.<br \/>\nIl prossimo Parlamento sar\u00e0 di 600 membri (400 deputati e 200 senatori), anzich\u00e9 di 945 come oggi, un taglio di 345 poltrone che porta l\u2019Italia in linea con gli altri Paesi europei. Erano forse tutti grillini quelli che hanno votato per il taglio? Certo che no. Questo \u00e8 il voto del popolo sovrano che, chiamato ad esprimersi, ha bocciato questa classe politica, irridendo a tutte le \u00e9lite.<br \/>\nLa riduzione del numero di parlamentari, comunque, era nei programmi di tutti i partiti della Prima e della Seconda Repubblica, ma era solo un magnifico spot da esibire ad ogni campagna elettorale. Quando per\u00f2 la questione \u00e8 diventata seria, la classe politica e le \u00e9lite hanno fatto quadrato in difesa dello status quo ed hanno giocato l\u2019ultima carta del referendum. Senza per\u00f2 fare i conti con il popolo sovrano, che quando si tratta di tagliare poltrone diventa unito, indipendentemente dal credo politico. Uno sberleffo colossale alla casta, dunque, che dovr\u00e0 rivedere anche il sistema elettorale, blindato da 15 anni nei listini bloccati, senza che l\u2019elettore possa scegliere il proprio rappresentante con la preferenza. E ora aspettiamo fiduciosi anche il riallineamento degli stipendi dei parlamentari con quelli dei loro colleghi europei.<br \/>\nRoberto De Nart<\/p>","protected":false},"excerpt":{"rendered":"<p>I dati non sono ancora noti, ma le proiezioni non lasciano dubbi. Davvero qualcuno poteva credere che il popolo sovrano si precipitasse in massa alle urne per salvare 345 poltrone? Ora il verdetto \u00e8 servito. I s\u00ec seppelliscono i no, nel momento in cui scriviamo 60% a 40%. Questa \u00e8 la distanza che separa il [&hellip;]<\/p>\n","protected":false},"author":2,"featured_media":117756,"comment_status":"closed","ping_status":"open","sticky":false,"template":"","format":"standard","meta":{"footnotes":""},"categories":[5,3446],"tags":[],"class_list":["post-117755","post","type-post","status-publish","format-standard","has-post-thumbnail","category-cronaca","category-featured"],"yoast_head":"<!-- This site is optimized with the Yoast SEO plugin v28.4 - https:\/\/yoast.com\/product\/yoast-seo-wordpress\/ -->\n<title>Vince il s\u00ec, vince il popolo sovrano. Il futuro Parlamento avr\u00e0 600 membri, 345 in meno dell\u2019attuale - Bellunopress - Dolomiti<\/title>\n<meta name=\"robots\" content=\"index, follow, max-snippet:-1, max-image-preview:large, max-video-preview:-1\" \/>\n<link rel=\"canonical\" href=\"https:\/\/www.bellunopress.it\/fr\/2020\/09\/21\/vince-il-si-vince-il-popolo-sovrano-il-futuro-parlamento-avra-600-membri-345-in-meno-dellattuale\/\" \/>\n<meta property=\"og:locale\" content=\"fr_FR\" \/>\n<meta property=\"og:type\" content=\"article\" \/>\n<meta property=\"og:title\" content=\"Vince il s\u00ec, vince il popolo sovrano. Il futuro Parlamento avr\u00e0 600 membri, 345 in meno dell\u2019attuale - Bellunopress - Dolomiti\" \/>\n<meta property=\"og:description\" content=\"I dati non sono ancora noti, ma le proiezioni non lasciano dubbi. Davvero qualcuno poteva credere che il popolo sovrano si precipitasse in massa alle urne per salvare 345 poltrone? Ora il verdetto \u00e8 servito. I s\u00ec seppelliscono i no, nel momento in cui scriviamo 60% a 40%. Questa \u00e8 la distanza che separa il [&hellip;]\" \/>\n<meta property=\"og:url\" content=\"https:\/\/www.bellunopress.it\/fr\/2020\/09\/21\/vince-il-si-vince-il-popolo-sovrano-il-futuro-parlamento-avra-600-membri-345-in-meno-dellattuale\/\" \/>\n<meta property=\"og:site_name\" content=\"Bellunopress - Dolomiti\" \/>\n<meta property=\"article:publisher\" content=\"https:\/\/www.facebook.com\/profile.php?id=100008943462799\" \/>\n<meta property=\"article:published_time\" content=\"2020-09-21T13:30:04+00:00\" \/>\n<meta property=\"article:modified_time\" content=\"2020-09-21T13:32:23+00:00\" \/>\n<meta property=\"og:image\" content=\"https:\/\/www.bellunopress.it\/wp-content\/uploads\/2020\/09\/Parlamento_edited.jpg\" \/>\n\t<meta property=\"og:image:width\" content=\"800\" \/>\n\t<meta property=\"og:image:height\" content=\"600\" \/>\n\t<meta property=\"og:image:type\" content=\"image\/jpeg\" \/>\n<meta name=\"author\" content=\"redazione\" \/>\n<meta name=\"twitter:card\" content=\"summary_large_image\" \/>\n<meta name=\"twitter:creator\" content=\"@bellunopress\" \/>\n<meta name=\"twitter:site\" content=\"@bellunopress\" \/>\n<meta name=\"twitter:label1\" content=\"\u00c9crit par\" \/>\n\t<meta name=\"twitter:data1\" content=\"redazione\" \/>\n\t<meta name=\"twitter:label2\" content=\"Dur\u00e9e de lecture estim\u00e9e\" \/>\n\t<meta name=\"twitter:data2\" content=\"1 minute\" \/>\n<script type=\"application\/ld+json\" class=\"yoast-schema-graph\">{\"@context\":\"https:\\\/\\\/schema.org\",\"@graph\":[{\"@type\":\"Article\",\"@id\":\"https:\\\/\\\/www.bellunopress.it\\\/2020\\\/09\\\/21\\\/vince-il-si-vince-il-popolo-sovrano-il-futuro-parlamento-avra-600-membri-345-in-meno-dellattuale\\\/#article\",\"isPartOf\":{\"@id\":\"https:\\\/\\\/www.bellunopress.it\\\/2020\\\/09\\\/21\\\/vince-il-si-vince-il-popolo-sovrano-il-futuro-parlamento-avra-600-membri-345-in-meno-dellattuale\\\/\"},\"author\":{\"name\":\"redazione\",\"@id\":\"https:\\\/\\\/www.bellunopress.it\\\/#\\\/schema\\\/person\\\/79bb06722b37ece1c03d3e94beb30d73\"},\"headline\":\"Vince il s\u00ec, vince il popolo sovrano. Il futuro Parlamento avr\u00e0 600 membri, 345 in meno dell\u2019attuale\",\"datePublished\":\"2020-09-21T13:30:04+00:00\",\"dateModified\":\"2020-09-21T13:32:23+00:00\",\"mainEntityOfPage\":{\"@id\":\"https:\\\/\\\/www.bellunopress.it\\\/2020\\\/09\\\/21\\\/vince-il-si-vince-il-popolo-sovrano-il-futuro-parlamento-avra-600-membri-345-in-meno-dellattuale\\\/\"},\"wordCount\":310,\"publisher\":{\"@id\":\"https:\\\/\\\/www.bellunopress.it\\\/#organization\"},\"image\":{\"@id\":\"https:\\\/\\\/www.bellunopress.it\\\/2020\\\/09\\\/21\\\/vince-il-si-vince-il-popolo-sovrano-il-futuro-parlamento-avra-600-membri-345-in-meno-dellattuale\\\/#primaryimage\"},\"thumbnailUrl\":\"https:\\\/\\\/www.bellunopress.it\\\/wp-content\\\/uploads\\\/2020\\\/09\\\/Parlamento_edited.jpg\",\"articleSection\":[\"Cronaca\\\/Politica\",\"Featured\"],\"inLanguage\":\"fr-FR\"},{\"@type\":\"WebPage\",\"@id\":\"https:\\\/\\\/www.bellunopress.it\\\/2020\\\/09\\\/21\\\/vince-il-si-vince-il-popolo-sovrano-il-futuro-parlamento-avra-600-membri-345-in-meno-dellattuale\\\/\",\"url\":\"https:\\\/\\\/www.bellunopress.it\\\/2020\\\/09\\\/21\\\/vince-il-si-vince-il-popolo-sovrano-il-futuro-parlamento-avra-600-membri-345-in-meno-dellattuale\\\/\",\"name\":\"Vince il s\u00ec, vince il popolo sovrano. Il futuro Parlamento avr\u00e0 600 membri, 345 in meno dell\u2019attuale - Bellunopress - Dolomiti\",\"isPartOf\":{\"@id\":\"https:\\\/\\\/www.bellunopress.it\\\/#website\"},\"primaryImageOfPage\":{\"@id\":\"https:\\\/\\\/www.bellunopress.it\\\/2020\\\/09\\\/21\\\/vince-il-si-vince-il-popolo-sovrano-il-futuro-parlamento-avra-600-membri-345-in-meno-dellattuale\\\/#primaryimage\"},\"image\":{\"@id\":\"https:\\\/\\\/www.bellunopress.it\\\/2020\\\/09\\\/21\\\/vince-il-si-vince-il-popolo-sovrano-il-futuro-parlamento-avra-600-membri-345-in-meno-dellattuale\\\/#primaryimage\"},\"thumbnailUrl\":\"https:\\\/\\\/www.bellunopress.it\\\/wp-content\\\/uploads\\\/2020\\\/09\\\/Parlamento_edited.jpg\",\"datePublished\":\"2020-09-21T13:30:04+00:00\",\"dateModified\":\"2020-09-21T13:32:23+00:00\",\"breadcrumb\":{\"@id\":\"https:\\\/\\\/www.bellunopress.it\\\/2020\\\/09\\\/21\\\/vince-il-si-vince-il-popolo-sovrano-il-futuro-parlamento-avra-600-membri-345-in-meno-dellattuale\\\/#breadcrumb\"},\"inLanguage\":\"fr-FR\",\"potentialAction\":[{\"@type\":\"ReadAction\",\"target\":[\"https:\\\/\\\/www.bellunopress.it\\\/2020\\\/09\\\/21\\\/vince-il-si-vince-il-popolo-sovrano-il-futuro-parlamento-avra-600-membri-345-in-meno-dellattuale\\\/\"]}]},{\"@type\":\"ImageObject\",\"inLanguage\":\"fr-FR\",\"@id\":\"https:\\\/\\\/www.bellunopress.it\\\/2020\\\/09\\\/21\\\/vince-il-si-vince-il-popolo-sovrano-il-futuro-parlamento-avra-600-membri-345-in-meno-dellattuale\\\/#primaryimage\",\"url\":\"https:\\\/\\\/www.bellunopress.it\\\/wp-content\\\/uploads\\\/2020\\\/09\\\/Parlamento_edited.jpg\",\"contentUrl\":\"https:\\\/\\\/www.bellunopress.it\\\/wp-content\\\/uploads\\\/2020\\\/09\\\/Parlamento_edited.jpg\",\"width\":800,\"height\":600},{\"@type\":\"BreadcrumbList\",\"@id\":\"https:\\\/\\\/www.bellunopress.it\\\/2020\\\/09\\\/21\\\/vince-il-si-vince-il-popolo-sovrano-il-futuro-parlamento-avra-600-membri-345-in-meno-dellattuale\\\/#breadcrumb\",\"itemListElement\":[{\"@type\":\"ListItem\",\"position\":1,\"name\":\"Home\",\"item\":\"https:\\\/\\\/www.bellunopress.it\\\/\"},{\"@type\":\"ListItem\",\"position\":2,\"name\":\"Vince il s\u00ec, vince il popolo sovrano. Il futuro Parlamento avr\u00e0 600 membri, 345 in meno dell\u2019attuale\"}]},{\"@type\":\"WebSite\",\"@id\":\"https:\\\/\\\/www.bellunopress.it\\\/#website\",\"url\":\"https:\\\/\\\/www.bellunopress.it\\\/\",\"name\":\"Bellunopress - Dolomiti\",\"description\":\"e-mail: redazione@bellunopress.it\",\"publisher\":{\"@id\":\"https:\\\/\\\/www.bellunopress.it\\\/#organization\"},\"potentialAction\":[{\"@type\":\"SearchAction\",\"target\":{\"@type\":\"EntryPoint\",\"urlTemplate\":\"https:\\\/\\\/www.bellunopress.it\\\/?s={search_term_string}\"},\"query-input\":{\"@type\":\"PropertyValueSpecification\",\"valueRequired\":true,\"valueName\":\"search_term_string\"}}],\"inLanguage\":\"fr-FR\"},{\"@type\":\"Organization\",\"@id\":\"https:\\\/\\\/www.bellunopress.it\\\/#organization\",\"name\":\"Bellunopress\",\"url\":\"https:\\\/\\\/www.bellunopress.it\\\/\",\"logo\":{\"@type\":\"ImageObject\",\"inLanguage\":\"fr-FR\",\"@id\":\"https:\\\/\\\/www.bellunopress.it\\\/#\\\/schema\\\/logo\\\/image\\\/\",\"url\":\"https:\\\/\\\/www.bellunopress.it\\\/wp-content\\\/uploads\\\/2011\\\/05\\\/cropped-logo-bellunopress-.jpg\",\"contentUrl\":\"https:\\\/\\\/www.bellunopress.it\\\/wp-content\\\/uploads\\\/2011\\\/05\\\/cropped-logo-bellunopress-.jpg\",\"width\":512,\"height\":512,\"caption\":\"Bellunopress\"},\"image\":{\"@id\":\"https:\\\/\\\/www.bellunopress.it\\\/#\\\/schema\\\/logo\\\/image\\\/\"},\"sameAs\":[\"https:\\\/\\\/www.facebook.com\\\/profile.php?id=100008943462799\",\"https:\\\/\\\/x.com\\\/bellunopress\",\"https:\\\/\\\/www.linkedin.com\\\/hp\\\/?dnr=JBzUWaJfMUw8vbXJJ2tVW5-I3jZKvC4wsoxE&amp;amp;amp;amp;amp;amp;trk=nav_responsive_tab_home\",\"https:\\\/\\\/www.youtube.com\\\/channel\\\/UCxL0wu1uN0_3_7hGG0306cw\"]},{\"@type\":\"Person\",\"@id\":\"https:\\\/\\\/www.bellunopress.it\\\/#\\\/schema\\\/person\\\/79bb06722b37ece1c03d3e94beb30d73\",\"name\":\"redazione\",\"image\":{\"@type\":\"ImageObject\",\"inLanguage\":\"fr-FR\",\"@id\":\"https:\\\/\\\/secure.gravatar.com\\\/avatar\\\/37d968a2e67a6fd04c169c4bdef102d0bc5d31b2546345219e348575eb80e9a0?s=96&d=mm&r=g\",\"url\":\"https:\\\/\\\/secure.gravatar.com\\\/avatar\\\/37d968a2e67a6fd04c169c4bdef102d0bc5d31b2546345219e348575eb80e9a0?s=96&d=mm&r=g\",\"contentUrl\":\"https:\\\/\\\/secure.gravatar.com\\\/avatar\\\/37d968a2e67a6fd04c169c4bdef102d0bc5d31b2546345219e348575eb80e9a0?s=96&d=mm&r=g\",\"caption\":\"redazione\"},\"sameAs\":[\"http:\\\/\\\/www.bellunopress.it\",\"https:\\\/\\\/x.com\\\/bellunopress\"],\"url\":\"https:\\\/\\\/www.bellunopress.it\\\/fr\\\/author\\\/redazione\\\/\"}]}<\/script>\n<!-- \/ Yoast SEO plugin. -->","yoast_head_json":{"title":"Vince il s\u00ec, vince il popolo sovrano. Il futuro Parlamento avr\u00e0 600 membri, 345 in meno dell\u2019attuale - Bellunopress - Dolomiti","robots":{"index":"index","follow":"follow","max-snippet":"max-snippet:-1","max-image-preview":"max-image-preview:large","max-video-preview":"max-video-preview:-1"},"canonical":"https:\/\/www.bellunopress.it\/fr\/2020\/09\/21\/vince-il-si-vince-il-popolo-sovrano-il-futuro-parlamento-avra-600-membri-345-in-meno-dellattuale\/","og_locale":"fr_FR","og_type":"article","og_title":"Vince il s\u00ec, vince il popolo sovrano. Il futuro Parlamento avr\u00e0 600 membri, 345 in meno dell\u2019attuale - Bellunopress - Dolomiti","og_description":"I dati non sono ancora noti, ma le proiezioni non lasciano dubbi. Davvero qualcuno poteva credere che il popolo sovrano si precipitasse in massa alle urne per salvare 345 poltrone? Ora il verdetto \u00e8 servito. I s\u00ec seppelliscono i no, nel momento in cui scriviamo 60% a 40%. Questa \u00e8 la distanza che separa il [&hellip;]","og_url":"https:\/\/www.bellunopress.it\/fr\/2020\/09\/21\/vince-il-si-vince-il-popolo-sovrano-il-futuro-parlamento-avra-600-membri-345-in-meno-dellattuale\/","og_site_name":"Bellunopress - Dolomiti","article_publisher":"https:\/\/www.facebook.com\/profile.php?id=100008943462799","article_published_time":"2020-09-21T13:30:04+00:00","article_modified_time":"2020-09-21T13:32:23+00:00","og_image":[{"width":800,"height":600,"url":"https:\/\/www.bellunopress.it\/wp-content\/uploads\/2020\/09\/Parlamento_edited.jpg","type":"image\/jpeg"}],"author":"redazione","twitter_card":"summary_large_image","twitter_creator":"@bellunopress","twitter_site":"@bellunopress","twitter_misc":{"\u00c9crit par":"redazione","Dur\u00e9e de lecture estim\u00e9e":"1 minute"},"schema":{"@context":"https:\/\/schema.org","@graph":[{"@type":"Article","@id":"https:\/\/www.bellunopress.it\/2020\/09\/21\/vince-il-si-vince-il-popolo-sovrano-il-futuro-parlamento-avra-600-membri-345-in-meno-dellattuale\/#article","isPartOf":{"@id":"https:\/\/www.bellunopress.it\/2020\/09\/21\/vince-il-si-vince-il-popolo-sovrano-il-futuro-parlamento-avra-600-membri-345-in-meno-dellattuale\/"},"author":{"name":"redazione","@id":"https:\/\/www.bellunopress.it\/#\/schema\/person\/79bb06722b37ece1c03d3e94beb30d73"},"headline":"Vince il s\u00ec, vince il popolo sovrano. Il futuro Parlamento avr\u00e0 600 membri, 345 in meno dell\u2019attuale","datePublished":"2020-09-21T13:30:04+00:00","dateModified":"2020-09-21T13:32:23+00:00","mainEntityOfPage":{"@id":"https:\/\/www.bellunopress.it\/2020\/09\/21\/vince-il-si-vince-il-popolo-sovrano-il-futuro-parlamento-avra-600-membri-345-in-meno-dellattuale\/"},"wordCount":310,"publisher":{"@id":"https:\/\/www.bellunopress.it\/#organization"},"image":{"@id":"https:\/\/www.bellunopress.it\/2020\/09\/21\/vince-il-si-vince-il-popolo-sovrano-il-futuro-parlamento-avra-600-membri-345-in-meno-dellattuale\/#primaryimage"},"thumbnailUrl":"https:\/\/www.bellunopress.it\/wp-content\/uploads\/2020\/09\/Parlamento_edited.jpg","articleSection":["Cronaca\/Politica","Featured"],"inLanguage":"fr-FR"},{"@type":"WebPage","@id":"https:\/\/www.bellunopress.it\/2020\/09\/21\/vince-il-si-vince-il-popolo-sovrano-il-futuro-parlamento-avra-600-membri-345-in-meno-dellattuale\/","url":"https:\/\/www.bellunopress.it\/2020\/09\/21\/vince-il-si-vince-il-popolo-sovrano-il-futuro-parlamento-avra-600-membri-345-in-meno-dellattuale\/","name":"Vince il s\u00ec, vince il popolo sovrano. Il futuro Parlamento avr\u00e0 600 membri, 345 in meno dell\u2019attuale - Bellunopress - Dolomiti","isPartOf":{"@id":"https:\/\/www.bellunopress.it\/#website"},"primaryImageOfPage":{"@id":"https:\/\/www.bellunopress.it\/2020\/09\/21\/vince-il-si-vince-il-popolo-sovrano-il-futuro-parlamento-avra-600-membri-345-in-meno-dellattuale\/#primaryimage"},"image":{"@id":"https:\/\/www.bellunopress.it\/2020\/09\/21\/vince-il-si-vince-il-popolo-sovrano-il-futuro-parlamento-avra-600-membri-345-in-meno-dellattuale\/#primaryimage"},"thumbnailUrl":"https:\/\/www.bellunopress.it\/wp-content\/uploads\/2020\/09\/Parlamento_edited.jpg","datePublished":"2020-09-21T13:30:04+00:00","dateModified":"2020-09-21T13:32:23+00:00","breadcrumb":{"@id":"https:\/\/www.bellunopress.it\/2020\/09\/21\/vince-il-si-vince-il-popolo-sovrano-il-futuro-parlamento-avra-600-membri-345-in-meno-dellattuale\/#breadcrumb"},"inLanguage":"fr-FR","potentialAction":[{"@type":"ReadAction","target":["https:\/\/www.bellunopress.it\/2020\/09\/21\/vince-il-si-vince-il-popolo-sovrano-il-futuro-parlamento-avra-600-membri-345-in-meno-dellattuale\/"]}]},{"@type":"ImageObject","inLanguage":"fr-FR","@id":"https:\/\/www.bellunopress.it\/2020\/09\/21\/vince-il-si-vince-il-popolo-sovrano-il-futuro-parlamento-avra-600-membri-345-in-meno-dellattuale\/#primaryimage","url":"https:\/\/www.bellunopress.it\/wp-content\/uploads\/2020\/09\/Parlamento_edited.jpg","contentUrl":"https:\/\/www.bellunopress.it\/wp-content\/uploads\/2020\/09\/Parlamento_edited.jpg","width":800,"height":600},{"@type":"BreadcrumbList","@id":"https:\/\/www.bellunopress.it\/2020\/09\/21\/vince-il-si-vince-il-popolo-sovrano-il-futuro-parlamento-avra-600-membri-345-in-meno-dellattuale\/#breadcrumb","itemListElement":[{"@type":"ListItem","position":1,"name":"Home","item":"https:\/\/www.bellunopress.it\/"},{"@type":"ListItem","position":2,"name":"Vince il s\u00ec, vince il popolo sovrano. Il futuro Parlamento avr\u00e0 600 membri, 345 in meno dell\u2019attuale"}]},{"@type":"WebSite","@id":"https:\/\/www.bellunopress.it\/#website","url":"https:\/\/www.bellunopress.it\/","name":"Bellunopress - Dolomiti","description":"e-mail: redazione@bellunopress.it","publisher":{"@id":"https:\/\/www.bellunopress.it\/#organization"},"potentialAction":[{"@type":"SearchAction","target":{"@type":"EntryPoint","urlTemplate":"https:\/\/www.bellunopress.it\/?s={search_term_string}"},"query-input":{"@type":"PropertyValueSpecification","valueRequired":true,"valueName":"search_term_string"}}],"inLanguage":"fr-FR"},{"@type":"Organization","@id":"https:\/\/www.bellunopress.it\/#organization","name":"Bellunopress","url":"https:\/\/www.bellunopress.it\/","logo":{"@type":"ImageObject","inLanguage":"fr-FR","@id":"https:\/\/www.bellunopress.it\/#\/schema\/logo\/image\/","url":"https:\/\/www.bellunopress.it\/wp-content\/uploads\/2011\/05\/cropped-logo-bellunopress-.jpg","contentUrl":"https:\/\/www.bellunopress.it\/wp-content\/uploads\/2011\/05\/cropped-logo-bellunopress-.jpg","width":512,"height":512,"caption":"Bellunopress"},"image":{"@id":"https:\/\/www.bellunopress.it\/#\/schema\/logo\/image\/"},"sameAs":["https:\/\/www.facebook.com\/profile.php?id=100008943462799","https:\/\/x.com\/bellunopress","https:\/\/www.linkedin.com\/hp\/?dnr=JBzUWaJfMUw8vbXJJ2tVW5-I3jZKvC4wsoxE&amp;amp;amp;amp;amp;amp;trk=nav_responsive_tab_home","https:\/\/www.youtube.com\/channel\/UCxL0wu1uN0_3_7hGG0306cw"]},{"@type":"Person","@id":"https:\/\/www.bellunopress.it\/#\/schema\/person\/79bb06722b37ece1c03d3e94beb30d73","name":"r\u00e9daction","image":{"@type":"ImageObject","inLanguage":"fr-FR","@id":"https:\/\/secure.gravatar.com\/avatar\/37d968a2e67a6fd04c169c4bdef102d0bc5d31b2546345219e348575eb80e9a0?s=96&d=mm&r=g","url":"https:\/\/secure.gravatar.com\/avatar\/37d968a2e67a6fd04c169c4bdef102d0bc5d31b2546345219e348575eb80e9a0?s=96&d=mm&r=g","contentUrl":"https:\/\/secure.gravatar.com\/avatar\/37d968a2e67a6fd04c169c4bdef102d0bc5d31b2546345219e348575eb80e9a0?s=96&d=mm&r=g","caption":"redazione"},"sameAs":["http:\/\/www.bellunopress.it","https:\/\/x.com\/bellunopress"],"url":"https:\/\/www.bellunopress.it\/fr\/author\/redazione\/"}]}},"_links":{"self":[{"href":"https:\/\/www.bellunopress.it\/fr\/wp-json\/wp\/v2\/posts\/117755","targetHints":{"allow":["GET"]}}],"collection":[{"href":"https:\/\/www.bellunopress.it\/fr\/wp-json\/wp\/v2\/posts"}],"about":[{"href":"https:\/\/www.bellunopress.it\/fr\/wp-json\/wp\/v2\/types\/post"}],"author":[{"embeddable":true,"href":"https:\/\/www.bellunopress.it\/fr\/wp-json\/wp\/v2\/users\/2"}],"replies":[{"embeddable":true,"href":"https:\/\/www.bellunopress.it\/fr\/wp-json\/wp\/v2\/comments?post=117755"}],"version-history":[{"count":2,"href":"https:\/\/www.bellunopress.it\/fr\/wp-json\/wp\/v2\/posts\/117755\/revisions"}],"predecessor-version":[{"id":117758,"href":"https:\/\/www.bellunopress.it\/fr\/wp-json\/wp\/v2\/posts\/117755\/revisions\/117758"}],"wp:featuredmedia":[{"embeddable":true,"href":"https:\/\/www.bellunopress.it\/fr\/wp-json\/wp\/v2\/media\/117756"}],"wp:attachment":[{"href":"https:\/\/www.bellunopress.it\/fr\/wp-json\/wp\/v2\/media?parent=117755"}],"wp:term":[{"taxonomy":"category","embeddable":true,"href":"https:\/\/www.bellunopress.it\/fr\/wp-json\/wp\/v2\/categories?post=117755"},{"taxonomy":"post_tag","embeddable":true,"href":"https:\/\/www.bellunopress.it\/fr\/wp-json\/wp\/v2\/tags?post=117755"}],"curies":[{"name":"wp","href":"https:\/\/api.w.org\/{rel}","templated":true}]}}