{"id":117714,"date":"2020-09-19T13:07:08","date_gmt":"2020-09-19T11:07:08","guid":{"rendered":"http:\/\/www.bellunopress.it\/?p=117714"},"modified":"2020-09-19T13:07:08","modified_gmt":"2020-09-19T11:07:08","slug":"grave-alpinista-recuperato-sullagner","status":"publish","type":"post","link":"https:\/\/www.bellunopress.it\/fr\/2020\/09\/19\/grave-alpinista-recuperato-sullagner\/","title":{"rendered":"Grave alpinista recuperato sull&#8217;Agner"},"content":{"rendered":"<p><a href=\"http:\/\/www.bellunopress.it\/fr\/2018\/07\/29\/96764\/soccorso-pelikan-bolzano\/\" rel=\"attachment wp-att-96765\"><img loading=\"lazy\" decoding=\"async\" class=\"alignleft size-full wp-image-96765\" src=\"http:\/\/www.bellunopress.it\/wp-content\/uploads\/2018\/07\/soccorso-pelikan-bolzano.jpg\" alt=\"\" width=\"300\" height=\"179\" \/><\/a>Taibon Agordino (BL), 19 &#8211; 09 &#8211; 20\u00a0 \u00a0Questa mattina attorno alle 7.30 \u00e8 scattato l&#8217;allarme per un alpinista che si era fatto male all&#8217;altezza del sesto tiro dello Spigolo nord dell&#8217;Agner. A.G., 23 anni, di Avio (TN), stava procedendo in conserva assieme al compagno di cordata sulla parte sommitale dello zoccolo quando, salito su un terrazzino, la roccia sotto di lui \u00e8 franata sul pilastro sottostante facendolo ruzzolare per 35 metri dentro un piccolo canale a circa 1.500 metri di quota.<\/p>\n<p>Il Pelikan di Bolzano portatosi in zona ha imbarcato un tecnico del Soccorso alpino di Agordo, poi verricellato assieme al personale medico dell&#8217;eliambulanza in parete. Dopo aver attrezzato un ancoraggio tra le pietre, i soccorritori si sono calati dall&#8217;infortunato, che aveva riportato diversi probabili traumi, tra i quali uno alla colonna. Stabilizzato il ragazzo \u00e8 stato imbarcato e trasportato in gravi condizioni all&#8217;ospedale di Belluno. Recuperato anche l&#8217;amico.<\/p>","protected":false},"excerpt":{"rendered":"<p>Taibon Agordino (BL), 19 &#8211; 09 &#8211; 20\u00a0 \u00a0Questa mattina attorno alle 7.30 \u00e8 scattato l&#8217;allarme per un alpinista che si era fatto male all&#8217;altezza del sesto tiro dello Spigolo nord dell&#8217;Agner. A.G., 23 anni, di Avio (TN), stava procedendo in conserva assieme al compagno di cordata sulla parte sommitale dello zoccolo quando, salito su [&hellip;]<\/p>\n","protected":false},"author":2,"featured_media":96765,"comment_status":"closed","ping_status":"open","sticky":false,"template":"","format":"standard","meta":{"footnotes":""},"categories":[5,26],"tags":[],"class_list":["post-117714","post","type-post","status-publish","format-standard","has-post-thumbnail","category-cronaca","category-prima-pagina"],"yoast_head":"<!-- This site is optimized with the Yoast SEO plugin v28.4 - https:\/\/yoast.com\/product\/yoast-seo-wordpress\/ -->\n<title>Grave alpinista recuperato sull&#039;Agner - Bellunopress - Dolomiti<\/title>\n<meta name=\"robots\" content=\"index, follow, max-snippet:-1, max-image-preview:large, max-video-preview:-1\" \/>\n<link rel=\"canonical\" href=\"https:\/\/www.bellunopress.it\/fr\/2020\/09\/19\/grave-alpinista-recuperato-sullagner\/\" \/>\n<meta property=\"og:locale\" content=\"fr_FR\" \/>\n<meta property=\"og:type\" content=\"article\" \/>\n<meta property=\"og:title\" content=\"Grave alpinista recuperato sull&#039;Agner - Bellunopress - Dolomiti\" \/>\n<meta property=\"og:description\" content=\"Taibon Agordino (BL), 19 &#8211; 09 &#8211; 20\u00a0 \u00a0Questa mattina attorno alle 7.30 \u00e8 scattato l&#8217;allarme per un alpinista che si era fatto male all&#8217;altezza del sesto tiro dello Spigolo nord dell&#8217;Agner. A.G., 23 anni, di Avio (TN), stava procedendo in conserva assieme al compagno di cordata sulla parte sommitale dello zoccolo quando, salito su [&hellip;]\" \/>\n<meta property=\"og:url\" content=\"https:\/\/www.bellunopress.it\/fr\/2020\/09\/19\/grave-alpinista-recuperato-sullagner\/\" \/>\n<meta property=\"og:site_name\" content=\"Bellunopress - Dolomiti\" \/>\n<meta property=\"article:publisher\" content=\"https:\/\/www.facebook.com\/profile.php?id=100008943462799\" \/>\n<meta property=\"article:published_time\" content=\"2020-09-19T11:07:08+00:00\" \/>\n<meta property=\"og:image\" content=\"https:\/\/www.bellunopress.it\/wp-content\/uploads\/2018\/07\/soccorso-pelikan-bolzano.jpg\" \/>\n\t<meta property=\"og:image:width\" content=\"300\" \/>\n\t<meta property=\"og:image:height\" content=\"179\" \/>\n\t<meta property=\"og:image:type\" content=\"image\/jpeg\" \/>\n<meta name=\"author\" content=\"redazione\" \/>\n<meta name=\"twitter:card\" content=\"summary_large_image\" \/>\n<meta name=\"twitter:creator\" content=\"@bellunopress\" \/>\n<meta name=\"twitter:site\" content=\"@bellunopress\" \/>\n<meta name=\"twitter:label1\" content=\"\u00c9crit par\" \/>\n\t<meta name=\"twitter:data1\" content=\"redazione\" \/>\n\t<meta name=\"twitter:label2\" content=\"Dur\u00e9e de lecture estim\u00e9e\" \/>\n\t<meta name=\"twitter:data2\" content=\"1 minute\" \/>\n<script type=\"application\/ld+json\" class=\"yoast-schema-graph\">{\"@context\":\"https:\\\/\\\/schema.org\",\"@graph\":[{\"@type\":\"Article\",\"@id\":\"https:\\\/\\\/www.bellunopress.it\\\/2020\\\/09\\\/19\\\/grave-alpinista-recuperato-sullagner\\\/#article\",\"isPartOf\":{\"@id\":\"https:\\\/\\\/www.bellunopress.it\\\/2020\\\/09\\\/19\\\/grave-alpinista-recuperato-sullagner\\\/\"},\"author\":{\"name\":\"redazione\",\"@id\":\"https:\\\/\\\/www.bellunopress.it\\\/#\\\/schema\\\/person\\\/79bb06722b37ece1c03d3e94beb30d73\"},\"headline\":\"Grave alpinista recuperato sull&#8217;Agner\",\"datePublished\":\"2020-09-19T11:07:08+00:00\",\"mainEntityOfPage\":{\"@id\":\"https:\\\/\\\/www.bellunopress.it\\\/2020\\\/09\\\/19\\\/grave-alpinista-recuperato-sullagner\\\/\"},\"wordCount\":153,\"publisher\":{\"@id\":\"https:\\\/\\\/www.bellunopress.it\\\/#organization\"},\"image\":{\"@id\":\"https:\\\/\\\/www.bellunopress.it\\\/2020\\\/09\\\/19\\\/grave-alpinista-recuperato-sullagner\\\/#primaryimage\"},\"thumbnailUrl\":\"https:\\\/\\\/www.bellunopress.it\\\/wp-content\\\/uploads\\\/2018\\\/07\\\/soccorso-pelikan-bolzano.jpg\",\"articleSection\":[\"Cronaca\\\/Politica\",\"Prima Pagina\"],\"inLanguage\":\"fr-FR\"},{\"@type\":\"WebPage\",\"@id\":\"https:\\\/\\\/www.bellunopress.it\\\/2020\\\/09\\\/19\\\/grave-alpinista-recuperato-sullagner\\\/\",\"url\":\"https:\\\/\\\/www.bellunopress.it\\\/2020\\\/09\\\/19\\\/grave-alpinista-recuperato-sullagner\\\/\",\"name\":\"Grave alpinista recuperato sull'Agner - Bellunopress - Dolomiti\",\"isPartOf\":{\"@id\":\"https:\\\/\\\/www.bellunopress.it\\\/#website\"},\"primaryImageOfPage\":{\"@id\":\"https:\\\/\\\/www.bellunopress.it\\\/2020\\\/09\\\/19\\\/grave-alpinista-recuperato-sullagner\\\/#primaryimage\"},\"image\":{\"@id\":\"https:\\\/\\\/www.bellunopress.it\\\/2020\\\/09\\\/19\\\/grave-alpinista-recuperato-sullagner\\\/#primaryimage\"},\"thumbnailUrl\":\"https:\\\/\\\/www.bellunopress.it\\\/wp-content\\\/uploads\\\/2018\\\/07\\\/soccorso-pelikan-bolzano.jpg\",\"datePublished\":\"2020-09-19T11:07:08+00:00\",\"breadcrumb\":{\"@id\":\"https:\\\/\\\/www.bellunopress.it\\\/2020\\\/09\\\/19\\\/grave-alpinista-recuperato-sullagner\\\/#breadcrumb\"},\"inLanguage\":\"fr-FR\",\"potentialAction\":[{\"@type\":\"ReadAction\",\"target\":[\"https:\\\/\\\/www.bellunopress.it\\\/2020\\\/09\\\/19\\\/grave-alpinista-recuperato-sullagner\\\/\"]}]},{\"@type\":\"ImageObject\",\"inLanguage\":\"fr-FR\",\"@id\":\"https:\\\/\\\/www.bellunopress.it\\\/2020\\\/09\\\/19\\\/grave-alpinista-recuperato-sullagner\\\/#primaryimage\",\"url\":\"https:\\\/\\\/www.bellunopress.it\\\/wp-content\\\/uploads\\\/2018\\\/07\\\/soccorso-pelikan-bolzano.jpg\",\"contentUrl\":\"https:\\\/\\\/www.bellunopress.it\\\/wp-content\\\/uploads\\\/2018\\\/07\\\/soccorso-pelikan-bolzano.jpg\",\"width\":300,\"height\":179},{\"@type\":\"BreadcrumbList\",\"@id\":\"https:\\\/\\\/www.bellunopress.it\\\/2020\\\/09\\\/19\\\/grave-alpinista-recuperato-sullagner\\\/#breadcrumb\",\"itemListElement\":[{\"@type\":\"ListItem\",\"position\":1,\"name\":\"Home\",\"item\":\"https:\\\/\\\/www.bellunopress.it\\\/\"},{\"@type\":\"ListItem\",\"position\":2,\"name\":\"Grave alpinista recuperato sull&#8217;Agner\"}]},{\"@type\":\"WebSite\",\"@id\":\"https:\\\/\\\/www.bellunopress.it\\\/#website\",\"url\":\"https:\\\/\\\/www.bellunopress.it\\\/\",\"name\":\"Bellunopress - Dolomiti\",\"description\":\"e-mail: redazione@bellunopress.it\",\"publisher\":{\"@id\":\"https:\\\/\\\/www.bellunopress.it\\\/#organization\"},\"potentialAction\":[{\"@type\":\"SearchAction\",\"target\":{\"@type\":\"EntryPoint\",\"urlTemplate\":\"https:\\\/\\\/www.bellunopress.it\\\/?s={search_term_string}\"},\"query-input\":{\"@type\":\"PropertyValueSpecification\",\"valueRequired\":true,\"valueName\":\"search_term_string\"}}],\"inLanguage\":\"fr-FR\"},{\"@type\":\"Organization\",\"@id\":\"https:\\\/\\\/www.bellunopress.it\\\/#organization\",\"name\":\"Bellunopress\",\"url\":\"https:\\\/\\\/www.bellunopress.it\\\/\",\"logo\":{\"@type\":\"ImageObject\",\"inLanguage\":\"fr-FR\",\"@id\":\"https:\\\/\\\/www.bellunopress.it\\\/#\\\/schema\\\/logo\\\/image\\\/\",\"url\":\"https:\\\/\\\/www.bellunopress.it\\\/wp-content\\\/uploads\\\/2011\\\/05\\\/cropped-logo-bellunopress-.jpg\",\"contentUrl\":\"https:\\\/\\\/www.bellunopress.it\\\/wp-content\\\/uploads\\\/2011\\\/05\\\/cropped-logo-bellunopress-.jpg\",\"width\":512,\"height\":512,\"caption\":\"Bellunopress\"},\"image\":{\"@id\":\"https:\\\/\\\/www.bellunopress.it\\\/#\\\/schema\\\/logo\\\/image\\\/\"},\"sameAs\":[\"https:\\\/\\\/www.facebook.com\\\/profile.php?id=100008943462799\",\"https:\\\/\\\/x.com\\\/bellunopress\",\"https:\\\/\\\/www.linkedin.com\\\/hp\\\/?dnr=JBzUWaJfMUw8vbXJJ2tVW5-I3jZKvC4wsoxE&amp;amp;amp;amp;amp;amp;trk=nav_responsive_tab_home\",\"https:\\\/\\\/www.youtube.com\\\/channel\\\/UCxL0wu1uN0_3_7hGG0306cw\"]},{\"@type\":\"Person\",\"@id\":\"https:\\\/\\\/www.bellunopress.it\\\/#\\\/schema\\\/person\\\/79bb06722b37ece1c03d3e94beb30d73\",\"name\":\"redazione\",\"image\":{\"@type\":\"ImageObject\",\"inLanguage\":\"fr-FR\",\"@id\":\"https:\\\/\\\/secure.gravatar.com\\\/avatar\\\/37d968a2e67a6fd04c169c4bdef102d0bc5d31b2546345219e348575eb80e9a0?s=96&d=mm&r=g\",\"url\":\"https:\\\/\\\/secure.gravatar.com\\\/avatar\\\/37d968a2e67a6fd04c169c4bdef102d0bc5d31b2546345219e348575eb80e9a0?s=96&d=mm&r=g\",\"contentUrl\":\"https:\\\/\\\/secure.gravatar.com\\\/avatar\\\/37d968a2e67a6fd04c169c4bdef102d0bc5d31b2546345219e348575eb80e9a0?s=96&d=mm&r=g\",\"caption\":\"redazione\"},\"sameAs\":[\"http:\\\/\\\/www.bellunopress.it\",\"https:\\\/\\\/x.com\\\/bellunopress\"],\"url\":\"https:\\\/\\\/www.bellunopress.it\\\/fr\\\/author\\\/redazione\\\/\"}]}<\/script>\n<!-- \/ Yoast SEO plugin. -->","yoast_head_json":{"title":"Grave alpinista recuperato sull'Agner - Bellunopress - Dolomiti","robots":{"index":"index","follow":"follow","max-snippet":"max-snippet:-1","max-image-preview":"max-image-preview:large","max-video-preview":"max-video-preview:-1"},"canonical":"https:\/\/www.bellunopress.it\/fr\/2020\/09\/19\/grave-alpinista-recuperato-sullagner\/","og_locale":"fr_FR","og_type":"article","og_title":"Grave alpinista recuperato sull'Agner - Bellunopress - Dolomiti","og_description":"Taibon Agordino (BL), 19 &#8211; 09 &#8211; 20\u00a0 \u00a0Questa mattina attorno alle 7.30 \u00e8 scattato l&#8217;allarme per un alpinista che si era fatto male all&#8217;altezza del sesto tiro dello Spigolo nord dell&#8217;Agner. A.G., 23 anni, di Avio (TN), stava procedendo in conserva assieme al compagno di cordata sulla parte sommitale dello zoccolo quando, salito su [&hellip;]","og_url":"https:\/\/www.bellunopress.it\/fr\/2020\/09\/19\/grave-alpinista-recuperato-sullagner\/","og_site_name":"Bellunopress - Dolomiti","article_publisher":"https:\/\/www.facebook.com\/profile.php?id=100008943462799","article_published_time":"2020-09-19T11:07:08+00:00","og_image":[{"width":300,"height":179,"url":"https:\/\/www.bellunopress.it\/wp-content\/uploads\/2018\/07\/soccorso-pelikan-bolzano.jpg","type":"image\/jpeg"}],"author":"redazione","twitter_card":"summary_large_image","twitter_creator":"@bellunopress","twitter_site":"@bellunopress","twitter_misc":{"\u00c9crit par":"redazione","Dur\u00e9e de lecture estim\u00e9e":"1 minute"},"schema":{"@context":"https:\/\/schema.org","@graph":[{"@type":"Article","@id":"https:\/\/www.bellunopress.it\/2020\/09\/19\/grave-alpinista-recuperato-sullagner\/#article","isPartOf":{"@id":"https:\/\/www.bellunopress.it\/2020\/09\/19\/grave-alpinista-recuperato-sullagner\/"},"author":{"name":"redazione","@id":"https:\/\/www.bellunopress.it\/#\/schema\/person\/79bb06722b37ece1c03d3e94beb30d73"},"headline":"Grave alpinista recuperato sull&#8217;Agner","datePublished":"2020-09-19T11:07:08+00:00","mainEntityOfPage":{"@id":"https:\/\/www.bellunopress.it\/2020\/09\/19\/grave-alpinista-recuperato-sullagner\/"},"wordCount":153,"publisher":{"@id":"https:\/\/www.bellunopress.it\/#organization"},"image":{"@id":"https:\/\/www.bellunopress.it\/2020\/09\/19\/grave-alpinista-recuperato-sullagner\/#primaryimage"},"thumbnailUrl":"https:\/\/www.bellunopress.it\/wp-content\/uploads\/2018\/07\/soccorso-pelikan-bolzano.jpg","articleSection":["Cronaca\/Politica","Prima Pagina"],"inLanguage":"fr-FR"},{"@type":"WebPage","@id":"https:\/\/www.bellunopress.it\/2020\/09\/19\/grave-alpinista-recuperato-sullagner\/","url":"https:\/\/www.bellunopress.it\/2020\/09\/19\/grave-alpinista-recuperato-sullagner\/","name":"Grave alpinista recuperato sull'Agner - Bellunopress - Dolomiti","isPartOf":{"@id":"https:\/\/www.bellunopress.it\/#website"},"primaryImageOfPage":{"@id":"https:\/\/www.bellunopress.it\/2020\/09\/19\/grave-alpinista-recuperato-sullagner\/#primaryimage"},"image":{"@id":"https:\/\/www.bellunopress.it\/2020\/09\/19\/grave-alpinista-recuperato-sullagner\/#primaryimage"},"thumbnailUrl":"https:\/\/www.bellunopress.it\/wp-content\/uploads\/2018\/07\/soccorso-pelikan-bolzano.jpg","datePublished":"2020-09-19T11:07:08+00:00","breadcrumb":{"@id":"https:\/\/www.bellunopress.it\/2020\/09\/19\/grave-alpinista-recuperato-sullagner\/#breadcrumb"},"inLanguage":"fr-FR","potentialAction":[{"@type":"ReadAction","target":["https:\/\/www.bellunopress.it\/2020\/09\/19\/grave-alpinista-recuperato-sullagner\/"]}]},{"@type":"ImageObject","inLanguage":"fr-FR","@id":"https:\/\/www.bellunopress.it\/2020\/09\/19\/grave-alpinista-recuperato-sullagner\/#primaryimage","url":"https:\/\/www.bellunopress.it\/wp-content\/uploads\/2018\/07\/soccorso-pelikan-bolzano.jpg","contentUrl":"https:\/\/www.bellunopress.it\/wp-content\/uploads\/2018\/07\/soccorso-pelikan-bolzano.jpg","width":300,"height":179},{"@type":"BreadcrumbList","@id":"https:\/\/www.bellunopress.it\/2020\/09\/19\/grave-alpinista-recuperato-sullagner\/#breadcrumb","itemListElement":[{"@type":"ListItem","position":1,"name":"Home","item":"https:\/\/www.bellunopress.it\/"},{"@type":"ListItem","position":2,"name":"Grave alpinista recuperato sull&#8217;Agner"}]},{"@type":"WebSite","@id":"https:\/\/www.bellunopress.it\/#website","url":"https:\/\/www.bellunopress.it\/","name":"Bellunopress - Dolomiti","description":"e-mail: redazione@bellunopress.it","publisher":{"@id":"https:\/\/www.bellunopress.it\/#organization"},"potentialAction":[{"@type":"SearchAction","target":{"@type":"EntryPoint","urlTemplate":"https:\/\/www.bellunopress.it\/?s={search_term_string}"},"query-input":{"@type":"PropertyValueSpecification","valueRequired":true,"valueName":"search_term_string"}}],"inLanguage":"fr-FR"},{"@type":"Organization","@id":"https:\/\/www.bellunopress.it\/#organization","name":"Bellunopress","url":"https:\/\/www.bellunopress.it\/","logo":{"@type":"ImageObject","inLanguage":"fr-FR","@id":"https:\/\/www.bellunopress.it\/#\/schema\/logo\/image\/","url":"https:\/\/www.bellunopress.it\/wp-content\/uploads\/2011\/05\/cropped-logo-bellunopress-.jpg","contentUrl":"https:\/\/www.bellunopress.it\/wp-content\/uploads\/2011\/05\/cropped-logo-bellunopress-.jpg","width":512,"height":512,"caption":"Bellunopress"},"image":{"@id":"https:\/\/www.bellunopress.it\/#\/schema\/logo\/image\/"},"sameAs":["https:\/\/www.facebook.com\/profile.php?id=100008943462799","https:\/\/x.com\/bellunopress","https:\/\/www.linkedin.com\/hp\/?dnr=JBzUWaJfMUw8vbXJJ2tVW5-I3jZKvC4wsoxE&amp;amp;amp;amp;amp;amp;trk=nav_responsive_tab_home","https:\/\/www.youtube.com\/channel\/UCxL0wu1uN0_3_7hGG0306cw"]},{"@type":"Person","@id":"https:\/\/www.bellunopress.it\/#\/schema\/person\/79bb06722b37ece1c03d3e94beb30d73","name":"r\u00e9daction","image":{"@type":"ImageObject","inLanguage":"fr-FR","@id":"https:\/\/secure.gravatar.com\/avatar\/37d968a2e67a6fd04c169c4bdef102d0bc5d31b2546345219e348575eb80e9a0?s=96&d=mm&r=g","url":"https:\/\/secure.gravatar.com\/avatar\/37d968a2e67a6fd04c169c4bdef102d0bc5d31b2546345219e348575eb80e9a0?s=96&d=mm&r=g","contentUrl":"https:\/\/secure.gravatar.com\/avatar\/37d968a2e67a6fd04c169c4bdef102d0bc5d31b2546345219e348575eb80e9a0?s=96&d=mm&r=g","caption":"redazione"},"sameAs":["http:\/\/www.bellunopress.it","https:\/\/x.com\/bellunopress"],"url":"https:\/\/www.bellunopress.it\/fr\/author\/redazione\/"}]}},"_links":{"self":[{"href":"https:\/\/www.bellunopress.it\/fr\/wp-json\/wp\/v2\/posts\/117714","targetHints":{"allow":["GET"]}}],"collection":[{"href":"https:\/\/www.bellunopress.it\/fr\/wp-json\/wp\/v2\/posts"}],"about":[{"href":"https:\/\/www.bellunopress.it\/fr\/wp-json\/wp\/v2\/types\/post"}],"author":[{"embeddable":true,"href":"https:\/\/www.bellunopress.it\/fr\/wp-json\/wp\/v2\/users\/2"}],"replies":[{"embeddable":true,"href":"https:\/\/www.bellunopress.it\/fr\/wp-json\/wp\/v2\/comments?post=117714"}],"version-history":[{"count":1,"href":"https:\/\/www.bellunopress.it\/fr\/wp-json\/wp\/v2\/posts\/117714\/revisions"}],"predecessor-version":[{"id":117715,"href":"https:\/\/www.bellunopress.it\/fr\/wp-json\/wp\/v2\/posts\/117714\/revisions\/117715"}],"wp:featuredmedia":[{"embeddable":true,"href":"https:\/\/www.bellunopress.it\/fr\/wp-json\/wp\/v2\/media\/96765"}],"wp:attachment":[{"href":"https:\/\/www.bellunopress.it\/fr\/wp-json\/wp\/v2\/media?parent=117714"}],"wp:term":[{"taxonomy":"category","embeddable":true,"href":"https:\/\/www.bellunopress.it\/fr\/wp-json\/wp\/v2\/categories?post=117714"},{"taxonomy":"post_tag","embeddable":true,"href":"https:\/\/www.bellunopress.it\/fr\/wp-json\/wp\/v2\/tags?post=117714"}],"curies":[{"name":"wp","href":"https:\/\/api.w.org\/{rel}","templated":true}]}}