{"id":117705,"date":"2020-09-18T23:59:18","date_gmt":"2020-09-18T21:59:18","guid":{"rendered":"http:\/\/www.bellunopress.it\/?p=117705"},"modified":"2020-09-19T00:02:49","modified_gmt":"2020-09-18T22:02:49","slug":"auto-e-moto-depoca-il-piu-importante-mercato-europeo-dal-22-al-25-ottobre-alla-fiera-di-padova","status":"publish","type":"post","link":"https:\/\/www.bellunopress.it\/fr\/2020\/09\/18\/auto-e-moto-depoca-il-piu-importante-mercato-europeo-dal-22-al-25-ottobre-alla-fiera-di-padova\/","title":{"rendered":"Auto e moto d&#8217;epoca. Il pi\u00f9 importante mercato europeo dal 22 al 25 ottobre alla Fiera di Padova"},"content":{"rendered":"<p><a href=\"http:\/\/www.bellunopress.it\/fr\/2020\/09\/18\/auto-e-moto-depoca-il-piu-importante-mercato-europeo-dal-22-al-25-ottobre-alla-fiera-di-padova\/topolino_edited\/\" rel=\"attachment wp-att-117706\"><img loading=\"lazy\" decoding=\"async\" class=\"alignleft size-full wp-image-117706\" src=\"http:\/\/www.bellunopress.it\/wp-content\/uploads\/2020\/09\/topolino_edited.jpg\" alt=\"\" width=\"800\" height=\"523\" srcset=\"https:\/\/www.bellunopress.it\/wp-content\/uploads\/2020\/09\/topolino_edited.jpg 800w, https:\/\/www.bellunopress.it\/wp-content\/uploads\/2020\/09\/topolino_edited-500x327.jpg 500w, https:\/\/www.bellunopress.it\/wp-content\/uploads\/2020\/09\/topolino_edited-696x455.jpg 696w, https:\/\/www.bellunopress.it\/wp-content\/uploads\/2020\/09\/topolino_edited-642x420.jpg 642w\" sizes=\"auto, (max-width: 800px) 100vw, 800px\" \/><\/a>Torna la rassegna Auto e moto d&#8217;epoca alla Fiera di Padova dal 22 al 25 ottobre 2020<\/p>\n<p>L&#8217;edizione di quest&#8217;anno inizia all\u2019insegna dell\u2019emozione con due mostre dedicate<br \/>\nall\u2019ingegno e alla tenacia italiani nella storia delle due e delle quattro ruote. Il tema giusto per dare un segnale di ripresa per tutto il settore.<\/p>\n<p>\u201c<strong>L\u2019ordinario diventa straordinario<\/strong>\u201d sar\u00e0 organizzata in collaborazione con Aci<br \/>\nStorico al padiglione 3. Davanti agli occhi dei visitatori verr\u00e0 esposta una selezione di marchi e modelli dell\u2019Italia postbellica. Il tema da celebrare \u00e8 la capacit\u00e0, tutta italiana, di<br \/>\ntrasformare auto comuni in prestigiose fuoriserie e in bolidi da corsa grazie all\u2019estro di<br \/>\nartigiani eccezionali. Il Topolino Autoclub Italia porta la progenitrice delle utilitarie italiane. Concepita\u00a0 prima ancora della Volkswagen Maggiolino, la Fiat 500 \u201cTopolino\u201d ha rappresentato il primo tentativo dell&#8217;industria e del governo italiani di motorizzare il Paese. Piccola, essenziale e naturalmente \u2018simpatica&#8217; la Fiat 500 fu prodotta a partire dal 1936 e fino al 1955 in tre serie, sfruttate non solo come prime utilitarie da famiglia o infaticabili vetturette da trasporto merci, ma anche come primo vero modello accessibile per portare a casa una\u00a0serie speciale, magari realizzata da\u00a0 qualche carrozziere di grido, o per realizzare piccoli bolidi da corsa, oggi apprezzatissimi e ricercati.<\/p>\n<p>All\u2019epopea delle moto sportive sar\u00e0 dedicata, invece, l\u2019altra mostra in programma. Ne<br \/>\n\u201c<strong>L\u2019Uomo che ha sconfitto i giganti<\/strong>\u201d la collezione delle \u201cMoto dei Miti\u201d di Genesio<br \/>\nBevilacqua far\u00e0 il suo ingresso trionfale ad Auto e Moto d\u2019Epoca con circa 20 modelli<br \/>\neccezionali e unici. La storia \u00e8 quella dell\u2019Althea Racing, scuderia indipendente che ha<br \/>\nsaputo tenere testa alle pi\u00f9 grandi case motociclistiche laureandosi per cinque volte<br \/>\nCampione del Mondo nella categoria Superbike e Superstock.<\/p>\n<p><strong>In anteprima<\/strong><br \/>\nLa Suzuki RG 500 XR 40 di Lucchinelli, le Ducati GP06 LC di Capirossi e GP07 CS<br \/>\ndi Casey Stoner Campioni del Mondo, la Ducati 1098 F08 Australian Flag di Troy<br \/>\nBayliss, moto Campione del Mondo del 2008 e protagonista dell\u2019addio alle corse del<br \/>\npilota australiano: la collezione Bevilacqua \u00e8 tale da far commuovere i pi\u00f9 esperti<br \/>\ntra gli appassionati. Saranno moto di questo livello ad aprire l\u2019edizione 2020 di Auto e<br \/>\nMoto d\u2019Epoca.<\/p>\n<p><strong>CORSIE PREFERENZIALI PER I BIGLIETTI ONLINE<\/strong><br \/>\nA Padova la sicurezza prima di tutto. Chi far\u00e0 il biglietto online avr\u00e0 la possibilit\u00e0 di entrare direttamente ad Auto e Moto d\u2019Epoca grazie ad una corsia preferenziale riservata ai cancelli della Fiera. Queste corsie preferenziali saranno ai Padiglioni 6-7-15 e agli ingressi B-C-I-S-T. Una soluzione pratica e veloce per ridurre gli assembramenti ed evitare le code. Qui il link:\u00a0<a href=\"https:\/\/autoemotodepoca.com\/it-IT\/visitare\">biglietti online<\/a>!<\/p>\n<p><strong>DEALER, PRIVATI E RICAMBI: TORNA IL MERCATO PI\u00d9 ATTESO<\/strong><br \/>\nAuto e Moto d\u2019Epoca non \u00e8 solo un punto di riferimento per tutti gli appassionati e amanti dei motori e della loro grande storia. \u00c8 l\u2019appuntamento atteso da un anno all\u2019altro per vendere e trovare le auto dei propri sogni e gli indispensabili pezzi di ricambio. A Padova si<br \/>\nriuniranno i grandi dealer di auto d\u2019epoca, gli esperti in restauro e gli specialisti nelle<br \/>\ncomponenti elettriche e meccaniche pi\u00f9 rare e ricercate. Un\u2019occasione particolarmente<br \/>\nimportante, quest\u2019anno, di incontrare i collezionisti e far ripartire il settore Heritage.<\/p>\n<p><strong>LE AUTO DEI PRIVATI, L\u2019ALTRA FACCIA DEL MERCATO<\/strong><br \/>\nLa passione \u00e8 anche cambiare: un\u2019esperienza nella vita di tantissimi cultori dell\u2019auto d\u2019epoca che, nel corso degli anni, acquistano i modelli storici, li curano, se li godono e, poi, li rivendono ad altri appassionati per sperimentare un\u2019altra Classica dei loro sogni. L\u2019area<br \/>\nprivati di Auto e Moto d\u2019Epoca \u00e8 dedicata proprio a questo passaggio: centinaia di<br \/>\ncollezionisti si riuniscono per vendere, scambiare e acquistare da altri appassionati come<br \/>\nloro, in uno spazio ad hoc diverso da quello riservato ai dealer specializzati e alle case<br \/>\nd\u2019asta.<\/p>\n<p><strong>RAFFINATEZZA, ARTE E CIMELI SPORTIVI<\/strong><br \/>\nAuto e Moto d\u2019Epoca tocca tutti i punti della passione.<br \/>\nIl salone padovano non ospita solo auto e moto storiche: nei padiglioni si pu\u00f2 partecipare ad una vera e propria caccia al tesoro che va dai capi vintage di squisita eleganza<br \/>\nall\u2019abbigliamento sportivo e firmato del motorsport; dall\u2019editoria d\u2019epoca all\u2019oggettistica da<br \/>\ncollezione fino ad arrivare agli accessori da viaggio di produzione artigianale.<\/p>\n<p><strong>L\u2019APPUNTAMENTO PI\u00d9 IMPORTANTE PER I CLUB<\/strong><br \/>\nI club sono da sempre uno dei motori del Salone. Padova \u00e8 il momento di incontrarsi, di<br \/>\npresentarsi ai nuovi soci, di annunciare raduni e programmi per l\u2019anno a venire. Nel 2020,<br \/>\ndopo l\u2019isolamento e la sospensione di tante attivit\u00e0, il ritrovarsi a Padova acquista un<br \/>\nsignificato in pi\u00f9: vivere assieme la passione comune. Quest\u2019anno, fortunata combinazione,<br \/>\ncadono tantissimi compleanni da celebrare: anniversari come i 110 anni di Alfa Romeo e<br \/>\ngli 85 del marchio Jaguar; i 60 di Lancia Flavia e i 50 di Range Rover, solo per citarne<br \/>\nalcuni.<\/p>\n<p><strong>LA CURA DELL\u2019AUTO DIVENTA ARTE<\/strong><br \/>\nConfermata anche quest\u2019anno la Galleria 78: lo spazio tra i padiglioni 7 e 8 dedicato alla<br \/>\nmigliore aziende italiane votate alla manutenzione, trasporto e perfetta conservazione di<br \/>\nauto d\u2019epoca e supercar. Un ambito dove l\u2019amore per le quattroruote dei collezionisti che si<br \/>\nsentono custodi di un patrimonio inestimabile incontra le tecnologie e i materiali pi\u00f9<br \/>\nall\u2019avanguardia.<\/p>\n<p><strong>OLIO RUGGINE E BULLONI<\/strong><br \/>\nLo stile della Petroliana e degli arredamenti industriali combina vintage, originalit\u00e0 e<br \/>\nriutilizzo creativo.<br \/>\nAlcuni oggetti trasportano immediatamente nell\u2019epoca che li ha prodotti. Le pompe di<br \/>\nbenzina anni \u201850, i banchi di lavoro dal colore ormai indefinibile recuperati nelle<br \/>\nvecchie officine, oliatori di metallo e fusti di benzina con la vernice scrostata: sono<br \/>\ntutti oggetti impregnati di atmosfere e mestieri perduti, ma non dimenticati.<br \/>\nOgnuno di questi articoli acquista ad Auto e Moto d\u2019Epoca una seconda vita<br \/>\ndivenendo oggetti di arredamento rudi nelle forme e raffinatissimi nello stile.<\/p>\n<p><strong>LE NOVIT\u00c0 SUL SITO<\/strong><br \/>\nAuto e moto d\u2019epoca, espositori ed eventi: ogni settimana il sito www.autoemotodepoca.com<br \/>\nracconta le anteprime del salone. Visitalo per rimanere sempre aggiornato sul salone del<br \/>\nClassic in Italia.<\/p>\n<p>&nbsp;<\/p>\n<p>&nbsp;<\/p>\n<div>\n<p>&nbsp;<\/p>\n<h4 class=\"text-left\"><\/h4>\n<div class=\"text\">\n<p><a href=\"https:\/\/autoemotodepoca.com\/it-IT\/il-salone#map\">Ecco la mappa<\/a>\u00a0della fiera<\/p>\n<\/div>\n<\/div>","protected":false},"excerpt":{"rendered":"<p>Torna la rassegna Auto e moto d&#8217;epoca alla Fiera di Padova dal 22 al 25 ottobre 2020 L&#8217;edizione di quest&#8217;anno inizia all\u2019insegna dell\u2019emozione con due mostre dedicate all\u2019ingegno e alla tenacia italiani nella storia delle due e delle quattro ruote. Il tema giusto per dare un segnale di ripresa per tutto il settore. \u201cL\u2019ordinario diventa [&hellip;]<\/p>\n","protected":false},"author":2,"featured_media":117706,"comment_status":"closed","ping_status":"open","sticky":false,"template":"","format":"standard","meta":{"footnotes":""},"categories":[27,3446,25,4],"tags":[],"class_list":["post-117705","post","type-post","status-publish","format-standard","has-post-thumbnail","category-appuntamenti","category-featured","category-pausa-caffe","category-sport"],"yoast_head":"<!-- This site is optimized with the Yoast SEO plugin v28.4 - https:\/\/yoast.com\/product\/yoast-seo-wordpress\/ -->\n<title>Auto e moto d&#039;epoca. Il pi\u00f9 importante mercato europeo dal 22 al 25 ottobre alla Fiera di Padova - Bellunopress - Dolomiti<\/title>\n<meta name=\"robots\" content=\"index, follow, max-snippet:-1, max-image-preview:large, max-video-preview:-1\" \/>\n<link rel=\"canonical\" href=\"https:\/\/www.bellunopress.it\/fr\/2020\/09\/18\/auto-e-moto-depoca-il-piu-importante-mercato-europeo-dal-22-al-25-ottobre-alla-fiera-di-padova\/\" \/>\n<meta property=\"og:locale\" content=\"fr_FR\" \/>\n<meta property=\"og:type\" content=\"article\" \/>\n<meta property=\"og:title\" content=\"Auto e moto d&#039;epoca. Il pi\u00f9 importante mercato europeo dal 22 al 25 ottobre alla Fiera di Padova - Bellunopress - Dolomiti\" \/>\n<meta property=\"og:description\" content=\"Torna la rassegna Auto e moto d&#8217;epoca alla Fiera di Padova dal 22 al 25 ottobre 2020 L&#8217;edizione di quest&#8217;anno inizia all\u2019insegna dell\u2019emozione con due mostre dedicate all\u2019ingegno e alla tenacia italiani nella storia delle due e delle quattro ruote. Il tema giusto per dare un segnale di ripresa per tutto il settore. \u201cL\u2019ordinario diventa [&hellip;]\" \/>\n<meta property=\"og:url\" content=\"https:\/\/www.bellunopress.it\/fr\/2020\/09\/18\/auto-e-moto-depoca-il-piu-importante-mercato-europeo-dal-22-al-25-ottobre-alla-fiera-di-padova\/\" \/>\n<meta property=\"og:site_name\" content=\"Bellunopress - Dolomiti\" \/>\n<meta property=\"article:publisher\" content=\"https:\/\/www.facebook.com\/profile.php?id=100008943462799\" \/>\n<meta property=\"article:published_time\" content=\"2020-09-18T21:59:18+00:00\" \/>\n<meta property=\"article:modified_time\" content=\"2020-09-18T22:02:49+00:00\" \/>\n<meta property=\"og:image\" content=\"https:\/\/www.bellunopress.it\/wp-content\/uploads\/2020\/09\/topolino_edited.jpg\" \/>\n\t<meta property=\"og:image:width\" content=\"800\" \/>\n\t<meta property=\"og:image:height\" content=\"523\" \/>\n\t<meta property=\"og:image:type\" content=\"image\/jpeg\" \/>\n<meta name=\"author\" content=\"redazione\" \/>\n<meta name=\"twitter:card\" content=\"summary_large_image\" \/>\n<meta name=\"twitter:creator\" content=\"@bellunopress\" \/>\n<meta name=\"twitter:site\" content=\"@bellunopress\" \/>\n<meta name=\"twitter:label1\" content=\"Written by\" \/>\n\t<meta name=\"twitter:data1\" content=\"redazione\" \/>\n\t<meta name=\"twitter:label2\" content=\"Est. reading time\" \/>\n\t<meta name=\"twitter:data2\" content=\"5 minutes\" \/>\n<script type=\"application\/ld+json\" class=\"yoast-schema-graph\">{\"@context\":\"https:\\\/\\\/schema.org\",\"@graph\":[{\"@type\":\"Article\",\"@id\":\"https:\\\/\\\/www.bellunopress.it\\\/2020\\\/09\\\/18\\\/auto-e-moto-depoca-il-piu-importante-mercato-europeo-dal-22-al-25-ottobre-alla-fiera-di-padova\\\/#article\",\"isPartOf\":{\"@id\":\"https:\\\/\\\/www.bellunopress.it\\\/2020\\\/09\\\/18\\\/auto-e-moto-depoca-il-piu-importante-mercato-europeo-dal-22-al-25-ottobre-alla-fiera-di-padova\\\/\"},\"author\":{\"name\":\"redazione\",\"@id\":\"https:\\\/\\\/www.bellunopress.it\\\/#\\\/schema\\\/person\\\/79bb06722b37ece1c03d3e94beb30d73\"},\"headline\":\"Auto e moto d&#8217;epoca. Il pi\u00f9 importante mercato europeo dal 22 al 25 ottobre alla Fiera di Padova\",\"datePublished\":\"2020-09-18T21:59:18+00:00\",\"dateModified\":\"2020-09-18T22:02:49+00:00\",\"mainEntityOfPage\":{\"@id\":\"https:\\\/\\\/www.bellunopress.it\\\/2020\\\/09\\\/18\\\/auto-e-moto-depoca-il-piu-importante-mercato-europeo-dal-22-al-25-ottobre-alla-fiera-di-padova\\\/\"},\"wordCount\":1010,\"publisher\":{\"@id\":\"https:\\\/\\\/www.bellunopress.it\\\/#organization\"},\"image\":{\"@id\":\"https:\\\/\\\/www.bellunopress.it\\\/2020\\\/09\\\/18\\\/auto-e-moto-depoca-il-piu-importante-mercato-europeo-dal-22-al-25-ottobre-alla-fiera-di-padova\\\/#primaryimage\"},\"thumbnailUrl\":\"https:\\\/\\\/www.bellunopress.it\\\/wp-content\\\/uploads\\\/2020\\\/09\\\/topolino_edited.jpg\",\"articleSection\":[\"Appuntamenti, Eventi\",\"Featured\",\"Pausa Caff\u00e8\",\"Sport, tempo libero\"],\"inLanguage\":\"fr-FR\"},{\"@type\":\"WebPage\",\"@id\":\"https:\\\/\\\/www.bellunopress.it\\\/2020\\\/09\\\/18\\\/auto-e-moto-depoca-il-piu-importante-mercato-europeo-dal-22-al-25-ottobre-alla-fiera-di-padova\\\/\",\"url\":\"https:\\\/\\\/www.bellunopress.it\\\/2020\\\/09\\\/18\\\/auto-e-moto-depoca-il-piu-importante-mercato-europeo-dal-22-al-25-ottobre-alla-fiera-di-padova\\\/\",\"name\":\"Auto e moto d'epoca. Il pi\u00f9 importante mercato europeo dal 22 al 25 ottobre alla Fiera di Padova - Bellunopress - Dolomiti\",\"isPartOf\":{\"@id\":\"https:\\\/\\\/www.bellunopress.it\\\/#website\"},\"primaryImageOfPage\":{\"@id\":\"https:\\\/\\\/www.bellunopress.it\\\/2020\\\/09\\\/18\\\/auto-e-moto-depoca-il-piu-importante-mercato-europeo-dal-22-al-25-ottobre-alla-fiera-di-padova\\\/#primaryimage\"},\"image\":{\"@id\":\"https:\\\/\\\/www.bellunopress.it\\\/2020\\\/09\\\/18\\\/auto-e-moto-depoca-il-piu-importante-mercato-europeo-dal-22-al-25-ottobre-alla-fiera-di-padova\\\/#primaryimage\"},\"thumbnailUrl\":\"https:\\\/\\\/www.bellunopress.it\\\/wp-content\\\/uploads\\\/2020\\\/09\\\/topolino_edited.jpg\",\"datePublished\":\"2020-09-18T21:59:18+00:00\",\"dateModified\":\"2020-09-18T22:02:49+00:00\",\"breadcrumb\":{\"@id\":\"https:\\\/\\\/www.bellunopress.it\\\/2020\\\/09\\\/18\\\/auto-e-moto-depoca-il-piu-importante-mercato-europeo-dal-22-al-25-ottobre-alla-fiera-di-padova\\\/#breadcrumb\"},\"inLanguage\":\"fr-FR\",\"potentialAction\":[{\"@type\":\"ReadAction\",\"target\":[\"https:\\\/\\\/www.bellunopress.it\\\/2020\\\/09\\\/18\\\/auto-e-moto-depoca-il-piu-importante-mercato-europeo-dal-22-al-25-ottobre-alla-fiera-di-padova\\\/\"]}]},{\"@type\":\"ImageObject\",\"inLanguage\":\"fr-FR\",\"@id\":\"https:\\\/\\\/www.bellunopress.it\\\/2020\\\/09\\\/18\\\/auto-e-moto-depoca-il-piu-importante-mercato-europeo-dal-22-al-25-ottobre-alla-fiera-di-padova\\\/#primaryimage\",\"url\":\"https:\\\/\\\/www.bellunopress.it\\\/wp-content\\\/uploads\\\/2020\\\/09\\\/topolino_edited.jpg\",\"contentUrl\":\"https:\\\/\\\/www.bellunopress.it\\\/wp-content\\\/uploads\\\/2020\\\/09\\\/topolino_edited.jpg\",\"width\":800,\"height\":523},{\"@type\":\"BreadcrumbList\",\"@id\":\"https:\\\/\\\/www.bellunopress.it\\\/2020\\\/09\\\/18\\\/auto-e-moto-depoca-il-piu-importante-mercato-europeo-dal-22-al-25-ottobre-alla-fiera-di-padova\\\/#breadcrumb\",\"itemListElement\":[{\"@type\":\"ListItem\",\"position\":1,\"name\":\"Home\",\"item\":\"https:\\\/\\\/www.bellunopress.it\\\/\"},{\"@type\":\"ListItem\",\"position\":2,\"name\":\"Auto e moto d&#8217;epoca. Il pi\u00f9 importante mercato europeo dal 22 al 25 ottobre alla Fiera di Padova\"}]},{\"@type\":\"WebSite\",\"@id\":\"https:\\\/\\\/www.bellunopress.it\\\/#website\",\"url\":\"https:\\\/\\\/www.bellunopress.it\\\/\",\"name\":\"Bellunopress - Dolomiti\",\"description\":\"e-mail: redazione@bellunopress.it\",\"publisher\":{\"@id\":\"https:\\\/\\\/www.bellunopress.it\\\/#organization\"},\"potentialAction\":[{\"@type\":\"SearchAction\",\"target\":{\"@type\":\"EntryPoint\",\"urlTemplate\":\"https:\\\/\\\/www.bellunopress.it\\\/?s={search_term_string}\"},\"query-input\":{\"@type\":\"PropertyValueSpecification\",\"valueRequired\":true,\"valueName\":\"search_term_string\"}}],\"inLanguage\":\"fr-FR\"},{\"@type\":\"Organization\",\"@id\":\"https:\\\/\\\/www.bellunopress.it\\\/#organization\",\"name\":\"Bellunopress\",\"url\":\"https:\\\/\\\/www.bellunopress.it\\\/\",\"logo\":{\"@type\":\"ImageObject\",\"inLanguage\":\"fr-FR\",\"@id\":\"https:\\\/\\\/www.bellunopress.it\\\/#\\\/schema\\\/logo\\\/image\\\/\",\"url\":\"https:\\\/\\\/www.bellunopress.it\\\/wp-content\\\/uploads\\\/2011\\\/05\\\/cropped-logo-bellunopress-.jpg\",\"contentUrl\":\"https:\\\/\\\/www.bellunopress.it\\\/wp-content\\\/uploads\\\/2011\\\/05\\\/cropped-logo-bellunopress-.jpg\",\"width\":512,\"height\":512,\"caption\":\"Bellunopress\"},\"image\":{\"@id\":\"https:\\\/\\\/www.bellunopress.it\\\/#\\\/schema\\\/logo\\\/image\\\/\"},\"sameAs\":[\"https:\\\/\\\/www.facebook.com\\\/profile.php?id=100008943462799\",\"https:\\\/\\\/x.com\\\/bellunopress\",\"https:\\\/\\\/www.linkedin.com\\\/hp\\\/?dnr=JBzUWaJfMUw8vbXJJ2tVW5-I3jZKvC4wsoxE&amp;amp;amp;amp;amp;amp;trk=nav_responsive_tab_home\",\"https:\\\/\\\/www.youtube.com\\\/channel\\\/UCxL0wu1uN0_3_7hGG0306cw\"]},{\"@type\":\"Person\",\"@id\":\"https:\\\/\\\/www.bellunopress.it\\\/#\\\/schema\\\/person\\\/79bb06722b37ece1c03d3e94beb30d73\",\"name\":\"redazione\",\"image\":{\"@type\":\"ImageObject\",\"inLanguage\":\"fr-FR\",\"@id\":\"https:\\\/\\\/secure.gravatar.com\\\/avatar\\\/37d968a2e67a6fd04c169c4bdef102d0bc5d31b2546345219e348575eb80e9a0?s=96&d=mm&r=g\",\"url\":\"https:\\\/\\\/secure.gravatar.com\\\/avatar\\\/37d968a2e67a6fd04c169c4bdef102d0bc5d31b2546345219e348575eb80e9a0?s=96&d=mm&r=g\",\"contentUrl\":\"https:\\\/\\\/secure.gravatar.com\\\/avatar\\\/37d968a2e67a6fd04c169c4bdef102d0bc5d31b2546345219e348575eb80e9a0?s=96&d=mm&r=g\",\"caption\":\"redazione\"},\"sameAs\":[\"http:\\\/\\\/www.bellunopress.it\",\"https:\\\/\\\/x.com\\\/bellunopress\"],\"url\":\"https:\\\/\\\/www.bellunopress.it\\\/fr\\\/author\\\/redazione\\\/\"}]}<\/script>\n<!-- \/ Yoast SEO plugin. -->","yoast_head_json":{"title":"Auto e moto d'epoca. Il pi\u00f9 importante mercato europeo dal 22 al 25 ottobre alla Fiera di Padova - Bellunopress - Dolomiti","robots":{"index":"index","follow":"follow","max-snippet":"max-snippet:-1","max-image-preview":"max-image-preview:large","max-video-preview":"max-video-preview:-1"},"canonical":"https:\/\/www.bellunopress.it\/fr\/2020\/09\/18\/auto-e-moto-depoca-il-piu-importante-mercato-europeo-dal-22-al-25-ottobre-alla-fiera-di-padova\/","og_locale":"fr_FR","og_type":"article","og_title":"Auto e moto d'epoca. Il pi\u00f9 importante mercato europeo dal 22 al 25 ottobre alla Fiera di Padova - Bellunopress - Dolomiti","og_description":"Torna la rassegna Auto e moto d&#8217;epoca alla Fiera di Padova dal 22 al 25 ottobre 2020 L&#8217;edizione di quest&#8217;anno inizia all\u2019insegna dell\u2019emozione con due mostre dedicate all\u2019ingegno e alla tenacia italiani nella storia delle due e delle quattro ruote. Il tema giusto per dare un segnale di ripresa per tutto il settore. \u201cL\u2019ordinario diventa [&hellip;]","og_url":"https:\/\/www.bellunopress.it\/fr\/2020\/09\/18\/auto-e-moto-depoca-il-piu-importante-mercato-europeo-dal-22-al-25-ottobre-alla-fiera-di-padova\/","og_site_name":"Bellunopress - Dolomiti","article_publisher":"https:\/\/www.facebook.com\/profile.php?id=100008943462799","article_published_time":"2020-09-18T21:59:18+00:00","article_modified_time":"2020-09-18T22:02:49+00:00","og_image":[{"width":800,"height":523,"url":"https:\/\/www.bellunopress.it\/wp-content\/uploads\/2020\/09\/topolino_edited.jpg","type":"image\/jpeg"}],"author":"redazione","twitter_card":"summary_large_image","twitter_creator":"@bellunopress","twitter_site":"@bellunopress","twitter_misc":{"Written by":"redazione","Est. reading time":"5 minutes"},"schema":{"@context":"https:\/\/schema.org","@graph":[{"@type":"Article","@id":"https:\/\/www.bellunopress.it\/2020\/09\/18\/auto-e-moto-depoca-il-piu-importante-mercato-europeo-dal-22-al-25-ottobre-alla-fiera-di-padova\/#article","isPartOf":{"@id":"https:\/\/www.bellunopress.it\/2020\/09\/18\/auto-e-moto-depoca-il-piu-importante-mercato-europeo-dal-22-al-25-ottobre-alla-fiera-di-padova\/"},"author":{"name":"redazione","@id":"https:\/\/www.bellunopress.it\/#\/schema\/person\/79bb06722b37ece1c03d3e94beb30d73"},"headline":"Auto e moto d&#8217;epoca. Il pi\u00f9 importante mercato europeo dal 22 al 25 ottobre alla Fiera di Padova","datePublished":"2020-09-18T21:59:18+00:00","dateModified":"2020-09-18T22:02:49+00:00","mainEntityOfPage":{"@id":"https:\/\/www.bellunopress.it\/2020\/09\/18\/auto-e-moto-depoca-il-piu-importante-mercato-europeo-dal-22-al-25-ottobre-alla-fiera-di-padova\/"},"wordCount":1010,"publisher":{"@id":"https:\/\/www.bellunopress.it\/#organization"},"image":{"@id":"https:\/\/www.bellunopress.it\/2020\/09\/18\/auto-e-moto-depoca-il-piu-importante-mercato-europeo-dal-22-al-25-ottobre-alla-fiera-di-padova\/#primaryimage"},"thumbnailUrl":"https:\/\/www.bellunopress.it\/wp-content\/uploads\/2020\/09\/topolino_edited.jpg","articleSection":["Appuntamenti, Eventi","Featured","Pausa Caff\u00e8","Sport, tempo libero"],"inLanguage":"fr-FR"},{"@type":"WebPage","@id":"https:\/\/www.bellunopress.it\/2020\/09\/18\/auto-e-moto-depoca-il-piu-importante-mercato-europeo-dal-22-al-25-ottobre-alla-fiera-di-padova\/","url":"https:\/\/www.bellunopress.it\/2020\/09\/18\/auto-e-moto-depoca-il-piu-importante-mercato-europeo-dal-22-al-25-ottobre-alla-fiera-di-padova\/","name":"Auto e moto d'epoca. Il pi\u00f9 importante mercato europeo dal 22 al 25 ottobre alla Fiera di Padova - Bellunopress - Dolomiti","isPartOf":{"@id":"https:\/\/www.bellunopress.it\/#website"},"primaryImageOfPage":{"@id":"https:\/\/www.bellunopress.it\/2020\/09\/18\/auto-e-moto-depoca-il-piu-importante-mercato-europeo-dal-22-al-25-ottobre-alla-fiera-di-padova\/#primaryimage"},"image":{"@id":"https:\/\/www.bellunopress.it\/2020\/09\/18\/auto-e-moto-depoca-il-piu-importante-mercato-europeo-dal-22-al-25-ottobre-alla-fiera-di-padova\/#primaryimage"},"thumbnailUrl":"https:\/\/www.bellunopress.it\/wp-content\/uploads\/2020\/09\/topolino_edited.jpg","datePublished":"2020-09-18T21:59:18+00:00","dateModified":"2020-09-18T22:02:49+00:00","breadcrumb":{"@id":"https:\/\/www.bellunopress.it\/2020\/09\/18\/auto-e-moto-depoca-il-piu-importante-mercato-europeo-dal-22-al-25-ottobre-alla-fiera-di-padova\/#breadcrumb"},"inLanguage":"fr-FR","potentialAction":[{"@type":"ReadAction","target":["https:\/\/www.bellunopress.it\/2020\/09\/18\/auto-e-moto-depoca-il-piu-importante-mercato-europeo-dal-22-al-25-ottobre-alla-fiera-di-padova\/"]}]},{"@type":"ImageObject","inLanguage":"fr-FR","@id":"https:\/\/www.bellunopress.it\/2020\/09\/18\/auto-e-moto-depoca-il-piu-importante-mercato-europeo-dal-22-al-25-ottobre-alla-fiera-di-padova\/#primaryimage","url":"https:\/\/www.bellunopress.it\/wp-content\/uploads\/2020\/09\/topolino_edited.jpg","contentUrl":"https:\/\/www.bellunopress.it\/wp-content\/uploads\/2020\/09\/topolino_edited.jpg","width":800,"height":523},{"@type":"BreadcrumbList","@id":"https:\/\/www.bellunopress.it\/2020\/09\/18\/auto-e-moto-depoca-il-piu-importante-mercato-europeo-dal-22-al-25-ottobre-alla-fiera-di-padova\/#breadcrumb","itemListElement":[{"@type":"ListItem","position":1,"name":"Home","item":"https:\/\/www.bellunopress.it\/"},{"@type":"ListItem","position":2,"name":"Auto e moto d&#8217;epoca. Il pi\u00f9 importante mercato europeo dal 22 al 25 ottobre alla Fiera di Padova"}]},{"@type":"WebSite","@id":"https:\/\/www.bellunopress.it\/#website","url":"https:\/\/www.bellunopress.it\/","name":"Bellunopress - Dolomiti","description":"e-mail: redazione@bellunopress.it","publisher":{"@id":"https:\/\/www.bellunopress.it\/#organization"},"potentialAction":[{"@type":"SearchAction","target":{"@type":"EntryPoint","urlTemplate":"https:\/\/www.bellunopress.it\/?s={search_term_string}"},"query-input":{"@type":"PropertyValueSpecification","valueRequired":true,"valueName":"search_term_string"}}],"inLanguage":"fr-FR"},{"@type":"Organization","@id":"https:\/\/www.bellunopress.it\/#organization","name":"Bellunopress","url":"https:\/\/www.bellunopress.it\/","logo":{"@type":"ImageObject","inLanguage":"fr-FR","@id":"https:\/\/www.bellunopress.it\/#\/schema\/logo\/image\/","url":"https:\/\/www.bellunopress.it\/wp-content\/uploads\/2011\/05\/cropped-logo-bellunopress-.jpg","contentUrl":"https:\/\/www.bellunopress.it\/wp-content\/uploads\/2011\/05\/cropped-logo-bellunopress-.jpg","width":512,"height":512,"caption":"Bellunopress"},"image":{"@id":"https:\/\/www.bellunopress.it\/#\/schema\/logo\/image\/"},"sameAs":["https:\/\/www.facebook.com\/profile.php?id=100008943462799","https:\/\/x.com\/bellunopress","https:\/\/www.linkedin.com\/hp\/?dnr=JBzUWaJfMUw8vbXJJ2tVW5-I3jZKvC4wsoxE&amp;amp;amp;amp;amp;amp;trk=nav_responsive_tab_home","https:\/\/www.youtube.com\/channel\/UCxL0wu1uN0_3_7hGG0306cw"]},{"@type":"Person","@id":"https:\/\/www.bellunopress.it\/#\/schema\/person\/79bb06722b37ece1c03d3e94beb30d73","name":"r\u00e9daction","image":{"@type":"ImageObject","inLanguage":"fr-FR","@id":"https:\/\/secure.gravatar.com\/avatar\/37d968a2e67a6fd04c169c4bdef102d0bc5d31b2546345219e348575eb80e9a0?s=96&d=mm&r=g","url":"https:\/\/secure.gravatar.com\/avatar\/37d968a2e67a6fd04c169c4bdef102d0bc5d31b2546345219e348575eb80e9a0?s=96&d=mm&r=g","contentUrl":"https:\/\/secure.gravatar.com\/avatar\/37d968a2e67a6fd04c169c4bdef102d0bc5d31b2546345219e348575eb80e9a0?s=96&d=mm&r=g","caption":"redazione"},"sameAs":["http:\/\/www.bellunopress.it","https:\/\/x.com\/bellunopress"],"url":"https:\/\/www.bellunopress.it\/fr\/author\/redazione\/"}]}},"_links":{"self":[{"href":"https:\/\/www.bellunopress.it\/fr\/wp-json\/wp\/v2\/posts\/117705","targetHints":{"allow":["GET"]}}],"collection":[{"href":"https:\/\/www.bellunopress.it\/fr\/wp-json\/wp\/v2\/posts"}],"about":[{"href":"https:\/\/www.bellunopress.it\/fr\/wp-json\/wp\/v2\/types\/post"}],"author":[{"embeddable":true,"href":"https:\/\/www.bellunopress.it\/fr\/wp-json\/wp\/v2\/users\/2"}],"replies":[{"embeddable":true,"href":"https:\/\/www.bellunopress.it\/fr\/wp-json\/wp\/v2\/comments?post=117705"}],"version-history":[{"count":3,"href":"https:\/\/www.bellunopress.it\/fr\/wp-json\/wp\/v2\/posts\/117705\/revisions"}],"predecessor-version":[{"id":117711,"href":"https:\/\/www.bellunopress.it\/fr\/wp-json\/wp\/v2\/posts\/117705\/revisions\/117711"}],"wp:featuredmedia":[{"embeddable":true,"href":"https:\/\/www.bellunopress.it\/fr\/wp-json\/wp\/v2\/media\/117706"}],"wp:attachment":[{"href":"https:\/\/www.bellunopress.it\/fr\/wp-json\/wp\/v2\/media?parent=117705"}],"wp:term":[{"taxonomy":"category","embeddable":true,"href":"https:\/\/www.bellunopress.it\/fr\/wp-json\/wp\/v2\/categories?post=117705"},{"taxonomy":"post_tag","embeddable":true,"href":"https:\/\/www.bellunopress.it\/fr\/wp-json\/wp\/v2\/tags?post=117705"}],"curies":[{"name":"wp","href":"https:\/\/api.w.org\/{rel}","templated":true}]}}