{"id":117703,"date":"2020-09-18T17:12:32","date_gmt":"2020-09-18T15:12:32","guid":{"rendered":"http:\/\/www.bellunopress.it\/?p=117703"},"modified":"2020-09-18T17:12:32","modified_gmt":"2020-09-18T15:12:32","slug":"contributi-regionali-per-6-milioni-e-mezzo-per-la-valorizzazione-delle-destinazioni-turistiche-i","status":"publish","type":"post","link":"https:\/\/www.bellunopress.it\/fr\/2020\/09\/18\/contributi-regionali-per-6-milioni-e-mezzo-per-la-valorizzazione-delle-destinazioni-turistiche-i\/","title":{"rendered":"Contributi regionali per 6 milioni e mezzo per la valorizzazione delle destinazioni turistiche i"},"content":{"rendered":"<figure id=\"attachment_108103\" aria-describedby=\"caption-attachment-108103\" style=\"width: 300px\" class=\"wp-caption alignleft\"><a href=\"http:\/\/www.bellunopress.it\/fr\/2019\/09\/23\/la-provincia-cerca-foto-per-la-promozione-turistica-ma-solo-da-fotografi-con-partita-iva\/venezia-palazzo-ducale-e-monte-civetta\/\" rel=\"attachment wp-att-108103\"><img loading=\"lazy\" decoding=\"async\" class=\"size-full wp-image-108103\" src=\"http:\/\/www.bellunopress.it\/wp-content\/uploads\/2019\/09\/Venezia-Palazzo-Ducale-e-Monte-Civetta.jpg\" alt=\"\" width=\"300\" height=\"205\" \/><\/a><figcaption id=\"caption-attachment-108103\" class=\"wp-caption-text\">Palazzo-Ducale e Monte Civetta (foto di Nicol\u00f2 Miana)<\/figcaption><\/figure>\n<p>Venezia, 18 settembre 2020\u00a0 \u00a0\u201cLe conseguenze del lungo periodo di lockdown ci hanno imposto la necessit\u00e0 di un rilancio complessivo e immediato dell\u2019economia veneta cos\u00ec colpita dalla crisi. Riteniamo che, a sostegno del nostro turismo, i cui operatori sono tra i pi\u00f9 penalizzati, la risposta possa essere efficace soltanto mobilitando ulteriori risorse\u201d.<\/p>\n<p>Con queste parole l\u2019assessore veneto al Turismo sottolinea l\u2019approvazione da parte<br \/>\ndella Giunta regionale della sua proposta di un ulteriore bando, dell\u2019importo<br \/>\ncomplessivo di 6 milioni e mezzo di euro, per l\u2019erogazione di contributi alle<br \/>\naggregazioni di Piccole Medie Imprese del settore per l\u2019attuazione di interventi che<br \/>\nfortifichino l\u2019orientamento alla domanda turistica anche in campo internazionale.<br \/>\nLa delibera approvata, nell\u2019ambito del POR FESR 2014-2020, con un ulteriore e<br \/>\nnuovo bando, ripropone l\u2019erogazione di contributi per sostenere la realizzazione di<br \/>\nprogetti \u2013 che siano in coerenza con l\u2019immagine coordinata della Regione \u201cVeneto the<br \/>\nland of Venice\u201d &#8211; mirati a favorire la ripresa della domanda turistica sui mercati<br \/>\nnazionali e stranieri. In particolare, il bando si propone di favorire due tipologie di<br \/>\ninterventi:<br \/>\n&#8211; Progetti rivolti alla valorizzazione di destinazioni turistiche, favorendo<br \/>\naggregazioni di imprese fortemente rappresentative dei territori interessati in<br \/>\ncollaborazione con le relative Organizzazioni dei Gestione della Destinazione<br \/>\n(OGD).<br \/>\n&#8211; Progetti studiati per la promozione di prodotti turistici trasversali a pi\u00f9<br \/>\ndestinazioni nella Regione e quindi che vedano il partenariato attivo delle OGD<br \/>\ninteressate, con priorit\u00e0 a quelle che includono uno o pi\u00f9 siti UNESCO.<br \/>\nLe domande di partecipazione al bando potranno essere presentate dal 5 novembre<br \/>\nprossimo fino al 25 febbraio 2021. Il contenuto completo con modalit\u00e0 di accesso,<br \/>\ntermini e criteri di erogazione, sar\u00e0 pubblicato sul sito della Regione del Veneto.<\/p>\n<p>\u201c\u00c8 necessario condurre una lotta senza quartiere agli effetti che le restrizioni legate alla<br \/>\npandemia hanno procurato sul turismo \u2013 conclude l\u2019assessore \u2013. Ci troviamo di fronte<br \/>\nad un quadro totalmente modificato anche per quanto riguarda le strategie dell\u2019intero<br \/>\nsistema turistico, costretto a recuperare il proprio posizionamento sui mercati<br \/>\ninternazionali. Una regione come la nostra che conta 70 milioni di presenze annue<br \/>\ndeve fare tutto quanto \u00e8 possibile per difendere un simile capitale di ricchezza e posti<br \/>\ndi lavoro. Con questo provvedimento la Regione del Veneto rinnova concretamente la<br \/>\nvolont\u00e0 di restare al fianco degli operatori del settore&#8221;.<\/p>","protected":false},"excerpt":{"rendered":"<p>Venezia, 18 settembre 2020\u00a0 \u00a0\u201cLe conseguenze del lungo periodo di lockdown ci hanno imposto la necessit\u00e0 di un rilancio complessivo e immediato dell\u2019economia veneta cos\u00ec colpita dalla crisi. Riteniamo che, a sostegno del nostro turismo, i cui operatori sono tra i pi\u00f9 penalizzati, la risposta possa essere efficace soltanto mobilitando ulteriori risorse\u201d. Con queste parole [&hellip;]<\/p>\n","protected":false},"author":2,"featured_media":108103,"comment_status":"closed","ping_status":"open","sticky":false,"template":"","format":"standard","meta":{"footnotes":""},"categories":[36],"tags":[],"class_list":["post-117703","post","type-post","status-publish","format-standard","has-post-thumbnail","category-lavoro-economia"],"yoast_head":"<!-- This site is optimized with the Yoast SEO plugin v28.4 - https:\/\/yoast.com\/product\/yoast-seo-wordpress\/ -->\n<title>Contributi regionali per 6 milioni e mezzo per la valorizzazione delle destinazioni turistiche i - Bellunopress - Dolomiti<\/title>\n<meta name=\"robots\" content=\"index, follow, max-snippet:-1, max-image-preview:large, max-video-preview:-1\" \/>\n<link rel=\"canonical\" href=\"https:\/\/www.bellunopress.it\/fr\/2020\/09\/18\/contributi-regionali-per-6-milioni-e-mezzo-per-la-valorizzazione-delle-destinazioni-turistiche-i\/\" \/>\n<meta property=\"og:locale\" content=\"fr_FR\" \/>\n<meta property=\"og:type\" content=\"article\" \/>\n<meta property=\"og:title\" content=\"Contributi regionali per 6 milioni e mezzo per la valorizzazione delle destinazioni turistiche i - Bellunopress - Dolomiti\" \/>\n<meta property=\"og:description\" content=\"Venezia, 18 settembre 2020\u00a0 \u00a0\u201cLe conseguenze del lungo periodo di lockdown ci hanno imposto la necessit\u00e0 di un rilancio complessivo e immediato dell\u2019economia veneta cos\u00ec colpita dalla crisi. Riteniamo che, a sostegno del nostro turismo, i cui operatori sono tra i pi\u00f9 penalizzati, la risposta possa essere efficace soltanto mobilitando ulteriori risorse\u201d. Con queste parole [&hellip;]\" \/>\n<meta property=\"og:url\" content=\"https:\/\/www.bellunopress.it\/fr\/2020\/09\/18\/contributi-regionali-per-6-milioni-e-mezzo-per-la-valorizzazione-delle-destinazioni-turistiche-i\/\" \/>\n<meta property=\"og:site_name\" content=\"Bellunopress - Dolomiti\" \/>\n<meta property=\"article:publisher\" content=\"https:\/\/www.facebook.com\/profile.php?id=100008943462799\" \/>\n<meta property=\"article:published_time\" content=\"2020-09-18T15:12:32+00:00\" \/>\n<meta property=\"og:image\" content=\"https:\/\/www.bellunopress.it\/wp-content\/uploads\/2019\/09\/Venezia-Palazzo-Ducale-e-Monte-Civetta.jpg\" \/>\n\t<meta property=\"og:image:width\" content=\"300\" \/>\n\t<meta property=\"og:image:height\" content=\"205\" \/>\n\t<meta property=\"og:image:type\" content=\"image\/jpeg\" \/>\n<meta name=\"author\" content=\"redazione\" \/>\n<meta name=\"twitter:card\" content=\"summary_large_image\" \/>\n<meta name=\"twitter:creator\" content=\"@bellunopress\" \/>\n<meta name=\"twitter:site\" content=\"@bellunopress\" \/>\n<meta name=\"twitter:label1\" content=\"\u00c9crit par\" \/>\n\t<meta name=\"twitter:data1\" content=\"redazione\" \/>\n\t<meta name=\"twitter:label2\" content=\"Dur\u00e9e de lecture estim\u00e9e\" \/>\n\t<meta name=\"twitter:data2\" content=\"2 minutes\" \/>\n<script type=\"application\/ld+json\" class=\"yoast-schema-graph\">{\"@context\":\"https:\\\/\\\/schema.org\",\"@graph\":[{\"@type\":\"Article\",\"@id\":\"https:\\\/\\\/www.bellunopress.it\\\/2020\\\/09\\\/18\\\/contributi-regionali-per-6-milioni-e-mezzo-per-la-valorizzazione-delle-destinazioni-turistiche-i\\\/#article\",\"isPartOf\":{\"@id\":\"https:\\\/\\\/www.bellunopress.it\\\/2020\\\/09\\\/18\\\/contributi-regionali-per-6-milioni-e-mezzo-per-la-valorizzazione-delle-destinazioni-turistiche-i\\\/\"},\"author\":{\"name\":\"redazione\",\"@id\":\"https:\\\/\\\/www.bellunopress.it\\\/#\\\/schema\\\/person\\\/79bb06722b37ece1c03d3e94beb30d73\"},\"headline\":\"Contributi regionali per 6 milioni e mezzo per la valorizzazione delle destinazioni turistiche i\",\"datePublished\":\"2020-09-18T15:12:32+00:00\",\"mainEntityOfPage\":{\"@id\":\"https:\\\/\\\/www.bellunopress.it\\\/2020\\\/09\\\/18\\\/contributi-regionali-per-6-milioni-e-mezzo-per-la-valorizzazione-delle-destinazioni-turistiche-i\\\/\"},\"wordCount\":401,\"publisher\":{\"@id\":\"https:\\\/\\\/www.bellunopress.it\\\/#organization\"},\"image\":{\"@id\":\"https:\\\/\\\/www.bellunopress.it\\\/2020\\\/09\\\/18\\\/contributi-regionali-per-6-milioni-e-mezzo-per-la-valorizzazione-delle-destinazioni-turistiche-i\\\/#primaryimage\"},\"thumbnailUrl\":\"https:\\\/\\\/www.bellunopress.it\\\/wp-content\\\/uploads\\\/2019\\\/09\\\/Venezia-Palazzo-Ducale-e-Monte-Civetta.jpg\",\"articleSection\":[\"Lavoro, Economia, Turismo\"],\"inLanguage\":\"fr-FR\"},{\"@type\":\"WebPage\",\"@id\":\"https:\\\/\\\/www.bellunopress.it\\\/2020\\\/09\\\/18\\\/contributi-regionali-per-6-milioni-e-mezzo-per-la-valorizzazione-delle-destinazioni-turistiche-i\\\/\",\"url\":\"https:\\\/\\\/www.bellunopress.it\\\/2020\\\/09\\\/18\\\/contributi-regionali-per-6-milioni-e-mezzo-per-la-valorizzazione-delle-destinazioni-turistiche-i\\\/\",\"name\":\"Contributi regionali per 6 milioni e mezzo per la valorizzazione delle destinazioni turistiche i - Bellunopress - Dolomiti\",\"isPartOf\":{\"@id\":\"https:\\\/\\\/www.bellunopress.it\\\/#website\"},\"primaryImageOfPage\":{\"@id\":\"https:\\\/\\\/www.bellunopress.it\\\/2020\\\/09\\\/18\\\/contributi-regionali-per-6-milioni-e-mezzo-per-la-valorizzazione-delle-destinazioni-turistiche-i\\\/#primaryimage\"},\"image\":{\"@id\":\"https:\\\/\\\/www.bellunopress.it\\\/2020\\\/09\\\/18\\\/contributi-regionali-per-6-milioni-e-mezzo-per-la-valorizzazione-delle-destinazioni-turistiche-i\\\/#primaryimage\"},\"thumbnailUrl\":\"https:\\\/\\\/www.bellunopress.it\\\/wp-content\\\/uploads\\\/2019\\\/09\\\/Venezia-Palazzo-Ducale-e-Monte-Civetta.jpg\",\"datePublished\":\"2020-09-18T15:12:32+00:00\",\"breadcrumb\":{\"@id\":\"https:\\\/\\\/www.bellunopress.it\\\/2020\\\/09\\\/18\\\/contributi-regionali-per-6-milioni-e-mezzo-per-la-valorizzazione-delle-destinazioni-turistiche-i\\\/#breadcrumb\"},\"inLanguage\":\"fr-FR\",\"potentialAction\":[{\"@type\":\"ReadAction\",\"target\":[\"https:\\\/\\\/www.bellunopress.it\\\/2020\\\/09\\\/18\\\/contributi-regionali-per-6-milioni-e-mezzo-per-la-valorizzazione-delle-destinazioni-turistiche-i\\\/\"]}]},{\"@type\":\"ImageObject\",\"inLanguage\":\"fr-FR\",\"@id\":\"https:\\\/\\\/www.bellunopress.it\\\/2020\\\/09\\\/18\\\/contributi-regionali-per-6-milioni-e-mezzo-per-la-valorizzazione-delle-destinazioni-turistiche-i\\\/#primaryimage\",\"url\":\"https:\\\/\\\/www.bellunopress.it\\\/wp-content\\\/uploads\\\/2019\\\/09\\\/Venezia-Palazzo-Ducale-e-Monte-Civetta.jpg\",\"contentUrl\":\"https:\\\/\\\/www.bellunopress.it\\\/wp-content\\\/uploads\\\/2019\\\/09\\\/Venezia-Palazzo-Ducale-e-Monte-Civetta.jpg\",\"width\":300,\"height\":205,\"caption\":\"Palazzo-Ducale e Monte Civetta (foto di Nicol\u00f2 Miana)\"},{\"@type\":\"BreadcrumbList\",\"@id\":\"https:\\\/\\\/www.bellunopress.it\\\/2020\\\/09\\\/18\\\/contributi-regionali-per-6-milioni-e-mezzo-per-la-valorizzazione-delle-destinazioni-turistiche-i\\\/#breadcrumb\",\"itemListElement\":[{\"@type\":\"ListItem\",\"position\":1,\"name\":\"Home\",\"item\":\"https:\\\/\\\/www.bellunopress.it\\\/\"},{\"@type\":\"ListItem\",\"position\":2,\"name\":\"Contributi regionali per 6 milioni e mezzo per la valorizzazione delle destinazioni turistiche i\"}]},{\"@type\":\"WebSite\",\"@id\":\"https:\\\/\\\/www.bellunopress.it\\\/#website\",\"url\":\"https:\\\/\\\/www.bellunopress.it\\\/\",\"name\":\"Bellunopress - Dolomiti\",\"description\":\"e-mail: redazione@bellunopress.it\",\"publisher\":{\"@id\":\"https:\\\/\\\/www.bellunopress.it\\\/#organization\"},\"potentialAction\":[{\"@type\":\"SearchAction\",\"target\":{\"@type\":\"EntryPoint\",\"urlTemplate\":\"https:\\\/\\\/www.bellunopress.it\\\/?s={search_term_string}\"},\"query-input\":{\"@type\":\"PropertyValueSpecification\",\"valueRequired\":true,\"valueName\":\"search_term_string\"}}],\"inLanguage\":\"fr-FR\"},{\"@type\":\"Organization\",\"@id\":\"https:\\\/\\\/www.bellunopress.it\\\/#organization\",\"name\":\"Bellunopress\",\"url\":\"https:\\\/\\\/www.bellunopress.it\\\/\",\"logo\":{\"@type\":\"ImageObject\",\"inLanguage\":\"fr-FR\",\"@id\":\"https:\\\/\\\/www.bellunopress.it\\\/#\\\/schema\\\/logo\\\/image\\\/\",\"url\":\"https:\\\/\\\/www.bellunopress.it\\\/wp-content\\\/uploads\\\/2011\\\/05\\\/cropped-logo-bellunopress-.jpg\",\"contentUrl\":\"https:\\\/\\\/www.bellunopress.it\\\/wp-content\\\/uploads\\\/2011\\\/05\\\/cropped-logo-bellunopress-.jpg\",\"width\":512,\"height\":512,\"caption\":\"Bellunopress\"},\"image\":{\"@id\":\"https:\\\/\\\/www.bellunopress.it\\\/#\\\/schema\\\/logo\\\/image\\\/\"},\"sameAs\":[\"https:\\\/\\\/www.facebook.com\\\/profile.php?id=100008943462799\",\"https:\\\/\\\/x.com\\\/bellunopress\",\"https:\\\/\\\/www.linkedin.com\\\/hp\\\/?dnr=JBzUWaJfMUw8vbXJJ2tVW5-I3jZKvC4wsoxE&amp;amp;amp;amp;amp;amp;trk=nav_responsive_tab_home\",\"https:\\\/\\\/www.youtube.com\\\/channel\\\/UCxL0wu1uN0_3_7hGG0306cw\"]},{\"@type\":\"Person\",\"@id\":\"https:\\\/\\\/www.bellunopress.it\\\/#\\\/schema\\\/person\\\/79bb06722b37ece1c03d3e94beb30d73\",\"name\":\"redazione\",\"image\":{\"@type\":\"ImageObject\",\"inLanguage\":\"fr-FR\",\"@id\":\"https:\\\/\\\/secure.gravatar.com\\\/avatar\\\/37d968a2e67a6fd04c169c4bdef102d0bc5d31b2546345219e348575eb80e9a0?s=96&d=mm&r=g\",\"url\":\"https:\\\/\\\/secure.gravatar.com\\\/avatar\\\/37d968a2e67a6fd04c169c4bdef102d0bc5d31b2546345219e348575eb80e9a0?s=96&d=mm&r=g\",\"contentUrl\":\"https:\\\/\\\/secure.gravatar.com\\\/avatar\\\/37d968a2e67a6fd04c169c4bdef102d0bc5d31b2546345219e348575eb80e9a0?s=96&d=mm&r=g\",\"caption\":\"redazione\"},\"sameAs\":[\"http:\\\/\\\/www.bellunopress.it\",\"https:\\\/\\\/x.com\\\/bellunopress\"],\"url\":\"https:\\\/\\\/www.bellunopress.it\\\/fr\\\/author\\\/redazione\\\/\"}]}<\/script>\n<!-- \/ Yoast SEO plugin. -->","yoast_head_json":{"title":"Contributi regionali per 6 milioni e mezzo per la valorizzazione delle destinazioni turistiche i - Bellunopress - Dolomiti","robots":{"index":"index","follow":"follow","max-snippet":"max-snippet:-1","max-image-preview":"max-image-preview:large","max-video-preview":"max-video-preview:-1"},"canonical":"https:\/\/www.bellunopress.it\/fr\/2020\/09\/18\/contributi-regionali-per-6-milioni-e-mezzo-per-la-valorizzazione-delle-destinazioni-turistiche-i\/","og_locale":"fr_FR","og_type":"article","og_title":"Contributi regionali per 6 milioni e mezzo per la valorizzazione delle destinazioni turistiche i - Bellunopress - Dolomiti","og_description":"Venezia, 18 settembre 2020\u00a0 \u00a0\u201cLe conseguenze del lungo periodo di lockdown ci hanno imposto la necessit\u00e0 di un rilancio complessivo e immediato dell\u2019economia veneta cos\u00ec colpita dalla crisi. Riteniamo che, a sostegno del nostro turismo, i cui operatori sono tra i pi\u00f9 penalizzati, la risposta possa essere efficace soltanto mobilitando ulteriori risorse\u201d. Con queste parole [&hellip;]","og_url":"https:\/\/www.bellunopress.it\/fr\/2020\/09\/18\/contributi-regionali-per-6-milioni-e-mezzo-per-la-valorizzazione-delle-destinazioni-turistiche-i\/","og_site_name":"Bellunopress - Dolomiti","article_publisher":"https:\/\/www.facebook.com\/profile.php?id=100008943462799","article_published_time":"2020-09-18T15:12:32+00:00","og_image":[{"width":300,"height":205,"url":"https:\/\/www.bellunopress.it\/wp-content\/uploads\/2019\/09\/Venezia-Palazzo-Ducale-e-Monte-Civetta.jpg","type":"image\/jpeg"}],"author":"redazione","twitter_card":"summary_large_image","twitter_creator":"@bellunopress","twitter_site":"@bellunopress","twitter_misc":{"\u00c9crit par":"redazione","Dur\u00e9e de lecture estim\u00e9e":"2 minutes"},"schema":{"@context":"https:\/\/schema.org","@graph":[{"@type":"Article","@id":"https:\/\/www.bellunopress.it\/2020\/09\/18\/contributi-regionali-per-6-milioni-e-mezzo-per-la-valorizzazione-delle-destinazioni-turistiche-i\/#article","isPartOf":{"@id":"https:\/\/www.bellunopress.it\/2020\/09\/18\/contributi-regionali-per-6-milioni-e-mezzo-per-la-valorizzazione-delle-destinazioni-turistiche-i\/"},"author":{"name":"redazione","@id":"https:\/\/www.bellunopress.it\/#\/schema\/person\/79bb06722b37ece1c03d3e94beb30d73"},"headline":"Contributi regionali per 6 milioni e mezzo per la valorizzazione delle destinazioni turistiche i","datePublished":"2020-09-18T15:12:32+00:00","mainEntityOfPage":{"@id":"https:\/\/www.bellunopress.it\/2020\/09\/18\/contributi-regionali-per-6-milioni-e-mezzo-per-la-valorizzazione-delle-destinazioni-turistiche-i\/"},"wordCount":401,"publisher":{"@id":"https:\/\/www.bellunopress.it\/#organization"},"image":{"@id":"https:\/\/www.bellunopress.it\/2020\/09\/18\/contributi-regionali-per-6-milioni-e-mezzo-per-la-valorizzazione-delle-destinazioni-turistiche-i\/#primaryimage"},"thumbnailUrl":"https:\/\/www.bellunopress.it\/wp-content\/uploads\/2019\/09\/Venezia-Palazzo-Ducale-e-Monte-Civetta.jpg","articleSection":["Lavoro, Economia, Turismo"],"inLanguage":"fr-FR"},{"@type":"WebPage","@id":"https:\/\/www.bellunopress.it\/2020\/09\/18\/contributi-regionali-per-6-milioni-e-mezzo-per-la-valorizzazione-delle-destinazioni-turistiche-i\/","url":"https:\/\/www.bellunopress.it\/2020\/09\/18\/contributi-regionali-per-6-milioni-e-mezzo-per-la-valorizzazione-delle-destinazioni-turistiche-i\/","name":"Contributi regionali per 6 milioni e mezzo per la valorizzazione delle destinazioni turistiche i - Bellunopress - Dolomiti","isPartOf":{"@id":"https:\/\/www.bellunopress.it\/#website"},"primaryImageOfPage":{"@id":"https:\/\/www.bellunopress.it\/2020\/09\/18\/contributi-regionali-per-6-milioni-e-mezzo-per-la-valorizzazione-delle-destinazioni-turistiche-i\/#primaryimage"},"image":{"@id":"https:\/\/www.bellunopress.it\/2020\/09\/18\/contributi-regionali-per-6-milioni-e-mezzo-per-la-valorizzazione-delle-destinazioni-turistiche-i\/#primaryimage"},"thumbnailUrl":"https:\/\/www.bellunopress.it\/wp-content\/uploads\/2019\/09\/Venezia-Palazzo-Ducale-e-Monte-Civetta.jpg","datePublished":"2020-09-18T15:12:32+00:00","breadcrumb":{"@id":"https:\/\/www.bellunopress.it\/2020\/09\/18\/contributi-regionali-per-6-milioni-e-mezzo-per-la-valorizzazione-delle-destinazioni-turistiche-i\/#breadcrumb"},"inLanguage":"fr-FR","potentialAction":[{"@type":"ReadAction","target":["https:\/\/www.bellunopress.it\/2020\/09\/18\/contributi-regionali-per-6-milioni-e-mezzo-per-la-valorizzazione-delle-destinazioni-turistiche-i\/"]}]},{"@type":"ImageObject","inLanguage":"fr-FR","@id":"https:\/\/www.bellunopress.it\/2020\/09\/18\/contributi-regionali-per-6-milioni-e-mezzo-per-la-valorizzazione-delle-destinazioni-turistiche-i\/#primaryimage","url":"https:\/\/www.bellunopress.it\/wp-content\/uploads\/2019\/09\/Venezia-Palazzo-Ducale-e-Monte-Civetta.jpg","contentUrl":"https:\/\/www.bellunopress.it\/wp-content\/uploads\/2019\/09\/Venezia-Palazzo-Ducale-e-Monte-Civetta.jpg","width":300,"height":205,"caption":"Palazzo-Ducale e Monte Civetta (foto di Nicol\u00f2 Miana)"},{"@type":"BreadcrumbList","@id":"https:\/\/www.bellunopress.it\/2020\/09\/18\/contributi-regionali-per-6-milioni-e-mezzo-per-la-valorizzazione-delle-destinazioni-turistiche-i\/#breadcrumb","itemListElement":[{"@type":"ListItem","position":1,"name":"Home","item":"https:\/\/www.bellunopress.it\/"},{"@type":"ListItem","position":2,"name":"Contributi regionali per 6 milioni e mezzo per la valorizzazione delle destinazioni turistiche i"}]},{"@type":"WebSite","@id":"https:\/\/www.bellunopress.it\/#website","url":"https:\/\/www.bellunopress.it\/","name":"Bellunopress - Dolomiti","description":"e-mail: redazione@bellunopress.it","publisher":{"@id":"https:\/\/www.bellunopress.it\/#organization"},"potentialAction":[{"@type":"SearchAction","target":{"@type":"EntryPoint","urlTemplate":"https:\/\/www.bellunopress.it\/?s={search_term_string}"},"query-input":{"@type":"PropertyValueSpecification","valueRequired":true,"valueName":"search_term_string"}}],"inLanguage":"fr-FR"},{"@type":"Organization","@id":"https:\/\/www.bellunopress.it\/#organization","name":"Bellunopress","url":"https:\/\/www.bellunopress.it\/","logo":{"@type":"ImageObject","inLanguage":"fr-FR","@id":"https:\/\/www.bellunopress.it\/#\/schema\/logo\/image\/","url":"https:\/\/www.bellunopress.it\/wp-content\/uploads\/2011\/05\/cropped-logo-bellunopress-.jpg","contentUrl":"https:\/\/www.bellunopress.it\/wp-content\/uploads\/2011\/05\/cropped-logo-bellunopress-.jpg","width":512,"height":512,"caption":"Bellunopress"},"image":{"@id":"https:\/\/www.bellunopress.it\/#\/schema\/logo\/image\/"},"sameAs":["https:\/\/www.facebook.com\/profile.php?id=100008943462799","https:\/\/x.com\/bellunopress","https:\/\/www.linkedin.com\/hp\/?dnr=JBzUWaJfMUw8vbXJJ2tVW5-I3jZKvC4wsoxE&amp;amp;amp;amp;amp;amp;trk=nav_responsive_tab_home","https:\/\/www.youtube.com\/channel\/UCxL0wu1uN0_3_7hGG0306cw"]},{"@type":"Person","@id":"https:\/\/www.bellunopress.it\/#\/schema\/person\/79bb06722b37ece1c03d3e94beb30d73","name":"r\u00e9daction","image":{"@type":"ImageObject","inLanguage":"fr-FR","@id":"https:\/\/secure.gravatar.com\/avatar\/37d968a2e67a6fd04c169c4bdef102d0bc5d31b2546345219e348575eb80e9a0?s=96&d=mm&r=g","url":"https:\/\/secure.gravatar.com\/avatar\/37d968a2e67a6fd04c169c4bdef102d0bc5d31b2546345219e348575eb80e9a0?s=96&d=mm&r=g","contentUrl":"https:\/\/secure.gravatar.com\/avatar\/37d968a2e67a6fd04c169c4bdef102d0bc5d31b2546345219e348575eb80e9a0?s=96&d=mm&r=g","caption":"redazione"},"sameAs":["http:\/\/www.bellunopress.it","https:\/\/x.com\/bellunopress"],"url":"https:\/\/www.bellunopress.it\/fr\/author\/redazione\/"}]}},"_links":{"self":[{"href":"https:\/\/www.bellunopress.it\/fr\/wp-json\/wp\/v2\/posts\/117703","targetHints":{"allow":["GET"]}}],"collection":[{"href":"https:\/\/www.bellunopress.it\/fr\/wp-json\/wp\/v2\/posts"}],"about":[{"href":"https:\/\/www.bellunopress.it\/fr\/wp-json\/wp\/v2\/types\/post"}],"author":[{"embeddable":true,"href":"https:\/\/www.bellunopress.it\/fr\/wp-json\/wp\/v2\/users\/2"}],"replies":[{"embeddable":true,"href":"https:\/\/www.bellunopress.it\/fr\/wp-json\/wp\/v2\/comments?post=117703"}],"version-history":[{"count":1,"href":"https:\/\/www.bellunopress.it\/fr\/wp-json\/wp\/v2\/posts\/117703\/revisions"}],"predecessor-version":[{"id":117704,"href":"https:\/\/www.bellunopress.it\/fr\/wp-json\/wp\/v2\/posts\/117703\/revisions\/117704"}],"wp:featuredmedia":[{"embeddable":true,"href":"https:\/\/www.bellunopress.it\/fr\/wp-json\/wp\/v2\/media\/108103"}],"wp:attachment":[{"href":"https:\/\/www.bellunopress.it\/fr\/wp-json\/wp\/v2\/media?parent=117703"}],"wp:term":[{"taxonomy":"category","embeddable":true,"href":"https:\/\/www.bellunopress.it\/fr\/wp-json\/wp\/v2\/categories?post=117703"},{"taxonomy":"post_tag","embeddable":true,"href":"https:\/\/www.bellunopress.it\/fr\/wp-json\/wp\/v2\/tags?post=117703"}],"curies":[{"name":"wp","href":"https:\/\/api.w.org\/{rel}","templated":true}]}}