{"id":117699,"date":"2020-09-18T15:47:23","date_gmt":"2020-09-18T13:47:23","guid":{"rendered":"http:\/\/www.bellunopress.it\/?p=117699"},"modified":"2020-09-18T15:47:25","modified_gmt":"2020-09-18T13:47:25","slug":"le-mostre-di-oltre-le-vette-4-esposizioni-a-belluno-dal-2-all11-ottobre","status":"publish","type":"post","link":"https:\/\/www.bellunopress.it\/fr\/2020\/09\/18\/le-mostre-di-oltre-le-vette-4-esposizioni-a-belluno-dal-2-all11-ottobre\/","title":{"rendered":"Le mostre di Oltre le vette: 4 esposizioni, a\u00a0Belluno dal 2 all\u201911 ottobre"},"content":{"rendered":"<figure id=\"attachment_117700\" aria-describedby=\"caption-attachment-117700\" style=\"width: 800px\" class=\"wp-caption alignleft\"><a href=\"http:\/\/www.bellunopress.it\/fr\/2020\/09\/18\/le-mostre-di-oltre-le-vette-4-esposizioni-a-belluno-dal-2-all11-ottobre\/seffer-alessandro-belluno-1866_edited\/\" rel=\"attachment wp-att-117700\"><img loading=\"lazy\" decoding=\"async\" class=\"size-full wp-image-117700\" src=\"http:\/\/www.bellunopress.it\/wp-content\/uploads\/2020\/09\/Seffer-Alessandro-Belluno-1866_edited.jpg\" alt=\"\" width=\"800\" height=\"532\" srcset=\"https:\/\/www.bellunopress.it\/wp-content\/uploads\/2020\/09\/Seffer-Alessandro-Belluno-1866_edited.jpg 800w, https:\/\/www.bellunopress.it\/wp-content\/uploads\/2020\/09\/Seffer-Alessandro-Belluno-1866_edited-500x333.jpg 500w, https:\/\/www.bellunopress.it\/wp-content\/uploads\/2020\/09\/Seffer-Alessandro-Belluno-1866_edited-696x463.jpg 696w, https:\/\/www.bellunopress.it\/wp-content\/uploads\/2020\/09\/Seffer-Alessandro-Belluno-1866_edited-632x420.jpg 632w\" sizes=\"auto, (max-width: 800px) 100vw, 800px\" \/><\/a><figcaption id=\"caption-attachment-117700\" class=\"wp-caption-text\">Belluno 1866 &#8211; Seffer<\/figcaption><\/figure>\n<p>Le mostre sui temi della montagna sono da sempre uno dei punti di forza della rassegna bellunese, occasione per il pubblico di ammirare opere d\u2019arte o di scienza legate alla montagna e riunite in uno spazio unico.<br \/>\nAnche per questa edizione, Oltre le vette presenta dunque quattro mostre, mantenendo elevato, pur in questi tempi difficili, il livello della proposta culturale.<\/p>\n<p>Le esposizioni pi\u00f9 significative si terranno nel consueto contenitore di Palazzo Fulcis, fruibile nel rispetto delle norme relative alla situazione sanitaria e rimarranno aperte dal 3 ottobre al 10 gennaio 2021. L\u2019ultimo piano del palazzo ospiter\u00e0 infatti un\u2019esposizione delle opere del pittore bellunese Alessandro Seffer, artista molto attivo e conosciuto: Alessandro Seffer 1831 \u2013 1905. Cronaca e paesaggio nel Veneto dell\u2019Ottocento. Le sue tele riproducono i paesaggi della campagna bellunese, montagne e fiumi della nostra terra, ma anche alcune insolite e preziose vedute della citt\u00e0. Suoi quadri, ad esempio, restano l\u2019unica testimonianza visiva delle opere di ricostruzione dopo il grave terremoto che colp\u00ec Belluno nel 1873, mentre altre opere raffigurano scene di vita cittadina e spazi che, per quanto trasformati nell\u2019uso, anche oggi ci sono famigliari. La mostra \u00e8 a cura del Conservatore dei Musei Civici di Belluno, Denis Ton, e di Flavio Vizzuti che ne ha curato anche il catalogo. Sostenitori dell\u2019iniziativa sono la Cassa Rurale delle Dolomiti e Flavio Sperandio.<\/p>\n<p>Sempre a Palazzo Fulcis sar\u00e0 allestita una mostra dedicata a Federico Velluti, poliedrica figura di studioso, artista, restauratore: Federico Velluti, la bellezza restituita. Alle sue creazioni visionarie, ambientate nei Regni Ultramontani, ai suoi preziosi restauri (anche di opere gi\u00e0 ospitate nello stesso museo), alle sue intuizioni sar\u00e0 dedicata un\u2019esposizione nel Lapidarium e in altre sale dell\u2019edificio, per una giusta riscoperta di questo grande uomo di cultura. La mostra nasce da un\u2019idea di Marco Perale e Valeria Benni ed \u00e8 curata da Gianluca Rossi con Laura Tomesani e Oscar Passarella.<\/p>\n<p>La Fondazione Giovanni Angelini \u2013 Centro studi sulla montagna ospiter\u00e0 nella sua sede di Piazza delle erbe dal 3 al 17 ottobre una mostra di fotografie tratte dall\u2019archivio di Piero Rossi, custodito presso la fondazione stessa. Si tratta di opere in parte utilizzate per la redazione dei libri di Rossi, a partire dalla sua guida della Schiara nelle collana CAI \u2013 TCI, e in parte originali, ma tutte con la tecnica e la sapienza di un grande uomo di montagna. La Schiara di Piero Rossi, cos\u00ec si intitola l\u2019esposizione, vuole essere insieme una testimonianza e un invito a \u201ctornare alla montagna\u201d, un ritorno che, con le sue parole, \u201csia prima di tutto un atto di amore alla propria terra, alla propria gente, ai valori di un ambiente naturale che va strenuamente difeso, per il bene di tutti\u201d. La mostra \u00e8 organizzata con il sostegno del Parco Nazionale Dolomiti Bellunesi.<\/p>\n<p><a href=\"http:\/\/www.bellunopress.it\/fr\/2020\/08\/28\/a-belluno-dal-2-all11-ottobre-ledizione-n-24-della-rassegna-oltre-le-vette-metafore-uomini-luoghi-della-montagna\/oltre-le-vette-2020\/\" rel=\"attachment wp-att-117103\"><img loading=\"lazy\" decoding=\"async\" class=\"alignleft size-full wp-image-117103\" src=\"http:\/\/www.bellunopress.it\/wp-content\/uploads\/2020\/08\/oltre-le-vette-2020.jpg\" alt=\"\" width=\"800\" height=\"623\" srcset=\"https:\/\/www.bellunopress.it\/wp-content\/uploads\/2020\/08\/oltre-le-vette-2020.jpg 800w, https:\/\/www.bellunopress.it\/wp-content\/uploads\/2020\/08\/oltre-le-vette-2020-500x389.jpg 500w, https:\/\/www.bellunopress.it\/wp-content\/uploads\/2020\/08\/oltre-le-vette-2020-696x542.jpg 696w, https:\/\/www.bellunopress.it\/wp-content\/uploads\/2020\/08\/oltre-le-vette-2020-539x420.jpg 539w\" sizes=\"auto, (max-width: 800px) 100vw, 800px\" \/><\/a>L\u2019immagine ufficiale di Oltre le vette 2020, dal titolo Equilibri instabili, \u00e8 opera del pittore cadorino Maurizio De Lotto. A lui, interprete acuto e sensibile delle montagne e delle sue genti, \u00e8 dedicata un\u2019esposizione al foyer del primo piano del Teatro Comunale cittadino. Il titolo dell\u2019esposizione \u00e8 Cime sospese: opere di Maurizio de Lotto e consentir\u00e0 al visitatore di conoscere la sensibilit\u00e0 e la tecnica, unite a una visione davvero insolita della montagna e della vita, di questo artista.<\/p>","protected":false},"excerpt":{"rendered":"<p>Le mostre sui temi della montagna sono da sempre uno dei punti di forza della rassegna bellunese, occasione per il pubblico di ammirare opere d\u2019arte o di scienza legate alla montagna e riunite in uno spazio unico. Anche per questa edizione, Oltre le vette presenta dunque quattro mostre, mantenendo elevato, pur in questi tempi difficili, [&hellip;]<\/p>\n","protected":false},"author":2,"featured_media":117700,"comment_status":"closed","ping_status":"open","sticky":false,"template":"","format":"standard","meta":{"footnotes":""},"categories":[27,3,25],"tags":[],"class_list":["post-117699","post","type-post","status-publish","format-standard","has-post-thumbnail","category-appuntamenti","category-arte-cultura-spettacoli-scienza-archivi","category-pausa-caffe"],"yoast_head":"<!-- This site is optimized with the Yoast SEO plugin v28.4 - https:\/\/yoast.com\/product\/yoast-seo-wordpress\/ -->\n<title>Le mostre di Oltre le vette: 4 esposizioni, a\u00a0Belluno dal 2 all\u201911 ottobre - Bellunopress - Dolomiti<\/title>\n<meta name=\"robots\" content=\"index, follow, max-snippet:-1, max-image-preview:large, max-video-preview:-1\" \/>\n<link rel=\"canonical\" href=\"https:\/\/www.bellunopress.it\/fr\/2020\/09\/18\/le-mostre-di-oltre-le-vette-4-esposizioni-a-belluno-dal-2-all11-ottobre\/\" \/>\n<meta property=\"og:locale\" content=\"fr_FR\" \/>\n<meta property=\"og:type\" content=\"article\" \/>\n<meta property=\"og:title\" content=\"Le mostre di Oltre le vette: 4 esposizioni, a\u00a0Belluno dal 2 all\u201911 ottobre - Bellunopress - Dolomiti\" \/>\n<meta property=\"og:description\" content=\"Le mostre sui temi della montagna sono da sempre uno dei punti di forza della rassegna bellunese, occasione per il pubblico di ammirare opere d\u2019arte o di scienza legate alla montagna e riunite in uno spazio unico. Anche per questa edizione, Oltre le vette presenta dunque quattro mostre, mantenendo elevato, pur in questi tempi difficili, [&hellip;]\" \/>\n<meta property=\"og:url\" content=\"https:\/\/www.bellunopress.it\/fr\/2020\/09\/18\/le-mostre-di-oltre-le-vette-4-esposizioni-a-belluno-dal-2-all11-ottobre\/\" \/>\n<meta property=\"og:site_name\" content=\"Bellunopress - Dolomiti\" \/>\n<meta property=\"article:publisher\" content=\"https:\/\/www.facebook.com\/profile.php?id=100008943462799\" \/>\n<meta property=\"article:published_time\" content=\"2020-09-18T13:47:23+00:00\" \/>\n<meta property=\"article:modified_time\" content=\"2020-09-18T13:47:25+00:00\" \/>\n<meta property=\"og:image\" content=\"https:\/\/www.bellunopress.it\/wp-content\/uploads\/2020\/09\/Seffer-Alessandro-Belluno-1866_edited.jpg\" \/>\n\t<meta property=\"og:image:width\" content=\"800\" \/>\n\t<meta property=\"og:image:height\" content=\"532\" \/>\n\t<meta property=\"og:image:type\" content=\"image\/jpeg\" \/>\n<meta name=\"author\" content=\"redazione\" \/>\n<meta name=\"twitter:card\" content=\"summary_large_image\" \/>\n<meta name=\"twitter:creator\" content=\"@bellunopress\" \/>\n<meta name=\"twitter:site\" content=\"@bellunopress\" \/>\n<meta name=\"twitter:label1\" content=\"\u00c9crit par\" \/>\n\t<meta name=\"twitter:data1\" content=\"redazione\" \/>\n\t<meta name=\"twitter:label2\" content=\"Dur\u00e9e de lecture estim\u00e9e\" \/>\n\t<meta name=\"twitter:data2\" content=\"3 minutes\" \/>\n<script type=\"application\/ld+json\" class=\"yoast-schema-graph\">{\"@context\":\"https:\\\/\\\/schema.org\",\"@graph\":[{\"@type\":\"Article\",\"@id\":\"https:\\\/\\\/www.bellunopress.it\\\/2020\\\/09\\\/18\\\/le-mostre-di-oltre-le-vette-4-esposizioni-a-belluno-dal-2-all11-ottobre\\\/#article\",\"isPartOf\":{\"@id\":\"https:\\\/\\\/www.bellunopress.it\\\/2020\\\/09\\\/18\\\/le-mostre-di-oltre-le-vette-4-esposizioni-a-belluno-dal-2-all11-ottobre\\\/\"},\"author\":{\"name\":\"redazione\",\"@id\":\"https:\\\/\\\/www.bellunopress.it\\\/#\\\/schema\\\/person\\\/79bb06722b37ece1c03d3e94beb30d73\"},\"headline\":\"Le mostre di Oltre le vette: 4 esposizioni, a\u00a0Belluno dal 2 all\u201911 ottobre\",\"datePublished\":\"2020-09-18T13:47:23+00:00\",\"dateModified\":\"2020-09-18T13:47:25+00:00\",\"mainEntityOfPage\":{\"@id\":\"https:\\\/\\\/www.bellunopress.it\\\/2020\\\/09\\\/18\\\/le-mostre-di-oltre-le-vette-4-esposizioni-a-belluno-dal-2-all11-ottobre\\\/\"},\"wordCount\":558,\"publisher\":{\"@id\":\"https:\\\/\\\/www.bellunopress.it\\\/#organization\"},\"image\":{\"@id\":\"https:\\\/\\\/www.bellunopress.it\\\/2020\\\/09\\\/18\\\/le-mostre-di-oltre-le-vette-4-esposizioni-a-belluno-dal-2-all11-ottobre\\\/#primaryimage\"},\"thumbnailUrl\":\"https:\\\/\\\/www.bellunopress.it\\\/wp-content\\\/uploads\\\/2020\\\/09\\\/Seffer-Alessandro-Belluno-1866_edited.jpg\",\"articleSection\":[\"Appuntamenti, Eventi\",\"Arte, Cultura, Spettacoli, Scienza\",\"Pausa Caff\u00e8\"],\"inLanguage\":\"fr-FR\"},{\"@type\":\"WebPage\",\"@id\":\"https:\\\/\\\/www.bellunopress.it\\\/2020\\\/09\\\/18\\\/le-mostre-di-oltre-le-vette-4-esposizioni-a-belluno-dal-2-all11-ottobre\\\/\",\"url\":\"https:\\\/\\\/www.bellunopress.it\\\/2020\\\/09\\\/18\\\/le-mostre-di-oltre-le-vette-4-esposizioni-a-belluno-dal-2-all11-ottobre\\\/\",\"name\":\"Le mostre di Oltre le vette: 4 esposizioni, a\u00a0Belluno dal 2 all\u201911 ottobre - Bellunopress - Dolomiti\",\"isPartOf\":{\"@id\":\"https:\\\/\\\/www.bellunopress.it\\\/#website\"},\"primaryImageOfPage\":{\"@id\":\"https:\\\/\\\/www.bellunopress.it\\\/2020\\\/09\\\/18\\\/le-mostre-di-oltre-le-vette-4-esposizioni-a-belluno-dal-2-all11-ottobre\\\/#primaryimage\"},\"image\":{\"@id\":\"https:\\\/\\\/www.bellunopress.it\\\/2020\\\/09\\\/18\\\/le-mostre-di-oltre-le-vette-4-esposizioni-a-belluno-dal-2-all11-ottobre\\\/#primaryimage\"},\"thumbnailUrl\":\"https:\\\/\\\/www.bellunopress.it\\\/wp-content\\\/uploads\\\/2020\\\/09\\\/Seffer-Alessandro-Belluno-1866_edited.jpg\",\"datePublished\":\"2020-09-18T13:47:23+00:00\",\"dateModified\":\"2020-09-18T13:47:25+00:00\",\"breadcrumb\":{\"@id\":\"https:\\\/\\\/www.bellunopress.it\\\/2020\\\/09\\\/18\\\/le-mostre-di-oltre-le-vette-4-esposizioni-a-belluno-dal-2-all11-ottobre\\\/#breadcrumb\"},\"inLanguage\":\"fr-FR\",\"potentialAction\":[{\"@type\":\"ReadAction\",\"target\":[\"https:\\\/\\\/www.bellunopress.it\\\/2020\\\/09\\\/18\\\/le-mostre-di-oltre-le-vette-4-esposizioni-a-belluno-dal-2-all11-ottobre\\\/\"]}]},{\"@type\":\"ImageObject\",\"inLanguage\":\"fr-FR\",\"@id\":\"https:\\\/\\\/www.bellunopress.it\\\/2020\\\/09\\\/18\\\/le-mostre-di-oltre-le-vette-4-esposizioni-a-belluno-dal-2-all11-ottobre\\\/#primaryimage\",\"url\":\"https:\\\/\\\/www.bellunopress.it\\\/wp-content\\\/uploads\\\/2020\\\/09\\\/Seffer-Alessandro-Belluno-1866_edited.jpg\",\"contentUrl\":\"https:\\\/\\\/www.bellunopress.it\\\/wp-content\\\/uploads\\\/2020\\\/09\\\/Seffer-Alessandro-Belluno-1866_edited.jpg\",\"width\":800,\"height\":532,\"caption\":\"Belluno 1866 - Seffer\"},{\"@type\":\"BreadcrumbList\",\"@id\":\"https:\\\/\\\/www.bellunopress.it\\\/2020\\\/09\\\/18\\\/le-mostre-di-oltre-le-vette-4-esposizioni-a-belluno-dal-2-all11-ottobre\\\/#breadcrumb\",\"itemListElement\":[{\"@type\":\"ListItem\",\"position\":1,\"name\":\"Home\",\"item\":\"https:\\\/\\\/www.bellunopress.it\\\/\"},{\"@type\":\"ListItem\",\"position\":2,\"name\":\"Le mostre di Oltre le vette: 4 esposizioni, a\u00a0Belluno dal 2 all\u201911 ottobre\"}]},{\"@type\":\"WebSite\",\"@id\":\"https:\\\/\\\/www.bellunopress.it\\\/#website\",\"url\":\"https:\\\/\\\/www.bellunopress.it\\\/\",\"name\":\"Bellunopress - Dolomiti\",\"description\":\"e-mail: redazione@bellunopress.it\",\"publisher\":{\"@id\":\"https:\\\/\\\/www.bellunopress.it\\\/#organization\"},\"potentialAction\":[{\"@type\":\"SearchAction\",\"target\":{\"@type\":\"EntryPoint\",\"urlTemplate\":\"https:\\\/\\\/www.bellunopress.it\\\/?s={search_term_string}\"},\"query-input\":{\"@type\":\"PropertyValueSpecification\",\"valueRequired\":true,\"valueName\":\"search_term_string\"}}],\"inLanguage\":\"fr-FR\"},{\"@type\":\"Organization\",\"@id\":\"https:\\\/\\\/www.bellunopress.it\\\/#organization\",\"name\":\"Bellunopress\",\"url\":\"https:\\\/\\\/www.bellunopress.it\\\/\",\"logo\":{\"@type\":\"ImageObject\",\"inLanguage\":\"fr-FR\",\"@id\":\"https:\\\/\\\/www.bellunopress.it\\\/#\\\/schema\\\/logo\\\/image\\\/\",\"url\":\"https:\\\/\\\/www.bellunopress.it\\\/wp-content\\\/uploads\\\/2011\\\/05\\\/cropped-logo-bellunopress-.jpg\",\"contentUrl\":\"https:\\\/\\\/www.bellunopress.it\\\/wp-content\\\/uploads\\\/2011\\\/05\\\/cropped-logo-bellunopress-.jpg\",\"width\":512,\"height\":512,\"caption\":\"Bellunopress\"},\"image\":{\"@id\":\"https:\\\/\\\/www.bellunopress.it\\\/#\\\/schema\\\/logo\\\/image\\\/\"},\"sameAs\":[\"https:\\\/\\\/www.facebook.com\\\/profile.php?id=100008943462799\",\"https:\\\/\\\/x.com\\\/bellunopress\",\"https:\\\/\\\/www.linkedin.com\\\/hp\\\/?dnr=JBzUWaJfMUw8vbXJJ2tVW5-I3jZKvC4wsoxE&amp;amp;amp;amp;amp;amp;trk=nav_responsive_tab_home\",\"https:\\\/\\\/www.youtube.com\\\/channel\\\/UCxL0wu1uN0_3_7hGG0306cw\"]},{\"@type\":\"Person\",\"@id\":\"https:\\\/\\\/www.bellunopress.it\\\/#\\\/schema\\\/person\\\/79bb06722b37ece1c03d3e94beb30d73\",\"name\":\"redazione\",\"image\":{\"@type\":\"ImageObject\",\"inLanguage\":\"fr-FR\",\"@id\":\"https:\\\/\\\/secure.gravatar.com\\\/avatar\\\/37d968a2e67a6fd04c169c4bdef102d0bc5d31b2546345219e348575eb80e9a0?s=96&d=mm&r=g\",\"url\":\"https:\\\/\\\/secure.gravatar.com\\\/avatar\\\/37d968a2e67a6fd04c169c4bdef102d0bc5d31b2546345219e348575eb80e9a0?s=96&d=mm&r=g\",\"contentUrl\":\"https:\\\/\\\/secure.gravatar.com\\\/avatar\\\/37d968a2e67a6fd04c169c4bdef102d0bc5d31b2546345219e348575eb80e9a0?s=96&d=mm&r=g\",\"caption\":\"redazione\"},\"sameAs\":[\"http:\\\/\\\/www.bellunopress.it\",\"https:\\\/\\\/x.com\\\/bellunopress\"],\"url\":\"https:\\\/\\\/www.bellunopress.it\\\/fr\\\/author\\\/redazione\\\/\"}]}<\/script>\n<!-- \/ Yoast SEO plugin. -->","yoast_head_json":{"title":"Le mostre di Oltre le vette: 4 esposizioni, a\u00a0Belluno dal 2 all\u201911 ottobre - Bellunopress - Dolomiti","robots":{"index":"index","follow":"follow","max-snippet":"max-snippet:-1","max-image-preview":"max-image-preview:large","max-video-preview":"max-video-preview:-1"},"canonical":"https:\/\/www.bellunopress.it\/fr\/2020\/09\/18\/le-mostre-di-oltre-le-vette-4-esposizioni-a-belluno-dal-2-all11-ottobre\/","og_locale":"fr_FR","og_type":"article","og_title":"Le mostre di Oltre le vette: 4 esposizioni, a\u00a0Belluno dal 2 all\u201911 ottobre - Bellunopress - Dolomiti","og_description":"Le mostre sui temi della montagna sono da sempre uno dei punti di forza della rassegna bellunese, occasione per il pubblico di ammirare opere d\u2019arte o di scienza legate alla montagna e riunite in uno spazio unico. Anche per questa edizione, Oltre le vette presenta dunque quattro mostre, mantenendo elevato, pur in questi tempi difficili, [&hellip;]","og_url":"https:\/\/www.bellunopress.it\/fr\/2020\/09\/18\/le-mostre-di-oltre-le-vette-4-esposizioni-a-belluno-dal-2-all11-ottobre\/","og_site_name":"Bellunopress - Dolomiti","article_publisher":"https:\/\/www.facebook.com\/profile.php?id=100008943462799","article_published_time":"2020-09-18T13:47:23+00:00","article_modified_time":"2020-09-18T13:47:25+00:00","og_image":[{"width":800,"height":532,"url":"https:\/\/www.bellunopress.it\/wp-content\/uploads\/2020\/09\/Seffer-Alessandro-Belluno-1866_edited.jpg","type":"image\/jpeg"}],"author":"redazione","twitter_card":"summary_large_image","twitter_creator":"@bellunopress","twitter_site":"@bellunopress","twitter_misc":{"\u00c9crit par":"redazione","Dur\u00e9e de lecture estim\u00e9e":"3 minutes"},"schema":{"@context":"https:\/\/schema.org","@graph":[{"@type":"Article","@id":"https:\/\/www.bellunopress.it\/2020\/09\/18\/le-mostre-di-oltre-le-vette-4-esposizioni-a-belluno-dal-2-all11-ottobre\/#article","isPartOf":{"@id":"https:\/\/www.bellunopress.it\/2020\/09\/18\/le-mostre-di-oltre-le-vette-4-esposizioni-a-belluno-dal-2-all11-ottobre\/"},"author":{"name":"redazione","@id":"https:\/\/www.bellunopress.it\/#\/schema\/person\/79bb06722b37ece1c03d3e94beb30d73"},"headline":"Le mostre di Oltre le vette: 4 esposizioni, a\u00a0Belluno dal 2 all\u201911 ottobre","datePublished":"2020-09-18T13:47:23+00:00","dateModified":"2020-09-18T13:47:25+00:00","mainEntityOfPage":{"@id":"https:\/\/www.bellunopress.it\/2020\/09\/18\/le-mostre-di-oltre-le-vette-4-esposizioni-a-belluno-dal-2-all11-ottobre\/"},"wordCount":558,"publisher":{"@id":"https:\/\/www.bellunopress.it\/#organization"},"image":{"@id":"https:\/\/www.bellunopress.it\/2020\/09\/18\/le-mostre-di-oltre-le-vette-4-esposizioni-a-belluno-dal-2-all11-ottobre\/#primaryimage"},"thumbnailUrl":"https:\/\/www.bellunopress.it\/wp-content\/uploads\/2020\/09\/Seffer-Alessandro-Belluno-1866_edited.jpg","articleSection":["Appuntamenti, Eventi","Arte, Cultura, Spettacoli, Scienza","Pausa Caff\u00e8"],"inLanguage":"fr-FR"},{"@type":"WebPage","@id":"https:\/\/www.bellunopress.it\/2020\/09\/18\/le-mostre-di-oltre-le-vette-4-esposizioni-a-belluno-dal-2-all11-ottobre\/","url":"https:\/\/www.bellunopress.it\/2020\/09\/18\/le-mostre-di-oltre-le-vette-4-esposizioni-a-belluno-dal-2-all11-ottobre\/","name":"Le mostre di Oltre le vette: 4 esposizioni, a\u00a0Belluno dal 2 all\u201911 ottobre - Bellunopress - Dolomiti","isPartOf":{"@id":"https:\/\/www.bellunopress.it\/#website"},"primaryImageOfPage":{"@id":"https:\/\/www.bellunopress.it\/2020\/09\/18\/le-mostre-di-oltre-le-vette-4-esposizioni-a-belluno-dal-2-all11-ottobre\/#primaryimage"},"image":{"@id":"https:\/\/www.bellunopress.it\/2020\/09\/18\/le-mostre-di-oltre-le-vette-4-esposizioni-a-belluno-dal-2-all11-ottobre\/#primaryimage"},"thumbnailUrl":"https:\/\/www.bellunopress.it\/wp-content\/uploads\/2020\/09\/Seffer-Alessandro-Belluno-1866_edited.jpg","datePublished":"2020-09-18T13:47:23+00:00","dateModified":"2020-09-18T13:47:25+00:00","breadcrumb":{"@id":"https:\/\/www.bellunopress.it\/2020\/09\/18\/le-mostre-di-oltre-le-vette-4-esposizioni-a-belluno-dal-2-all11-ottobre\/#breadcrumb"},"inLanguage":"fr-FR","potentialAction":[{"@type":"ReadAction","target":["https:\/\/www.bellunopress.it\/2020\/09\/18\/le-mostre-di-oltre-le-vette-4-esposizioni-a-belluno-dal-2-all11-ottobre\/"]}]},{"@type":"ImageObject","inLanguage":"fr-FR","@id":"https:\/\/www.bellunopress.it\/2020\/09\/18\/le-mostre-di-oltre-le-vette-4-esposizioni-a-belluno-dal-2-all11-ottobre\/#primaryimage","url":"https:\/\/www.bellunopress.it\/wp-content\/uploads\/2020\/09\/Seffer-Alessandro-Belluno-1866_edited.jpg","contentUrl":"https:\/\/www.bellunopress.it\/wp-content\/uploads\/2020\/09\/Seffer-Alessandro-Belluno-1866_edited.jpg","width":800,"height":532,"caption":"Belluno 1866 - Seffer"},{"@type":"BreadcrumbList","@id":"https:\/\/www.bellunopress.it\/2020\/09\/18\/le-mostre-di-oltre-le-vette-4-esposizioni-a-belluno-dal-2-all11-ottobre\/#breadcrumb","itemListElement":[{"@type":"ListItem","position":1,"name":"Home","item":"https:\/\/www.bellunopress.it\/"},{"@type":"ListItem","position":2,"name":"Le mostre di Oltre le vette: 4 esposizioni, a\u00a0Belluno dal 2 all\u201911 ottobre"}]},{"@type":"WebSite","@id":"https:\/\/www.bellunopress.it\/#website","url":"https:\/\/www.bellunopress.it\/","name":"Bellunopress - Dolomiti","description":"e-mail: redazione@bellunopress.it","publisher":{"@id":"https:\/\/www.bellunopress.it\/#organization"},"potentialAction":[{"@type":"SearchAction","target":{"@type":"EntryPoint","urlTemplate":"https:\/\/www.bellunopress.it\/?s={search_term_string}"},"query-input":{"@type":"PropertyValueSpecification","valueRequired":true,"valueName":"search_term_string"}}],"inLanguage":"fr-FR"},{"@type":"Organization","@id":"https:\/\/www.bellunopress.it\/#organization","name":"Bellunopress","url":"https:\/\/www.bellunopress.it\/","logo":{"@type":"ImageObject","inLanguage":"fr-FR","@id":"https:\/\/www.bellunopress.it\/#\/schema\/logo\/image\/","url":"https:\/\/www.bellunopress.it\/wp-content\/uploads\/2011\/05\/cropped-logo-bellunopress-.jpg","contentUrl":"https:\/\/www.bellunopress.it\/wp-content\/uploads\/2011\/05\/cropped-logo-bellunopress-.jpg","width":512,"height":512,"caption":"Bellunopress"},"image":{"@id":"https:\/\/www.bellunopress.it\/#\/schema\/logo\/image\/"},"sameAs":["https:\/\/www.facebook.com\/profile.php?id=100008943462799","https:\/\/x.com\/bellunopress","https:\/\/www.linkedin.com\/hp\/?dnr=JBzUWaJfMUw8vbXJJ2tVW5-I3jZKvC4wsoxE&amp;amp;amp;amp;amp;amp;trk=nav_responsive_tab_home","https:\/\/www.youtube.com\/channel\/UCxL0wu1uN0_3_7hGG0306cw"]},{"@type":"Person","@id":"https:\/\/www.bellunopress.it\/#\/schema\/person\/79bb06722b37ece1c03d3e94beb30d73","name":"r\u00e9daction","image":{"@type":"ImageObject","inLanguage":"fr-FR","@id":"https:\/\/secure.gravatar.com\/avatar\/37d968a2e67a6fd04c169c4bdef102d0bc5d31b2546345219e348575eb80e9a0?s=96&d=mm&r=g","url":"https:\/\/secure.gravatar.com\/avatar\/37d968a2e67a6fd04c169c4bdef102d0bc5d31b2546345219e348575eb80e9a0?s=96&d=mm&r=g","contentUrl":"https:\/\/secure.gravatar.com\/avatar\/37d968a2e67a6fd04c169c4bdef102d0bc5d31b2546345219e348575eb80e9a0?s=96&d=mm&r=g","caption":"redazione"},"sameAs":["http:\/\/www.bellunopress.it","https:\/\/x.com\/bellunopress"],"url":"https:\/\/www.bellunopress.it\/fr\/author\/redazione\/"}]}},"_links":{"self":[{"href":"https:\/\/www.bellunopress.it\/fr\/wp-json\/wp\/v2\/posts\/117699","targetHints":{"allow":["GET"]}}],"collection":[{"href":"https:\/\/www.bellunopress.it\/fr\/wp-json\/wp\/v2\/posts"}],"about":[{"href":"https:\/\/www.bellunopress.it\/fr\/wp-json\/wp\/v2\/types\/post"}],"author":[{"embeddable":true,"href":"https:\/\/www.bellunopress.it\/fr\/wp-json\/wp\/v2\/users\/2"}],"replies":[{"embeddable":true,"href":"https:\/\/www.bellunopress.it\/fr\/wp-json\/wp\/v2\/comments?post=117699"}],"version-history":[{"count":2,"href":"https:\/\/www.bellunopress.it\/fr\/wp-json\/wp\/v2\/posts\/117699\/revisions"}],"predecessor-version":[{"id":117702,"href":"https:\/\/www.bellunopress.it\/fr\/wp-json\/wp\/v2\/posts\/117699\/revisions\/117702"}],"wp:featuredmedia":[{"embeddable":true,"href":"https:\/\/www.bellunopress.it\/fr\/wp-json\/wp\/v2\/media\/117700"}],"wp:attachment":[{"href":"https:\/\/www.bellunopress.it\/fr\/wp-json\/wp\/v2\/media?parent=117699"}],"wp:term":[{"taxonomy":"category","embeddable":true,"href":"https:\/\/www.bellunopress.it\/fr\/wp-json\/wp\/v2\/categories?post=117699"},{"taxonomy":"post_tag","embeddable":true,"href":"https:\/\/www.bellunopress.it\/fr\/wp-json\/wp\/v2\/tags?post=117699"}],"curies":[{"name":"wp","href":"https:\/\/api.w.org\/{rel}","templated":true}]}}