{"id":117527,"date":"2020-09-13T13:04:33","date_gmt":"2020-09-13T11:04:33","guid":{"rendered":"http:\/\/www.bellunopress.it\/?p=117527"},"modified":"2020-09-13T13:04:34","modified_gmt":"2020-09-13T11:04:34","slug":"tra-le-colline-del-prosecco-a-le-manzane-la-prima-vendemmia-anti-covid","status":"publish","type":"post","link":"https:\/\/www.bellunopress.it\/fr\/2020\/09\/13\/tra-le-colline-del-prosecco-a-le-manzane-la-prima-vendemmia-anti-covid\/","title":{"rendered":"Tra le colline del prosecco, a Le Manzane, la prima vendemmia anti-covid"},"content":{"rendered":"<p><em>Tra gli ospiti della 9\u00aa edizione della festa dell\u2019uva Sammy Basso, Giusy Versace, Tiziano Pasquali della Benetton Treviso e il campione 2017 della Tiramis\u00f9 World Cup Andrea Ciccolella<\/em><\/p>\n<p><a href=\"http:\/\/www.bellunopress.it\/fr\/2020\/09\/13\/tra-le-colline-del-prosecco-a-le-manzane-la-prima-vendemmia-anti-covid\/110920_la-famiglia-balbinot-con-tiziano-pasquali-sammy-basso-giusy-versace-andrea-ciccolella-giordano-giordani-e-i-4cats-wheelchair-rugby-vicenza_edited\/\" rel=\"attachment wp-att-117528\"><img loading=\"lazy\" decoding=\"async\" class=\"alignleft size-full wp-image-117528\" src=\"http:\/\/www.bellunopress.it\/wp-content\/uploads\/2020\/09\/110920_la-famiglia-Balbinot-con-Tiziano-Pasquali-Sammy-Basso-Giusy-Versace-Andrea-Ciccolella-Giordano-Giordani-e-i-4Cats-Wheelchair-Rugby-Vicenza_edited.jpg\" alt=\"\" width=\"800\" height=\"496\" srcset=\"https:\/\/www.bellunopress.it\/wp-content\/uploads\/2020\/09\/110920_la-famiglia-Balbinot-con-Tiziano-Pasquali-Sammy-Basso-Giusy-Versace-Andrea-Ciccolella-Giordano-Giordani-e-i-4Cats-Wheelchair-Rugby-Vicenza_edited.jpg 800w, https:\/\/www.bellunopress.it\/wp-content\/uploads\/2020\/09\/110920_la-famiglia-Balbinot-con-Tiziano-Pasquali-Sammy-Basso-Giusy-Versace-Andrea-Ciccolella-Giordano-Giordani-e-i-4Cats-Wheelchair-Rugby-Vicenza_edited-500x310.jpg 500w, https:\/\/www.bellunopress.it\/wp-content\/uploads\/2020\/09\/110920_la-famiglia-Balbinot-con-Tiziano-Pasquali-Sammy-Basso-Giusy-Versace-Andrea-Ciccolella-Giordano-Giordani-e-i-4Cats-Wheelchair-Rugby-Vicenza_edited-696x432.jpg 696w, https:\/\/www.bellunopress.it\/wp-content\/uploads\/2020\/09\/110920_la-famiglia-Balbinot-con-Tiziano-Pasquali-Sammy-Basso-Giusy-Versace-Andrea-Ciccolella-Giordano-Giordani-e-i-4Cats-Wheelchair-Rugby-Vicenza_edited-677x420.jpg 677w, https:\/\/www.bellunopress.it\/wp-content\/uploads\/2020\/09\/110920_la-famiglia-Balbinot-con-Tiziano-Pasquali-Sammy-Basso-Giusy-Versace-Andrea-Ciccolella-Giordano-Giordani-e-i-4Cats-Wheelchair-Rugby-Vicenza_edited-356x220.jpg 356w\" sizes=\"auto, (max-width: 800px) 100vw, 800px\" \/><\/a>San Pietro di Feletto, 12 settembre 2020_ Il Covid non ferma la solidariet\u00e0. Si \u00e8 conclusa, ieri sera, alla cantina Le Manzane di San Pietro di Feletto (TV) la 9\u00aa edizione della vendemmia solidale dedicata quest\u2019anno soltanto agli addetti ai lavori: sponsor e partner, volontari, autorit\u00e0 e stampa. Tra gli ospiti d\u2019onore Sammy Basso e l\u2019atleta paralimpica Giusy Versace. Presenti a sorpresa anche alcuni giocatori della Benetton Rugby Treviso. In rappresentanza del Comune di San Pietro di Feletto \u00e8 intervenuto l\u2019assessore Giorgio Comuzzi. Il ricavato sar\u00e0 devoluto ai reparti Covid dell\u2019Ulss 2 Marca Trevigiana. La cantina Le Manzane ha, infatti, deciso di aderire alla raccolta fondi a sostegno delle iniziative di sanit\u00e0 pubblica per far fronte all&#8217;emergenza coronavirus avviata dall\u2019Associazione \u201cPer Mio Figlio\u201d Onlus.<\/p>\n<p>\u00abLa solidariet\u00e0 non si ferma &#8211; ha detto Ernesto Balbinot, il titolare della cantina Le Manzane &#8211; anche se in forma ridotta abbiamo deciso comunque di raccogliere i grappoli solidali per dare un segnale forte che la ripresa c\u2019\u00e8 e ci sar\u00e0\u00bb. Per rispettare le norme sul distanziamento sociale quest\u2019anno la tradizionale festa dell\u2019uva non era aperta al pubblico. \u00abTra oggi e domani &#8211; ha continuato Balbinot &#8211; i nostri ragazzi termineranno la raccolta dei grappoli di Glera nel vigneto adiacente alla cantina. L\u2019uva sar\u00e0 poi vinificata a parte e a Natale saranno disponibili tra le 9.000 e le 9.500 bottiglie di prosecco solidale, un Conegliano Valdobbiadene Docg che si potr\u00e0 acquistare nelle enoteche, nei negozi specializzati, nel nostro Wine Shop \u201cPaperCigno\u201d e su ordinazione\u00bb.<\/p>\n<p>\u00abAbbiamo visto che questo Covid ha messo in ginocchio tutti &#8211; ha detto Sammy Basso -. Gli unici posti in cui siamo riusciti a vincere il virus in maniere efficace \u00e8 stato dove le persone si aiutavano fra di loro e dove ognuno rispettava le regole. Ai negazionisti vorrei dire di fidarsi un po\u2019 di pi\u00f9 della scienza. Il Covid esiste, fa male, ci sono persone che sono finite in terapia intensiva e spesso ci hanno lasciato la vita\u00bb.<\/p>\n<p>Durante la serata Giusy Versace, atleta paralimpica e presidente della onlus Disabili No Limits, ha presentato i beneficiari della vendemmia solidale 2017, gli atleti della squadra di rugby in carrozzina del Vicenza: H81 4 Cats. \u00abDue le carrozzine acquistate con il ricavato della raccolta fondi di 3 anni fa &#8211; ha spiegato Angelo Fontana, il capitano della squadra di wheelchair rugby &#8211; una da attacco e una da difesa. Sono delle sedie a rotelle speciali: il rugby \u00e8 placcaggio e per evitare che l\u2019atleta subisca il colpo, le carrozzine devono essere ben rinforzate\u00bb. La star del rugby, Tiziano Pasquali della Benetton Treviso, ha poi donato ai 4 Cats un pallone firmato dalla squadra.<\/p>\n<p>Dopo la vendemmia, la festa \u00e8 continuata con l\u2019aperitivo a base di Prosecco Superiore Docg accompagnato da uno sfizioso cicchetto offerto da Alberto e Marco Stocco di Ca\u2019 del Poggio, la cena preparata dallo chef Tiziano Poloni e il tiramis\u00f9 di Andrea Ciccolella, campione 2017 della Tiramis\u00f9 World Cup.<\/p>\n<p>\u00abRingraziamo l&#8217;azienda Le Manzane per questo importante gesto di solidariet\u00e0 &#8211; ha dichiarato Francesco Benazzi, direttore generale Ulss 2 -. La vicinanza del territorio, nelle sue varie espressioni, \u00e8 stata e continua ad essere, per i nostri operatori, estremamente importante. Devo dire, e di questo siamo grati a tutti, che davvero abbiamo sentito, durante questa impegnativa pandemia, il sostegno, forte e costante, di tutte le varie realt\u00e0\u00bb.<\/p>\n<p>\u00abUn\u2019edizione del tutto speciale questa &#8211; ha dichiarato Federico Caner, assessore regionale al turismo &#8211; dal sapore ancora pi\u00f9 vero ed eroico. In un anno in cui tutta la nostra quotidianit\u00e0 \u00e8 stata stravolta dall\u2019emergenza Covid, la 9\u00b0 edizione della vendemmia solidale ci ricorda come la natura, con l\u2019aiuto dell\u2019uomo, non si ferma davanti a nulla. Un messaggio anche di speranza quindi, che non poteva che essere festeggiato a base dei due prodotti di eccellenza della nostra terra, prosecco e tiramis\u00f9, i due \u201cambasciatori\u201d pi\u00f9 famosi a livello internazionale della trevigianit\u00e0\u00bb.<\/p>\n<p>I partner e gli sponsor che hanno condiviso gli obiettivi benefici della vendemmia solidale 2020 sono: Antenna Tre, Arti Grafiche Conegliano, Banca Prealpi SanBiagio, Battistella Capsule, Dersut Caffe\u2019, Foto Francesco Galifi, Generalvetri, Icas, Ideeuropee, Ristorante Relais Ca\u2019 del Poggio, Rotas, Savno Servizi Ambientali Veneto Nord Orientale, S. Bernardo Tappi Spumante e S&#8217;Paul n&#8217; Co. Design. L\u2019iniziativa \u00e8 patrocinata dalla Regione del Veneto, dalla Provincia di Treviso e dai Comuni di San Pietro di Feletto, Conegliano e Valdobbiadene con il sostegno del Consorzio Tutela del Vino Conegliano Valdobbiadene Prosecco, dell\u2019associazione di promozione sociale XI di \u201cMarca\u201d e del Club n\u00b0 40 Frecce Tricolori Conegliano.<\/p>","protected":false},"excerpt":{"rendered":"<p>Tra gli ospiti della 9\u00aa edizione della festa dell\u2019uva Sammy Basso, Giusy Versace, Tiziano Pasquali della Benetton Treviso e il campione 2017 della Tiramis\u00f9 World Cup Andrea Ciccolella San Pietro di Feletto, 12 settembre 2020_ Il Covid non ferma la solidariet\u00e0. Si \u00e8 conclusa, ieri sera, alla cantina Le Manzane di San Pietro di Feletto [&hellip;]<\/p>\n","protected":false},"author":2,"featured_media":117528,"comment_status":"closed","ping_status":"open","sticky":false,"template":"","format":"standard","meta":{"footnotes":""},"categories":[36,26],"tags":[],"class_list":["post-117527","post","type-post","status-publish","format-standard","has-post-thumbnail","category-lavoro-economia","category-prima-pagina"],"yoast_head":"<!-- This site is optimized with the Yoast SEO plugin v28.4 - https:\/\/yoast.com\/product\/yoast-seo-wordpress\/ -->\n<title>Tra le colline del prosecco, a Le Manzane, la prima vendemmia anti-covid - Bellunopress - Dolomiti<\/title>\n<meta name=\"robots\" content=\"index, follow, max-snippet:-1, max-image-preview:large, max-video-preview:-1\" \/>\n<link rel=\"canonical\" href=\"https:\/\/www.bellunopress.it\/fr\/2020\/09\/13\/tra-le-colline-del-prosecco-a-le-manzane-la-prima-vendemmia-anti-covid\/\" \/>\n<meta property=\"og:locale\" content=\"fr_FR\" \/>\n<meta property=\"og:type\" content=\"article\" \/>\n<meta property=\"og:title\" content=\"Tra le colline del prosecco, a Le Manzane, la prima vendemmia anti-covid - Bellunopress - Dolomiti\" \/>\n<meta property=\"og:description\" content=\"Tra gli ospiti della 9\u00aa edizione della festa dell\u2019uva Sammy Basso, Giusy Versace, Tiziano Pasquali della Benetton Treviso e il campione 2017 della Tiramis\u00f9 World Cup Andrea Ciccolella San Pietro di Feletto, 12 settembre 2020_ Il Covid non ferma la solidariet\u00e0. Si \u00e8 conclusa, ieri sera, alla cantina Le Manzane di San Pietro di Feletto [&hellip;]\" \/>\n<meta property=\"og:url\" content=\"https:\/\/www.bellunopress.it\/fr\/2020\/09\/13\/tra-le-colline-del-prosecco-a-le-manzane-la-prima-vendemmia-anti-covid\/\" \/>\n<meta property=\"og:site_name\" content=\"Bellunopress - Dolomiti\" \/>\n<meta property=\"article:publisher\" content=\"https:\/\/www.facebook.com\/profile.php?id=100008943462799\" \/>\n<meta property=\"article:published_time\" content=\"2020-09-13T11:04:33+00:00\" \/>\n<meta property=\"article:modified_time\" content=\"2020-09-13T11:04:34+00:00\" \/>\n<meta property=\"og:image\" content=\"https:\/\/www.bellunopress.it\/wp-content\/uploads\/2020\/09\/110920_la-famiglia-Balbinot-con-Tiziano-Pasquali-Sammy-Basso-Giusy-Versace-Andrea-Ciccolella-Giordano-Giordani-e-i-4Cats-Wheelchair-Rugby-Vicenza_edited.jpg\" \/>\n\t<meta property=\"og:image:width\" content=\"800\" \/>\n\t<meta property=\"og:image:height\" content=\"496\" \/>\n\t<meta property=\"og:image:type\" content=\"image\/jpeg\" \/>\n<meta name=\"author\" content=\"redazione\" \/>\n<meta name=\"twitter:card\" content=\"summary_large_image\" \/>\n<meta name=\"twitter:creator\" content=\"@bellunopress\" \/>\n<meta name=\"twitter:site\" content=\"@bellunopress\" \/>\n<meta name=\"twitter:label1\" content=\"\u00c9crit par\" \/>\n\t<meta name=\"twitter:data1\" content=\"redazione\" \/>\n\t<meta name=\"twitter:label2\" content=\"Dur\u00e9e de lecture estim\u00e9e\" \/>\n\t<meta name=\"twitter:data2\" content=\"4 minutes\" \/>\n<script type=\"application\/ld+json\" class=\"yoast-schema-graph\">{\"@context\":\"https:\\\/\\\/schema.org\",\"@graph\":[{\"@type\":\"Article\",\"@id\":\"https:\\\/\\\/www.bellunopress.it\\\/2020\\\/09\\\/13\\\/tra-le-colline-del-prosecco-a-le-manzane-la-prima-vendemmia-anti-covid\\\/#article\",\"isPartOf\":{\"@id\":\"https:\\\/\\\/www.bellunopress.it\\\/2020\\\/09\\\/13\\\/tra-le-colline-del-prosecco-a-le-manzane-la-prima-vendemmia-anti-covid\\\/\"},\"author\":{\"name\":\"redazione\",\"@id\":\"https:\\\/\\\/www.bellunopress.it\\\/#\\\/schema\\\/person\\\/79bb06722b37ece1c03d3e94beb30d73\"},\"headline\":\"Tra le colline del prosecco, a Le Manzane, la prima vendemmia anti-covid\",\"datePublished\":\"2020-09-13T11:04:33+00:00\",\"dateModified\":\"2020-09-13T11:04:34+00:00\",\"mainEntityOfPage\":{\"@id\":\"https:\\\/\\\/www.bellunopress.it\\\/2020\\\/09\\\/13\\\/tra-le-colline-del-prosecco-a-le-manzane-la-prima-vendemmia-anti-covid\\\/\"},\"wordCount\":787,\"publisher\":{\"@id\":\"https:\\\/\\\/www.bellunopress.it\\\/#organization\"},\"image\":{\"@id\":\"https:\\\/\\\/www.bellunopress.it\\\/2020\\\/09\\\/13\\\/tra-le-colline-del-prosecco-a-le-manzane-la-prima-vendemmia-anti-covid\\\/#primaryimage\"},\"thumbnailUrl\":\"https:\\\/\\\/www.bellunopress.it\\\/wp-content\\\/uploads\\\/2020\\\/09\\\/110920_la-famiglia-Balbinot-con-Tiziano-Pasquali-Sammy-Basso-Giusy-Versace-Andrea-Ciccolella-Giordano-Giordani-e-i-4Cats-Wheelchair-Rugby-Vicenza_edited.jpg\",\"articleSection\":[\"Lavoro, Economia, Turismo\",\"Prima Pagina\"],\"inLanguage\":\"fr-FR\"},{\"@type\":\"WebPage\",\"@id\":\"https:\\\/\\\/www.bellunopress.it\\\/2020\\\/09\\\/13\\\/tra-le-colline-del-prosecco-a-le-manzane-la-prima-vendemmia-anti-covid\\\/\",\"url\":\"https:\\\/\\\/www.bellunopress.it\\\/2020\\\/09\\\/13\\\/tra-le-colline-del-prosecco-a-le-manzane-la-prima-vendemmia-anti-covid\\\/\",\"name\":\"Tra le colline del prosecco, a Le Manzane, la prima vendemmia anti-covid - Bellunopress - Dolomiti\",\"isPartOf\":{\"@id\":\"https:\\\/\\\/www.bellunopress.it\\\/#website\"},\"primaryImageOfPage\":{\"@id\":\"https:\\\/\\\/www.bellunopress.it\\\/2020\\\/09\\\/13\\\/tra-le-colline-del-prosecco-a-le-manzane-la-prima-vendemmia-anti-covid\\\/#primaryimage\"},\"image\":{\"@id\":\"https:\\\/\\\/www.bellunopress.it\\\/2020\\\/09\\\/13\\\/tra-le-colline-del-prosecco-a-le-manzane-la-prima-vendemmia-anti-covid\\\/#primaryimage\"},\"thumbnailUrl\":\"https:\\\/\\\/www.bellunopress.it\\\/wp-content\\\/uploads\\\/2020\\\/09\\\/110920_la-famiglia-Balbinot-con-Tiziano-Pasquali-Sammy-Basso-Giusy-Versace-Andrea-Ciccolella-Giordano-Giordani-e-i-4Cats-Wheelchair-Rugby-Vicenza_edited.jpg\",\"datePublished\":\"2020-09-13T11:04:33+00:00\",\"dateModified\":\"2020-09-13T11:04:34+00:00\",\"breadcrumb\":{\"@id\":\"https:\\\/\\\/www.bellunopress.it\\\/2020\\\/09\\\/13\\\/tra-le-colline-del-prosecco-a-le-manzane-la-prima-vendemmia-anti-covid\\\/#breadcrumb\"},\"inLanguage\":\"fr-FR\",\"potentialAction\":[{\"@type\":\"ReadAction\",\"target\":[\"https:\\\/\\\/www.bellunopress.it\\\/2020\\\/09\\\/13\\\/tra-le-colline-del-prosecco-a-le-manzane-la-prima-vendemmia-anti-covid\\\/\"]}]},{\"@type\":\"ImageObject\",\"inLanguage\":\"fr-FR\",\"@id\":\"https:\\\/\\\/www.bellunopress.it\\\/2020\\\/09\\\/13\\\/tra-le-colline-del-prosecco-a-le-manzane-la-prima-vendemmia-anti-covid\\\/#primaryimage\",\"url\":\"https:\\\/\\\/www.bellunopress.it\\\/wp-content\\\/uploads\\\/2020\\\/09\\\/110920_la-famiglia-Balbinot-con-Tiziano-Pasquali-Sammy-Basso-Giusy-Versace-Andrea-Ciccolella-Giordano-Giordani-e-i-4Cats-Wheelchair-Rugby-Vicenza_edited.jpg\",\"contentUrl\":\"https:\\\/\\\/www.bellunopress.it\\\/wp-content\\\/uploads\\\/2020\\\/09\\\/110920_la-famiglia-Balbinot-con-Tiziano-Pasquali-Sammy-Basso-Giusy-Versace-Andrea-Ciccolella-Giordano-Giordani-e-i-4Cats-Wheelchair-Rugby-Vicenza_edited.jpg\",\"width\":800,\"height\":496},{\"@type\":\"BreadcrumbList\",\"@id\":\"https:\\\/\\\/www.bellunopress.it\\\/2020\\\/09\\\/13\\\/tra-le-colline-del-prosecco-a-le-manzane-la-prima-vendemmia-anti-covid\\\/#breadcrumb\",\"itemListElement\":[{\"@type\":\"ListItem\",\"position\":1,\"name\":\"Home\",\"item\":\"https:\\\/\\\/www.bellunopress.it\\\/\"},{\"@type\":\"ListItem\",\"position\":2,\"name\":\"Tra le colline del prosecco, a Le Manzane, la prima vendemmia anti-covid\"}]},{\"@type\":\"WebSite\",\"@id\":\"https:\\\/\\\/www.bellunopress.it\\\/#website\",\"url\":\"https:\\\/\\\/www.bellunopress.it\\\/\",\"name\":\"Bellunopress - Dolomiti\",\"description\":\"e-mail: redazione@bellunopress.it\",\"publisher\":{\"@id\":\"https:\\\/\\\/www.bellunopress.it\\\/#organization\"},\"potentialAction\":[{\"@type\":\"SearchAction\",\"target\":{\"@type\":\"EntryPoint\",\"urlTemplate\":\"https:\\\/\\\/www.bellunopress.it\\\/?s={search_term_string}\"},\"query-input\":{\"@type\":\"PropertyValueSpecification\",\"valueRequired\":true,\"valueName\":\"search_term_string\"}}],\"inLanguage\":\"fr-FR\"},{\"@type\":\"Organization\",\"@id\":\"https:\\\/\\\/www.bellunopress.it\\\/#organization\",\"name\":\"Bellunopress\",\"url\":\"https:\\\/\\\/www.bellunopress.it\\\/\",\"logo\":{\"@type\":\"ImageObject\",\"inLanguage\":\"fr-FR\",\"@id\":\"https:\\\/\\\/www.bellunopress.it\\\/#\\\/schema\\\/logo\\\/image\\\/\",\"url\":\"https:\\\/\\\/www.bellunopress.it\\\/wp-content\\\/uploads\\\/2011\\\/05\\\/cropped-logo-bellunopress-.jpg\",\"contentUrl\":\"https:\\\/\\\/www.bellunopress.it\\\/wp-content\\\/uploads\\\/2011\\\/05\\\/cropped-logo-bellunopress-.jpg\",\"width\":512,\"height\":512,\"caption\":\"Bellunopress\"},\"image\":{\"@id\":\"https:\\\/\\\/www.bellunopress.it\\\/#\\\/schema\\\/logo\\\/image\\\/\"},\"sameAs\":[\"https:\\\/\\\/www.facebook.com\\\/profile.php?id=100008943462799\",\"https:\\\/\\\/x.com\\\/bellunopress\",\"https:\\\/\\\/www.linkedin.com\\\/hp\\\/?dnr=JBzUWaJfMUw8vbXJJ2tVW5-I3jZKvC4wsoxE&amp;amp;amp;amp;amp;amp;trk=nav_responsive_tab_home\",\"https:\\\/\\\/www.youtube.com\\\/channel\\\/UCxL0wu1uN0_3_7hGG0306cw\"]},{\"@type\":\"Person\",\"@id\":\"https:\\\/\\\/www.bellunopress.it\\\/#\\\/schema\\\/person\\\/79bb06722b37ece1c03d3e94beb30d73\",\"name\":\"redazione\",\"image\":{\"@type\":\"ImageObject\",\"inLanguage\":\"fr-FR\",\"@id\":\"https:\\\/\\\/secure.gravatar.com\\\/avatar\\\/37d968a2e67a6fd04c169c4bdef102d0bc5d31b2546345219e348575eb80e9a0?s=96&d=mm&r=g\",\"url\":\"https:\\\/\\\/secure.gravatar.com\\\/avatar\\\/37d968a2e67a6fd04c169c4bdef102d0bc5d31b2546345219e348575eb80e9a0?s=96&d=mm&r=g\",\"contentUrl\":\"https:\\\/\\\/secure.gravatar.com\\\/avatar\\\/37d968a2e67a6fd04c169c4bdef102d0bc5d31b2546345219e348575eb80e9a0?s=96&d=mm&r=g\",\"caption\":\"redazione\"},\"sameAs\":[\"http:\\\/\\\/www.bellunopress.it\",\"https:\\\/\\\/x.com\\\/bellunopress\"],\"url\":\"https:\\\/\\\/www.bellunopress.it\\\/fr\\\/author\\\/redazione\\\/\"}]}<\/script>\n<!-- \/ Yoast SEO plugin. -->","yoast_head_json":{"title":"Tra le colline del prosecco, a Le Manzane, la prima vendemmia anti-covid - Bellunopress - Dolomiti","robots":{"index":"index","follow":"follow","max-snippet":"max-snippet:-1","max-image-preview":"max-image-preview:large","max-video-preview":"max-video-preview:-1"},"canonical":"https:\/\/www.bellunopress.it\/fr\/2020\/09\/13\/tra-le-colline-del-prosecco-a-le-manzane-la-prima-vendemmia-anti-covid\/","og_locale":"fr_FR","og_type":"article","og_title":"Tra le colline del prosecco, a Le Manzane, la prima vendemmia anti-covid - Bellunopress - Dolomiti","og_description":"Tra gli ospiti della 9\u00aa edizione della festa dell\u2019uva Sammy Basso, Giusy Versace, Tiziano Pasquali della Benetton Treviso e il campione 2017 della Tiramis\u00f9 World Cup Andrea Ciccolella San Pietro di Feletto, 12 settembre 2020_ Il Covid non ferma la solidariet\u00e0. Si \u00e8 conclusa, ieri sera, alla cantina Le Manzane di San Pietro di Feletto [&hellip;]","og_url":"https:\/\/www.bellunopress.it\/fr\/2020\/09\/13\/tra-le-colline-del-prosecco-a-le-manzane-la-prima-vendemmia-anti-covid\/","og_site_name":"Bellunopress - Dolomiti","article_publisher":"https:\/\/www.facebook.com\/profile.php?id=100008943462799","article_published_time":"2020-09-13T11:04:33+00:00","article_modified_time":"2020-09-13T11:04:34+00:00","og_image":[{"width":800,"height":496,"url":"https:\/\/www.bellunopress.it\/wp-content\/uploads\/2020\/09\/110920_la-famiglia-Balbinot-con-Tiziano-Pasquali-Sammy-Basso-Giusy-Versace-Andrea-Ciccolella-Giordano-Giordani-e-i-4Cats-Wheelchair-Rugby-Vicenza_edited.jpg","type":"image\/jpeg"}],"author":"redazione","twitter_card":"summary_large_image","twitter_creator":"@bellunopress","twitter_site":"@bellunopress","twitter_misc":{"\u00c9crit par":"redazione","Dur\u00e9e de lecture estim\u00e9e":"4 minutes"},"schema":{"@context":"https:\/\/schema.org","@graph":[{"@type":"Article","@id":"https:\/\/www.bellunopress.it\/2020\/09\/13\/tra-le-colline-del-prosecco-a-le-manzane-la-prima-vendemmia-anti-covid\/#article","isPartOf":{"@id":"https:\/\/www.bellunopress.it\/2020\/09\/13\/tra-le-colline-del-prosecco-a-le-manzane-la-prima-vendemmia-anti-covid\/"},"author":{"name":"redazione","@id":"https:\/\/www.bellunopress.it\/#\/schema\/person\/79bb06722b37ece1c03d3e94beb30d73"},"headline":"Tra le colline del prosecco, a Le Manzane, la prima vendemmia anti-covid","datePublished":"2020-09-13T11:04:33+00:00","dateModified":"2020-09-13T11:04:34+00:00","mainEntityOfPage":{"@id":"https:\/\/www.bellunopress.it\/2020\/09\/13\/tra-le-colline-del-prosecco-a-le-manzane-la-prima-vendemmia-anti-covid\/"},"wordCount":787,"publisher":{"@id":"https:\/\/www.bellunopress.it\/#organization"},"image":{"@id":"https:\/\/www.bellunopress.it\/2020\/09\/13\/tra-le-colline-del-prosecco-a-le-manzane-la-prima-vendemmia-anti-covid\/#primaryimage"},"thumbnailUrl":"https:\/\/www.bellunopress.it\/wp-content\/uploads\/2020\/09\/110920_la-famiglia-Balbinot-con-Tiziano-Pasquali-Sammy-Basso-Giusy-Versace-Andrea-Ciccolella-Giordano-Giordani-e-i-4Cats-Wheelchair-Rugby-Vicenza_edited.jpg","articleSection":["Lavoro, Economia, Turismo","Prima Pagina"],"inLanguage":"fr-FR"},{"@type":"WebPage","@id":"https:\/\/www.bellunopress.it\/2020\/09\/13\/tra-le-colline-del-prosecco-a-le-manzane-la-prima-vendemmia-anti-covid\/","url":"https:\/\/www.bellunopress.it\/2020\/09\/13\/tra-le-colline-del-prosecco-a-le-manzane-la-prima-vendemmia-anti-covid\/","name":"Tra le colline del prosecco, a Le Manzane, la prima vendemmia anti-covid - Bellunopress - Dolomiti","isPartOf":{"@id":"https:\/\/www.bellunopress.it\/#website"},"primaryImageOfPage":{"@id":"https:\/\/www.bellunopress.it\/2020\/09\/13\/tra-le-colline-del-prosecco-a-le-manzane-la-prima-vendemmia-anti-covid\/#primaryimage"},"image":{"@id":"https:\/\/www.bellunopress.it\/2020\/09\/13\/tra-le-colline-del-prosecco-a-le-manzane-la-prima-vendemmia-anti-covid\/#primaryimage"},"thumbnailUrl":"https:\/\/www.bellunopress.it\/wp-content\/uploads\/2020\/09\/110920_la-famiglia-Balbinot-con-Tiziano-Pasquali-Sammy-Basso-Giusy-Versace-Andrea-Ciccolella-Giordano-Giordani-e-i-4Cats-Wheelchair-Rugby-Vicenza_edited.jpg","datePublished":"2020-09-13T11:04:33+00:00","dateModified":"2020-09-13T11:04:34+00:00","breadcrumb":{"@id":"https:\/\/www.bellunopress.it\/2020\/09\/13\/tra-le-colline-del-prosecco-a-le-manzane-la-prima-vendemmia-anti-covid\/#breadcrumb"},"inLanguage":"fr-FR","potentialAction":[{"@type":"ReadAction","target":["https:\/\/www.bellunopress.it\/2020\/09\/13\/tra-le-colline-del-prosecco-a-le-manzane-la-prima-vendemmia-anti-covid\/"]}]},{"@type":"ImageObject","inLanguage":"fr-FR","@id":"https:\/\/www.bellunopress.it\/2020\/09\/13\/tra-le-colline-del-prosecco-a-le-manzane-la-prima-vendemmia-anti-covid\/#primaryimage","url":"https:\/\/www.bellunopress.it\/wp-content\/uploads\/2020\/09\/110920_la-famiglia-Balbinot-con-Tiziano-Pasquali-Sammy-Basso-Giusy-Versace-Andrea-Ciccolella-Giordano-Giordani-e-i-4Cats-Wheelchair-Rugby-Vicenza_edited.jpg","contentUrl":"https:\/\/www.bellunopress.it\/wp-content\/uploads\/2020\/09\/110920_la-famiglia-Balbinot-con-Tiziano-Pasquali-Sammy-Basso-Giusy-Versace-Andrea-Ciccolella-Giordano-Giordani-e-i-4Cats-Wheelchair-Rugby-Vicenza_edited.jpg","width":800,"height":496},{"@type":"BreadcrumbList","@id":"https:\/\/www.bellunopress.it\/2020\/09\/13\/tra-le-colline-del-prosecco-a-le-manzane-la-prima-vendemmia-anti-covid\/#breadcrumb","itemListElement":[{"@type":"ListItem","position":1,"name":"Home","item":"https:\/\/www.bellunopress.it\/"},{"@type":"ListItem","position":2,"name":"Tra le colline del prosecco, a Le Manzane, la prima vendemmia anti-covid"}]},{"@type":"WebSite","@id":"https:\/\/www.bellunopress.it\/#website","url":"https:\/\/www.bellunopress.it\/","name":"Bellunopress - Dolomiti","description":"e-mail: redazione@bellunopress.it","publisher":{"@id":"https:\/\/www.bellunopress.it\/#organization"},"potentialAction":[{"@type":"SearchAction","target":{"@type":"EntryPoint","urlTemplate":"https:\/\/www.bellunopress.it\/?s={search_term_string}"},"query-input":{"@type":"PropertyValueSpecification","valueRequired":true,"valueName":"search_term_string"}}],"inLanguage":"fr-FR"},{"@type":"Organization","@id":"https:\/\/www.bellunopress.it\/#organization","name":"Bellunopress","url":"https:\/\/www.bellunopress.it\/","logo":{"@type":"ImageObject","inLanguage":"fr-FR","@id":"https:\/\/www.bellunopress.it\/#\/schema\/logo\/image\/","url":"https:\/\/www.bellunopress.it\/wp-content\/uploads\/2011\/05\/cropped-logo-bellunopress-.jpg","contentUrl":"https:\/\/www.bellunopress.it\/wp-content\/uploads\/2011\/05\/cropped-logo-bellunopress-.jpg","width":512,"height":512,"caption":"Bellunopress"},"image":{"@id":"https:\/\/www.bellunopress.it\/#\/schema\/logo\/image\/"},"sameAs":["https:\/\/www.facebook.com\/profile.php?id=100008943462799","https:\/\/x.com\/bellunopress","https:\/\/www.linkedin.com\/hp\/?dnr=JBzUWaJfMUw8vbXJJ2tVW5-I3jZKvC4wsoxE&amp;amp;amp;amp;amp;amp;trk=nav_responsive_tab_home","https:\/\/www.youtube.com\/channel\/UCxL0wu1uN0_3_7hGG0306cw"]},{"@type":"Person","@id":"https:\/\/www.bellunopress.it\/#\/schema\/person\/79bb06722b37ece1c03d3e94beb30d73","name":"r\u00e9daction","image":{"@type":"ImageObject","inLanguage":"fr-FR","@id":"https:\/\/secure.gravatar.com\/avatar\/37d968a2e67a6fd04c169c4bdef102d0bc5d31b2546345219e348575eb80e9a0?s=96&d=mm&r=g","url":"https:\/\/secure.gravatar.com\/avatar\/37d968a2e67a6fd04c169c4bdef102d0bc5d31b2546345219e348575eb80e9a0?s=96&d=mm&r=g","contentUrl":"https:\/\/secure.gravatar.com\/avatar\/37d968a2e67a6fd04c169c4bdef102d0bc5d31b2546345219e348575eb80e9a0?s=96&d=mm&r=g","caption":"redazione"},"sameAs":["http:\/\/www.bellunopress.it","https:\/\/x.com\/bellunopress"],"url":"https:\/\/www.bellunopress.it\/fr\/author\/redazione\/"}]}},"_links":{"self":[{"href":"https:\/\/www.bellunopress.it\/fr\/wp-json\/wp\/v2\/posts\/117527","targetHints":{"allow":["GET"]}}],"collection":[{"href":"https:\/\/www.bellunopress.it\/fr\/wp-json\/wp\/v2\/posts"}],"about":[{"href":"https:\/\/www.bellunopress.it\/fr\/wp-json\/wp\/v2\/types\/post"}],"author":[{"embeddable":true,"href":"https:\/\/www.bellunopress.it\/fr\/wp-json\/wp\/v2\/users\/2"}],"replies":[{"embeddable":true,"href":"https:\/\/www.bellunopress.it\/fr\/wp-json\/wp\/v2\/comments?post=117527"}],"version-history":[{"count":2,"href":"https:\/\/www.bellunopress.it\/fr\/wp-json\/wp\/v2\/posts\/117527\/revisions"}],"predecessor-version":[{"id":117530,"href":"https:\/\/www.bellunopress.it\/fr\/wp-json\/wp\/v2\/posts\/117527\/revisions\/117530"}],"wp:featuredmedia":[{"embeddable":true,"href":"https:\/\/www.bellunopress.it\/fr\/wp-json\/wp\/v2\/media\/117528"}],"wp:attachment":[{"href":"https:\/\/www.bellunopress.it\/fr\/wp-json\/wp\/v2\/media?parent=117527"}],"wp:term":[{"taxonomy":"category","embeddable":true,"href":"https:\/\/www.bellunopress.it\/fr\/wp-json\/wp\/v2\/categories?post=117527"},{"taxonomy":"post_tag","embeddable":true,"href":"https:\/\/www.bellunopress.it\/fr\/wp-json\/wp\/v2\/tags?post=117527"}],"curies":[{"name":"wp","href":"https:\/\/api.w.org\/{rel}","templated":true}]}}