{"id":117513,"date":"2020-09-11T19:38:03","date_gmt":"2020-09-11T17:38:03","guid":{"rendered":"http:\/\/www.bellunopress.it\/?p=117513"},"modified":"2020-09-11T19:38:04","modified_gmt":"2020-09-11T17:38:04","slug":"il-ministro-della-difesa-lorenzo-guerini-a-belluno-incontra-i-candidati-del-pd-alle-regionali","status":"publish","type":"post","link":"https:\/\/www.bellunopress.it\/fr\/2020\/09\/11\/il-ministro-della-difesa-lorenzo-guerini-a-belluno-incontra-i-candidati-del-pd-alle-regionali\/","title":{"rendered":"Il ministro della Difesa Lorenzo Guerini a Belluno incontra i candidati del Pd alle regionali"},"content":{"rendered":"<figure id=\"attachment_117514\" aria-describedby=\"caption-attachment-117514\" style=\"width: 600px\" class=\"wp-caption alignleft\"><a href=\"http:\/\/www.bellunopress.it\/fr\/2020\/09\/11\/il-ministro-della-difesa-lorenzo-guerini-a-belluno-incontra-i-candidati-del-pd-alle-regionali\/ministro-difesa_edited\/\" rel=\"attachment wp-att-117514\"><img loading=\"lazy\" decoding=\"async\" class=\"size-full wp-image-117514\" src=\"http:\/\/www.bellunopress.it\/wp-content\/uploads\/2020\/09\/ministro-difesa_edited.jpg\" alt=\"\" width=\"600\" height=\"800\" srcset=\"https:\/\/www.bellunopress.it\/wp-content\/uploads\/2020\/09\/ministro-difesa_edited.jpg 600w, https:\/\/www.bellunopress.it\/wp-content\/uploads\/2020\/09\/ministro-difesa_edited-375x500.jpg 375w, https:\/\/www.bellunopress.it\/wp-content\/uploads\/2020\/09\/ministro-difesa_edited-315x420.jpg 315w\" sizes=\"auto, (max-width: 600px) 100vw, 600px\" \/><\/a><figcaption id=\"caption-attachment-117514\" class=\"wp-caption-text\">Lorenzo Guerini, ministro della Difesa<\/figcaption><\/figure>\n<p>&#8220;La mia presenza qui oggi \u00e8 un orpello, un ornamento. I protagonisti sono i candidati alle regionali per la lista del Partito democratico, che mettono in campo la loro esperienza e il loro impegno per il territorio&#8221;.<\/p>\n<p>Ha esordito cos\u00ec il ministro della Difesa Lorenzo Guerini presente oggi pomeriggio nella sede provinciale del PD in via del Plebiscito 1866 a Belluno, insieme ai candidati Edi Fontana, Maria Teresa De Bortoli, Fabio Candeago, Cristina De Don\u00e0 e Adis Zatta, l&#8217;onorevole Roger De Menech, i componenti della segreteria provinciale e i segretari di circolo.<\/p>\n<p>Nel suo intervento ha ripercorso le difficili tappe della pandemia, le preoccupazioni del governo nel dover assumere quelle decisioni che abbiamo vissuto, con le restrizioni imposte da una emergenza sanitaria inedita, da contemperare con i principi di libert\u00e0 e democrazia.\u00a0 Guerini ha accennato alle novit\u00e0 per la montagna e le aree interne contenute nel Piano Nazionale Ripartenza e Resilienza, ora in corso di definizione, per l&#8217;utilizzo dei fondi messi a disposizione dall&#8217;Unione Europea in seguito alla crisi causata dalla pandemia. &#8220;E&#8217; una grande occasione &#8211; ha detto il ministro della Difesa &#8211; l&#8217;Europa mette a disposizione grandi risorse per sviluppare dei progetti&#8221;. &#8220;Anche il Mes \u00e8 uno strumento importante per le grandi risorse previste &#8211; ha sottolineato Guerini &#8211; ad esempio per la sanit\u00e0 e per scelte strutturali, come la mobilit\u00e0 per la montagna, e non solo per le politiche di assistenza che comunque si erano rese necessarie&#8221;.<\/p>\n<p>&#8220;Credo molto nell&#8217;autonomia &#8211; ha detto ancora il ministro &#8211; che, se correttamente intesa, \u00e8 utile al Paese. A condizione che non sia sostitutiva di una centralit\u00e0 con un&#8217;altra&#8221;.<\/p>\n<p>L&#8217;incontro \u00e8 stato anticipato con gli interventi della segretaria provinciale del Pd Monica Lotto dell&#8217;onorevole Roger De Menech e dei candidati. Monica Lotto ha ricordato le proposte del Pd per contrastare lo spopolamento, con particolare riferimento alla Legge 25 del 2014 rimasta inattuata dall&#8217;inerzia della Regione. Anche Edi Fontana ha ripreso la questione della Legge 25\/2014 disattesa da 6 anni, che &#8220;dovr\u00e0 essere la madre di tutte le battaglie&#8221;. Maria Teresa De Bortoli ha ricordato la tempesta Vaia &#8220;essa ci ha insegnato che se ci fosse stata una filiera produttiva nel Bellunese, tutti quegli alberi schiantati sarebbero stati una risorsa per il territorio&#8221;. Fabio Candeago ha parlato del depauperamento della sanit\u00e0, e &#8220;della mancanza di una politica di reclutamento di specialisti. Le schede ospedaliere &#8211; ha detto &#8211; sono una scatola vuota&#8221;.\u00a0 Cristina De Don\u00e0 ha parlato di attrattivit\u00e0 del territorio per sicurezza e vivibilit\u00e0, e di cultura del dialogo. Adis Zatta ha focalizzato alcuni punti, quali l&#8217;attenzione all&#8217;ambiente, gli incentivi all&#8217;agricoltura e l&#8217;innovazione tecnologica con un piano di manutenzioni. L&#8217;onorevole De Menech ha sottolineato quanto fatto in relazione all&#8217;elettrificazione della Valbelluna, un settore rimasto fermo durante l&#8217;amministrazione Zaia.<\/p>\n<p>Qui le dirette Facebook: https:\/\/www.facebook.com\/robertodenart\/videos\/2402664766708282<\/p>\n<div id=\"fb-root\"><\/div>\n<p><script async=\"1\" defer=\"1\" crossorigin=\"anonymous\" src=\"https:\/\/connect.facebook.net\/it_IT\/sdk.js#xfbml=1&amp;version=v8.0\" nonce=\"m8hX2Zvx\"><\/script><\/p>\n<div class=\"fb-video\" data-href=\"https:\/\/www.facebook.com\/robertodenart\/videos\/2402648590043233\" data-width=\"696\">\n<blockquote cite=\"https:\/\/www.facebook.com\/robertodenart\/videos\/2402648590043233\/\" class=\"fb-xfbml-parse-ignore\"><p><a href=\"https:\/\/www.facebook.com\/robertodenart\/videos\/2402648590043233\/\"><\/a><\/p>\n<p>Pubblicato da <a href=\"https:\/\/www.facebook.com\/robertodenart\">Roberto De Nart<\/a> su Venerd\u00ec 11 settembre 2020<\/p><\/blockquote>\n<\/div>\n<p>&nbsp;<\/p>","protected":false},"excerpt":{"rendered":"<p>&#8220;La mia presenza qui oggi \u00e8 un orpello, un ornamento. I protagonisti sono i candidati alle regionali per la lista del Partito democratico, che mettono in campo la loro esperienza e il loro impegno per il territorio&#8221;. Ha esordito cos\u00ec il ministro della Difesa Lorenzo Guerini presente oggi pomeriggio nella sede provinciale del PD in [&hellip;]<\/p>\n","protected":false},"author":2,"featured_media":117514,"comment_status":"closed","ping_status":"open","sticky":false,"template":"","format":"standard","meta":{"footnotes":""},"categories":[1],"tags":[],"class_list":["post-117513","post","type-post","status-publish","format-standard","has-post-thumbnail","category-leo"],"yoast_head":"<!-- This site is optimized with the Yoast SEO plugin v28.4 - https:\/\/yoast.com\/product\/yoast-seo-wordpress\/ -->\n<title>Il ministro della Difesa Lorenzo Guerini a Belluno incontra i candidati del Pd alle regionali - Bellunopress - Dolomiti<\/title>\n<meta name=\"robots\" content=\"index, follow, max-snippet:-1, max-image-preview:large, max-video-preview:-1\" \/>\n<link rel=\"canonical\" href=\"https:\/\/www.bellunopress.it\/fr\/2020\/09\/11\/il-ministro-della-difesa-lorenzo-guerini-a-belluno-incontra-i-candidati-del-pd-alle-regionali\/\" \/>\n<meta property=\"og:locale\" content=\"fr_FR\" \/>\n<meta property=\"og:type\" content=\"article\" \/>\n<meta property=\"og:title\" content=\"Il ministro della Difesa Lorenzo Guerini a Belluno incontra i candidati del Pd alle regionali - Bellunopress - Dolomiti\" \/>\n<meta property=\"og:description\" content=\"&#8220;La mia presenza qui oggi \u00e8 un orpello, un ornamento. I protagonisti sono i candidati alle regionali per la lista del Partito democratico, che mettono in campo la loro esperienza e il loro impegno per il territorio&#8221;. Ha esordito cos\u00ec il ministro della Difesa Lorenzo Guerini presente oggi pomeriggio nella sede provinciale del PD in [&hellip;]\" \/>\n<meta property=\"og:url\" content=\"https:\/\/www.bellunopress.it\/fr\/2020\/09\/11\/il-ministro-della-difesa-lorenzo-guerini-a-belluno-incontra-i-candidati-del-pd-alle-regionali\/\" \/>\n<meta property=\"og:site_name\" content=\"Bellunopress - Dolomiti\" \/>\n<meta property=\"article:publisher\" content=\"https:\/\/www.facebook.com\/profile.php?id=100008943462799\" \/>\n<meta property=\"article:published_time\" content=\"2020-09-11T17:38:03+00:00\" \/>\n<meta property=\"article:modified_time\" content=\"2020-09-11T17:38:04+00:00\" \/>\n<meta property=\"og:image\" content=\"https:\/\/www.bellunopress.it\/wp-content\/uploads\/2020\/09\/ministro-difesa_edited.jpg\" \/>\n\t<meta property=\"og:image:width\" content=\"600\" \/>\n\t<meta property=\"og:image:height\" content=\"800\" \/>\n\t<meta property=\"og:image:type\" content=\"image\/jpeg\" \/>\n<meta name=\"author\" content=\"redazione\" \/>\n<meta name=\"twitter:card\" content=\"summary_large_image\" \/>\n<meta name=\"twitter:creator\" content=\"@bellunopress\" \/>\n<meta name=\"twitter:site\" content=\"@bellunopress\" \/>\n<meta name=\"twitter:label1\" content=\"\u00c9crit par\" \/>\n\t<meta name=\"twitter:data1\" content=\"redazione\" \/>\n\t<meta name=\"twitter:label2\" content=\"Dur\u00e9e de lecture estim\u00e9e\" \/>\n\t<meta name=\"twitter:data2\" content=\"2 minutes\" \/>\n<script type=\"application\/ld+json\" class=\"yoast-schema-graph\">{\"@context\":\"https:\\\/\\\/schema.org\",\"@graph\":[{\"@type\":\"Article\",\"@id\":\"https:\\\/\\\/www.bellunopress.it\\\/2020\\\/09\\\/11\\\/il-ministro-della-difesa-lorenzo-guerini-a-belluno-incontra-i-candidati-del-pd-alle-regionali\\\/#article\",\"isPartOf\":{\"@id\":\"https:\\\/\\\/www.bellunopress.it\\\/2020\\\/09\\\/11\\\/il-ministro-della-difesa-lorenzo-guerini-a-belluno-incontra-i-candidati-del-pd-alle-regionali\\\/\"},\"author\":{\"name\":\"redazione\",\"@id\":\"https:\\\/\\\/www.bellunopress.it\\\/#\\\/schema\\\/person\\\/79bb06722b37ece1c03d3e94beb30d73\"},\"headline\":\"Il ministro della Difesa Lorenzo Guerini a Belluno incontra i candidati del Pd alle regionali\",\"datePublished\":\"2020-09-11T17:38:03+00:00\",\"dateModified\":\"2020-09-11T17:38:04+00:00\",\"mainEntityOfPage\":{\"@id\":\"https:\\\/\\\/www.bellunopress.it\\\/2020\\\/09\\\/11\\\/il-ministro-della-difesa-lorenzo-guerini-a-belluno-incontra-i-candidati-del-pd-alle-regionali\\\/\"},\"wordCount\":509,\"publisher\":{\"@id\":\"https:\\\/\\\/www.bellunopress.it\\\/#organization\"},\"image\":{\"@id\":\"https:\\\/\\\/www.bellunopress.it\\\/2020\\\/09\\\/11\\\/il-ministro-della-difesa-lorenzo-guerini-a-belluno-incontra-i-candidati-del-pd-alle-regionali\\\/#primaryimage\"},\"thumbnailUrl\":\"https:\\\/\\\/www.bellunopress.it\\\/wp-content\\\/uploads\\\/2020\\\/09\\\/ministro-difesa_edited.jpg\",\"articleSection\":[\"Lettere Opinioni\"],\"inLanguage\":\"fr-FR\"},{\"@type\":\"WebPage\",\"@id\":\"https:\\\/\\\/www.bellunopress.it\\\/2020\\\/09\\\/11\\\/il-ministro-della-difesa-lorenzo-guerini-a-belluno-incontra-i-candidati-del-pd-alle-regionali\\\/\",\"url\":\"https:\\\/\\\/www.bellunopress.it\\\/2020\\\/09\\\/11\\\/il-ministro-della-difesa-lorenzo-guerini-a-belluno-incontra-i-candidati-del-pd-alle-regionali\\\/\",\"name\":\"Il ministro della Difesa Lorenzo Guerini a Belluno incontra i candidati del Pd alle regionali - Bellunopress - Dolomiti\",\"isPartOf\":{\"@id\":\"https:\\\/\\\/www.bellunopress.it\\\/#website\"},\"primaryImageOfPage\":{\"@id\":\"https:\\\/\\\/www.bellunopress.it\\\/2020\\\/09\\\/11\\\/il-ministro-della-difesa-lorenzo-guerini-a-belluno-incontra-i-candidati-del-pd-alle-regionali\\\/#primaryimage\"},\"image\":{\"@id\":\"https:\\\/\\\/www.bellunopress.it\\\/2020\\\/09\\\/11\\\/il-ministro-della-difesa-lorenzo-guerini-a-belluno-incontra-i-candidati-del-pd-alle-regionali\\\/#primaryimage\"},\"thumbnailUrl\":\"https:\\\/\\\/www.bellunopress.it\\\/wp-content\\\/uploads\\\/2020\\\/09\\\/ministro-difesa_edited.jpg\",\"datePublished\":\"2020-09-11T17:38:03+00:00\",\"dateModified\":\"2020-09-11T17:38:04+00:00\",\"breadcrumb\":{\"@id\":\"https:\\\/\\\/www.bellunopress.it\\\/2020\\\/09\\\/11\\\/il-ministro-della-difesa-lorenzo-guerini-a-belluno-incontra-i-candidati-del-pd-alle-regionali\\\/#breadcrumb\"},\"inLanguage\":\"fr-FR\",\"potentialAction\":[{\"@type\":\"ReadAction\",\"target\":[\"https:\\\/\\\/www.bellunopress.it\\\/2020\\\/09\\\/11\\\/il-ministro-della-difesa-lorenzo-guerini-a-belluno-incontra-i-candidati-del-pd-alle-regionali\\\/\"]}]},{\"@type\":\"ImageObject\",\"inLanguage\":\"fr-FR\",\"@id\":\"https:\\\/\\\/www.bellunopress.it\\\/2020\\\/09\\\/11\\\/il-ministro-della-difesa-lorenzo-guerini-a-belluno-incontra-i-candidati-del-pd-alle-regionali\\\/#primaryimage\",\"url\":\"https:\\\/\\\/www.bellunopress.it\\\/wp-content\\\/uploads\\\/2020\\\/09\\\/ministro-difesa_edited.jpg\",\"contentUrl\":\"https:\\\/\\\/www.bellunopress.it\\\/wp-content\\\/uploads\\\/2020\\\/09\\\/ministro-difesa_edited.jpg\",\"width\":600,\"height\":800,\"caption\":\"Lorenzo Guerini, ministro della Difesa\"},{\"@type\":\"BreadcrumbList\",\"@id\":\"https:\\\/\\\/www.bellunopress.it\\\/2020\\\/09\\\/11\\\/il-ministro-della-difesa-lorenzo-guerini-a-belluno-incontra-i-candidati-del-pd-alle-regionali\\\/#breadcrumb\",\"itemListElement\":[{\"@type\":\"ListItem\",\"position\":1,\"name\":\"Home\",\"item\":\"https:\\\/\\\/www.bellunopress.it\\\/\"},{\"@type\":\"ListItem\",\"position\":2,\"name\":\"Il ministro della Difesa Lorenzo Guerini a Belluno incontra i candidati del Pd alle regionali\"}]},{\"@type\":\"WebSite\",\"@id\":\"https:\\\/\\\/www.bellunopress.it\\\/#website\",\"url\":\"https:\\\/\\\/www.bellunopress.it\\\/\",\"name\":\"Bellunopress - Dolomiti\",\"description\":\"e-mail: redazione@bellunopress.it\",\"publisher\":{\"@id\":\"https:\\\/\\\/www.bellunopress.it\\\/#organization\"},\"potentialAction\":[{\"@type\":\"SearchAction\",\"target\":{\"@type\":\"EntryPoint\",\"urlTemplate\":\"https:\\\/\\\/www.bellunopress.it\\\/?s={search_term_string}\"},\"query-input\":{\"@type\":\"PropertyValueSpecification\",\"valueRequired\":true,\"valueName\":\"search_term_string\"}}],\"inLanguage\":\"fr-FR\"},{\"@type\":\"Organization\",\"@id\":\"https:\\\/\\\/www.bellunopress.it\\\/#organization\",\"name\":\"Bellunopress\",\"url\":\"https:\\\/\\\/www.bellunopress.it\\\/\",\"logo\":{\"@type\":\"ImageObject\",\"inLanguage\":\"fr-FR\",\"@id\":\"https:\\\/\\\/www.bellunopress.it\\\/#\\\/schema\\\/logo\\\/image\\\/\",\"url\":\"https:\\\/\\\/www.bellunopress.it\\\/wp-content\\\/uploads\\\/2011\\\/05\\\/cropped-logo-bellunopress-.jpg\",\"contentUrl\":\"https:\\\/\\\/www.bellunopress.it\\\/wp-content\\\/uploads\\\/2011\\\/05\\\/cropped-logo-bellunopress-.jpg\",\"width\":512,\"height\":512,\"caption\":\"Bellunopress\"},\"image\":{\"@id\":\"https:\\\/\\\/www.bellunopress.it\\\/#\\\/schema\\\/logo\\\/image\\\/\"},\"sameAs\":[\"https:\\\/\\\/www.facebook.com\\\/profile.php?id=100008943462799\",\"https:\\\/\\\/x.com\\\/bellunopress\",\"https:\\\/\\\/www.linkedin.com\\\/hp\\\/?dnr=JBzUWaJfMUw8vbXJJ2tVW5-I3jZKvC4wsoxE&amp;amp;amp;amp;amp;amp;trk=nav_responsive_tab_home\",\"https:\\\/\\\/www.youtube.com\\\/channel\\\/UCxL0wu1uN0_3_7hGG0306cw\"]},{\"@type\":\"Person\",\"@id\":\"https:\\\/\\\/www.bellunopress.it\\\/#\\\/schema\\\/person\\\/79bb06722b37ece1c03d3e94beb30d73\",\"name\":\"redazione\",\"image\":{\"@type\":\"ImageObject\",\"inLanguage\":\"fr-FR\",\"@id\":\"https:\\\/\\\/secure.gravatar.com\\\/avatar\\\/37d968a2e67a6fd04c169c4bdef102d0bc5d31b2546345219e348575eb80e9a0?s=96&d=mm&r=g\",\"url\":\"https:\\\/\\\/secure.gravatar.com\\\/avatar\\\/37d968a2e67a6fd04c169c4bdef102d0bc5d31b2546345219e348575eb80e9a0?s=96&d=mm&r=g\",\"contentUrl\":\"https:\\\/\\\/secure.gravatar.com\\\/avatar\\\/37d968a2e67a6fd04c169c4bdef102d0bc5d31b2546345219e348575eb80e9a0?s=96&d=mm&r=g\",\"caption\":\"redazione\"},\"sameAs\":[\"http:\\\/\\\/www.bellunopress.it\",\"https:\\\/\\\/x.com\\\/bellunopress\"],\"url\":\"https:\\\/\\\/www.bellunopress.it\\\/fr\\\/author\\\/redazione\\\/\"}]}<\/script>\n<!-- \/ Yoast SEO plugin. -->","yoast_head_json":{"title":"Il ministro della Difesa Lorenzo Guerini a Belluno incontra i candidati del Pd alle regionali - Bellunopress - Dolomiti","robots":{"index":"index","follow":"follow","max-snippet":"max-snippet:-1","max-image-preview":"max-image-preview:large","max-video-preview":"max-video-preview:-1"},"canonical":"https:\/\/www.bellunopress.it\/fr\/2020\/09\/11\/il-ministro-della-difesa-lorenzo-guerini-a-belluno-incontra-i-candidati-del-pd-alle-regionali\/","og_locale":"fr_FR","og_type":"article","og_title":"Il ministro della Difesa Lorenzo Guerini a Belluno incontra i candidati del Pd alle regionali - Bellunopress - Dolomiti","og_description":"&#8220;La mia presenza qui oggi \u00e8 un orpello, un ornamento. I protagonisti sono i candidati alle regionali per la lista del Partito democratico, che mettono in campo la loro esperienza e il loro impegno per il territorio&#8221;. Ha esordito cos\u00ec il ministro della Difesa Lorenzo Guerini presente oggi pomeriggio nella sede provinciale del PD in [&hellip;]","og_url":"https:\/\/www.bellunopress.it\/fr\/2020\/09\/11\/il-ministro-della-difesa-lorenzo-guerini-a-belluno-incontra-i-candidati-del-pd-alle-regionali\/","og_site_name":"Bellunopress - Dolomiti","article_publisher":"https:\/\/www.facebook.com\/profile.php?id=100008943462799","article_published_time":"2020-09-11T17:38:03+00:00","article_modified_time":"2020-09-11T17:38:04+00:00","og_image":[{"width":600,"height":800,"url":"https:\/\/www.bellunopress.it\/wp-content\/uploads\/2020\/09\/ministro-difesa_edited.jpg","type":"image\/jpeg"}],"author":"redazione","twitter_card":"summary_large_image","twitter_creator":"@bellunopress","twitter_site":"@bellunopress","twitter_misc":{"\u00c9crit par":"redazione","Dur\u00e9e de lecture estim\u00e9e":"2 minutes"},"schema":{"@context":"https:\/\/schema.org","@graph":[{"@type":"Article","@id":"https:\/\/www.bellunopress.it\/2020\/09\/11\/il-ministro-della-difesa-lorenzo-guerini-a-belluno-incontra-i-candidati-del-pd-alle-regionali\/#article","isPartOf":{"@id":"https:\/\/www.bellunopress.it\/2020\/09\/11\/il-ministro-della-difesa-lorenzo-guerini-a-belluno-incontra-i-candidati-del-pd-alle-regionali\/"},"author":{"name":"redazione","@id":"https:\/\/www.bellunopress.it\/#\/schema\/person\/79bb06722b37ece1c03d3e94beb30d73"},"headline":"Il ministro della Difesa Lorenzo Guerini a Belluno incontra i candidati del Pd alle regionali","datePublished":"2020-09-11T17:38:03+00:00","dateModified":"2020-09-11T17:38:04+00:00","mainEntityOfPage":{"@id":"https:\/\/www.bellunopress.it\/2020\/09\/11\/il-ministro-della-difesa-lorenzo-guerini-a-belluno-incontra-i-candidati-del-pd-alle-regionali\/"},"wordCount":509,"publisher":{"@id":"https:\/\/www.bellunopress.it\/#organization"},"image":{"@id":"https:\/\/www.bellunopress.it\/2020\/09\/11\/il-ministro-della-difesa-lorenzo-guerini-a-belluno-incontra-i-candidati-del-pd-alle-regionali\/#primaryimage"},"thumbnailUrl":"https:\/\/www.bellunopress.it\/wp-content\/uploads\/2020\/09\/ministro-difesa_edited.jpg","articleSection":["Lettere Opinioni"],"inLanguage":"fr-FR"},{"@type":"WebPage","@id":"https:\/\/www.bellunopress.it\/2020\/09\/11\/il-ministro-della-difesa-lorenzo-guerini-a-belluno-incontra-i-candidati-del-pd-alle-regionali\/","url":"https:\/\/www.bellunopress.it\/2020\/09\/11\/il-ministro-della-difesa-lorenzo-guerini-a-belluno-incontra-i-candidati-del-pd-alle-regionali\/","name":"Il ministro della Difesa Lorenzo Guerini a Belluno incontra i candidati del Pd alle regionali - Bellunopress - Dolomiti","isPartOf":{"@id":"https:\/\/www.bellunopress.it\/#website"},"primaryImageOfPage":{"@id":"https:\/\/www.bellunopress.it\/2020\/09\/11\/il-ministro-della-difesa-lorenzo-guerini-a-belluno-incontra-i-candidati-del-pd-alle-regionali\/#primaryimage"},"image":{"@id":"https:\/\/www.bellunopress.it\/2020\/09\/11\/il-ministro-della-difesa-lorenzo-guerini-a-belluno-incontra-i-candidati-del-pd-alle-regionali\/#primaryimage"},"thumbnailUrl":"https:\/\/www.bellunopress.it\/wp-content\/uploads\/2020\/09\/ministro-difesa_edited.jpg","datePublished":"2020-09-11T17:38:03+00:00","dateModified":"2020-09-11T17:38:04+00:00","breadcrumb":{"@id":"https:\/\/www.bellunopress.it\/2020\/09\/11\/il-ministro-della-difesa-lorenzo-guerini-a-belluno-incontra-i-candidati-del-pd-alle-regionali\/#breadcrumb"},"inLanguage":"fr-FR","potentialAction":[{"@type":"ReadAction","target":["https:\/\/www.bellunopress.it\/2020\/09\/11\/il-ministro-della-difesa-lorenzo-guerini-a-belluno-incontra-i-candidati-del-pd-alle-regionali\/"]}]},{"@type":"ImageObject","inLanguage":"fr-FR","@id":"https:\/\/www.bellunopress.it\/2020\/09\/11\/il-ministro-della-difesa-lorenzo-guerini-a-belluno-incontra-i-candidati-del-pd-alle-regionali\/#primaryimage","url":"https:\/\/www.bellunopress.it\/wp-content\/uploads\/2020\/09\/ministro-difesa_edited.jpg","contentUrl":"https:\/\/www.bellunopress.it\/wp-content\/uploads\/2020\/09\/ministro-difesa_edited.jpg","width":600,"height":800,"caption":"Lorenzo Guerini, ministro della Difesa"},{"@type":"BreadcrumbList","@id":"https:\/\/www.bellunopress.it\/2020\/09\/11\/il-ministro-della-difesa-lorenzo-guerini-a-belluno-incontra-i-candidati-del-pd-alle-regionali\/#breadcrumb","itemListElement":[{"@type":"ListItem","position":1,"name":"Home","item":"https:\/\/www.bellunopress.it\/"},{"@type":"ListItem","position":2,"name":"Il ministro della Difesa Lorenzo Guerini a Belluno incontra i candidati del Pd alle regionali"}]},{"@type":"WebSite","@id":"https:\/\/www.bellunopress.it\/#website","url":"https:\/\/www.bellunopress.it\/","name":"Bellunopress - Dolomiti","description":"e-mail: redazione@bellunopress.it","publisher":{"@id":"https:\/\/www.bellunopress.it\/#organization"},"potentialAction":[{"@type":"SearchAction","target":{"@type":"EntryPoint","urlTemplate":"https:\/\/www.bellunopress.it\/?s={search_term_string}"},"query-input":{"@type":"PropertyValueSpecification","valueRequired":true,"valueName":"search_term_string"}}],"inLanguage":"fr-FR"},{"@type":"Organization","@id":"https:\/\/www.bellunopress.it\/#organization","name":"Bellunopress","url":"https:\/\/www.bellunopress.it\/","logo":{"@type":"ImageObject","inLanguage":"fr-FR","@id":"https:\/\/www.bellunopress.it\/#\/schema\/logo\/image\/","url":"https:\/\/www.bellunopress.it\/wp-content\/uploads\/2011\/05\/cropped-logo-bellunopress-.jpg","contentUrl":"https:\/\/www.bellunopress.it\/wp-content\/uploads\/2011\/05\/cropped-logo-bellunopress-.jpg","width":512,"height":512,"caption":"Bellunopress"},"image":{"@id":"https:\/\/www.bellunopress.it\/#\/schema\/logo\/image\/"},"sameAs":["https:\/\/www.facebook.com\/profile.php?id=100008943462799","https:\/\/x.com\/bellunopress","https:\/\/www.linkedin.com\/hp\/?dnr=JBzUWaJfMUw8vbXJJ2tVW5-I3jZKvC4wsoxE&amp;amp;amp;amp;amp;amp;trk=nav_responsive_tab_home","https:\/\/www.youtube.com\/channel\/UCxL0wu1uN0_3_7hGG0306cw"]},{"@type":"Person","@id":"https:\/\/www.bellunopress.it\/#\/schema\/person\/79bb06722b37ece1c03d3e94beb30d73","name":"r\u00e9daction","image":{"@type":"ImageObject","inLanguage":"fr-FR","@id":"https:\/\/secure.gravatar.com\/avatar\/37d968a2e67a6fd04c169c4bdef102d0bc5d31b2546345219e348575eb80e9a0?s=96&d=mm&r=g","url":"https:\/\/secure.gravatar.com\/avatar\/37d968a2e67a6fd04c169c4bdef102d0bc5d31b2546345219e348575eb80e9a0?s=96&d=mm&r=g","contentUrl":"https:\/\/secure.gravatar.com\/avatar\/37d968a2e67a6fd04c169c4bdef102d0bc5d31b2546345219e348575eb80e9a0?s=96&d=mm&r=g","caption":"redazione"},"sameAs":["http:\/\/www.bellunopress.it","https:\/\/x.com\/bellunopress"],"url":"https:\/\/www.bellunopress.it\/fr\/author\/redazione\/"}]}},"_links":{"self":[{"href":"https:\/\/www.bellunopress.it\/fr\/wp-json\/wp\/v2\/posts\/117513","targetHints":{"allow":["GET"]}}],"collection":[{"href":"https:\/\/www.bellunopress.it\/fr\/wp-json\/wp\/v2\/posts"}],"about":[{"href":"https:\/\/www.bellunopress.it\/fr\/wp-json\/wp\/v2\/types\/post"}],"author":[{"embeddable":true,"href":"https:\/\/www.bellunopress.it\/fr\/wp-json\/wp\/v2\/users\/2"}],"replies":[{"embeddable":true,"href":"https:\/\/www.bellunopress.it\/fr\/wp-json\/wp\/v2\/comments?post=117513"}],"version-history":[{"count":2,"href":"https:\/\/www.bellunopress.it\/fr\/wp-json\/wp\/v2\/posts\/117513\/revisions"}],"predecessor-version":[{"id":117516,"href":"https:\/\/www.bellunopress.it\/fr\/wp-json\/wp\/v2\/posts\/117513\/revisions\/117516"}],"wp:featuredmedia":[{"embeddable":true,"href":"https:\/\/www.bellunopress.it\/fr\/wp-json\/wp\/v2\/media\/117514"}],"wp:attachment":[{"href":"https:\/\/www.bellunopress.it\/fr\/wp-json\/wp\/v2\/media?parent=117513"}],"wp:term":[{"taxonomy":"category","embeddable":true,"href":"https:\/\/www.bellunopress.it\/fr\/wp-json\/wp\/v2\/categories?post=117513"},{"taxonomy":"post_tag","embeddable":true,"href":"https:\/\/www.bellunopress.it\/fr\/wp-json\/wp\/v2\/tags?post=117513"}],"curies":[{"name":"wp","href":"https:\/\/api.w.org\/{rel}","templated":true}]}}