{"id":11751,"date":"2010-01-22T13:46:50","date_gmt":"2010-01-22T12:46:50","guid":{"rendered":"http:\/\/www.bellunopress.it\/?p=11751"},"modified":"2010-01-22T13:46:50","modified_gmt":"2010-01-22T12:46:50","slug":"vaccinazione-dei-cani-contro-la-rabbia-a-belluno","status":"publish","type":"post","link":"https:\/\/www.bellunopress.it\/fr\/2010\/01\/22\/vaccinazione-dei-cani-contro-la-rabbia-a-belluno\/","title":{"rendered":"Vaccinazione dei cani contro la rabbia a Belluno"},"content":{"rendered":"<p><a href=\"http:\/\/www.bellunopress.it\/wp-content\/uploads\/2009\/10\/betty.jpg\"><img loading=\"lazy\" decoding=\"async\" class=\"alignleft size-medium wp-image-9087\" title=\"betty\" src=\"http:\/\/www.bellunopress.it\/wp-content\/uploads\/2009\/10\/betty-300x225.jpg\" alt=\"\" width=\"300\" height=\"225\" \/><\/a>Anche nel Comune di Belluno il Servizio Veterinario dell&#8217;ULSS 1, la cui responsabilit\u00e0 \u00e8 affidata al dr. Zanola, provveder\u00e0 alle obbligatorie vaccinazioni antirabbia. \u201cInvito tutti i possessori di cane a presentarsi, nei luoghi e nei giorni stabiliti, per la vaccinazione\u201d ha detto il sindaco di Belluno, Antonio Prade. \u201cSiccome si tratta di una emergenza, abbiamo individuato alcuni luoghi dove ci si deve presentare con il cane e dove sar\u00e0 pronto il veterinario per l&#8217;iniezione. Ricordo che \u00e8 importante non solo per la salute degli animali ma anche per la salute dell&#8217;uomo; dobbiamo infatti collaborare tutti per fermare la diffusione di questa gravissima malattia\u201d.<\/p>\n<p>Ecco date, orari e sedi nel territorio comunale di Belluno:<\/p>\n<p>\u00b7\u00a0marted\u00ec 26 e mercoled\u00ec 27 gennaio, dalle 9.00 alle 12.00, a Castion, presso la Casa del Dottore (Pian delle Feste)<\/p>\n<p>\u00b7\u00a0gioved\u00ec 28 gennaio, dalle 9.00 alle 12.00 e dalle 14.30 alle 16.30, a Tisoi, presso le ex Scuole elementari<\/p>\n<p>\u00b7\u00a0venerd\u00ec 29 gennaio, dalle 9.00 alle 12.00 a Safforze presso Villa Montalban (ex spogliatoio rugby) e<\/p>\n<p>\u00b7\u00a0venerd\u00ec 29 gennaio, dalle ore 14.30 alle 16.30, a Orzes presso le ex Scuole elementari.<\/p>\n<p>La vaccinazione dei cani contro la rabbia \u00e8 obbligatoria e dovr\u00e0 essere effettuata entro il 31 gennaio 2010.<\/p>","protected":false},"excerpt":{"rendered":"<p>Anche nel Comune di Belluno il Servizio Veterinario dell&#8217;ULSS 1, la cui responsabilit\u00e0 \u00e8 affidata al dr. Zanola, provveder\u00e0 alle obbligatorie vaccinazioni antirabbia. \u201cInvito tutti i possessori di cane a presentarsi, nei luoghi e nei giorni stabiliti, per la vaccinazione\u201d ha detto il sindaco di Belluno, Antonio Prade. \u201cSiccome si tratta di una emergenza, abbiamo [&hellip;]<\/p>\n","protected":false},"author":2,"featured_media":0,"comment_status":"closed","ping_status":"open","sticky":false,"template":"","format":"standard","meta":{"footnotes":""},"categories":[5,26,17],"tags":[3050],"class_list":["post-11751","post","type-post","status-publish","format-standard","category-cronaca","category-prima-pagina","category-sanita","tag-sanita"],"yoast_head":"<!-- This site is optimized with the Yoast SEO plugin v28.4 - https:\/\/yoast.com\/product\/yoast-seo-wordpress\/ -->\n<title>Vaccinazione dei cani contro la rabbia a Belluno - Bellunopress - Dolomiti<\/title>\n<meta name=\"robots\" content=\"index, follow, max-snippet:-1, max-image-preview:large, max-video-preview:-1\" \/>\n<link rel=\"canonical\" href=\"https:\/\/www.bellunopress.it\/fr\/2010\/01\/22\/vaccinazione-dei-cani-contro-la-rabbia-a-belluno\/\" \/>\n<meta property=\"og:locale\" content=\"fr_FR\" \/>\n<meta property=\"og:type\" content=\"article\" \/>\n<meta property=\"og:title\" content=\"Vaccinazione dei cani contro la rabbia a Belluno - Bellunopress - Dolomiti\" \/>\n<meta property=\"og:description\" content=\"Anche nel Comune di Belluno il Servizio Veterinario dell&#8217;ULSS 1, la cui responsabilit\u00e0 \u00e8 affidata al dr. Zanola, provveder\u00e0 alle obbligatorie vaccinazioni antirabbia. \u201cInvito tutti i possessori di cane a presentarsi, nei luoghi e nei giorni stabiliti, per la vaccinazione\u201d ha detto il sindaco di Belluno, Antonio Prade. \u201cSiccome si tratta di una emergenza, abbiamo [&hellip;]\" \/>\n<meta property=\"og:url\" content=\"https:\/\/www.bellunopress.it\/fr\/2010\/01\/22\/vaccinazione-dei-cani-contro-la-rabbia-a-belluno\/\" \/>\n<meta property=\"og:site_name\" content=\"Bellunopress - Dolomiti\" \/>\n<meta property=\"article:publisher\" content=\"https:\/\/www.facebook.com\/profile.php?id=100008943462799\" \/>\n<meta property=\"article:published_time\" content=\"2010-01-22T12:46:50+00:00\" \/>\n<meta property=\"og:image\" content=\"http:\/\/www.bellunopress.it\/wp-content\/uploads\/2009\/10\/betty-300x225.jpg\" \/>\n<meta name=\"author\" content=\"redazione\" \/>\n<meta name=\"twitter:card\" content=\"summary_large_image\" \/>\n<meta name=\"twitter:creator\" content=\"@bellunopress\" \/>\n<meta name=\"twitter:site\" content=\"@bellunopress\" \/>\n<meta name=\"twitter:label1\" content=\"\u00c9crit par\" \/>\n\t<meta name=\"twitter:data1\" content=\"redazione\" \/>\n\t<meta name=\"twitter:label2\" content=\"Dur\u00e9e de lecture estim\u00e9e\" \/>\n\t<meta name=\"twitter:data2\" content=\"1 minute\" \/>\n<script type=\"application\/ld+json\" class=\"yoast-schema-graph\">{\"@context\":\"https:\\\/\\\/schema.org\",\"@graph\":[{\"@type\":\"Article\",\"@id\":\"https:\\\/\\\/www.bellunopress.it\\\/2010\\\/01\\\/22\\\/vaccinazione-dei-cani-contro-la-rabbia-a-belluno\\\/#article\",\"isPartOf\":{\"@id\":\"https:\\\/\\\/www.bellunopress.it\\\/2010\\\/01\\\/22\\\/vaccinazione-dei-cani-contro-la-rabbia-a-belluno\\\/\"},\"author\":{\"name\":\"redazione\",\"@id\":\"https:\\\/\\\/www.bellunopress.it\\\/#\\\/schema\\\/person\\\/79bb06722b37ece1c03d3e94beb30d73\"},\"headline\":\"Vaccinazione dei cani contro la rabbia a Belluno\",\"datePublished\":\"2010-01-22T12:46:50+00:00\",\"mainEntityOfPage\":{\"@id\":\"https:\\\/\\\/www.bellunopress.it\\\/2010\\\/01\\\/22\\\/vaccinazione-dei-cani-contro-la-rabbia-a-belluno\\\/\"},\"wordCount\":191,\"publisher\":{\"@id\":\"https:\\\/\\\/www.bellunopress.it\\\/#organization\"},\"image\":{\"@id\":\"https:\\\/\\\/www.bellunopress.it\\\/2010\\\/01\\\/22\\\/vaccinazione-dei-cani-contro-la-rabbia-a-belluno\\\/#primaryimage\"},\"thumbnailUrl\":\"http:\\\/\\\/www.bellunopress.it\\\/wp-content\\\/uploads\\\/2009\\\/10\\\/betty-300x225.jpg\",\"keywords\":[\"Sanit\u00e0\"],\"articleSection\":[\"Cronaca\\\/Politica\",\"Prima Pagina\",\"Sanit\u00e0 Medicina\"],\"inLanguage\":\"fr-FR\"},{\"@type\":\"WebPage\",\"@id\":\"https:\\\/\\\/www.bellunopress.it\\\/2010\\\/01\\\/22\\\/vaccinazione-dei-cani-contro-la-rabbia-a-belluno\\\/\",\"url\":\"https:\\\/\\\/www.bellunopress.it\\\/2010\\\/01\\\/22\\\/vaccinazione-dei-cani-contro-la-rabbia-a-belluno\\\/\",\"name\":\"Vaccinazione dei cani contro la rabbia a Belluno - Bellunopress - Dolomiti\",\"isPartOf\":{\"@id\":\"https:\\\/\\\/www.bellunopress.it\\\/#website\"},\"primaryImageOfPage\":{\"@id\":\"https:\\\/\\\/www.bellunopress.it\\\/2010\\\/01\\\/22\\\/vaccinazione-dei-cani-contro-la-rabbia-a-belluno\\\/#primaryimage\"},\"image\":{\"@id\":\"https:\\\/\\\/www.bellunopress.it\\\/2010\\\/01\\\/22\\\/vaccinazione-dei-cani-contro-la-rabbia-a-belluno\\\/#primaryimage\"},\"thumbnailUrl\":\"http:\\\/\\\/www.bellunopress.it\\\/wp-content\\\/uploads\\\/2009\\\/10\\\/betty-300x225.jpg\",\"datePublished\":\"2010-01-22T12:46:50+00:00\",\"breadcrumb\":{\"@id\":\"https:\\\/\\\/www.bellunopress.it\\\/2010\\\/01\\\/22\\\/vaccinazione-dei-cani-contro-la-rabbia-a-belluno\\\/#breadcrumb\"},\"inLanguage\":\"fr-FR\",\"potentialAction\":[{\"@type\":\"ReadAction\",\"target\":[\"https:\\\/\\\/www.bellunopress.it\\\/2010\\\/01\\\/22\\\/vaccinazione-dei-cani-contro-la-rabbia-a-belluno\\\/\"]}]},{\"@type\":\"ImageObject\",\"inLanguage\":\"fr-FR\",\"@id\":\"https:\\\/\\\/www.bellunopress.it\\\/2010\\\/01\\\/22\\\/vaccinazione-dei-cani-contro-la-rabbia-a-belluno\\\/#primaryimage\",\"url\":\"http:\\\/\\\/www.bellunopress.it\\\/wp-content\\\/uploads\\\/2009\\\/10\\\/betty-300x225.jpg\",\"contentUrl\":\"http:\\\/\\\/www.bellunopress.it\\\/wp-content\\\/uploads\\\/2009\\\/10\\\/betty-300x225.jpg\"},{\"@type\":\"BreadcrumbList\",\"@id\":\"https:\\\/\\\/www.bellunopress.it\\\/2010\\\/01\\\/22\\\/vaccinazione-dei-cani-contro-la-rabbia-a-belluno\\\/#breadcrumb\",\"itemListElement\":[{\"@type\":\"ListItem\",\"position\":1,\"name\":\"Home\",\"item\":\"https:\\\/\\\/www.bellunopress.it\\\/\"},{\"@type\":\"ListItem\",\"position\":2,\"name\":\"Vaccinazione dei cani contro la rabbia a Belluno\"}]},{\"@type\":\"WebSite\",\"@id\":\"https:\\\/\\\/www.bellunopress.it\\\/#website\",\"url\":\"https:\\\/\\\/www.bellunopress.it\\\/\",\"name\":\"Bellunopress - Dolomiti\",\"description\":\"e-mail: redazione@bellunopress.it\",\"publisher\":{\"@id\":\"https:\\\/\\\/www.bellunopress.it\\\/#organization\"},\"potentialAction\":[{\"@type\":\"SearchAction\",\"target\":{\"@type\":\"EntryPoint\",\"urlTemplate\":\"https:\\\/\\\/www.bellunopress.it\\\/?s={search_term_string}\"},\"query-input\":{\"@type\":\"PropertyValueSpecification\",\"valueRequired\":true,\"valueName\":\"search_term_string\"}}],\"inLanguage\":\"fr-FR\"},{\"@type\":\"Organization\",\"@id\":\"https:\\\/\\\/www.bellunopress.it\\\/#organization\",\"name\":\"Bellunopress\",\"url\":\"https:\\\/\\\/www.bellunopress.it\\\/\",\"logo\":{\"@type\":\"ImageObject\",\"inLanguage\":\"fr-FR\",\"@id\":\"https:\\\/\\\/www.bellunopress.it\\\/#\\\/schema\\\/logo\\\/image\\\/\",\"url\":\"https:\\\/\\\/www.bellunopress.it\\\/wp-content\\\/uploads\\\/2011\\\/05\\\/cropped-logo-bellunopress-.jpg\",\"contentUrl\":\"https:\\\/\\\/www.bellunopress.it\\\/wp-content\\\/uploads\\\/2011\\\/05\\\/cropped-logo-bellunopress-.jpg\",\"width\":512,\"height\":512,\"caption\":\"Bellunopress\"},\"image\":{\"@id\":\"https:\\\/\\\/www.bellunopress.it\\\/#\\\/schema\\\/logo\\\/image\\\/\"},\"sameAs\":[\"https:\\\/\\\/www.facebook.com\\\/profile.php?id=100008943462799\",\"https:\\\/\\\/x.com\\\/bellunopress\",\"https:\\\/\\\/www.linkedin.com\\\/hp\\\/?dnr=JBzUWaJfMUw8vbXJJ2tVW5-I3jZKvC4wsoxE&amp;amp;amp;amp;amp;amp;trk=nav_responsive_tab_home\",\"https:\\\/\\\/www.youtube.com\\\/channel\\\/UCxL0wu1uN0_3_7hGG0306cw\"]},{\"@type\":\"Person\",\"@id\":\"https:\\\/\\\/www.bellunopress.it\\\/#\\\/schema\\\/person\\\/79bb06722b37ece1c03d3e94beb30d73\",\"name\":\"redazione\",\"image\":{\"@type\":\"ImageObject\",\"inLanguage\":\"fr-FR\",\"@id\":\"https:\\\/\\\/secure.gravatar.com\\\/avatar\\\/37d968a2e67a6fd04c169c4bdef102d0bc5d31b2546345219e348575eb80e9a0?s=96&d=mm&r=g\",\"url\":\"https:\\\/\\\/secure.gravatar.com\\\/avatar\\\/37d968a2e67a6fd04c169c4bdef102d0bc5d31b2546345219e348575eb80e9a0?s=96&d=mm&r=g\",\"contentUrl\":\"https:\\\/\\\/secure.gravatar.com\\\/avatar\\\/37d968a2e67a6fd04c169c4bdef102d0bc5d31b2546345219e348575eb80e9a0?s=96&d=mm&r=g\",\"caption\":\"redazione\"},\"sameAs\":[\"http:\\\/\\\/www.bellunopress.it\",\"https:\\\/\\\/x.com\\\/bellunopress\"],\"url\":\"https:\\\/\\\/www.bellunopress.it\\\/fr\\\/author\\\/redazione\\\/\"}]}<\/script>\n<!-- \/ Yoast SEO plugin. -->","yoast_head_json":{"title":"Vaccinazione dei cani contro la rabbia a Belluno - Bellunopress - Dolomiti","robots":{"index":"index","follow":"follow","max-snippet":"max-snippet:-1","max-image-preview":"max-image-preview:large","max-video-preview":"max-video-preview:-1"},"canonical":"https:\/\/www.bellunopress.it\/fr\/2010\/01\/22\/vaccinazione-dei-cani-contro-la-rabbia-a-belluno\/","og_locale":"fr_FR","og_type":"article","og_title":"Vaccinazione dei cani contro la rabbia a Belluno - Bellunopress - Dolomiti","og_description":"Anche nel Comune di Belluno il Servizio Veterinario dell&#8217;ULSS 1, la cui responsabilit\u00e0 \u00e8 affidata al dr. Zanola, provveder\u00e0 alle obbligatorie vaccinazioni antirabbia. \u201cInvito tutti i possessori di cane a presentarsi, nei luoghi e nei giorni stabiliti, per la vaccinazione\u201d ha detto il sindaco di Belluno, Antonio Prade. \u201cSiccome si tratta di una emergenza, abbiamo [&hellip;]","og_url":"https:\/\/www.bellunopress.it\/fr\/2010\/01\/22\/vaccinazione-dei-cani-contro-la-rabbia-a-belluno\/","og_site_name":"Bellunopress - Dolomiti","article_publisher":"https:\/\/www.facebook.com\/profile.php?id=100008943462799","article_published_time":"2010-01-22T12:46:50+00:00","og_image":[{"url":"http:\/\/www.bellunopress.it\/wp-content\/uploads\/2009\/10\/betty-300x225.jpg","type":"","width":"","height":""}],"author":"redazione","twitter_card":"summary_large_image","twitter_creator":"@bellunopress","twitter_site":"@bellunopress","twitter_misc":{"\u00c9crit par":"redazione","Dur\u00e9e de lecture estim\u00e9e":"1 minute"},"schema":{"@context":"https:\/\/schema.org","@graph":[{"@type":"Article","@id":"https:\/\/www.bellunopress.it\/2010\/01\/22\/vaccinazione-dei-cani-contro-la-rabbia-a-belluno\/#article","isPartOf":{"@id":"https:\/\/www.bellunopress.it\/2010\/01\/22\/vaccinazione-dei-cani-contro-la-rabbia-a-belluno\/"},"author":{"name":"redazione","@id":"https:\/\/www.bellunopress.it\/#\/schema\/person\/79bb06722b37ece1c03d3e94beb30d73"},"headline":"Vaccinazione dei cani contro la rabbia a Belluno","datePublished":"2010-01-22T12:46:50+00:00","mainEntityOfPage":{"@id":"https:\/\/www.bellunopress.it\/2010\/01\/22\/vaccinazione-dei-cani-contro-la-rabbia-a-belluno\/"},"wordCount":191,"publisher":{"@id":"https:\/\/www.bellunopress.it\/#organization"},"image":{"@id":"https:\/\/www.bellunopress.it\/2010\/01\/22\/vaccinazione-dei-cani-contro-la-rabbia-a-belluno\/#primaryimage"},"thumbnailUrl":"http:\/\/www.bellunopress.it\/wp-content\/uploads\/2009\/10\/betty-300x225.jpg","keywords":["Sanit\u00e0"],"articleSection":["Cronaca\/Politica","Prima Pagina","Sanit\u00e0 Medicina"],"inLanguage":"fr-FR"},{"@type":"WebPage","@id":"https:\/\/www.bellunopress.it\/2010\/01\/22\/vaccinazione-dei-cani-contro-la-rabbia-a-belluno\/","url":"https:\/\/www.bellunopress.it\/2010\/01\/22\/vaccinazione-dei-cani-contro-la-rabbia-a-belluno\/","name":"Vaccinazione dei cani contro la rabbia a Belluno - Bellunopress - Dolomiti","isPartOf":{"@id":"https:\/\/www.bellunopress.it\/#website"},"primaryImageOfPage":{"@id":"https:\/\/www.bellunopress.it\/2010\/01\/22\/vaccinazione-dei-cani-contro-la-rabbia-a-belluno\/#primaryimage"},"image":{"@id":"https:\/\/www.bellunopress.it\/2010\/01\/22\/vaccinazione-dei-cani-contro-la-rabbia-a-belluno\/#primaryimage"},"thumbnailUrl":"http:\/\/www.bellunopress.it\/wp-content\/uploads\/2009\/10\/betty-300x225.jpg","datePublished":"2010-01-22T12:46:50+00:00","breadcrumb":{"@id":"https:\/\/www.bellunopress.it\/2010\/01\/22\/vaccinazione-dei-cani-contro-la-rabbia-a-belluno\/#breadcrumb"},"inLanguage":"fr-FR","potentialAction":[{"@type":"ReadAction","target":["https:\/\/www.bellunopress.it\/2010\/01\/22\/vaccinazione-dei-cani-contro-la-rabbia-a-belluno\/"]}]},{"@type":"ImageObject","inLanguage":"fr-FR","@id":"https:\/\/www.bellunopress.it\/2010\/01\/22\/vaccinazione-dei-cani-contro-la-rabbia-a-belluno\/#primaryimage","url":"http:\/\/www.bellunopress.it\/wp-content\/uploads\/2009\/10\/betty-300x225.jpg","contentUrl":"http:\/\/www.bellunopress.it\/wp-content\/uploads\/2009\/10\/betty-300x225.jpg"},{"@type":"BreadcrumbList","@id":"https:\/\/www.bellunopress.it\/2010\/01\/22\/vaccinazione-dei-cani-contro-la-rabbia-a-belluno\/#breadcrumb","itemListElement":[{"@type":"ListItem","position":1,"name":"Home","item":"https:\/\/www.bellunopress.it\/"},{"@type":"ListItem","position":2,"name":"Vaccinazione dei cani contro la rabbia a Belluno"}]},{"@type":"WebSite","@id":"https:\/\/www.bellunopress.it\/#website","url":"https:\/\/www.bellunopress.it\/","name":"Bellunopress - Dolomiti","description":"e-mail: redazione@bellunopress.it","publisher":{"@id":"https:\/\/www.bellunopress.it\/#organization"},"potentialAction":[{"@type":"SearchAction","target":{"@type":"EntryPoint","urlTemplate":"https:\/\/www.bellunopress.it\/?s={search_term_string}"},"query-input":{"@type":"PropertyValueSpecification","valueRequired":true,"valueName":"search_term_string"}}],"inLanguage":"fr-FR"},{"@type":"Organization","@id":"https:\/\/www.bellunopress.it\/#organization","name":"Bellunopress","url":"https:\/\/www.bellunopress.it\/","logo":{"@type":"ImageObject","inLanguage":"fr-FR","@id":"https:\/\/www.bellunopress.it\/#\/schema\/logo\/image\/","url":"https:\/\/www.bellunopress.it\/wp-content\/uploads\/2011\/05\/cropped-logo-bellunopress-.jpg","contentUrl":"https:\/\/www.bellunopress.it\/wp-content\/uploads\/2011\/05\/cropped-logo-bellunopress-.jpg","width":512,"height":512,"caption":"Bellunopress"},"image":{"@id":"https:\/\/www.bellunopress.it\/#\/schema\/logo\/image\/"},"sameAs":["https:\/\/www.facebook.com\/profile.php?id=100008943462799","https:\/\/x.com\/bellunopress","https:\/\/www.linkedin.com\/hp\/?dnr=JBzUWaJfMUw8vbXJJ2tVW5-I3jZKvC4wsoxE&amp;amp;amp;amp;amp;amp;trk=nav_responsive_tab_home","https:\/\/www.youtube.com\/channel\/UCxL0wu1uN0_3_7hGG0306cw"]},{"@type":"Person","@id":"https:\/\/www.bellunopress.it\/#\/schema\/person\/79bb06722b37ece1c03d3e94beb30d73","name":"r\u00e9daction","image":{"@type":"ImageObject","inLanguage":"fr-FR","@id":"https:\/\/secure.gravatar.com\/avatar\/37d968a2e67a6fd04c169c4bdef102d0bc5d31b2546345219e348575eb80e9a0?s=96&d=mm&r=g","url":"https:\/\/secure.gravatar.com\/avatar\/37d968a2e67a6fd04c169c4bdef102d0bc5d31b2546345219e348575eb80e9a0?s=96&d=mm&r=g","contentUrl":"https:\/\/secure.gravatar.com\/avatar\/37d968a2e67a6fd04c169c4bdef102d0bc5d31b2546345219e348575eb80e9a0?s=96&d=mm&r=g","caption":"redazione"},"sameAs":["http:\/\/www.bellunopress.it","https:\/\/x.com\/bellunopress"],"url":"https:\/\/www.bellunopress.it\/fr\/author\/redazione\/"}]}},"_links":{"self":[{"href":"https:\/\/www.bellunopress.it\/fr\/wp-json\/wp\/v2\/posts\/11751","targetHints":{"allow":["GET"]}}],"collection":[{"href":"https:\/\/www.bellunopress.it\/fr\/wp-json\/wp\/v2\/posts"}],"about":[{"href":"https:\/\/www.bellunopress.it\/fr\/wp-json\/wp\/v2\/types\/post"}],"author":[{"embeddable":true,"href":"https:\/\/www.bellunopress.it\/fr\/wp-json\/wp\/v2\/users\/2"}],"replies":[{"embeddable":true,"href":"https:\/\/www.bellunopress.it\/fr\/wp-json\/wp\/v2\/comments?post=11751"}],"version-history":[{"count":1,"href":"https:\/\/www.bellunopress.it\/fr\/wp-json\/wp\/v2\/posts\/11751\/revisions"}],"predecessor-version":[{"id":11752,"href":"https:\/\/www.bellunopress.it\/fr\/wp-json\/wp\/v2\/posts\/11751\/revisions\/11752"}],"wp:attachment":[{"href":"https:\/\/www.bellunopress.it\/fr\/wp-json\/wp\/v2\/media?parent=11751"}],"wp:term":[{"taxonomy":"category","embeddable":true,"href":"https:\/\/www.bellunopress.it\/fr\/wp-json\/wp\/v2\/categories?post=11751"},{"taxonomy":"post_tag","embeddable":true,"href":"https:\/\/www.bellunopress.it\/fr\/wp-json\/wp\/v2\/tags?post=11751"}],"curies":[{"name":"wp","href":"https:\/\/api.w.org\/{rel}","templated":true}]}}