{"id":117508,"date":"2020-09-11T18:25:49","date_gmt":"2020-09-11T16:25:49","guid":{"rendered":"http:\/\/www.bellunopress.it\/?p=117508"},"modified":"2020-09-12T13:15:06","modified_gmt":"2020-09-12T11:15:06","slug":"da-lunedi-due-drive-in-ad-accesso-libero-per-tamponi-a-belluno-e-feltre-per-studenti-e-personale-della-scuola","status":"publish","type":"post","link":"https:\/\/www.bellunopress.it\/fr\/2020\/09\/11\/da-lunedi-due-drive-in-ad-accesso-libero-per-tamponi-a-belluno-e-feltre-per-studenti-e-personale-della-scuola\/","title":{"rendered":"Da luned\u00ec due drive-in ad accesso libero per tamponi a Belluno e Feltre per studenti e personale della scuola"},"content":{"rendered":"<p><a href=\"http:\/\/www.bellunopress.it\/fr\/2020\/05\/12\/tamponi-in-modalita-drive-in-al-san-martino-di-belluno-bilancio-della-prima-giornata\/tamponi-drive-in_edited-2\/\" rel=\"attachment wp-att-114368\"><img loading=\"lazy\" decoding=\"async\" class=\"alignleft size-full wp-image-114368\" src=\"http:\/\/www.bellunopress.it\/wp-content\/uploads\/2020\/05\/tamponi-drive-in_edited-1.jpg\" alt=\"\" width=\"800\" height=\"629\" srcset=\"https:\/\/www.bellunopress.it\/wp-content\/uploads\/2020\/05\/tamponi-drive-in_edited-1.jpg 800w, https:\/\/www.bellunopress.it\/wp-content\/uploads\/2020\/05\/tamponi-drive-in_edited-1-500x393.jpg 500w, https:\/\/www.bellunopress.it\/wp-content\/uploads\/2020\/05\/tamponi-drive-in_edited-1-696x547.jpg 696w, https:\/\/www.bellunopress.it\/wp-content\/uploads\/2020\/05\/tamponi-drive-in_edited-1-534x420.jpg 534w\" sizes=\"auto, (max-width: 800px) 100vw, 800px\" \/><\/a>In relazione all\u2019avvio completo delle attivit\u00e0 scolastiche da luned\u00ec prossimo, l\u2019Ulss Dolomiti ha messo a punto, tra le altre iniziative di competenza, un sistema organizzativo di sicurezza per eseguire rapidamente il tampone ai bambini, ai ragazzi e agli operatori della scuola che dovessero presentare una sintomatologia orientativa per Covid (febbre, tosse, difficolt\u00e0 respiratorie, congiuntivite, congestione nasale, sintomi gastrointestinali, alterazione improvvisa del gusto o dell\u2019olfatto).<\/p>\n<p>I due principali drive-in attivi sul territorio (Belluno- Ospedale San Martino e Feltre \u2013Borgo Ruga) saranno messi a disposizione da luned\u00ec 14 settembre, con accesso libero, semplificando il sistema di prenotazione, tutti i giorni dalle 8.30 alle 12.30 .<br \/>\nInoltre, in considerazione dell\u2019evoluzione del quadro epidemiologico, potranno essere attivate alcune ore di drive-in per tamponi scuola anche a Tai di Cadore e a Caprile a partire dal 5 ottobre.<br \/>\nI soggetti frequentanti la scuola con sintomatologia simil covid, potranno eseguire il tampone al drive-in, su indicazione del Pediatra o del Medico di famiglia, o avvisando lo stesso a posteriori, sia prima dell\u2019accesso a scuola (ad esempio per sintomatologia serale, notturna o al risveglio), sia per improvvisa insorgenza di sintomi durante l\u2019orario scolastico.<br \/>\nDurante l\u2019attivit\u00e0 dell\u2019accesso libero, verr\u00e0 garantita, in aggiunta all\u2019esecuzione dei tamponi per i soggetti frequentanti la scuola, in continuit\u00e0 con l\u2019attivit\u00e0 attuale, secondo i nuovi orari, l\u2019esecuzione dei tamponi raccomandata per i rientri dall\u2019estero (ormai molto contenuti).<\/p>\n<p>A tutti i soggetti sottoposti a tampone verr\u00e0 consegnata un&#8217;informativa contenente la raccomandazione di contatto con il Pediatra o il Medico di Medicina Generale per la gestione dell&#8217;eventuale sintomatologia e dell&#8217;eventuale certificazione per la riammissione scolastica, nonch\u00e9 le indicazioni sulle modalit\u00e0 di visualizzazione-scarico del referto.<\/p>\n<p>In caso di positivit\u00e0 al tampone, il Dipartimento di Prevenzione prender\u00e0 tutti i provvedimenti del caso specifico, in raccordo con le istituzioni scolastiche, e in adesione alle linee guida sul tema.<\/p>\n<p>Questa operativit\u00e0 rientra nel programma di contenimento epidemiologico COVID raccomandato dalla Regione del Veneto e concordato con le istituzioni del territorio, in particolare con l\u2019Ufficio Scolastico Provinciale. A tale proposito nei giorni scorsi l\u2019Azienda Dolomiti ha comunicato a tutte le Scuole pubbliche e private, ai Pediatri di Libera Scelta e ai Medici di Medicina Generale i nominativi di due \u201cReferenti COVID 19 per la Scuola\u201d, costantemente accessibili per supportare i dirigenti scolastici e i Referenti scolastici per COVID 19 per le attivit\u00e0 relative alla gestione di casi e focolai di SARS CoV 2. Oltre a ci\u00f2 nell\u2019ambito del Dipartimento di Prevenzione dell\u2019Ulss Dolomiti \u00e8 stata istituita una task force coordinata dal responsabile delle attivit\u00e0 di promozione della salute per garantire ogni supporto alla scuola in merito all\u2019applicazione del protocollo scolastico sicurezza COVID.<\/p>\n<p>La collaborazione sinergica tra genitori, scuola, medici di famiglia e Ulss \u00e8 fondamentale per affrontare con serenit\u00e0 l\u2019anno scolastico pur nella complessit\u00e0 del momento. L\u2019impegno dell\u2019Azienda sanitaria e l\u2019attenzione all\u2019evoluzione del contesto epidemico sono massimi per garantire a bambini, ragazzi, famiglie e operatori della scuola una gestione della didattica ad alto livello di sicurezza.<\/p>\n<p>&nbsp;<\/p>","protected":false},"excerpt":{"rendered":"<p>In relazione all\u2019avvio completo delle attivit\u00e0 scolastiche da luned\u00ec prossimo, l\u2019Ulss Dolomiti ha messo a punto, tra le altre iniziative di competenza, un sistema organizzativo di sicurezza per eseguire rapidamente il tampone ai bambini, ai ragazzi e agli operatori della scuola che dovessero presentare una sintomatologia orientativa per Covid (febbre, tosse, difficolt\u00e0 respiratorie, congiuntivite, congestione [&hellip;]<\/p>\n","protected":false},"author":2,"featured_media":117261,"comment_status":"closed","ping_status":"open","sticky":false,"template":"","format":"standard","meta":{"footnotes":""},"categories":[26,17,15],"tags":[],"class_list":["post-117508","post","type-post","status-publish","format-standard","has-post-thumbnail","category-prima-pagina","category-sanita","category-scuola"],"yoast_head":"<!-- This site is optimized with the Yoast SEO plugin v28.4 - https:\/\/yoast.com\/product\/yoast-seo-wordpress\/ -->\n<title>Da luned\u00ec due drive-in ad accesso libero per tamponi a Belluno e Feltre per studenti e personale della scuola - Bellunopress - Dolomiti<\/title>\n<meta name=\"robots\" content=\"index, follow, max-snippet:-1, max-image-preview:large, max-video-preview:-1\" \/>\n<link rel=\"canonical\" href=\"https:\/\/www.bellunopress.it\/fr\/2020\/09\/11\/da-lunedi-due-drive-in-ad-accesso-libero-per-tamponi-a-belluno-e-feltre-per-studenti-e-personale-della-scuola\/\" \/>\n<meta property=\"og:locale\" content=\"fr_FR\" \/>\n<meta property=\"og:type\" content=\"article\" \/>\n<meta property=\"og:title\" content=\"Da luned\u00ec due drive-in ad accesso libero per tamponi a Belluno e Feltre per studenti e personale della scuola - Bellunopress - Dolomiti\" \/>\n<meta property=\"og:description\" content=\"In relazione all\u2019avvio completo delle attivit\u00e0 scolastiche da luned\u00ec prossimo, l\u2019Ulss Dolomiti ha messo a punto, tra le altre iniziative di competenza, un sistema organizzativo di sicurezza per eseguire rapidamente il tampone ai bambini, ai ragazzi e agli operatori della scuola che dovessero presentare una sintomatologia orientativa per Covid (febbre, tosse, difficolt\u00e0 respiratorie, congiuntivite, congestione [&hellip;]\" \/>\n<meta property=\"og:url\" content=\"https:\/\/www.bellunopress.it\/fr\/2020\/09\/11\/da-lunedi-due-drive-in-ad-accesso-libero-per-tamponi-a-belluno-e-feltre-per-studenti-e-personale-della-scuola\/\" \/>\n<meta property=\"og:site_name\" content=\"Bellunopress - Dolomiti\" \/>\n<meta property=\"article:publisher\" content=\"https:\/\/www.facebook.com\/profile.php?id=100008943462799\" \/>\n<meta property=\"article:published_time\" content=\"2020-09-11T16:25:49+00:00\" \/>\n<meta property=\"article:modified_time\" content=\"2020-09-12T11:15:06+00:00\" \/>\n<meta property=\"og:image\" content=\"https:\/\/www.bellunopress.it\/wp-content\/uploads\/2020\/09\/vaccinazione-drive-in_edited.jpg\" \/>\n\t<meta property=\"og:image:width\" content=\"800\" \/>\n\t<meta property=\"og:image:height\" content=\"600\" \/>\n\t<meta property=\"og:image:type\" content=\"image\/jpeg\" \/>\n<meta name=\"author\" content=\"redazione\" \/>\n<meta name=\"twitter:card\" content=\"summary_large_image\" \/>\n<meta name=\"twitter:creator\" content=\"@bellunopress\" \/>\n<meta name=\"twitter:site\" content=\"@bellunopress\" \/>\n<meta name=\"twitter:label1\" content=\"\u00c9crit par\" \/>\n\t<meta name=\"twitter:data1\" content=\"redazione\" \/>\n\t<meta name=\"twitter:label2\" content=\"Dur\u00e9e de lecture estim\u00e9e\" \/>\n\t<meta name=\"twitter:data2\" content=\"2 minutes\" \/>\n<script type=\"application\/ld+json\" class=\"yoast-schema-graph\">{\"@context\":\"https:\\\/\\\/schema.org\",\"@graph\":[{\"@type\":\"Article\",\"@id\":\"https:\\\/\\\/www.bellunopress.it\\\/2020\\\/09\\\/11\\\/da-lunedi-due-drive-in-ad-accesso-libero-per-tamponi-a-belluno-e-feltre-per-studenti-e-personale-della-scuola\\\/#article\",\"isPartOf\":{\"@id\":\"https:\\\/\\\/www.bellunopress.it\\\/2020\\\/09\\\/11\\\/da-lunedi-due-drive-in-ad-accesso-libero-per-tamponi-a-belluno-e-feltre-per-studenti-e-personale-della-scuola\\\/\"},\"author\":{\"name\":\"redazione\",\"@id\":\"https:\\\/\\\/www.bellunopress.it\\\/#\\\/schema\\\/person\\\/79bb06722b37ece1c03d3e94beb30d73\"},\"headline\":\"Da luned\u00ec due drive-in ad accesso libero per tamponi a Belluno e Feltre per studenti e personale della scuola\",\"datePublished\":\"2020-09-11T16:25:49+00:00\",\"dateModified\":\"2020-09-12T11:15:06+00:00\",\"mainEntityOfPage\":{\"@id\":\"https:\\\/\\\/www.bellunopress.it\\\/2020\\\/09\\\/11\\\/da-lunedi-due-drive-in-ad-accesso-libero-per-tamponi-a-belluno-e-feltre-per-studenti-e-personale-della-scuola\\\/\"},\"wordCount\":520,\"publisher\":{\"@id\":\"https:\\\/\\\/www.bellunopress.it\\\/#organization\"},\"image\":{\"@id\":\"https:\\\/\\\/www.bellunopress.it\\\/2020\\\/09\\\/11\\\/da-lunedi-due-drive-in-ad-accesso-libero-per-tamponi-a-belluno-e-feltre-per-studenti-e-personale-della-scuola\\\/#primaryimage\"},\"thumbnailUrl\":\"https:\\\/\\\/www.bellunopress.it\\\/wp-content\\\/uploads\\\/2020\\\/09\\\/vaccinazione-drive-in_edited.jpg\",\"articleSection\":[\"Prima Pagina\",\"Sanit\u00e0 Medicina\",\"Scuola\"],\"inLanguage\":\"fr-FR\"},{\"@type\":\"WebPage\",\"@id\":\"https:\\\/\\\/www.bellunopress.it\\\/2020\\\/09\\\/11\\\/da-lunedi-due-drive-in-ad-accesso-libero-per-tamponi-a-belluno-e-feltre-per-studenti-e-personale-della-scuola\\\/\",\"url\":\"https:\\\/\\\/www.bellunopress.it\\\/2020\\\/09\\\/11\\\/da-lunedi-due-drive-in-ad-accesso-libero-per-tamponi-a-belluno-e-feltre-per-studenti-e-personale-della-scuola\\\/\",\"name\":\"Da luned\u00ec due drive-in ad accesso libero per tamponi a Belluno e Feltre per studenti e personale della scuola - Bellunopress - Dolomiti\",\"isPartOf\":{\"@id\":\"https:\\\/\\\/www.bellunopress.it\\\/#website\"},\"primaryImageOfPage\":{\"@id\":\"https:\\\/\\\/www.bellunopress.it\\\/2020\\\/09\\\/11\\\/da-lunedi-due-drive-in-ad-accesso-libero-per-tamponi-a-belluno-e-feltre-per-studenti-e-personale-della-scuola\\\/#primaryimage\"},\"image\":{\"@id\":\"https:\\\/\\\/www.bellunopress.it\\\/2020\\\/09\\\/11\\\/da-lunedi-due-drive-in-ad-accesso-libero-per-tamponi-a-belluno-e-feltre-per-studenti-e-personale-della-scuola\\\/#primaryimage\"},\"thumbnailUrl\":\"https:\\\/\\\/www.bellunopress.it\\\/wp-content\\\/uploads\\\/2020\\\/09\\\/vaccinazione-drive-in_edited.jpg\",\"datePublished\":\"2020-09-11T16:25:49+00:00\",\"dateModified\":\"2020-09-12T11:15:06+00:00\",\"breadcrumb\":{\"@id\":\"https:\\\/\\\/www.bellunopress.it\\\/2020\\\/09\\\/11\\\/da-lunedi-due-drive-in-ad-accesso-libero-per-tamponi-a-belluno-e-feltre-per-studenti-e-personale-della-scuola\\\/#breadcrumb\"},\"inLanguage\":\"fr-FR\",\"potentialAction\":[{\"@type\":\"ReadAction\",\"target\":[\"https:\\\/\\\/www.bellunopress.it\\\/2020\\\/09\\\/11\\\/da-lunedi-due-drive-in-ad-accesso-libero-per-tamponi-a-belluno-e-feltre-per-studenti-e-personale-della-scuola\\\/\"]}]},{\"@type\":\"ImageObject\",\"inLanguage\":\"fr-FR\",\"@id\":\"https:\\\/\\\/www.bellunopress.it\\\/2020\\\/09\\\/11\\\/da-lunedi-due-drive-in-ad-accesso-libero-per-tamponi-a-belluno-e-feltre-per-studenti-e-personale-della-scuola\\\/#primaryimage\",\"url\":\"https:\\\/\\\/www.bellunopress.it\\\/wp-content\\\/uploads\\\/2020\\\/09\\\/vaccinazione-drive-in_edited.jpg\",\"contentUrl\":\"https:\\\/\\\/www.bellunopress.it\\\/wp-content\\\/uploads\\\/2020\\\/09\\\/vaccinazione-drive-in_edited.jpg\",\"width\":800,\"height\":600,\"caption\":\"tampone\"},{\"@type\":\"BreadcrumbList\",\"@id\":\"https:\\\/\\\/www.bellunopress.it\\\/2020\\\/09\\\/11\\\/da-lunedi-due-drive-in-ad-accesso-libero-per-tamponi-a-belluno-e-feltre-per-studenti-e-personale-della-scuola\\\/#breadcrumb\",\"itemListElement\":[{\"@type\":\"ListItem\",\"position\":1,\"name\":\"Home\",\"item\":\"https:\\\/\\\/www.bellunopress.it\\\/\"},{\"@type\":\"ListItem\",\"position\":2,\"name\":\"Da luned\u00ec due drive-in ad accesso libero per tamponi a Belluno e Feltre per studenti e personale della scuola\"}]},{\"@type\":\"WebSite\",\"@id\":\"https:\\\/\\\/www.bellunopress.it\\\/#website\",\"url\":\"https:\\\/\\\/www.bellunopress.it\\\/\",\"name\":\"Bellunopress - Dolomiti\",\"description\":\"e-mail: redazione@bellunopress.it\",\"publisher\":{\"@id\":\"https:\\\/\\\/www.bellunopress.it\\\/#organization\"},\"potentialAction\":[{\"@type\":\"SearchAction\",\"target\":{\"@type\":\"EntryPoint\",\"urlTemplate\":\"https:\\\/\\\/www.bellunopress.it\\\/?s={search_term_string}\"},\"query-input\":{\"@type\":\"PropertyValueSpecification\",\"valueRequired\":true,\"valueName\":\"search_term_string\"}}],\"inLanguage\":\"fr-FR\"},{\"@type\":\"Organization\",\"@id\":\"https:\\\/\\\/www.bellunopress.it\\\/#organization\",\"name\":\"Bellunopress\",\"url\":\"https:\\\/\\\/www.bellunopress.it\\\/\",\"logo\":{\"@type\":\"ImageObject\",\"inLanguage\":\"fr-FR\",\"@id\":\"https:\\\/\\\/www.bellunopress.it\\\/#\\\/schema\\\/logo\\\/image\\\/\",\"url\":\"https:\\\/\\\/www.bellunopress.it\\\/wp-content\\\/uploads\\\/2011\\\/05\\\/cropped-logo-bellunopress-.jpg\",\"contentUrl\":\"https:\\\/\\\/www.bellunopress.it\\\/wp-content\\\/uploads\\\/2011\\\/05\\\/cropped-logo-bellunopress-.jpg\",\"width\":512,\"height\":512,\"caption\":\"Bellunopress\"},\"image\":{\"@id\":\"https:\\\/\\\/www.bellunopress.it\\\/#\\\/schema\\\/logo\\\/image\\\/\"},\"sameAs\":[\"https:\\\/\\\/www.facebook.com\\\/profile.php?id=100008943462799\",\"https:\\\/\\\/x.com\\\/bellunopress\",\"https:\\\/\\\/www.linkedin.com\\\/hp\\\/?dnr=JBzUWaJfMUw8vbXJJ2tVW5-I3jZKvC4wsoxE&amp;amp;amp;amp;amp;amp;trk=nav_responsive_tab_home\",\"https:\\\/\\\/www.youtube.com\\\/channel\\\/UCxL0wu1uN0_3_7hGG0306cw\"]},{\"@type\":\"Person\",\"@id\":\"https:\\\/\\\/www.bellunopress.it\\\/#\\\/schema\\\/person\\\/79bb06722b37ece1c03d3e94beb30d73\",\"name\":\"redazione\",\"image\":{\"@type\":\"ImageObject\",\"inLanguage\":\"fr-FR\",\"@id\":\"https:\\\/\\\/secure.gravatar.com\\\/avatar\\\/37d968a2e67a6fd04c169c4bdef102d0bc5d31b2546345219e348575eb80e9a0?s=96&d=mm&r=g\",\"url\":\"https:\\\/\\\/secure.gravatar.com\\\/avatar\\\/37d968a2e67a6fd04c169c4bdef102d0bc5d31b2546345219e348575eb80e9a0?s=96&d=mm&r=g\",\"contentUrl\":\"https:\\\/\\\/secure.gravatar.com\\\/avatar\\\/37d968a2e67a6fd04c169c4bdef102d0bc5d31b2546345219e348575eb80e9a0?s=96&d=mm&r=g\",\"caption\":\"redazione\"},\"sameAs\":[\"http:\\\/\\\/www.bellunopress.it\",\"https:\\\/\\\/x.com\\\/bellunopress\"],\"url\":\"https:\\\/\\\/www.bellunopress.it\\\/fr\\\/author\\\/redazione\\\/\"}]}<\/script>\n<!-- \/ Yoast SEO plugin. -->","yoast_head_json":{"title":"Da luned\u00ec due drive-in ad accesso libero per tamponi a Belluno e Feltre per studenti e personale della scuola - Bellunopress - Dolomiti","robots":{"index":"index","follow":"follow","max-snippet":"max-snippet:-1","max-image-preview":"max-image-preview:large","max-video-preview":"max-video-preview:-1"},"canonical":"https:\/\/www.bellunopress.it\/fr\/2020\/09\/11\/da-lunedi-due-drive-in-ad-accesso-libero-per-tamponi-a-belluno-e-feltre-per-studenti-e-personale-della-scuola\/","og_locale":"fr_FR","og_type":"article","og_title":"Da luned\u00ec due drive-in ad accesso libero per tamponi a Belluno e Feltre per studenti e personale della scuola - Bellunopress - Dolomiti","og_description":"In relazione all\u2019avvio completo delle attivit\u00e0 scolastiche da luned\u00ec prossimo, l\u2019Ulss Dolomiti ha messo a punto, tra le altre iniziative di competenza, un sistema organizzativo di sicurezza per eseguire rapidamente il tampone ai bambini, ai ragazzi e agli operatori della scuola che dovessero presentare una sintomatologia orientativa per Covid (febbre, tosse, difficolt\u00e0 respiratorie, congiuntivite, congestione [&hellip;]","og_url":"https:\/\/www.bellunopress.it\/fr\/2020\/09\/11\/da-lunedi-due-drive-in-ad-accesso-libero-per-tamponi-a-belluno-e-feltre-per-studenti-e-personale-della-scuola\/","og_site_name":"Bellunopress - Dolomiti","article_publisher":"https:\/\/www.facebook.com\/profile.php?id=100008943462799","article_published_time":"2020-09-11T16:25:49+00:00","article_modified_time":"2020-09-12T11:15:06+00:00","og_image":[{"width":800,"height":600,"url":"https:\/\/www.bellunopress.it\/wp-content\/uploads\/2020\/09\/vaccinazione-drive-in_edited.jpg","type":"image\/jpeg"}],"author":"redazione","twitter_card":"summary_large_image","twitter_creator":"@bellunopress","twitter_site":"@bellunopress","twitter_misc":{"\u00c9crit par":"redazione","Dur\u00e9e de lecture estim\u00e9e":"2 minutes"},"schema":{"@context":"https:\/\/schema.org","@graph":[{"@type":"Article","@id":"https:\/\/www.bellunopress.it\/2020\/09\/11\/da-lunedi-due-drive-in-ad-accesso-libero-per-tamponi-a-belluno-e-feltre-per-studenti-e-personale-della-scuola\/#article","isPartOf":{"@id":"https:\/\/www.bellunopress.it\/2020\/09\/11\/da-lunedi-due-drive-in-ad-accesso-libero-per-tamponi-a-belluno-e-feltre-per-studenti-e-personale-della-scuola\/"},"author":{"name":"redazione","@id":"https:\/\/www.bellunopress.it\/#\/schema\/person\/79bb06722b37ece1c03d3e94beb30d73"},"headline":"Da luned\u00ec due drive-in ad accesso libero per tamponi a Belluno e Feltre per studenti e personale della scuola","datePublished":"2020-09-11T16:25:49+00:00","dateModified":"2020-09-12T11:15:06+00:00","mainEntityOfPage":{"@id":"https:\/\/www.bellunopress.it\/2020\/09\/11\/da-lunedi-due-drive-in-ad-accesso-libero-per-tamponi-a-belluno-e-feltre-per-studenti-e-personale-della-scuola\/"},"wordCount":520,"publisher":{"@id":"https:\/\/www.bellunopress.it\/#organization"},"image":{"@id":"https:\/\/www.bellunopress.it\/2020\/09\/11\/da-lunedi-due-drive-in-ad-accesso-libero-per-tamponi-a-belluno-e-feltre-per-studenti-e-personale-della-scuola\/#primaryimage"},"thumbnailUrl":"https:\/\/www.bellunopress.it\/wp-content\/uploads\/2020\/09\/vaccinazione-drive-in_edited.jpg","articleSection":["Prima Pagina","Sanit\u00e0 Medicina","Scuola"],"inLanguage":"fr-FR"},{"@type":"WebPage","@id":"https:\/\/www.bellunopress.it\/2020\/09\/11\/da-lunedi-due-drive-in-ad-accesso-libero-per-tamponi-a-belluno-e-feltre-per-studenti-e-personale-della-scuola\/","url":"https:\/\/www.bellunopress.it\/2020\/09\/11\/da-lunedi-due-drive-in-ad-accesso-libero-per-tamponi-a-belluno-e-feltre-per-studenti-e-personale-della-scuola\/","name":"Da luned\u00ec due drive-in ad accesso libero per tamponi a Belluno e Feltre per studenti e personale della scuola - Bellunopress - Dolomiti","isPartOf":{"@id":"https:\/\/www.bellunopress.it\/#website"},"primaryImageOfPage":{"@id":"https:\/\/www.bellunopress.it\/2020\/09\/11\/da-lunedi-due-drive-in-ad-accesso-libero-per-tamponi-a-belluno-e-feltre-per-studenti-e-personale-della-scuola\/#primaryimage"},"image":{"@id":"https:\/\/www.bellunopress.it\/2020\/09\/11\/da-lunedi-due-drive-in-ad-accesso-libero-per-tamponi-a-belluno-e-feltre-per-studenti-e-personale-della-scuola\/#primaryimage"},"thumbnailUrl":"https:\/\/www.bellunopress.it\/wp-content\/uploads\/2020\/09\/vaccinazione-drive-in_edited.jpg","datePublished":"2020-09-11T16:25:49+00:00","dateModified":"2020-09-12T11:15:06+00:00","breadcrumb":{"@id":"https:\/\/www.bellunopress.it\/2020\/09\/11\/da-lunedi-due-drive-in-ad-accesso-libero-per-tamponi-a-belluno-e-feltre-per-studenti-e-personale-della-scuola\/#breadcrumb"},"inLanguage":"fr-FR","potentialAction":[{"@type":"ReadAction","target":["https:\/\/www.bellunopress.it\/2020\/09\/11\/da-lunedi-due-drive-in-ad-accesso-libero-per-tamponi-a-belluno-e-feltre-per-studenti-e-personale-della-scuola\/"]}]},{"@type":"ImageObject","inLanguage":"fr-FR","@id":"https:\/\/www.bellunopress.it\/2020\/09\/11\/da-lunedi-due-drive-in-ad-accesso-libero-per-tamponi-a-belluno-e-feltre-per-studenti-e-personale-della-scuola\/#primaryimage","url":"https:\/\/www.bellunopress.it\/wp-content\/uploads\/2020\/09\/vaccinazione-drive-in_edited.jpg","contentUrl":"https:\/\/www.bellunopress.it\/wp-content\/uploads\/2020\/09\/vaccinazione-drive-in_edited.jpg","width":800,"height":600,"caption":"tampone"},{"@type":"BreadcrumbList","@id":"https:\/\/www.bellunopress.it\/2020\/09\/11\/da-lunedi-due-drive-in-ad-accesso-libero-per-tamponi-a-belluno-e-feltre-per-studenti-e-personale-della-scuola\/#breadcrumb","itemListElement":[{"@type":"ListItem","position":1,"name":"Home","item":"https:\/\/www.bellunopress.it\/"},{"@type":"ListItem","position":2,"name":"Da luned\u00ec due drive-in ad accesso libero per tamponi a Belluno e Feltre per studenti e personale della scuola"}]},{"@type":"WebSite","@id":"https:\/\/www.bellunopress.it\/#website","url":"https:\/\/www.bellunopress.it\/","name":"Bellunopress - Dolomiti","description":"e-mail: redazione@bellunopress.it","publisher":{"@id":"https:\/\/www.bellunopress.it\/#organization"},"potentialAction":[{"@type":"SearchAction","target":{"@type":"EntryPoint","urlTemplate":"https:\/\/www.bellunopress.it\/?s={search_term_string}"},"query-input":{"@type":"PropertyValueSpecification","valueRequired":true,"valueName":"search_term_string"}}],"inLanguage":"fr-FR"},{"@type":"Organization","@id":"https:\/\/www.bellunopress.it\/#organization","name":"Bellunopress","url":"https:\/\/www.bellunopress.it\/","logo":{"@type":"ImageObject","inLanguage":"fr-FR","@id":"https:\/\/www.bellunopress.it\/#\/schema\/logo\/image\/","url":"https:\/\/www.bellunopress.it\/wp-content\/uploads\/2011\/05\/cropped-logo-bellunopress-.jpg","contentUrl":"https:\/\/www.bellunopress.it\/wp-content\/uploads\/2011\/05\/cropped-logo-bellunopress-.jpg","width":512,"height":512,"caption":"Bellunopress"},"image":{"@id":"https:\/\/www.bellunopress.it\/#\/schema\/logo\/image\/"},"sameAs":["https:\/\/www.facebook.com\/profile.php?id=100008943462799","https:\/\/x.com\/bellunopress","https:\/\/www.linkedin.com\/hp\/?dnr=JBzUWaJfMUw8vbXJJ2tVW5-I3jZKvC4wsoxE&amp;amp;amp;amp;amp;amp;trk=nav_responsive_tab_home","https:\/\/www.youtube.com\/channel\/UCxL0wu1uN0_3_7hGG0306cw"]},{"@type":"Person","@id":"https:\/\/www.bellunopress.it\/#\/schema\/person\/79bb06722b37ece1c03d3e94beb30d73","name":"r\u00e9daction","image":{"@type":"ImageObject","inLanguage":"fr-FR","@id":"https:\/\/secure.gravatar.com\/avatar\/37d968a2e67a6fd04c169c4bdef102d0bc5d31b2546345219e348575eb80e9a0?s=96&d=mm&r=g","url":"https:\/\/secure.gravatar.com\/avatar\/37d968a2e67a6fd04c169c4bdef102d0bc5d31b2546345219e348575eb80e9a0?s=96&d=mm&r=g","contentUrl":"https:\/\/secure.gravatar.com\/avatar\/37d968a2e67a6fd04c169c4bdef102d0bc5d31b2546345219e348575eb80e9a0?s=96&d=mm&r=g","caption":"redazione"},"sameAs":["http:\/\/www.bellunopress.it","https:\/\/x.com\/bellunopress"],"url":"https:\/\/www.bellunopress.it\/fr\/author\/redazione\/"}]}},"_links":{"self":[{"href":"https:\/\/www.bellunopress.it\/fr\/wp-json\/wp\/v2\/posts\/117508","targetHints":{"allow":["GET"]}}],"collection":[{"href":"https:\/\/www.bellunopress.it\/fr\/wp-json\/wp\/v2\/posts"}],"about":[{"href":"https:\/\/www.bellunopress.it\/fr\/wp-json\/wp\/v2\/types\/post"}],"author":[{"embeddable":true,"href":"https:\/\/www.bellunopress.it\/fr\/wp-json\/wp\/v2\/users\/2"}],"replies":[{"embeddable":true,"href":"https:\/\/www.bellunopress.it\/fr\/wp-json\/wp\/v2\/comments?post=117508"}],"version-history":[{"count":2,"href":"https:\/\/www.bellunopress.it\/fr\/wp-json\/wp\/v2\/posts\/117508\/revisions"}],"predecessor-version":[{"id":117520,"href":"https:\/\/www.bellunopress.it\/fr\/wp-json\/wp\/v2\/posts\/117508\/revisions\/117520"}],"wp:featuredmedia":[{"embeddable":true,"href":"https:\/\/www.bellunopress.it\/fr\/wp-json\/wp\/v2\/media\/117261"}],"wp:attachment":[{"href":"https:\/\/www.bellunopress.it\/fr\/wp-json\/wp\/v2\/media?parent=117508"}],"wp:term":[{"taxonomy":"category","embeddable":true,"href":"https:\/\/www.bellunopress.it\/fr\/wp-json\/wp\/v2\/categories?post=117508"},{"taxonomy":"post_tag","embeddable":true,"href":"https:\/\/www.bellunopress.it\/fr\/wp-json\/wp\/v2\/tags?post=117508"}],"curies":[{"name":"wp","href":"https:\/\/api.w.org\/{rel}","templated":true}]}}