{"id":117482,"date":"2020-09-11T21:41:03","date_gmt":"2020-09-11T19:41:03","guid":{"rendered":"http:\/\/www.bellunopress.it\/?p=117482"},"modified":"2020-09-18T07:32:29","modified_gmt":"2020-09-18T05:32:29","slug":"intervista-a-pier-luigi-svaluto-ferro-candidato-alle-regionali-per-fratelli-ditalia","status":"publish","type":"post","link":"https:\/\/www.bellunopress.it\/fr\/2020\/09\/11\/intervista-a-pier-luigi-svaluto-ferro-candidato-alle-regionali-per-fratelli-ditalia\/","title":{"rendered":"Intervista a Pier Luigi Svaluto Ferro, candidato alle regionali per Fratelli d&#8217;Italia"},"content":{"rendered":"<p><a href=\"http:\/\/www.bellunopress.it\/fr\/2020\/09\/11\/intervista-a-pier-luigi-svaluto-ferro-candidato-alle-regionali-per-fratelli-ditalia\/pier-luigi-svaluto-ferro_edited\/\" rel=\"attachment wp-att-117517\"><img loading=\"lazy\" decoding=\"async\" class=\"alignleft size-full wp-image-117517\" src=\"http:\/\/www.bellunopress.it\/wp-content\/uploads\/2020\/09\/Pier-Luigi-Svaluto-Ferro_edited.jpg\" alt=\"\" width=\"583\" height=\"800\" srcset=\"https:\/\/www.bellunopress.it\/wp-content\/uploads\/2020\/09\/Pier-Luigi-Svaluto-Ferro_edited.jpg 583w, https:\/\/www.bellunopress.it\/wp-content\/uploads\/2020\/09\/Pier-Luigi-Svaluto-Ferro_edited-364x500.jpg 364w, https:\/\/www.bellunopress.it\/wp-content\/uploads\/2020\/09\/Pier-Luigi-Svaluto-Ferro_edited-306x420.jpg 306w\" sizes=\"auto, (max-width: 583px) 100vw, 583px\" \/><\/a>Pierluigi Svaluto Ferro, nato a Perarolo di Cadore 67 anni fa, laureato in scienze forestali, insegnante, ex ufficiale degli Alpini, sindaco di Perarolo e presidente dell\u2019Unione montana \u201cCentro Cadore\u201d, gi\u00e0 consigliere provinciale con deleghe all\u2019ambiente, al demanio idrico e alla caccia e presidente del Consorzio dei Comuni Bim Piave. Ha ricoperto vari incarichi a livello nazionale in seno all\u2019Uncem e alla Federazione Nazionale dei Consorzi. Appassionato frequentatore delle nostre montagne, una passione trasmessa anche al figlio che si sta preparando per diventare Guida alpina.<\/p>\n<p><em>Dottor Svaluto Ferro, qual \u00e8 il suo messaggio a dieci giorni dal voto ai suoi elettori?<\/em><\/p>\n<p>&#8220;Sono pronto a rappresentare gli abitanti della provincia di Belluno in seno al Consiglio Regionale del Veneto. Per questo vi chiedo di avere fiducia in me. Vi chiedo di votare la mia esperienza amministrativa grazie alla quale mi impegner\u00f2 a far si che i problemi dei bellunesi siano presi in considerazione e risolti dal governo della nostra regione. Sono convinto che la nostra montagna abbia bisogno di un progetto amministrativo che ne tuteli e valorizzi le risorse. Soltanto cos\u00ec sar\u00e0 possibile fermare lo spopolamento, fenomeno patologico generato dalla carenza di nascite ma anche da un depauperamento della qualit\u00e0 della vita e di reddito. \u00c8 indispensabile che la Regione Veneto faccia in modo che la montagna sia protagonista delle proprie linee programmatiche e lo deve fare attivando tutte quelle forme di riconoscimento di autonomia e progettualit\u00e0 che sono gi\u00e0 state riconosciute al nostro territorio.<br \/>\nLo sviluppo di un territorio si pu\u00f2 realizzare solo dove le persone sono messe nelle condizioni di vivere, lavorare, creare relazioni e pensare il proprio futuro&#8221;.<\/p>\n<p><em>Quali sono i temi principali ai quali si dedicher\u00e0 se verr\u00e0 eletto in consiglio regionale?<\/em><\/p>\n<p><strong>La difesa del suolo<\/strong>. E&#8217; un punto di partenza imprescindibile per chi ha intenzione di rappresentare Belluno in Regione. La fragilit\u00e0 del nostro territorio, la radicale modificazione degli equilibri idrogeologici lungo i corsi d\u2019acqua e la mancanza d\u2019interventi di manutenzione soprattutto nelle aree dove le tradizionali attivit\u00e0 agricole e forestali hanno lasciato il posto all\u2019abbandono stanno evidenziando sempre pi\u00f9 un elevata e preoccupante vulnerabilit\u00e0. Per questo motivo \u00e8 indispensabile intraprendere fin da subito una capillare azione preventiva di contrasto al dissesto idrogeologico partendo dal reticolato idrico minore. Solo cos\u00ec si riuscir\u00e0 a mettere in sicurezza i centri abitati e le infrastrutture; la Regione pu\u00f2 assumere un ruolo strategico.<\/p>\n<p><strong>L&#8217;agricoltura di montagna<\/strong>. Deve essere riscoperta e rilanciata perch\u00e9 ha un ruolo specifico di presidio attivo del territorio e di prevenzione attenta del dissesto idrogeologico. Voglio impegnarmi affinch\u00e9 possa diventare una protagonista dell\u2019economia della montagna anche attraverso la creazione di occasioni e di reti imprenditoriali supportate dai doverosi finanziamenti regionali, nazionali e comunitari. Sono convinto che il suo rilancio passi attraverso il recupero delle superfici agricole abbandonate, il contrasto all\u2019avanzare del bosco, un impegno nuovo nella creazione di un paesaggio armonico, ben curato fino a diventare anche attrazione turistica.<\/p>\n<p><strong>Il turismo<\/strong>. Il turismo praticato sulla montagna bellunese ha tutte le caratteristiche per diventare il motore pi\u00f9 potente dello sviluppo locale. \u00c8 un settore strategico che permette di dinamizzare le attivit\u00e0 economiche tradizionali e di valorizzare le specificit\u00e0 naturali e culturali presenti sul territorio. Credo sia importantissimo impegnarsi per una sua espansione anche perch\u00e9 \u00e8 proprio il turismo che offre, oggi, le maggiori occasioni occupazionali per i giovani. Alla Regione il compito di promuovere le potenzialit\u00e0 indirizzandole sempre pi\u00f9 verso quel turismo sostenibile che ruota intorno all\u2019uomo e al suo patrimonio culturale, all\u2019essenzialit\u00e0 di una natura incontaminata fatta di esperienze nuove ed emozioni.<\/p>\n<p><strong>I giovani<\/strong>. Nutro una fiducia infinita nei giovani. Li considero la prima, irrinunciabile, risorsa di ogni progetto di sviluppo. Sono i giovani che danno senso e valore al territorio. Anche perch\u00e9 quale senso attivare idee, progetti e risorse economiche se non ci fossero i giovani? Il mio impegno per loro sar\u00e0 dedicato a facilitare l\u2019accesso burocratico a tutto ci\u00f2 che la Regione Veneto mette a disposizione delle nuove generazioni&#8230;che \u00e8 tanto ma che \u00e8 difficile da raggiungere.<\/p>\n<p><strong>I trasporti<\/strong>. Il nostro sistema di trasporti non soddisfa le esigenze dei bellunesi. Soprattutto di chi abita la parte alta della nostra provincia. C\u2019\u00e8 bisogno di una rete di collegamenti intervallivi capaci di rispondere contemporaneamente alle esigenze della pendolarit\u00e0 e del turismo. \u00c8 una delle condizioni essenziali per far vivere i piccoli centri.<\/p>\n<p><strong>La sanit\u00e0<\/strong>. Gli abitanti della montagna hanno i medesimi diritti degli abitanti della pianura un paradigma valido per tutti i servizi a cominciare dalla sanit\u00e0. Per questo il mio impegno punter\u00e0 ad avere una sanit\u00e0 pubblica che risponda a tutti i bisogni dei bellunesi e che non debba mai abdicare alla sanit\u00e0 privata.<br \/>\nGli ospedali di Belluno e Feltre debbono mantenere e rafforzare le loro centralit\u00e0, migliorando offerte e prestazioni. Allo stesso tempo ritengo che gli ospedali di Pieve, Agordo e Cortina rappresentino un patrimonio prezioso che non pu\u00f2 venir meno ma che deve, anzi, essere valorizzato di pi\u00f9 e meglio. Sono convinto che questi nostri ospedali \u201cperiferici\u201d debbano essere messi nelle condizioni di operare avvalendosi anche delle pi\u00f9 moderne tecnologie di collegamento in rete con Belluno, Feltre e altre strutture specializzate che consentano di portare telematicamente a Pieve, Agordo e Cortina tutti o quasi tutti i servizi sanitari possibili. La telemedicina offre strumenti formidabili che consentono di assistere le realt\u00e0 periferiche mettendo in rete gli ospedali tra loro e con il territorio, riducendo di fatto la variabile spazio-tempo.<\/p>\n<p><strong>Artigianato e commercio<\/strong>. Alle attivit\u00e0 artigianali di qualit\u00e0 deve es- sere restituita l\u2019importanza ingiustamente perduta. \u00c8 un settore che concorre da protagonista all\u2019economia, all\u2019occupazione e alla competitivit\u00e0 turistica dei nostri territori. Sulla stessa lunghezza d\u2019onda deve essere sintonizzato lo sviluppo del commercio a partire dal manteni- mento dei piccoli negozi presenti nei nostri paesi.<br \/>\nOccorre inoltre dotare le valli dei centri multiservizi che possano funzionare da \u201cstore\u201d con ristoranti, distribuzione farmaci e giornali, prenotazione turistica, recapiti per l\u2019ospitalit\u00e0 diffusa, punti internet, ecc. Tutto questo richiede da parte della Regione Veneto quel \u201csostegno allo sviluppo\u201d che non dovr\u00e0 pi\u00f9 essere subordinato alle esigenze delle aree urbane. Per questo motivo, se sar\u00f2 eletto, mi impegner\u00f2 affinch\u00e9 la distribuzione delle risorse sia equa. Solo cos\u00ec si concretizza la democrazia&#8221;.<\/p>","protected":false},"excerpt":{"rendered":"<p>Pierluigi Svaluto Ferro, nato a Perarolo di Cadore 67 anni fa, laureato in scienze forestali, insegnante, ex ufficiale degli Alpini, sindaco di Perarolo e presidente dell\u2019Unione montana \u201cCentro Cadore\u201d, gi\u00e0 consigliere provinciale con deleghe all\u2019ambiente, al demanio idrico e alla caccia e presidente del Consorzio dei Comuni Bim Piave. Ha ricoperto vari incarichi a livello [&hellip;]<\/p>\n","protected":false},"author":2,"featured_media":117517,"comment_status":"closed","ping_status":"open","sticky":false,"template":"","format":"standard","meta":{"footnotes":""},"categories":[5,3446,26],"tags":[],"class_list":["post-117482","post","type-post","status-publish","format-standard","has-post-thumbnail","category-cronaca","category-featured","category-prima-pagina"],"yoast_head":"<!-- This site is optimized with the Yoast SEO plugin v28.4 - https:\/\/yoast.com\/product\/yoast-seo-wordpress\/ -->\n<title>Intervista a Pier Luigi Svaluto Ferro, candidato alle regionali per Fratelli d&#039;Italia - Bellunopress - Dolomiti<\/title>\n<meta name=\"robots\" content=\"index, follow, max-snippet:-1, max-image-preview:large, max-video-preview:-1\" \/>\n<link rel=\"canonical\" href=\"https:\/\/www.bellunopress.it\/fr\/2020\/09\/11\/intervista-a-pier-luigi-svaluto-ferro-candidato-alle-regionali-per-fratelli-ditalia\/\" \/>\n<meta property=\"og:locale\" content=\"fr_FR\" \/>\n<meta property=\"og:type\" content=\"article\" \/>\n<meta property=\"og:title\" content=\"Intervista a Pier Luigi Svaluto Ferro, candidato alle regionali per Fratelli d&#039;Italia - Bellunopress - Dolomiti\" \/>\n<meta property=\"og:description\" content=\"Pierluigi Svaluto Ferro, nato a Perarolo di Cadore 67 anni fa, laureato in scienze forestali, insegnante, ex ufficiale degli Alpini, sindaco di Perarolo e presidente dell\u2019Unione montana \u201cCentro Cadore\u201d, gi\u00e0 consigliere provinciale con deleghe all\u2019ambiente, al demanio idrico e alla caccia e presidente del Consorzio dei Comuni Bim Piave. Ha ricoperto vari incarichi a livello [&hellip;]\" \/>\n<meta property=\"og:url\" content=\"https:\/\/www.bellunopress.it\/fr\/2020\/09\/11\/intervista-a-pier-luigi-svaluto-ferro-candidato-alle-regionali-per-fratelli-ditalia\/\" \/>\n<meta property=\"og:site_name\" content=\"Bellunopress - Dolomiti\" \/>\n<meta property=\"article:publisher\" content=\"https:\/\/www.facebook.com\/profile.php?id=100008943462799\" \/>\n<meta property=\"article:published_time\" content=\"2020-09-11T19:41:03+00:00\" \/>\n<meta property=\"article:modified_time\" content=\"2020-09-18T05:32:29+00:00\" \/>\n<meta property=\"og:image\" content=\"https:\/\/www.bellunopress.it\/wp-content\/uploads\/2020\/09\/Pier-Luigi-Svaluto-Ferro_edited.jpg\" \/>\n\t<meta property=\"og:image:width\" content=\"583\" \/>\n\t<meta property=\"og:image:height\" content=\"800\" \/>\n\t<meta property=\"og:image:type\" content=\"image\/jpeg\" \/>\n<meta name=\"author\" content=\"redazione\" \/>\n<meta name=\"twitter:card\" content=\"summary_large_image\" \/>\n<meta name=\"twitter:creator\" content=\"@bellunopress\" \/>\n<meta name=\"twitter:site\" content=\"@bellunopress\" \/>\n<meta name=\"twitter:label1\" content=\"Written by\" \/>\n\t<meta name=\"twitter:data1\" content=\"redazione\" \/>\n\t<meta name=\"twitter:label2\" content=\"Est. reading time\" \/>\n\t<meta name=\"twitter:data2\" content=\"5 minutes\" \/>\n<script type=\"application\/ld+json\" class=\"yoast-schema-graph\">{\"@context\":\"https:\\\/\\\/schema.org\",\"@graph\":[{\"@type\":\"Article\",\"@id\":\"https:\\\/\\\/www.bellunopress.it\\\/2020\\\/09\\\/11\\\/intervista-a-pier-luigi-svaluto-ferro-candidato-alle-regionali-per-fratelli-ditalia\\\/#article\",\"isPartOf\":{\"@id\":\"https:\\\/\\\/www.bellunopress.it\\\/2020\\\/09\\\/11\\\/intervista-a-pier-luigi-svaluto-ferro-candidato-alle-regionali-per-fratelli-ditalia\\\/\"},\"author\":{\"name\":\"redazione\",\"@id\":\"https:\\\/\\\/www.bellunopress.it\\\/#\\\/schema\\\/person\\\/79bb06722b37ece1c03d3e94beb30d73\"},\"headline\":\"Intervista a Pier Luigi Svaluto Ferro, candidato alle regionali per Fratelli d&#8217;Italia\",\"datePublished\":\"2020-09-11T19:41:03+00:00\",\"dateModified\":\"2020-09-18T05:32:29+00:00\",\"mainEntityOfPage\":{\"@id\":\"https:\\\/\\\/www.bellunopress.it\\\/2020\\\/09\\\/11\\\/intervista-a-pier-luigi-svaluto-ferro-candidato-alle-regionali-per-fratelli-ditalia\\\/\"},\"wordCount\":1040,\"publisher\":{\"@id\":\"https:\\\/\\\/www.bellunopress.it\\\/#organization\"},\"image\":{\"@id\":\"https:\\\/\\\/www.bellunopress.it\\\/2020\\\/09\\\/11\\\/intervista-a-pier-luigi-svaluto-ferro-candidato-alle-regionali-per-fratelli-ditalia\\\/#primaryimage\"},\"thumbnailUrl\":\"https:\\\/\\\/www.bellunopress.it\\\/wp-content\\\/uploads\\\/2020\\\/09\\\/Pier-Luigi-Svaluto-Ferro_edited.jpg\",\"articleSection\":[\"Cronaca\\\/Politica\",\"Featured\",\"Prima Pagina\"],\"inLanguage\":\"fr-FR\"},{\"@type\":\"WebPage\",\"@id\":\"https:\\\/\\\/www.bellunopress.it\\\/2020\\\/09\\\/11\\\/intervista-a-pier-luigi-svaluto-ferro-candidato-alle-regionali-per-fratelli-ditalia\\\/\",\"url\":\"https:\\\/\\\/www.bellunopress.it\\\/2020\\\/09\\\/11\\\/intervista-a-pier-luigi-svaluto-ferro-candidato-alle-regionali-per-fratelli-ditalia\\\/\",\"name\":\"Intervista a Pier Luigi Svaluto Ferro, candidato alle regionali per Fratelli d'Italia - Bellunopress - Dolomiti\",\"isPartOf\":{\"@id\":\"https:\\\/\\\/www.bellunopress.it\\\/#website\"},\"primaryImageOfPage\":{\"@id\":\"https:\\\/\\\/www.bellunopress.it\\\/2020\\\/09\\\/11\\\/intervista-a-pier-luigi-svaluto-ferro-candidato-alle-regionali-per-fratelli-ditalia\\\/#primaryimage\"},\"image\":{\"@id\":\"https:\\\/\\\/www.bellunopress.it\\\/2020\\\/09\\\/11\\\/intervista-a-pier-luigi-svaluto-ferro-candidato-alle-regionali-per-fratelli-ditalia\\\/#primaryimage\"},\"thumbnailUrl\":\"https:\\\/\\\/www.bellunopress.it\\\/wp-content\\\/uploads\\\/2020\\\/09\\\/Pier-Luigi-Svaluto-Ferro_edited.jpg\",\"datePublished\":\"2020-09-11T19:41:03+00:00\",\"dateModified\":\"2020-09-18T05:32:29+00:00\",\"breadcrumb\":{\"@id\":\"https:\\\/\\\/www.bellunopress.it\\\/2020\\\/09\\\/11\\\/intervista-a-pier-luigi-svaluto-ferro-candidato-alle-regionali-per-fratelli-ditalia\\\/#breadcrumb\"},\"inLanguage\":\"fr-FR\",\"potentialAction\":[{\"@type\":\"ReadAction\",\"target\":[\"https:\\\/\\\/www.bellunopress.it\\\/2020\\\/09\\\/11\\\/intervista-a-pier-luigi-svaluto-ferro-candidato-alle-regionali-per-fratelli-ditalia\\\/\"]}]},{\"@type\":\"ImageObject\",\"inLanguage\":\"fr-FR\",\"@id\":\"https:\\\/\\\/www.bellunopress.it\\\/2020\\\/09\\\/11\\\/intervista-a-pier-luigi-svaluto-ferro-candidato-alle-regionali-per-fratelli-ditalia\\\/#primaryimage\",\"url\":\"https:\\\/\\\/www.bellunopress.it\\\/wp-content\\\/uploads\\\/2020\\\/09\\\/Pier-Luigi-Svaluto-Ferro_edited.jpg\",\"contentUrl\":\"https:\\\/\\\/www.bellunopress.it\\\/wp-content\\\/uploads\\\/2020\\\/09\\\/Pier-Luigi-Svaluto-Ferro_edited.jpg\",\"width\":583,\"height\":800,\"caption\":\"Pier Luigi Svaluto Ferro\"},{\"@type\":\"BreadcrumbList\",\"@id\":\"https:\\\/\\\/www.bellunopress.it\\\/2020\\\/09\\\/11\\\/intervista-a-pier-luigi-svaluto-ferro-candidato-alle-regionali-per-fratelli-ditalia\\\/#breadcrumb\",\"itemListElement\":[{\"@type\":\"ListItem\",\"position\":1,\"name\":\"Home\",\"item\":\"https:\\\/\\\/www.bellunopress.it\\\/\"},{\"@type\":\"ListItem\",\"position\":2,\"name\":\"Intervista a Pier Luigi Svaluto Ferro, candidato alle regionali per Fratelli d&#8217;Italia\"}]},{\"@type\":\"WebSite\",\"@id\":\"https:\\\/\\\/www.bellunopress.it\\\/#website\",\"url\":\"https:\\\/\\\/www.bellunopress.it\\\/\",\"name\":\"Bellunopress - Dolomiti\",\"description\":\"e-mail: redazione@bellunopress.it\",\"publisher\":{\"@id\":\"https:\\\/\\\/www.bellunopress.it\\\/#organization\"},\"potentialAction\":[{\"@type\":\"SearchAction\",\"target\":{\"@type\":\"EntryPoint\",\"urlTemplate\":\"https:\\\/\\\/www.bellunopress.it\\\/?s={search_term_string}\"},\"query-input\":{\"@type\":\"PropertyValueSpecification\",\"valueRequired\":true,\"valueName\":\"search_term_string\"}}],\"inLanguage\":\"fr-FR\"},{\"@type\":\"Organization\",\"@id\":\"https:\\\/\\\/www.bellunopress.it\\\/#organization\",\"name\":\"Bellunopress\",\"url\":\"https:\\\/\\\/www.bellunopress.it\\\/\",\"logo\":{\"@type\":\"ImageObject\",\"inLanguage\":\"fr-FR\",\"@id\":\"https:\\\/\\\/www.bellunopress.it\\\/#\\\/schema\\\/logo\\\/image\\\/\",\"url\":\"https:\\\/\\\/www.bellunopress.it\\\/wp-content\\\/uploads\\\/2011\\\/05\\\/cropped-logo-bellunopress-.jpg\",\"contentUrl\":\"https:\\\/\\\/www.bellunopress.it\\\/wp-content\\\/uploads\\\/2011\\\/05\\\/cropped-logo-bellunopress-.jpg\",\"width\":512,\"height\":512,\"caption\":\"Bellunopress\"},\"image\":{\"@id\":\"https:\\\/\\\/www.bellunopress.it\\\/#\\\/schema\\\/logo\\\/image\\\/\"},\"sameAs\":[\"https:\\\/\\\/www.facebook.com\\\/profile.php?id=100008943462799\",\"https:\\\/\\\/x.com\\\/bellunopress\",\"https:\\\/\\\/www.linkedin.com\\\/hp\\\/?dnr=JBzUWaJfMUw8vbXJJ2tVW5-I3jZKvC4wsoxE&amp;amp;amp;amp;amp;amp;trk=nav_responsive_tab_home\",\"https:\\\/\\\/www.youtube.com\\\/channel\\\/UCxL0wu1uN0_3_7hGG0306cw\"]},{\"@type\":\"Person\",\"@id\":\"https:\\\/\\\/www.bellunopress.it\\\/#\\\/schema\\\/person\\\/79bb06722b37ece1c03d3e94beb30d73\",\"name\":\"redazione\",\"image\":{\"@type\":\"ImageObject\",\"inLanguage\":\"fr-FR\",\"@id\":\"https:\\\/\\\/secure.gravatar.com\\\/avatar\\\/37d968a2e67a6fd04c169c4bdef102d0bc5d31b2546345219e348575eb80e9a0?s=96&d=mm&r=g\",\"url\":\"https:\\\/\\\/secure.gravatar.com\\\/avatar\\\/37d968a2e67a6fd04c169c4bdef102d0bc5d31b2546345219e348575eb80e9a0?s=96&d=mm&r=g\",\"contentUrl\":\"https:\\\/\\\/secure.gravatar.com\\\/avatar\\\/37d968a2e67a6fd04c169c4bdef102d0bc5d31b2546345219e348575eb80e9a0?s=96&d=mm&r=g\",\"caption\":\"redazione\"},\"sameAs\":[\"http:\\\/\\\/www.bellunopress.it\",\"https:\\\/\\\/x.com\\\/bellunopress\"],\"url\":\"https:\\\/\\\/www.bellunopress.it\\\/fr\\\/author\\\/redazione\\\/\"}]}<\/script>\n<!-- \/ Yoast SEO plugin. -->","yoast_head_json":{"title":"Intervista a Pier Luigi Svaluto Ferro, candidato alle regionali per Fratelli d'Italia - Bellunopress - Dolomiti","robots":{"index":"index","follow":"follow","max-snippet":"max-snippet:-1","max-image-preview":"max-image-preview:large","max-video-preview":"max-video-preview:-1"},"canonical":"https:\/\/www.bellunopress.it\/fr\/2020\/09\/11\/intervista-a-pier-luigi-svaluto-ferro-candidato-alle-regionali-per-fratelli-ditalia\/","og_locale":"fr_FR","og_type":"article","og_title":"Intervista a Pier Luigi Svaluto Ferro, candidato alle regionali per Fratelli d'Italia - Bellunopress - Dolomiti","og_description":"Pierluigi Svaluto Ferro, nato a Perarolo di Cadore 67 anni fa, laureato in scienze forestali, insegnante, ex ufficiale degli Alpini, sindaco di Perarolo e presidente dell\u2019Unione montana \u201cCentro Cadore\u201d, gi\u00e0 consigliere provinciale con deleghe all\u2019ambiente, al demanio idrico e alla caccia e presidente del Consorzio dei Comuni Bim Piave. Ha ricoperto vari incarichi a livello [&hellip;]","og_url":"https:\/\/www.bellunopress.it\/fr\/2020\/09\/11\/intervista-a-pier-luigi-svaluto-ferro-candidato-alle-regionali-per-fratelli-ditalia\/","og_site_name":"Bellunopress - Dolomiti","article_publisher":"https:\/\/www.facebook.com\/profile.php?id=100008943462799","article_published_time":"2020-09-11T19:41:03+00:00","article_modified_time":"2020-09-18T05:32:29+00:00","og_image":[{"width":583,"height":800,"url":"https:\/\/www.bellunopress.it\/wp-content\/uploads\/2020\/09\/Pier-Luigi-Svaluto-Ferro_edited.jpg","type":"image\/jpeg"}],"author":"redazione","twitter_card":"summary_large_image","twitter_creator":"@bellunopress","twitter_site":"@bellunopress","twitter_misc":{"Written by":"redazione","Est. reading time":"5 minutes"},"schema":{"@context":"https:\/\/schema.org","@graph":[{"@type":"Article","@id":"https:\/\/www.bellunopress.it\/2020\/09\/11\/intervista-a-pier-luigi-svaluto-ferro-candidato-alle-regionali-per-fratelli-ditalia\/#article","isPartOf":{"@id":"https:\/\/www.bellunopress.it\/2020\/09\/11\/intervista-a-pier-luigi-svaluto-ferro-candidato-alle-regionali-per-fratelli-ditalia\/"},"author":{"name":"redazione","@id":"https:\/\/www.bellunopress.it\/#\/schema\/person\/79bb06722b37ece1c03d3e94beb30d73"},"headline":"Intervista a Pier Luigi Svaluto Ferro, candidato alle regionali per Fratelli d&#8217;Italia","datePublished":"2020-09-11T19:41:03+00:00","dateModified":"2020-09-18T05:32:29+00:00","mainEntityOfPage":{"@id":"https:\/\/www.bellunopress.it\/2020\/09\/11\/intervista-a-pier-luigi-svaluto-ferro-candidato-alle-regionali-per-fratelli-ditalia\/"},"wordCount":1040,"publisher":{"@id":"https:\/\/www.bellunopress.it\/#organization"},"image":{"@id":"https:\/\/www.bellunopress.it\/2020\/09\/11\/intervista-a-pier-luigi-svaluto-ferro-candidato-alle-regionali-per-fratelli-ditalia\/#primaryimage"},"thumbnailUrl":"https:\/\/www.bellunopress.it\/wp-content\/uploads\/2020\/09\/Pier-Luigi-Svaluto-Ferro_edited.jpg","articleSection":["Cronaca\/Politica","Featured","Prima Pagina"],"inLanguage":"fr-FR"},{"@type":"WebPage","@id":"https:\/\/www.bellunopress.it\/2020\/09\/11\/intervista-a-pier-luigi-svaluto-ferro-candidato-alle-regionali-per-fratelli-ditalia\/","url":"https:\/\/www.bellunopress.it\/2020\/09\/11\/intervista-a-pier-luigi-svaluto-ferro-candidato-alle-regionali-per-fratelli-ditalia\/","name":"Intervista a Pier Luigi Svaluto Ferro, candidato alle regionali per Fratelli d'Italia - Bellunopress - Dolomiti","isPartOf":{"@id":"https:\/\/www.bellunopress.it\/#website"},"primaryImageOfPage":{"@id":"https:\/\/www.bellunopress.it\/2020\/09\/11\/intervista-a-pier-luigi-svaluto-ferro-candidato-alle-regionali-per-fratelli-ditalia\/#primaryimage"},"image":{"@id":"https:\/\/www.bellunopress.it\/2020\/09\/11\/intervista-a-pier-luigi-svaluto-ferro-candidato-alle-regionali-per-fratelli-ditalia\/#primaryimage"},"thumbnailUrl":"https:\/\/www.bellunopress.it\/wp-content\/uploads\/2020\/09\/Pier-Luigi-Svaluto-Ferro_edited.jpg","datePublished":"2020-09-11T19:41:03+00:00","dateModified":"2020-09-18T05:32:29+00:00","breadcrumb":{"@id":"https:\/\/www.bellunopress.it\/2020\/09\/11\/intervista-a-pier-luigi-svaluto-ferro-candidato-alle-regionali-per-fratelli-ditalia\/#breadcrumb"},"inLanguage":"fr-FR","potentialAction":[{"@type":"ReadAction","target":["https:\/\/www.bellunopress.it\/2020\/09\/11\/intervista-a-pier-luigi-svaluto-ferro-candidato-alle-regionali-per-fratelli-ditalia\/"]}]},{"@type":"ImageObject","inLanguage":"fr-FR","@id":"https:\/\/www.bellunopress.it\/2020\/09\/11\/intervista-a-pier-luigi-svaluto-ferro-candidato-alle-regionali-per-fratelli-ditalia\/#primaryimage","url":"https:\/\/www.bellunopress.it\/wp-content\/uploads\/2020\/09\/Pier-Luigi-Svaluto-Ferro_edited.jpg","contentUrl":"https:\/\/www.bellunopress.it\/wp-content\/uploads\/2020\/09\/Pier-Luigi-Svaluto-Ferro_edited.jpg","width":583,"height":800,"caption":"Pier Luigi Svaluto Ferro"},{"@type":"BreadcrumbList","@id":"https:\/\/www.bellunopress.it\/2020\/09\/11\/intervista-a-pier-luigi-svaluto-ferro-candidato-alle-regionali-per-fratelli-ditalia\/#breadcrumb","itemListElement":[{"@type":"ListItem","position":1,"name":"Home","item":"https:\/\/www.bellunopress.it\/"},{"@type":"ListItem","position":2,"name":"Intervista a Pier Luigi Svaluto Ferro, candidato alle regionali per Fratelli d&#8217;Italia"}]},{"@type":"WebSite","@id":"https:\/\/www.bellunopress.it\/#website","url":"https:\/\/www.bellunopress.it\/","name":"Bellunopress - Dolomiti","description":"e-mail: redazione@bellunopress.it","publisher":{"@id":"https:\/\/www.bellunopress.it\/#organization"},"potentialAction":[{"@type":"SearchAction","target":{"@type":"EntryPoint","urlTemplate":"https:\/\/www.bellunopress.it\/?s={search_term_string}"},"query-input":{"@type":"PropertyValueSpecification","valueRequired":true,"valueName":"search_term_string"}}],"inLanguage":"fr-FR"},{"@type":"Organization","@id":"https:\/\/www.bellunopress.it\/#organization","name":"Bellunopress","url":"https:\/\/www.bellunopress.it\/","logo":{"@type":"ImageObject","inLanguage":"fr-FR","@id":"https:\/\/www.bellunopress.it\/#\/schema\/logo\/image\/","url":"https:\/\/www.bellunopress.it\/wp-content\/uploads\/2011\/05\/cropped-logo-bellunopress-.jpg","contentUrl":"https:\/\/www.bellunopress.it\/wp-content\/uploads\/2011\/05\/cropped-logo-bellunopress-.jpg","width":512,"height":512,"caption":"Bellunopress"},"image":{"@id":"https:\/\/www.bellunopress.it\/#\/schema\/logo\/image\/"},"sameAs":["https:\/\/www.facebook.com\/profile.php?id=100008943462799","https:\/\/x.com\/bellunopress","https:\/\/www.linkedin.com\/hp\/?dnr=JBzUWaJfMUw8vbXJJ2tVW5-I3jZKvC4wsoxE&amp;amp;amp;amp;amp;amp;trk=nav_responsive_tab_home","https:\/\/www.youtube.com\/channel\/UCxL0wu1uN0_3_7hGG0306cw"]},{"@type":"Person","@id":"https:\/\/www.bellunopress.it\/#\/schema\/person\/79bb06722b37ece1c03d3e94beb30d73","name":"r\u00e9daction","image":{"@type":"ImageObject","inLanguage":"fr-FR","@id":"https:\/\/secure.gravatar.com\/avatar\/37d968a2e67a6fd04c169c4bdef102d0bc5d31b2546345219e348575eb80e9a0?s=96&d=mm&r=g","url":"https:\/\/secure.gravatar.com\/avatar\/37d968a2e67a6fd04c169c4bdef102d0bc5d31b2546345219e348575eb80e9a0?s=96&d=mm&r=g","contentUrl":"https:\/\/secure.gravatar.com\/avatar\/37d968a2e67a6fd04c169c4bdef102d0bc5d31b2546345219e348575eb80e9a0?s=96&d=mm&r=g","caption":"redazione"},"sameAs":["http:\/\/www.bellunopress.it","https:\/\/x.com\/bellunopress"],"url":"https:\/\/www.bellunopress.it\/fr\/author\/redazione\/"}]}},"_links":{"self":[{"href":"https:\/\/www.bellunopress.it\/fr\/wp-json\/wp\/v2\/posts\/117482","targetHints":{"allow":["GET"]}}],"collection":[{"href":"https:\/\/www.bellunopress.it\/fr\/wp-json\/wp\/v2\/posts"}],"about":[{"href":"https:\/\/www.bellunopress.it\/fr\/wp-json\/wp\/v2\/types\/post"}],"author":[{"embeddable":true,"href":"https:\/\/www.bellunopress.it\/fr\/wp-json\/wp\/v2\/users\/2"}],"replies":[{"embeddable":true,"href":"https:\/\/www.bellunopress.it\/fr\/wp-json\/wp\/v2\/comments?post=117482"}],"version-history":[{"count":3,"href":"https:\/\/www.bellunopress.it\/fr\/wp-json\/wp\/v2\/posts\/117482\/revisions"}],"predecessor-version":[{"id":117519,"href":"https:\/\/www.bellunopress.it\/fr\/wp-json\/wp\/v2\/posts\/117482\/revisions\/117519"}],"wp:featuredmedia":[{"embeddable":true,"href":"https:\/\/www.bellunopress.it\/fr\/wp-json\/wp\/v2\/media\/117517"}],"wp:attachment":[{"href":"https:\/\/www.bellunopress.it\/fr\/wp-json\/wp\/v2\/media?parent=117482"}],"wp:term":[{"taxonomy":"category","embeddable":true,"href":"https:\/\/www.bellunopress.it\/fr\/wp-json\/wp\/v2\/categories?post=117482"},{"taxonomy":"post_tag","embeddable":true,"href":"https:\/\/www.bellunopress.it\/fr\/wp-json\/wp\/v2\/tags?post=117482"}],"curies":[{"name":"wp","href":"https:\/\/api.w.org\/{rel}","templated":true}]}}