{"id":117445,"date":"2020-09-09T22:14:17","date_gmt":"2020-09-09T20:14:17","guid":{"rendered":"http:\/\/www.bellunopress.it\/?p=117445"},"modified":"2020-09-09T22:14:19","modified_gmt":"2020-09-09T20:14:19","slug":"covid-19-vs-democrazia-aspetti-giuridici-ed-economici-dellemergenza-sanitaria-presentato-il-volume-in-sala-stampa-della-camera-dei-deputati-a-roma","status":"publish","type":"post","link":"https:\/\/www.bellunopress.it\/fr\/2020\/09\/09\/covid-19-vs-democrazia-aspetti-giuridici-ed-economici-dellemergenza-sanitaria-presentato-il-volume-in-sala-stampa-della-camera-dei-deputati-a-roma\/","title":{"rendered":"Covid-19 Vs. Democrazia &#8211; Aspetti giuridici ed economici dell&#8217;emergenza sanitaria. Presentato il volume in Sala stampa della Camera dei deputati a Roma"},"content":{"rendered":"<p><a href=\"http:\/\/www.bellunopress.it\/fr\/2020\/09\/09\/covid-19-vs-democrazia-aspetti-giuridici-ed-economici-dellemergenza-sanitaria-presentato-il-volume-in-sala-stampa-della-camera-dei-deputati-a-roma\/on-sara-cunial-prof-trabucco_edited\/\" rel=\"attachment wp-att-117446\"><img loading=\"lazy\" decoding=\"async\" class=\"alignleft size-full wp-image-117446\" src=\"http:\/\/www.bellunopress.it\/wp-content\/uploads\/2020\/09\/on-Sara-Cunial-prof-Trabucco_edited.jpg\" alt=\"\" width=\"800\" height=\"466\" srcset=\"https:\/\/www.bellunopress.it\/wp-content\/uploads\/2020\/09\/on-Sara-Cunial-prof-Trabucco_edited.jpg 800w, https:\/\/www.bellunopress.it\/wp-content\/uploads\/2020\/09\/on-Sara-Cunial-prof-Trabucco_edited-500x291.jpg 500w, https:\/\/www.bellunopress.it\/wp-content\/uploads\/2020\/09\/on-Sara-Cunial-prof-Trabucco_edited-696x405.jpg 696w, https:\/\/www.bellunopress.it\/wp-content\/uploads\/2020\/09\/on-Sara-Cunial-prof-Trabucco_edited-721x420.jpg 721w\" sizes=\"auto, (max-width: 800px) 100vw, 800px\" \/><\/a>E&#8217; stato presentato ieri a Roma, nella Sala stampa della Camera dei deputati, il volume dal titolo Covid-19 vs. Democrazia &#8211; Aspetti giuridici ed economici nella prima fase dell&#8217;emergenza sanitaria,\u00a0edito dalla casa editrice ESI e curato dal professor Daniele Trabucco (Libera Accademia degli Studi di Bellinzona &#8211; Svizzera) &#8211; Centro Studi Superiore INDEF (Istituto di Neuroscienze Dinamiche \u00abErich Fromm\u00bb). Dottore di Ricerca in Istituzioni di Diritto Pubblico. Socio ARDEF) e dall&#8217;avvocato prof. Michele Borgato (Scuola Superiore per Mediatori Linguistici\/Istituto ad Ordinamento Universitario \u00abUnicollege\u00bb sede di Mantova. Avvocato del Foro di Padova).<\/p>\n<p>I saggi a cura dei diversi autori, tra cui alcuni del territorio bellunese, affrontano le problematiche poste dalla gestione dell&#8217;emergenza sanitaria nel nostro sistema giuridico. L&#8217;avvocato Luca Dalle Mule, del Foro di Belluno e consigliere dell&#8217;Ordine degli avvocati, ha trattato il tema delle criticit\u00e0 sorte per quanto concerne l&#8217;amministrazione della giustizia durante l&#8217;emergenza sanitaria. L&#8217;avvocato Mazzucco, presidente dell&#8217;Ordine degli avvocati di Belluno ha analizzato gli aspetti penalistici e sanzionatori introdotti dalla normativa coronavirus. Il saggio dell&#8217;avvocato Megali,\u00a0 presidente dell&#8217;Ordine dei consulenti del lavoro di Belluno, ha affrontato la tematica delle misure a sostegno del lavoro durante l&#8217;epidemia da Covid-19. E infine il contributo del dottor Michele Talo, direttore del Centro Consorzi di Belluno, che ha trattato la normativa inerente al mondo delle imprese.<br \/>\nNel corso della presentazione sono state evidenziate le criticit\u00e0 che hanno caratterizzato la gestione dell&#8217;emergenza sanitaria sia per quanto concerne le problematiche attinenti alla scelta degli strumenti legislativi e normativi sia per il coordinamento tra Stato e Regioni. E le ripercussioni che l&#8217;emergenza sanitaria da Covid-19 ha prodotto a un livello sovranazionale, si pensi al possibile ricorso al MES, e, per quanto riguarda l&#8217;aspetto nazionale, gli effetti prodotti sull&#8217;amministrazione e gestione della giustizia, sul diritto del lavoro nonch\u00e9 sull&#8217;economia nazionale.<\/p>\n<p>L&#8217; incontro, \u00e8 stato introdotto dall&#8217;onorevole Sara Cunial con la lectio magistralis del professor Vincenzo Baldini, (University degli Studi di Cassino e del Lazio Meridionale. Direttore della rivista scientifica Dirittifondamentakit e componente del Consiglio direttivo di ARDEF), autore della prefazione. Ha coordinato l&#8217;incontro la Prof.ssa Francesca Ferrazza (Coordinatrice didattica del settore Alta Formazione ed University del Centro Consorzi di Belluno).<\/p>\n<p>Alla conferenza hanno presenziato:<br \/>\n\u2022 Avv.\/Prof. Augusto Sinagra (University La Sapienza, Ordinario di Diritto dell&#8217;Unione<br \/>\nEuropea).<br \/>\n\u2022 Dott.ssa Camilla Della Giustina (University degli Studi di Padova, Scuola di Giurisprudenza,<br \/>\ncultrice della materia per l&#8217;insegnamento ius-08 Diritto costituzionale).<br \/>\n\u2022 Avv. Luca Dalle Mule (Consigliere dell&#8217;Ordine degli Avvocati del Foro di Belluno)<\/p>\n<p>\u2022 Avv. Innocenzo Megali (Presidente dell&#8217;Ordine dei Consulenti del Lavoro della Provincia di<br \/>\nBelluno. Avvocato del Foro di Venezia)<br \/>\n\u2022 Dott. Michele Cardin (Libera Accademia degli Studi di Bellinzona (Svizzera) &#8211; Centro Studi<br \/>\nSuperiore 1NDEF (Istituto di Neuroscienze Dinamiche \u00abErich Fromm\u00bb)<br \/>\n\u2022 Dott. Francesco De Bortoli (Revisore legale ed esperto in Diritto Tributario)<br \/>\n\u2022 Avv. Fabio Aderno (Avvocato rotale e civile. Dottore di Ricerca in Diritto Canonico)<br \/>\n\u2022 Avv.\/Prof.ssa Arianna Vettorel (University Ca Foscari Ricercatrice, Docente di Diritto<br \/>\nInternazionale, avvocato).<\/p>\n<p>&nbsp;<\/p>\n<p>&nbsp;<\/p>","protected":false},"excerpt":{"rendered":"<p>E&#8217; stato presentato ieri a Roma, nella Sala stampa della Camera dei deputati, il volume dal titolo Covid-19 vs. Democrazia &#8211; Aspetti giuridici ed economici nella prima fase dell&#8217;emergenza sanitaria,\u00a0edito dalla casa editrice ESI e curato dal professor Daniele Trabucco (Libera Accademia degli Studi di Bellinzona &#8211; Svizzera) &#8211; Centro Studi Superiore INDEF (Istituto di [&hellip;]<\/p>\n","protected":false},"author":2,"featured_media":117446,"comment_status":"closed","ping_status":"open","sticky":false,"template":"","format":"standard","meta":{"footnotes":""},"categories":[5,26],"tags":[],"class_list":["post-117445","post","type-post","status-publish","format-standard","has-post-thumbnail","category-cronaca","category-prima-pagina"],"yoast_head":"<!-- This site is optimized with the Yoast SEO plugin v28.4 - https:\/\/yoast.com\/product\/yoast-seo-wordpress\/ -->\n<title>Covid-19 Vs. Democrazia - Aspetti giuridici ed economici dell&#039;emergenza sanitaria. Presentato il volume in Sala stampa della Camera dei deputati a Roma - Bellunopress - Dolomiti<\/title>\n<meta name=\"robots\" content=\"index, follow, max-snippet:-1, max-image-preview:large, max-video-preview:-1\" \/>\n<link rel=\"canonical\" href=\"https:\/\/www.bellunopress.it\/fr\/2020\/09\/09\/covid-19-vs-democrazia-aspetti-giuridici-ed-economici-dellemergenza-sanitaria-presentato-il-volume-in-sala-stampa-della-camera-dei-deputati-a-roma\/\" \/>\n<meta property=\"og:locale\" content=\"fr_FR\" \/>\n<meta property=\"og:type\" content=\"article\" \/>\n<meta property=\"og:title\" content=\"Covid-19 Vs. Democrazia - Aspetti giuridici ed economici dell&#039;emergenza sanitaria. Presentato il volume in Sala stampa della Camera dei deputati a Roma - Bellunopress - Dolomiti\" \/>\n<meta property=\"og:description\" content=\"E&#8217; stato presentato ieri a Roma, nella Sala stampa della Camera dei deputati, il volume dal titolo Covid-19 vs. Democrazia &#8211; Aspetti giuridici ed economici nella prima fase dell&#8217;emergenza sanitaria,\u00a0edito dalla casa editrice ESI e curato dal professor Daniele Trabucco (Libera Accademia degli Studi di Bellinzona &#8211; Svizzera) &#8211; Centro Studi Superiore INDEF (Istituto di [&hellip;]\" \/>\n<meta property=\"og:url\" content=\"https:\/\/www.bellunopress.it\/fr\/2020\/09\/09\/covid-19-vs-democrazia-aspetti-giuridici-ed-economici-dellemergenza-sanitaria-presentato-il-volume-in-sala-stampa-della-camera-dei-deputati-a-roma\/\" \/>\n<meta property=\"og:site_name\" content=\"Bellunopress - Dolomiti\" \/>\n<meta property=\"article:publisher\" content=\"https:\/\/www.facebook.com\/profile.php?id=100008943462799\" \/>\n<meta property=\"article:published_time\" content=\"2020-09-09T20:14:17+00:00\" \/>\n<meta property=\"article:modified_time\" content=\"2020-09-09T20:14:19+00:00\" \/>\n<meta property=\"og:image\" content=\"https:\/\/www.bellunopress.it\/wp-content\/uploads\/2020\/09\/on-Sara-Cunial-prof-Trabucco_edited.jpg\" \/>\n\t<meta property=\"og:image:width\" content=\"800\" \/>\n\t<meta property=\"og:image:height\" content=\"466\" \/>\n\t<meta property=\"og:image:type\" content=\"image\/jpeg\" \/>\n<meta name=\"author\" content=\"redazione\" \/>\n<meta name=\"twitter:card\" content=\"summary_large_image\" \/>\n<meta name=\"twitter:creator\" content=\"@bellunopress\" \/>\n<meta name=\"twitter:site\" content=\"@bellunopress\" \/>\n<meta name=\"twitter:label1\" content=\"\u00c9crit par\" \/>\n\t<meta name=\"twitter:data1\" content=\"redazione\" \/>\n\t<meta name=\"twitter:label2\" content=\"Dur\u00e9e de lecture estim\u00e9e\" \/>\n\t<meta name=\"twitter:data2\" content=\"2 minutes\" \/>\n<script type=\"application\/ld+json\" class=\"yoast-schema-graph\">{\"@context\":\"https:\\\/\\\/schema.org\",\"@graph\":[{\"@type\":\"Article\",\"@id\":\"https:\\\/\\\/www.bellunopress.it\\\/2020\\\/09\\\/09\\\/covid-19-vs-democrazia-aspetti-giuridici-ed-economici-dellemergenza-sanitaria-presentato-il-volume-in-sala-stampa-della-camera-dei-deputati-a-roma\\\/#article\",\"isPartOf\":{\"@id\":\"https:\\\/\\\/www.bellunopress.it\\\/2020\\\/09\\\/09\\\/covid-19-vs-democrazia-aspetti-giuridici-ed-economici-dellemergenza-sanitaria-presentato-il-volume-in-sala-stampa-della-camera-dei-deputati-a-roma\\\/\"},\"author\":{\"name\":\"redazione\",\"@id\":\"https:\\\/\\\/www.bellunopress.it\\\/#\\\/schema\\\/person\\\/79bb06722b37ece1c03d3e94beb30d73\"},\"headline\":\"Covid-19 Vs. Democrazia &#8211; Aspetti giuridici ed economici dell&#8217;emergenza sanitaria. Presentato il volume in Sala stampa della Camera dei deputati a Roma\",\"datePublished\":\"2020-09-09T20:14:17+00:00\",\"dateModified\":\"2020-09-09T20:14:19+00:00\",\"mainEntityOfPage\":{\"@id\":\"https:\\\/\\\/www.bellunopress.it\\\/2020\\\/09\\\/09\\\/covid-19-vs-democrazia-aspetti-giuridici-ed-economici-dellemergenza-sanitaria-presentato-il-volume-in-sala-stampa-della-camera-dei-deputati-a-roma\\\/\"},\"wordCount\":530,\"publisher\":{\"@id\":\"https:\\\/\\\/www.bellunopress.it\\\/#organization\"},\"image\":{\"@id\":\"https:\\\/\\\/www.bellunopress.it\\\/2020\\\/09\\\/09\\\/covid-19-vs-democrazia-aspetti-giuridici-ed-economici-dellemergenza-sanitaria-presentato-il-volume-in-sala-stampa-della-camera-dei-deputati-a-roma\\\/#primaryimage\"},\"thumbnailUrl\":\"https:\\\/\\\/www.bellunopress.it\\\/wp-content\\\/uploads\\\/2020\\\/09\\\/on-Sara-Cunial-prof-Trabucco_edited.jpg\",\"articleSection\":[\"Cronaca\\\/Politica\",\"Prima Pagina\"],\"inLanguage\":\"fr-FR\"},{\"@type\":\"WebPage\",\"@id\":\"https:\\\/\\\/www.bellunopress.it\\\/2020\\\/09\\\/09\\\/covid-19-vs-democrazia-aspetti-giuridici-ed-economici-dellemergenza-sanitaria-presentato-il-volume-in-sala-stampa-della-camera-dei-deputati-a-roma\\\/\",\"url\":\"https:\\\/\\\/www.bellunopress.it\\\/2020\\\/09\\\/09\\\/covid-19-vs-democrazia-aspetti-giuridici-ed-economici-dellemergenza-sanitaria-presentato-il-volume-in-sala-stampa-della-camera-dei-deputati-a-roma\\\/\",\"name\":\"Covid-19 Vs. Democrazia - Aspetti giuridici ed economici dell'emergenza sanitaria. Presentato il volume in Sala stampa della Camera dei deputati a Roma - Bellunopress - Dolomiti\",\"isPartOf\":{\"@id\":\"https:\\\/\\\/www.bellunopress.it\\\/#website\"},\"primaryImageOfPage\":{\"@id\":\"https:\\\/\\\/www.bellunopress.it\\\/2020\\\/09\\\/09\\\/covid-19-vs-democrazia-aspetti-giuridici-ed-economici-dellemergenza-sanitaria-presentato-il-volume-in-sala-stampa-della-camera-dei-deputati-a-roma\\\/#primaryimage\"},\"image\":{\"@id\":\"https:\\\/\\\/www.bellunopress.it\\\/2020\\\/09\\\/09\\\/covid-19-vs-democrazia-aspetti-giuridici-ed-economici-dellemergenza-sanitaria-presentato-il-volume-in-sala-stampa-della-camera-dei-deputati-a-roma\\\/#primaryimage\"},\"thumbnailUrl\":\"https:\\\/\\\/www.bellunopress.it\\\/wp-content\\\/uploads\\\/2020\\\/09\\\/on-Sara-Cunial-prof-Trabucco_edited.jpg\",\"datePublished\":\"2020-09-09T20:14:17+00:00\",\"dateModified\":\"2020-09-09T20:14:19+00:00\",\"breadcrumb\":{\"@id\":\"https:\\\/\\\/www.bellunopress.it\\\/2020\\\/09\\\/09\\\/covid-19-vs-democrazia-aspetti-giuridici-ed-economici-dellemergenza-sanitaria-presentato-il-volume-in-sala-stampa-della-camera-dei-deputati-a-roma\\\/#breadcrumb\"},\"inLanguage\":\"fr-FR\",\"potentialAction\":[{\"@type\":\"ReadAction\",\"target\":[\"https:\\\/\\\/www.bellunopress.it\\\/2020\\\/09\\\/09\\\/covid-19-vs-democrazia-aspetti-giuridici-ed-economici-dellemergenza-sanitaria-presentato-il-volume-in-sala-stampa-della-camera-dei-deputati-a-roma\\\/\"]}]},{\"@type\":\"ImageObject\",\"inLanguage\":\"fr-FR\",\"@id\":\"https:\\\/\\\/www.bellunopress.it\\\/2020\\\/09\\\/09\\\/covid-19-vs-democrazia-aspetti-giuridici-ed-economici-dellemergenza-sanitaria-presentato-il-volume-in-sala-stampa-della-camera-dei-deputati-a-roma\\\/#primaryimage\",\"url\":\"https:\\\/\\\/www.bellunopress.it\\\/wp-content\\\/uploads\\\/2020\\\/09\\\/on-Sara-Cunial-prof-Trabucco_edited.jpg\",\"contentUrl\":\"https:\\\/\\\/www.bellunopress.it\\\/wp-content\\\/uploads\\\/2020\\\/09\\\/on-Sara-Cunial-prof-Trabucco_edited.jpg\",\"width\":800,\"height\":466,\"caption\":\"on. Sara Cunial, prof Trabucco\"},{\"@type\":\"BreadcrumbList\",\"@id\":\"https:\\\/\\\/www.bellunopress.it\\\/2020\\\/09\\\/09\\\/covid-19-vs-democrazia-aspetti-giuridici-ed-economici-dellemergenza-sanitaria-presentato-il-volume-in-sala-stampa-della-camera-dei-deputati-a-roma\\\/#breadcrumb\",\"itemListElement\":[{\"@type\":\"ListItem\",\"position\":1,\"name\":\"Home\",\"item\":\"https:\\\/\\\/www.bellunopress.it\\\/\"},{\"@type\":\"ListItem\",\"position\":2,\"name\":\"Covid-19 Vs. Democrazia &#8211; Aspetti giuridici ed economici dell&#8217;emergenza sanitaria. Presentato il volume in Sala stampa della Camera dei deputati a Roma\"}]},{\"@type\":\"WebSite\",\"@id\":\"https:\\\/\\\/www.bellunopress.it\\\/#website\",\"url\":\"https:\\\/\\\/www.bellunopress.it\\\/\",\"name\":\"Bellunopress - Dolomiti\",\"description\":\"e-mail: redazione@bellunopress.it\",\"publisher\":{\"@id\":\"https:\\\/\\\/www.bellunopress.it\\\/#organization\"},\"potentialAction\":[{\"@type\":\"SearchAction\",\"target\":{\"@type\":\"EntryPoint\",\"urlTemplate\":\"https:\\\/\\\/www.bellunopress.it\\\/?s={search_term_string}\"},\"query-input\":{\"@type\":\"PropertyValueSpecification\",\"valueRequired\":true,\"valueName\":\"search_term_string\"}}],\"inLanguage\":\"fr-FR\"},{\"@type\":\"Organization\",\"@id\":\"https:\\\/\\\/www.bellunopress.it\\\/#organization\",\"name\":\"Bellunopress\",\"url\":\"https:\\\/\\\/www.bellunopress.it\\\/\",\"logo\":{\"@type\":\"ImageObject\",\"inLanguage\":\"fr-FR\",\"@id\":\"https:\\\/\\\/www.bellunopress.it\\\/#\\\/schema\\\/logo\\\/image\\\/\",\"url\":\"https:\\\/\\\/www.bellunopress.it\\\/wp-content\\\/uploads\\\/2011\\\/05\\\/cropped-logo-bellunopress-.jpg\",\"contentUrl\":\"https:\\\/\\\/www.bellunopress.it\\\/wp-content\\\/uploads\\\/2011\\\/05\\\/cropped-logo-bellunopress-.jpg\",\"width\":512,\"height\":512,\"caption\":\"Bellunopress\"},\"image\":{\"@id\":\"https:\\\/\\\/www.bellunopress.it\\\/#\\\/schema\\\/logo\\\/image\\\/\"},\"sameAs\":[\"https:\\\/\\\/www.facebook.com\\\/profile.php?id=100008943462799\",\"https:\\\/\\\/x.com\\\/bellunopress\",\"https:\\\/\\\/www.linkedin.com\\\/hp\\\/?dnr=JBzUWaJfMUw8vbXJJ2tVW5-I3jZKvC4wsoxE&amp;amp;amp;amp;amp;amp;trk=nav_responsive_tab_home\",\"https:\\\/\\\/www.youtube.com\\\/channel\\\/UCxL0wu1uN0_3_7hGG0306cw\"]},{\"@type\":\"Person\",\"@id\":\"https:\\\/\\\/www.bellunopress.it\\\/#\\\/schema\\\/person\\\/79bb06722b37ece1c03d3e94beb30d73\",\"name\":\"redazione\",\"image\":{\"@type\":\"ImageObject\",\"inLanguage\":\"fr-FR\",\"@id\":\"https:\\\/\\\/secure.gravatar.com\\\/avatar\\\/37d968a2e67a6fd04c169c4bdef102d0bc5d31b2546345219e348575eb80e9a0?s=96&d=mm&r=g\",\"url\":\"https:\\\/\\\/secure.gravatar.com\\\/avatar\\\/37d968a2e67a6fd04c169c4bdef102d0bc5d31b2546345219e348575eb80e9a0?s=96&d=mm&r=g\",\"contentUrl\":\"https:\\\/\\\/secure.gravatar.com\\\/avatar\\\/37d968a2e67a6fd04c169c4bdef102d0bc5d31b2546345219e348575eb80e9a0?s=96&d=mm&r=g\",\"caption\":\"redazione\"},\"sameAs\":[\"http:\\\/\\\/www.bellunopress.it\",\"https:\\\/\\\/x.com\\\/bellunopress\"],\"url\":\"https:\\\/\\\/www.bellunopress.it\\\/fr\\\/author\\\/redazione\\\/\"}]}<\/script>\n<!-- \/ Yoast SEO plugin. -->","yoast_head_json":{"title":"Covid-19 Vs. Democrazia - Aspetti giuridici ed economici dell'emergenza sanitaria. Presentato il volume in Sala stampa della Camera dei deputati a Roma - Bellunopress - Dolomiti","robots":{"index":"index","follow":"follow","max-snippet":"max-snippet:-1","max-image-preview":"max-image-preview:large","max-video-preview":"max-video-preview:-1"},"canonical":"https:\/\/www.bellunopress.it\/fr\/2020\/09\/09\/covid-19-vs-democrazia-aspetti-giuridici-ed-economici-dellemergenza-sanitaria-presentato-il-volume-in-sala-stampa-della-camera-dei-deputati-a-roma\/","og_locale":"fr_FR","og_type":"article","og_title":"Covid-19 Vs. Democrazia - Aspetti giuridici ed economici dell'emergenza sanitaria. Presentato il volume in Sala stampa della Camera dei deputati a Roma - Bellunopress - Dolomiti","og_description":"E&#8217; stato presentato ieri a Roma, nella Sala stampa della Camera dei deputati, il volume dal titolo Covid-19 vs. Democrazia &#8211; Aspetti giuridici ed economici nella prima fase dell&#8217;emergenza sanitaria,\u00a0edito dalla casa editrice ESI e curato dal professor Daniele Trabucco (Libera Accademia degli Studi di Bellinzona &#8211; Svizzera) &#8211; Centro Studi Superiore INDEF (Istituto di [&hellip;]","og_url":"https:\/\/www.bellunopress.it\/fr\/2020\/09\/09\/covid-19-vs-democrazia-aspetti-giuridici-ed-economici-dellemergenza-sanitaria-presentato-il-volume-in-sala-stampa-della-camera-dei-deputati-a-roma\/","og_site_name":"Bellunopress - Dolomiti","article_publisher":"https:\/\/www.facebook.com\/profile.php?id=100008943462799","article_published_time":"2020-09-09T20:14:17+00:00","article_modified_time":"2020-09-09T20:14:19+00:00","og_image":[{"width":800,"height":466,"url":"https:\/\/www.bellunopress.it\/wp-content\/uploads\/2020\/09\/on-Sara-Cunial-prof-Trabucco_edited.jpg","type":"image\/jpeg"}],"author":"redazione","twitter_card":"summary_large_image","twitter_creator":"@bellunopress","twitter_site":"@bellunopress","twitter_misc":{"\u00c9crit par":"redazione","Dur\u00e9e de lecture estim\u00e9e":"2 minutes"},"schema":{"@context":"https:\/\/schema.org","@graph":[{"@type":"Article","@id":"https:\/\/www.bellunopress.it\/2020\/09\/09\/covid-19-vs-democrazia-aspetti-giuridici-ed-economici-dellemergenza-sanitaria-presentato-il-volume-in-sala-stampa-della-camera-dei-deputati-a-roma\/#article","isPartOf":{"@id":"https:\/\/www.bellunopress.it\/2020\/09\/09\/covid-19-vs-democrazia-aspetti-giuridici-ed-economici-dellemergenza-sanitaria-presentato-il-volume-in-sala-stampa-della-camera-dei-deputati-a-roma\/"},"author":{"name":"redazione","@id":"https:\/\/www.bellunopress.it\/#\/schema\/person\/79bb06722b37ece1c03d3e94beb30d73"},"headline":"Covid-19 Vs. Democrazia &#8211; Aspetti giuridici ed economici dell&#8217;emergenza sanitaria. Presentato il volume in Sala stampa della Camera dei deputati a Roma","datePublished":"2020-09-09T20:14:17+00:00","dateModified":"2020-09-09T20:14:19+00:00","mainEntityOfPage":{"@id":"https:\/\/www.bellunopress.it\/2020\/09\/09\/covid-19-vs-democrazia-aspetti-giuridici-ed-economici-dellemergenza-sanitaria-presentato-il-volume-in-sala-stampa-della-camera-dei-deputati-a-roma\/"},"wordCount":530,"publisher":{"@id":"https:\/\/www.bellunopress.it\/#organization"},"image":{"@id":"https:\/\/www.bellunopress.it\/2020\/09\/09\/covid-19-vs-democrazia-aspetti-giuridici-ed-economici-dellemergenza-sanitaria-presentato-il-volume-in-sala-stampa-della-camera-dei-deputati-a-roma\/#primaryimage"},"thumbnailUrl":"https:\/\/www.bellunopress.it\/wp-content\/uploads\/2020\/09\/on-Sara-Cunial-prof-Trabucco_edited.jpg","articleSection":["Cronaca\/Politica","Prima Pagina"],"inLanguage":"fr-FR"},{"@type":"WebPage","@id":"https:\/\/www.bellunopress.it\/2020\/09\/09\/covid-19-vs-democrazia-aspetti-giuridici-ed-economici-dellemergenza-sanitaria-presentato-il-volume-in-sala-stampa-della-camera-dei-deputati-a-roma\/","url":"https:\/\/www.bellunopress.it\/2020\/09\/09\/covid-19-vs-democrazia-aspetti-giuridici-ed-economici-dellemergenza-sanitaria-presentato-il-volume-in-sala-stampa-della-camera-dei-deputati-a-roma\/","name":"Covid-19 Vs. Democrazia - Aspetti giuridici ed economici dell'emergenza sanitaria. Presentato il volume in Sala stampa della Camera dei deputati a Roma - Bellunopress - Dolomiti","isPartOf":{"@id":"https:\/\/www.bellunopress.it\/#website"},"primaryImageOfPage":{"@id":"https:\/\/www.bellunopress.it\/2020\/09\/09\/covid-19-vs-democrazia-aspetti-giuridici-ed-economici-dellemergenza-sanitaria-presentato-il-volume-in-sala-stampa-della-camera-dei-deputati-a-roma\/#primaryimage"},"image":{"@id":"https:\/\/www.bellunopress.it\/2020\/09\/09\/covid-19-vs-democrazia-aspetti-giuridici-ed-economici-dellemergenza-sanitaria-presentato-il-volume-in-sala-stampa-della-camera-dei-deputati-a-roma\/#primaryimage"},"thumbnailUrl":"https:\/\/www.bellunopress.it\/wp-content\/uploads\/2020\/09\/on-Sara-Cunial-prof-Trabucco_edited.jpg","datePublished":"2020-09-09T20:14:17+00:00","dateModified":"2020-09-09T20:14:19+00:00","breadcrumb":{"@id":"https:\/\/www.bellunopress.it\/2020\/09\/09\/covid-19-vs-democrazia-aspetti-giuridici-ed-economici-dellemergenza-sanitaria-presentato-il-volume-in-sala-stampa-della-camera-dei-deputati-a-roma\/#breadcrumb"},"inLanguage":"fr-FR","potentialAction":[{"@type":"ReadAction","target":["https:\/\/www.bellunopress.it\/2020\/09\/09\/covid-19-vs-democrazia-aspetti-giuridici-ed-economici-dellemergenza-sanitaria-presentato-il-volume-in-sala-stampa-della-camera-dei-deputati-a-roma\/"]}]},{"@type":"ImageObject","inLanguage":"fr-FR","@id":"https:\/\/www.bellunopress.it\/2020\/09\/09\/covid-19-vs-democrazia-aspetti-giuridici-ed-economici-dellemergenza-sanitaria-presentato-il-volume-in-sala-stampa-della-camera-dei-deputati-a-roma\/#primaryimage","url":"https:\/\/www.bellunopress.it\/wp-content\/uploads\/2020\/09\/on-Sara-Cunial-prof-Trabucco_edited.jpg","contentUrl":"https:\/\/www.bellunopress.it\/wp-content\/uploads\/2020\/09\/on-Sara-Cunial-prof-Trabucco_edited.jpg","width":800,"height":466,"caption":"on. Sara Cunial, prof Trabucco"},{"@type":"BreadcrumbList","@id":"https:\/\/www.bellunopress.it\/2020\/09\/09\/covid-19-vs-democrazia-aspetti-giuridici-ed-economici-dellemergenza-sanitaria-presentato-il-volume-in-sala-stampa-della-camera-dei-deputati-a-roma\/#breadcrumb","itemListElement":[{"@type":"ListItem","position":1,"name":"Home","item":"https:\/\/www.bellunopress.it\/"},{"@type":"ListItem","position":2,"name":"Covid-19 Vs. Democrazia &#8211; Aspetti giuridici ed economici dell&#8217;emergenza sanitaria. Presentato il volume in Sala stampa della Camera dei deputati a Roma"}]},{"@type":"WebSite","@id":"https:\/\/www.bellunopress.it\/#website","url":"https:\/\/www.bellunopress.it\/","name":"Bellunopress - Dolomiti","description":"e-mail: redazione@bellunopress.it","publisher":{"@id":"https:\/\/www.bellunopress.it\/#organization"},"potentialAction":[{"@type":"SearchAction","target":{"@type":"EntryPoint","urlTemplate":"https:\/\/www.bellunopress.it\/?s={search_term_string}"},"query-input":{"@type":"PropertyValueSpecification","valueRequired":true,"valueName":"search_term_string"}}],"inLanguage":"fr-FR"},{"@type":"Organization","@id":"https:\/\/www.bellunopress.it\/#organization","name":"Bellunopress","url":"https:\/\/www.bellunopress.it\/","logo":{"@type":"ImageObject","inLanguage":"fr-FR","@id":"https:\/\/www.bellunopress.it\/#\/schema\/logo\/image\/","url":"https:\/\/www.bellunopress.it\/wp-content\/uploads\/2011\/05\/cropped-logo-bellunopress-.jpg","contentUrl":"https:\/\/www.bellunopress.it\/wp-content\/uploads\/2011\/05\/cropped-logo-bellunopress-.jpg","width":512,"height":512,"caption":"Bellunopress"},"image":{"@id":"https:\/\/www.bellunopress.it\/#\/schema\/logo\/image\/"},"sameAs":["https:\/\/www.facebook.com\/profile.php?id=100008943462799","https:\/\/x.com\/bellunopress","https:\/\/www.linkedin.com\/hp\/?dnr=JBzUWaJfMUw8vbXJJ2tVW5-I3jZKvC4wsoxE&amp;amp;amp;amp;amp;amp;trk=nav_responsive_tab_home","https:\/\/www.youtube.com\/channel\/UCxL0wu1uN0_3_7hGG0306cw"]},{"@type":"Person","@id":"https:\/\/www.bellunopress.it\/#\/schema\/person\/79bb06722b37ece1c03d3e94beb30d73","name":"r\u00e9daction","image":{"@type":"ImageObject","inLanguage":"fr-FR","@id":"https:\/\/secure.gravatar.com\/avatar\/37d968a2e67a6fd04c169c4bdef102d0bc5d31b2546345219e348575eb80e9a0?s=96&d=mm&r=g","url":"https:\/\/secure.gravatar.com\/avatar\/37d968a2e67a6fd04c169c4bdef102d0bc5d31b2546345219e348575eb80e9a0?s=96&d=mm&r=g","contentUrl":"https:\/\/secure.gravatar.com\/avatar\/37d968a2e67a6fd04c169c4bdef102d0bc5d31b2546345219e348575eb80e9a0?s=96&d=mm&r=g","caption":"redazione"},"sameAs":["http:\/\/www.bellunopress.it","https:\/\/x.com\/bellunopress"],"url":"https:\/\/www.bellunopress.it\/fr\/author\/redazione\/"}]}},"_links":{"self":[{"href":"https:\/\/www.bellunopress.it\/fr\/wp-json\/wp\/v2\/posts\/117445","targetHints":{"allow":["GET"]}}],"collection":[{"href":"https:\/\/www.bellunopress.it\/fr\/wp-json\/wp\/v2\/posts"}],"about":[{"href":"https:\/\/www.bellunopress.it\/fr\/wp-json\/wp\/v2\/types\/post"}],"author":[{"embeddable":true,"href":"https:\/\/www.bellunopress.it\/fr\/wp-json\/wp\/v2\/users\/2"}],"replies":[{"embeddable":true,"href":"https:\/\/www.bellunopress.it\/fr\/wp-json\/wp\/v2\/comments?post=117445"}],"version-history":[{"count":2,"href":"https:\/\/www.bellunopress.it\/fr\/wp-json\/wp\/v2\/posts\/117445\/revisions"}],"predecessor-version":[{"id":117448,"href":"https:\/\/www.bellunopress.it\/fr\/wp-json\/wp\/v2\/posts\/117445\/revisions\/117448"}],"wp:featuredmedia":[{"embeddable":true,"href":"https:\/\/www.bellunopress.it\/fr\/wp-json\/wp\/v2\/media\/117446"}],"wp:attachment":[{"href":"https:\/\/www.bellunopress.it\/fr\/wp-json\/wp\/v2\/media?parent=117445"}],"wp:term":[{"taxonomy":"category","embeddable":true,"href":"https:\/\/www.bellunopress.it\/fr\/wp-json\/wp\/v2\/categories?post=117445"},{"taxonomy":"post_tag","embeddable":true,"href":"https:\/\/www.bellunopress.it\/fr\/wp-json\/wp\/v2\/tags?post=117445"}],"curies":[{"name":"wp","href":"https:\/\/api.w.org\/{rel}","templated":true}]}}