{"id":11744,"date":"2010-01-24T12:55:51","date_gmt":"2010-01-24T11:55:51","guid":{"rendered":"http:\/\/www.bellunopress.it\/?p=11744"},"modified":"2010-01-22T13:00:00","modified_gmt":"2010-01-22T12:00:00","slug":"martedi-26-alla-camera-di-commercio-%e2%80%9cnord-est-2009-x-rapporto-sulla-societa-e-l%e2%80%99economia-il-nord-est-nei-10-anni-che-hanno-cambiato-l%e2%80%99europa%e2%80%9d","status":"publish","type":"post","link":"https:\/\/www.bellunopress.it\/fr\/2010\/01\/24\/martedi-26-alla-camera-di-commercio-%e2%80%9cnord-est-2009-x-rapporto-sulla-societa-e-l%e2%80%99economia-il-nord-est-nei-10-anni-che-hanno-cambiato-l%e2%80%99europa%e2%80%9d\/","title":{"rendered":"Marted\u00ec 26 alla Camera di Commercio: \u201cNord Est 2009. X Rapporto sulla societ\u00e0 e l\u2019economia. Il Nord Est nei 10 anni che hanno cambiato l\u2019Europa\u201d"},"content":{"rendered":"<p><a href=\"http:\/\/www.bellunopress.it\/wp-content\/uploads\/2009\/03\/camera-commercio.jpg\"><img loading=\"lazy\" decoding=\"async\" class=\"alignleft size-medium wp-image-1488\" title=\"camera-commercio\" src=\"http:\/\/www.bellunopress.it\/wp-content\/uploads\/2009\/03\/camera-commercio.jpg\" alt=\"\" width=\"241\" height=\"181\" \/><\/a>\u201cNord Est 2009. X Rapporto sulla societ\u00e0 e l\u2019economia. Il Nord Est nei 10 anni che hanno cambiato l\u2019Europa\u201d \u00e8 il titolo della giornata promossa dalla Camera di Commercio per il 26 gennaio 2010, alle ore 10.30 in Sala Edoardo Luciani.\u00a0 L\u2019appuntamento \u00e8 un\u2019occasione per conoscere da vicino dieci anni di mutamenti socio-economici che riguardano il Veneto, il Trentino Alto Adige e il Friuli Venezia Giulia, le regioni che per lungo tempo, con la loro vocazione all\u2019export e all\u2019innovazione, hanno rappresentato la punta di diamante dell\u2019economia nazionale. Ha senso parlare ancora di Nord Est? Quali possono essere i lineamenti per la costruzione del futuro, dopo la crisi che ha attanagliato il mondo e che ci coinvolge tuttora? L\u2019incontro \u00e8 aperto a tutti gli interessati e prevede il saluto d\u2019ingresso del presidente della Camera di Commercio Paolo Doglioni; ad entrare nel vivo dell\u2019annuale rapporto della Fondazione Nord Est saranno il suo direttore scientifico Daniele Marini, docente di Sociologia del Lavoro all\u2019universit\u00e0 di Padova ed editorialista de Il Sole 24 Ore e Silvia Oliva, segretario alla ricerca. Per informazioni e adesioni: tel. 0437 955131 (Paola Menazza)\u00a0\u00a0\u00a0 e-mail: <a href=\"mailto:statistica@bl.camcom.it\">statistica@bl.camcom.it<\/a><br \/>\nSi allega la locandina dell\u2019incontro.<\/p>","protected":false},"excerpt":{"rendered":"<p>\u201cNord Est 2009. X Rapporto sulla societ\u00e0 e l\u2019economia. Il Nord Est nei 10 anni che hanno cambiato l\u2019Europa\u201d \u00e8 il titolo della giornata promossa dalla Camera di Commercio per il 26 gennaio 2010, alle ore 10.30 in Sala Edoardo Luciani.\u00a0 L\u2019appuntamento \u00e8 un\u2019occasione per conoscere da vicino dieci anni di mutamenti socio-economici che riguardano [&hellip;]<\/p>\n","protected":false},"author":2,"featured_media":0,"comment_status":"closed","ping_status":"open","sticky":false,"template":"","format":"standard","meta":{"footnotes":""},"categories":[36,26],"tags":[139],"class_list":["post-11744","post","type-post","status-publish","format-standard","category-lavoro-economia","category-prima-pagina","tag-belluno"],"yoast_head":"<!-- This site is optimized with the Yoast SEO plugin v28.4 - https:\/\/yoast.com\/product\/yoast-seo-wordpress\/ -->\n<title>Marted\u00ec 26 alla Camera di Commercio: \u201cNord Est 2009. X Rapporto sulla societ\u00e0 e l\u2019economia. Il Nord Est nei 10 anni che hanno cambiato l\u2019Europa\u201d - Bellunopress - Dolomiti<\/title>\n<meta name=\"robots\" content=\"index, follow, max-snippet:-1, max-image-preview:large, max-video-preview:-1\" \/>\n<link rel=\"canonical\" href=\"https:\/\/www.bellunopress.it\/fr\/2010\/01\/24\/martedi-26-alla-camera-di-commercio-\u201cnord-est-2009-x-rapporto-sulla-societa-e-l\u2019economia-il-nord-est-nei-10-anni-che-hanno-cambiato-l\u2019europa\u201d\/\" \/>\n<meta property=\"og:locale\" content=\"fr_FR\" \/>\n<meta property=\"og:type\" content=\"article\" \/>\n<meta property=\"og:title\" content=\"Marted\u00ec 26 alla Camera di Commercio: \u201cNord Est 2009. X Rapporto sulla societ\u00e0 e l\u2019economia. Il Nord Est nei 10 anni che hanno cambiato l\u2019Europa\u201d - Bellunopress - Dolomiti\" \/>\n<meta property=\"og:description\" content=\"\u201cNord Est 2009. X Rapporto sulla societ\u00e0 e l\u2019economia. Il Nord Est nei 10 anni che hanno cambiato l\u2019Europa\u201d \u00e8 il titolo della giornata promossa dalla Camera di Commercio per il 26 gennaio 2010, alle ore 10.30 in Sala Edoardo Luciani.\u00a0 L\u2019appuntamento \u00e8 un\u2019occasione per conoscere da vicino dieci anni di mutamenti socio-economici che riguardano [&hellip;]\" \/>\n<meta property=\"og:url\" content=\"https:\/\/www.bellunopress.it\/fr\/2010\/01\/24\/martedi-26-alla-camera-di-commercio-\u201cnord-est-2009-x-rapporto-sulla-societa-e-l\u2019economia-il-nord-est-nei-10-anni-che-hanno-cambiato-l\u2019europa\u201d\/\" \/>\n<meta property=\"og:site_name\" content=\"Bellunopress - Dolomiti\" \/>\n<meta property=\"article:publisher\" content=\"https:\/\/www.facebook.com\/profile.php?id=100008943462799\" \/>\n<meta property=\"article:published_time\" content=\"2010-01-24T11:55:51+00:00\" \/>\n<meta property=\"og:image\" content=\"http:\/\/www.bellunopress.it\/wp-content\/uploads\/2009\/03\/camera-commercio.jpg\" \/>\n<meta name=\"author\" content=\"redazione\" \/>\n<meta name=\"twitter:card\" content=\"summary_large_image\" \/>\n<meta name=\"twitter:creator\" content=\"@bellunopress\" \/>\n<meta name=\"twitter:site\" content=\"@bellunopress\" \/>\n<meta name=\"twitter:label1\" content=\"\u00c9crit par\" \/>\n\t<meta name=\"twitter:data1\" content=\"redazione\" \/>\n\t<meta name=\"twitter:label2\" content=\"Dur\u00e9e de lecture estim\u00e9e\" \/>\n\t<meta name=\"twitter:data2\" content=\"1 minute\" \/>\n<script type=\"application\/ld+json\" class=\"yoast-schema-graph\">{\"@context\":\"https:\\\/\\\/schema.org\",\"@graph\":[{\"@type\":\"Article\",\"@id\":\"https:\\\/\\\/www.bellunopress.it\\\/2010\\\/01\\\/24\\\/martedi-26-alla-camera-di-commercio-%e2%80%9cnord-est-2009-x-rapporto-sulla-societa-e-l%e2%80%99economia-il-nord-est-nei-10-anni-che-hanno-cambiato-l%e2%80%99europa%e2%80%9d\\\/#article\",\"isPartOf\":{\"@id\":\"https:\\\/\\\/www.bellunopress.it\\\/2010\\\/01\\\/24\\\/martedi-26-alla-camera-di-commercio-%e2%80%9cnord-est-2009-x-rapporto-sulla-societa-e-l%e2%80%99economia-il-nord-est-nei-10-anni-che-hanno-cambiato-l%e2%80%99europa%e2%80%9d\\\/\"},\"author\":{\"name\":\"redazione\",\"@id\":\"https:\\\/\\\/www.bellunopress.it\\\/#\\\/schema\\\/person\\\/79bb06722b37ece1c03d3e94beb30d73\"},\"headline\":\"Marted\u00ec 26 alla Camera di Commercio: \u201cNord Est 2009. X Rapporto sulla societ\u00e0 e l\u2019economia. Il Nord Est nei 10 anni che hanno cambiato l\u2019Europa\u201d\",\"datePublished\":\"2010-01-24T11:55:51+00:00\",\"mainEntityOfPage\":{\"@id\":\"https:\\\/\\\/www.bellunopress.it\\\/2010\\\/01\\\/24\\\/martedi-26-alla-camera-di-commercio-%e2%80%9cnord-est-2009-x-rapporto-sulla-societa-e-l%e2%80%99economia-il-nord-est-nei-10-anni-che-hanno-cambiato-l%e2%80%99europa%e2%80%9d\\\/\"},\"wordCount\":219,\"publisher\":{\"@id\":\"https:\\\/\\\/www.bellunopress.it\\\/#organization\"},\"image\":{\"@id\":\"https:\\\/\\\/www.bellunopress.it\\\/2010\\\/01\\\/24\\\/martedi-26-alla-camera-di-commercio-%e2%80%9cnord-est-2009-x-rapporto-sulla-societa-e-l%e2%80%99economia-il-nord-est-nei-10-anni-che-hanno-cambiato-l%e2%80%99europa%e2%80%9d\\\/#primaryimage\"},\"thumbnailUrl\":\"http:\\\/\\\/www.bellunopress.it\\\/wp-content\\\/uploads\\\/2009\\\/03\\\/camera-commercio.jpg\",\"keywords\":[\"Belluno\"],\"articleSection\":[\"Lavoro, Economia, Turismo\",\"Prima Pagina\"],\"inLanguage\":\"fr-FR\"},{\"@type\":\"WebPage\",\"@id\":\"https:\\\/\\\/www.bellunopress.it\\\/2010\\\/01\\\/24\\\/martedi-26-alla-camera-di-commercio-%e2%80%9cnord-est-2009-x-rapporto-sulla-societa-e-l%e2%80%99economia-il-nord-est-nei-10-anni-che-hanno-cambiato-l%e2%80%99europa%e2%80%9d\\\/\",\"url\":\"https:\\\/\\\/www.bellunopress.it\\\/2010\\\/01\\\/24\\\/martedi-26-alla-camera-di-commercio-%e2%80%9cnord-est-2009-x-rapporto-sulla-societa-e-l%e2%80%99economia-il-nord-est-nei-10-anni-che-hanno-cambiato-l%e2%80%99europa%e2%80%9d\\\/\",\"name\":\"Marted\u00ec 26 alla Camera di Commercio: \u201cNord Est 2009. X Rapporto sulla societ\u00e0 e l\u2019economia. Il Nord Est nei 10 anni che hanno cambiato l\u2019Europa\u201d - Bellunopress - Dolomiti\",\"isPartOf\":{\"@id\":\"https:\\\/\\\/www.bellunopress.it\\\/#website\"},\"primaryImageOfPage\":{\"@id\":\"https:\\\/\\\/www.bellunopress.it\\\/2010\\\/01\\\/24\\\/martedi-26-alla-camera-di-commercio-%e2%80%9cnord-est-2009-x-rapporto-sulla-societa-e-l%e2%80%99economia-il-nord-est-nei-10-anni-che-hanno-cambiato-l%e2%80%99europa%e2%80%9d\\\/#primaryimage\"},\"image\":{\"@id\":\"https:\\\/\\\/www.bellunopress.it\\\/2010\\\/01\\\/24\\\/martedi-26-alla-camera-di-commercio-%e2%80%9cnord-est-2009-x-rapporto-sulla-societa-e-l%e2%80%99economia-il-nord-est-nei-10-anni-che-hanno-cambiato-l%e2%80%99europa%e2%80%9d\\\/#primaryimage\"},\"thumbnailUrl\":\"http:\\\/\\\/www.bellunopress.it\\\/wp-content\\\/uploads\\\/2009\\\/03\\\/camera-commercio.jpg\",\"datePublished\":\"2010-01-24T11:55:51+00:00\",\"breadcrumb\":{\"@id\":\"https:\\\/\\\/www.bellunopress.it\\\/2010\\\/01\\\/24\\\/martedi-26-alla-camera-di-commercio-%e2%80%9cnord-est-2009-x-rapporto-sulla-societa-e-l%e2%80%99economia-il-nord-est-nei-10-anni-che-hanno-cambiato-l%e2%80%99europa%e2%80%9d\\\/#breadcrumb\"},\"inLanguage\":\"fr-FR\",\"potentialAction\":[{\"@type\":\"ReadAction\",\"target\":[\"https:\\\/\\\/www.bellunopress.it\\\/2010\\\/01\\\/24\\\/martedi-26-alla-camera-di-commercio-%e2%80%9cnord-est-2009-x-rapporto-sulla-societa-e-l%e2%80%99economia-il-nord-est-nei-10-anni-che-hanno-cambiato-l%e2%80%99europa%e2%80%9d\\\/\"]}]},{\"@type\":\"ImageObject\",\"inLanguage\":\"fr-FR\",\"@id\":\"https:\\\/\\\/www.bellunopress.it\\\/2010\\\/01\\\/24\\\/martedi-26-alla-camera-di-commercio-%e2%80%9cnord-est-2009-x-rapporto-sulla-societa-e-l%e2%80%99economia-il-nord-est-nei-10-anni-che-hanno-cambiato-l%e2%80%99europa%e2%80%9d\\\/#primaryimage\",\"url\":\"http:\\\/\\\/www.bellunopress.it\\\/wp-content\\\/uploads\\\/2009\\\/03\\\/camera-commercio.jpg\",\"contentUrl\":\"http:\\\/\\\/www.bellunopress.it\\\/wp-content\\\/uploads\\\/2009\\\/03\\\/camera-commercio.jpg\"},{\"@type\":\"BreadcrumbList\",\"@id\":\"https:\\\/\\\/www.bellunopress.it\\\/2010\\\/01\\\/24\\\/martedi-26-alla-camera-di-commercio-%e2%80%9cnord-est-2009-x-rapporto-sulla-societa-e-l%e2%80%99economia-il-nord-est-nei-10-anni-che-hanno-cambiato-l%e2%80%99europa%e2%80%9d\\\/#breadcrumb\",\"itemListElement\":[{\"@type\":\"ListItem\",\"position\":1,\"name\":\"Home\",\"item\":\"https:\\\/\\\/www.bellunopress.it\\\/\"},{\"@type\":\"ListItem\",\"position\":2,\"name\":\"Marted\u00ec 26 alla Camera di Commercio: \u201cNord Est 2009. X Rapporto sulla societ\u00e0 e l\u2019economia. Il Nord Est nei 10 anni che hanno cambiato l\u2019Europa\u201d\"}]},{\"@type\":\"WebSite\",\"@id\":\"https:\\\/\\\/www.bellunopress.it\\\/#website\",\"url\":\"https:\\\/\\\/www.bellunopress.it\\\/\",\"name\":\"Bellunopress - Dolomiti\",\"description\":\"e-mail: redazione@bellunopress.it\",\"publisher\":{\"@id\":\"https:\\\/\\\/www.bellunopress.it\\\/#organization\"},\"potentialAction\":[{\"@type\":\"SearchAction\",\"target\":{\"@type\":\"EntryPoint\",\"urlTemplate\":\"https:\\\/\\\/www.bellunopress.it\\\/?s={search_term_string}\"},\"query-input\":{\"@type\":\"PropertyValueSpecification\",\"valueRequired\":true,\"valueName\":\"search_term_string\"}}],\"inLanguage\":\"fr-FR\"},{\"@type\":\"Organization\",\"@id\":\"https:\\\/\\\/www.bellunopress.it\\\/#organization\",\"name\":\"Bellunopress\",\"url\":\"https:\\\/\\\/www.bellunopress.it\\\/\",\"logo\":{\"@type\":\"ImageObject\",\"inLanguage\":\"fr-FR\",\"@id\":\"https:\\\/\\\/www.bellunopress.it\\\/#\\\/schema\\\/logo\\\/image\\\/\",\"url\":\"https:\\\/\\\/www.bellunopress.it\\\/wp-content\\\/uploads\\\/2011\\\/05\\\/cropped-logo-bellunopress-.jpg\",\"contentUrl\":\"https:\\\/\\\/www.bellunopress.it\\\/wp-content\\\/uploads\\\/2011\\\/05\\\/cropped-logo-bellunopress-.jpg\",\"width\":512,\"height\":512,\"caption\":\"Bellunopress\"},\"image\":{\"@id\":\"https:\\\/\\\/www.bellunopress.it\\\/#\\\/schema\\\/logo\\\/image\\\/\"},\"sameAs\":[\"https:\\\/\\\/www.facebook.com\\\/profile.php?id=100008943462799\",\"https:\\\/\\\/x.com\\\/bellunopress\",\"https:\\\/\\\/www.linkedin.com\\\/hp\\\/?dnr=JBzUWaJfMUw8vbXJJ2tVW5-I3jZKvC4wsoxE&amp;amp;amp;amp;amp;amp;trk=nav_responsive_tab_home\",\"https:\\\/\\\/www.youtube.com\\\/channel\\\/UCxL0wu1uN0_3_7hGG0306cw\"]},{\"@type\":\"Person\",\"@id\":\"https:\\\/\\\/www.bellunopress.it\\\/#\\\/schema\\\/person\\\/79bb06722b37ece1c03d3e94beb30d73\",\"name\":\"redazione\",\"image\":{\"@type\":\"ImageObject\",\"inLanguage\":\"fr-FR\",\"@id\":\"https:\\\/\\\/secure.gravatar.com\\\/avatar\\\/37d968a2e67a6fd04c169c4bdef102d0bc5d31b2546345219e348575eb80e9a0?s=96&d=mm&r=g\",\"url\":\"https:\\\/\\\/secure.gravatar.com\\\/avatar\\\/37d968a2e67a6fd04c169c4bdef102d0bc5d31b2546345219e348575eb80e9a0?s=96&d=mm&r=g\",\"contentUrl\":\"https:\\\/\\\/secure.gravatar.com\\\/avatar\\\/37d968a2e67a6fd04c169c4bdef102d0bc5d31b2546345219e348575eb80e9a0?s=96&d=mm&r=g\",\"caption\":\"redazione\"},\"sameAs\":[\"http:\\\/\\\/www.bellunopress.it\",\"https:\\\/\\\/x.com\\\/bellunopress\"],\"url\":\"https:\\\/\\\/www.bellunopress.it\\\/fr\\\/author\\\/redazione\\\/\"}]}<\/script>\n<!-- \/ Yoast SEO plugin. -->","yoast_head_json":{"title":"Marted\u00ec 26 alla Camera di Commercio: \u201cNord Est 2009. X Rapporto sulla societ\u00e0 e l\u2019economia. Il Nord Est nei 10 anni che hanno cambiato l\u2019Europa\u201d - Bellunopress - Dolomiti","robots":{"index":"index","follow":"follow","max-snippet":"max-snippet:-1","max-image-preview":"max-image-preview:large","max-video-preview":"max-video-preview:-1"},"canonical":"https:\/\/www.bellunopress.it\/fr\/2010\/01\/24\/martedi-26-alla-camera-di-commercio-\u201cnord-est-2009-x-rapporto-sulla-societa-e-l\u2019economia-il-nord-est-nei-10-anni-che-hanno-cambiato-l\u2019europa\u201d\/","og_locale":"fr_FR","og_type":"article","og_title":"Marted\u00ec 26 alla Camera di Commercio: \u201cNord Est 2009. X Rapporto sulla societ\u00e0 e l\u2019economia. Il Nord Est nei 10 anni che hanno cambiato l\u2019Europa\u201d - Bellunopress - Dolomiti","og_description":"\u201cNord Est 2009. X Rapporto sulla societ\u00e0 e l\u2019economia. Il Nord Est nei 10 anni che hanno cambiato l\u2019Europa\u201d \u00e8 il titolo della giornata promossa dalla Camera di Commercio per il 26 gennaio 2010, alle ore 10.30 in Sala Edoardo Luciani.\u00a0 L\u2019appuntamento \u00e8 un\u2019occasione per conoscere da vicino dieci anni di mutamenti socio-economici che riguardano [&hellip;]","og_url":"https:\/\/www.bellunopress.it\/fr\/2010\/01\/24\/martedi-26-alla-camera-di-commercio-\u201cnord-est-2009-x-rapporto-sulla-societa-e-l\u2019economia-il-nord-est-nei-10-anni-che-hanno-cambiato-l\u2019europa\u201d\/","og_site_name":"Bellunopress - Dolomiti","article_publisher":"https:\/\/www.facebook.com\/profile.php?id=100008943462799","article_published_time":"2010-01-24T11:55:51+00:00","og_image":[{"url":"http:\/\/www.bellunopress.it\/wp-content\/uploads\/2009\/03\/camera-commercio.jpg","type":"","width":"","height":""}],"author":"redazione","twitter_card":"summary_large_image","twitter_creator":"@bellunopress","twitter_site":"@bellunopress","twitter_misc":{"\u00c9crit par":"redazione","Dur\u00e9e de lecture estim\u00e9e":"1 minute"},"schema":{"@context":"https:\/\/schema.org","@graph":[{"@type":"Article","@id":"https:\/\/www.bellunopress.it\/2010\/01\/24\/martedi-26-alla-camera-di-commercio-%e2%80%9cnord-est-2009-x-rapporto-sulla-societa-e-l%e2%80%99economia-il-nord-est-nei-10-anni-che-hanno-cambiato-l%e2%80%99europa%e2%80%9d\/#article","isPartOf":{"@id":"https:\/\/www.bellunopress.it\/2010\/01\/24\/martedi-26-alla-camera-di-commercio-%e2%80%9cnord-est-2009-x-rapporto-sulla-societa-e-l%e2%80%99economia-il-nord-est-nei-10-anni-che-hanno-cambiato-l%e2%80%99europa%e2%80%9d\/"},"author":{"name":"redazione","@id":"https:\/\/www.bellunopress.it\/#\/schema\/person\/79bb06722b37ece1c03d3e94beb30d73"},"headline":"Marted\u00ec 26 alla Camera di Commercio: \u201cNord Est 2009. X Rapporto sulla societ\u00e0 e l\u2019economia. Il Nord Est nei 10 anni che hanno cambiato l\u2019Europa\u201d","datePublished":"2010-01-24T11:55:51+00:00","mainEntityOfPage":{"@id":"https:\/\/www.bellunopress.it\/2010\/01\/24\/martedi-26-alla-camera-di-commercio-%e2%80%9cnord-est-2009-x-rapporto-sulla-societa-e-l%e2%80%99economia-il-nord-est-nei-10-anni-che-hanno-cambiato-l%e2%80%99europa%e2%80%9d\/"},"wordCount":219,"publisher":{"@id":"https:\/\/www.bellunopress.it\/#organization"},"image":{"@id":"https:\/\/www.bellunopress.it\/2010\/01\/24\/martedi-26-alla-camera-di-commercio-%e2%80%9cnord-est-2009-x-rapporto-sulla-societa-e-l%e2%80%99economia-il-nord-est-nei-10-anni-che-hanno-cambiato-l%e2%80%99europa%e2%80%9d\/#primaryimage"},"thumbnailUrl":"http:\/\/www.bellunopress.it\/wp-content\/uploads\/2009\/03\/camera-commercio.jpg","keywords":["Belluno"],"articleSection":["Lavoro, Economia, Turismo","Prima Pagina"],"inLanguage":"fr-FR"},{"@type":"WebPage","@id":"https:\/\/www.bellunopress.it\/2010\/01\/24\/martedi-26-alla-camera-di-commercio-%e2%80%9cnord-est-2009-x-rapporto-sulla-societa-e-l%e2%80%99economia-il-nord-est-nei-10-anni-che-hanno-cambiato-l%e2%80%99europa%e2%80%9d\/","url":"https:\/\/www.bellunopress.it\/2010\/01\/24\/martedi-26-alla-camera-di-commercio-%e2%80%9cnord-est-2009-x-rapporto-sulla-societa-e-l%e2%80%99economia-il-nord-est-nei-10-anni-che-hanno-cambiato-l%e2%80%99europa%e2%80%9d\/","name":"Marted\u00ec 26 alla Camera di Commercio: \u201cNord Est 2009. X Rapporto sulla societ\u00e0 e l\u2019economia. Il Nord Est nei 10 anni che hanno cambiato l\u2019Europa\u201d - Bellunopress - Dolomiti","isPartOf":{"@id":"https:\/\/www.bellunopress.it\/#website"},"primaryImageOfPage":{"@id":"https:\/\/www.bellunopress.it\/2010\/01\/24\/martedi-26-alla-camera-di-commercio-%e2%80%9cnord-est-2009-x-rapporto-sulla-societa-e-l%e2%80%99economia-il-nord-est-nei-10-anni-che-hanno-cambiato-l%e2%80%99europa%e2%80%9d\/#primaryimage"},"image":{"@id":"https:\/\/www.bellunopress.it\/2010\/01\/24\/martedi-26-alla-camera-di-commercio-%e2%80%9cnord-est-2009-x-rapporto-sulla-societa-e-l%e2%80%99economia-il-nord-est-nei-10-anni-che-hanno-cambiato-l%e2%80%99europa%e2%80%9d\/#primaryimage"},"thumbnailUrl":"http:\/\/www.bellunopress.it\/wp-content\/uploads\/2009\/03\/camera-commercio.jpg","datePublished":"2010-01-24T11:55:51+00:00","breadcrumb":{"@id":"https:\/\/www.bellunopress.it\/2010\/01\/24\/martedi-26-alla-camera-di-commercio-%e2%80%9cnord-est-2009-x-rapporto-sulla-societa-e-l%e2%80%99economia-il-nord-est-nei-10-anni-che-hanno-cambiato-l%e2%80%99europa%e2%80%9d\/#breadcrumb"},"inLanguage":"fr-FR","potentialAction":[{"@type":"ReadAction","target":["https:\/\/www.bellunopress.it\/2010\/01\/24\/martedi-26-alla-camera-di-commercio-%e2%80%9cnord-est-2009-x-rapporto-sulla-societa-e-l%e2%80%99economia-il-nord-est-nei-10-anni-che-hanno-cambiato-l%e2%80%99europa%e2%80%9d\/"]}]},{"@type":"ImageObject","inLanguage":"fr-FR","@id":"https:\/\/www.bellunopress.it\/2010\/01\/24\/martedi-26-alla-camera-di-commercio-%e2%80%9cnord-est-2009-x-rapporto-sulla-societa-e-l%e2%80%99economia-il-nord-est-nei-10-anni-che-hanno-cambiato-l%e2%80%99europa%e2%80%9d\/#primaryimage","url":"http:\/\/www.bellunopress.it\/wp-content\/uploads\/2009\/03\/camera-commercio.jpg","contentUrl":"http:\/\/www.bellunopress.it\/wp-content\/uploads\/2009\/03\/camera-commercio.jpg"},{"@type":"BreadcrumbList","@id":"https:\/\/www.bellunopress.it\/2010\/01\/24\/martedi-26-alla-camera-di-commercio-%e2%80%9cnord-est-2009-x-rapporto-sulla-societa-e-l%e2%80%99economia-il-nord-est-nei-10-anni-che-hanno-cambiato-l%e2%80%99europa%e2%80%9d\/#breadcrumb","itemListElement":[{"@type":"ListItem","position":1,"name":"Home","item":"https:\/\/www.bellunopress.it\/"},{"@type":"ListItem","position":2,"name":"Marted\u00ec 26 alla Camera di Commercio: \u201cNord Est 2009. X Rapporto sulla societ\u00e0 e l\u2019economia. Il Nord Est nei 10 anni che hanno cambiato l\u2019Europa\u201d"}]},{"@type":"WebSite","@id":"https:\/\/www.bellunopress.it\/#website","url":"https:\/\/www.bellunopress.it\/","name":"Bellunopress - Dolomiti","description":"e-mail: redazione@bellunopress.it","publisher":{"@id":"https:\/\/www.bellunopress.it\/#organization"},"potentialAction":[{"@type":"SearchAction","target":{"@type":"EntryPoint","urlTemplate":"https:\/\/www.bellunopress.it\/?s={search_term_string}"},"query-input":{"@type":"PropertyValueSpecification","valueRequired":true,"valueName":"search_term_string"}}],"inLanguage":"fr-FR"},{"@type":"Organization","@id":"https:\/\/www.bellunopress.it\/#organization","name":"Bellunopress","url":"https:\/\/www.bellunopress.it\/","logo":{"@type":"ImageObject","inLanguage":"fr-FR","@id":"https:\/\/www.bellunopress.it\/#\/schema\/logo\/image\/","url":"https:\/\/www.bellunopress.it\/wp-content\/uploads\/2011\/05\/cropped-logo-bellunopress-.jpg","contentUrl":"https:\/\/www.bellunopress.it\/wp-content\/uploads\/2011\/05\/cropped-logo-bellunopress-.jpg","width":512,"height":512,"caption":"Bellunopress"},"image":{"@id":"https:\/\/www.bellunopress.it\/#\/schema\/logo\/image\/"},"sameAs":["https:\/\/www.facebook.com\/profile.php?id=100008943462799","https:\/\/x.com\/bellunopress","https:\/\/www.linkedin.com\/hp\/?dnr=JBzUWaJfMUw8vbXJJ2tVW5-I3jZKvC4wsoxE&amp;amp;amp;amp;amp;amp;trk=nav_responsive_tab_home","https:\/\/www.youtube.com\/channel\/UCxL0wu1uN0_3_7hGG0306cw"]},{"@type":"Person","@id":"https:\/\/www.bellunopress.it\/#\/schema\/person\/79bb06722b37ece1c03d3e94beb30d73","name":"r\u00e9daction","image":{"@type":"ImageObject","inLanguage":"fr-FR","@id":"https:\/\/secure.gravatar.com\/avatar\/37d968a2e67a6fd04c169c4bdef102d0bc5d31b2546345219e348575eb80e9a0?s=96&d=mm&r=g","url":"https:\/\/secure.gravatar.com\/avatar\/37d968a2e67a6fd04c169c4bdef102d0bc5d31b2546345219e348575eb80e9a0?s=96&d=mm&r=g","contentUrl":"https:\/\/secure.gravatar.com\/avatar\/37d968a2e67a6fd04c169c4bdef102d0bc5d31b2546345219e348575eb80e9a0?s=96&d=mm&r=g","caption":"redazione"},"sameAs":["http:\/\/www.bellunopress.it","https:\/\/x.com\/bellunopress"],"url":"https:\/\/www.bellunopress.it\/fr\/author\/redazione\/"}]}},"_links":{"self":[{"href":"https:\/\/www.bellunopress.it\/fr\/wp-json\/wp\/v2\/posts\/11744","targetHints":{"allow":["GET"]}}],"collection":[{"href":"https:\/\/www.bellunopress.it\/fr\/wp-json\/wp\/v2\/posts"}],"about":[{"href":"https:\/\/www.bellunopress.it\/fr\/wp-json\/wp\/v2\/types\/post"}],"author":[{"embeddable":true,"href":"https:\/\/www.bellunopress.it\/fr\/wp-json\/wp\/v2\/users\/2"}],"replies":[{"embeddable":true,"href":"https:\/\/www.bellunopress.it\/fr\/wp-json\/wp\/v2\/comments?post=11744"}],"version-history":[{"count":1,"href":"https:\/\/www.bellunopress.it\/fr\/wp-json\/wp\/v2\/posts\/11744\/revisions"}],"predecessor-version":[{"id":11745,"href":"https:\/\/www.bellunopress.it\/fr\/wp-json\/wp\/v2\/posts\/11744\/revisions\/11745"}],"wp:attachment":[{"href":"https:\/\/www.bellunopress.it\/fr\/wp-json\/wp\/v2\/media?parent=11744"}],"wp:term":[{"taxonomy":"category","embeddable":true,"href":"https:\/\/www.bellunopress.it\/fr\/wp-json\/wp\/v2\/categories?post=11744"},{"taxonomy":"post_tag","embeddable":true,"href":"https:\/\/www.bellunopress.it\/fr\/wp-json\/wp\/v2\/tags?post=11744"}],"curies":[{"name":"wp","href":"https:\/\/api.w.org\/{rel}","templated":true}]}}