{"id":117435,"date":"2020-09-09T14:57:04","date_gmt":"2020-09-09T12:57:04","guid":{"rendered":"http:\/\/www.bellunopress.it\/?p=117435"},"modified":"2020-09-09T16:11:53","modified_gmt":"2020-09-09T14:11:53","slug":"intervista-al-candidato-luciano-da-pian-lista-zaia","status":"publish","type":"post","link":"https:\/\/www.bellunopress.it\/fr\/2020\/09\/09\/intervista-al-candidato-luciano-da-pian-lista-zaia\/","title":{"rendered":"Intervista al candidato Luciano Da Pian, lista Zaia"},"content":{"rendered":"<p><a href=\"http:\/\/www.bellunopress.it\/fr\/2020\/09\/09\/intervista-al-candidato-luciano-da-pian-lista-zaia\/luciano-da-pian_edited\/\" rel=\"attachment wp-att-117436\"><img loading=\"lazy\" decoding=\"async\" class=\"alignleft size-full wp-image-117436\" src=\"http:\/\/www.bellunopress.it\/wp-content\/uploads\/2020\/09\/luciano-da-pian_edited.jpg\" alt=\"\" width=\"419\" height=\"505\" srcset=\"https:\/\/www.bellunopress.it\/wp-content\/uploads\/2020\/09\/luciano-da-pian_edited.jpg 419w, https:\/\/www.bellunopress.it\/wp-content\/uploads\/2020\/09\/luciano-da-pian_edited-415x500.jpg 415w, https:\/\/www.bellunopress.it\/wp-content\/uploads\/2020\/09\/luciano-da-pian_edited-348x420.jpg 348w\" sizes=\"auto, (max-width: 419px) 100vw, 419px\" \/><\/a>Luciano Da Pian, da circa tre anni consigliere in Comune di Belluno, \u00e8 candidato alle regionali per la Lega nella lista Zaia. Lo abbiamo incontrato per una breve intervista qui di seguito pubblicata.<\/p>\n<p><em>E\u2019 stata una sua scelta l\u2019inserimento in lista Zaia?<\/em><br \/>\n\u201cHo dato la mia disponibilit\u00e0 per la formazione delle liste per le elezioni regionali e con grande sorpresa, mi sono trovato nella Lista del Presidente Zaia. Questa cosa mi riempie di gioia e mi fa sentire orgoglioso di partecipare ad una competizione elettorale che potr\u00e0 consolidare la forza della nostra Regione nel contesto nazionale portando sempre avanti il tema della Autonomia\u201d.<\/p>\n<p><em>Qual \u00e8 il suo motto per questa campagna elettorale?<\/em><br \/>\n\u201cOsservare, ascoltare, progettare e poi agire. Questo \u00e8 il mio pensiero e in sostanza il mio programma\u201d.<\/p>\n<p><em>Ci pu\u00f2 dire qualcosa di lei, della sua esperienza, e perch\u00e9 i bellunesi le dovrebbero dare il voto?<\/em><br \/>\n\u201cHo 56 anni e vivo a Belluno. Ho fatto esperienze lavorative come libero professionista nel campo dell\u2019edilizia e da ormai 30 anni lavoro all\u2019ATER, l\u2019Azienda che gestisce e costruisce la \u2018case popolari\u2019 e che possiede immobili in tutta la provincia. Gestendo il patrimonio, conosco piuttosto bene tutto il territorio. Questo mi ha permesso di entrare in molte dinamiche proprie del nostro difficile territorio, con una particolare attenzione all\u2019aspetto delle problematiche sociali. Ebbene, questa competizione potr\u00e0 permettermi di mettere a frutto anche le conoscenze del territorio sviluppate in esperienze di amministratore di societ\u00e0 partecipate dal Comune e dalla Provincia\u201d.<\/p>\n<p><em>Cosa pensa del nostro territorio?<\/em><br \/>\n\u201cViviamo in un territorio tanto meraviglioso, quanto fragile che necessita di tante e continue attenzioni, con la gente che in un attimo si ritrova in un mare di acqua e fango. Ma che si rialza sempre con forza e tenacia con una rete di aiuti che va dalla protezione civile a quanti si adoperano sempre nei moment di difficolt\u00e0. E tutto ci\u00f2 con altri e molteplici questioni in parte risolte, ma che affliggono il nostro territorio\u201d.<\/p>\n<p><em>Qual \u00e8 la sua posizione sui collegamenti e la viabilit\u00e0 in provincia?<\/em><br \/>\n\u201cC\u2019\u00e8 l\u2019assoluta necessit\u00e0 dello sbocco a nord. E c\u2019\u00e8 anche la necessit\u00e0 di sviluppare ed implementare i canali di collegamento informatici, che anche in ragione della pandemia hanno dimostrato essere indispensabili\u201d.<\/p>\n<p><em>Quali altri temi ritiene importanti?<\/em><br \/>\n\u201cC\u2019\u00e8 la questione dell\u2019abbandono delle terre alte e quindi dello spopolamento, della difficolt\u00e0 di lavorare e fare impresa nel nostro territorio. Di quanto dobbiamo avere a cuore i nostri anziani e proteggerli e di come dobbiamo pensare al futuro dei ragazzi che devono trovare qui adeguate risposte nel lavoro che permettano loro di progettare il futuro nella loro terra. Nondimeno importante il tema della sanit\u00e0 che opera in questo contesto complesso.<\/p>\n<p><em>Quali potenzialit\u00e0 vede nel futuro del nostro territorio?<\/em><br \/>\n\u201cDisponiamo di un territorio complesso, che comprende le Dolomiti, patrimonio mondiale UNESCO, che dobbiamo \u2018sfruttare\u2019 al massimo, massimizzando la bellezza e la specificit\u00e0 dei nostri territori nell\u2019assoluto rispetto dell\u2019ambiente. Il turismo come davvero fonte di lavoro e di reddito da sviluppare nelle varie forme quali ad esempio l\u2019enogastronomia o dei piccoli allevamenti, anche a conduzione familiare o dell\u2019ospitalit\u00e0 diffusa e quindi della valorizzazione dei territori partendo da quelli meno conosciuti. E tutto questo preparandoci ai grandi appuntamenti mondiali del 2021 e del 2026 che dovranno vedere il nostro territorio come un legante assoluto tra Milano e Cortina\u201d.<\/p>","protected":false},"excerpt":{"rendered":"<p>Luciano Da Pian, da circa tre anni consigliere in Comune di Belluno, \u00e8 candidato alle regionali per la Lega nella lista Zaia. Lo abbiamo incontrato per una breve intervista qui di seguito pubblicata. E\u2019 stata una sua scelta l\u2019inserimento in lista Zaia? \u201cHo dato la mia disponibilit\u00e0 per la formazione delle liste per le elezioni [&hellip;]<\/p>\n","protected":false},"author":2,"featured_media":117436,"comment_status":"closed","ping_status":"open","sticky":false,"template":"","format":"standard","meta":{"footnotes":""},"categories":[5,3446,26],"tags":[],"class_list":["post-117435","post","type-post","status-publish","format-standard","has-post-thumbnail","category-cronaca","category-featured","category-prima-pagina"],"yoast_head":"<!-- This site is optimized with the Yoast SEO plugin v28.4 - https:\/\/yoast.com\/product\/yoast-seo-wordpress\/ -->\n<title>Intervista al candidato Luciano Da Pian, lista Zaia - Bellunopress - Dolomiti<\/title>\n<meta name=\"robots\" content=\"index, follow, max-snippet:-1, max-image-preview:large, max-video-preview:-1\" \/>\n<link rel=\"canonical\" href=\"https:\/\/www.bellunopress.it\/fr\/2020\/09\/09\/intervista-al-candidato-luciano-da-pian-lista-zaia\/\" \/>\n<meta property=\"og:locale\" content=\"fr_FR\" \/>\n<meta property=\"og:type\" content=\"article\" \/>\n<meta property=\"og:title\" content=\"Intervista al candidato Luciano Da Pian, lista Zaia - Bellunopress - Dolomiti\" \/>\n<meta property=\"og:description\" content=\"Luciano Da Pian, da circa tre anni consigliere in Comune di Belluno, \u00e8 candidato alle regionali per la Lega nella lista Zaia. Lo abbiamo incontrato per una breve intervista qui di seguito pubblicata. E\u2019 stata una sua scelta l\u2019inserimento in lista Zaia? \u201cHo dato la mia disponibilit\u00e0 per la formazione delle liste per le elezioni [&hellip;]\" \/>\n<meta property=\"og:url\" content=\"https:\/\/www.bellunopress.it\/fr\/2020\/09\/09\/intervista-al-candidato-luciano-da-pian-lista-zaia\/\" \/>\n<meta property=\"og:site_name\" content=\"Bellunopress - Dolomiti\" \/>\n<meta property=\"article:publisher\" content=\"https:\/\/www.facebook.com\/profile.php?id=100008943462799\" \/>\n<meta property=\"article:published_time\" content=\"2020-09-09T12:57:04+00:00\" \/>\n<meta property=\"article:modified_time\" content=\"2020-09-09T14:11:53+00:00\" \/>\n<meta property=\"og:image\" content=\"https:\/\/www.bellunopress.it\/wp-content\/uploads\/2020\/09\/luciano-da-pian_edited.jpg\" \/>\n\t<meta property=\"og:image:width\" content=\"419\" \/>\n\t<meta property=\"og:image:height\" content=\"505\" \/>\n\t<meta property=\"og:image:type\" content=\"image\/jpeg\" \/>\n<meta name=\"author\" content=\"redazione\" \/>\n<meta name=\"twitter:card\" content=\"summary_large_image\" \/>\n<meta name=\"twitter:creator\" content=\"@bellunopress\" \/>\n<meta name=\"twitter:site\" content=\"@bellunopress\" \/>\n<meta name=\"twitter:label1\" content=\"\u00c9crit par\" \/>\n\t<meta name=\"twitter:data1\" content=\"redazione\" \/>\n\t<meta name=\"twitter:label2\" content=\"Dur\u00e9e de lecture estim\u00e9e\" \/>\n\t<meta name=\"twitter:data2\" content=\"3 minutes\" \/>\n<script type=\"application\/ld+json\" class=\"yoast-schema-graph\">{\"@context\":\"https:\\\/\\\/schema.org\",\"@graph\":[{\"@type\":\"Article\",\"@id\":\"https:\\\/\\\/www.bellunopress.it\\\/2020\\\/09\\\/09\\\/intervista-al-candidato-luciano-da-pian-lista-zaia\\\/#article\",\"isPartOf\":{\"@id\":\"https:\\\/\\\/www.bellunopress.it\\\/2020\\\/09\\\/09\\\/intervista-al-candidato-luciano-da-pian-lista-zaia\\\/\"},\"author\":{\"name\":\"redazione\",\"@id\":\"https:\\\/\\\/www.bellunopress.it\\\/#\\\/schema\\\/person\\\/79bb06722b37ece1c03d3e94beb30d73\"},\"headline\":\"Intervista al candidato Luciano Da Pian, lista Zaia\",\"datePublished\":\"2020-09-09T12:57:04+00:00\",\"dateModified\":\"2020-09-09T14:11:53+00:00\",\"mainEntityOfPage\":{\"@id\":\"https:\\\/\\\/www.bellunopress.it\\\/2020\\\/09\\\/09\\\/intervista-al-candidato-luciano-da-pian-lista-zaia\\\/\"},\"wordCount\":561,\"publisher\":{\"@id\":\"https:\\\/\\\/www.bellunopress.it\\\/#organization\"},\"image\":{\"@id\":\"https:\\\/\\\/www.bellunopress.it\\\/2020\\\/09\\\/09\\\/intervista-al-candidato-luciano-da-pian-lista-zaia\\\/#primaryimage\"},\"thumbnailUrl\":\"https:\\\/\\\/www.bellunopress.it\\\/wp-content\\\/uploads\\\/2020\\\/09\\\/luciano-da-pian_edited.jpg\",\"articleSection\":[\"Cronaca\\\/Politica\",\"Featured\",\"Prima Pagina\"],\"inLanguage\":\"fr-FR\"},{\"@type\":\"WebPage\",\"@id\":\"https:\\\/\\\/www.bellunopress.it\\\/2020\\\/09\\\/09\\\/intervista-al-candidato-luciano-da-pian-lista-zaia\\\/\",\"url\":\"https:\\\/\\\/www.bellunopress.it\\\/2020\\\/09\\\/09\\\/intervista-al-candidato-luciano-da-pian-lista-zaia\\\/\",\"name\":\"Intervista al candidato Luciano Da Pian, lista Zaia - Bellunopress - Dolomiti\",\"isPartOf\":{\"@id\":\"https:\\\/\\\/www.bellunopress.it\\\/#website\"},\"primaryImageOfPage\":{\"@id\":\"https:\\\/\\\/www.bellunopress.it\\\/2020\\\/09\\\/09\\\/intervista-al-candidato-luciano-da-pian-lista-zaia\\\/#primaryimage\"},\"image\":{\"@id\":\"https:\\\/\\\/www.bellunopress.it\\\/2020\\\/09\\\/09\\\/intervista-al-candidato-luciano-da-pian-lista-zaia\\\/#primaryimage\"},\"thumbnailUrl\":\"https:\\\/\\\/www.bellunopress.it\\\/wp-content\\\/uploads\\\/2020\\\/09\\\/luciano-da-pian_edited.jpg\",\"datePublished\":\"2020-09-09T12:57:04+00:00\",\"dateModified\":\"2020-09-09T14:11:53+00:00\",\"breadcrumb\":{\"@id\":\"https:\\\/\\\/www.bellunopress.it\\\/2020\\\/09\\\/09\\\/intervista-al-candidato-luciano-da-pian-lista-zaia\\\/#breadcrumb\"},\"inLanguage\":\"fr-FR\",\"potentialAction\":[{\"@type\":\"ReadAction\",\"target\":[\"https:\\\/\\\/www.bellunopress.it\\\/2020\\\/09\\\/09\\\/intervista-al-candidato-luciano-da-pian-lista-zaia\\\/\"]}]},{\"@type\":\"ImageObject\",\"inLanguage\":\"fr-FR\",\"@id\":\"https:\\\/\\\/www.bellunopress.it\\\/2020\\\/09\\\/09\\\/intervista-al-candidato-luciano-da-pian-lista-zaia\\\/#primaryimage\",\"url\":\"https:\\\/\\\/www.bellunopress.it\\\/wp-content\\\/uploads\\\/2020\\\/09\\\/luciano-da-pian_edited.jpg\",\"contentUrl\":\"https:\\\/\\\/www.bellunopress.it\\\/wp-content\\\/uploads\\\/2020\\\/09\\\/luciano-da-pian_edited.jpg\",\"width\":419,\"height\":505,\"caption\":\"Luciano Da Pian\"},{\"@type\":\"BreadcrumbList\",\"@id\":\"https:\\\/\\\/www.bellunopress.it\\\/2020\\\/09\\\/09\\\/intervista-al-candidato-luciano-da-pian-lista-zaia\\\/#breadcrumb\",\"itemListElement\":[{\"@type\":\"ListItem\",\"position\":1,\"name\":\"Home\",\"item\":\"https:\\\/\\\/www.bellunopress.it\\\/\"},{\"@type\":\"ListItem\",\"position\":2,\"name\":\"Intervista al candidato Luciano Da Pian, lista Zaia\"}]},{\"@type\":\"WebSite\",\"@id\":\"https:\\\/\\\/www.bellunopress.it\\\/#website\",\"url\":\"https:\\\/\\\/www.bellunopress.it\\\/\",\"name\":\"Bellunopress - Dolomiti\",\"description\":\"e-mail: redazione@bellunopress.it\",\"publisher\":{\"@id\":\"https:\\\/\\\/www.bellunopress.it\\\/#organization\"},\"potentialAction\":[{\"@type\":\"SearchAction\",\"target\":{\"@type\":\"EntryPoint\",\"urlTemplate\":\"https:\\\/\\\/www.bellunopress.it\\\/?s={search_term_string}\"},\"query-input\":{\"@type\":\"PropertyValueSpecification\",\"valueRequired\":true,\"valueName\":\"search_term_string\"}}],\"inLanguage\":\"fr-FR\"},{\"@type\":\"Organization\",\"@id\":\"https:\\\/\\\/www.bellunopress.it\\\/#organization\",\"name\":\"Bellunopress\",\"url\":\"https:\\\/\\\/www.bellunopress.it\\\/\",\"logo\":{\"@type\":\"ImageObject\",\"inLanguage\":\"fr-FR\",\"@id\":\"https:\\\/\\\/www.bellunopress.it\\\/#\\\/schema\\\/logo\\\/image\\\/\",\"url\":\"https:\\\/\\\/www.bellunopress.it\\\/wp-content\\\/uploads\\\/2011\\\/05\\\/cropped-logo-bellunopress-.jpg\",\"contentUrl\":\"https:\\\/\\\/www.bellunopress.it\\\/wp-content\\\/uploads\\\/2011\\\/05\\\/cropped-logo-bellunopress-.jpg\",\"width\":512,\"height\":512,\"caption\":\"Bellunopress\"},\"image\":{\"@id\":\"https:\\\/\\\/www.bellunopress.it\\\/#\\\/schema\\\/logo\\\/image\\\/\"},\"sameAs\":[\"https:\\\/\\\/www.facebook.com\\\/profile.php?id=100008943462799\",\"https:\\\/\\\/x.com\\\/bellunopress\",\"https:\\\/\\\/www.linkedin.com\\\/hp\\\/?dnr=JBzUWaJfMUw8vbXJJ2tVW5-I3jZKvC4wsoxE&amp;amp;amp;amp;amp;amp;trk=nav_responsive_tab_home\",\"https:\\\/\\\/www.youtube.com\\\/channel\\\/UCxL0wu1uN0_3_7hGG0306cw\"]},{\"@type\":\"Person\",\"@id\":\"https:\\\/\\\/www.bellunopress.it\\\/#\\\/schema\\\/person\\\/79bb06722b37ece1c03d3e94beb30d73\",\"name\":\"redazione\",\"image\":{\"@type\":\"ImageObject\",\"inLanguage\":\"fr-FR\",\"@id\":\"https:\\\/\\\/secure.gravatar.com\\\/avatar\\\/37d968a2e67a6fd04c169c4bdef102d0bc5d31b2546345219e348575eb80e9a0?s=96&d=mm&r=g\",\"url\":\"https:\\\/\\\/secure.gravatar.com\\\/avatar\\\/37d968a2e67a6fd04c169c4bdef102d0bc5d31b2546345219e348575eb80e9a0?s=96&d=mm&r=g\",\"contentUrl\":\"https:\\\/\\\/secure.gravatar.com\\\/avatar\\\/37d968a2e67a6fd04c169c4bdef102d0bc5d31b2546345219e348575eb80e9a0?s=96&d=mm&r=g\",\"caption\":\"redazione\"},\"sameAs\":[\"http:\\\/\\\/www.bellunopress.it\",\"https:\\\/\\\/x.com\\\/bellunopress\"],\"url\":\"https:\\\/\\\/www.bellunopress.it\\\/fr\\\/author\\\/redazione\\\/\"}]}<\/script>\n<!-- \/ Yoast SEO plugin. -->","yoast_head_json":{"title":"Intervista al candidato Luciano Da Pian, lista Zaia - Bellunopress - Dolomiti","robots":{"index":"index","follow":"follow","max-snippet":"max-snippet:-1","max-image-preview":"max-image-preview:large","max-video-preview":"max-video-preview:-1"},"canonical":"https:\/\/www.bellunopress.it\/fr\/2020\/09\/09\/intervista-al-candidato-luciano-da-pian-lista-zaia\/","og_locale":"fr_FR","og_type":"article","og_title":"Intervista al candidato Luciano Da Pian, lista Zaia - Bellunopress - Dolomiti","og_description":"Luciano Da Pian, da circa tre anni consigliere in Comune di Belluno, \u00e8 candidato alle regionali per la Lega nella lista Zaia. Lo abbiamo incontrato per una breve intervista qui di seguito pubblicata. E\u2019 stata una sua scelta l\u2019inserimento in lista Zaia? \u201cHo dato la mia disponibilit\u00e0 per la formazione delle liste per le elezioni [&hellip;]","og_url":"https:\/\/www.bellunopress.it\/fr\/2020\/09\/09\/intervista-al-candidato-luciano-da-pian-lista-zaia\/","og_site_name":"Bellunopress - Dolomiti","article_publisher":"https:\/\/www.facebook.com\/profile.php?id=100008943462799","article_published_time":"2020-09-09T12:57:04+00:00","article_modified_time":"2020-09-09T14:11:53+00:00","og_image":[{"width":419,"height":505,"url":"https:\/\/www.bellunopress.it\/wp-content\/uploads\/2020\/09\/luciano-da-pian_edited.jpg","type":"image\/jpeg"}],"author":"redazione","twitter_card":"summary_large_image","twitter_creator":"@bellunopress","twitter_site":"@bellunopress","twitter_misc":{"\u00c9crit par":"redazione","Dur\u00e9e de lecture estim\u00e9e":"3 minutes"},"schema":{"@context":"https:\/\/schema.org","@graph":[{"@type":"Article","@id":"https:\/\/www.bellunopress.it\/2020\/09\/09\/intervista-al-candidato-luciano-da-pian-lista-zaia\/#article","isPartOf":{"@id":"https:\/\/www.bellunopress.it\/2020\/09\/09\/intervista-al-candidato-luciano-da-pian-lista-zaia\/"},"author":{"name":"redazione","@id":"https:\/\/www.bellunopress.it\/#\/schema\/person\/79bb06722b37ece1c03d3e94beb30d73"},"headline":"Intervista al candidato Luciano Da Pian, lista Zaia","datePublished":"2020-09-09T12:57:04+00:00","dateModified":"2020-09-09T14:11:53+00:00","mainEntityOfPage":{"@id":"https:\/\/www.bellunopress.it\/2020\/09\/09\/intervista-al-candidato-luciano-da-pian-lista-zaia\/"},"wordCount":561,"publisher":{"@id":"https:\/\/www.bellunopress.it\/#organization"},"image":{"@id":"https:\/\/www.bellunopress.it\/2020\/09\/09\/intervista-al-candidato-luciano-da-pian-lista-zaia\/#primaryimage"},"thumbnailUrl":"https:\/\/www.bellunopress.it\/wp-content\/uploads\/2020\/09\/luciano-da-pian_edited.jpg","articleSection":["Cronaca\/Politica","Featured","Prima Pagina"],"inLanguage":"fr-FR"},{"@type":"WebPage","@id":"https:\/\/www.bellunopress.it\/2020\/09\/09\/intervista-al-candidato-luciano-da-pian-lista-zaia\/","url":"https:\/\/www.bellunopress.it\/2020\/09\/09\/intervista-al-candidato-luciano-da-pian-lista-zaia\/","name":"Intervista al candidato Luciano Da Pian, lista Zaia - Bellunopress - Dolomiti","isPartOf":{"@id":"https:\/\/www.bellunopress.it\/#website"},"primaryImageOfPage":{"@id":"https:\/\/www.bellunopress.it\/2020\/09\/09\/intervista-al-candidato-luciano-da-pian-lista-zaia\/#primaryimage"},"image":{"@id":"https:\/\/www.bellunopress.it\/2020\/09\/09\/intervista-al-candidato-luciano-da-pian-lista-zaia\/#primaryimage"},"thumbnailUrl":"https:\/\/www.bellunopress.it\/wp-content\/uploads\/2020\/09\/luciano-da-pian_edited.jpg","datePublished":"2020-09-09T12:57:04+00:00","dateModified":"2020-09-09T14:11:53+00:00","breadcrumb":{"@id":"https:\/\/www.bellunopress.it\/2020\/09\/09\/intervista-al-candidato-luciano-da-pian-lista-zaia\/#breadcrumb"},"inLanguage":"fr-FR","potentialAction":[{"@type":"ReadAction","target":["https:\/\/www.bellunopress.it\/2020\/09\/09\/intervista-al-candidato-luciano-da-pian-lista-zaia\/"]}]},{"@type":"ImageObject","inLanguage":"fr-FR","@id":"https:\/\/www.bellunopress.it\/2020\/09\/09\/intervista-al-candidato-luciano-da-pian-lista-zaia\/#primaryimage","url":"https:\/\/www.bellunopress.it\/wp-content\/uploads\/2020\/09\/luciano-da-pian_edited.jpg","contentUrl":"https:\/\/www.bellunopress.it\/wp-content\/uploads\/2020\/09\/luciano-da-pian_edited.jpg","width":419,"height":505,"caption":"Luciano Da Pian"},{"@type":"BreadcrumbList","@id":"https:\/\/www.bellunopress.it\/2020\/09\/09\/intervista-al-candidato-luciano-da-pian-lista-zaia\/#breadcrumb","itemListElement":[{"@type":"ListItem","position":1,"name":"Home","item":"https:\/\/www.bellunopress.it\/"},{"@type":"ListItem","position":2,"name":"Intervista al candidato Luciano Da Pian, lista Zaia"}]},{"@type":"WebSite","@id":"https:\/\/www.bellunopress.it\/#website","url":"https:\/\/www.bellunopress.it\/","name":"Bellunopress - Dolomiti","description":"e-mail: redazione@bellunopress.it","publisher":{"@id":"https:\/\/www.bellunopress.it\/#organization"},"potentialAction":[{"@type":"SearchAction","target":{"@type":"EntryPoint","urlTemplate":"https:\/\/www.bellunopress.it\/?s={search_term_string}"},"query-input":{"@type":"PropertyValueSpecification","valueRequired":true,"valueName":"search_term_string"}}],"inLanguage":"fr-FR"},{"@type":"Organization","@id":"https:\/\/www.bellunopress.it\/#organization","name":"Bellunopress","url":"https:\/\/www.bellunopress.it\/","logo":{"@type":"ImageObject","inLanguage":"fr-FR","@id":"https:\/\/www.bellunopress.it\/#\/schema\/logo\/image\/","url":"https:\/\/www.bellunopress.it\/wp-content\/uploads\/2011\/05\/cropped-logo-bellunopress-.jpg","contentUrl":"https:\/\/www.bellunopress.it\/wp-content\/uploads\/2011\/05\/cropped-logo-bellunopress-.jpg","width":512,"height":512,"caption":"Bellunopress"},"image":{"@id":"https:\/\/www.bellunopress.it\/#\/schema\/logo\/image\/"},"sameAs":["https:\/\/www.facebook.com\/profile.php?id=100008943462799","https:\/\/x.com\/bellunopress","https:\/\/www.linkedin.com\/hp\/?dnr=JBzUWaJfMUw8vbXJJ2tVW5-I3jZKvC4wsoxE&amp;amp;amp;amp;amp;amp;trk=nav_responsive_tab_home","https:\/\/www.youtube.com\/channel\/UCxL0wu1uN0_3_7hGG0306cw"]},{"@type":"Person","@id":"https:\/\/www.bellunopress.it\/#\/schema\/person\/79bb06722b37ece1c03d3e94beb30d73","name":"r\u00e9daction","image":{"@type":"ImageObject","inLanguage":"fr-FR","@id":"https:\/\/secure.gravatar.com\/avatar\/37d968a2e67a6fd04c169c4bdef102d0bc5d31b2546345219e348575eb80e9a0?s=96&d=mm&r=g","url":"https:\/\/secure.gravatar.com\/avatar\/37d968a2e67a6fd04c169c4bdef102d0bc5d31b2546345219e348575eb80e9a0?s=96&d=mm&r=g","contentUrl":"https:\/\/secure.gravatar.com\/avatar\/37d968a2e67a6fd04c169c4bdef102d0bc5d31b2546345219e348575eb80e9a0?s=96&d=mm&r=g","caption":"redazione"},"sameAs":["http:\/\/www.bellunopress.it","https:\/\/x.com\/bellunopress"],"url":"https:\/\/www.bellunopress.it\/fr\/author\/redazione\/"}]}},"_links":{"self":[{"href":"https:\/\/www.bellunopress.it\/fr\/wp-json\/wp\/v2\/posts\/117435","targetHints":{"allow":["GET"]}}],"collection":[{"href":"https:\/\/www.bellunopress.it\/fr\/wp-json\/wp\/v2\/posts"}],"about":[{"href":"https:\/\/www.bellunopress.it\/fr\/wp-json\/wp\/v2\/types\/post"}],"author":[{"embeddable":true,"href":"https:\/\/www.bellunopress.it\/fr\/wp-json\/wp\/v2\/users\/2"}],"replies":[{"embeddable":true,"href":"https:\/\/www.bellunopress.it\/fr\/wp-json\/wp\/v2\/comments?post=117435"}],"version-history":[{"count":2,"href":"https:\/\/www.bellunopress.it\/fr\/wp-json\/wp\/v2\/posts\/117435\/revisions"}],"predecessor-version":[{"id":117438,"href":"https:\/\/www.bellunopress.it\/fr\/wp-json\/wp\/v2\/posts\/117435\/revisions\/117438"}],"wp:featuredmedia":[{"embeddable":true,"href":"https:\/\/www.bellunopress.it\/fr\/wp-json\/wp\/v2\/media\/117436"}],"wp:attachment":[{"href":"https:\/\/www.bellunopress.it\/fr\/wp-json\/wp\/v2\/media?parent=117435"}],"wp:term":[{"taxonomy":"category","embeddable":true,"href":"https:\/\/www.bellunopress.it\/fr\/wp-json\/wp\/v2\/categories?post=117435"},{"taxonomy":"post_tag","embeddable":true,"href":"https:\/\/www.bellunopress.it\/fr\/wp-json\/wp\/v2\/tags?post=117435"}],"curies":[{"name":"wp","href":"https:\/\/api.w.org\/{rel}","templated":true}]}}