{"id":117431,"date":"2020-09-09T14:39:34","date_gmt":"2020-09-09T12:39:34","guid":{"rendered":"http:\/\/www.bellunopress.it\/?p=117431"},"modified":"2020-09-09T14:39:34","modified_gmt":"2020-09-09T12:39:34","slug":"venerdi-a-cortina-il-convegno-dedicato-agli-studi-professionali","status":"publish","type":"post","link":"https:\/\/www.bellunopress.it\/fr\/2020\/09\/09\/venerdi-a-cortina-il-convegno-dedicato-agli-studi-professionali\/","title":{"rendered":"Venerd\u00ec a Cortina il convegno dedicato agli studi professionali"},"content":{"rendered":"<p><a href=\"http:\/\/www.bellunopress.it\/fr\/2020\/05\/29\/cortina-riparte-la-funivia-del-lagazuoi-apre-il-30-maggio-primo-impianto-di-risalita-dellarco-alpino-da-giugno-gli-altri-impianti-hotel-negozi-ristoranti-rifugi\/cortina-estate_edited\/\" rel=\"attachment wp-att-114762\"><img loading=\"lazy\" decoding=\"async\" class=\"alignleft size-full wp-image-114762\" src=\"http:\/\/www.bellunopress.it\/wp-content\/uploads\/2020\/05\/cortina-estate_edited.jpg\" alt=\"\" width=\"800\" height=\"533\" srcset=\"https:\/\/www.bellunopress.it\/wp-content\/uploads\/2020\/05\/cortina-estate_edited.jpg 800w, https:\/\/www.bellunopress.it\/wp-content\/uploads\/2020\/05\/cortina-estate_edited-500x333.jpg 500w, https:\/\/www.bellunopress.it\/wp-content\/uploads\/2020\/05\/cortina-estate_edited-696x464.jpg 696w, https:\/\/www.bellunopress.it\/wp-content\/uploads\/2020\/05\/cortina-estate_edited-630x420.jpg 630w\" sizes=\"auto, (max-width: 800px) 100vw, 800px\" \/><\/a>\u201cGenerazioni Professionali a Confronto\u201d, l\u2019iniziativa interamente finanziata dalla regione da Confprofessioni Veneto fa tappa a Cortina l\u201911 settembre per parlare di innovazione negli studi con commercialisti, avvocati e imprenditori del Veneto.<br \/>\nI temi trattati saranno Strumenti per la professione per supportare le Pmi: nuove tecnologie, innovazione e temporary management.<br \/>\nIl convegno si terr\u00e0 dalle 14,00 alle 18,00 \u2013 iscrizioni al seguente link: https:\/\/proservizi.it\/corsi\/strumenti-per-la-professione-per-supportare-le-pmi-le-nuove-tecnologie-e-il-temporary-management\/.<br \/>\nSi tratta della tappa bellunese dell\u2019iniziativa regionale organizzata da Confprofessioni Veneto, Proservizi, l\u2019Unione Giovani Commercialisti di Vicenza e di Venezia in collaborazione con l\u2019Universit\u00e0 di Verona, Polo Scientifico Didattico di Vicenza che, dopo uno stop imposto dal Coronavirus \u00e8 ripartita a fine luglio con il primo evento online, incentrato sulla valutazione degli studi professionali in ottica di acquisizione\/vendita e in ottica aggregativa, con il tutto esaurito.<\/p>\n<p>Il convegno dell\u201911 settembre sar\u00e0 appoggiato anche dall\u2019Ordine degli Avvocati di Belluno e dall\u2019Ordine dei Commercialisti di Belluno, come ricorda la Presidente dott.ssa Michela Marrone: \u201cAccogliamo con entusiasmo l\u2019evento organizzato da Confprofessioni che vede la presenza di colleghi qualificati e il dibattito su tematiche strategiche per gli studi professionali\u201d.<br \/>\nIl convegno, che sar\u00e0 organizzato in presenza ma cui sar\u00e0 possibile partecipare a distanza, sar\u00e0 un evento targato Il Sole 24 Ore aperto a commercialisti, avvocati e imprenditori del Veneto e vi parteciperanno in qualit\u00e0 di relatori il commercialista Francesco Renne \u2013 della Cuoa Business School e l\u2019avv. Tommaso Targa di un noto studio milanese.<br \/>\nA seguire dibattito con gli imprenditori Eugenio Calearo Ciman &#8211; Presidente dei giovani di Confindustria Veneto \u2013 e Alessandro Berton &#8211; Presidente Api Giovani Vicenza \u2013 cui si aggiunger\u00e0 Michele Basso, Direttore Confartigianato imprese di Belluno. A moderare i commercialisti Cecchetto Andrea di Vicenza e Crety Cesare Maria di Venezia, referenti scientifici dell\u2019iniziativa regionale per Confprofessioni.<br \/>\nAl termine dell\u2019evento sar\u00e0 presentata l\u2019iniziativa di redazione di articoli di approfondimento con colleghi dislocati fuori dalla nostra regione, provenienti da varie citt\u00e0 italiane ed europee, al fine di incentivare un confronto di pi\u00f9 ampio respiro sulle tematiche organizzative.<br \/>\nL\u2019iniziativa regionale proseguir\u00e0 fino ai primi mesi del 2021 trattando i temi organizzativi e di passaggio generazionale all\u2019interno degli studi professionali con attivit\u00e0 e approcci originali.<\/p>\n<p>Ulteriori convegni sulle altre citt\u00e0 venete. Sondaggi. Presentazione di libri sulle tematiche affrontate. Raccolta degli errori organizzativi degli studi quali case study da presentare in occasione di una tavola rotonda aperta a tutti i commercialisti ed avvocati del Veneto. Articoli su quotidiani e riviste a livello locale, regionale e nazionale. Ma il pezzo forte sar\u00e0 dato dall\u2019attivit\u00e0 di gruppo di 14 studi primari del Veneto \u2013 8 studi di commercialisti e 6 studi legali affiancati da 2 professori\/avvocati dell\u2019Universit\u00e0 di Verona \u2013 che hanno accettato di confrontarsi fra loro per poi relazionare la loro esperienza davanti a tutti i colleghi nel corso di una tavola rotonda che si terr\u00e0 a Verona, presso la facolt\u00e0 di giurisprudenza. L\u2019obiettivo \u00e8 quello di trasmettere a tutti gli studi l\u2019esperienza organizzativa di questi studi strutturati che hanno dovuto nel corso degli anni affrontare queste tematiche nel loro percorso di crescita, al fine di fornire supporti pratici e operativi per favorire crescita dimensionale, inserimento dei giovani e cultura aziendalistica. Non mancheranno riflessioni sull\u2019impatto che il Coronavirus ha avuto sugli studi di commercialisti e avvocati.<\/p>\n<p>Per maggiori informazioni sulle varie iniziative si rimanda alla pagina interamente dedicata: https:\/\/proservizi.it\/generazioni-professionali-a-confronto-aspetti-valutativi-organizzativi-contrattuali-strategici\/<\/p>","protected":false},"excerpt":{"rendered":"<p>\u201cGenerazioni Professionali a Confronto\u201d, l\u2019iniziativa interamente finanziata dalla regione da Confprofessioni Veneto fa tappa a Cortina l\u201911 settembre per parlare di innovazione negli studi con commercialisti, avvocati e imprenditori del Veneto. I temi trattati saranno Strumenti per la professione per supportare le Pmi: nuove tecnologie, innovazione e temporary management. Il convegno si terr\u00e0 dalle 14,00 [&hellip;]<\/p>\n","protected":false},"author":2,"featured_media":114762,"comment_status":"closed","ping_status":"open","sticky":false,"template":"","format":"standard","meta":{"footnotes":""},"categories":[36,25],"tags":[],"class_list":["post-117431","post","type-post","status-publish","format-standard","has-post-thumbnail","category-lavoro-economia","category-pausa-caffe"],"yoast_head":"<!-- This site is optimized with the Yoast SEO plugin v28.4 - https:\/\/yoast.com\/product\/yoast-seo-wordpress\/ -->\n<title>Venerd\u00ec a Cortina il convegno dedicato agli studi professionali - Bellunopress - Dolomiti<\/title>\n<meta name=\"robots\" content=\"index, follow, max-snippet:-1, max-image-preview:large, max-video-preview:-1\" \/>\n<link rel=\"canonical\" href=\"https:\/\/www.bellunopress.it\/fr\/2020\/09\/09\/venerdi-a-cortina-il-convegno-dedicato-agli-studi-professionali\/\" \/>\n<meta property=\"og:locale\" content=\"fr_FR\" \/>\n<meta property=\"og:type\" content=\"article\" \/>\n<meta property=\"og:title\" content=\"Venerd\u00ec a Cortina il convegno dedicato agli studi professionali - Bellunopress - Dolomiti\" \/>\n<meta property=\"og:description\" content=\"\u201cGenerazioni Professionali a Confronto\u201d, l\u2019iniziativa interamente finanziata dalla regione da Confprofessioni Veneto fa tappa a Cortina l\u201911 settembre per parlare di innovazione negli studi con commercialisti, avvocati e imprenditori del Veneto. I temi trattati saranno Strumenti per la professione per supportare le Pmi: nuove tecnologie, innovazione e temporary management. Il convegno si terr\u00e0 dalle 14,00 [&hellip;]\" \/>\n<meta property=\"og:url\" content=\"https:\/\/www.bellunopress.it\/fr\/2020\/09\/09\/venerdi-a-cortina-il-convegno-dedicato-agli-studi-professionali\/\" \/>\n<meta property=\"og:site_name\" content=\"Bellunopress - Dolomiti\" \/>\n<meta property=\"article:publisher\" content=\"https:\/\/www.facebook.com\/profile.php?id=100008943462799\" \/>\n<meta property=\"article:published_time\" content=\"2020-09-09T12:39:34+00:00\" \/>\n<meta property=\"og:image\" content=\"https:\/\/www.bellunopress.it\/wp-content\/uploads\/2020\/05\/cortina-estate_edited.jpg\" \/>\n\t<meta property=\"og:image:width\" content=\"800\" \/>\n\t<meta property=\"og:image:height\" content=\"533\" \/>\n\t<meta property=\"og:image:type\" content=\"image\/jpeg\" \/>\n<meta name=\"author\" content=\"redazione\" \/>\n<meta name=\"twitter:card\" content=\"summary_large_image\" \/>\n<meta name=\"twitter:creator\" content=\"@bellunopress\" \/>\n<meta name=\"twitter:site\" content=\"@bellunopress\" \/>\n<meta name=\"twitter:label1\" content=\"\u00c9crit par\" \/>\n\t<meta name=\"twitter:data1\" content=\"redazione\" \/>\n\t<meta name=\"twitter:label2\" content=\"Dur\u00e9e de lecture estim\u00e9e\" \/>\n\t<meta name=\"twitter:data2\" content=\"3 minutes\" \/>\n<script type=\"application\/ld+json\" class=\"yoast-schema-graph\">{\"@context\":\"https:\\\/\\\/schema.org\",\"@graph\":[{\"@type\":\"Article\",\"@id\":\"https:\\\/\\\/www.bellunopress.it\\\/2020\\\/09\\\/09\\\/venerdi-a-cortina-il-convegno-dedicato-agli-studi-professionali\\\/#article\",\"isPartOf\":{\"@id\":\"https:\\\/\\\/www.bellunopress.it\\\/2020\\\/09\\\/09\\\/venerdi-a-cortina-il-convegno-dedicato-agli-studi-professionali\\\/\"},\"author\":{\"name\":\"redazione\",\"@id\":\"https:\\\/\\\/www.bellunopress.it\\\/#\\\/schema\\\/person\\\/79bb06722b37ece1c03d3e94beb30d73\"},\"headline\":\"Venerd\u00ec a Cortina il convegno dedicato agli studi professionali\",\"datePublished\":\"2020-09-09T12:39:34+00:00\",\"mainEntityOfPage\":{\"@id\":\"https:\\\/\\\/www.bellunopress.it\\\/2020\\\/09\\\/09\\\/venerdi-a-cortina-il-convegno-dedicato-agli-studi-professionali\\\/\"},\"wordCount\":567,\"publisher\":{\"@id\":\"https:\\\/\\\/www.bellunopress.it\\\/#organization\"},\"image\":{\"@id\":\"https:\\\/\\\/www.bellunopress.it\\\/2020\\\/09\\\/09\\\/venerdi-a-cortina-il-convegno-dedicato-agli-studi-professionali\\\/#primaryimage\"},\"thumbnailUrl\":\"https:\\\/\\\/www.bellunopress.it\\\/wp-content\\\/uploads\\\/2020\\\/05\\\/cortina-estate_edited.jpg\",\"articleSection\":[\"Lavoro, Economia, Turismo\",\"Pausa Caff\u00e8\"],\"inLanguage\":\"fr-FR\"},{\"@type\":\"WebPage\",\"@id\":\"https:\\\/\\\/www.bellunopress.it\\\/2020\\\/09\\\/09\\\/venerdi-a-cortina-il-convegno-dedicato-agli-studi-professionali\\\/\",\"url\":\"https:\\\/\\\/www.bellunopress.it\\\/2020\\\/09\\\/09\\\/venerdi-a-cortina-il-convegno-dedicato-agli-studi-professionali\\\/\",\"name\":\"Venerd\u00ec a Cortina il convegno dedicato agli studi professionali - Bellunopress - Dolomiti\",\"isPartOf\":{\"@id\":\"https:\\\/\\\/www.bellunopress.it\\\/#website\"},\"primaryImageOfPage\":{\"@id\":\"https:\\\/\\\/www.bellunopress.it\\\/2020\\\/09\\\/09\\\/venerdi-a-cortina-il-convegno-dedicato-agli-studi-professionali\\\/#primaryimage\"},\"image\":{\"@id\":\"https:\\\/\\\/www.bellunopress.it\\\/2020\\\/09\\\/09\\\/venerdi-a-cortina-il-convegno-dedicato-agli-studi-professionali\\\/#primaryimage\"},\"thumbnailUrl\":\"https:\\\/\\\/www.bellunopress.it\\\/wp-content\\\/uploads\\\/2020\\\/05\\\/cortina-estate_edited.jpg\",\"datePublished\":\"2020-09-09T12:39:34+00:00\",\"breadcrumb\":{\"@id\":\"https:\\\/\\\/www.bellunopress.it\\\/2020\\\/09\\\/09\\\/venerdi-a-cortina-il-convegno-dedicato-agli-studi-professionali\\\/#breadcrumb\"},\"inLanguage\":\"fr-FR\",\"potentialAction\":[{\"@type\":\"ReadAction\",\"target\":[\"https:\\\/\\\/www.bellunopress.it\\\/2020\\\/09\\\/09\\\/venerdi-a-cortina-il-convegno-dedicato-agli-studi-professionali\\\/\"]}]},{\"@type\":\"ImageObject\",\"inLanguage\":\"fr-FR\",\"@id\":\"https:\\\/\\\/www.bellunopress.it\\\/2020\\\/09\\\/09\\\/venerdi-a-cortina-il-convegno-dedicato-agli-studi-professionali\\\/#primaryimage\",\"url\":\"https:\\\/\\\/www.bellunopress.it\\\/wp-content\\\/uploads\\\/2020\\\/05\\\/cortina-estate_edited.jpg\",\"contentUrl\":\"https:\\\/\\\/www.bellunopress.it\\\/wp-content\\\/uploads\\\/2020\\\/05\\\/cortina-estate_edited.jpg\",\"width\":800,\"height\":533},{\"@type\":\"BreadcrumbList\",\"@id\":\"https:\\\/\\\/www.bellunopress.it\\\/2020\\\/09\\\/09\\\/venerdi-a-cortina-il-convegno-dedicato-agli-studi-professionali\\\/#breadcrumb\",\"itemListElement\":[{\"@type\":\"ListItem\",\"position\":1,\"name\":\"Home\",\"item\":\"https:\\\/\\\/www.bellunopress.it\\\/\"},{\"@type\":\"ListItem\",\"position\":2,\"name\":\"Venerd\u00ec a Cortina il convegno dedicato agli studi professionali\"}]},{\"@type\":\"WebSite\",\"@id\":\"https:\\\/\\\/www.bellunopress.it\\\/#website\",\"url\":\"https:\\\/\\\/www.bellunopress.it\\\/\",\"name\":\"Bellunopress - Dolomiti\",\"description\":\"e-mail: redazione@bellunopress.it\",\"publisher\":{\"@id\":\"https:\\\/\\\/www.bellunopress.it\\\/#organization\"},\"potentialAction\":[{\"@type\":\"SearchAction\",\"target\":{\"@type\":\"EntryPoint\",\"urlTemplate\":\"https:\\\/\\\/www.bellunopress.it\\\/?s={search_term_string}\"},\"query-input\":{\"@type\":\"PropertyValueSpecification\",\"valueRequired\":true,\"valueName\":\"search_term_string\"}}],\"inLanguage\":\"fr-FR\"},{\"@type\":\"Organization\",\"@id\":\"https:\\\/\\\/www.bellunopress.it\\\/#organization\",\"name\":\"Bellunopress\",\"url\":\"https:\\\/\\\/www.bellunopress.it\\\/\",\"logo\":{\"@type\":\"ImageObject\",\"inLanguage\":\"fr-FR\",\"@id\":\"https:\\\/\\\/www.bellunopress.it\\\/#\\\/schema\\\/logo\\\/image\\\/\",\"url\":\"https:\\\/\\\/www.bellunopress.it\\\/wp-content\\\/uploads\\\/2011\\\/05\\\/cropped-logo-bellunopress-.jpg\",\"contentUrl\":\"https:\\\/\\\/www.bellunopress.it\\\/wp-content\\\/uploads\\\/2011\\\/05\\\/cropped-logo-bellunopress-.jpg\",\"width\":512,\"height\":512,\"caption\":\"Bellunopress\"},\"image\":{\"@id\":\"https:\\\/\\\/www.bellunopress.it\\\/#\\\/schema\\\/logo\\\/image\\\/\"},\"sameAs\":[\"https:\\\/\\\/www.facebook.com\\\/profile.php?id=100008943462799\",\"https:\\\/\\\/x.com\\\/bellunopress\",\"https:\\\/\\\/www.linkedin.com\\\/hp\\\/?dnr=JBzUWaJfMUw8vbXJJ2tVW5-I3jZKvC4wsoxE&amp;amp;amp;amp;amp;amp;trk=nav_responsive_tab_home\",\"https:\\\/\\\/www.youtube.com\\\/channel\\\/UCxL0wu1uN0_3_7hGG0306cw\"]},{\"@type\":\"Person\",\"@id\":\"https:\\\/\\\/www.bellunopress.it\\\/#\\\/schema\\\/person\\\/79bb06722b37ece1c03d3e94beb30d73\",\"name\":\"redazione\",\"image\":{\"@type\":\"ImageObject\",\"inLanguage\":\"fr-FR\",\"@id\":\"https:\\\/\\\/secure.gravatar.com\\\/avatar\\\/37d968a2e67a6fd04c169c4bdef102d0bc5d31b2546345219e348575eb80e9a0?s=96&d=mm&r=g\",\"url\":\"https:\\\/\\\/secure.gravatar.com\\\/avatar\\\/37d968a2e67a6fd04c169c4bdef102d0bc5d31b2546345219e348575eb80e9a0?s=96&d=mm&r=g\",\"contentUrl\":\"https:\\\/\\\/secure.gravatar.com\\\/avatar\\\/37d968a2e67a6fd04c169c4bdef102d0bc5d31b2546345219e348575eb80e9a0?s=96&d=mm&r=g\",\"caption\":\"redazione\"},\"sameAs\":[\"http:\\\/\\\/www.bellunopress.it\",\"https:\\\/\\\/x.com\\\/bellunopress\"],\"url\":\"https:\\\/\\\/www.bellunopress.it\\\/fr\\\/author\\\/redazione\\\/\"}]}<\/script>\n<!-- \/ Yoast SEO plugin. -->","yoast_head_json":{"title":"Venerd\u00ec a Cortina il convegno dedicato agli studi professionali - Bellunopress - Dolomiti","robots":{"index":"index","follow":"follow","max-snippet":"max-snippet:-1","max-image-preview":"max-image-preview:large","max-video-preview":"max-video-preview:-1"},"canonical":"https:\/\/www.bellunopress.it\/fr\/2020\/09\/09\/venerdi-a-cortina-il-convegno-dedicato-agli-studi-professionali\/","og_locale":"fr_FR","og_type":"article","og_title":"Venerd\u00ec a Cortina il convegno dedicato agli studi professionali - Bellunopress - Dolomiti","og_description":"\u201cGenerazioni Professionali a Confronto\u201d, l\u2019iniziativa interamente finanziata dalla regione da Confprofessioni Veneto fa tappa a Cortina l\u201911 settembre per parlare di innovazione negli studi con commercialisti, avvocati e imprenditori del Veneto. I temi trattati saranno Strumenti per la professione per supportare le Pmi: nuove tecnologie, innovazione e temporary management. Il convegno si terr\u00e0 dalle 14,00 [&hellip;]","og_url":"https:\/\/www.bellunopress.it\/fr\/2020\/09\/09\/venerdi-a-cortina-il-convegno-dedicato-agli-studi-professionali\/","og_site_name":"Bellunopress - Dolomiti","article_publisher":"https:\/\/www.facebook.com\/profile.php?id=100008943462799","article_published_time":"2020-09-09T12:39:34+00:00","og_image":[{"width":800,"height":533,"url":"https:\/\/www.bellunopress.it\/wp-content\/uploads\/2020\/05\/cortina-estate_edited.jpg","type":"image\/jpeg"}],"author":"redazione","twitter_card":"summary_large_image","twitter_creator":"@bellunopress","twitter_site":"@bellunopress","twitter_misc":{"\u00c9crit par":"redazione","Dur\u00e9e de lecture estim\u00e9e":"3 minutes"},"schema":{"@context":"https:\/\/schema.org","@graph":[{"@type":"Article","@id":"https:\/\/www.bellunopress.it\/2020\/09\/09\/venerdi-a-cortina-il-convegno-dedicato-agli-studi-professionali\/#article","isPartOf":{"@id":"https:\/\/www.bellunopress.it\/2020\/09\/09\/venerdi-a-cortina-il-convegno-dedicato-agli-studi-professionali\/"},"author":{"name":"redazione","@id":"https:\/\/www.bellunopress.it\/#\/schema\/person\/79bb06722b37ece1c03d3e94beb30d73"},"headline":"Venerd\u00ec a Cortina il convegno dedicato agli studi professionali","datePublished":"2020-09-09T12:39:34+00:00","mainEntityOfPage":{"@id":"https:\/\/www.bellunopress.it\/2020\/09\/09\/venerdi-a-cortina-il-convegno-dedicato-agli-studi-professionali\/"},"wordCount":567,"publisher":{"@id":"https:\/\/www.bellunopress.it\/#organization"},"image":{"@id":"https:\/\/www.bellunopress.it\/2020\/09\/09\/venerdi-a-cortina-il-convegno-dedicato-agli-studi-professionali\/#primaryimage"},"thumbnailUrl":"https:\/\/www.bellunopress.it\/wp-content\/uploads\/2020\/05\/cortina-estate_edited.jpg","articleSection":["Lavoro, Economia, Turismo","Pausa Caff\u00e8"],"inLanguage":"fr-FR"},{"@type":"WebPage","@id":"https:\/\/www.bellunopress.it\/2020\/09\/09\/venerdi-a-cortina-il-convegno-dedicato-agli-studi-professionali\/","url":"https:\/\/www.bellunopress.it\/2020\/09\/09\/venerdi-a-cortina-il-convegno-dedicato-agli-studi-professionali\/","name":"Venerd\u00ec a Cortina il convegno dedicato agli studi professionali - Bellunopress - Dolomiti","isPartOf":{"@id":"https:\/\/www.bellunopress.it\/#website"},"primaryImageOfPage":{"@id":"https:\/\/www.bellunopress.it\/2020\/09\/09\/venerdi-a-cortina-il-convegno-dedicato-agli-studi-professionali\/#primaryimage"},"image":{"@id":"https:\/\/www.bellunopress.it\/2020\/09\/09\/venerdi-a-cortina-il-convegno-dedicato-agli-studi-professionali\/#primaryimage"},"thumbnailUrl":"https:\/\/www.bellunopress.it\/wp-content\/uploads\/2020\/05\/cortina-estate_edited.jpg","datePublished":"2020-09-09T12:39:34+00:00","breadcrumb":{"@id":"https:\/\/www.bellunopress.it\/2020\/09\/09\/venerdi-a-cortina-il-convegno-dedicato-agli-studi-professionali\/#breadcrumb"},"inLanguage":"fr-FR","potentialAction":[{"@type":"ReadAction","target":["https:\/\/www.bellunopress.it\/2020\/09\/09\/venerdi-a-cortina-il-convegno-dedicato-agli-studi-professionali\/"]}]},{"@type":"ImageObject","inLanguage":"fr-FR","@id":"https:\/\/www.bellunopress.it\/2020\/09\/09\/venerdi-a-cortina-il-convegno-dedicato-agli-studi-professionali\/#primaryimage","url":"https:\/\/www.bellunopress.it\/wp-content\/uploads\/2020\/05\/cortina-estate_edited.jpg","contentUrl":"https:\/\/www.bellunopress.it\/wp-content\/uploads\/2020\/05\/cortina-estate_edited.jpg","width":800,"height":533},{"@type":"BreadcrumbList","@id":"https:\/\/www.bellunopress.it\/2020\/09\/09\/venerdi-a-cortina-il-convegno-dedicato-agli-studi-professionali\/#breadcrumb","itemListElement":[{"@type":"ListItem","position":1,"name":"Home","item":"https:\/\/www.bellunopress.it\/"},{"@type":"ListItem","position":2,"name":"Venerd\u00ec a Cortina il convegno dedicato agli studi professionali"}]},{"@type":"WebSite","@id":"https:\/\/www.bellunopress.it\/#website","url":"https:\/\/www.bellunopress.it\/","name":"Bellunopress - Dolomiti","description":"e-mail: redazione@bellunopress.it","publisher":{"@id":"https:\/\/www.bellunopress.it\/#organization"},"potentialAction":[{"@type":"SearchAction","target":{"@type":"EntryPoint","urlTemplate":"https:\/\/www.bellunopress.it\/?s={search_term_string}"},"query-input":{"@type":"PropertyValueSpecification","valueRequired":true,"valueName":"search_term_string"}}],"inLanguage":"fr-FR"},{"@type":"Organization","@id":"https:\/\/www.bellunopress.it\/#organization","name":"Bellunopress","url":"https:\/\/www.bellunopress.it\/","logo":{"@type":"ImageObject","inLanguage":"fr-FR","@id":"https:\/\/www.bellunopress.it\/#\/schema\/logo\/image\/","url":"https:\/\/www.bellunopress.it\/wp-content\/uploads\/2011\/05\/cropped-logo-bellunopress-.jpg","contentUrl":"https:\/\/www.bellunopress.it\/wp-content\/uploads\/2011\/05\/cropped-logo-bellunopress-.jpg","width":512,"height":512,"caption":"Bellunopress"},"image":{"@id":"https:\/\/www.bellunopress.it\/#\/schema\/logo\/image\/"},"sameAs":["https:\/\/www.facebook.com\/profile.php?id=100008943462799","https:\/\/x.com\/bellunopress","https:\/\/www.linkedin.com\/hp\/?dnr=JBzUWaJfMUw8vbXJJ2tVW5-I3jZKvC4wsoxE&amp;amp;amp;amp;amp;amp;trk=nav_responsive_tab_home","https:\/\/www.youtube.com\/channel\/UCxL0wu1uN0_3_7hGG0306cw"]},{"@type":"Person","@id":"https:\/\/www.bellunopress.it\/#\/schema\/person\/79bb06722b37ece1c03d3e94beb30d73","name":"r\u00e9daction","image":{"@type":"ImageObject","inLanguage":"fr-FR","@id":"https:\/\/secure.gravatar.com\/avatar\/37d968a2e67a6fd04c169c4bdef102d0bc5d31b2546345219e348575eb80e9a0?s=96&d=mm&r=g","url":"https:\/\/secure.gravatar.com\/avatar\/37d968a2e67a6fd04c169c4bdef102d0bc5d31b2546345219e348575eb80e9a0?s=96&d=mm&r=g","contentUrl":"https:\/\/secure.gravatar.com\/avatar\/37d968a2e67a6fd04c169c4bdef102d0bc5d31b2546345219e348575eb80e9a0?s=96&d=mm&r=g","caption":"redazione"},"sameAs":["http:\/\/www.bellunopress.it","https:\/\/x.com\/bellunopress"],"url":"https:\/\/www.bellunopress.it\/fr\/author\/redazione\/"}]}},"_links":{"self":[{"href":"https:\/\/www.bellunopress.it\/fr\/wp-json\/wp\/v2\/posts\/117431","targetHints":{"allow":["GET"]}}],"collection":[{"href":"https:\/\/www.bellunopress.it\/fr\/wp-json\/wp\/v2\/posts"}],"about":[{"href":"https:\/\/www.bellunopress.it\/fr\/wp-json\/wp\/v2\/types\/post"}],"author":[{"embeddable":true,"href":"https:\/\/www.bellunopress.it\/fr\/wp-json\/wp\/v2\/users\/2"}],"replies":[{"embeddable":true,"href":"https:\/\/www.bellunopress.it\/fr\/wp-json\/wp\/v2\/comments?post=117431"}],"version-history":[{"count":1,"href":"https:\/\/www.bellunopress.it\/fr\/wp-json\/wp\/v2\/posts\/117431\/revisions"}],"predecessor-version":[{"id":117432,"href":"https:\/\/www.bellunopress.it\/fr\/wp-json\/wp\/v2\/posts\/117431\/revisions\/117432"}],"wp:featuredmedia":[{"embeddable":true,"href":"https:\/\/www.bellunopress.it\/fr\/wp-json\/wp\/v2\/media\/114762"}],"wp:attachment":[{"href":"https:\/\/www.bellunopress.it\/fr\/wp-json\/wp\/v2\/media?parent=117431"}],"wp:term":[{"taxonomy":"category","embeddable":true,"href":"https:\/\/www.bellunopress.it\/fr\/wp-json\/wp\/v2\/categories?post=117431"},{"taxonomy":"post_tag","embeddable":true,"href":"https:\/\/www.bellunopress.it\/fr\/wp-json\/wp\/v2\/tags?post=117431"}],"curies":[{"name":"wp","href":"https:\/\/api.w.org\/{rel}","templated":true}]}}