{"id":117424,"date":"2020-09-09T14:23:03","date_gmt":"2020-09-09T12:23:03","guid":{"rendered":"http:\/\/www.bellunopress.it\/?p=117424"},"modified":"2020-09-09T14:23:04","modified_gmt":"2020-09-09T12:23:04","slug":"premio-rodolfo-sonego-i-film-del-futuro-nascono-al-lago-film-fest-e-sbarcano-al-lido","status":"publish","type":"post","link":"https:\/\/www.bellunopress.it\/fr\/2020\/09\/09\/premio-rodolfo-sonego-i-film-del-futuro-nascono-al-lago-film-fest-e-sbarcano-al-lido\/","title":{"rendered":"Premio Rodolfo Sonego.\u00a0I film del futuro nascono al Lago Film Fest e sbarcano al Lido"},"content":{"rendered":"<p><strong><a href=\"http:\/\/www.bellunopress.it\/fr\/2020\/09\/09\/premio-rodolfo-sonego-i-film-del-futuro-nascono-al-lago-film-fest-e-sbarcano-al-lido\/premio-rodolfo-sonego_viviana-carlet_carlo-migotto_alessandro-bosi_mary-stella-brugiati_credits-diana-mantese_edited\/\" rel=\"attachment wp-att-117425\"><img loading=\"lazy\" decoding=\"async\" class=\"alignleft size-full wp-image-117425\" src=\"http:\/\/www.bellunopress.it\/wp-content\/uploads\/2020\/09\/Premio-Rodolfo-Sonego_Viviana-Carlet_Carlo-Migotto_Alessandro-Bosi_Mary-Stella-Brugiati_credits-Diana-Mantese_edited.jpg\" alt=\"\" width=\"800\" height=\"494\" srcset=\"https:\/\/www.bellunopress.it\/wp-content\/uploads\/2020\/09\/Premio-Rodolfo-Sonego_Viviana-Carlet_Carlo-Migotto_Alessandro-Bosi_Mary-Stella-Brugiati_credits-Diana-Mantese_edited.jpg 800w, https:\/\/www.bellunopress.it\/wp-content\/uploads\/2020\/09\/Premio-Rodolfo-Sonego_Viviana-Carlet_Carlo-Migotto_Alessandro-Bosi_Mary-Stella-Brugiati_credits-Diana-Mantese_edited-500x309.jpg 500w, https:\/\/www.bellunopress.it\/wp-content\/uploads\/2020\/09\/Premio-Rodolfo-Sonego_Viviana-Carlet_Carlo-Migotto_Alessandro-Bosi_Mary-Stella-Brugiati_credits-Diana-Mantese_edited-696x430.jpg 696w, https:\/\/www.bellunopress.it\/wp-content\/uploads\/2020\/09\/Premio-Rodolfo-Sonego_Viviana-Carlet_Carlo-Migotto_Alessandro-Bosi_Mary-Stella-Brugiati_credits-Diana-Mantese_edited-680x420.jpg 680w, https:\/\/www.bellunopress.it\/wp-content\/uploads\/2020\/09\/Premio-Rodolfo-Sonego_Viviana-Carlet_Carlo-Migotto_Alessandro-Bosi_Mary-Stella-Brugiati_credits-Diana-Mantese_edited-356x220.jpg 356w\" sizes=\"auto, (max-width: 800px) 100vw, 800px\" \/><\/a>Luned\u00ec 7 settembre presentate le sceneggiature dei finalisti del Premio Rodolfo Sonego alla 77ma Mostra internazionale d&#8217;arte cinematografica di Venezia presso il Padiglione della Regione Veneto<\/strong><\/p>\n<p>Si \u00e8 concluso domenica 6 settembre il Summer Camp, il workshop di tre giorni tenutosi nella residenza d&#8217;artista di Casa Fabbri che ha permesso ai finalisti di perfezionare le loro storie e fare tappa alla Mostra Internazionale d&#8217;arte cinematografica di Venezia.<\/p>\n<p>Il workshop, organizzato da Lago Film Fest in collaborazione con Scuola Holden e tenutosi dal 3 al 6 settembre presso la residenza d&#8217;artista Casa Fabbri di Pieve di Soligo, \u00e8 stato per i partecipanti una full immersion nel mondo dello storytelling e della serialit\u00e0, un&#8217;occasione per perfezionale le loro sceneggiature grazie al supporto di tre tutor professionisti i quali hanno seguito lo sviluppo di tre progetti ciascuno. Mentori di questa terza edizione del concorso sono stati Aaron Ariotti, sceneggiatore e docente della Scuola Holden, Carolina Cavalli, sceneggiatrice, e Chiara Laudani, sceneggiatrice e docente del Centro Sperimentale di Cinematografia di Roma.<\/p>\n<p>I partecipanti si sono confrontati con il tema della commedia, tanto caro al grande Sonego al fine di indagare quale sia la sorte e il futuro della satira in Italia, chiedendosi in particolare quali siano le forme della comicit\u00e0 che sopravvivono all&#8217;evoluzione del costume, del linguaggio e della societ\u00e0. Una ricerca che ha portato gli scrittori a trovare diverse declinazioni della comicit\u00e0 portando sulla carta personaggi ed ambientazioni inedite.<\/p>\n<p>Il concorso ha riservato ai partecipanti un momento di confronto e interazione con gli addetti al lavoro. Luned\u00ec 7 settembrei futuri sceneggiatori hanno fatto tappa, in occasione della 77\u00aa Mostra internazionale d&#8217;arte cinematografica, al Lido di Venezia. Ospiti dello Spazio Regione del Veneto nella programmazione della Film Commission del Veneto presieduta dal neo direttore Jacopo Chessa, i finalisti hanno partecipato a una sessione di pitch presentando i loro lavori a una platea di esperti del settore. A seguito della sessione di pitch e con lo scopo di creare nuove sinergie intorno ai loro lavori, gli invitati hanno avuto la possibilit\u00e0 di conoscere meglio i progetti dei finalisti tramite dei colloqui one on one.<\/p>\n<p>Un momento di confronto utile per comprendere le diverse fasi dello sviluppo di una sceneggiatura, dalla creazione di una trama adattabile a una produzione seriale, alla ricerca di un regista e infine di una produzione. Temi che verranno affrontati e dei quali i finalisti avranno diretta esperienza nella terza tappa del Premio Rodolfo Sonego prevista presso il Torino Short Film Marketdal 17 al 21 novembre. In tale occasione i finalisti avranno la possibilit\u00e0 di presentare nuovamente le loro storie a una platea di produttori, alla ricerca di produzioni internazionali. Durante questa ultima tappa verr\u00e0 inoltre decretato il vincitore del Premio Rodolfo Sonego.<\/p>\n<p>&nbsp;<\/p>\n<p>LE SCENEGGIATURE<\/p>\n<p>Sotto la guida di:<\/p>\n<p>Chiara Laudani<\/p>\n<p>&#8211; Elisa Orrico &amp; Greta Frontani<\/p>\n<p>Rintra e Fuora, il racconto della fine di una storia d&#8217;amore &#8220;ai tempi della Fase 1&#8221;.<\/p>\n<p>&#8211; Ruben Marciano &amp; Giulio Lepri<\/p>\n<p>Bomba o non bomba,una commedia dove una poltrona diventa una questione di vita o di morte.<\/p>\n<p>&#8211; Angelo Martucci<\/p>\n<p>Fuori Luogo, ritratto di trentenni decisamente fuori luogo.<\/p>\n<p>Aaron Ariotti<\/p>\n<p>&#8211; Elettra Sofia Mauri &amp; Tancredi Bua<\/p>\n<p>Battuta D&#8217;arresto, la storia di un&#8217;amicizia insolita e davvero particolare.<\/p>\n<p>&#8211; Nicol\u00f2 Orlandini<\/p>\n<p>Avanti o popolo!, una commedia dal sapore nostalgico dove si mischiano politica e amore.<\/p>\n<p>&#8211; Angelo Calarco &amp; Massimo Pica<\/p>\n<p>Day 3286,il racconto di un futuro distopico.<\/p>\n<p>Carolina Cavalli<\/p>\n<p>&#8211; Bruno Ugioli<\/p>\n<p>Nickpark,la storia dell&#8217;eterna ricerca di un parcheggio.<\/p>\n<p>&#8211; Giulia Castagnetti<\/p>\n<p>Dietro alla verit\u00e0,un racconto dove crime e comicit\u00e0 si fondono.<\/p>\n<p>&#8211; Marcello Pedretti e &amp; Roberta Martinelli<\/p>\n<p>Rider\u00e0, la storia di un eccentrico monologo funebre.<\/p>\n<p>Il concorso di sceneggiatura Rodolfo Sonego \u00e8 progetto di Lago Film Fest, nato in collaborazione con la scuola Holden di Alessandro Baricco e realizzato con il sostegno del MIBACT e il patrocinio della Regione del Veneto.<\/p>","protected":false},"excerpt":{"rendered":"<p>Luned\u00ec 7 settembre presentate le sceneggiature dei finalisti del Premio Rodolfo Sonego alla 77ma Mostra internazionale d&#8217;arte cinematografica di Venezia presso il Padiglione della Regione Veneto Si \u00e8 concluso domenica 6 settembre il Summer Camp, il workshop di tre giorni tenutosi nella residenza d&#8217;artista di Casa Fabbri che ha permesso ai finalisti di perfezionare le [&hellip;]<\/p>\n","protected":false},"author":2,"featured_media":117425,"comment_status":"closed","ping_status":"open","sticky":false,"template":"","format":"standard","meta":{"footnotes":""},"categories":[3,25],"tags":[],"class_list":["post-117424","post","type-post","status-publish","format-standard","has-post-thumbnail","category-arte-cultura-spettacoli-scienza-archivi","category-pausa-caffe"],"yoast_head":"<!-- This site is optimized with the Yoast SEO plugin v28.4 - https:\/\/yoast.com\/product\/yoast-seo-wordpress\/ -->\n<title>Premio Rodolfo Sonego.\u00a0I film del futuro nascono al Lago Film Fest e sbarcano al Lido - Bellunopress - Dolomiti<\/title>\n<meta name=\"robots\" content=\"index, follow, max-snippet:-1, max-image-preview:large, max-video-preview:-1\" \/>\n<link rel=\"canonical\" href=\"https:\/\/www.bellunopress.it\/fr\/2020\/09\/09\/premio-rodolfo-sonego-i-film-del-futuro-nascono-al-lago-film-fest-e-sbarcano-al-lido\/\" \/>\n<meta property=\"og:locale\" content=\"fr_FR\" \/>\n<meta property=\"og:type\" content=\"article\" \/>\n<meta property=\"og:title\" content=\"Premio Rodolfo Sonego.\u00a0I film del futuro nascono al Lago Film Fest e sbarcano al Lido - Bellunopress - Dolomiti\" \/>\n<meta property=\"og:description\" content=\"Luned\u00ec 7 settembre presentate le sceneggiature dei finalisti del Premio Rodolfo Sonego alla 77ma Mostra internazionale d&#8217;arte cinematografica di Venezia presso il Padiglione della Regione Veneto Si \u00e8 concluso domenica 6 settembre il Summer Camp, il workshop di tre giorni tenutosi nella residenza d&#8217;artista di Casa Fabbri che ha permesso ai finalisti di perfezionare le [&hellip;]\" \/>\n<meta property=\"og:url\" content=\"https:\/\/www.bellunopress.it\/fr\/2020\/09\/09\/premio-rodolfo-sonego-i-film-del-futuro-nascono-al-lago-film-fest-e-sbarcano-al-lido\/\" \/>\n<meta property=\"og:site_name\" content=\"Bellunopress - Dolomiti\" \/>\n<meta property=\"article:publisher\" content=\"https:\/\/www.facebook.com\/profile.php?id=100008943462799\" \/>\n<meta property=\"article:published_time\" content=\"2020-09-09T12:23:03+00:00\" \/>\n<meta property=\"article:modified_time\" content=\"2020-09-09T12:23:04+00:00\" \/>\n<meta property=\"og:image\" content=\"https:\/\/www.bellunopress.it\/wp-content\/uploads\/2020\/09\/Premio-Rodolfo-Sonego_Viviana-Carlet_Carlo-Migotto_Alessandro-Bosi_Mary-Stella-Brugiati_credits-Diana-Mantese_edited.jpg\" \/>\n\t<meta property=\"og:image:width\" content=\"800\" \/>\n\t<meta property=\"og:image:height\" content=\"494\" \/>\n\t<meta property=\"og:image:type\" content=\"image\/jpeg\" \/>\n<meta name=\"author\" content=\"redazione\" \/>\n<meta name=\"twitter:card\" content=\"summary_large_image\" \/>\n<meta name=\"twitter:creator\" content=\"@bellunopress\" \/>\n<meta name=\"twitter:site\" content=\"@bellunopress\" \/>\n<meta name=\"twitter:label1\" content=\"\u00c9crit par\" \/>\n\t<meta name=\"twitter:data1\" content=\"redazione\" \/>\n\t<meta name=\"twitter:label2\" content=\"Dur\u00e9e de lecture estim\u00e9e\" \/>\n\t<meta name=\"twitter:data2\" content=\"3 minutes\" \/>\n<script type=\"application\/ld+json\" class=\"yoast-schema-graph\">{\"@context\":\"https:\\\/\\\/schema.org\",\"@graph\":[{\"@type\":\"Article\",\"@id\":\"https:\\\/\\\/www.bellunopress.it\\\/2020\\\/09\\\/09\\\/premio-rodolfo-sonego-i-film-del-futuro-nascono-al-lago-film-fest-e-sbarcano-al-lido\\\/#article\",\"isPartOf\":{\"@id\":\"https:\\\/\\\/www.bellunopress.it\\\/2020\\\/09\\\/09\\\/premio-rodolfo-sonego-i-film-del-futuro-nascono-al-lago-film-fest-e-sbarcano-al-lido\\\/\"},\"author\":{\"name\":\"redazione\",\"@id\":\"https:\\\/\\\/www.bellunopress.it\\\/#\\\/schema\\\/person\\\/79bb06722b37ece1c03d3e94beb30d73\"},\"headline\":\"Premio Rodolfo Sonego.\u00a0I film del futuro nascono al Lago Film Fest e sbarcano al Lido\",\"datePublished\":\"2020-09-09T12:23:03+00:00\",\"dateModified\":\"2020-09-09T12:23:04+00:00\",\"mainEntityOfPage\":{\"@id\":\"https:\\\/\\\/www.bellunopress.it\\\/2020\\\/09\\\/09\\\/premio-rodolfo-sonego-i-film-del-futuro-nascono-al-lago-film-fest-e-sbarcano-al-lido\\\/\"},\"wordCount\":658,\"publisher\":{\"@id\":\"https:\\\/\\\/www.bellunopress.it\\\/#organization\"},\"image\":{\"@id\":\"https:\\\/\\\/www.bellunopress.it\\\/2020\\\/09\\\/09\\\/premio-rodolfo-sonego-i-film-del-futuro-nascono-al-lago-film-fest-e-sbarcano-al-lido\\\/#primaryimage\"},\"thumbnailUrl\":\"https:\\\/\\\/www.bellunopress.it\\\/wp-content\\\/uploads\\\/2020\\\/09\\\/Premio-Rodolfo-Sonego_Viviana-Carlet_Carlo-Migotto_Alessandro-Bosi_Mary-Stella-Brugiati_credits-Diana-Mantese_edited.jpg\",\"articleSection\":[\"Arte, Cultura, Spettacoli, Scienza\",\"Pausa Caff\u00e8\"],\"inLanguage\":\"fr-FR\"},{\"@type\":\"WebPage\",\"@id\":\"https:\\\/\\\/www.bellunopress.it\\\/2020\\\/09\\\/09\\\/premio-rodolfo-sonego-i-film-del-futuro-nascono-al-lago-film-fest-e-sbarcano-al-lido\\\/\",\"url\":\"https:\\\/\\\/www.bellunopress.it\\\/2020\\\/09\\\/09\\\/premio-rodolfo-sonego-i-film-del-futuro-nascono-al-lago-film-fest-e-sbarcano-al-lido\\\/\",\"name\":\"Premio Rodolfo Sonego.\u00a0I film del futuro nascono al Lago Film Fest e sbarcano al Lido - Bellunopress - Dolomiti\",\"isPartOf\":{\"@id\":\"https:\\\/\\\/www.bellunopress.it\\\/#website\"},\"primaryImageOfPage\":{\"@id\":\"https:\\\/\\\/www.bellunopress.it\\\/2020\\\/09\\\/09\\\/premio-rodolfo-sonego-i-film-del-futuro-nascono-al-lago-film-fest-e-sbarcano-al-lido\\\/#primaryimage\"},\"image\":{\"@id\":\"https:\\\/\\\/www.bellunopress.it\\\/2020\\\/09\\\/09\\\/premio-rodolfo-sonego-i-film-del-futuro-nascono-al-lago-film-fest-e-sbarcano-al-lido\\\/#primaryimage\"},\"thumbnailUrl\":\"https:\\\/\\\/www.bellunopress.it\\\/wp-content\\\/uploads\\\/2020\\\/09\\\/Premio-Rodolfo-Sonego_Viviana-Carlet_Carlo-Migotto_Alessandro-Bosi_Mary-Stella-Brugiati_credits-Diana-Mantese_edited.jpg\",\"datePublished\":\"2020-09-09T12:23:03+00:00\",\"dateModified\":\"2020-09-09T12:23:04+00:00\",\"breadcrumb\":{\"@id\":\"https:\\\/\\\/www.bellunopress.it\\\/2020\\\/09\\\/09\\\/premio-rodolfo-sonego-i-film-del-futuro-nascono-al-lago-film-fest-e-sbarcano-al-lido\\\/#breadcrumb\"},\"inLanguage\":\"fr-FR\",\"potentialAction\":[{\"@type\":\"ReadAction\",\"target\":[\"https:\\\/\\\/www.bellunopress.it\\\/2020\\\/09\\\/09\\\/premio-rodolfo-sonego-i-film-del-futuro-nascono-al-lago-film-fest-e-sbarcano-al-lido\\\/\"]}]},{\"@type\":\"ImageObject\",\"inLanguage\":\"fr-FR\",\"@id\":\"https:\\\/\\\/www.bellunopress.it\\\/2020\\\/09\\\/09\\\/premio-rodolfo-sonego-i-film-del-futuro-nascono-al-lago-film-fest-e-sbarcano-al-lido\\\/#primaryimage\",\"url\":\"https:\\\/\\\/www.bellunopress.it\\\/wp-content\\\/uploads\\\/2020\\\/09\\\/Premio-Rodolfo-Sonego_Viviana-Carlet_Carlo-Migotto_Alessandro-Bosi_Mary-Stella-Brugiati_credits-Diana-Mantese_edited.jpg\",\"contentUrl\":\"https:\\\/\\\/www.bellunopress.it\\\/wp-content\\\/uploads\\\/2020\\\/09\\\/Premio-Rodolfo-Sonego_Viviana-Carlet_Carlo-Migotto_Alessandro-Bosi_Mary-Stella-Brugiati_credits-Diana-Mantese_edited.jpg\",\"width\":800,\"height\":494},{\"@type\":\"BreadcrumbList\",\"@id\":\"https:\\\/\\\/www.bellunopress.it\\\/2020\\\/09\\\/09\\\/premio-rodolfo-sonego-i-film-del-futuro-nascono-al-lago-film-fest-e-sbarcano-al-lido\\\/#breadcrumb\",\"itemListElement\":[{\"@type\":\"ListItem\",\"position\":1,\"name\":\"Home\",\"item\":\"https:\\\/\\\/www.bellunopress.it\\\/\"},{\"@type\":\"ListItem\",\"position\":2,\"name\":\"Premio Rodolfo Sonego.\u00a0I film del futuro nascono al Lago Film Fest e sbarcano al Lido\"}]},{\"@type\":\"WebSite\",\"@id\":\"https:\\\/\\\/www.bellunopress.it\\\/#website\",\"url\":\"https:\\\/\\\/www.bellunopress.it\\\/\",\"name\":\"Bellunopress - Dolomiti\",\"description\":\"e-mail: redazione@bellunopress.it\",\"publisher\":{\"@id\":\"https:\\\/\\\/www.bellunopress.it\\\/#organization\"},\"potentialAction\":[{\"@type\":\"SearchAction\",\"target\":{\"@type\":\"EntryPoint\",\"urlTemplate\":\"https:\\\/\\\/www.bellunopress.it\\\/?s={search_term_string}\"},\"query-input\":{\"@type\":\"PropertyValueSpecification\",\"valueRequired\":true,\"valueName\":\"search_term_string\"}}],\"inLanguage\":\"fr-FR\"},{\"@type\":\"Organization\",\"@id\":\"https:\\\/\\\/www.bellunopress.it\\\/#organization\",\"name\":\"Bellunopress\",\"url\":\"https:\\\/\\\/www.bellunopress.it\\\/\",\"logo\":{\"@type\":\"ImageObject\",\"inLanguage\":\"fr-FR\",\"@id\":\"https:\\\/\\\/www.bellunopress.it\\\/#\\\/schema\\\/logo\\\/image\\\/\",\"url\":\"https:\\\/\\\/www.bellunopress.it\\\/wp-content\\\/uploads\\\/2011\\\/05\\\/cropped-logo-bellunopress-.jpg\",\"contentUrl\":\"https:\\\/\\\/www.bellunopress.it\\\/wp-content\\\/uploads\\\/2011\\\/05\\\/cropped-logo-bellunopress-.jpg\",\"width\":512,\"height\":512,\"caption\":\"Bellunopress\"},\"image\":{\"@id\":\"https:\\\/\\\/www.bellunopress.it\\\/#\\\/schema\\\/logo\\\/image\\\/\"},\"sameAs\":[\"https:\\\/\\\/www.facebook.com\\\/profile.php?id=100008943462799\",\"https:\\\/\\\/x.com\\\/bellunopress\",\"https:\\\/\\\/www.linkedin.com\\\/hp\\\/?dnr=JBzUWaJfMUw8vbXJJ2tVW5-I3jZKvC4wsoxE&amp;amp;amp;amp;amp;amp;trk=nav_responsive_tab_home\",\"https:\\\/\\\/www.youtube.com\\\/channel\\\/UCxL0wu1uN0_3_7hGG0306cw\"]},{\"@type\":\"Person\",\"@id\":\"https:\\\/\\\/www.bellunopress.it\\\/#\\\/schema\\\/person\\\/79bb06722b37ece1c03d3e94beb30d73\",\"name\":\"redazione\",\"image\":{\"@type\":\"ImageObject\",\"inLanguage\":\"fr-FR\",\"@id\":\"https:\\\/\\\/secure.gravatar.com\\\/avatar\\\/37d968a2e67a6fd04c169c4bdef102d0bc5d31b2546345219e348575eb80e9a0?s=96&d=mm&r=g\",\"url\":\"https:\\\/\\\/secure.gravatar.com\\\/avatar\\\/37d968a2e67a6fd04c169c4bdef102d0bc5d31b2546345219e348575eb80e9a0?s=96&d=mm&r=g\",\"contentUrl\":\"https:\\\/\\\/secure.gravatar.com\\\/avatar\\\/37d968a2e67a6fd04c169c4bdef102d0bc5d31b2546345219e348575eb80e9a0?s=96&d=mm&r=g\",\"caption\":\"redazione\"},\"sameAs\":[\"http:\\\/\\\/www.bellunopress.it\",\"https:\\\/\\\/x.com\\\/bellunopress\"],\"url\":\"https:\\\/\\\/www.bellunopress.it\\\/fr\\\/author\\\/redazione\\\/\"}]}<\/script>\n<!-- \/ Yoast SEO plugin. -->","yoast_head_json":{"title":"Premio Rodolfo Sonego.\u00a0I film del futuro nascono al Lago Film Fest e sbarcano al Lido - Bellunopress - Dolomiti","robots":{"index":"index","follow":"follow","max-snippet":"max-snippet:-1","max-image-preview":"max-image-preview:large","max-video-preview":"max-video-preview:-1"},"canonical":"https:\/\/www.bellunopress.it\/fr\/2020\/09\/09\/premio-rodolfo-sonego-i-film-del-futuro-nascono-al-lago-film-fest-e-sbarcano-al-lido\/","og_locale":"fr_FR","og_type":"article","og_title":"Premio Rodolfo Sonego.\u00a0I film del futuro nascono al Lago Film Fest e sbarcano al Lido - Bellunopress - Dolomiti","og_description":"Luned\u00ec 7 settembre presentate le sceneggiature dei finalisti del Premio Rodolfo Sonego alla 77ma Mostra internazionale d&#8217;arte cinematografica di Venezia presso il Padiglione della Regione Veneto Si \u00e8 concluso domenica 6 settembre il Summer Camp, il workshop di tre giorni tenutosi nella residenza d&#8217;artista di Casa Fabbri che ha permesso ai finalisti di perfezionare le [&hellip;]","og_url":"https:\/\/www.bellunopress.it\/fr\/2020\/09\/09\/premio-rodolfo-sonego-i-film-del-futuro-nascono-al-lago-film-fest-e-sbarcano-al-lido\/","og_site_name":"Bellunopress - Dolomiti","article_publisher":"https:\/\/www.facebook.com\/profile.php?id=100008943462799","article_published_time":"2020-09-09T12:23:03+00:00","article_modified_time":"2020-09-09T12:23:04+00:00","og_image":[{"width":800,"height":494,"url":"https:\/\/www.bellunopress.it\/wp-content\/uploads\/2020\/09\/Premio-Rodolfo-Sonego_Viviana-Carlet_Carlo-Migotto_Alessandro-Bosi_Mary-Stella-Brugiati_credits-Diana-Mantese_edited.jpg","type":"image\/jpeg"}],"author":"redazione","twitter_card":"summary_large_image","twitter_creator":"@bellunopress","twitter_site":"@bellunopress","twitter_misc":{"\u00c9crit par":"redazione","Dur\u00e9e de lecture estim\u00e9e":"3 minutes"},"schema":{"@context":"https:\/\/schema.org","@graph":[{"@type":"Article","@id":"https:\/\/www.bellunopress.it\/2020\/09\/09\/premio-rodolfo-sonego-i-film-del-futuro-nascono-al-lago-film-fest-e-sbarcano-al-lido\/#article","isPartOf":{"@id":"https:\/\/www.bellunopress.it\/2020\/09\/09\/premio-rodolfo-sonego-i-film-del-futuro-nascono-al-lago-film-fest-e-sbarcano-al-lido\/"},"author":{"name":"redazione","@id":"https:\/\/www.bellunopress.it\/#\/schema\/person\/79bb06722b37ece1c03d3e94beb30d73"},"headline":"Premio Rodolfo Sonego.\u00a0I film del futuro nascono al Lago Film Fest e sbarcano al Lido","datePublished":"2020-09-09T12:23:03+00:00","dateModified":"2020-09-09T12:23:04+00:00","mainEntityOfPage":{"@id":"https:\/\/www.bellunopress.it\/2020\/09\/09\/premio-rodolfo-sonego-i-film-del-futuro-nascono-al-lago-film-fest-e-sbarcano-al-lido\/"},"wordCount":658,"publisher":{"@id":"https:\/\/www.bellunopress.it\/#organization"},"image":{"@id":"https:\/\/www.bellunopress.it\/2020\/09\/09\/premio-rodolfo-sonego-i-film-del-futuro-nascono-al-lago-film-fest-e-sbarcano-al-lido\/#primaryimage"},"thumbnailUrl":"https:\/\/www.bellunopress.it\/wp-content\/uploads\/2020\/09\/Premio-Rodolfo-Sonego_Viviana-Carlet_Carlo-Migotto_Alessandro-Bosi_Mary-Stella-Brugiati_credits-Diana-Mantese_edited.jpg","articleSection":["Arte, Cultura, Spettacoli, Scienza","Pausa Caff\u00e8"],"inLanguage":"fr-FR"},{"@type":"WebPage","@id":"https:\/\/www.bellunopress.it\/2020\/09\/09\/premio-rodolfo-sonego-i-film-del-futuro-nascono-al-lago-film-fest-e-sbarcano-al-lido\/","url":"https:\/\/www.bellunopress.it\/2020\/09\/09\/premio-rodolfo-sonego-i-film-del-futuro-nascono-al-lago-film-fest-e-sbarcano-al-lido\/","name":"Premio Rodolfo Sonego.\u00a0I film del futuro nascono al Lago Film Fest e sbarcano al Lido - Bellunopress - Dolomiti","isPartOf":{"@id":"https:\/\/www.bellunopress.it\/#website"},"primaryImageOfPage":{"@id":"https:\/\/www.bellunopress.it\/2020\/09\/09\/premio-rodolfo-sonego-i-film-del-futuro-nascono-al-lago-film-fest-e-sbarcano-al-lido\/#primaryimage"},"image":{"@id":"https:\/\/www.bellunopress.it\/2020\/09\/09\/premio-rodolfo-sonego-i-film-del-futuro-nascono-al-lago-film-fest-e-sbarcano-al-lido\/#primaryimage"},"thumbnailUrl":"https:\/\/www.bellunopress.it\/wp-content\/uploads\/2020\/09\/Premio-Rodolfo-Sonego_Viviana-Carlet_Carlo-Migotto_Alessandro-Bosi_Mary-Stella-Brugiati_credits-Diana-Mantese_edited.jpg","datePublished":"2020-09-09T12:23:03+00:00","dateModified":"2020-09-09T12:23:04+00:00","breadcrumb":{"@id":"https:\/\/www.bellunopress.it\/2020\/09\/09\/premio-rodolfo-sonego-i-film-del-futuro-nascono-al-lago-film-fest-e-sbarcano-al-lido\/#breadcrumb"},"inLanguage":"fr-FR","potentialAction":[{"@type":"ReadAction","target":["https:\/\/www.bellunopress.it\/2020\/09\/09\/premio-rodolfo-sonego-i-film-del-futuro-nascono-al-lago-film-fest-e-sbarcano-al-lido\/"]}]},{"@type":"ImageObject","inLanguage":"fr-FR","@id":"https:\/\/www.bellunopress.it\/2020\/09\/09\/premio-rodolfo-sonego-i-film-del-futuro-nascono-al-lago-film-fest-e-sbarcano-al-lido\/#primaryimage","url":"https:\/\/www.bellunopress.it\/wp-content\/uploads\/2020\/09\/Premio-Rodolfo-Sonego_Viviana-Carlet_Carlo-Migotto_Alessandro-Bosi_Mary-Stella-Brugiati_credits-Diana-Mantese_edited.jpg","contentUrl":"https:\/\/www.bellunopress.it\/wp-content\/uploads\/2020\/09\/Premio-Rodolfo-Sonego_Viviana-Carlet_Carlo-Migotto_Alessandro-Bosi_Mary-Stella-Brugiati_credits-Diana-Mantese_edited.jpg","width":800,"height":494},{"@type":"BreadcrumbList","@id":"https:\/\/www.bellunopress.it\/2020\/09\/09\/premio-rodolfo-sonego-i-film-del-futuro-nascono-al-lago-film-fest-e-sbarcano-al-lido\/#breadcrumb","itemListElement":[{"@type":"ListItem","position":1,"name":"Home","item":"https:\/\/www.bellunopress.it\/"},{"@type":"ListItem","position":2,"name":"Premio Rodolfo Sonego.\u00a0I film del futuro nascono al Lago Film Fest e sbarcano al Lido"}]},{"@type":"WebSite","@id":"https:\/\/www.bellunopress.it\/#website","url":"https:\/\/www.bellunopress.it\/","name":"Bellunopress - Dolomiti","description":"e-mail: redazione@bellunopress.it","publisher":{"@id":"https:\/\/www.bellunopress.it\/#organization"},"potentialAction":[{"@type":"SearchAction","target":{"@type":"EntryPoint","urlTemplate":"https:\/\/www.bellunopress.it\/?s={search_term_string}"},"query-input":{"@type":"PropertyValueSpecification","valueRequired":true,"valueName":"search_term_string"}}],"inLanguage":"fr-FR"},{"@type":"Organization","@id":"https:\/\/www.bellunopress.it\/#organization","name":"Bellunopress","url":"https:\/\/www.bellunopress.it\/","logo":{"@type":"ImageObject","inLanguage":"fr-FR","@id":"https:\/\/www.bellunopress.it\/#\/schema\/logo\/image\/","url":"https:\/\/www.bellunopress.it\/wp-content\/uploads\/2011\/05\/cropped-logo-bellunopress-.jpg","contentUrl":"https:\/\/www.bellunopress.it\/wp-content\/uploads\/2011\/05\/cropped-logo-bellunopress-.jpg","width":512,"height":512,"caption":"Bellunopress"},"image":{"@id":"https:\/\/www.bellunopress.it\/#\/schema\/logo\/image\/"},"sameAs":["https:\/\/www.facebook.com\/profile.php?id=100008943462799","https:\/\/x.com\/bellunopress","https:\/\/www.linkedin.com\/hp\/?dnr=JBzUWaJfMUw8vbXJJ2tVW5-I3jZKvC4wsoxE&amp;amp;amp;amp;amp;amp;trk=nav_responsive_tab_home","https:\/\/www.youtube.com\/channel\/UCxL0wu1uN0_3_7hGG0306cw"]},{"@type":"Person","@id":"https:\/\/www.bellunopress.it\/#\/schema\/person\/79bb06722b37ece1c03d3e94beb30d73","name":"r\u00e9daction","image":{"@type":"ImageObject","inLanguage":"fr-FR","@id":"https:\/\/secure.gravatar.com\/avatar\/37d968a2e67a6fd04c169c4bdef102d0bc5d31b2546345219e348575eb80e9a0?s=96&d=mm&r=g","url":"https:\/\/secure.gravatar.com\/avatar\/37d968a2e67a6fd04c169c4bdef102d0bc5d31b2546345219e348575eb80e9a0?s=96&d=mm&r=g","contentUrl":"https:\/\/secure.gravatar.com\/avatar\/37d968a2e67a6fd04c169c4bdef102d0bc5d31b2546345219e348575eb80e9a0?s=96&d=mm&r=g","caption":"redazione"},"sameAs":["http:\/\/www.bellunopress.it","https:\/\/x.com\/bellunopress"],"url":"https:\/\/www.bellunopress.it\/fr\/author\/redazione\/"}]}},"_links":{"self":[{"href":"https:\/\/www.bellunopress.it\/fr\/wp-json\/wp\/v2\/posts\/117424","targetHints":{"allow":["GET"]}}],"collection":[{"href":"https:\/\/www.bellunopress.it\/fr\/wp-json\/wp\/v2\/posts"}],"about":[{"href":"https:\/\/www.bellunopress.it\/fr\/wp-json\/wp\/v2\/types\/post"}],"author":[{"embeddable":true,"href":"https:\/\/www.bellunopress.it\/fr\/wp-json\/wp\/v2\/users\/2"}],"replies":[{"embeddable":true,"href":"https:\/\/www.bellunopress.it\/fr\/wp-json\/wp\/v2\/comments?post=117424"}],"version-history":[{"count":2,"href":"https:\/\/www.bellunopress.it\/fr\/wp-json\/wp\/v2\/posts\/117424\/revisions"}],"predecessor-version":[{"id":117427,"href":"https:\/\/www.bellunopress.it\/fr\/wp-json\/wp\/v2\/posts\/117424\/revisions\/117427"}],"wp:featuredmedia":[{"embeddable":true,"href":"https:\/\/www.bellunopress.it\/fr\/wp-json\/wp\/v2\/media\/117425"}],"wp:attachment":[{"href":"https:\/\/www.bellunopress.it\/fr\/wp-json\/wp\/v2\/media?parent=117424"}],"wp:term":[{"taxonomy":"category","embeddable":true,"href":"https:\/\/www.bellunopress.it\/fr\/wp-json\/wp\/v2\/categories?post=117424"},{"taxonomy":"post_tag","embeddable":true,"href":"https:\/\/www.bellunopress.it\/fr\/wp-json\/wp\/v2\/tags?post=117424"}],"curies":[{"name":"wp","href":"https:\/\/api.w.org\/{rel}","templated":true}]}}