{"id":117396,"date":"2020-09-07T08:52:31","date_gmt":"2020-09-07T06:52:31","guid":{"rendered":"http:\/\/www.bellunopress.it\/?p=117396"},"modified":"2020-09-07T08:52:32","modified_gmt":"2020-09-07T06:52:32","slug":"la-corale-zumellese-vince-il-concorso-nazionale-video-aerco-2020","status":"publish","type":"post","link":"https:\/\/www.bellunopress.it\/fr\/2020\/09\/07\/la-corale-zumellese-vince-il-concorso-nazionale-video-aerco-2020\/","title":{"rendered":"La Corale Zumellese vince il Concorso Nazionale Video AERCO 2020"},"content":{"rendered":"<p><a href=\"http:\/\/www.bellunopress.it\/fr\/2020\/09\/07\/la-corale-zumellese-vince-il-concorso-nazionale-video-aerco-2020\/corale-zumellese-2020_edited\/\" rel=\"attachment wp-att-117397\"><img loading=\"lazy\" decoding=\"async\" class=\"alignleft size-full wp-image-117397\" src=\"http:\/\/www.bellunopress.it\/wp-content\/uploads\/2020\/09\/corale-zumellese-2020_edited.jpg\" alt=\"\" width=\"800\" height=\"450\" srcset=\"https:\/\/www.bellunopress.it\/wp-content\/uploads\/2020\/09\/corale-zumellese-2020_edited.jpg 800w, https:\/\/www.bellunopress.it\/wp-content\/uploads\/2020\/09\/corale-zumellese-2020_edited-500x281.jpg 500w, https:\/\/www.bellunopress.it\/wp-content\/uploads\/2020\/09\/corale-zumellese-2020_edited-696x392.jpg 696w, https:\/\/www.bellunopress.it\/wp-content\/uploads\/2020\/09\/corale-zumellese-2020_edited-747x420.jpg 747w\" sizes=\"auto, (max-width: 800px) 100vw, 800px\" \/><\/a>Sessantatr\u00e9 cori provenienti da tutta Italia hanno partecipato al Concorso Nazionale Video, indetto dall\u2019Associazione Cori Emiliano Romagnoli (AERCO), di cui 50 nella categoria Cori adulti e la Corale Zumellese di Mel (BL) li ha sbaragliati tutti.<\/p>\n<p>La Corale Zumellese, diretta dal Maestro Manolo Da Rold, \u00e8 salita sul gradino pi\u00f9 alto del podio nella sua categoria con il giudizio della Giuria, presieduta dal M\u00b0 Fabio Pecci.<br \/>\nDiversamente dai concorsi cui la Corale Zumellese ha partecipato precedentemente, questo non prevedeva l\u2019esecuzione live dei brani, bens\u00ec l\u2019invio ad AERCO di video in presa diretta dei propri concerti o prove e la loro valutazione da parte della giuria, formata da 5 esperti del settore corale, ossia Mauro Marchetti, Silvia Biasini, Gianluigi Giacomoni, Giacomo Monica, che hanno espresso il loro giudizio rispetto ai criteri dell\u2019intonazione, della fedelt\u00e0 d\u2019esecuzione, la qualit\u00e0 del suono e l\u2019impressione artistica generale.<br \/>\nAnche il pubblico ha potuto sostenere il proprio coro favorito con un like ai video in gara, per consentirgli di vincere il \u201cPremio speciale del pubblico\u201d.<br \/>\nCome tanti altri cori, la Corale Zumellese durante il lockdown ha inevitabilmente interrotto la propria attivit\u00e0, ma non ha smesso di sognare di tornare a cantare davanti al proprio pubblico, e di credere nel potere della musica: il potere di unire i cuori anche a distanza, il potere di alleggerire la vita, e quello di far credere a chi canta e chi ascolta che un mondo dove esiste la musica non possa essere poi un brutto mondo!<\/p>\n<p>I questi ultimi mesi la Corale Zumellese, insieme al suo direttore artistico Manolo Da Rold, non ha smesso nemmeno di progettare il proprio percorso artistico e di lavorare per la propria crescita, cos\u00ec ha deciso di partecipare al concorso con i video di due brani tra i pi\u00f9 recenti prodotti: \u201cVi Adoro\u201d di Manolo Da Rold e \u201cThere is no Rose\u201d di D. Mac Donald.<br \/>\nNon ci si aspettava una vittoria cos\u00ec schiacciante, eppure la Corale Zumellese \u00e8 stata particolarmente apprezzata, conquistando ben 485 punti su 500. La vittoria \u00e8 stata proclamata con un comunicato video stampa lo scorso 1 settembre dal Presidente AERCO Andrea Angelini e dal presidente della giuria Fabio Pecci.<\/p>\n<p>\u00abNon trovo le parole per esprimere la felicit\u00e0 per la vittoria di questo importante concorso nazionale, \u00e8 un podio ricco di speranza per il futuro e per noi, ma \u00e8 anche un segnale di ripartenza per tutta la coralit\u00e0 italiana \u2013 queste le parole a caldo del direttore del coro Manolo Da Rold \u2013 colgo l&#8217;occasione per ringraziare i miei ragazzi ad uno uno, siete stati fantastici! Un grazie speciale al presidente della Corale Zumellese Ferdinando Comiotto e a tutti quelli che ci sono sempre vicini! Grazie ad AERCO e al presidente Angelini per questa opportunit\u00e0!\u00bb<br \/>\nNon equiparabile all\u2019emozione che si prova per una vittoria proclamata dal vivo, al termine di un concorso con ingresso sul palco con tanto di gambe tremolanti e mani sudate, esibizione col cuore che esce dal petto e gli occhi puntati addosso da una seria ed attenta giuria\u2026 Ma altrettanto bella quella che la Corale Zumellese\u00a0ha potuto provare udendo le fatidiche parole \u201cIl primo premio per i cori adulti va a\u2026La Corale Zumellese di Mel\u201d!<br \/>\nSi \u00e8 piazzato al secondo posto, subito dopo la Corale Zumellese, l&#8217;Ensemble InContr\u00e0 di Fontanafredda (PN) diretta dal Maestro Brisotto, mentre al terzo la Schola Cantorum \u201cAnton Maria Abbatini\u201d di Citt\u00e0 di Castello (PG), diretta da Alessandro Bianconi. A loro le pi\u00f9 sentite congratulazioni da parte della Corale Zumellese e il suo direttore.<br \/>\nOltre alla categoria cori adulti (misti, maschili e femminile), il concorso prevedeva altre tre categorie: cori infantili, giovanili e video storici, registrati prima del 16\/05\/1971, data di fondazione dell\u2019AERCO.<\/p>\n<p>\u201cGiudicare dei cori tramite dei video \u00e8 stato di per s\u00e9 particolare e difficile, oltretutto i cori non erano divisi per categorie artistiche o per repertorio, soprattutto la categoria dei cori adulti era molto eterogenea &#8211; dice Fabio Pecci durante il video-annuncio della vittoria \u2013 per\u00f2 abbiamo cercato di essere come la giuria in teatro, dando quindi la precedenza all\u2019esecuzione e non alla qualit\u00e0 dei video, anche se, dato che in questo periodo buona parte della nostra attivit\u00e0 si svolge online, sarebbe azzeccato cercare di curare anche la presentazione, dando cos\u00ec massimo risalto e valore al proprio lavoro.\u201d<br \/>\nIn questo periodo, dove fare prove ed esibirsi dal vivo risulta molto complicato, diventa infatti importante essere presenti online ed esserlo nel modo giusto, ma ci si augura di ritornare presto ai concerti (e ai concorsi) nelle chiese, nei teatri, nelle piazze!<\/p>","protected":false},"excerpt":{"rendered":"<p>Sessantatr\u00e9 cori provenienti da tutta Italia hanno partecipato al Concorso Nazionale Video, indetto dall\u2019Associazione Cori Emiliano Romagnoli (AERCO), di cui 50 nella categoria Cori adulti e la Corale Zumellese di Mel (BL) li ha sbaragliati tutti. La Corale Zumellese, diretta dal Maestro Manolo Da Rold, \u00e8 salita sul gradino pi\u00f9 alto del podio nella sua [&hellip;]<\/p>\n","protected":false},"author":2,"featured_media":117397,"comment_status":"closed","ping_status":"open","sticky":false,"template":"","format":"standard","meta":{"footnotes":""},"categories":[3,26],"tags":[],"class_list":["post-117396","post","type-post","status-publish","format-standard","has-post-thumbnail","category-arte-cultura-spettacoli-scienza-archivi","category-prima-pagina"],"yoast_head":"<!-- This site is optimized with the Yoast SEO plugin v28.4 - https:\/\/yoast.com\/product\/yoast-seo-wordpress\/ -->\n<title>La Corale Zumellese vince il Concorso Nazionale Video AERCO 2020 - Bellunopress - Dolomiti<\/title>\n<meta name=\"robots\" content=\"index, follow, max-snippet:-1, max-image-preview:large, max-video-preview:-1\" \/>\n<link rel=\"canonical\" href=\"https:\/\/www.bellunopress.it\/fr\/2020\/09\/07\/la-corale-zumellese-vince-il-concorso-nazionale-video-aerco-2020\/\" \/>\n<meta property=\"og:locale\" content=\"fr_FR\" \/>\n<meta property=\"og:type\" content=\"article\" \/>\n<meta property=\"og:title\" content=\"La Corale Zumellese vince il Concorso Nazionale Video AERCO 2020 - Bellunopress - Dolomiti\" \/>\n<meta property=\"og:description\" content=\"Sessantatr\u00e9 cori provenienti da tutta Italia hanno partecipato al Concorso Nazionale Video, indetto dall\u2019Associazione Cori Emiliano Romagnoli (AERCO), di cui 50 nella categoria Cori adulti e la Corale Zumellese di Mel (BL) li ha sbaragliati tutti. La Corale Zumellese, diretta dal Maestro Manolo Da Rold, \u00e8 salita sul gradino pi\u00f9 alto del podio nella sua [&hellip;]\" \/>\n<meta property=\"og:url\" content=\"https:\/\/www.bellunopress.it\/fr\/2020\/09\/07\/la-corale-zumellese-vince-il-concorso-nazionale-video-aerco-2020\/\" \/>\n<meta property=\"og:site_name\" content=\"Bellunopress - Dolomiti\" \/>\n<meta property=\"article:publisher\" content=\"https:\/\/www.facebook.com\/profile.php?id=100008943462799\" \/>\n<meta property=\"article:published_time\" content=\"2020-09-07T06:52:31+00:00\" \/>\n<meta property=\"article:modified_time\" content=\"2020-09-07T06:52:32+00:00\" \/>\n<meta property=\"og:image\" content=\"https:\/\/www.bellunopress.it\/wp-content\/uploads\/2020\/09\/corale-zumellese-2020_edited.jpg\" \/>\n\t<meta property=\"og:image:width\" content=\"800\" \/>\n\t<meta property=\"og:image:height\" content=\"450\" \/>\n\t<meta property=\"og:image:type\" content=\"image\/jpeg\" \/>\n<meta name=\"author\" content=\"redazione\" \/>\n<meta name=\"twitter:card\" content=\"summary_large_image\" \/>\n<meta name=\"twitter:creator\" content=\"@bellunopress\" \/>\n<meta name=\"twitter:site\" content=\"@bellunopress\" \/>\n<meta name=\"twitter:label1\" content=\"\u00c9crit par\" \/>\n\t<meta name=\"twitter:data1\" content=\"redazione\" \/>\n\t<meta name=\"twitter:label2\" content=\"Dur\u00e9e de lecture estim\u00e9e\" \/>\n\t<meta name=\"twitter:data2\" content=\"4 minutes\" \/>\n<script type=\"application\/ld+json\" class=\"yoast-schema-graph\">{\"@context\":\"https:\\\/\\\/schema.org\",\"@graph\":[{\"@type\":\"Article\",\"@id\":\"https:\\\/\\\/www.bellunopress.it\\\/2020\\\/09\\\/07\\\/la-corale-zumellese-vince-il-concorso-nazionale-video-aerco-2020\\\/#article\",\"isPartOf\":{\"@id\":\"https:\\\/\\\/www.bellunopress.it\\\/2020\\\/09\\\/07\\\/la-corale-zumellese-vince-il-concorso-nazionale-video-aerco-2020\\\/\"},\"author\":{\"name\":\"redazione\",\"@id\":\"https:\\\/\\\/www.bellunopress.it\\\/#\\\/schema\\\/person\\\/79bb06722b37ece1c03d3e94beb30d73\"},\"headline\":\"La Corale Zumellese vince il Concorso Nazionale Video AERCO 2020\",\"datePublished\":\"2020-09-07T06:52:31+00:00\",\"dateModified\":\"2020-09-07T06:52:32+00:00\",\"mainEntityOfPage\":{\"@id\":\"https:\\\/\\\/www.bellunopress.it\\\/2020\\\/09\\\/07\\\/la-corale-zumellese-vince-il-concorso-nazionale-video-aerco-2020\\\/\"},\"wordCount\":756,\"publisher\":{\"@id\":\"https:\\\/\\\/www.bellunopress.it\\\/#organization\"},\"image\":{\"@id\":\"https:\\\/\\\/www.bellunopress.it\\\/2020\\\/09\\\/07\\\/la-corale-zumellese-vince-il-concorso-nazionale-video-aerco-2020\\\/#primaryimage\"},\"thumbnailUrl\":\"https:\\\/\\\/www.bellunopress.it\\\/wp-content\\\/uploads\\\/2020\\\/09\\\/corale-zumellese-2020_edited.jpg\",\"articleSection\":[\"Arte, Cultura, Spettacoli, Scienza\",\"Prima Pagina\"],\"inLanguage\":\"fr-FR\"},{\"@type\":\"WebPage\",\"@id\":\"https:\\\/\\\/www.bellunopress.it\\\/2020\\\/09\\\/07\\\/la-corale-zumellese-vince-il-concorso-nazionale-video-aerco-2020\\\/\",\"url\":\"https:\\\/\\\/www.bellunopress.it\\\/2020\\\/09\\\/07\\\/la-corale-zumellese-vince-il-concorso-nazionale-video-aerco-2020\\\/\",\"name\":\"La Corale Zumellese vince il Concorso Nazionale Video AERCO 2020 - Bellunopress - Dolomiti\",\"isPartOf\":{\"@id\":\"https:\\\/\\\/www.bellunopress.it\\\/#website\"},\"primaryImageOfPage\":{\"@id\":\"https:\\\/\\\/www.bellunopress.it\\\/2020\\\/09\\\/07\\\/la-corale-zumellese-vince-il-concorso-nazionale-video-aerco-2020\\\/#primaryimage\"},\"image\":{\"@id\":\"https:\\\/\\\/www.bellunopress.it\\\/2020\\\/09\\\/07\\\/la-corale-zumellese-vince-il-concorso-nazionale-video-aerco-2020\\\/#primaryimage\"},\"thumbnailUrl\":\"https:\\\/\\\/www.bellunopress.it\\\/wp-content\\\/uploads\\\/2020\\\/09\\\/corale-zumellese-2020_edited.jpg\",\"datePublished\":\"2020-09-07T06:52:31+00:00\",\"dateModified\":\"2020-09-07T06:52:32+00:00\",\"breadcrumb\":{\"@id\":\"https:\\\/\\\/www.bellunopress.it\\\/2020\\\/09\\\/07\\\/la-corale-zumellese-vince-il-concorso-nazionale-video-aerco-2020\\\/#breadcrumb\"},\"inLanguage\":\"fr-FR\",\"potentialAction\":[{\"@type\":\"ReadAction\",\"target\":[\"https:\\\/\\\/www.bellunopress.it\\\/2020\\\/09\\\/07\\\/la-corale-zumellese-vince-il-concorso-nazionale-video-aerco-2020\\\/\"]}]},{\"@type\":\"ImageObject\",\"inLanguage\":\"fr-FR\",\"@id\":\"https:\\\/\\\/www.bellunopress.it\\\/2020\\\/09\\\/07\\\/la-corale-zumellese-vince-il-concorso-nazionale-video-aerco-2020\\\/#primaryimage\",\"url\":\"https:\\\/\\\/www.bellunopress.it\\\/wp-content\\\/uploads\\\/2020\\\/09\\\/corale-zumellese-2020_edited.jpg\",\"contentUrl\":\"https:\\\/\\\/www.bellunopress.it\\\/wp-content\\\/uploads\\\/2020\\\/09\\\/corale-zumellese-2020_edited.jpg\",\"width\":800,\"height\":450},{\"@type\":\"BreadcrumbList\",\"@id\":\"https:\\\/\\\/www.bellunopress.it\\\/2020\\\/09\\\/07\\\/la-corale-zumellese-vince-il-concorso-nazionale-video-aerco-2020\\\/#breadcrumb\",\"itemListElement\":[{\"@type\":\"ListItem\",\"position\":1,\"name\":\"Home\",\"item\":\"https:\\\/\\\/www.bellunopress.it\\\/\"},{\"@type\":\"ListItem\",\"position\":2,\"name\":\"La Corale Zumellese vince il Concorso Nazionale Video AERCO 2020\"}]},{\"@type\":\"WebSite\",\"@id\":\"https:\\\/\\\/www.bellunopress.it\\\/#website\",\"url\":\"https:\\\/\\\/www.bellunopress.it\\\/\",\"name\":\"Bellunopress - Dolomiti\",\"description\":\"e-mail: redazione@bellunopress.it\",\"publisher\":{\"@id\":\"https:\\\/\\\/www.bellunopress.it\\\/#organization\"},\"potentialAction\":[{\"@type\":\"SearchAction\",\"target\":{\"@type\":\"EntryPoint\",\"urlTemplate\":\"https:\\\/\\\/www.bellunopress.it\\\/?s={search_term_string}\"},\"query-input\":{\"@type\":\"PropertyValueSpecification\",\"valueRequired\":true,\"valueName\":\"search_term_string\"}}],\"inLanguage\":\"fr-FR\"},{\"@type\":\"Organization\",\"@id\":\"https:\\\/\\\/www.bellunopress.it\\\/#organization\",\"name\":\"Bellunopress\",\"url\":\"https:\\\/\\\/www.bellunopress.it\\\/\",\"logo\":{\"@type\":\"ImageObject\",\"inLanguage\":\"fr-FR\",\"@id\":\"https:\\\/\\\/www.bellunopress.it\\\/#\\\/schema\\\/logo\\\/image\\\/\",\"url\":\"https:\\\/\\\/www.bellunopress.it\\\/wp-content\\\/uploads\\\/2011\\\/05\\\/cropped-logo-bellunopress-.jpg\",\"contentUrl\":\"https:\\\/\\\/www.bellunopress.it\\\/wp-content\\\/uploads\\\/2011\\\/05\\\/cropped-logo-bellunopress-.jpg\",\"width\":512,\"height\":512,\"caption\":\"Bellunopress\"},\"image\":{\"@id\":\"https:\\\/\\\/www.bellunopress.it\\\/#\\\/schema\\\/logo\\\/image\\\/\"},\"sameAs\":[\"https:\\\/\\\/www.facebook.com\\\/profile.php?id=100008943462799\",\"https:\\\/\\\/x.com\\\/bellunopress\",\"https:\\\/\\\/www.linkedin.com\\\/hp\\\/?dnr=JBzUWaJfMUw8vbXJJ2tVW5-I3jZKvC4wsoxE&amp;amp;amp;amp;amp;amp;trk=nav_responsive_tab_home\",\"https:\\\/\\\/www.youtube.com\\\/channel\\\/UCxL0wu1uN0_3_7hGG0306cw\"]},{\"@type\":\"Person\",\"@id\":\"https:\\\/\\\/www.bellunopress.it\\\/#\\\/schema\\\/person\\\/79bb06722b37ece1c03d3e94beb30d73\",\"name\":\"redazione\",\"image\":{\"@type\":\"ImageObject\",\"inLanguage\":\"fr-FR\",\"@id\":\"https:\\\/\\\/secure.gravatar.com\\\/avatar\\\/37d968a2e67a6fd04c169c4bdef102d0bc5d31b2546345219e348575eb80e9a0?s=96&d=mm&r=g\",\"url\":\"https:\\\/\\\/secure.gravatar.com\\\/avatar\\\/37d968a2e67a6fd04c169c4bdef102d0bc5d31b2546345219e348575eb80e9a0?s=96&d=mm&r=g\",\"contentUrl\":\"https:\\\/\\\/secure.gravatar.com\\\/avatar\\\/37d968a2e67a6fd04c169c4bdef102d0bc5d31b2546345219e348575eb80e9a0?s=96&d=mm&r=g\",\"caption\":\"redazione\"},\"sameAs\":[\"http:\\\/\\\/www.bellunopress.it\",\"https:\\\/\\\/x.com\\\/bellunopress\"],\"url\":\"https:\\\/\\\/www.bellunopress.it\\\/fr\\\/author\\\/redazione\\\/\"}]}<\/script>\n<!-- \/ Yoast SEO plugin. -->","yoast_head_json":{"title":"La Corale Zumellese vince il Concorso Nazionale Video AERCO 2020 - Bellunopress - Dolomiti","robots":{"index":"index","follow":"follow","max-snippet":"max-snippet:-1","max-image-preview":"max-image-preview:large","max-video-preview":"max-video-preview:-1"},"canonical":"https:\/\/www.bellunopress.it\/fr\/2020\/09\/07\/la-corale-zumellese-vince-il-concorso-nazionale-video-aerco-2020\/","og_locale":"fr_FR","og_type":"article","og_title":"La Corale Zumellese vince il Concorso Nazionale Video AERCO 2020 - Bellunopress - Dolomiti","og_description":"Sessantatr\u00e9 cori provenienti da tutta Italia hanno partecipato al Concorso Nazionale Video, indetto dall\u2019Associazione Cori Emiliano Romagnoli (AERCO), di cui 50 nella categoria Cori adulti e la Corale Zumellese di Mel (BL) li ha sbaragliati tutti. La Corale Zumellese, diretta dal Maestro Manolo Da Rold, \u00e8 salita sul gradino pi\u00f9 alto del podio nella sua [&hellip;]","og_url":"https:\/\/www.bellunopress.it\/fr\/2020\/09\/07\/la-corale-zumellese-vince-il-concorso-nazionale-video-aerco-2020\/","og_site_name":"Bellunopress - Dolomiti","article_publisher":"https:\/\/www.facebook.com\/profile.php?id=100008943462799","article_published_time":"2020-09-07T06:52:31+00:00","article_modified_time":"2020-09-07T06:52:32+00:00","og_image":[{"width":800,"height":450,"url":"https:\/\/www.bellunopress.it\/wp-content\/uploads\/2020\/09\/corale-zumellese-2020_edited.jpg","type":"image\/jpeg"}],"author":"redazione","twitter_card":"summary_large_image","twitter_creator":"@bellunopress","twitter_site":"@bellunopress","twitter_misc":{"\u00c9crit par":"redazione","Dur\u00e9e de lecture estim\u00e9e":"4 minutes"},"schema":{"@context":"https:\/\/schema.org","@graph":[{"@type":"Article","@id":"https:\/\/www.bellunopress.it\/2020\/09\/07\/la-corale-zumellese-vince-il-concorso-nazionale-video-aerco-2020\/#article","isPartOf":{"@id":"https:\/\/www.bellunopress.it\/2020\/09\/07\/la-corale-zumellese-vince-il-concorso-nazionale-video-aerco-2020\/"},"author":{"name":"redazione","@id":"https:\/\/www.bellunopress.it\/#\/schema\/person\/79bb06722b37ece1c03d3e94beb30d73"},"headline":"La Corale Zumellese vince il Concorso Nazionale Video AERCO 2020","datePublished":"2020-09-07T06:52:31+00:00","dateModified":"2020-09-07T06:52:32+00:00","mainEntityOfPage":{"@id":"https:\/\/www.bellunopress.it\/2020\/09\/07\/la-corale-zumellese-vince-il-concorso-nazionale-video-aerco-2020\/"},"wordCount":756,"publisher":{"@id":"https:\/\/www.bellunopress.it\/#organization"},"image":{"@id":"https:\/\/www.bellunopress.it\/2020\/09\/07\/la-corale-zumellese-vince-il-concorso-nazionale-video-aerco-2020\/#primaryimage"},"thumbnailUrl":"https:\/\/www.bellunopress.it\/wp-content\/uploads\/2020\/09\/corale-zumellese-2020_edited.jpg","articleSection":["Arte, Cultura, Spettacoli, Scienza","Prima Pagina"],"inLanguage":"fr-FR"},{"@type":"WebPage","@id":"https:\/\/www.bellunopress.it\/2020\/09\/07\/la-corale-zumellese-vince-il-concorso-nazionale-video-aerco-2020\/","url":"https:\/\/www.bellunopress.it\/2020\/09\/07\/la-corale-zumellese-vince-il-concorso-nazionale-video-aerco-2020\/","name":"La Corale Zumellese vince il Concorso Nazionale Video AERCO 2020 - Bellunopress - Dolomiti","isPartOf":{"@id":"https:\/\/www.bellunopress.it\/#website"},"primaryImageOfPage":{"@id":"https:\/\/www.bellunopress.it\/2020\/09\/07\/la-corale-zumellese-vince-il-concorso-nazionale-video-aerco-2020\/#primaryimage"},"image":{"@id":"https:\/\/www.bellunopress.it\/2020\/09\/07\/la-corale-zumellese-vince-il-concorso-nazionale-video-aerco-2020\/#primaryimage"},"thumbnailUrl":"https:\/\/www.bellunopress.it\/wp-content\/uploads\/2020\/09\/corale-zumellese-2020_edited.jpg","datePublished":"2020-09-07T06:52:31+00:00","dateModified":"2020-09-07T06:52:32+00:00","breadcrumb":{"@id":"https:\/\/www.bellunopress.it\/2020\/09\/07\/la-corale-zumellese-vince-il-concorso-nazionale-video-aerco-2020\/#breadcrumb"},"inLanguage":"fr-FR","potentialAction":[{"@type":"ReadAction","target":["https:\/\/www.bellunopress.it\/2020\/09\/07\/la-corale-zumellese-vince-il-concorso-nazionale-video-aerco-2020\/"]}]},{"@type":"ImageObject","inLanguage":"fr-FR","@id":"https:\/\/www.bellunopress.it\/2020\/09\/07\/la-corale-zumellese-vince-il-concorso-nazionale-video-aerco-2020\/#primaryimage","url":"https:\/\/www.bellunopress.it\/wp-content\/uploads\/2020\/09\/corale-zumellese-2020_edited.jpg","contentUrl":"https:\/\/www.bellunopress.it\/wp-content\/uploads\/2020\/09\/corale-zumellese-2020_edited.jpg","width":800,"height":450},{"@type":"BreadcrumbList","@id":"https:\/\/www.bellunopress.it\/2020\/09\/07\/la-corale-zumellese-vince-il-concorso-nazionale-video-aerco-2020\/#breadcrumb","itemListElement":[{"@type":"ListItem","position":1,"name":"Home","item":"https:\/\/www.bellunopress.it\/"},{"@type":"ListItem","position":2,"name":"La Corale Zumellese vince il Concorso Nazionale Video AERCO 2020"}]},{"@type":"WebSite","@id":"https:\/\/www.bellunopress.it\/#website","url":"https:\/\/www.bellunopress.it\/","name":"Bellunopress - Dolomiti","description":"e-mail: redazione@bellunopress.it","publisher":{"@id":"https:\/\/www.bellunopress.it\/#organization"},"potentialAction":[{"@type":"SearchAction","target":{"@type":"EntryPoint","urlTemplate":"https:\/\/www.bellunopress.it\/?s={search_term_string}"},"query-input":{"@type":"PropertyValueSpecification","valueRequired":true,"valueName":"search_term_string"}}],"inLanguage":"fr-FR"},{"@type":"Organization","@id":"https:\/\/www.bellunopress.it\/#organization","name":"Bellunopress","url":"https:\/\/www.bellunopress.it\/","logo":{"@type":"ImageObject","inLanguage":"fr-FR","@id":"https:\/\/www.bellunopress.it\/#\/schema\/logo\/image\/","url":"https:\/\/www.bellunopress.it\/wp-content\/uploads\/2011\/05\/cropped-logo-bellunopress-.jpg","contentUrl":"https:\/\/www.bellunopress.it\/wp-content\/uploads\/2011\/05\/cropped-logo-bellunopress-.jpg","width":512,"height":512,"caption":"Bellunopress"},"image":{"@id":"https:\/\/www.bellunopress.it\/#\/schema\/logo\/image\/"},"sameAs":["https:\/\/www.facebook.com\/profile.php?id=100008943462799","https:\/\/x.com\/bellunopress","https:\/\/www.linkedin.com\/hp\/?dnr=JBzUWaJfMUw8vbXJJ2tVW5-I3jZKvC4wsoxE&amp;amp;amp;amp;amp;amp;trk=nav_responsive_tab_home","https:\/\/www.youtube.com\/channel\/UCxL0wu1uN0_3_7hGG0306cw"]},{"@type":"Person","@id":"https:\/\/www.bellunopress.it\/#\/schema\/person\/79bb06722b37ece1c03d3e94beb30d73","name":"r\u00e9daction","image":{"@type":"ImageObject","inLanguage":"fr-FR","@id":"https:\/\/secure.gravatar.com\/avatar\/37d968a2e67a6fd04c169c4bdef102d0bc5d31b2546345219e348575eb80e9a0?s=96&d=mm&r=g","url":"https:\/\/secure.gravatar.com\/avatar\/37d968a2e67a6fd04c169c4bdef102d0bc5d31b2546345219e348575eb80e9a0?s=96&d=mm&r=g","contentUrl":"https:\/\/secure.gravatar.com\/avatar\/37d968a2e67a6fd04c169c4bdef102d0bc5d31b2546345219e348575eb80e9a0?s=96&d=mm&r=g","caption":"redazione"},"sameAs":["http:\/\/www.bellunopress.it","https:\/\/x.com\/bellunopress"],"url":"https:\/\/www.bellunopress.it\/fr\/author\/redazione\/"}]}},"_links":{"self":[{"href":"https:\/\/www.bellunopress.it\/fr\/wp-json\/wp\/v2\/posts\/117396","targetHints":{"allow":["GET"]}}],"collection":[{"href":"https:\/\/www.bellunopress.it\/fr\/wp-json\/wp\/v2\/posts"}],"about":[{"href":"https:\/\/www.bellunopress.it\/fr\/wp-json\/wp\/v2\/types\/post"}],"author":[{"embeddable":true,"href":"https:\/\/www.bellunopress.it\/fr\/wp-json\/wp\/v2\/users\/2"}],"replies":[{"embeddable":true,"href":"https:\/\/www.bellunopress.it\/fr\/wp-json\/wp\/v2\/comments?post=117396"}],"version-history":[{"count":2,"href":"https:\/\/www.bellunopress.it\/fr\/wp-json\/wp\/v2\/posts\/117396\/revisions"}],"predecessor-version":[{"id":117399,"href":"https:\/\/www.bellunopress.it\/fr\/wp-json\/wp\/v2\/posts\/117396\/revisions\/117399"}],"wp:featuredmedia":[{"embeddable":true,"href":"https:\/\/www.bellunopress.it\/fr\/wp-json\/wp\/v2\/media\/117397"}],"wp:attachment":[{"href":"https:\/\/www.bellunopress.it\/fr\/wp-json\/wp\/v2\/media?parent=117396"}],"wp:term":[{"taxonomy":"category","embeddable":true,"href":"https:\/\/www.bellunopress.it\/fr\/wp-json\/wp\/v2\/categories?post=117396"},{"taxonomy":"post_tag","embeddable":true,"href":"https:\/\/www.bellunopress.it\/fr\/wp-json\/wp\/v2\/tags?post=117396"}],"curies":[{"name":"wp","href":"https:\/\/api.w.org\/{rel}","templated":true}]}}