{"id":117394,"date":"2020-09-07T07:06:42","date_gmt":"2020-09-07T05:06:42","guid":{"rendered":"http:\/\/www.bellunopress.it\/?p=117394"},"modified":"2020-09-07T07:06:42","modified_gmt":"2020-09-07T05:06:42","slug":"votare-si-alla-riduzione-dei-parlamentari-e-negare-il-voto-a-chi-non-paga-le-tasse-di-enzo-de-biasi","status":"publish","type":"post","link":"https:\/\/www.bellunopress.it\/fr\/2020\/09\/07\/votare-si-alla-riduzione-dei-parlamentari-e-negare-il-voto-a-chi-non-paga-le-tasse-di-enzo-de-biasi\/","title":{"rendered":"Votare S\u00cc alla riduzione dei parlamentari e negare il voto a chi non paga le tasse * di Enzo De Biasi\u00a0"},"content":{"rendered":"<figure id=\"attachment_90826\" aria-describedby=\"caption-attachment-90826\" style=\"width: 254px\" class=\"wp-caption alignleft\"><a href=\"http:\/\/www.bellunopress.it\/fr\/2017\/11\/25\/autonomia-regionale-ecco-cose-il-pdls-n-43-2017-mera-propaganda-di-enzo-de-biasi\/enzo-de-biasi-riscossa-civica-veneta\/\" rel=\"attachment wp-att-90826\"><img loading=\"lazy\" decoding=\"async\" class=\"size-full wp-image-90826\" src=\"http:\/\/www.bellunopress.it\/wp-content\/uploads\/2017\/11\/Enzo-De-Biasi-Riscossa-Civica-Veneta.jpg\" alt=\"\" width=\"254\" height=\"300\" \/><\/a><figcaption id=\"caption-attachment-90826\" class=\"wp-caption-text\">Enzo De Biasi<\/figcaption><\/figure>\n<p>No taxation without representation, nessuna tassazione senza rappresentanza, \u00e8 uno slogan politico nato durante il 1700 che riassumeva una delle 27 rimostranze dei coloni americani nelle Tredici Colonie, che fu una delle principali cause della Rivoluzione americana. In breve, molti in quelle colonie credevano che, poich\u00e9 non erano direttamente rappresentati nel lontano Parlamento britannico, qualsiasi legge approvata che li riguardasse fosse illegale.<\/p>\n<p>Forse apparir\u00e0 strano porre in relazione il referendum confermativo sulla legge che riduce i parlamentari del 36,5% rispetto al numero attuale di 945 eletti, partendo da un evento storico successo pi\u00f9 di 300 anni fa e che ha scolpito per sempre una delle due facce della stessa medaglia, chi paga le tasse ha il diritto di vedersi rappresentato; il contrario \u00e8 una stranezza. L\u2019appartenenza ad una comunit\u00e0 ed il conseguente diritto di cittadinanza comporta la devoluzione alla \u201ccassa comune\u201d, secondo le regole vigenti in un sistema democratico ed in proporzione al reddito prodotto e goduto, di parte dei propri averi in piena osservanza del patto di fedelt\u00e0 verso i consimili e verso la collettivit\u00e0. Il principio vigeva fin dall\u2019inizio nell\u2019antica citt\u00e0 di Atene. Facile osservare che in Italia, una larga parte di cittadini, peraltro facilitati dalle oltre 500 scappatoie legalmente previste, adotta comportamenti per niente virtuosi. E che dire degli statisti vacanzieri alla \u201cPapeete Beach\u201d che per ragioni non di cassa per lo stato ma di consenso per la propria fazione, chiedono un forte abbattimento del carico fiscale per le imprese, la mitica \u201cflat tax\u201d sapendo benissimo che cos\u00ec facendo favoriscono ora e subito i loro titolari che nelle loro dichiarazioni avanti al fisco appaiono \u201ccosi poveri che davvero non lo immaginavo\u201d, come ebbe a dire il predecessore dell\u2019attuale reggente di Palazzo Balbi gi\u00e0 nel 2008. Osservando le statistiche tributarie regionali anche degli ultimi anni, la situazione non \u00e8 affatto mutata. Tutto questo va oltre ed al di l\u00e0 degli slittamenti contributivi assunti dal governo in carica, per le note motivazioni pandemiche tutt\u2019ora in corso.<\/p>\n<p>Fin dall\u2019inizio del secolo scorso in Italia, le imposizioni tributarie sui redditi da lavoro e pensione sono detratte dal datore di lavoro o dall\u2019ente pensionistico, entrambi sostituti d\u2019imposta per conto dell\u2019erario. L\u2019esatto contrario capita all\u2019intera filiera produttiva che, a periodicit\u00e0 stabilita, versa \u201cil dovuto, ma dopo\u201d al fisco. Nelle economie a mercato aperto, Stati Uniti ad esempio, tutti godono della medesima posizione di partenza avanti all\u2019erario: dipendenti ed imprenditori versano le tasse a cadenza periodica ex-post senza nessuna prelazione anticipata da parte di chicchessia. Perch\u00e9 i cittadini non sono tutti allineati nella medesima tempistica e quale \u00e8 la ragione di tale handicap? Fatto 100 l\u2019incasso dello Stato per l\u2019IRPEF, ben l\u201982 % \u00e8 pagato dai \u201csoliti noti\u201d, mentre: liberi professionisti, artigiani, commercianti, coldiretti, industriali contribuiscano solo con il restante 18%. L\u2019evasione fiscale accertata nel 2019 \u00e8 su base annua di 109,7 miliardi di euro. Le imposte pi\u00f9 evase sono l\u2019Iva, con 35,9 miliardi, e l\u2019Irpef lavoro autonomo e impresa, con una media di 33,3 miliardi, cui vanno sommati altri 5,3 miliardi di Irpef lavoro dipendente irregolare, per un totale di 38,6 miliardi. La somma \u00e8 pari a 98,3 miliardi di mancate entrate tributarie, alle quali si devono aggiungere 11,4 miliardi di mancate entrate contributive. (fonte Nadef)<\/p>\n<p>Questione complessa, non solo irrisolta da decenni ma inasprita da sciagurati condoni cosiddetti \u201ctombali\u201d succedutisi negli anni, che hanno unicamente radicato l\u2019opinione che tanto prima o poi chi non paga le tasse sar\u00e0 graziato. In questa situazione, risulta difficile spiegare perch\u00e9 i servizi pubblici essenziali a godimento universale debbono essere garantiti dal cash mensile fiscale versato da dipendenti e pensionati. Forse che la sanit\u00e0, la scuola, l\u2019ordine pubblico e la sicurezza, la viabilit\u00e0 ordinaria, vengono utilizzati unicamente da una parte dei cittadini contribuenti? Per altro verso, lo Stato, anche per incapacit\u00e0 riformatrice delle classi politiche al governo del paese da met\u00e0 degli anni Settanta del secolo scorso ad oggi, ha accumulato un debito stratosferico destinato ad incrementarsi fino a circa il 160% del PIL, una volta incamerati i fondi europei, mentre oltre il 70% dei cittadini ha una casa di propriet\u00e0 e possiede nei propri depositi in banca ben 114 miliardi in pronta disponibilit\u00e0. Come dire, il condominio cade a pezzi, ma ciascun condomino ha la maniglia d\u2019oro nella porta d\u2019ingresso. Il dettaglio da segnalare \u00e8 che le politiche redistributive del reddito a favore di chi ha meno e\/o per gli interventi nei momenti di emergenza vengono attuate dall\u2019ente pubblico, se ne ha le possibilit\u00e0 finanziare oppure non resta che andare a prestito indebitandosi ulteriormente. Domanda, fino a che limite e fino a quando sar\u00e0 ritenuto affidabile dai mercati lo Stato italiano? Lo tsunami capitato con il Covid-19, concordano tutti gli analisti ed i ma\u00eetre \u00e0 penser del Bel Paese, richiede un\u2019assunzione suppletiva di responsabilit\u00e0 individuale e collettiva nonch\u00e9 un cambio di paradigma. La nuova novella prontamente accolta dai politici, come di consueto, risuona un giorno e l\u2019altro pure in tutti i dispositivi mediatici utili allo scopo.<\/p>\n<p>Una traduzione pratica del \u201cnuovo corso\u201d si \u00e8 avuta durante la conversione del decreto-rilancio di agosto scorso. Il riferimento \u00e8 alle concessioni demaniali marittime, ovvero alla facolt\u00e0 data ad un\u2019impresa balneare di esercitare la propria attivit\u00e0 commerciale in esecuzione di un atto amministrativo. A fronte di questa chance, lo stato -poich\u00e9 non sono mai stati aggiornati i canoni d\u2019affitto del suolo pubblico da decenni- incassa poche migliaia di euro per concessione. Viceversa, l\u2019imprenditore ha ricavi in relazione ai mq occupati per centinaia di migliaia oppure milioni di euro. Nel 2006 la nota \u00abdirettiva Bolkestein\u00bb adottata in Europa a valere per tutte queste situazioni, aveva sancito che una volta scaduta la concessione la medesima doveva essere messa a gara alla ricerca del miglior offerente e si presume del maggior incasso per la \u201ccasa ed il bene comune\u201d. L\u2019Italia, dove albergano i liberisti ed i sedicenti liberali concessionari di utenze radio-televisive, ha recepito con 4 anni di ritardo le regole europee e di proroga in proroga con l\u2019ultima trovata post lock down, ha pensato bene di accordare una posizione di rendita consolidata per ulteriori 13 anni agli stessi imprenditori che sfruttano questa opportunit\u00e0 da 10, 20 o 30 anni. Tutti garantiti dal 2006 al 2033, pi\u00f9 di un quarto di secolo e con la possibilit\u00e0 di trasferire la \u201clicenza\u201d ai propri figli, cos\u00ec come l\u2019avevano ricevuta dai loro padri. Ottimo esempio di intrapresa all\u2019italiana! Le ragioni del mercato aperto e competitivo anche per attirare giovani e nuove idee, flettono di fronte alle imminenti consultazioni regionali, considerato che il numero delle imprese balneari sono pi\u00f9 di 52 mila con un giro d\u2019affari di 15 miliardi annui, di conseguenza l\u2019auspicato \u201csalto di qualit\u00e0 della governance\u201d \u00e8 rinviato nel tempo. La norma \u00e8 stata votata da tutte le forze di governo assieme a quelle di opposizione; si sa la penisola \u00e8 lunga ed ogni regione che va al voto ha i \u201csuoi\u201d concessionari di beni demaniali. La dilazione poteva essere stata data con minor durata, ma i potenziali elettori si esaudiscono anche quando non hanno validi argomenti e chi rappresenta la \u201cNazione\u201d (art. 67 della Costituzione) semplicemente non \u00e8 affar suo.<br \/>\nIn un\u2019intervista resa al Corriere della Sera e riportata da G. Stella in un recente articolo il noto impresario Flavio Briatore spieg\u00f2 che \u00abgli affitti delle concessioni balneari andrebbero rivisti tutti. E almeno triplicati\u00bb. \u00abParlo anche di me\u00bb, aggiunse tranquillo, spiegando d\u2019essere partito per il Twiga da un canone pagato dal vecchio concessionario di 4.322 euro l\u2019anno per salire fino a 17.619\u00bb. A fronte di un fatturato intorno ai quattro milioni. Il dato stupefacente \u00e8 che costui, sfrutta una bene pubblico ne ricava milioni e ha la residenza fiscale a Montecarlo dove versa le tasse, sbalorditivo! Macron in occasione delle agevolazioni concesse a causa del coronavirus ha stabilito che chi non ha la residenza fiscale in Francia, non pu\u00f2 chiedere alcunch\u00e9. Per conoscenza del lettore, il Presidente della Repubblica francese non \u00e8 n\u00e9 comunista n\u00e9 socialista. La legge in vigore elenca tassativamente le cause di perdita dell\u2019elettorato attivo, sia definitivamente che temporaneamente, come nei casi dei sottoposti a misure di sicurezza personali detentive oppure alla libert\u00e0 vigilata oppure al divieto di soggiorno oppure i condannati a pena che importa la interdizione perpetua dai pubblici uffici ed altro ancora.<\/p>\n<p>Ecco, ribaltando l\u2019assioma dei coloni inglesi per chi fruisce di beni pubblici in concessione attivandosi in termini d\u2019impresa deve avere l\u2019obbligo di avere anche la residenza fiscale personale in Italia, altrimenti: no taxation no representation in perfetto stile e contenuti liberal. \u00c8 auspicabile che la prossima legge elettorale, recepisca questo concetto ed inizi a ristabilire -anche per questa via- un sano e corretto rapporto tra il bene di tutti e l\u2019utilit\u00e0 singola che va valorizzata, ma non a discapito delle entrate dovute per le finalit\u00e0 generali.<br \/>\nInfine, venendo al quesito referendario pur essendo il parto sgangherato e becero di un\u2019azione di parte volta a piantare una bandierina pentastellata, va colta nella direzione di marcia ed \u00e8 opportuno votare S\u00cc.<\/p>\n<p>La necessaria decurtazione degli scranni degli eletti a Montecitorio e Palazzo Madama, era stato un problema segnalato dalla Commissione Bozzi insediata nel 1983, allorquando con l&#8217;istituzione ufficiale delle amministrazioni regionali (1970) e poi del Parlamento europeo (1979), ci si rese conto che il numero di politici da eleggere era aumentato notevolmente. 1983-2020, anche qui sono trascorsi 37 anni del tutto inutilmente causa la neghittosit\u00e0 di deputati e senatori a ridursi nel numero e il diniego del popolo votante a riforme organiche della Costituzione, Centro Destra nel 2001 e Centro Sinistra nel 2016.<\/p>\n<p><strong>Lunedi 07 settembre 2020 Enzo De Biasi<\/strong><\/p>\n<p>&nbsp;<\/p>\n<p>&nbsp;<\/p>","protected":false},"excerpt":{"rendered":"<p>No taxation without representation, nessuna tassazione senza rappresentanza, \u00e8 uno slogan politico nato durante il 1700 che riassumeva una delle 27 rimostranze dei coloni americani nelle Tredici Colonie, che fu una delle principali cause della Rivoluzione americana. In breve, molti in quelle colonie credevano che, poich\u00e9 non erano direttamente rappresentati nel lontano Parlamento britannico, qualsiasi [&hellip;]<\/p>\n","protected":false},"author":2,"featured_media":90826,"comment_status":"closed","ping_status":"open","sticky":false,"template":"","format":"standard","meta":{"footnotes":""},"categories":[5,49,26],"tags":[],"class_list":["post-117394","post","type-post","status-publish","format-standard","has-post-thumbnail","category-cronaca","category-speciali","category-prima-pagina"],"yoast_head":"<!-- This site is optimized with the Yoast SEO plugin v28.4 - https:\/\/yoast.com\/product\/yoast-seo-wordpress\/ -->\n<title>Votare S\u00cc alla riduzione dei parlamentari e negare il voto a chi non paga le tasse * di Enzo De Biasi\u00a0 - Bellunopress - Dolomiti<\/title>\n<meta name=\"robots\" content=\"index, follow, max-snippet:-1, max-image-preview:large, max-video-preview:-1\" \/>\n<link rel=\"canonical\" href=\"https:\/\/www.bellunopress.it\/fr\/2020\/09\/07\/votare-si-alla-riduzione-dei-parlamentari-e-negare-il-voto-a-chi-non-paga-le-tasse-di-enzo-de-biasi\/\" \/>\n<meta property=\"og:locale\" content=\"fr_FR\" \/>\n<meta property=\"og:type\" content=\"article\" \/>\n<meta property=\"og:title\" content=\"Votare S\u00cc alla riduzione dei parlamentari e negare il voto a chi non paga le tasse * di Enzo De Biasi\u00a0 - Bellunopress - Dolomiti\" \/>\n<meta property=\"og:description\" content=\"No taxation without representation, nessuna tassazione senza rappresentanza, \u00e8 uno slogan politico nato durante il 1700 che riassumeva una delle 27 rimostranze dei coloni americani nelle Tredici Colonie, che fu una delle principali cause della Rivoluzione americana. In breve, molti in quelle colonie credevano che, poich\u00e9 non erano direttamente rappresentati nel lontano Parlamento britannico, qualsiasi [&hellip;]\" \/>\n<meta property=\"og:url\" content=\"https:\/\/www.bellunopress.it\/fr\/2020\/09\/07\/votare-si-alla-riduzione-dei-parlamentari-e-negare-il-voto-a-chi-non-paga-le-tasse-di-enzo-de-biasi\/\" \/>\n<meta property=\"og:site_name\" content=\"Bellunopress - Dolomiti\" \/>\n<meta property=\"article:publisher\" content=\"https:\/\/www.facebook.com\/profile.php?id=100008943462799\" \/>\n<meta property=\"article:published_time\" content=\"2020-09-07T05:06:42+00:00\" \/>\n<meta property=\"og:image\" content=\"https:\/\/www.bellunopress.it\/wp-content\/uploads\/2017\/11\/Enzo-De-Biasi-Riscossa-Civica-Veneta.jpg\" \/>\n\t<meta property=\"og:image:width\" content=\"254\" \/>\n\t<meta property=\"og:image:height\" content=\"300\" \/>\n\t<meta property=\"og:image:type\" content=\"image\/jpeg\" \/>\n<meta name=\"author\" content=\"redazione\" \/>\n<meta name=\"twitter:card\" content=\"summary_large_image\" \/>\n<meta name=\"twitter:creator\" content=\"@bellunopress\" \/>\n<meta name=\"twitter:site\" content=\"@bellunopress\" \/>\n<meta name=\"twitter:label1\" content=\"\u00c9crit par\" \/>\n\t<meta name=\"twitter:data1\" content=\"redazione\" \/>\n\t<meta name=\"twitter:label2\" content=\"Dur\u00e9e de lecture estim\u00e9e\" \/>\n\t<meta name=\"twitter:data2\" content=\"8 minutes\" \/>\n<script type=\"application\/ld+json\" class=\"yoast-schema-graph\">{\"@context\":\"https:\\\/\\\/schema.org\",\"@graph\":[{\"@type\":\"Article\",\"@id\":\"https:\\\/\\\/www.bellunopress.it\\\/2020\\\/09\\\/07\\\/votare-si-alla-riduzione-dei-parlamentari-e-negare-il-voto-a-chi-non-paga-le-tasse-di-enzo-de-biasi\\\/#article\",\"isPartOf\":{\"@id\":\"https:\\\/\\\/www.bellunopress.it\\\/2020\\\/09\\\/07\\\/votare-si-alla-riduzione-dei-parlamentari-e-negare-il-voto-a-chi-non-paga-le-tasse-di-enzo-de-biasi\\\/\"},\"author\":{\"name\":\"redazione\",\"@id\":\"https:\\\/\\\/www.bellunopress.it\\\/#\\\/schema\\\/person\\\/79bb06722b37ece1c03d3e94beb30d73\"},\"headline\":\"Votare S\u00cc alla riduzione dei parlamentari e negare il voto a chi non paga le tasse * di Enzo De Biasi\u00a0\",\"datePublished\":\"2020-09-07T05:06:42+00:00\",\"mainEntityOfPage\":{\"@id\":\"https:\\\/\\\/www.bellunopress.it\\\/2020\\\/09\\\/07\\\/votare-si-alla-riduzione-dei-parlamentari-e-negare-il-voto-a-chi-non-paga-le-tasse-di-enzo-de-biasi\\\/\"},\"wordCount\":1598,\"publisher\":{\"@id\":\"https:\\\/\\\/www.bellunopress.it\\\/#organization\"},\"image\":{\"@id\":\"https:\\\/\\\/www.bellunopress.it\\\/2020\\\/09\\\/07\\\/votare-si-alla-riduzione-dei-parlamentari-e-negare-il-voto-a-chi-non-paga-le-tasse-di-enzo-de-biasi\\\/#primaryimage\"},\"thumbnailUrl\":\"https:\\\/\\\/www.bellunopress.it\\\/wp-content\\\/uploads\\\/2017\\\/11\\\/Enzo-De-Biasi-Riscossa-Civica-Veneta.jpg\",\"articleSection\":[\"Cronaca\\\/Politica\",\"Gli speciali di Bellunopress\",\"Prima Pagina\"],\"inLanguage\":\"fr-FR\"},{\"@type\":\"WebPage\",\"@id\":\"https:\\\/\\\/www.bellunopress.it\\\/2020\\\/09\\\/07\\\/votare-si-alla-riduzione-dei-parlamentari-e-negare-il-voto-a-chi-non-paga-le-tasse-di-enzo-de-biasi\\\/\",\"url\":\"https:\\\/\\\/www.bellunopress.it\\\/2020\\\/09\\\/07\\\/votare-si-alla-riduzione-dei-parlamentari-e-negare-il-voto-a-chi-non-paga-le-tasse-di-enzo-de-biasi\\\/\",\"name\":\"Votare S\u00cc alla riduzione dei parlamentari e negare il voto a chi non paga le tasse * di Enzo De Biasi\u00a0 - Bellunopress - Dolomiti\",\"isPartOf\":{\"@id\":\"https:\\\/\\\/www.bellunopress.it\\\/#website\"},\"primaryImageOfPage\":{\"@id\":\"https:\\\/\\\/www.bellunopress.it\\\/2020\\\/09\\\/07\\\/votare-si-alla-riduzione-dei-parlamentari-e-negare-il-voto-a-chi-non-paga-le-tasse-di-enzo-de-biasi\\\/#primaryimage\"},\"image\":{\"@id\":\"https:\\\/\\\/www.bellunopress.it\\\/2020\\\/09\\\/07\\\/votare-si-alla-riduzione-dei-parlamentari-e-negare-il-voto-a-chi-non-paga-le-tasse-di-enzo-de-biasi\\\/#primaryimage\"},\"thumbnailUrl\":\"https:\\\/\\\/www.bellunopress.it\\\/wp-content\\\/uploads\\\/2017\\\/11\\\/Enzo-De-Biasi-Riscossa-Civica-Veneta.jpg\",\"datePublished\":\"2020-09-07T05:06:42+00:00\",\"breadcrumb\":{\"@id\":\"https:\\\/\\\/www.bellunopress.it\\\/2020\\\/09\\\/07\\\/votare-si-alla-riduzione-dei-parlamentari-e-negare-il-voto-a-chi-non-paga-le-tasse-di-enzo-de-biasi\\\/#breadcrumb\"},\"inLanguage\":\"fr-FR\",\"potentialAction\":[{\"@type\":\"ReadAction\",\"target\":[\"https:\\\/\\\/www.bellunopress.it\\\/2020\\\/09\\\/07\\\/votare-si-alla-riduzione-dei-parlamentari-e-negare-il-voto-a-chi-non-paga-le-tasse-di-enzo-de-biasi\\\/\"]}]},{\"@type\":\"ImageObject\",\"inLanguage\":\"fr-FR\",\"@id\":\"https:\\\/\\\/www.bellunopress.it\\\/2020\\\/09\\\/07\\\/votare-si-alla-riduzione-dei-parlamentari-e-negare-il-voto-a-chi-non-paga-le-tasse-di-enzo-de-biasi\\\/#primaryimage\",\"url\":\"https:\\\/\\\/www.bellunopress.it\\\/wp-content\\\/uploads\\\/2017\\\/11\\\/Enzo-De-Biasi-Riscossa-Civica-Veneta.jpg\",\"contentUrl\":\"https:\\\/\\\/www.bellunopress.it\\\/wp-content\\\/uploads\\\/2017\\\/11\\\/Enzo-De-Biasi-Riscossa-Civica-Veneta.jpg\",\"width\":254,\"height\":300,\"caption\":\"Dr. Enzo De Biasi\"},{\"@type\":\"BreadcrumbList\",\"@id\":\"https:\\\/\\\/www.bellunopress.it\\\/2020\\\/09\\\/07\\\/votare-si-alla-riduzione-dei-parlamentari-e-negare-il-voto-a-chi-non-paga-le-tasse-di-enzo-de-biasi\\\/#breadcrumb\",\"itemListElement\":[{\"@type\":\"ListItem\",\"position\":1,\"name\":\"Home\",\"item\":\"https:\\\/\\\/www.bellunopress.it\\\/\"},{\"@type\":\"ListItem\",\"position\":2,\"name\":\"Votare S\u00cc alla riduzione dei parlamentari e negare il voto a chi non paga le tasse * di Enzo De Biasi\u00a0\"}]},{\"@type\":\"WebSite\",\"@id\":\"https:\\\/\\\/www.bellunopress.it\\\/#website\",\"url\":\"https:\\\/\\\/www.bellunopress.it\\\/\",\"name\":\"Bellunopress - Dolomiti\",\"description\":\"e-mail: redazione@bellunopress.it\",\"publisher\":{\"@id\":\"https:\\\/\\\/www.bellunopress.it\\\/#organization\"},\"potentialAction\":[{\"@type\":\"SearchAction\",\"target\":{\"@type\":\"EntryPoint\",\"urlTemplate\":\"https:\\\/\\\/www.bellunopress.it\\\/?s={search_term_string}\"},\"query-input\":{\"@type\":\"PropertyValueSpecification\",\"valueRequired\":true,\"valueName\":\"search_term_string\"}}],\"inLanguage\":\"fr-FR\"},{\"@type\":\"Organization\",\"@id\":\"https:\\\/\\\/www.bellunopress.it\\\/#organization\",\"name\":\"Bellunopress\",\"url\":\"https:\\\/\\\/www.bellunopress.it\\\/\",\"logo\":{\"@type\":\"ImageObject\",\"inLanguage\":\"fr-FR\",\"@id\":\"https:\\\/\\\/www.bellunopress.it\\\/#\\\/schema\\\/logo\\\/image\\\/\",\"url\":\"https:\\\/\\\/www.bellunopress.it\\\/wp-content\\\/uploads\\\/2011\\\/05\\\/cropped-logo-bellunopress-.jpg\",\"contentUrl\":\"https:\\\/\\\/www.bellunopress.it\\\/wp-content\\\/uploads\\\/2011\\\/05\\\/cropped-logo-bellunopress-.jpg\",\"width\":512,\"height\":512,\"caption\":\"Bellunopress\"},\"image\":{\"@id\":\"https:\\\/\\\/www.bellunopress.it\\\/#\\\/schema\\\/logo\\\/image\\\/\"},\"sameAs\":[\"https:\\\/\\\/www.facebook.com\\\/profile.php?id=100008943462799\",\"https:\\\/\\\/x.com\\\/bellunopress\",\"https:\\\/\\\/www.linkedin.com\\\/hp\\\/?dnr=JBzUWaJfMUw8vbXJJ2tVW5-I3jZKvC4wsoxE&amp;amp;amp;amp;amp;amp;trk=nav_responsive_tab_home\",\"https:\\\/\\\/www.youtube.com\\\/channel\\\/UCxL0wu1uN0_3_7hGG0306cw\"]},{\"@type\":\"Person\",\"@id\":\"https:\\\/\\\/www.bellunopress.it\\\/#\\\/schema\\\/person\\\/79bb06722b37ece1c03d3e94beb30d73\",\"name\":\"redazione\",\"image\":{\"@type\":\"ImageObject\",\"inLanguage\":\"fr-FR\",\"@id\":\"https:\\\/\\\/secure.gravatar.com\\\/avatar\\\/37d968a2e67a6fd04c169c4bdef102d0bc5d31b2546345219e348575eb80e9a0?s=96&d=mm&r=g\",\"url\":\"https:\\\/\\\/secure.gravatar.com\\\/avatar\\\/37d968a2e67a6fd04c169c4bdef102d0bc5d31b2546345219e348575eb80e9a0?s=96&d=mm&r=g\",\"contentUrl\":\"https:\\\/\\\/secure.gravatar.com\\\/avatar\\\/37d968a2e67a6fd04c169c4bdef102d0bc5d31b2546345219e348575eb80e9a0?s=96&d=mm&r=g\",\"caption\":\"redazione\"},\"sameAs\":[\"http:\\\/\\\/www.bellunopress.it\",\"https:\\\/\\\/x.com\\\/bellunopress\"],\"url\":\"https:\\\/\\\/www.bellunopress.it\\\/fr\\\/author\\\/redazione\\\/\"}]}<\/script>\n<!-- \/ Yoast SEO plugin. -->","yoast_head_json":{"title":"Votare S\u00cc alla riduzione dei parlamentari e negare il voto a chi non paga le tasse * di Enzo De Biasi\u00a0 - Bellunopress - Dolomiti","robots":{"index":"index","follow":"follow","max-snippet":"max-snippet:-1","max-image-preview":"max-image-preview:large","max-video-preview":"max-video-preview:-1"},"canonical":"https:\/\/www.bellunopress.it\/fr\/2020\/09\/07\/votare-si-alla-riduzione-dei-parlamentari-e-negare-il-voto-a-chi-non-paga-le-tasse-di-enzo-de-biasi\/","og_locale":"fr_FR","og_type":"article","og_title":"Votare S\u00cc alla riduzione dei parlamentari e negare il voto a chi non paga le tasse * di Enzo De Biasi\u00a0 - Bellunopress - Dolomiti","og_description":"No taxation without representation, nessuna tassazione senza rappresentanza, \u00e8 uno slogan politico nato durante il 1700 che riassumeva una delle 27 rimostranze dei coloni americani nelle Tredici Colonie, che fu una delle principali cause della Rivoluzione americana. In breve, molti in quelle colonie credevano che, poich\u00e9 non erano direttamente rappresentati nel lontano Parlamento britannico, qualsiasi [&hellip;]","og_url":"https:\/\/www.bellunopress.it\/fr\/2020\/09\/07\/votare-si-alla-riduzione-dei-parlamentari-e-negare-il-voto-a-chi-non-paga-le-tasse-di-enzo-de-biasi\/","og_site_name":"Bellunopress - Dolomiti","article_publisher":"https:\/\/www.facebook.com\/profile.php?id=100008943462799","article_published_time":"2020-09-07T05:06:42+00:00","og_image":[{"width":254,"height":300,"url":"https:\/\/www.bellunopress.it\/wp-content\/uploads\/2017\/11\/Enzo-De-Biasi-Riscossa-Civica-Veneta.jpg","type":"image\/jpeg"}],"author":"redazione","twitter_card":"summary_large_image","twitter_creator":"@bellunopress","twitter_site":"@bellunopress","twitter_misc":{"\u00c9crit par":"redazione","Dur\u00e9e de lecture estim\u00e9e":"8 minutes"},"schema":{"@context":"https:\/\/schema.org","@graph":[{"@type":"Article","@id":"https:\/\/www.bellunopress.it\/2020\/09\/07\/votare-si-alla-riduzione-dei-parlamentari-e-negare-il-voto-a-chi-non-paga-le-tasse-di-enzo-de-biasi\/#article","isPartOf":{"@id":"https:\/\/www.bellunopress.it\/2020\/09\/07\/votare-si-alla-riduzione-dei-parlamentari-e-negare-il-voto-a-chi-non-paga-le-tasse-di-enzo-de-biasi\/"},"author":{"name":"redazione","@id":"https:\/\/www.bellunopress.it\/#\/schema\/person\/79bb06722b37ece1c03d3e94beb30d73"},"headline":"Votare S\u00cc alla riduzione dei parlamentari e negare il voto a chi non paga le tasse * di Enzo De Biasi\u00a0","datePublished":"2020-09-07T05:06:42+00:00","mainEntityOfPage":{"@id":"https:\/\/www.bellunopress.it\/2020\/09\/07\/votare-si-alla-riduzione-dei-parlamentari-e-negare-il-voto-a-chi-non-paga-le-tasse-di-enzo-de-biasi\/"},"wordCount":1598,"publisher":{"@id":"https:\/\/www.bellunopress.it\/#organization"},"image":{"@id":"https:\/\/www.bellunopress.it\/2020\/09\/07\/votare-si-alla-riduzione-dei-parlamentari-e-negare-il-voto-a-chi-non-paga-le-tasse-di-enzo-de-biasi\/#primaryimage"},"thumbnailUrl":"https:\/\/www.bellunopress.it\/wp-content\/uploads\/2017\/11\/Enzo-De-Biasi-Riscossa-Civica-Veneta.jpg","articleSection":["Cronaca\/Politica","Gli speciali di Bellunopress","Prima Pagina"],"inLanguage":"fr-FR"},{"@type":"WebPage","@id":"https:\/\/www.bellunopress.it\/2020\/09\/07\/votare-si-alla-riduzione-dei-parlamentari-e-negare-il-voto-a-chi-non-paga-le-tasse-di-enzo-de-biasi\/","url":"https:\/\/www.bellunopress.it\/2020\/09\/07\/votare-si-alla-riduzione-dei-parlamentari-e-negare-il-voto-a-chi-non-paga-le-tasse-di-enzo-de-biasi\/","name":"Votare S\u00cc alla riduzione dei parlamentari e negare il voto a chi non paga le tasse * di Enzo De Biasi\u00a0 - Bellunopress - Dolomiti","isPartOf":{"@id":"https:\/\/www.bellunopress.it\/#website"},"primaryImageOfPage":{"@id":"https:\/\/www.bellunopress.it\/2020\/09\/07\/votare-si-alla-riduzione-dei-parlamentari-e-negare-il-voto-a-chi-non-paga-le-tasse-di-enzo-de-biasi\/#primaryimage"},"image":{"@id":"https:\/\/www.bellunopress.it\/2020\/09\/07\/votare-si-alla-riduzione-dei-parlamentari-e-negare-il-voto-a-chi-non-paga-le-tasse-di-enzo-de-biasi\/#primaryimage"},"thumbnailUrl":"https:\/\/www.bellunopress.it\/wp-content\/uploads\/2017\/11\/Enzo-De-Biasi-Riscossa-Civica-Veneta.jpg","datePublished":"2020-09-07T05:06:42+00:00","breadcrumb":{"@id":"https:\/\/www.bellunopress.it\/2020\/09\/07\/votare-si-alla-riduzione-dei-parlamentari-e-negare-il-voto-a-chi-non-paga-le-tasse-di-enzo-de-biasi\/#breadcrumb"},"inLanguage":"fr-FR","potentialAction":[{"@type":"ReadAction","target":["https:\/\/www.bellunopress.it\/2020\/09\/07\/votare-si-alla-riduzione-dei-parlamentari-e-negare-il-voto-a-chi-non-paga-le-tasse-di-enzo-de-biasi\/"]}]},{"@type":"ImageObject","inLanguage":"fr-FR","@id":"https:\/\/www.bellunopress.it\/2020\/09\/07\/votare-si-alla-riduzione-dei-parlamentari-e-negare-il-voto-a-chi-non-paga-le-tasse-di-enzo-de-biasi\/#primaryimage","url":"https:\/\/www.bellunopress.it\/wp-content\/uploads\/2017\/11\/Enzo-De-Biasi-Riscossa-Civica-Veneta.jpg","contentUrl":"https:\/\/www.bellunopress.it\/wp-content\/uploads\/2017\/11\/Enzo-De-Biasi-Riscossa-Civica-Veneta.jpg","width":254,"height":300,"caption":"Dr. Enzo De Biasi"},{"@type":"BreadcrumbList","@id":"https:\/\/www.bellunopress.it\/2020\/09\/07\/votare-si-alla-riduzione-dei-parlamentari-e-negare-il-voto-a-chi-non-paga-le-tasse-di-enzo-de-biasi\/#breadcrumb","itemListElement":[{"@type":"ListItem","position":1,"name":"Home","item":"https:\/\/www.bellunopress.it\/"},{"@type":"ListItem","position":2,"name":"Votare S\u00cc alla riduzione dei parlamentari e negare il voto a chi non paga le tasse * di Enzo De Biasi\u00a0"}]},{"@type":"WebSite","@id":"https:\/\/www.bellunopress.it\/#website","url":"https:\/\/www.bellunopress.it\/","name":"Bellunopress - Dolomiti","description":"e-mail: redazione@bellunopress.it","publisher":{"@id":"https:\/\/www.bellunopress.it\/#organization"},"potentialAction":[{"@type":"SearchAction","target":{"@type":"EntryPoint","urlTemplate":"https:\/\/www.bellunopress.it\/?s={search_term_string}"},"query-input":{"@type":"PropertyValueSpecification","valueRequired":true,"valueName":"search_term_string"}}],"inLanguage":"fr-FR"},{"@type":"Organization","@id":"https:\/\/www.bellunopress.it\/#organization","name":"Bellunopress","url":"https:\/\/www.bellunopress.it\/","logo":{"@type":"ImageObject","inLanguage":"fr-FR","@id":"https:\/\/www.bellunopress.it\/#\/schema\/logo\/image\/","url":"https:\/\/www.bellunopress.it\/wp-content\/uploads\/2011\/05\/cropped-logo-bellunopress-.jpg","contentUrl":"https:\/\/www.bellunopress.it\/wp-content\/uploads\/2011\/05\/cropped-logo-bellunopress-.jpg","width":512,"height":512,"caption":"Bellunopress"},"image":{"@id":"https:\/\/www.bellunopress.it\/#\/schema\/logo\/image\/"},"sameAs":["https:\/\/www.facebook.com\/profile.php?id=100008943462799","https:\/\/x.com\/bellunopress","https:\/\/www.linkedin.com\/hp\/?dnr=JBzUWaJfMUw8vbXJJ2tVW5-I3jZKvC4wsoxE&amp;amp;amp;amp;amp;amp;trk=nav_responsive_tab_home","https:\/\/www.youtube.com\/channel\/UCxL0wu1uN0_3_7hGG0306cw"]},{"@type":"Person","@id":"https:\/\/www.bellunopress.it\/#\/schema\/person\/79bb06722b37ece1c03d3e94beb30d73","name":"r\u00e9daction","image":{"@type":"ImageObject","inLanguage":"fr-FR","@id":"https:\/\/secure.gravatar.com\/avatar\/37d968a2e67a6fd04c169c4bdef102d0bc5d31b2546345219e348575eb80e9a0?s=96&d=mm&r=g","url":"https:\/\/secure.gravatar.com\/avatar\/37d968a2e67a6fd04c169c4bdef102d0bc5d31b2546345219e348575eb80e9a0?s=96&d=mm&r=g","contentUrl":"https:\/\/secure.gravatar.com\/avatar\/37d968a2e67a6fd04c169c4bdef102d0bc5d31b2546345219e348575eb80e9a0?s=96&d=mm&r=g","caption":"redazione"},"sameAs":["http:\/\/www.bellunopress.it","https:\/\/x.com\/bellunopress"],"url":"https:\/\/www.bellunopress.it\/fr\/author\/redazione\/"}]}},"_links":{"self":[{"href":"https:\/\/www.bellunopress.it\/fr\/wp-json\/wp\/v2\/posts\/117394","targetHints":{"allow":["GET"]}}],"collection":[{"href":"https:\/\/www.bellunopress.it\/fr\/wp-json\/wp\/v2\/posts"}],"about":[{"href":"https:\/\/www.bellunopress.it\/fr\/wp-json\/wp\/v2\/types\/post"}],"author":[{"embeddable":true,"href":"https:\/\/www.bellunopress.it\/fr\/wp-json\/wp\/v2\/users\/2"}],"replies":[{"embeddable":true,"href":"https:\/\/www.bellunopress.it\/fr\/wp-json\/wp\/v2\/comments?post=117394"}],"version-history":[{"count":1,"href":"https:\/\/www.bellunopress.it\/fr\/wp-json\/wp\/v2\/posts\/117394\/revisions"}],"predecessor-version":[{"id":117395,"href":"https:\/\/www.bellunopress.it\/fr\/wp-json\/wp\/v2\/posts\/117394\/revisions\/117395"}],"wp:featuredmedia":[{"embeddable":true,"href":"https:\/\/www.bellunopress.it\/fr\/wp-json\/wp\/v2\/media\/90826"}],"wp:attachment":[{"href":"https:\/\/www.bellunopress.it\/fr\/wp-json\/wp\/v2\/media?parent=117394"}],"wp:term":[{"taxonomy":"category","embeddable":true,"href":"https:\/\/www.bellunopress.it\/fr\/wp-json\/wp\/v2\/categories?post=117394"},{"taxonomy":"post_tag","embeddable":true,"href":"https:\/\/www.bellunopress.it\/fr\/wp-json\/wp\/v2\/tags?post=117394"}],"curies":[{"name":"wp","href":"https:\/\/api.w.org\/{rel}","templated":true}]}}