{"id":117390,"date":"2020-09-06T21:31:03","date_gmt":"2020-09-06T19:31:03","guid":{"rendered":"http:\/\/www.bellunopress.it\/?p=117390"},"modified":"2020-09-06T21:39:33","modified_gmt":"2020-09-06T19:39:33","slug":"la-grande-pedalata-della-val-belluna-domenica-13-settembre","status":"publish","type":"post","link":"https:\/\/www.bellunopress.it\/fr\/2020\/09\/06\/la-grande-pedalata-della-val-belluna-domenica-13-settembre\/","title":{"rendered":"La Grande Pedalata della Val Belluna. Domenica 13 settembre una delegazione Fiab incontrer\u00e0 i sindaci\u00a0"},"content":{"rendered":"<p><a href=\"http:\/\/www.bellunopress.it\/fr\/2019\/09\/16\/la-grande-pedalata-della-valbelluna-domenica-22-settembre-con-partenza-alle-8-30-dal-piazzale-della-stazione-di-belluno\/fiab-federazione-italiana-ambiente-e-bicicletta\/\" rel=\"attachment wp-att-107911\"><img loading=\"lazy\" decoding=\"async\" class=\"alignleft size-full wp-image-107911\" src=\"http:\/\/www.bellunopress.it\/wp-content\/uploads\/2019\/09\/Fiab-federazione-italiana-ambiente-e-bicicletta.jpg\" alt=\"\" width=\"300\" height=\"256\" \/><\/a>Da ormai due anni FIAB \u2013 Federazione Italiana Ambiente e Bicicletta &#8211; festeggia la Settimana Europea della Mobilit\u00e0 con \u201cLa Grande Pedalata della Val Belluna\u201d.<\/p>\n<p>&#8220;L\u2019anno scorso &#8211; ricorda Pierluigi Trevisan, presidente di di FIAB Belluno, Federazione Italiana Ambiente e Bicicletta &#8211; un variopinto gruppone di oltre duecento cicliste e ciclisti di tutte le et\u00e0 ha percorso lo splendido percorso ciclabile di fondovalle che unisce Belluno e Feltre in destra e sinistra Piave. \u00c8 un percorso cicloturistico di circa 80 km, attraente per tutti e per tutte le et\u00e0 perch\u00e9 non presenta grandi dislivelli, attraversa paesaggi rurali di rara bellezza e, oltre alle citt\u00e0 di Feltre e Belluno, tocca borghi storici come Mel e Lentiai con i loro tesori d\u2019arte.<\/p>\n<p>Quest\u2019anno &#8211; prosegue Trevisan &#8211; la pandemia Covid-19, con contagi purtroppo in aumento, ci impedisce di organizzare La Grande Pedalata della Val Belluna su grande scala, ma ugualmente vogliamo festeggiare la Settimana Europea della Mobilit\u00e0 che, citando il Ministero dell\u2019Ambiente \u201c\u00e8 ormai diventata un appuntamento fisso e irrinunciabile per tutte le amministrazioni e per tutti i cittadini che si vogliono impegnare sulla strada della sostenibilit\u00e0 e del miglioramento della qualit\u00e0 della vita delle nostre citt\u00e0.\u201d Quindi una delegazione FIAB far\u00e0 ugualmente, con tutte le precauzioni anti-covid 19, \u201cLa Grande Pedalata della Val Belluna\u201d con l\u2019obiettivo di mantenere vivo l\u2019interesse per il completamento di questo splendido anello cicloturistico.<\/p>\n<p>Purtroppo a tutt\u2019oggi il percorso cicloturistico non \u00e8 ancora in completa sicurezza. Il 2020 vede proprio in questi giorni l\u2019inizio dei lavori della pista ciclabile che collegher\u00e0 via Feltre alla ciclabile Salce &#8211; San Fermo, a Belluno. Viene messo cos\u00ec un altro tassello per la sicurezza del percorso in destra Piave. Sono gi\u00e0 progettati gli interventi del sottopasso alle Gravazze, della passerella ciclabile sul Veses, del tratto ciclabile sul sedime ferroviario alla stazione di Santa Giustina e della passerella sul Salmenega. Speriamo che presto vengano aperti anche questi cantieri. Restano ancora irrisolti il nodo di Busche in destra Piave e il dosso di Villa Buzzati in sinistra Piave.<\/p>\n<p>Il completamento dell\u2019anello ciclabile rappresenta una opportunit\u00e0 unica per sviluppare il cicloturismo in Val Belluna, settore in crescita esponenziale visto anche il boom di vendite\u00a0delle e-bikes. Ma il binomio bicicletta + treno, che \u00e8 il logo della Grande Pedalata, vuole mettere in evidenza che dobbiamo cambiare registro e sviluppare una mobilit\u00e0 non inquinante e soprattutto che riduca le emissioni di CO2. Il tema della Settimana della Mobilit\u00e0 2020 \u00e8 &#8220;Emissioni zero, mobilit\u00e0 per tutti&#8221; e riflette l\u2019ambizioso obiettivo di un continente che punta a diventare \u201ccarbon neutral\u201d entro il 2050, cos\u00ec come dichiarato da Ursula von der Leyen, presidente della Commissione europea, alla presentazione del Green Deal europeo. Citando ancora il Ministero dell\u2019Ambiente: \u201cIl tema &#8220;Emissioni zero, mobilit\u00e0 per tutti&#8221; mira a sottolineare l&#8217;importanza dell&#8217;accessibilit\u00e0 al trasporto a emissioni zero e a promuovere un quadro inclusivo che coinvolga tutta la cittadinanza, attraverso l\u2019adozione di misure che promuovano un ambiente urbano inclusivo e privo di emissioni di carbonio. Pertanto, la Settimana della Mobilit\u00e0 2020 incoraggia cittadini e autorit\u00e0 locali a prendere iniziative per raggiungere l&#8217;obiettivo a lungo termine di un continente a emissioni zero.\u201d<\/p>\n<p>Per sottolineare sia l\u2019aspetto cicloturistico della Grande Pedalata che l\u2019importanza vitale di una mobilit\u00e0 ad emissioni zero &#8211; conclude il presidente Trevisan &#8211; FIAB ha invitato i sindaci della Val Belluna ad incontrare la delegazione FIAB durante la pedalata per consegnare una targa ricordo e firmare il manifesto della Grande Pedalata della Val Belluna 2020, quale impegno per completare l\u2019anello ciclabile e promuovere la mobilit\u00e0 sostenibile.<\/p>\n<p><strong>Il programma de \u201cLa Grande Pedalata della Val Belluna 2020\u201d \u00e8 il seguente:<\/strong><\/p>\n<p>Domenica 13 Settembre 2020<\/p>\n<p>h 9:15 &#8211; Piazza del Duomo di Belluno \u2013 saluto del Sindaco di Belluno, consegna della targa ricordo e partenza della Grande Pedalata della Val Belluna edizione 2020<br \/>\nh 11:00 &#8211; Arrivo a Santa Giustina davanti al Municipio \u2013 saluto del Sindaco di Santa Giustina e consegna della targa ricordo<br \/>\nh 12:00 &#8211; Arrivo a Busche davanti al Bicigrill \u2013 saluto del Sindaco di Cesiomaggiore e consegna della targa ricordo<br \/>\nh 13:00 &#8211; Arrivo a Feltre in Piazza Maggiore \u2013 saluto del Sindaco di Feltre e consegna della targa ricordo<br \/>\nh 13:30 \u2013 14:30 pausa pranzo<br \/>\nh 16:00 &#8211; Arrivo a Mel davanti al Municipio \u2013 Saluto del Sindaco di Borgo Valbelluna e consegna della targa ricordo<br \/>\nh 17:00 &#8211; Arrivo a Limana davanti al Municipio \u2013 Saluto del Sindaco di Limana e consegna della targa ricordo<br \/>\nh 18:00 &#8211; Arrivo a Belluno in Piazza dei Martiri e conclusione della manifestazione.<\/p>\n<p>&nbsp;<\/p>","protected":false},"excerpt":{"rendered":"<p>Da ormai due anni FIAB \u2013 Federazione Italiana Ambiente e Bicicletta &#8211; festeggia la Settimana Europea della Mobilit\u00e0 con \u201cLa Grande Pedalata della Val Belluna\u201d. &#8220;L\u2019anno scorso &#8211; ricorda Pierluigi Trevisan, presidente di di FIAB Belluno, Federazione Italiana Ambiente e Bicicletta &#8211; un variopinto gruppone di oltre duecento cicliste e ciclisti di tutte le et\u00e0 [&hellip;]<\/p>\n","protected":false},"author":2,"featured_media":107911,"comment_status":"closed","ping_status":"open","sticky":false,"template":"","format":"standard","meta":{"footnotes":""},"categories":[25,4],"tags":[],"class_list":["post-117390","post","type-post","status-publish","format-standard","has-post-thumbnail","category-pausa-caffe","category-sport"],"yoast_head":"<!-- This site is optimized with the Yoast SEO plugin v28.4 - https:\/\/yoast.com\/product\/yoast-seo-wordpress\/ -->\n<title>La Grande Pedalata della Val Belluna. Domenica 13 settembre una delegazione Fiab incontrer\u00e0 i sindaci\u00a0 - Bellunopress - Dolomiti<\/title>\n<meta name=\"robots\" content=\"index, follow, max-snippet:-1, max-image-preview:large, max-video-preview:-1\" \/>\n<link rel=\"canonical\" href=\"https:\/\/www.bellunopress.it\/fr\/2020\/09\/06\/la-grande-pedalata-della-val-belluna-domenica-13-settembre\/\" \/>\n<meta property=\"og:locale\" content=\"fr_FR\" \/>\n<meta property=\"og:type\" content=\"article\" \/>\n<meta property=\"og:title\" content=\"La Grande Pedalata della Val Belluna. Domenica 13 settembre una delegazione Fiab incontrer\u00e0 i sindaci\u00a0 - Bellunopress - Dolomiti\" \/>\n<meta property=\"og:description\" content=\"Da ormai due anni FIAB \u2013 Federazione Italiana Ambiente e Bicicletta &#8211; festeggia la Settimana Europea della Mobilit\u00e0 con \u201cLa Grande Pedalata della Val Belluna\u201d. &#8220;L\u2019anno scorso &#8211; ricorda Pierluigi Trevisan, presidente di di FIAB Belluno, Federazione Italiana Ambiente e Bicicletta &#8211; un variopinto gruppone di oltre duecento cicliste e ciclisti di tutte le et\u00e0 [&hellip;]\" \/>\n<meta property=\"og:url\" content=\"https:\/\/www.bellunopress.it\/fr\/2020\/09\/06\/la-grande-pedalata-della-val-belluna-domenica-13-settembre\/\" \/>\n<meta property=\"og:site_name\" content=\"Bellunopress - Dolomiti\" \/>\n<meta property=\"article:publisher\" content=\"https:\/\/www.facebook.com\/profile.php?id=100008943462799\" \/>\n<meta property=\"article:published_time\" content=\"2020-09-06T19:31:03+00:00\" \/>\n<meta property=\"article:modified_time\" content=\"2020-09-06T19:39:33+00:00\" \/>\n<meta property=\"og:image\" content=\"https:\/\/www.bellunopress.it\/wp-content\/uploads\/2019\/09\/Fiab-federazione-italiana-ambiente-e-bicicletta.jpg\" \/>\n\t<meta property=\"og:image:width\" content=\"300\" \/>\n\t<meta property=\"og:image:height\" content=\"256\" \/>\n\t<meta property=\"og:image:type\" content=\"image\/jpeg\" \/>\n<meta name=\"author\" content=\"redazione\" \/>\n<meta name=\"twitter:card\" content=\"summary_large_image\" \/>\n<meta name=\"twitter:creator\" content=\"@bellunopress\" \/>\n<meta name=\"twitter:site\" content=\"@bellunopress\" \/>\n<meta name=\"twitter:label1\" content=\"\u00c9crit par\" \/>\n\t<meta name=\"twitter:data1\" content=\"redazione\" \/>\n\t<meta name=\"twitter:label2\" content=\"Dur\u00e9e de lecture estim\u00e9e\" \/>\n\t<meta name=\"twitter:data2\" content=\"4 minutes\" \/>\n<script type=\"application\/ld+json\" class=\"yoast-schema-graph\">{\"@context\":\"https:\\\/\\\/schema.org\",\"@graph\":[{\"@type\":\"Article\",\"@id\":\"https:\\\/\\\/www.bellunopress.it\\\/2020\\\/09\\\/06\\\/la-grande-pedalata-della-val-belluna-domenica-13-settembre\\\/#article\",\"isPartOf\":{\"@id\":\"https:\\\/\\\/www.bellunopress.it\\\/2020\\\/09\\\/06\\\/la-grande-pedalata-della-val-belluna-domenica-13-settembre\\\/\"},\"author\":{\"name\":\"redazione\",\"@id\":\"https:\\\/\\\/www.bellunopress.it\\\/#\\\/schema\\\/person\\\/79bb06722b37ece1c03d3e94beb30d73\"},\"headline\":\"La Grande Pedalata della Val Belluna. Domenica 13 settembre una delegazione Fiab incontrer\u00e0 i sindaci\u00a0\",\"datePublished\":\"2020-09-06T19:31:03+00:00\",\"dateModified\":\"2020-09-06T19:39:33+00:00\",\"mainEntityOfPage\":{\"@id\":\"https:\\\/\\\/www.bellunopress.it\\\/2020\\\/09\\\/06\\\/la-grande-pedalata-della-val-belluna-domenica-13-settembre\\\/\"},\"wordCount\":751,\"publisher\":{\"@id\":\"https:\\\/\\\/www.bellunopress.it\\\/#organization\"},\"image\":{\"@id\":\"https:\\\/\\\/www.bellunopress.it\\\/2020\\\/09\\\/06\\\/la-grande-pedalata-della-val-belluna-domenica-13-settembre\\\/#primaryimage\"},\"thumbnailUrl\":\"https:\\\/\\\/www.bellunopress.it\\\/wp-content\\\/uploads\\\/2019\\\/09\\\/Fiab-federazione-italiana-ambiente-e-bicicletta.jpg\",\"articleSection\":[\"Pausa Caff\u00e8\",\"Sport, tempo libero\"],\"inLanguage\":\"fr-FR\"},{\"@type\":\"WebPage\",\"@id\":\"https:\\\/\\\/www.bellunopress.it\\\/2020\\\/09\\\/06\\\/la-grande-pedalata-della-val-belluna-domenica-13-settembre\\\/\",\"url\":\"https:\\\/\\\/www.bellunopress.it\\\/2020\\\/09\\\/06\\\/la-grande-pedalata-della-val-belluna-domenica-13-settembre\\\/\",\"name\":\"La Grande Pedalata della Val Belluna. Domenica 13 settembre una delegazione Fiab incontrer\u00e0 i sindaci\u00a0 - Bellunopress - Dolomiti\",\"isPartOf\":{\"@id\":\"https:\\\/\\\/www.bellunopress.it\\\/#website\"},\"primaryImageOfPage\":{\"@id\":\"https:\\\/\\\/www.bellunopress.it\\\/2020\\\/09\\\/06\\\/la-grande-pedalata-della-val-belluna-domenica-13-settembre\\\/#primaryimage\"},\"image\":{\"@id\":\"https:\\\/\\\/www.bellunopress.it\\\/2020\\\/09\\\/06\\\/la-grande-pedalata-della-val-belluna-domenica-13-settembre\\\/#primaryimage\"},\"thumbnailUrl\":\"https:\\\/\\\/www.bellunopress.it\\\/wp-content\\\/uploads\\\/2019\\\/09\\\/Fiab-federazione-italiana-ambiente-e-bicicletta.jpg\",\"datePublished\":\"2020-09-06T19:31:03+00:00\",\"dateModified\":\"2020-09-06T19:39:33+00:00\",\"breadcrumb\":{\"@id\":\"https:\\\/\\\/www.bellunopress.it\\\/2020\\\/09\\\/06\\\/la-grande-pedalata-della-val-belluna-domenica-13-settembre\\\/#breadcrumb\"},\"inLanguage\":\"fr-FR\",\"potentialAction\":[{\"@type\":\"ReadAction\",\"target\":[\"https:\\\/\\\/www.bellunopress.it\\\/2020\\\/09\\\/06\\\/la-grande-pedalata-della-val-belluna-domenica-13-settembre\\\/\"]}]},{\"@type\":\"ImageObject\",\"inLanguage\":\"fr-FR\",\"@id\":\"https:\\\/\\\/www.bellunopress.it\\\/2020\\\/09\\\/06\\\/la-grande-pedalata-della-val-belluna-domenica-13-settembre\\\/#primaryimage\",\"url\":\"https:\\\/\\\/www.bellunopress.it\\\/wp-content\\\/uploads\\\/2019\\\/09\\\/Fiab-federazione-italiana-ambiente-e-bicicletta.jpg\",\"contentUrl\":\"https:\\\/\\\/www.bellunopress.it\\\/wp-content\\\/uploads\\\/2019\\\/09\\\/Fiab-federazione-italiana-ambiente-e-bicicletta.jpg\",\"width\":300,\"height\":256},{\"@type\":\"BreadcrumbList\",\"@id\":\"https:\\\/\\\/www.bellunopress.it\\\/2020\\\/09\\\/06\\\/la-grande-pedalata-della-val-belluna-domenica-13-settembre\\\/#breadcrumb\",\"itemListElement\":[{\"@type\":\"ListItem\",\"position\":1,\"name\":\"Home\",\"item\":\"https:\\\/\\\/www.bellunopress.it\\\/\"},{\"@type\":\"ListItem\",\"position\":2,\"name\":\"La Grande Pedalata della Val Belluna. Domenica 13 settembre una delegazione Fiab incontrer\u00e0 i sindaci\u00a0\"}]},{\"@type\":\"WebSite\",\"@id\":\"https:\\\/\\\/www.bellunopress.it\\\/#website\",\"url\":\"https:\\\/\\\/www.bellunopress.it\\\/\",\"name\":\"Bellunopress - Dolomiti\",\"description\":\"e-mail: redazione@bellunopress.it\",\"publisher\":{\"@id\":\"https:\\\/\\\/www.bellunopress.it\\\/#organization\"},\"potentialAction\":[{\"@type\":\"SearchAction\",\"target\":{\"@type\":\"EntryPoint\",\"urlTemplate\":\"https:\\\/\\\/www.bellunopress.it\\\/?s={search_term_string}\"},\"query-input\":{\"@type\":\"PropertyValueSpecification\",\"valueRequired\":true,\"valueName\":\"search_term_string\"}}],\"inLanguage\":\"fr-FR\"},{\"@type\":\"Organization\",\"@id\":\"https:\\\/\\\/www.bellunopress.it\\\/#organization\",\"name\":\"Bellunopress\",\"url\":\"https:\\\/\\\/www.bellunopress.it\\\/\",\"logo\":{\"@type\":\"ImageObject\",\"inLanguage\":\"fr-FR\",\"@id\":\"https:\\\/\\\/www.bellunopress.it\\\/#\\\/schema\\\/logo\\\/image\\\/\",\"url\":\"https:\\\/\\\/www.bellunopress.it\\\/wp-content\\\/uploads\\\/2011\\\/05\\\/cropped-logo-bellunopress-.jpg\",\"contentUrl\":\"https:\\\/\\\/www.bellunopress.it\\\/wp-content\\\/uploads\\\/2011\\\/05\\\/cropped-logo-bellunopress-.jpg\",\"width\":512,\"height\":512,\"caption\":\"Bellunopress\"},\"image\":{\"@id\":\"https:\\\/\\\/www.bellunopress.it\\\/#\\\/schema\\\/logo\\\/image\\\/\"},\"sameAs\":[\"https:\\\/\\\/www.facebook.com\\\/profile.php?id=100008943462799\",\"https:\\\/\\\/x.com\\\/bellunopress\",\"https:\\\/\\\/www.linkedin.com\\\/hp\\\/?dnr=JBzUWaJfMUw8vbXJJ2tVW5-I3jZKvC4wsoxE&amp;amp;amp;amp;amp;amp;trk=nav_responsive_tab_home\",\"https:\\\/\\\/www.youtube.com\\\/channel\\\/UCxL0wu1uN0_3_7hGG0306cw\"]},{\"@type\":\"Person\",\"@id\":\"https:\\\/\\\/www.bellunopress.it\\\/#\\\/schema\\\/person\\\/79bb06722b37ece1c03d3e94beb30d73\",\"name\":\"redazione\",\"image\":{\"@type\":\"ImageObject\",\"inLanguage\":\"fr-FR\",\"@id\":\"https:\\\/\\\/secure.gravatar.com\\\/avatar\\\/37d968a2e67a6fd04c169c4bdef102d0bc5d31b2546345219e348575eb80e9a0?s=96&d=mm&r=g\",\"url\":\"https:\\\/\\\/secure.gravatar.com\\\/avatar\\\/37d968a2e67a6fd04c169c4bdef102d0bc5d31b2546345219e348575eb80e9a0?s=96&d=mm&r=g\",\"contentUrl\":\"https:\\\/\\\/secure.gravatar.com\\\/avatar\\\/37d968a2e67a6fd04c169c4bdef102d0bc5d31b2546345219e348575eb80e9a0?s=96&d=mm&r=g\",\"caption\":\"redazione\"},\"sameAs\":[\"http:\\\/\\\/www.bellunopress.it\",\"https:\\\/\\\/x.com\\\/bellunopress\"],\"url\":\"https:\\\/\\\/www.bellunopress.it\\\/fr\\\/author\\\/redazione\\\/\"}]}<\/script>\n<!-- \/ Yoast SEO plugin. -->","yoast_head_json":{"title":"La Grande Pedalata della Val Belluna. Domenica 13 settembre una delegazione Fiab incontrer\u00e0 i sindaci\u00a0 - Bellunopress - Dolomiti","robots":{"index":"index","follow":"follow","max-snippet":"max-snippet:-1","max-image-preview":"max-image-preview:large","max-video-preview":"max-video-preview:-1"},"canonical":"https:\/\/www.bellunopress.it\/fr\/2020\/09\/06\/la-grande-pedalata-della-val-belluna-domenica-13-settembre\/","og_locale":"fr_FR","og_type":"article","og_title":"La Grande Pedalata della Val Belluna. Domenica 13 settembre una delegazione Fiab incontrer\u00e0 i sindaci\u00a0 - Bellunopress - Dolomiti","og_description":"Da ormai due anni FIAB \u2013 Federazione Italiana Ambiente e Bicicletta &#8211; festeggia la Settimana Europea della Mobilit\u00e0 con \u201cLa Grande Pedalata della Val Belluna\u201d. &#8220;L\u2019anno scorso &#8211; ricorda Pierluigi Trevisan, presidente di di FIAB Belluno, Federazione Italiana Ambiente e Bicicletta &#8211; un variopinto gruppone di oltre duecento cicliste e ciclisti di tutte le et\u00e0 [&hellip;]","og_url":"https:\/\/www.bellunopress.it\/fr\/2020\/09\/06\/la-grande-pedalata-della-val-belluna-domenica-13-settembre\/","og_site_name":"Bellunopress - Dolomiti","article_publisher":"https:\/\/www.facebook.com\/profile.php?id=100008943462799","article_published_time":"2020-09-06T19:31:03+00:00","article_modified_time":"2020-09-06T19:39:33+00:00","og_image":[{"width":300,"height":256,"url":"https:\/\/www.bellunopress.it\/wp-content\/uploads\/2019\/09\/Fiab-federazione-italiana-ambiente-e-bicicletta.jpg","type":"image\/jpeg"}],"author":"redazione","twitter_card":"summary_large_image","twitter_creator":"@bellunopress","twitter_site":"@bellunopress","twitter_misc":{"\u00c9crit par":"redazione","Dur\u00e9e de lecture estim\u00e9e":"4 minutes"},"schema":{"@context":"https:\/\/schema.org","@graph":[{"@type":"Article","@id":"https:\/\/www.bellunopress.it\/2020\/09\/06\/la-grande-pedalata-della-val-belluna-domenica-13-settembre\/#article","isPartOf":{"@id":"https:\/\/www.bellunopress.it\/2020\/09\/06\/la-grande-pedalata-della-val-belluna-domenica-13-settembre\/"},"author":{"name":"redazione","@id":"https:\/\/www.bellunopress.it\/#\/schema\/person\/79bb06722b37ece1c03d3e94beb30d73"},"headline":"La Grande Pedalata della Val Belluna. Domenica 13 settembre una delegazione Fiab incontrer\u00e0 i sindaci\u00a0","datePublished":"2020-09-06T19:31:03+00:00","dateModified":"2020-09-06T19:39:33+00:00","mainEntityOfPage":{"@id":"https:\/\/www.bellunopress.it\/2020\/09\/06\/la-grande-pedalata-della-val-belluna-domenica-13-settembre\/"},"wordCount":751,"publisher":{"@id":"https:\/\/www.bellunopress.it\/#organization"},"image":{"@id":"https:\/\/www.bellunopress.it\/2020\/09\/06\/la-grande-pedalata-della-val-belluna-domenica-13-settembre\/#primaryimage"},"thumbnailUrl":"https:\/\/www.bellunopress.it\/wp-content\/uploads\/2019\/09\/Fiab-federazione-italiana-ambiente-e-bicicletta.jpg","articleSection":["Pausa Caff\u00e8","Sport, tempo libero"],"inLanguage":"fr-FR"},{"@type":"WebPage","@id":"https:\/\/www.bellunopress.it\/2020\/09\/06\/la-grande-pedalata-della-val-belluna-domenica-13-settembre\/","url":"https:\/\/www.bellunopress.it\/2020\/09\/06\/la-grande-pedalata-della-val-belluna-domenica-13-settembre\/","name":"La Grande Pedalata della Val Belluna. Domenica 13 settembre una delegazione Fiab incontrer\u00e0 i sindaci\u00a0 - Bellunopress - Dolomiti","isPartOf":{"@id":"https:\/\/www.bellunopress.it\/#website"},"primaryImageOfPage":{"@id":"https:\/\/www.bellunopress.it\/2020\/09\/06\/la-grande-pedalata-della-val-belluna-domenica-13-settembre\/#primaryimage"},"image":{"@id":"https:\/\/www.bellunopress.it\/2020\/09\/06\/la-grande-pedalata-della-val-belluna-domenica-13-settembre\/#primaryimage"},"thumbnailUrl":"https:\/\/www.bellunopress.it\/wp-content\/uploads\/2019\/09\/Fiab-federazione-italiana-ambiente-e-bicicletta.jpg","datePublished":"2020-09-06T19:31:03+00:00","dateModified":"2020-09-06T19:39:33+00:00","breadcrumb":{"@id":"https:\/\/www.bellunopress.it\/2020\/09\/06\/la-grande-pedalata-della-val-belluna-domenica-13-settembre\/#breadcrumb"},"inLanguage":"fr-FR","potentialAction":[{"@type":"ReadAction","target":["https:\/\/www.bellunopress.it\/2020\/09\/06\/la-grande-pedalata-della-val-belluna-domenica-13-settembre\/"]}]},{"@type":"ImageObject","inLanguage":"fr-FR","@id":"https:\/\/www.bellunopress.it\/2020\/09\/06\/la-grande-pedalata-della-val-belluna-domenica-13-settembre\/#primaryimage","url":"https:\/\/www.bellunopress.it\/wp-content\/uploads\/2019\/09\/Fiab-federazione-italiana-ambiente-e-bicicletta.jpg","contentUrl":"https:\/\/www.bellunopress.it\/wp-content\/uploads\/2019\/09\/Fiab-federazione-italiana-ambiente-e-bicicletta.jpg","width":300,"height":256},{"@type":"BreadcrumbList","@id":"https:\/\/www.bellunopress.it\/2020\/09\/06\/la-grande-pedalata-della-val-belluna-domenica-13-settembre\/#breadcrumb","itemListElement":[{"@type":"ListItem","position":1,"name":"Home","item":"https:\/\/www.bellunopress.it\/"},{"@type":"ListItem","position":2,"name":"La Grande Pedalata della Val Belluna. Domenica 13 settembre una delegazione Fiab incontrer\u00e0 i sindaci\u00a0"}]},{"@type":"WebSite","@id":"https:\/\/www.bellunopress.it\/#website","url":"https:\/\/www.bellunopress.it\/","name":"Bellunopress - Dolomiti","description":"e-mail: redazione@bellunopress.it","publisher":{"@id":"https:\/\/www.bellunopress.it\/#organization"},"potentialAction":[{"@type":"SearchAction","target":{"@type":"EntryPoint","urlTemplate":"https:\/\/www.bellunopress.it\/?s={search_term_string}"},"query-input":{"@type":"PropertyValueSpecification","valueRequired":true,"valueName":"search_term_string"}}],"inLanguage":"fr-FR"},{"@type":"Organization","@id":"https:\/\/www.bellunopress.it\/#organization","name":"Bellunopress","url":"https:\/\/www.bellunopress.it\/","logo":{"@type":"ImageObject","inLanguage":"fr-FR","@id":"https:\/\/www.bellunopress.it\/#\/schema\/logo\/image\/","url":"https:\/\/www.bellunopress.it\/wp-content\/uploads\/2011\/05\/cropped-logo-bellunopress-.jpg","contentUrl":"https:\/\/www.bellunopress.it\/wp-content\/uploads\/2011\/05\/cropped-logo-bellunopress-.jpg","width":512,"height":512,"caption":"Bellunopress"},"image":{"@id":"https:\/\/www.bellunopress.it\/#\/schema\/logo\/image\/"},"sameAs":["https:\/\/www.facebook.com\/profile.php?id=100008943462799","https:\/\/x.com\/bellunopress","https:\/\/www.linkedin.com\/hp\/?dnr=JBzUWaJfMUw8vbXJJ2tVW5-I3jZKvC4wsoxE&amp;amp;amp;amp;amp;amp;trk=nav_responsive_tab_home","https:\/\/www.youtube.com\/channel\/UCxL0wu1uN0_3_7hGG0306cw"]},{"@type":"Person","@id":"https:\/\/www.bellunopress.it\/#\/schema\/person\/79bb06722b37ece1c03d3e94beb30d73","name":"r\u00e9daction","image":{"@type":"ImageObject","inLanguage":"fr-FR","@id":"https:\/\/secure.gravatar.com\/avatar\/37d968a2e67a6fd04c169c4bdef102d0bc5d31b2546345219e348575eb80e9a0?s=96&d=mm&r=g","url":"https:\/\/secure.gravatar.com\/avatar\/37d968a2e67a6fd04c169c4bdef102d0bc5d31b2546345219e348575eb80e9a0?s=96&d=mm&r=g","contentUrl":"https:\/\/secure.gravatar.com\/avatar\/37d968a2e67a6fd04c169c4bdef102d0bc5d31b2546345219e348575eb80e9a0?s=96&d=mm&r=g","caption":"redazione"},"sameAs":["http:\/\/www.bellunopress.it","https:\/\/x.com\/bellunopress"],"url":"https:\/\/www.bellunopress.it\/fr\/author\/redazione\/"}]}},"_links":{"self":[{"href":"https:\/\/www.bellunopress.it\/fr\/wp-json\/wp\/v2\/posts\/117390","targetHints":{"allow":["GET"]}}],"collection":[{"href":"https:\/\/www.bellunopress.it\/fr\/wp-json\/wp\/v2\/posts"}],"about":[{"href":"https:\/\/www.bellunopress.it\/fr\/wp-json\/wp\/v2\/types\/post"}],"author":[{"embeddable":true,"href":"https:\/\/www.bellunopress.it\/fr\/wp-json\/wp\/v2\/users\/2"}],"replies":[{"embeddable":true,"href":"https:\/\/www.bellunopress.it\/fr\/wp-json\/wp\/v2\/comments?post=117390"}],"version-history":[{"count":3,"href":"https:\/\/www.bellunopress.it\/fr\/wp-json\/wp\/v2\/posts\/117390\/revisions"}],"predecessor-version":[{"id":117393,"href":"https:\/\/www.bellunopress.it\/fr\/wp-json\/wp\/v2\/posts\/117390\/revisions\/117393"}],"wp:featuredmedia":[{"embeddable":true,"href":"https:\/\/www.bellunopress.it\/fr\/wp-json\/wp\/v2\/media\/107911"}],"wp:attachment":[{"href":"https:\/\/www.bellunopress.it\/fr\/wp-json\/wp\/v2\/media?parent=117390"}],"wp:term":[{"taxonomy":"category","embeddable":true,"href":"https:\/\/www.bellunopress.it\/fr\/wp-json\/wp\/v2\/categories?post=117390"},{"taxonomy":"post_tag","embeddable":true,"href":"https:\/\/www.bellunopress.it\/fr\/wp-json\/wp\/v2\/tags?post=117390"}],"curies":[{"name":"wp","href":"https:\/\/api.w.org\/{rel}","templated":true}]}}