{"id":117384,"date":"2020-09-06T20:34:47","date_gmt":"2020-09-06T18:34:47","guid":{"rendered":"http:\/\/www.bellunopress.it\/?p=117384"},"modified":"2020-09-06T20:38:49","modified_gmt":"2020-09-06T18:38:49","slug":"cortinametraggio-jenny-de-nucci-testimonial-della-16ma-edizione-dal-15-al-21-marzo-2021","status":"publish","type":"post","link":"https:\/\/www.bellunopress.it\/fr\/2020\/09\/06\/cortinametraggio-jenny-de-nucci-testimonial-della-16ma-edizione-dal-15-al-21-marzo-2021\/","title":{"rendered":"Cortinametraggio. Jenny De Nucci testimonial della 16ma edizione dal 15 al 21 marzo 2021"},"content":{"rendered":"<p><a href=\"http:\/\/www.bellunopress.it\/fr\/2020\/09\/06\/cortinametraggio-jenni-de-nucci-testimonial-della-16ma-edizione-dal-15-al-21-marzo-2021\/cortinametraggio-2021_edited\/\" rel=\"attachment wp-att-117385\"><img loading=\"lazy\" decoding=\"async\" class=\"alignleft size-full wp-image-117385\" src=\"http:\/\/www.bellunopress.it\/wp-content\/uploads\/2020\/09\/cortinametraggio-2021_edited.jpg\" alt=\"\" width=\"643\" height=\"321\" srcset=\"https:\/\/www.bellunopress.it\/wp-content\/uploads\/2020\/09\/cortinametraggio-2021_edited.jpg 643w, https:\/\/www.bellunopress.it\/wp-content\/uploads\/2020\/09\/cortinametraggio-2021_edited-500x250.jpg 500w\" sizes=\"auto, (max-width: 643px) 100vw, 643px\" \/><\/a>Giunto alla sua 16ma edizione, il Festival Cortinametraggio si terr\u00e0 a Cortina dal 15 al 21 marzo 2021.<\/p>\n<p>A presentarlo a Venezia il 5 settembre all&#8217;Italian Pavilion dell&#8217;Hotel Excelsior, insieme a Maddalena Mayneri ideatrice e direttrice dell&#8217;ormai storica manifestazione dedicata al meglio della cinematografia &#8220;breve&#8221; italiana la giovane attrice Jenny De Nucci che d\u00e0 ora il volto alla nuova immagine di Cortinametraggio.<\/p>\n<figure id=\"attachment_117386\" aria-describedby=\"caption-attachment-117386\" style=\"width: 533px\" class=\"wp-caption alignleft\"><a href=\"http:\/\/www.bellunopress.it\/fr\/2020\/09\/06\/cortinametraggio-jenni-de-nucci-testimonial-della-16ma-edizione-dal-15-al-21-marzo-2021\/jenny-de-nucci_edited\/\" rel=\"attachment wp-att-117386\"><img loading=\"lazy\" decoding=\"async\" class=\"size-full wp-image-117386\" src=\"http:\/\/www.bellunopress.it\/wp-content\/uploads\/2020\/09\/jenny-de-nucci_edited.jpg\" alt=\"\" width=\"533\" height=\"800\" srcset=\"https:\/\/www.bellunopress.it\/wp-content\/uploads\/2020\/09\/jenny-de-nucci_edited.jpg 533w, https:\/\/www.bellunopress.it\/wp-content\/uploads\/2020\/09\/jenny-de-nucci_edited-333x500.jpg 333w, https:\/\/www.bellunopress.it\/wp-content\/uploads\/2020\/09\/jenny-de-nucci_edited-280x420.jpg 280w\" sizes=\"auto, (max-width: 533px) 100vw, 533px\" \/><\/a><figcaption id=\"caption-attachment-117386\" class=\"wp-caption-text\">Jenny De Nucci (Foto \u00a9Matteo Mignani)<\/figcaption><\/figure>\n<p>Con loro Niccol\u00f2 Gentili direttore della sezione cortometraggi italiani, Roberto Ciufoli, presentatore della prossima edizione del festival, Henry Secchiaroli, ideatore e realizzatore dell&#8217;immagine della XVI edizione, Lorenzo Cassol, tra i vincitori della passata edizione del festival, Emanuela Demarchi responsabile Creativity e Innovation per l&#8217;agenzia H2H di Milano.<\/p>\n<p>Tra le grandi novit\u00e0 della XVI edizione del Festival l&#8217;apertura a una vetrina di lungometraggi che si affiancheranno alla storica sezione competitiva dei cortometraggi.<br \/>\n&#8220;Siamo soddisfatti dei risultati di quest&#8217;anno e ora guardiamo alla XVI edizione&#8221; dichiara Maddalena Mayneri \u2013 &#8220;La XV edizione di Cortinametraggio in versione 2.0 ha riscosso un ottimo successo e ci ha resi orgogliosi, registrando un vero e proprio record con 1 milione e mezzo di visualizzazioni online totali ad oggi. Il festival continua a crescere e proprio per questo abbiamo deciso di aprirci anche ai lungometraggi e mantenere la versione in streaming del festival grazie alla collaborazione con Canale Europa.tv&#8221;.<\/p>\n<p>Le fa eco il sindaco di Cortina Gianpietro Ghedina: &#8220;\u00c8 con grande piacere che porto il mio personale saluto e quello di tutta l&#8217;amministrazione comunale di Cortina alla presentazione della 16\u00b0 edizione di Cortinametraggio. Una rassegna che ha saputo innovarsi e reinventarsi, inaugurando la versione in streaming nel corso del 2020. Certi che l&#8217;edizione di marzo 2021 sar\u00e0 ricca di novit\u00e0 e ospiti di rilievo, auguro a Maddalena ed al suo staff buon lavoro aspettandovi tutti nella nostra Cortina&#8221;.<\/p>\n<p>Confermate le Cortiadi \u2013 Winter Sport Short dirette da Enrico Protti. Una vera e propria &#8220;gara sportiva&#8221; fra cortisti, nata con il patrocinio della FICTS \u2013 Federation Internationale Cinema Television Sportifs. I tre progetti selezionati nella passata edizione: La Bomba di Lorenzo Marinelli, Stone Heart di Federica D&#8217;Ignoti, Tre Secondi di Matteo Nicoletta, vedranno la luce durante Cortinametraggio 2021 sfruttando le suggestive location ampezzane.<br \/>\nTra le novit\u00e0 anche una sezione dedicata ai corti girati durante il lockdown a testimoniare il particolare periodo vissuto dal Paese. Ritroveremo la sezione Videoclip Musicali che diventa una vetrina non competitiva dedicata ai migliori videoclip sotto la supervisione di Cosimo Alem\u00e0.<br \/>\nTra i momenti della presentazione veneziana, la proiezione del cortometraggio vincitore del branded contest 2020 &#8220;Passaggio a Nord-Est \u2013 Short Movie Challenge&#8221;, lanciato da Cortinametraggio grazie alla partnership con Eni gas e luce per mettere in scena l&#8217;energia dei territori appartenenti alle regioni di Veneto, Trentino-Alto Adige e Friuli-Venezia Giulia. FM 29.010, il corto vincitore di Lorenzo Cassol \u00e8 stato realizzato in questi mesi grazie alla societ\u00e0 milanese H2H.<\/p>\n<p>Da segnalare che il ricavato delle quote di iscrizione al festival sulla piattaforma Filmfreeway, quest&#8217;anno andr\u00e0 devoluto interamente a una associazione di beneficenza cortinese.<\/p>\n<p>L&#8217;immagine di Cortinametraggio \u00e8 ideata e realizzata da \u00a9Henry Secchiarioli<\/p>\n<p>&nbsp;<\/p>","protected":false},"excerpt":{"rendered":"<p>Giunto alla sua 16ma edizione, il Festival Cortinametraggio si terr\u00e0 a Cortina dal 15 al 21 marzo 2021. A presentarlo a Venezia il 5 settembre all&#8217;Italian Pavilion dell&#8217;Hotel Excelsior, insieme a Maddalena Mayneri ideatrice e direttrice dell&#8217;ormai storica manifestazione dedicata al meglio della cinematografia &#8220;breve&#8221; italiana la giovane attrice Jenny De Nucci che d\u00e0 ora [&hellip;]<\/p>\n","protected":false},"author":2,"featured_media":117385,"comment_status":"closed","ping_status":"open","sticky":false,"template":"","format":"standard","meta":{"footnotes":""},"categories":[27,3],"tags":[],"class_list":["post-117384","post","type-post","status-publish","format-standard","has-post-thumbnail","category-appuntamenti","category-arte-cultura-spettacoli-scienza-archivi"],"yoast_head":"<!-- This site is optimized with the Yoast SEO plugin v28.4 - https:\/\/yoast.com\/product\/yoast-seo-wordpress\/ -->\n<title>Cortinametraggio. Jenny De Nucci testimonial della 16ma edizione dal 15 al 21 marzo 2021 - Bellunopress - Dolomiti<\/title>\n<meta name=\"robots\" content=\"index, follow, max-snippet:-1, max-image-preview:large, max-video-preview:-1\" \/>\n<link rel=\"canonical\" href=\"https:\/\/www.bellunopress.it\/fr\/2020\/09\/06\/cortinametraggio-jenny-de-nucci-testimonial-della-16ma-edizione-dal-15-al-21-marzo-2021\/\" \/>\n<meta property=\"og:locale\" content=\"fr_FR\" \/>\n<meta property=\"og:type\" content=\"article\" \/>\n<meta property=\"og:title\" content=\"Cortinametraggio. Jenny De Nucci testimonial della 16ma edizione dal 15 al 21 marzo 2021 - Bellunopress - Dolomiti\" \/>\n<meta property=\"og:description\" content=\"Giunto alla sua 16ma edizione, il Festival Cortinametraggio si terr\u00e0 a Cortina dal 15 al 21 marzo 2021. A presentarlo a Venezia il 5 settembre all&#8217;Italian Pavilion dell&#8217;Hotel Excelsior, insieme a Maddalena Mayneri ideatrice e direttrice dell&#8217;ormai storica manifestazione dedicata al meglio della cinematografia &#8220;breve&#8221; italiana la giovane attrice Jenny De Nucci che d\u00e0 ora [&hellip;]\" \/>\n<meta property=\"og:url\" content=\"https:\/\/www.bellunopress.it\/fr\/2020\/09\/06\/cortinametraggio-jenny-de-nucci-testimonial-della-16ma-edizione-dal-15-al-21-marzo-2021\/\" \/>\n<meta property=\"og:site_name\" content=\"Bellunopress - Dolomiti\" \/>\n<meta property=\"article:publisher\" content=\"https:\/\/www.facebook.com\/profile.php?id=100008943462799\" \/>\n<meta property=\"article:published_time\" content=\"2020-09-06T18:34:47+00:00\" \/>\n<meta property=\"article:modified_time\" content=\"2020-09-06T18:38:49+00:00\" \/>\n<meta property=\"og:image\" content=\"https:\/\/www.bellunopress.it\/wp-content\/uploads\/2020\/09\/cortinametraggio-2021_edited.jpg\" \/>\n\t<meta property=\"og:image:width\" content=\"643\" \/>\n\t<meta property=\"og:image:height\" content=\"321\" \/>\n\t<meta property=\"og:image:type\" content=\"image\/jpeg\" \/>\n<meta name=\"author\" content=\"redazione\" \/>\n<meta name=\"twitter:card\" content=\"summary_large_image\" \/>\n<meta name=\"twitter:creator\" content=\"@bellunopress\" \/>\n<meta name=\"twitter:site\" content=\"@bellunopress\" \/>\n<meta name=\"twitter:label1\" content=\"\u00c9crit par\" \/>\n\t<meta name=\"twitter:data1\" content=\"redazione\" \/>\n\t<meta name=\"twitter:label2\" content=\"Dur\u00e9e de lecture estim\u00e9e\" \/>\n\t<meta name=\"twitter:data2\" content=\"3 minutes\" \/>\n<script type=\"application\/ld+json\" class=\"yoast-schema-graph\">{\"@context\":\"https:\\\/\\\/schema.org\",\"@graph\":[{\"@type\":\"Article\",\"@id\":\"https:\\\/\\\/www.bellunopress.it\\\/2020\\\/09\\\/06\\\/cortinametraggio-jenny-de-nucci-testimonial-della-16ma-edizione-dal-15-al-21-marzo-2021\\\/#article\",\"isPartOf\":{\"@id\":\"https:\\\/\\\/www.bellunopress.it\\\/2020\\\/09\\\/06\\\/cortinametraggio-jenny-de-nucci-testimonial-della-16ma-edizione-dal-15-al-21-marzo-2021\\\/\"},\"author\":{\"name\":\"redazione\",\"@id\":\"https:\\\/\\\/www.bellunopress.it\\\/#\\\/schema\\\/person\\\/79bb06722b37ece1c03d3e94beb30d73\"},\"headline\":\"Cortinametraggio. Jenny De Nucci testimonial della 16ma edizione dal 15 al 21 marzo 2021\",\"datePublished\":\"2020-09-06T18:34:47+00:00\",\"dateModified\":\"2020-09-06T18:38:49+00:00\",\"mainEntityOfPage\":{\"@id\":\"https:\\\/\\\/www.bellunopress.it\\\/2020\\\/09\\\/06\\\/cortinametraggio-jenny-de-nucci-testimonial-della-16ma-edizione-dal-15-al-21-marzo-2021\\\/\"},\"wordCount\":524,\"publisher\":{\"@id\":\"https:\\\/\\\/www.bellunopress.it\\\/#organization\"},\"image\":{\"@id\":\"https:\\\/\\\/www.bellunopress.it\\\/2020\\\/09\\\/06\\\/cortinametraggio-jenny-de-nucci-testimonial-della-16ma-edizione-dal-15-al-21-marzo-2021\\\/#primaryimage\"},\"thumbnailUrl\":\"https:\\\/\\\/www.bellunopress.it\\\/wp-content\\\/uploads\\\/2020\\\/09\\\/cortinametraggio-2021_edited.jpg\",\"articleSection\":[\"Appuntamenti, Eventi\",\"Arte, Cultura, Spettacoli, Scienza\"],\"inLanguage\":\"fr-FR\"},{\"@type\":\"WebPage\",\"@id\":\"https:\\\/\\\/www.bellunopress.it\\\/2020\\\/09\\\/06\\\/cortinametraggio-jenny-de-nucci-testimonial-della-16ma-edizione-dal-15-al-21-marzo-2021\\\/\",\"url\":\"https:\\\/\\\/www.bellunopress.it\\\/2020\\\/09\\\/06\\\/cortinametraggio-jenny-de-nucci-testimonial-della-16ma-edizione-dal-15-al-21-marzo-2021\\\/\",\"name\":\"Cortinametraggio. Jenny De Nucci testimonial della 16ma edizione dal 15 al 21 marzo 2021 - Bellunopress - Dolomiti\",\"isPartOf\":{\"@id\":\"https:\\\/\\\/www.bellunopress.it\\\/#website\"},\"primaryImageOfPage\":{\"@id\":\"https:\\\/\\\/www.bellunopress.it\\\/2020\\\/09\\\/06\\\/cortinametraggio-jenny-de-nucci-testimonial-della-16ma-edizione-dal-15-al-21-marzo-2021\\\/#primaryimage\"},\"image\":{\"@id\":\"https:\\\/\\\/www.bellunopress.it\\\/2020\\\/09\\\/06\\\/cortinametraggio-jenny-de-nucci-testimonial-della-16ma-edizione-dal-15-al-21-marzo-2021\\\/#primaryimage\"},\"thumbnailUrl\":\"https:\\\/\\\/www.bellunopress.it\\\/wp-content\\\/uploads\\\/2020\\\/09\\\/cortinametraggio-2021_edited.jpg\",\"datePublished\":\"2020-09-06T18:34:47+00:00\",\"dateModified\":\"2020-09-06T18:38:49+00:00\",\"breadcrumb\":{\"@id\":\"https:\\\/\\\/www.bellunopress.it\\\/2020\\\/09\\\/06\\\/cortinametraggio-jenny-de-nucci-testimonial-della-16ma-edizione-dal-15-al-21-marzo-2021\\\/#breadcrumb\"},\"inLanguage\":\"fr-FR\",\"potentialAction\":[{\"@type\":\"ReadAction\",\"target\":[\"https:\\\/\\\/www.bellunopress.it\\\/2020\\\/09\\\/06\\\/cortinametraggio-jenny-de-nucci-testimonial-della-16ma-edizione-dal-15-al-21-marzo-2021\\\/\"]}]},{\"@type\":\"ImageObject\",\"inLanguage\":\"fr-FR\",\"@id\":\"https:\\\/\\\/www.bellunopress.it\\\/2020\\\/09\\\/06\\\/cortinametraggio-jenny-de-nucci-testimonial-della-16ma-edizione-dal-15-al-21-marzo-2021\\\/#primaryimage\",\"url\":\"https:\\\/\\\/www.bellunopress.it\\\/wp-content\\\/uploads\\\/2020\\\/09\\\/cortinametraggio-2021_edited.jpg\",\"contentUrl\":\"https:\\\/\\\/www.bellunopress.it\\\/wp-content\\\/uploads\\\/2020\\\/09\\\/cortinametraggio-2021_edited.jpg\",\"width\":643,\"height\":321},{\"@type\":\"BreadcrumbList\",\"@id\":\"https:\\\/\\\/www.bellunopress.it\\\/2020\\\/09\\\/06\\\/cortinametraggio-jenny-de-nucci-testimonial-della-16ma-edizione-dal-15-al-21-marzo-2021\\\/#breadcrumb\",\"itemListElement\":[{\"@type\":\"ListItem\",\"position\":1,\"name\":\"Home\",\"item\":\"https:\\\/\\\/www.bellunopress.it\\\/\"},{\"@type\":\"ListItem\",\"position\":2,\"name\":\"Cortinametraggio. Jenny De Nucci testimonial della 16ma edizione dal 15 al 21 marzo 2021\"}]},{\"@type\":\"WebSite\",\"@id\":\"https:\\\/\\\/www.bellunopress.it\\\/#website\",\"url\":\"https:\\\/\\\/www.bellunopress.it\\\/\",\"name\":\"Bellunopress - Dolomiti\",\"description\":\"e-mail: redazione@bellunopress.it\",\"publisher\":{\"@id\":\"https:\\\/\\\/www.bellunopress.it\\\/#organization\"},\"potentialAction\":[{\"@type\":\"SearchAction\",\"target\":{\"@type\":\"EntryPoint\",\"urlTemplate\":\"https:\\\/\\\/www.bellunopress.it\\\/?s={search_term_string}\"},\"query-input\":{\"@type\":\"PropertyValueSpecification\",\"valueRequired\":true,\"valueName\":\"search_term_string\"}}],\"inLanguage\":\"fr-FR\"},{\"@type\":\"Organization\",\"@id\":\"https:\\\/\\\/www.bellunopress.it\\\/#organization\",\"name\":\"Bellunopress\",\"url\":\"https:\\\/\\\/www.bellunopress.it\\\/\",\"logo\":{\"@type\":\"ImageObject\",\"inLanguage\":\"fr-FR\",\"@id\":\"https:\\\/\\\/www.bellunopress.it\\\/#\\\/schema\\\/logo\\\/image\\\/\",\"url\":\"https:\\\/\\\/www.bellunopress.it\\\/wp-content\\\/uploads\\\/2011\\\/05\\\/cropped-logo-bellunopress-.jpg\",\"contentUrl\":\"https:\\\/\\\/www.bellunopress.it\\\/wp-content\\\/uploads\\\/2011\\\/05\\\/cropped-logo-bellunopress-.jpg\",\"width\":512,\"height\":512,\"caption\":\"Bellunopress\"},\"image\":{\"@id\":\"https:\\\/\\\/www.bellunopress.it\\\/#\\\/schema\\\/logo\\\/image\\\/\"},\"sameAs\":[\"https:\\\/\\\/www.facebook.com\\\/profile.php?id=100008943462799\",\"https:\\\/\\\/x.com\\\/bellunopress\",\"https:\\\/\\\/www.linkedin.com\\\/hp\\\/?dnr=JBzUWaJfMUw8vbXJJ2tVW5-I3jZKvC4wsoxE&amp;amp;amp;amp;amp;amp;trk=nav_responsive_tab_home\",\"https:\\\/\\\/www.youtube.com\\\/channel\\\/UCxL0wu1uN0_3_7hGG0306cw\"]},{\"@type\":\"Person\",\"@id\":\"https:\\\/\\\/www.bellunopress.it\\\/#\\\/schema\\\/person\\\/79bb06722b37ece1c03d3e94beb30d73\",\"name\":\"redazione\",\"image\":{\"@type\":\"ImageObject\",\"inLanguage\":\"fr-FR\",\"@id\":\"https:\\\/\\\/secure.gravatar.com\\\/avatar\\\/37d968a2e67a6fd04c169c4bdef102d0bc5d31b2546345219e348575eb80e9a0?s=96&d=mm&r=g\",\"url\":\"https:\\\/\\\/secure.gravatar.com\\\/avatar\\\/37d968a2e67a6fd04c169c4bdef102d0bc5d31b2546345219e348575eb80e9a0?s=96&d=mm&r=g\",\"contentUrl\":\"https:\\\/\\\/secure.gravatar.com\\\/avatar\\\/37d968a2e67a6fd04c169c4bdef102d0bc5d31b2546345219e348575eb80e9a0?s=96&d=mm&r=g\",\"caption\":\"redazione\"},\"sameAs\":[\"http:\\\/\\\/www.bellunopress.it\",\"https:\\\/\\\/x.com\\\/bellunopress\"],\"url\":\"https:\\\/\\\/www.bellunopress.it\\\/fr\\\/author\\\/redazione\\\/\"}]}<\/script>\n<!-- \/ Yoast SEO plugin. -->","yoast_head_json":{"title":"Cortinametraggio. Jenny De Nucci testimonial della 16ma edizione dal 15 al 21 marzo 2021 - Bellunopress - Dolomiti","robots":{"index":"index","follow":"follow","max-snippet":"max-snippet:-1","max-image-preview":"max-image-preview:large","max-video-preview":"max-video-preview:-1"},"canonical":"https:\/\/www.bellunopress.it\/fr\/2020\/09\/06\/cortinametraggio-jenny-de-nucci-testimonial-della-16ma-edizione-dal-15-al-21-marzo-2021\/","og_locale":"fr_FR","og_type":"article","og_title":"Cortinametraggio. Jenny De Nucci testimonial della 16ma edizione dal 15 al 21 marzo 2021 - Bellunopress - Dolomiti","og_description":"Giunto alla sua 16ma edizione, il Festival Cortinametraggio si terr\u00e0 a Cortina dal 15 al 21 marzo 2021. A presentarlo a Venezia il 5 settembre all&#8217;Italian Pavilion dell&#8217;Hotel Excelsior, insieme a Maddalena Mayneri ideatrice e direttrice dell&#8217;ormai storica manifestazione dedicata al meglio della cinematografia &#8220;breve&#8221; italiana la giovane attrice Jenny De Nucci che d\u00e0 ora [&hellip;]","og_url":"https:\/\/www.bellunopress.it\/fr\/2020\/09\/06\/cortinametraggio-jenny-de-nucci-testimonial-della-16ma-edizione-dal-15-al-21-marzo-2021\/","og_site_name":"Bellunopress - Dolomiti","article_publisher":"https:\/\/www.facebook.com\/profile.php?id=100008943462799","article_published_time":"2020-09-06T18:34:47+00:00","article_modified_time":"2020-09-06T18:38:49+00:00","og_image":[{"width":643,"height":321,"url":"https:\/\/www.bellunopress.it\/wp-content\/uploads\/2020\/09\/cortinametraggio-2021_edited.jpg","type":"image\/jpeg"}],"author":"redazione","twitter_card":"summary_large_image","twitter_creator":"@bellunopress","twitter_site":"@bellunopress","twitter_misc":{"\u00c9crit par":"redazione","Dur\u00e9e de lecture estim\u00e9e":"3 minutes"},"schema":{"@context":"https:\/\/schema.org","@graph":[{"@type":"Article","@id":"https:\/\/www.bellunopress.it\/2020\/09\/06\/cortinametraggio-jenny-de-nucci-testimonial-della-16ma-edizione-dal-15-al-21-marzo-2021\/#article","isPartOf":{"@id":"https:\/\/www.bellunopress.it\/2020\/09\/06\/cortinametraggio-jenny-de-nucci-testimonial-della-16ma-edizione-dal-15-al-21-marzo-2021\/"},"author":{"name":"redazione","@id":"https:\/\/www.bellunopress.it\/#\/schema\/person\/79bb06722b37ece1c03d3e94beb30d73"},"headline":"Cortinametraggio. Jenny De Nucci testimonial della 16ma edizione dal 15 al 21 marzo 2021","datePublished":"2020-09-06T18:34:47+00:00","dateModified":"2020-09-06T18:38:49+00:00","mainEntityOfPage":{"@id":"https:\/\/www.bellunopress.it\/2020\/09\/06\/cortinametraggio-jenny-de-nucci-testimonial-della-16ma-edizione-dal-15-al-21-marzo-2021\/"},"wordCount":524,"publisher":{"@id":"https:\/\/www.bellunopress.it\/#organization"},"image":{"@id":"https:\/\/www.bellunopress.it\/2020\/09\/06\/cortinametraggio-jenny-de-nucci-testimonial-della-16ma-edizione-dal-15-al-21-marzo-2021\/#primaryimage"},"thumbnailUrl":"https:\/\/www.bellunopress.it\/wp-content\/uploads\/2020\/09\/cortinametraggio-2021_edited.jpg","articleSection":["Appuntamenti, Eventi","Arte, Cultura, Spettacoli, Scienza"],"inLanguage":"fr-FR"},{"@type":"WebPage","@id":"https:\/\/www.bellunopress.it\/2020\/09\/06\/cortinametraggio-jenny-de-nucci-testimonial-della-16ma-edizione-dal-15-al-21-marzo-2021\/","url":"https:\/\/www.bellunopress.it\/2020\/09\/06\/cortinametraggio-jenny-de-nucci-testimonial-della-16ma-edizione-dal-15-al-21-marzo-2021\/","name":"Cortinametraggio. Jenny De Nucci testimonial della 16ma edizione dal 15 al 21 marzo 2021 - Bellunopress - Dolomiti","isPartOf":{"@id":"https:\/\/www.bellunopress.it\/#website"},"primaryImageOfPage":{"@id":"https:\/\/www.bellunopress.it\/2020\/09\/06\/cortinametraggio-jenny-de-nucci-testimonial-della-16ma-edizione-dal-15-al-21-marzo-2021\/#primaryimage"},"image":{"@id":"https:\/\/www.bellunopress.it\/2020\/09\/06\/cortinametraggio-jenny-de-nucci-testimonial-della-16ma-edizione-dal-15-al-21-marzo-2021\/#primaryimage"},"thumbnailUrl":"https:\/\/www.bellunopress.it\/wp-content\/uploads\/2020\/09\/cortinametraggio-2021_edited.jpg","datePublished":"2020-09-06T18:34:47+00:00","dateModified":"2020-09-06T18:38:49+00:00","breadcrumb":{"@id":"https:\/\/www.bellunopress.it\/2020\/09\/06\/cortinametraggio-jenny-de-nucci-testimonial-della-16ma-edizione-dal-15-al-21-marzo-2021\/#breadcrumb"},"inLanguage":"fr-FR","potentialAction":[{"@type":"ReadAction","target":["https:\/\/www.bellunopress.it\/2020\/09\/06\/cortinametraggio-jenny-de-nucci-testimonial-della-16ma-edizione-dal-15-al-21-marzo-2021\/"]}]},{"@type":"ImageObject","inLanguage":"fr-FR","@id":"https:\/\/www.bellunopress.it\/2020\/09\/06\/cortinametraggio-jenny-de-nucci-testimonial-della-16ma-edizione-dal-15-al-21-marzo-2021\/#primaryimage","url":"https:\/\/www.bellunopress.it\/wp-content\/uploads\/2020\/09\/cortinametraggio-2021_edited.jpg","contentUrl":"https:\/\/www.bellunopress.it\/wp-content\/uploads\/2020\/09\/cortinametraggio-2021_edited.jpg","width":643,"height":321},{"@type":"BreadcrumbList","@id":"https:\/\/www.bellunopress.it\/2020\/09\/06\/cortinametraggio-jenny-de-nucci-testimonial-della-16ma-edizione-dal-15-al-21-marzo-2021\/#breadcrumb","itemListElement":[{"@type":"ListItem","position":1,"name":"Home","item":"https:\/\/www.bellunopress.it\/"},{"@type":"ListItem","position":2,"name":"Cortinametraggio. Jenny De Nucci testimonial della 16ma edizione dal 15 al 21 marzo 2021"}]},{"@type":"WebSite","@id":"https:\/\/www.bellunopress.it\/#website","url":"https:\/\/www.bellunopress.it\/","name":"Bellunopress - Dolomiti","description":"e-mail: redazione@bellunopress.it","publisher":{"@id":"https:\/\/www.bellunopress.it\/#organization"},"potentialAction":[{"@type":"SearchAction","target":{"@type":"EntryPoint","urlTemplate":"https:\/\/www.bellunopress.it\/?s={search_term_string}"},"query-input":{"@type":"PropertyValueSpecification","valueRequired":true,"valueName":"search_term_string"}}],"inLanguage":"fr-FR"},{"@type":"Organization","@id":"https:\/\/www.bellunopress.it\/#organization","name":"Bellunopress","url":"https:\/\/www.bellunopress.it\/","logo":{"@type":"ImageObject","inLanguage":"fr-FR","@id":"https:\/\/www.bellunopress.it\/#\/schema\/logo\/image\/","url":"https:\/\/www.bellunopress.it\/wp-content\/uploads\/2011\/05\/cropped-logo-bellunopress-.jpg","contentUrl":"https:\/\/www.bellunopress.it\/wp-content\/uploads\/2011\/05\/cropped-logo-bellunopress-.jpg","width":512,"height":512,"caption":"Bellunopress"},"image":{"@id":"https:\/\/www.bellunopress.it\/#\/schema\/logo\/image\/"},"sameAs":["https:\/\/www.facebook.com\/profile.php?id=100008943462799","https:\/\/x.com\/bellunopress","https:\/\/www.linkedin.com\/hp\/?dnr=JBzUWaJfMUw8vbXJJ2tVW5-I3jZKvC4wsoxE&amp;amp;amp;amp;amp;amp;trk=nav_responsive_tab_home","https:\/\/www.youtube.com\/channel\/UCxL0wu1uN0_3_7hGG0306cw"]},{"@type":"Person","@id":"https:\/\/www.bellunopress.it\/#\/schema\/person\/79bb06722b37ece1c03d3e94beb30d73","name":"r\u00e9daction","image":{"@type":"ImageObject","inLanguage":"fr-FR","@id":"https:\/\/secure.gravatar.com\/avatar\/37d968a2e67a6fd04c169c4bdef102d0bc5d31b2546345219e348575eb80e9a0?s=96&d=mm&r=g","url":"https:\/\/secure.gravatar.com\/avatar\/37d968a2e67a6fd04c169c4bdef102d0bc5d31b2546345219e348575eb80e9a0?s=96&d=mm&r=g","contentUrl":"https:\/\/secure.gravatar.com\/avatar\/37d968a2e67a6fd04c169c4bdef102d0bc5d31b2546345219e348575eb80e9a0?s=96&d=mm&r=g","caption":"redazione"},"sameAs":["http:\/\/www.bellunopress.it","https:\/\/x.com\/bellunopress"],"url":"https:\/\/www.bellunopress.it\/fr\/author\/redazione\/"}]}},"_links":{"self":[{"href":"https:\/\/www.bellunopress.it\/fr\/wp-json\/wp\/v2\/posts\/117384","targetHints":{"allow":["GET"]}}],"collection":[{"href":"https:\/\/www.bellunopress.it\/fr\/wp-json\/wp\/v2\/posts"}],"about":[{"href":"https:\/\/www.bellunopress.it\/fr\/wp-json\/wp\/v2\/types\/post"}],"author":[{"embeddable":true,"href":"https:\/\/www.bellunopress.it\/fr\/wp-json\/wp\/v2\/users\/2"}],"replies":[{"embeddable":true,"href":"https:\/\/www.bellunopress.it\/fr\/wp-json\/wp\/v2\/comments?post=117384"}],"version-history":[{"count":3,"href":"https:\/\/www.bellunopress.it\/fr\/wp-json\/wp\/v2\/posts\/117384\/revisions"}],"predecessor-version":[{"id":117389,"href":"https:\/\/www.bellunopress.it\/fr\/wp-json\/wp\/v2\/posts\/117384\/revisions\/117389"}],"wp:featuredmedia":[{"embeddable":true,"href":"https:\/\/www.bellunopress.it\/fr\/wp-json\/wp\/v2\/media\/117385"}],"wp:attachment":[{"href":"https:\/\/www.bellunopress.it\/fr\/wp-json\/wp\/v2\/media?parent=117384"}],"wp:term":[{"taxonomy":"category","embeddable":true,"href":"https:\/\/www.bellunopress.it\/fr\/wp-json\/wp\/v2\/categories?post=117384"},{"taxonomy":"post_tag","embeddable":true,"href":"https:\/\/www.bellunopress.it\/fr\/wp-json\/wp\/v2\/tags?post=117384"}],"curies":[{"name":"wp","href":"https:\/\/api.w.org\/{rel}","templated":true}]}}