{"id":117225,"date":"2020-08-31T18:00:08","date_gmt":"2020-08-31T16:00:08","guid":{"rendered":"http:\/\/www.bellunopress.it\/?p=117225"},"modified":"2020-08-31T18:57:24","modified_gmt":"2020-08-31T16:57:24","slug":"serenella-bogana-fdi-ripristinare-subito-i-trasferimenti-statali-per-le-strade","status":"publish","type":"post","link":"https:\/\/www.bellunopress.it\/fr\/2020\/08\/31\/serenella-bogana-fdi-ripristinare-subito-i-trasferimenti-statali-per-le-strade\/","title":{"rendered":"Serenella Bogana (FdI): \u00abRipristinare subito i trasferimenti statali per le strade\u00bb"},"content":{"rendered":"<p><a href=\"http:\/\/www.bellunopress.it\/fr\/2020\/08\/31\/serenella-bogana-fdi-ripristinare-subito-i-trasferimenti-statali-per-le-strade\/serenella-bogana_edited\/\" rel=\"attachment wp-att-117226\"><img loading=\"lazy\" decoding=\"async\" class=\"alignleft size-full wp-image-117226\" src=\"http:\/\/www.bellunopress.it\/wp-content\/uploads\/2020\/08\/Serenella-Bogana_edited.jpg\" alt=\"\" width=\"331\" height=\"371\" \/><\/a>\u00abPer garantire vivibilit\u00e0 in montagna servono infrastrutture. Strade percorribili e sicure, soprattutto\u00bb.<\/p>\n<p>\u00c8 quanto afferma Serenella Bogana, candidata al consiglio regionale tra le file di Fratelli d\u2019Italia.<\/p>\n<p>\u00abAbbiamo visto cosa ha comportato il maltempo del fine settimana. Frane e smottamenti, con chiusure di strade e disagi enormi alle comunit\u00e0 locali. Oltre ai danni, quello che incide di pi\u00f9 nella quotidianit\u00e0 sono proprio le difficolt\u00e0 di spostamento quando chiude una strada. Perch\u00e9 noi viviamo in un territorio frastagliato in cui le strade, le poche che abbiamo, sono indispensabili per assicurare accesso alla salute, diritto all\u2019istruzione, possibilit\u00e0 di lavoro per le nostre imprese. Ecco perch\u00e9 servono investimenti per assicurare le manutenzioni e per avere collegamenti sempre percorribili. Quando sono arrivata in Provincia nel 2014 c\u2019erano poche centinaia di migliaia di euro di trasferimenti dallo Stato per le strade. Fino a qualche anno prima invece da Roma arrivavano 15 milioni di euro ogni anno per la manutenzione della rete viaria. Dobbiamo fare in modo che vengano ripristinati questi trasferimenti. \u00c8 la prima forma di autonomia del nostro territorio\u00bb.<\/p>","protected":false},"excerpt":{"rendered":"<p>\u00abPer garantire vivibilit\u00e0 in montagna servono infrastrutture. Strade percorribili e sicure, soprattutto\u00bb. \u00c8 quanto afferma Serenella Bogana, candidata al consiglio regionale tra le file di Fratelli d\u2019Italia. \u00abAbbiamo visto cosa ha comportato il maltempo del fine settimana. Frane e smottamenti, con chiusure di strade e disagi enormi alle comunit\u00e0 locali. Oltre ai danni, quello che [&hellip;]<\/p>\n","protected":false},"author":2,"featured_media":117226,"comment_status":"closed","ping_status":"open","sticky":false,"template":"","format":"standard","meta":{"footnotes":""},"categories":[5,26],"tags":[],"class_list":["post-117225","post","type-post","status-publish","format-standard","has-post-thumbnail","category-cronaca","category-prima-pagina"],"yoast_head":"<!-- This site is optimized with the Yoast SEO plugin v28.4 - https:\/\/yoast.com\/product\/yoast-seo-wordpress\/ -->\n<title>Serenella Bogana (FdI): \u00abRipristinare subito i trasferimenti statali per le strade\u00bb - Bellunopress - Dolomiti<\/title>\n<meta name=\"robots\" content=\"index, follow, max-snippet:-1, max-image-preview:large, max-video-preview:-1\" \/>\n<link rel=\"canonical\" href=\"https:\/\/www.bellunopress.it\/fr\/2020\/08\/31\/serenella-bogana-fdi-ripristinare-subito-i-trasferimenti-statali-per-le-strade\/\" \/>\n<meta property=\"og:locale\" content=\"fr_FR\" \/>\n<meta property=\"og:type\" content=\"article\" \/>\n<meta property=\"og:title\" content=\"Serenella Bogana (FdI): \u00abRipristinare subito i trasferimenti statali per le strade\u00bb - Bellunopress - Dolomiti\" \/>\n<meta property=\"og:description\" content=\"\u00abPer garantire vivibilit\u00e0 in montagna servono infrastrutture. Strade percorribili e sicure, soprattutto\u00bb. \u00c8 quanto afferma Serenella Bogana, candidata al consiglio regionale tra le file di Fratelli d\u2019Italia. \u00abAbbiamo visto cosa ha comportato il maltempo del fine settimana. Frane e smottamenti, con chiusure di strade e disagi enormi alle comunit\u00e0 locali. Oltre ai danni, quello che [&hellip;]\" \/>\n<meta property=\"og:url\" content=\"https:\/\/www.bellunopress.it\/fr\/2020\/08\/31\/serenella-bogana-fdi-ripristinare-subito-i-trasferimenti-statali-per-le-strade\/\" \/>\n<meta property=\"og:site_name\" content=\"Bellunopress - Dolomiti\" \/>\n<meta property=\"article:publisher\" content=\"https:\/\/www.facebook.com\/profile.php?id=100008943462799\" \/>\n<meta property=\"article:published_time\" content=\"2020-08-31T16:00:08+00:00\" \/>\n<meta property=\"article:modified_time\" content=\"2020-08-31T16:57:24+00:00\" \/>\n<meta property=\"og:image\" content=\"https:\/\/www.bellunopress.it\/wp-content\/uploads\/2020\/08\/Serenella-Bogana_edited.jpg\" \/>\n\t<meta property=\"og:image:width\" content=\"331\" \/>\n\t<meta property=\"og:image:height\" content=\"371\" \/>\n\t<meta property=\"og:image:type\" content=\"image\/jpeg\" \/>\n<meta name=\"author\" content=\"redazione\" \/>\n<meta name=\"twitter:card\" content=\"summary_large_image\" \/>\n<meta name=\"twitter:creator\" content=\"@bellunopress\" \/>\n<meta name=\"twitter:site\" content=\"@bellunopress\" \/>\n<meta name=\"twitter:label1\" content=\"\u00c9crit par\" \/>\n\t<meta name=\"twitter:data1\" content=\"redazione\" \/>\n\t<meta name=\"twitter:label2\" content=\"Dur\u00e9e de lecture estim\u00e9e\" \/>\n\t<meta name=\"twitter:data2\" content=\"1 minute\" \/>\n<script type=\"application\/ld+json\" class=\"yoast-schema-graph\">{\"@context\":\"https:\\\/\\\/schema.org\",\"@graph\":[{\"@type\":\"Article\",\"@id\":\"https:\\\/\\\/www.bellunopress.it\\\/2020\\\/08\\\/31\\\/serenella-bogana-fdi-ripristinare-subito-i-trasferimenti-statali-per-le-strade\\\/#article\",\"isPartOf\":{\"@id\":\"https:\\\/\\\/www.bellunopress.it\\\/2020\\\/08\\\/31\\\/serenella-bogana-fdi-ripristinare-subito-i-trasferimenti-statali-per-le-strade\\\/\"},\"author\":{\"name\":\"redazione\",\"@id\":\"https:\\\/\\\/www.bellunopress.it\\\/#\\\/schema\\\/person\\\/79bb06722b37ece1c03d3e94beb30d73\"},\"headline\":\"Serenella Bogana (FdI): \u00abRipristinare subito i trasferimenti statali per le strade\u00bb\",\"datePublished\":\"2020-08-31T16:00:08+00:00\",\"dateModified\":\"2020-08-31T16:57:24+00:00\",\"mainEntityOfPage\":{\"@id\":\"https:\\\/\\\/www.bellunopress.it\\\/2020\\\/08\\\/31\\\/serenella-bogana-fdi-ripristinare-subito-i-trasferimenti-statali-per-le-strade\\\/\"},\"wordCount\":185,\"publisher\":{\"@id\":\"https:\\\/\\\/www.bellunopress.it\\\/#organization\"},\"image\":{\"@id\":\"https:\\\/\\\/www.bellunopress.it\\\/2020\\\/08\\\/31\\\/serenella-bogana-fdi-ripristinare-subito-i-trasferimenti-statali-per-le-strade\\\/#primaryimage\"},\"thumbnailUrl\":\"https:\\\/\\\/www.bellunopress.it\\\/wp-content\\\/uploads\\\/2020\\\/08\\\/Serenella-Bogana_edited.jpg\",\"articleSection\":[\"Cronaca\\\/Politica\",\"Prima Pagina\"],\"inLanguage\":\"fr-FR\"},{\"@type\":\"WebPage\",\"@id\":\"https:\\\/\\\/www.bellunopress.it\\\/2020\\\/08\\\/31\\\/serenella-bogana-fdi-ripristinare-subito-i-trasferimenti-statali-per-le-strade\\\/\",\"url\":\"https:\\\/\\\/www.bellunopress.it\\\/2020\\\/08\\\/31\\\/serenella-bogana-fdi-ripristinare-subito-i-trasferimenti-statali-per-le-strade\\\/\",\"name\":\"Serenella Bogana (FdI): \u00abRipristinare subito i trasferimenti statali per le strade\u00bb - Bellunopress - Dolomiti\",\"isPartOf\":{\"@id\":\"https:\\\/\\\/www.bellunopress.it\\\/#website\"},\"primaryImageOfPage\":{\"@id\":\"https:\\\/\\\/www.bellunopress.it\\\/2020\\\/08\\\/31\\\/serenella-bogana-fdi-ripristinare-subito-i-trasferimenti-statali-per-le-strade\\\/#primaryimage\"},\"image\":{\"@id\":\"https:\\\/\\\/www.bellunopress.it\\\/2020\\\/08\\\/31\\\/serenella-bogana-fdi-ripristinare-subito-i-trasferimenti-statali-per-le-strade\\\/#primaryimage\"},\"thumbnailUrl\":\"https:\\\/\\\/www.bellunopress.it\\\/wp-content\\\/uploads\\\/2020\\\/08\\\/Serenella-Bogana_edited.jpg\",\"datePublished\":\"2020-08-31T16:00:08+00:00\",\"dateModified\":\"2020-08-31T16:57:24+00:00\",\"breadcrumb\":{\"@id\":\"https:\\\/\\\/www.bellunopress.it\\\/2020\\\/08\\\/31\\\/serenella-bogana-fdi-ripristinare-subito-i-trasferimenti-statali-per-le-strade\\\/#breadcrumb\"},\"inLanguage\":\"fr-FR\",\"potentialAction\":[{\"@type\":\"ReadAction\",\"target\":[\"https:\\\/\\\/www.bellunopress.it\\\/2020\\\/08\\\/31\\\/serenella-bogana-fdi-ripristinare-subito-i-trasferimenti-statali-per-le-strade\\\/\"]}]},{\"@type\":\"ImageObject\",\"inLanguage\":\"fr-FR\",\"@id\":\"https:\\\/\\\/www.bellunopress.it\\\/2020\\\/08\\\/31\\\/serenella-bogana-fdi-ripristinare-subito-i-trasferimenti-statali-per-le-strade\\\/#primaryimage\",\"url\":\"https:\\\/\\\/www.bellunopress.it\\\/wp-content\\\/uploads\\\/2020\\\/08\\\/Serenella-Bogana_edited.jpg\",\"contentUrl\":\"https:\\\/\\\/www.bellunopress.it\\\/wp-content\\\/uploads\\\/2020\\\/08\\\/Serenella-Bogana_edited.jpg\",\"width\":331,\"height\":371,\"caption\":\"Serenella Bogana, consigliera provinciale delegata all'Istruzione e alle Attivit\u00e0 produttive\"},{\"@type\":\"BreadcrumbList\",\"@id\":\"https:\\\/\\\/www.bellunopress.it\\\/2020\\\/08\\\/31\\\/serenella-bogana-fdi-ripristinare-subito-i-trasferimenti-statali-per-le-strade\\\/#breadcrumb\",\"itemListElement\":[{\"@type\":\"ListItem\",\"position\":1,\"name\":\"Home\",\"item\":\"https:\\\/\\\/www.bellunopress.it\\\/\"},{\"@type\":\"ListItem\",\"position\":2,\"name\":\"Serenella Bogana (FdI): \u00abRipristinare subito i trasferimenti statali per le strade\u00bb\"}]},{\"@type\":\"WebSite\",\"@id\":\"https:\\\/\\\/www.bellunopress.it\\\/#website\",\"url\":\"https:\\\/\\\/www.bellunopress.it\\\/\",\"name\":\"Bellunopress - Dolomiti\",\"description\":\"e-mail: redazione@bellunopress.it\",\"publisher\":{\"@id\":\"https:\\\/\\\/www.bellunopress.it\\\/#organization\"},\"potentialAction\":[{\"@type\":\"SearchAction\",\"target\":{\"@type\":\"EntryPoint\",\"urlTemplate\":\"https:\\\/\\\/www.bellunopress.it\\\/?s={search_term_string}\"},\"query-input\":{\"@type\":\"PropertyValueSpecification\",\"valueRequired\":true,\"valueName\":\"search_term_string\"}}],\"inLanguage\":\"fr-FR\"},{\"@type\":\"Organization\",\"@id\":\"https:\\\/\\\/www.bellunopress.it\\\/#organization\",\"name\":\"Bellunopress\",\"url\":\"https:\\\/\\\/www.bellunopress.it\\\/\",\"logo\":{\"@type\":\"ImageObject\",\"inLanguage\":\"fr-FR\",\"@id\":\"https:\\\/\\\/www.bellunopress.it\\\/#\\\/schema\\\/logo\\\/image\\\/\",\"url\":\"https:\\\/\\\/www.bellunopress.it\\\/wp-content\\\/uploads\\\/2011\\\/05\\\/cropped-logo-bellunopress-.jpg\",\"contentUrl\":\"https:\\\/\\\/www.bellunopress.it\\\/wp-content\\\/uploads\\\/2011\\\/05\\\/cropped-logo-bellunopress-.jpg\",\"width\":512,\"height\":512,\"caption\":\"Bellunopress\"},\"image\":{\"@id\":\"https:\\\/\\\/www.bellunopress.it\\\/#\\\/schema\\\/logo\\\/image\\\/\"},\"sameAs\":[\"https:\\\/\\\/www.facebook.com\\\/profile.php?id=100008943462799\",\"https:\\\/\\\/x.com\\\/bellunopress\",\"https:\\\/\\\/www.linkedin.com\\\/hp\\\/?dnr=JBzUWaJfMUw8vbXJJ2tVW5-I3jZKvC4wsoxE&amp;amp;amp;amp;amp;amp;trk=nav_responsive_tab_home\",\"https:\\\/\\\/www.youtube.com\\\/channel\\\/UCxL0wu1uN0_3_7hGG0306cw\"]},{\"@type\":\"Person\",\"@id\":\"https:\\\/\\\/www.bellunopress.it\\\/#\\\/schema\\\/person\\\/79bb06722b37ece1c03d3e94beb30d73\",\"name\":\"redazione\",\"image\":{\"@type\":\"ImageObject\",\"inLanguage\":\"fr-FR\",\"@id\":\"https:\\\/\\\/secure.gravatar.com\\\/avatar\\\/37d968a2e67a6fd04c169c4bdef102d0bc5d31b2546345219e348575eb80e9a0?s=96&d=mm&r=g\",\"url\":\"https:\\\/\\\/secure.gravatar.com\\\/avatar\\\/37d968a2e67a6fd04c169c4bdef102d0bc5d31b2546345219e348575eb80e9a0?s=96&d=mm&r=g\",\"contentUrl\":\"https:\\\/\\\/secure.gravatar.com\\\/avatar\\\/37d968a2e67a6fd04c169c4bdef102d0bc5d31b2546345219e348575eb80e9a0?s=96&d=mm&r=g\",\"caption\":\"redazione\"},\"sameAs\":[\"http:\\\/\\\/www.bellunopress.it\",\"https:\\\/\\\/x.com\\\/bellunopress\"],\"url\":\"https:\\\/\\\/www.bellunopress.it\\\/fr\\\/author\\\/redazione\\\/\"}]}<\/script>\n<!-- \/ Yoast SEO plugin. -->","yoast_head_json":{"title":"Serenella Bogana (FdI): \u00abRipristinare subito i trasferimenti statali per le strade\u00bb - Bellunopress - Dolomiti","robots":{"index":"index","follow":"follow","max-snippet":"max-snippet:-1","max-image-preview":"max-image-preview:large","max-video-preview":"max-video-preview:-1"},"canonical":"https:\/\/www.bellunopress.it\/fr\/2020\/08\/31\/serenella-bogana-fdi-ripristinare-subito-i-trasferimenti-statali-per-le-strade\/","og_locale":"fr_FR","og_type":"article","og_title":"Serenella Bogana (FdI): \u00abRipristinare subito i trasferimenti statali per le strade\u00bb - Bellunopress - Dolomiti","og_description":"\u00abPer garantire vivibilit\u00e0 in montagna servono infrastrutture. Strade percorribili e sicure, soprattutto\u00bb. \u00c8 quanto afferma Serenella Bogana, candidata al consiglio regionale tra le file di Fratelli d\u2019Italia. \u00abAbbiamo visto cosa ha comportato il maltempo del fine settimana. Frane e smottamenti, con chiusure di strade e disagi enormi alle comunit\u00e0 locali. Oltre ai danni, quello che [&hellip;]","og_url":"https:\/\/www.bellunopress.it\/fr\/2020\/08\/31\/serenella-bogana-fdi-ripristinare-subito-i-trasferimenti-statali-per-le-strade\/","og_site_name":"Bellunopress - Dolomiti","article_publisher":"https:\/\/www.facebook.com\/profile.php?id=100008943462799","article_published_time":"2020-08-31T16:00:08+00:00","article_modified_time":"2020-08-31T16:57:24+00:00","og_image":[{"width":331,"height":371,"url":"https:\/\/www.bellunopress.it\/wp-content\/uploads\/2020\/08\/Serenella-Bogana_edited.jpg","type":"image\/jpeg"}],"author":"redazione","twitter_card":"summary_large_image","twitter_creator":"@bellunopress","twitter_site":"@bellunopress","twitter_misc":{"\u00c9crit par":"redazione","Dur\u00e9e de lecture estim\u00e9e":"1 minute"},"schema":{"@context":"https:\/\/schema.org","@graph":[{"@type":"Article","@id":"https:\/\/www.bellunopress.it\/2020\/08\/31\/serenella-bogana-fdi-ripristinare-subito-i-trasferimenti-statali-per-le-strade\/#article","isPartOf":{"@id":"https:\/\/www.bellunopress.it\/2020\/08\/31\/serenella-bogana-fdi-ripristinare-subito-i-trasferimenti-statali-per-le-strade\/"},"author":{"name":"redazione","@id":"https:\/\/www.bellunopress.it\/#\/schema\/person\/79bb06722b37ece1c03d3e94beb30d73"},"headline":"Serenella Bogana (FdI): \u00abRipristinare subito i trasferimenti statali per le strade\u00bb","datePublished":"2020-08-31T16:00:08+00:00","dateModified":"2020-08-31T16:57:24+00:00","mainEntityOfPage":{"@id":"https:\/\/www.bellunopress.it\/2020\/08\/31\/serenella-bogana-fdi-ripristinare-subito-i-trasferimenti-statali-per-le-strade\/"},"wordCount":185,"publisher":{"@id":"https:\/\/www.bellunopress.it\/#organization"},"image":{"@id":"https:\/\/www.bellunopress.it\/2020\/08\/31\/serenella-bogana-fdi-ripristinare-subito-i-trasferimenti-statali-per-le-strade\/#primaryimage"},"thumbnailUrl":"https:\/\/www.bellunopress.it\/wp-content\/uploads\/2020\/08\/Serenella-Bogana_edited.jpg","articleSection":["Cronaca\/Politica","Prima Pagina"],"inLanguage":"fr-FR"},{"@type":"WebPage","@id":"https:\/\/www.bellunopress.it\/2020\/08\/31\/serenella-bogana-fdi-ripristinare-subito-i-trasferimenti-statali-per-le-strade\/","url":"https:\/\/www.bellunopress.it\/2020\/08\/31\/serenella-bogana-fdi-ripristinare-subito-i-trasferimenti-statali-per-le-strade\/","name":"Serenella Bogana (FdI): \u00abRipristinare subito i trasferimenti statali per le strade\u00bb - Bellunopress - Dolomiti","isPartOf":{"@id":"https:\/\/www.bellunopress.it\/#website"},"primaryImageOfPage":{"@id":"https:\/\/www.bellunopress.it\/2020\/08\/31\/serenella-bogana-fdi-ripristinare-subito-i-trasferimenti-statali-per-le-strade\/#primaryimage"},"image":{"@id":"https:\/\/www.bellunopress.it\/2020\/08\/31\/serenella-bogana-fdi-ripristinare-subito-i-trasferimenti-statali-per-le-strade\/#primaryimage"},"thumbnailUrl":"https:\/\/www.bellunopress.it\/wp-content\/uploads\/2020\/08\/Serenella-Bogana_edited.jpg","datePublished":"2020-08-31T16:00:08+00:00","dateModified":"2020-08-31T16:57:24+00:00","breadcrumb":{"@id":"https:\/\/www.bellunopress.it\/2020\/08\/31\/serenella-bogana-fdi-ripristinare-subito-i-trasferimenti-statali-per-le-strade\/#breadcrumb"},"inLanguage":"fr-FR","potentialAction":[{"@type":"ReadAction","target":["https:\/\/www.bellunopress.it\/2020\/08\/31\/serenella-bogana-fdi-ripristinare-subito-i-trasferimenti-statali-per-le-strade\/"]}]},{"@type":"ImageObject","inLanguage":"fr-FR","@id":"https:\/\/www.bellunopress.it\/2020\/08\/31\/serenella-bogana-fdi-ripristinare-subito-i-trasferimenti-statali-per-le-strade\/#primaryimage","url":"https:\/\/www.bellunopress.it\/wp-content\/uploads\/2020\/08\/Serenella-Bogana_edited.jpg","contentUrl":"https:\/\/www.bellunopress.it\/wp-content\/uploads\/2020\/08\/Serenella-Bogana_edited.jpg","width":331,"height":371,"caption":"Serenella Bogana, consigliera provinciale delegata all'Istruzione e alle Attivit\u00e0 produttive"},{"@type":"BreadcrumbList","@id":"https:\/\/www.bellunopress.it\/2020\/08\/31\/serenella-bogana-fdi-ripristinare-subito-i-trasferimenti-statali-per-le-strade\/#breadcrumb","itemListElement":[{"@type":"ListItem","position":1,"name":"Home","item":"https:\/\/www.bellunopress.it\/"},{"@type":"ListItem","position":2,"name":"Serenella Bogana (FdI): \u00abRipristinare subito i trasferimenti statali per le strade\u00bb"}]},{"@type":"WebSite","@id":"https:\/\/www.bellunopress.it\/#website","url":"https:\/\/www.bellunopress.it\/","name":"Bellunopress - Dolomiti","description":"e-mail: redazione@bellunopress.it","publisher":{"@id":"https:\/\/www.bellunopress.it\/#organization"},"potentialAction":[{"@type":"SearchAction","target":{"@type":"EntryPoint","urlTemplate":"https:\/\/www.bellunopress.it\/?s={search_term_string}"},"query-input":{"@type":"PropertyValueSpecification","valueRequired":true,"valueName":"search_term_string"}}],"inLanguage":"fr-FR"},{"@type":"Organization","@id":"https:\/\/www.bellunopress.it\/#organization","name":"Bellunopress","url":"https:\/\/www.bellunopress.it\/","logo":{"@type":"ImageObject","inLanguage":"fr-FR","@id":"https:\/\/www.bellunopress.it\/#\/schema\/logo\/image\/","url":"https:\/\/www.bellunopress.it\/wp-content\/uploads\/2011\/05\/cropped-logo-bellunopress-.jpg","contentUrl":"https:\/\/www.bellunopress.it\/wp-content\/uploads\/2011\/05\/cropped-logo-bellunopress-.jpg","width":512,"height":512,"caption":"Bellunopress"},"image":{"@id":"https:\/\/www.bellunopress.it\/#\/schema\/logo\/image\/"},"sameAs":["https:\/\/www.facebook.com\/profile.php?id=100008943462799","https:\/\/x.com\/bellunopress","https:\/\/www.linkedin.com\/hp\/?dnr=JBzUWaJfMUw8vbXJJ2tVW5-I3jZKvC4wsoxE&amp;amp;amp;amp;amp;amp;trk=nav_responsive_tab_home","https:\/\/www.youtube.com\/channel\/UCxL0wu1uN0_3_7hGG0306cw"]},{"@type":"Person","@id":"https:\/\/www.bellunopress.it\/#\/schema\/person\/79bb06722b37ece1c03d3e94beb30d73","name":"r\u00e9daction","image":{"@type":"ImageObject","inLanguage":"fr-FR","@id":"https:\/\/secure.gravatar.com\/avatar\/37d968a2e67a6fd04c169c4bdef102d0bc5d31b2546345219e348575eb80e9a0?s=96&d=mm&r=g","url":"https:\/\/secure.gravatar.com\/avatar\/37d968a2e67a6fd04c169c4bdef102d0bc5d31b2546345219e348575eb80e9a0?s=96&d=mm&r=g","contentUrl":"https:\/\/secure.gravatar.com\/avatar\/37d968a2e67a6fd04c169c4bdef102d0bc5d31b2546345219e348575eb80e9a0?s=96&d=mm&r=g","caption":"redazione"},"sameAs":["http:\/\/www.bellunopress.it","https:\/\/x.com\/bellunopress"],"url":"https:\/\/www.bellunopress.it\/fr\/author\/redazione\/"}]}},"_links":{"self":[{"href":"https:\/\/www.bellunopress.it\/fr\/wp-json\/wp\/v2\/posts\/117225","targetHints":{"allow":["GET"]}}],"collection":[{"href":"https:\/\/www.bellunopress.it\/fr\/wp-json\/wp\/v2\/posts"}],"about":[{"href":"https:\/\/www.bellunopress.it\/fr\/wp-json\/wp\/v2\/types\/post"}],"author":[{"embeddable":true,"href":"https:\/\/www.bellunopress.it\/fr\/wp-json\/wp\/v2\/users\/2"}],"replies":[{"embeddable":true,"href":"https:\/\/www.bellunopress.it\/fr\/wp-json\/wp\/v2\/comments?post=117225"}],"version-history":[{"count":2,"href":"https:\/\/www.bellunopress.it\/fr\/wp-json\/wp\/v2\/posts\/117225\/revisions"}],"predecessor-version":[{"id":117228,"href":"https:\/\/www.bellunopress.it\/fr\/wp-json\/wp\/v2\/posts\/117225\/revisions\/117228"}],"wp:featuredmedia":[{"embeddable":true,"href":"https:\/\/www.bellunopress.it\/fr\/wp-json\/wp\/v2\/media\/117226"}],"wp:attachment":[{"href":"https:\/\/www.bellunopress.it\/fr\/wp-json\/wp\/v2\/media?parent=117225"}],"wp:term":[{"taxonomy":"category","embeddable":true,"href":"https:\/\/www.bellunopress.it\/fr\/wp-json\/wp\/v2\/categories?post=117225"},{"taxonomy":"post_tag","embeddable":true,"href":"https:\/\/www.bellunopress.it\/fr\/wp-json\/wp\/v2\/tags?post=117225"}],"curies":[{"name":"wp","href":"https:\/\/api.w.org\/{rel}","templated":true}]}}