{"id":117210,"date":"2020-08-31T07:24:33","date_gmt":"2020-08-31T05:24:33","guid":{"rendered":"http:\/\/www.bellunopress.it\/?p=117210"},"modified":"2020-08-31T16:27:37","modified_gmt":"2020-08-31T14:27:37","slug":"camminare-in-montagna-fa-bene-alla-salute-perche-e-come-prepararsi","status":"publish","type":"post","link":"https:\/\/www.bellunopress.it\/fr\/2020\/08\/31\/camminare-in-montagna-fa-bene-alla-salute-perche-e-come-prepararsi\/","title":{"rendered":"Camminare in montagna fa bene alla salute: perch\u00e9 e come prepararsi"},"content":{"rendered":"<p><a href=\"http:\/\/www.bellunopress.it\/fr\/2020\/08\/31\/camminare-in-montagna-fa-bene-alla-salute-perche-e-come-prepararsi\/camminare-in-montagna_edited\/\" rel=\"attachment wp-att-117211\"><img loading=\"lazy\" decoding=\"async\" class=\"alignleft size-full wp-image-117211\" src=\"http:\/\/www.bellunopress.it\/wp-content\/uploads\/2020\/08\/camminare-in-montagna_edited.jpg\" alt=\"\" width=\"800\" height=\"600\" srcset=\"https:\/\/www.bellunopress.it\/wp-content\/uploads\/2020\/08\/camminare-in-montagna_edited.jpg 800w, https:\/\/www.bellunopress.it\/wp-content\/uploads\/2020\/08\/camminare-in-montagna_edited-500x375.jpg 500w, https:\/\/www.bellunopress.it\/wp-content\/uploads\/2020\/08\/camminare-in-montagna_edited-696x522.jpg 696w, https:\/\/www.bellunopress.it\/wp-content\/uploads\/2020\/08\/camminare-in-montagna_edited-560x420.jpg 560w, https:\/\/www.bellunopress.it\/wp-content\/uploads\/2020\/08\/camminare-in-montagna_edited-80x60.jpg 80w, https:\/\/www.bellunopress.it\/wp-content\/uploads\/2020\/08\/camminare-in-montagna_edited-265x198.jpg 265w\" sizes=\"auto, (max-width: 800px) 100vw, 800px\" \/><\/a>Quando si parla di vacanza, la maggior parte delle volte il pensiero va ad un soggiorno in qualche localit\u00e0 di mare, sdraiati al sole ad abbronzarsi. In realt\u00e0, nonostante un fisiologico e generale calo delle prenotazioni dovuto alle restrizioni anti <a href=\"http:\/\/www.bellunopress.it\/fr\/2020\/08\/27\/emergenza-covid-19-aggiornamento-ulss-dolomiti-del-27-agosto-e-modalita-per-i-tamponi\/\">Covid-19<\/a>, la montagna \u00e8 la destinazione pi\u00f9 ambita nel 2020 e meno colpita da questo trend negativo che si riscontra rispetto all\u2019anno precedente (-39%) visibile soprattutto per quanto riguarda le localit\u00e0 marittime (-51%) e le citt\u00e0 d\u2019arte (-49%). Una scelta dovuta probabilmente anche alla voglia di relax e all\u2019aria pura che questa meta sa offrire, ma anche al fatto che le passeggiate in montagna fanno particolarmente bene. Vediamo perch\u00e9 dunque preferire una vacanza ad alta quota e cosa avere sempre con s\u00e9.<\/p>\n<p><strong>Fa dimagrire bruciando pi\u00f9 grassi rispetto alla corsa<\/strong><\/p>\n<p>Chi cammina tende a dimagrire, specie se lo fa sui sentieri impervi delle montagne. Durante questo tipo di attivit\u00e0 si bruciano infatti molti grassi di riserva, il primo elemento da eliminare quando si vuole perdere qualche chilo. In particolare, le calorie che vengono bruciate salgono fino al 40% in pi\u00f9 se si opta per dei percorsi in salita. Inoltre, \u00e8 bene sapere che camminare aiuta nel processo di dimagrimento pi\u00f9 della corsa, perch\u00e9 quando si corre si tende ad eliminare prima i carboidrati e poi i grassi.<\/p>\n<p><strong>Aiuta a scaricare la mente<\/strong><\/p>\n<p>Camminare immersi nella natura, in un ambiente ricco di ossigeno e aria pulita, particolarmente lontano dalla vita di citt\u00e0, aiuta ad allentare le proprie tensioni mentali e a scaricare lo stress. Il verde, inoltre, \u00e8 tra i colori <a href=\"https:\/\/www.ilsole24ore.com\/art\/cromoterapia-colori-che-curano-blu-e-verde-contro-ansia-e-stress-AEjR5PAH\">che aiutano a combattere l\u2019ansia<\/a> e a distendere la mente, motivo in pi\u00f9 per cui camminare all\u2019aria aperta ad alta quota \u00e8 particolarmente consigliato. L\u2019attivit\u00e0 fisica eseguita in montagna porter\u00e0 dunque benefici psicologici oltre che fisici, aiutando magari a rimettere in prospettiva alcuni fattori che potenzialmente turbano la nostra vita.<\/p>\n<p><strong>Apporta benefici all\u2019apparato cardiovascolare<\/strong><\/p>\n<p>Tornando sui benefici che le passeggiate in montagna forniscono all\u2019organismo, questo tipo di attivit\u00e0 fa bene anche all\u2019apparato cardiocircolatorio, dando un contributo a prevenire malattie gravi come ictus o infarti se praticata con continuit\u00e0 e costanza. Man mano che si praticano le camminate la soglia aerobica del proprio corpo migliorer\u00e0 e la fatica si sentir\u00e0 sempre meno.<\/p>\n<p><strong>Tonifica gambe e glutei<\/strong><\/p>\n<p>Mentre si rinforza il proprio apparato cardiovascolare e si bruciano grassi e calorie, quando si cammina in montagna il movimento naturale del proprio corpo porta a tonificare gambe e glutei, rassodando le parti interessate e donando quindi un effetto benefico dal punto di vista estetico. Se poi si pratica trekking aiutandosi con gli appositi bastoni, si trasferir\u00e0 l\u2019effetto tonificante anche alle braccia e alla parte alta del corpo.<\/p>\n<p><strong>Camminare in montagna: cosa portare con s\u00e9?<\/strong><\/p>\n<p>Infine, bisogna ricordare che per camminare in montagna bisogna essere attrezzati in maniera adeguata, sia dal punto di vista dell\u2019abbigliamento sia pensando a cosa portare nello zaino. Prima di tutto, le calzature: chi pratica trekking in zone particolarmente impervie deve averne di adatte, ma per le camminate pi\u00f9 semplici possono andare bene anche scarpe da ginnastica come ad esempio <a href=\"https:\/\/www.yoox.com\/it\/uomo\/shoponline\/fila_d\/sneakers_c\">delle classiche sneakers Fila<\/a> che, con una buona suola, possano accompagnare il piede. Il resto dell\u2019abbigliamento deve essere traspirante e a strati, viste le diverse temperature che si possono incontrare soprattutto in estate. Nello zaino poi non devono mancare acqua, cibo, kit di pronto soccorso e una torcia, nel caso in cui si faccia tardi. Per gli appassionati di fotografia poi la passeggiata in montagna \u00e8 sempre l\u2019occasione per fare bellissimi scatti: non dimenticate la macchina fotografica!<\/p>\n<p>Passeggiare in montagna pu\u00f2 apportare numerosi benefici a corpo e mente, a patto per\u00f2 di riuscire a vestirsi e organizzarsi nel modo giusto!<\/p>","protected":false},"excerpt":{"rendered":"<p>Quando si parla di vacanza, la maggior parte delle volte il pensiero va ad un soggiorno in qualche localit\u00e0 di mare, sdraiati al sole ad abbronzarsi. In realt\u00e0, nonostante un fisiologico e generale calo delle prenotazioni dovuto alle restrizioni anti Covid-19, la montagna \u00e8 la destinazione pi\u00f9 ambita nel 2020 e meno colpita da questo [&hellip;]<\/p>\n","protected":false},"author":2,"featured_media":117211,"comment_status":"closed","ping_status":"open","sticky":false,"template":"","format":"standard","meta":{"footnotes":""},"categories":[4],"tags":[],"class_list":["post-117210","post","type-post","status-publish","format-standard","has-post-thumbnail","category-sport"],"yoast_head":"<!-- This site is optimized with the Yoast SEO plugin v28.4 - https:\/\/yoast.com\/product\/yoast-seo-wordpress\/ -->\n<title>Camminare in montagna fa bene alla salute: perch\u00e9 e come prepararsi - Bellunopress - Dolomiti<\/title>\n<meta name=\"robots\" content=\"index, follow, max-snippet:-1, max-image-preview:large, max-video-preview:-1\" \/>\n<link rel=\"canonical\" href=\"https:\/\/www.bellunopress.it\/fr\/2020\/08\/31\/camminare-in-montagna-fa-bene-alla-salute-perche-e-come-prepararsi\/\" \/>\n<meta property=\"og:locale\" content=\"fr_FR\" \/>\n<meta property=\"og:type\" content=\"article\" \/>\n<meta property=\"og:title\" content=\"Camminare in montagna fa bene alla salute: perch\u00e9 e come prepararsi - Bellunopress - Dolomiti\" \/>\n<meta property=\"og:description\" content=\"Quando si parla di vacanza, la maggior parte delle volte il pensiero va ad un soggiorno in qualche localit\u00e0 di mare, sdraiati al sole ad abbronzarsi. In realt\u00e0, nonostante un fisiologico e generale calo delle prenotazioni dovuto alle restrizioni anti Covid-19, la montagna \u00e8 la destinazione pi\u00f9 ambita nel 2020 e meno colpita da questo [&hellip;]\" \/>\n<meta property=\"og:url\" content=\"https:\/\/www.bellunopress.it\/fr\/2020\/08\/31\/camminare-in-montagna-fa-bene-alla-salute-perche-e-come-prepararsi\/\" \/>\n<meta property=\"og:site_name\" content=\"Bellunopress - Dolomiti\" \/>\n<meta property=\"article:publisher\" content=\"https:\/\/www.facebook.com\/profile.php?id=100008943462799\" \/>\n<meta property=\"article:published_time\" content=\"2020-08-31T05:24:33+00:00\" \/>\n<meta property=\"article:modified_time\" content=\"2020-08-31T14:27:37+00:00\" \/>\n<meta property=\"og:image\" content=\"https:\/\/www.bellunopress.it\/wp-content\/uploads\/2020\/08\/camminare-in-montagna_edited.jpg\" \/>\n\t<meta property=\"og:image:width\" content=\"800\" \/>\n\t<meta property=\"og:image:height\" content=\"600\" \/>\n\t<meta property=\"og:image:type\" content=\"image\/jpeg\" \/>\n<meta name=\"author\" content=\"redazione\" \/>\n<meta name=\"twitter:card\" content=\"summary_large_image\" \/>\n<meta name=\"twitter:creator\" content=\"@bellunopress\" \/>\n<meta name=\"twitter:site\" content=\"@bellunopress\" \/>\n<meta name=\"twitter:label1\" content=\"\u00c9crit par\" \/>\n\t<meta name=\"twitter:data1\" content=\"redazione\" \/>\n\t<meta name=\"twitter:label2\" content=\"Dur\u00e9e de lecture estim\u00e9e\" \/>\n\t<meta name=\"twitter:data2\" content=\"3 minutes\" \/>\n<script type=\"application\/ld+json\" class=\"yoast-schema-graph\">{\"@context\":\"https:\\\/\\\/schema.org\",\"@graph\":[{\"@type\":\"Article\",\"@id\":\"https:\\\/\\\/www.bellunopress.it\\\/2020\\\/08\\\/31\\\/camminare-in-montagna-fa-bene-alla-salute-perche-e-come-prepararsi\\\/#article\",\"isPartOf\":{\"@id\":\"https:\\\/\\\/www.bellunopress.it\\\/2020\\\/08\\\/31\\\/camminare-in-montagna-fa-bene-alla-salute-perche-e-come-prepararsi\\\/\"},\"author\":{\"name\":\"redazione\",\"@id\":\"https:\\\/\\\/www.bellunopress.it\\\/#\\\/schema\\\/person\\\/79bb06722b37ece1c03d3e94beb30d73\"},\"headline\":\"Camminare in montagna fa bene alla salute: perch\u00e9 e come prepararsi\",\"datePublished\":\"2020-08-31T05:24:33+00:00\",\"dateModified\":\"2020-08-31T14:27:37+00:00\",\"mainEntityOfPage\":{\"@id\":\"https:\\\/\\\/www.bellunopress.it\\\/2020\\\/08\\\/31\\\/camminare-in-montagna-fa-bene-alla-salute-perche-e-come-prepararsi\\\/\"},\"wordCount\":626,\"publisher\":{\"@id\":\"https:\\\/\\\/www.bellunopress.it\\\/#organization\"},\"image\":{\"@id\":\"https:\\\/\\\/www.bellunopress.it\\\/2020\\\/08\\\/31\\\/camminare-in-montagna-fa-bene-alla-salute-perche-e-come-prepararsi\\\/#primaryimage\"},\"thumbnailUrl\":\"https:\\\/\\\/www.bellunopress.it\\\/wp-content\\\/uploads\\\/2020\\\/08\\\/camminare-in-montagna_edited.jpg\",\"articleSection\":[\"Sport, tempo libero\"],\"inLanguage\":\"fr-FR\"},{\"@type\":\"WebPage\",\"@id\":\"https:\\\/\\\/www.bellunopress.it\\\/2020\\\/08\\\/31\\\/camminare-in-montagna-fa-bene-alla-salute-perche-e-come-prepararsi\\\/\",\"url\":\"https:\\\/\\\/www.bellunopress.it\\\/2020\\\/08\\\/31\\\/camminare-in-montagna-fa-bene-alla-salute-perche-e-come-prepararsi\\\/\",\"name\":\"Camminare in montagna fa bene alla salute: perch\u00e9 e come prepararsi - Bellunopress - Dolomiti\",\"isPartOf\":{\"@id\":\"https:\\\/\\\/www.bellunopress.it\\\/#website\"},\"primaryImageOfPage\":{\"@id\":\"https:\\\/\\\/www.bellunopress.it\\\/2020\\\/08\\\/31\\\/camminare-in-montagna-fa-bene-alla-salute-perche-e-come-prepararsi\\\/#primaryimage\"},\"image\":{\"@id\":\"https:\\\/\\\/www.bellunopress.it\\\/2020\\\/08\\\/31\\\/camminare-in-montagna-fa-bene-alla-salute-perche-e-come-prepararsi\\\/#primaryimage\"},\"thumbnailUrl\":\"https:\\\/\\\/www.bellunopress.it\\\/wp-content\\\/uploads\\\/2020\\\/08\\\/camminare-in-montagna_edited.jpg\",\"datePublished\":\"2020-08-31T05:24:33+00:00\",\"dateModified\":\"2020-08-31T14:27:37+00:00\",\"breadcrumb\":{\"@id\":\"https:\\\/\\\/www.bellunopress.it\\\/2020\\\/08\\\/31\\\/camminare-in-montagna-fa-bene-alla-salute-perche-e-come-prepararsi\\\/#breadcrumb\"},\"inLanguage\":\"fr-FR\",\"potentialAction\":[{\"@type\":\"ReadAction\",\"target\":[\"https:\\\/\\\/www.bellunopress.it\\\/2020\\\/08\\\/31\\\/camminare-in-montagna-fa-bene-alla-salute-perche-e-come-prepararsi\\\/\"]}]},{\"@type\":\"ImageObject\",\"inLanguage\":\"fr-FR\",\"@id\":\"https:\\\/\\\/www.bellunopress.it\\\/2020\\\/08\\\/31\\\/camminare-in-montagna-fa-bene-alla-salute-perche-e-come-prepararsi\\\/#primaryimage\",\"url\":\"https:\\\/\\\/www.bellunopress.it\\\/wp-content\\\/uploads\\\/2020\\\/08\\\/camminare-in-montagna_edited.jpg\",\"contentUrl\":\"https:\\\/\\\/www.bellunopress.it\\\/wp-content\\\/uploads\\\/2020\\\/08\\\/camminare-in-montagna_edited.jpg\",\"width\":800,\"height\":600},{\"@type\":\"BreadcrumbList\",\"@id\":\"https:\\\/\\\/www.bellunopress.it\\\/2020\\\/08\\\/31\\\/camminare-in-montagna-fa-bene-alla-salute-perche-e-come-prepararsi\\\/#breadcrumb\",\"itemListElement\":[{\"@type\":\"ListItem\",\"position\":1,\"name\":\"Home\",\"item\":\"https:\\\/\\\/www.bellunopress.it\\\/\"},{\"@type\":\"ListItem\",\"position\":2,\"name\":\"Camminare in montagna fa bene alla salute: perch\u00e9 e come prepararsi\"}]},{\"@type\":\"WebSite\",\"@id\":\"https:\\\/\\\/www.bellunopress.it\\\/#website\",\"url\":\"https:\\\/\\\/www.bellunopress.it\\\/\",\"name\":\"Bellunopress - Dolomiti\",\"description\":\"e-mail: redazione@bellunopress.it\",\"publisher\":{\"@id\":\"https:\\\/\\\/www.bellunopress.it\\\/#organization\"},\"potentialAction\":[{\"@type\":\"SearchAction\",\"target\":{\"@type\":\"EntryPoint\",\"urlTemplate\":\"https:\\\/\\\/www.bellunopress.it\\\/?s={search_term_string}\"},\"query-input\":{\"@type\":\"PropertyValueSpecification\",\"valueRequired\":true,\"valueName\":\"search_term_string\"}}],\"inLanguage\":\"fr-FR\"},{\"@type\":\"Organization\",\"@id\":\"https:\\\/\\\/www.bellunopress.it\\\/#organization\",\"name\":\"Bellunopress\",\"url\":\"https:\\\/\\\/www.bellunopress.it\\\/\",\"logo\":{\"@type\":\"ImageObject\",\"inLanguage\":\"fr-FR\",\"@id\":\"https:\\\/\\\/www.bellunopress.it\\\/#\\\/schema\\\/logo\\\/image\\\/\",\"url\":\"https:\\\/\\\/www.bellunopress.it\\\/wp-content\\\/uploads\\\/2011\\\/05\\\/cropped-logo-bellunopress-.jpg\",\"contentUrl\":\"https:\\\/\\\/www.bellunopress.it\\\/wp-content\\\/uploads\\\/2011\\\/05\\\/cropped-logo-bellunopress-.jpg\",\"width\":512,\"height\":512,\"caption\":\"Bellunopress\"},\"image\":{\"@id\":\"https:\\\/\\\/www.bellunopress.it\\\/#\\\/schema\\\/logo\\\/image\\\/\"},\"sameAs\":[\"https:\\\/\\\/www.facebook.com\\\/profile.php?id=100008943462799\",\"https:\\\/\\\/x.com\\\/bellunopress\",\"https:\\\/\\\/www.linkedin.com\\\/hp\\\/?dnr=JBzUWaJfMUw8vbXJJ2tVW5-I3jZKvC4wsoxE&amp;amp;amp;amp;amp;amp;trk=nav_responsive_tab_home\",\"https:\\\/\\\/www.youtube.com\\\/channel\\\/UCxL0wu1uN0_3_7hGG0306cw\"]},{\"@type\":\"Person\",\"@id\":\"https:\\\/\\\/www.bellunopress.it\\\/#\\\/schema\\\/person\\\/79bb06722b37ece1c03d3e94beb30d73\",\"name\":\"redazione\",\"image\":{\"@type\":\"ImageObject\",\"inLanguage\":\"fr-FR\",\"@id\":\"https:\\\/\\\/secure.gravatar.com\\\/avatar\\\/37d968a2e67a6fd04c169c4bdef102d0bc5d31b2546345219e348575eb80e9a0?s=96&d=mm&r=g\",\"url\":\"https:\\\/\\\/secure.gravatar.com\\\/avatar\\\/37d968a2e67a6fd04c169c4bdef102d0bc5d31b2546345219e348575eb80e9a0?s=96&d=mm&r=g\",\"contentUrl\":\"https:\\\/\\\/secure.gravatar.com\\\/avatar\\\/37d968a2e67a6fd04c169c4bdef102d0bc5d31b2546345219e348575eb80e9a0?s=96&d=mm&r=g\",\"caption\":\"redazione\"},\"sameAs\":[\"http:\\\/\\\/www.bellunopress.it\",\"https:\\\/\\\/x.com\\\/bellunopress\"],\"url\":\"https:\\\/\\\/www.bellunopress.it\\\/fr\\\/author\\\/redazione\\\/\"}]}<\/script>\n<!-- \/ Yoast SEO plugin. -->","yoast_head_json":{"title":"Camminare in montagna fa bene alla salute: perch\u00e9 e come prepararsi - Bellunopress - Dolomiti","robots":{"index":"index","follow":"follow","max-snippet":"max-snippet:-1","max-image-preview":"max-image-preview:large","max-video-preview":"max-video-preview:-1"},"canonical":"https:\/\/www.bellunopress.it\/fr\/2020\/08\/31\/camminare-in-montagna-fa-bene-alla-salute-perche-e-come-prepararsi\/","og_locale":"fr_FR","og_type":"article","og_title":"Camminare in montagna fa bene alla salute: perch\u00e9 e come prepararsi - Bellunopress - Dolomiti","og_description":"Quando si parla di vacanza, la maggior parte delle volte il pensiero va ad un soggiorno in qualche localit\u00e0 di mare, sdraiati al sole ad abbronzarsi. In realt\u00e0, nonostante un fisiologico e generale calo delle prenotazioni dovuto alle restrizioni anti Covid-19, la montagna \u00e8 la destinazione pi\u00f9 ambita nel 2020 e meno colpita da questo [&hellip;]","og_url":"https:\/\/www.bellunopress.it\/fr\/2020\/08\/31\/camminare-in-montagna-fa-bene-alla-salute-perche-e-come-prepararsi\/","og_site_name":"Bellunopress - Dolomiti","article_publisher":"https:\/\/www.facebook.com\/profile.php?id=100008943462799","article_published_time":"2020-08-31T05:24:33+00:00","article_modified_time":"2020-08-31T14:27:37+00:00","og_image":[{"width":800,"height":600,"url":"https:\/\/www.bellunopress.it\/wp-content\/uploads\/2020\/08\/camminare-in-montagna_edited.jpg","type":"image\/jpeg"}],"author":"redazione","twitter_card":"summary_large_image","twitter_creator":"@bellunopress","twitter_site":"@bellunopress","twitter_misc":{"\u00c9crit par":"redazione","Dur\u00e9e de lecture estim\u00e9e":"3 minutes"},"schema":{"@context":"https:\/\/schema.org","@graph":[{"@type":"Article","@id":"https:\/\/www.bellunopress.it\/2020\/08\/31\/camminare-in-montagna-fa-bene-alla-salute-perche-e-come-prepararsi\/#article","isPartOf":{"@id":"https:\/\/www.bellunopress.it\/2020\/08\/31\/camminare-in-montagna-fa-bene-alla-salute-perche-e-come-prepararsi\/"},"author":{"name":"redazione","@id":"https:\/\/www.bellunopress.it\/#\/schema\/person\/79bb06722b37ece1c03d3e94beb30d73"},"headline":"Camminare in montagna fa bene alla salute: perch\u00e9 e come prepararsi","datePublished":"2020-08-31T05:24:33+00:00","dateModified":"2020-08-31T14:27:37+00:00","mainEntityOfPage":{"@id":"https:\/\/www.bellunopress.it\/2020\/08\/31\/camminare-in-montagna-fa-bene-alla-salute-perche-e-come-prepararsi\/"},"wordCount":626,"publisher":{"@id":"https:\/\/www.bellunopress.it\/#organization"},"image":{"@id":"https:\/\/www.bellunopress.it\/2020\/08\/31\/camminare-in-montagna-fa-bene-alla-salute-perche-e-come-prepararsi\/#primaryimage"},"thumbnailUrl":"https:\/\/www.bellunopress.it\/wp-content\/uploads\/2020\/08\/camminare-in-montagna_edited.jpg","articleSection":["Sport, tempo libero"],"inLanguage":"fr-FR"},{"@type":"WebPage","@id":"https:\/\/www.bellunopress.it\/2020\/08\/31\/camminare-in-montagna-fa-bene-alla-salute-perche-e-come-prepararsi\/","url":"https:\/\/www.bellunopress.it\/2020\/08\/31\/camminare-in-montagna-fa-bene-alla-salute-perche-e-come-prepararsi\/","name":"Camminare in montagna fa bene alla salute: perch\u00e9 e come prepararsi - Bellunopress - Dolomiti","isPartOf":{"@id":"https:\/\/www.bellunopress.it\/#website"},"primaryImageOfPage":{"@id":"https:\/\/www.bellunopress.it\/2020\/08\/31\/camminare-in-montagna-fa-bene-alla-salute-perche-e-come-prepararsi\/#primaryimage"},"image":{"@id":"https:\/\/www.bellunopress.it\/2020\/08\/31\/camminare-in-montagna-fa-bene-alla-salute-perche-e-come-prepararsi\/#primaryimage"},"thumbnailUrl":"https:\/\/www.bellunopress.it\/wp-content\/uploads\/2020\/08\/camminare-in-montagna_edited.jpg","datePublished":"2020-08-31T05:24:33+00:00","dateModified":"2020-08-31T14:27:37+00:00","breadcrumb":{"@id":"https:\/\/www.bellunopress.it\/2020\/08\/31\/camminare-in-montagna-fa-bene-alla-salute-perche-e-come-prepararsi\/#breadcrumb"},"inLanguage":"fr-FR","potentialAction":[{"@type":"ReadAction","target":["https:\/\/www.bellunopress.it\/2020\/08\/31\/camminare-in-montagna-fa-bene-alla-salute-perche-e-come-prepararsi\/"]}]},{"@type":"ImageObject","inLanguage":"fr-FR","@id":"https:\/\/www.bellunopress.it\/2020\/08\/31\/camminare-in-montagna-fa-bene-alla-salute-perche-e-come-prepararsi\/#primaryimage","url":"https:\/\/www.bellunopress.it\/wp-content\/uploads\/2020\/08\/camminare-in-montagna_edited.jpg","contentUrl":"https:\/\/www.bellunopress.it\/wp-content\/uploads\/2020\/08\/camminare-in-montagna_edited.jpg","width":800,"height":600},{"@type":"BreadcrumbList","@id":"https:\/\/www.bellunopress.it\/2020\/08\/31\/camminare-in-montagna-fa-bene-alla-salute-perche-e-come-prepararsi\/#breadcrumb","itemListElement":[{"@type":"ListItem","position":1,"name":"Home","item":"https:\/\/www.bellunopress.it\/"},{"@type":"ListItem","position":2,"name":"Camminare in montagna fa bene alla salute: perch\u00e9 e come prepararsi"}]},{"@type":"WebSite","@id":"https:\/\/www.bellunopress.it\/#website","url":"https:\/\/www.bellunopress.it\/","name":"Bellunopress - Dolomiti","description":"e-mail: redazione@bellunopress.it","publisher":{"@id":"https:\/\/www.bellunopress.it\/#organization"},"potentialAction":[{"@type":"SearchAction","target":{"@type":"EntryPoint","urlTemplate":"https:\/\/www.bellunopress.it\/?s={search_term_string}"},"query-input":{"@type":"PropertyValueSpecification","valueRequired":true,"valueName":"search_term_string"}}],"inLanguage":"fr-FR"},{"@type":"Organization","@id":"https:\/\/www.bellunopress.it\/#organization","name":"Bellunopress","url":"https:\/\/www.bellunopress.it\/","logo":{"@type":"ImageObject","inLanguage":"fr-FR","@id":"https:\/\/www.bellunopress.it\/#\/schema\/logo\/image\/","url":"https:\/\/www.bellunopress.it\/wp-content\/uploads\/2011\/05\/cropped-logo-bellunopress-.jpg","contentUrl":"https:\/\/www.bellunopress.it\/wp-content\/uploads\/2011\/05\/cropped-logo-bellunopress-.jpg","width":512,"height":512,"caption":"Bellunopress"},"image":{"@id":"https:\/\/www.bellunopress.it\/#\/schema\/logo\/image\/"},"sameAs":["https:\/\/www.facebook.com\/profile.php?id=100008943462799","https:\/\/x.com\/bellunopress","https:\/\/www.linkedin.com\/hp\/?dnr=JBzUWaJfMUw8vbXJJ2tVW5-I3jZKvC4wsoxE&amp;amp;amp;amp;amp;amp;trk=nav_responsive_tab_home","https:\/\/www.youtube.com\/channel\/UCxL0wu1uN0_3_7hGG0306cw"]},{"@type":"Person","@id":"https:\/\/www.bellunopress.it\/#\/schema\/person\/79bb06722b37ece1c03d3e94beb30d73","name":"r\u00e9daction","image":{"@type":"ImageObject","inLanguage":"fr-FR","@id":"https:\/\/secure.gravatar.com\/avatar\/37d968a2e67a6fd04c169c4bdef102d0bc5d31b2546345219e348575eb80e9a0?s=96&d=mm&r=g","url":"https:\/\/secure.gravatar.com\/avatar\/37d968a2e67a6fd04c169c4bdef102d0bc5d31b2546345219e348575eb80e9a0?s=96&d=mm&r=g","contentUrl":"https:\/\/secure.gravatar.com\/avatar\/37d968a2e67a6fd04c169c4bdef102d0bc5d31b2546345219e348575eb80e9a0?s=96&d=mm&r=g","caption":"redazione"},"sameAs":["http:\/\/www.bellunopress.it","https:\/\/x.com\/bellunopress"],"url":"https:\/\/www.bellunopress.it\/fr\/author\/redazione\/"}]}},"_links":{"self":[{"href":"https:\/\/www.bellunopress.it\/fr\/wp-json\/wp\/v2\/posts\/117210","targetHints":{"allow":["GET"]}}],"collection":[{"href":"https:\/\/www.bellunopress.it\/fr\/wp-json\/wp\/v2\/posts"}],"about":[{"href":"https:\/\/www.bellunopress.it\/fr\/wp-json\/wp\/v2\/types\/post"}],"author":[{"embeddable":true,"href":"https:\/\/www.bellunopress.it\/fr\/wp-json\/wp\/v2\/users\/2"}],"replies":[{"embeddable":true,"href":"https:\/\/www.bellunopress.it\/fr\/wp-json\/wp\/v2\/comments?post=117210"}],"version-history":[{"count":2,"href":"https:\/\/www.bellunopress.it\/fr\/wp-json\/wp\/v2\/posts\/117210\/revisions"}],"predecessor-version":[{"id":117213,"href":"https:\/\/www.bellunopress.it\/fr\/wp-json\/wp\/v2\/posts\/117210\/revisions\/117213"}],"wp:featuredmedia":[{"embeddable":true,"href":"https:\/\/www.bellunopress.it\/fr\/wp-json\/wp\/v2\/media\/117211"}],"wp:attachment":[{"href":"https:\/\/www.bellunopress.it\/fr\/wp-json\/wp\/v2\/media?parent=117210"}],"wp:term":[{"taxonomy":"category","embeddable":true,"href":"https:\/\/www.bellunopress.it\/fr\/wp-json\/wp\/v2\/categories?post=117210"},{"taxonomy":"post_tag","embeddable":true,"href":"https:\/\/www.bellunopress.it\/fr\/wp-json\/wp\/v2\/tags?post=117210"}],"curies":[{"name":"wp","href":"https:\/\/api.w.org\/{rel}","templated":true}]}}