{"id":117206,"date":"2020-08-31T15:23:46","date_gmt":"2020-08-31T13:23:46","guid":{"rendered":"http:\/\/www.bellunopress.it\/?p=117206"},"modified":"2020-08-31T15:23:47","modified_gmt":"2020-08-31T13:23:47","slug":"violenza-di-genere-atti-persecutori-successo-di-pubblico-ad-auronzo-di-cadore-alla-serata-dolomitike-e-questura","status":"publish","type":"post","link":"https:\/\/www.bellunopress.it\/fr\/2020\/08\/31\/violenza-di-genere-atti-persecutori-successo-di-pubblico-ad-auronzo-di-cadore-alla-serata-dolomitike-e-questura\/","title":{"rendered":"Violenza di genere, atti persecutori. Successo di pubblico ad Auronzo di Cadore alla serata Dolomitike e Questura"},"content":{"rendered":"<p><a href=\"http:\/\/www.bellunopress.it\/fr\/2020\/08\/31\/violenza-di-genere-atti-persecutori-successo-di-pubblico-ad-auronzo-di-cadore-alla-serata-dolomitike-e-questura\/lilia-fredella-al-kursaal-di-auronzo-di-cadore_edited\/\" rel=\"attachment wp-att-117207\"><img loading=\"lazy\" decoding=\"async\" class=\"alignleft size-full wp-image-117207\" src=\"http:\/\/www.bellunopress.it\/wp-content\/uploads\/2020\/08\/Lilia-Fredella-al-Kursaal-di-Auronzo-di-Cadore_edited.jpg\" alt=\"\" width=\"800\" height=\"331\" srcset=\"https:\/\/www.bellunopress.it\/wp-content\/uploads\/2020\/08\/Lilia-Fredella-al-Kursaal-di-Auronzo-di-Cadore_edited.jpg 800w, https:\/\/www.bellunopress.it\/wp-content\/uploads\/2020\/08\/Lilia-Fredella-al-Kursaal-di-Auronzo-di-Cadore_edited-500x207.jpg 500w, https:\/\/www.bellunopress.it\/wp-content\/uploads\/2020\/08\/Lilia-Fredella-al-Kursaal-di-Auronzo-di-Cadore_edited-696x288.jpg 696w\" sizes=\"auto, (max-width: 800px) 100vw, 800px\" \/><\/a>Grande partecipazione alla serata di informazione e prevenzione, svoltasi sabato al Cinema Kursaal di Auronzo di Cadore, che ha visto la Questura di Belluno protagonista di un incontro pubblico dedicato al tema della violenza sulle donne.<\/p>\n<p>Nel corso dell&#8217;evento, organizzato da Dolomitike, la rassegna di eventi al femminile promossa dal Comune di Auronzo in collaborazione con il Consorzio turistico Tre Cime Dolomiti e l&#8217;agenzia E20, si sono susseguiti gli interventi dell&#8217;assistente capo coordinatore Wirna Triches, del commissario capo Federico Farris, del vice ispettore Patrizia D&#8217;Alberto, del vice questore aggiunto Jacopo Ballarin, del sostituto commissario Laura Suelotto e del questore Lilia Fredella.<\/p>\n<p>I relatori, partendo da una storia di finzione &#8220;ispirata&#8221; a casi tipici, hanno illustrato le nuove misure per il contrasto e la prevenzione della violenza di genere e degli atti persecutori nei confronti delle donne, con approfondimenti sulla nuova normativa &#8220;CodiceRosso&#8221;, e le modalit\u00e0 operative in caso di primo intervento (Protocollo E.V.A.). D&#8217;altra parte, i dati rilevati dalla Questura di Belluno negli ultimi due anni, al netto di un calo dell&#8217;attivit\u00e0 nei mesi di marzo e aprile di quest&#8217;anno causa lockdown, mostrano una presenza costante del fenomeno nel territorio. Gli interventi delle volanti, in particolare, sono stati 18 nel 2019 e 12 nel 2020; in ambito divisione anticrimine, sono stati 2 nel 2019 i provvedimenti di ammonimento per stalking, diventati 6 nel 2020, mentre a fronte di nessun ammonimento per violenza domestica di un anno fa, se ne sono registrati 4 negli ultimi otto mesi; infine, per quanto riguarda l&#8217;attivit\u00e0 giudiziaria, sono state notificate 21 querele e 38 notizie di reato nel 2019 per reati contro le fasce deboli, 5 querele e 23 notizie di reato nel 2020.<\/p>\n<p>Presente alla serata il sindaco di Auronzo di Cadore, Tatiana Pais Becher, che ha ringraziato il questore Lilia Fredella per la collaborazione con Dolomitike rispetto a un tema in cui \u00e8 fondamentale approfondire il dibattito, specialmente in territorio montano. La Questura di Belluno sar\u00e0 presente ancora nei prossimi weekend della rassegna con un camper utilizzato come punto informativo in piazza Santa Giustina, mentre domenica 6 settembre organizzer\u00e0 un incontro sulla tematica &#8220;Bullismo e Cyberbullismo&#8221;, durante il quale sar\u00e0 illustrato il funzionamento della App &#8220;YouPol&#8221;.<\/p>","protected":false},"excerpt":{"rendered":"<p>Grande partecipazione alla serata di informazione e prevenzione, svoltasi sabato al Cinema Kursaal di Auronzo di Cadore, che ha visto la Questura di Belluno protagonista di un incontro pubblico dedicato al tema della violenza sulle donne. Nel corso dell&#8217;evento, organizzato da Dolomitike, la rassegna di eventi al femminile promossa dal Comune di Auronzo in collaborazione [&hellip;]<\/p>\n","protected":false},"author":2,"featured_media":117207,"comment_status":"closed","ping_status":"open","sticky":false,"template":"","format":"standard","meta":{"footnotes":""},"categories":[26,8],"tags":[],"class_list":["post-117206","post","type-post","status-publish","format-standard","has-post-thumbnail","category-prima-pagina","category-societa-istituzioni"],"yoast_head":"<!-- This site is optimized with the Yoast SEO plugin v28.4 - https:\/\/yoast.com\/product\/yoast-seo-wordpress\/ -->\n<title>Violenza di genere, atti persecutori. Successo di pubblico ad Auronzo di Cadore alla serata Dolomitike e Questura - Bellunopress - Dolomiti<\/title>\n<meta name=\"robots\" content=\"index, follow, max-snippet:-1, max-image-preview:large, max-video-preview:-1\" \/>\n<link rel=\"canonical\" href=\"https:\/\/www.bellunopress.it\/fr\/2020\/08\/31\/violenza-di-genere-atti-persecutori-successo-di-pubblico-ad-auronzo-di-cadore-alla-serata-dolomitike-e-questura\/\" \/>\n<meta property=\"og:locale\" content=\"fr_FR\" \/>\n<meta property=\"og:type\" content=\"article\" \/>\n<meta property=\"og:title\" content=\"Violenza di genere, atti persecutori. Successo di pubblico ad Auronzo di Cadore alla serata Dolomitike e Questura - Bellunopress - Dolomiti\" \/>\n<meta property=\"og:description\" content=\"Grande partecipazione alla serata di informazione e prevenzione, svoltasi sabato al Cinema Kursaal di Auronzo di Cadore, che ha visto la Questura di Belluno protagonista di un incontro pubblico dedicato al tema della violenza sulle donne. Nel corso dell&#8217;evento, organizzato da Dolomitike, la rassegna di eventi al femminile promossa dal Comune di Auronzo in collaborazione [&hellip;]\" \/>\n<meta property=\"og:url\" content=\"https:\/\/www.bellunopress.it\/fr\/2020\/08\/31\/violenza-di-genere-atti-persecutori-successo-di-pubblico-ad-auronzo-di-cadore-alla-serata-dolomitike-e-questura\/\" \/>\n<meta property=\"og:site_name\" content=\"Bellunopress - Dolomiti\" \/>\n<meta property=\"article:publisher\" content=\"https:\/\/www.facebook.com\/profile.php?id=100008943462799\" \/>\n<meta property=\"article:published_time\" content=\"2020-08-31T13:23:46+00:00\" \/>\n<meta property=\"article:modified_time\" content=\"2020-08-31T13:23:47+00:00\" \/>\n<meta property=\"og:image\" content=\"https:\/\/www.bellunopress.it\/wp-content\/uploads\/2020\/08\/Lilia-Fredella-al-Kursaal-di-Auronzo-di-Cadore_edited.jpg\" \/>\n\t<meta property=\"og:image:width\" content=\"800\" \/>\n\t<meta property=\"og:image:height\" content=\"331\" \/>\n\t<meta property=\"og:image:type\" content=\"image\/jpeg\" \/>\n<meta name=\"author\" content=\"redazione\" \/>\n<meta name=\"twitter:card\" content=\"summary_large_image\" \/>\n<meta name=\"twitter:creator\" content=\"@bellunopress\" \/>\n<meta name=\"twitter:site\" content=\"@bellunopress\" \/>\n<meta name=\"twitter:label1\" content=\"\u00c9crit par\" \/>\n\t<meta name=\"twitter:data1\" content=\"redazione\" \/>\n\t<meta name=\"twitter:label2\" content=\"Dur\u00e9e de lecture estim\u00e9e\" \/>\n\t<meta name=\"twitter:data2\" content=\"2 minutes\" \/>\n<script type=\"application\/ld+json\" class=\"yoast-schema-graph\">{\"@context\":\"https:\\\/\\\/schema.org\",\"@graph\":[{\"@type\":\"Article\",\"@id\":\"https:\\\/\\\/www.bellunopress.it\\\/2020\\\/08\\\/31\\\/violenza-di-genere-atti-persecutori-successo-di-pubblico-ad-auronzo-di-cadore-alla-serata-dolomitike-e-questura\\\/#article\",\"isPartOf\":{\"@id\":\"https:\\\/\\\/www.bellunopress.it\\\/2020\\\/08\\\/31\\\/violenza-di-genere-atti-persecutori-successo-di-pubblico-ad-auronzo-di-cadore-alla-serata-dolomitike-e-questura\\\/\"},\"author\":{\"name\":\"redazione\",\"@id\":\"https:\\\/\\\/www.bellunopress.it\\\/#\\\/schema\\\/person\\\/79bb06722b37ece1c03d3e94beb30d73\"},\"headline\":\"Violenza di genere, atti persecutori. Successo di pubblico ad Auronzo di Cadore alla serata Dolomitike e Questura\",\"datePublished\":\"2020-08-31T13:23:46+00:00\",\"dateModified\":\"2020-08-31T13:23:47+00:00\",\"mainEntityOfPage\":{\"@id\":\"https:\\\/\\\/www.bellunopress.it\\\/2020\\\/08\\\/31\\\/violenza-di-genere-atti-persecutori-successo-di-pubblico-ad-auronzo-di-cadore-alla-serata-dolomitike-e-questura\\\/\"},\"wordCount\":373,\"publisher\":{\"@id\":\"https:\\\/\\\/www.bellunopress.it\\\/#organization\"},\"image\":{\"@id\":\"https:\\\/\\\/www.bellunopress.it\\\/2020\\\/08\\\/31\\\/violenza-di-genere-atti-persecutori-successo-di-pubblico-ad-auronzo-di-cadore-alla-serata-dolomitike-e-questura\\\/#primaryimage\"},\"thumbnailUrl\":\"https:\\\/\\\/www.bellunopress.it\\\/wp-content\\\/uploads\\\/2020\\\/08\\\/Lilia-Fredella-al-Kursaal-di-Auronzo-di-Cadore_edited.jpg\",\"articleSection\":[\"Prima Pagina\",\"Societ\u00e0, Associazioni, Istituzioni\"],\"inLanguage\":\"fr-FR\"},{\"@type\":\"WebPage\",\"@id\":\"https:\\\/\\\/www.bellunopress.it\\\/2020\\\/08\\\/31\\\/violenza-di-genere-atti-persecutori-successo-di-pubblico-ad-auronzo-di-cadore-alla-serata-dolomitike-e-questura\\\/\",\"url\":\"https:\\\/\\\/www.bellunopress.it\\\/2020\\\/08\\\/31\\\/violenza-di-genere-atti-persecutori-successo-di-pubblico-ad-auronzo-di-cadore-alla-serata-dolomitike-e-questura\\\/\",\"name\":\"Violenza di genere, atti persecutori. Successo di pubblico ad Auronzo di Cadore alla serata Dolomitike e Questura - Bellunopress - Dolomiti\",\"isPartOf\":{\"@id\":\"https:\\\/\\\/www.bellunopress.it\\\/#website\"},\"primaryImageOfPage\":{\"@id\":\"https:\\\/\\\/www.bellunopress.it\\\/2020\\\/08\\\/31\\\/violenza-di-genere-atti-persecutori-successo-di-pubblico-ad-auronzo-di-cadore-alla-serata-dolomitike-e-questura\\\/#primaryimage\"},\"image\":{\"@id\":\"https:\\\/\\\/www.bellunopress.it\\\/2020\\\/08\\\/31\\\/violenza-di-genere-atti-persecutori-successo-di-pubblico-ad-auronzo-di-cadore-alla-serata-dolomitike-e-questura\\\/#primaryimage\"},\"thumbnailUrl\":\"https:\\\/\\\/www.bellunopress.it\\\/wp-content\\\/uploads\\\/2020\\\/08\\\/Lilia-Fredella-al-Kursaal-di-Auronzo-di-Cadore_edited.jpg\",\"datePublished\":\"2020-08-31T13:23:46+00:00\",\"dateModified\":\"2020-08-31T13:23:47+00:00\",\"breadcrumb\":{\"@id\":\"https:\\\/\\\/www.bellunopress.it\\\/2020\\\/08\\\/31\\\/violenza-di-genere-atti-persecutori-successo-di-pubblico-ad-auronzo-di-cadore-alla-serata-dolomitike-e-questura\\\/#breadcrumb\"},\"inLanguage\":\"fr-FR\",\"potentialAction\":[{\"@type\":\"ReadAction\",\"target\":[\"https:\\\/\\\/www.bellunopress.it\\\/2020\\\/08\\\/31\\\/violenza-di-genere-atti-persecutori-successo-di-pubblico-ad-auronzo-di-cadore-alla-serata-dolomitike-e-questura\\\/\"]}]},{\"@type\":\"ImageObject\",\"inLanguage\":\"fr-FR\",\"@id\":\"https:\\\/\\\/www.bellunopress.it\\\/2020\\\/08\\\/31\\\/violenza-di-genere-atti-persecutori-successo-di-pubblico-ad-auronzo-di-cadore-alla-serata-dolomitike-e-questura\\\/#primaryimage\",\"url\":\"https:\\\/\\\/www.bellunopress.it\\\/wp-content\\\/uploads\\\/2020\\\/08\\\/Lilia-Fredella-al-Kursaal-di-Auronzo-di-Cadore_edited.jpg\",\"contentUrl\":\"https:\\\/\\\/www.bellunopress.it\\\/wp-content\\\/uploads\\\/2020\\\/08\\\/Lilia-Fredella-al-Kursaal-di-Auronzo-di-Cadore_edited.jpg\",\"width\":800,\"height\":331},{\"@type\":\"BreadcrumbList\",\"@id\":\"https:\\\/\\\/www.bellunopress.it\\\/2020\\\/08\\\/31\\\/violenza-di-genere-atti-persecutori-successo-di-pubblico-ad-auronzo-di-cadore-alla-serata-dolomitike-e-questura\\\/#breadcrumb\",\"itemListElement\":[{\"@type\":\"ListItem\",\"position\":1,\"name\":\"Home\",\"item\":\"https:\\\/\\\/www.bellunopress.it\\\/\"},{\"@type\":\"ListItem\",\"position\":2,\"name\":\"Violenza di genere, atti persecutori. Successo di pubblico ad Auronzo di Cadore alla serata Dolomitike e Questura\"}]},{\"@type\":\"WebSite\",\"@id\":\"https:\\\/\\\/www.bellunopress.it\\\/#website\",\"url\":\"https:\\\/\\\/www.bellunopress.it\\\/\",\"name\":\"Bellunopress - Dolomiti\",\"description\":\"e-mail: redazione@bellunopress.it\",\"publisher\":{\"@id\":\"https:\\\/\\\/www.bellunopress.it\\\/#organization\"},\"potentialAction\":[{\"@type\":\"SearchAction\",\"target\":{\"@type\":\"EntryPoint\",\"urlTemplate\":\"https:\\\/\\\/www.bellunopress.it\\\/?s={search_term_string}\"},\"query-input\":{\"@type\":\"PropertyValueSpecification\",\"valueRequired\":true,\"valueName\":\"search_term_string\"}}],\"inLanguage\":\"fr-FR\"},{\"@type\":\"Organization\",\"@id\":\"https:\\\/\\\/www.bellunopress.it\\\/#organization\",\"name\":\"Bellunopress\",\"url\":\"https:\\\/\\\/www.bellunopress.it\\\/\",\"logo\":{\"@type\":\"ImageObject\",\"inLanguage\":\"fr-FR\",\"@id\":\"https:\\\/\\\/www.bellunopress.it\\\/#\\\/schema\\\/logo\\\/image\\\/\",\"url\":\"https:\\\/\\\/www.bellunopress.it\\\/wp-content\\\/uploads\\\/2011\\\/05\\\/cropped-logo-bellunopress-.jpg\",\"contentUrl\":\"https:\\\/\\\/www.bellunopress.it\\\/wp-content\\\/uploads\\\/2011\\\/05\\\/cropped-logo-bellunopress-.jpg\",\"width\":512,\"height\":512,\"caption\":\"Bellunopress\"},\"image\":{\"@id\":\"https:\\\/\\\/www.bellunopress.it\\\/#\\\/schema\\\/logo\\\/image\\\/\"},\"sameAs\":[\"https:\\\/\\\/www.facebook.com\\\/profile.php?id=100008943462799\",\"https:\\\/\\\/x.com\\\/bellunopress\",\"https:\\\/\\\/www.linkedin.com\\\/hp\\\/?dnr=JBzUWaJfMUw8vbXJJ2tVW5-I3jZKvC4wsoxE&amp;amp;amp;amp;amp;amp;trk=nav_responsive_tab_home\",\"https:\\\/\\\/www.youtube.com\\\/channel\\\/UCxL0wu1uN0_3_7hGG0306cw\"]},{\"@type\":\"Person\",\"@id\":\"https:\\\/\\\/www.bellunopress.it\\\/#\\\/schema\\\/person\\\/79bb06722b37ece1c03d3e94beb30d73\",\"name\":\"redazione\",\"image\":{\"@type\":\"ImageObject\",\"inLanguage\":\"fr-FR\",\"@id\":\"https:\\\/\\\/secure.gravatar.com\\\/avatar\\\/37d968a2e67a6fd04c169c4bdef102d0bc5d31b2546345219e348575eb80e9a0?s=96&d=mm&r=g\",\"url\":\"https:\\\/\\\/secure.gravatar.com\\\/avatar\\\/37d968a2e67a6fd04c169c4bdef102d0bc5d31b2546345219e348575eb80e9a0?s=96&d=mm&r=g\",\"contentUrl\":\"https:\\\/\\\/secure.gravatar.com\\\/avatar\\\/37d968a2e67a6fd04c169c4bdef102d0bc5d31b2546345219e348575eb80e9a0?s=96&d=mm&r=g\",\"caption\":\"redazione\"},\"sameAs\":[\"http:\\\/\\\/www.bellunopress.it\",\"https:\\\/\\\/x.com\\\/bellunopress\"],\"url\":\"https:\\\/\\\/www.bellunopress.it\\\/fr\\\/author\\\/redazione\\\/\"}]}<\/script>\n<!-- \/ Yoast SEO plugin. -->","yoast_head_json":{"title":"Violenza di genere, atti persecutori. Successo di pubblico ad Auronzo di Cadore alla serata Dolomitike e Questura - Bellunopress - Dolomiti","robots":{"index":"index","follow":"follow","max-snippet":"max-snippet:-1","max-image-preview":"max-image-preview:large","max-video-preview":"max-video-preview:-1"},"canonical":"https:\/\/www.bellunopress.it\/fr\/2020\/08\/31\/violenza-di-genere-atti-persecutori-successo-di-pubblico-ad-auronzo-di-cadore-alla-serata-dolomitike-e-questura\/","og_locale":"fr_FR","og_type":"article","og_title":"Violenza di genere, atti persecutori. Successo di pubblico ad Auronzo di Cadore alla serata Dolomitike e Questura - Bellunopress - Dolomiti","og_description":"Grande partecipazione alla serata di informazione e prevenzione, svoltasi sabato al Cinema Kursaal di Auronzo di Cadore, che ha visto la Questura di Belluno protagonista di un incontro pubblico dedicato al tema della violenza sulle donne. Nel corso dell&#8217;evento, organizzato da Dolomitike, la rassegna di eventi al femminile promossa dal Comune di Auronzo in collaborazione [&hellip;]","og_url":"https:\/\/www.bellunopress.it\/fr\/2020\/08\/31\/violenza-di-genere-atti-persecutori-successo-di-pubblico-ad-auronzo-di-cadore-alla-serata-dolomitike-e-questura\/","og_site_name":"Bellunopress - Dolomiti","article_publisher":"https:\/\/www.facebook.com\/profile.php?id=100008943462799","article_published_time":"2020-08-31T13:23:46+00:00","article_modified_time":"2020-08-31T13:23:47+00:00","og_image":[{"width":800,"height":331,"url":"https:\/\/www.bellunopress.it\/wp-content\/uploads\/2020\/08\/Lilia-Fredella-al-Kursaal-di-Auronzo-di-Cadore_edited.jpg","type":"image\/jpeg"}],"author":"redazione","twitter_card":"summary_large_image","twitter_creator":"@bellunopress","twitter_site":"@bellunopress","twitter_misc":{"\u00c9crit par":"redazione","Dur\u00e9e de lecture estim\u00e9e":"2 minutes"},"schema":{"@context":"https:\/\/schema.org","@graph":[{"@type":"Article","@id":"https:\/\/www.bellunopress.it\/2020\/08\/31\/violenza-di-genere-atti-persecutori-successo-di-pubblico-ad-auronzo-di-cadore-alla-serata-dolomitike-e-questura\/#article","isPartOf":{"@id":"https:\/\/www.bellunopress.it\/2020\/08\/31\/violenza-di-genere-atti-persecutori-successo-di-pubblico-ad-auronzo-di-cadore-alla-serata-dolomitike-e-questura\/"},"author":{"name":"redazione","@id":"https:\/\/www.bellunopress.it\/#\/schema\/person\/79bb06722b37ece1c03d3e94beb30d73"},"headline":"Violenza di genere, atti persecutori. Successo di pubblico ad Auronzo di Cadore alla serata Dolomitike e Questura","datePublished":"2020-08-31T13:23:46+00:00","dateModified":"2020-08-31T13:23:47+00:00","mainEntityOfPage":{"@id":"https:\/\/www.bellunopress.it\/2020\/08\/31\/violenza-di-genere-atti-persecutori-successo-di-pubblico-ad-auronzo-di-cadore-alla-serata-dolomitike-e-questura\/"},"wordCount":373,"publisher":{"@id":"https:\/\/www.bellunopress.it\/#organization"},"image":{"@id":"https:\/\/www.bellunopress.it\/2020\/08\/31\/violenza-di-genere-atti-persecutori-successo-di-pubblico-ad-auronzo-di-cadore-alla-serata-dolomitike-e-questura\/#primaryimage"},"thumbnailUrl":"https:\/\/www.bellunopress.it\/wp-content\/uploads\/2020\/08\/Lilia-Fredella-al-Kursaal-di-Auronzo-di-Cadore_edited.jpg","articleSection":["Prima Pagina","Societ\u00e0, Associazioni, Istituzioni"],"inLanguage":"fr-FR"},{"@type":"WebPage","@id":"https:\/\/www.bellunopress.it\/2020\/08\/31\/violenza-di-genere-atti-persecutori-successo-di-pubblico-ad-auronzo-di-cadore-alla-serata-dolomitike-e-questura\/","url":"https:\/\/www.bellunopress.it\/2020\/08\/31\/violenza-di-genere-atti-persecutori-successo-di-pubblico-ad-auronzo-di-cadore-alla-serata-dolomitike-e-questura\/","name":"Violenza di genere, atti persecutori. Successo di pubblico ad Auronzo di Cadore alla serata Dolomitike e Questura - Bellunopress - Dolomiti","isPartOf":{"@id":"https:\/\/www.bellunopress.it\/#website"},"primaryImageOfPage":{"@id":"https:\/\/www.bellunopress.it\/2020\/08\/31\/violenza-di-genere-atti-persecutori-successo-di-pubblico-ad-auronzo-di-cadore-alla-serata-dolomitike-e-questura\/#primaryimage"},"image":{"@id":"https:\/\/www.bellunopress.it\/2020\/08\/31\/violenza-di-genere-atti-persecutori-successo-di-pubblico-ad-auronzo-di-cadore-alla-serata-dolomitike-e-questura\/#primaryimage"},"thumbnailUrl":"https:\/\/www.bellunopress.it\/wp-content\/uploads\/2020\/08\/Lilia-Fredella-al-Kursaal-di-Auronzo-di-Cadore_edited.jpg","datePublished":"2020-08-31T13:23:46+00:00","dateModified":"2020-08-31T13:23:47+00:00","breadcrumb":{"@id":"https:\/\/www.bellunopress.it\/2020\/08\/31\/violenza-di-genere-atti-persecutori-successo-di-pubblico-ad-auronzo-di-cadore-alla-serata-dolomitike-e-questura\/#breadcrumb"},"inLanguage":"fr-FR","potentialAction":[{"@type":"ReadAction","target":["https:\/\/www.bellunopress.it\/2020\/08\/31\/violenza-di-genere-atti-persecutori-successo-di-pubblico-ad-auronzo-di-cadore-alla-serata-dolomitike-e-questura\/"]}]},{"@type":"ImageObject","inLanguage":"fr-FR","@id":"https:\/\/www.bellunopress.it\/2020\/08\/31\/violenza-di-genere-atti-persecutori-successo-di-pubblico-ad-auronzo-di-cadore-alla-serata-dolomitike-e-questura\/#primaryimage","url":"https:\/\/www.bellunopress.it\/wp-content\/uploads\/2020\/08\/Lilia-Fredella-al-Kursaal-di-Auronzo-di-Cadore_edited.jpg","contentUrl":"https:\/\/www.bellunopress.it\/wp-content\/uploads\/2020\/08\/Lilia-Fredella-al-Kursaal-di-Auronzo-di-Cadore_edited.jpg","width":800,"height":331},{"@type":"BreadcrumbList","@id":"https:\/\/www.bellunopress.it\/2020\/08\/31\/violenza-di-genere-atti-persecutori-successo-di-pubblico-ad-auronzo-di-cadore-alla-serata-dolomitike-e-questura\/#breadcrumb","itemListElement":[{"@type":"ListItem","position":1,"name":"Home","item":"https:\/\/www.bellunopress.it\/"},{"@type":"ListItem","position":2,"name":"Violenza di genere, atti persecutori. Successo di pubblico ad Auronzo di Cadore alla serata Dolomitike e Questura"}]},{"@type":"WebSite","@id":"https:\/\/www.bellunopress.it\/#website","url":"https:\/\/www.bellunopress.it\/","name":"Bellunopress - Dolomiti","description":"e-mail: redazione@bellunopress.it","publisher":{"@id":"https:\/\/www.bellunopress.it\/#organization"},"potentialAction":[{"@type":"SearchAction","target":{"@type":"EntryPoint","urlTemplate":"https:\/\/www.bellunopress.it\/?s={search_term_string}"},"query-input":{"@type":"PropertyValueSpecification","valueRequired":true,"valueName":"search_term_string"}}],"inLanguage":"fr-FR"},{"@type":"Organization","@id":"https:\/\/www.bellunopress.it\/#organization","name":"Bellunopress","url":"https:\/\/www.bellunopress.it\/","logo":{"@type":"ImageObject","inLanguage":"fr-FR","@id":"https:\/\/www.bellunopress.it\/#\/schema\/logo\/image\/","url":"https:\/\/www.bellunopress.it\/wp-content\/uploads\/2011\/05\/cropped-logo-bellunopress-.jpg","contentUrl":"https:\/\/www.bellunopress.it\/wp-content\/uploads\/2011\/05\/cropped-logo-bellunopress-.jpg","width":512,"height":512,"caption":"Bellunopress"},"image":{"@id":"https:\/\/www.bellunopress.it\/#\/schema\/logo\/image\/"},"sameAs":["https:\/\/www.facebook.com\/profile.php?id=100008943462799","https:\/\/x.com\/bellunopress","https:\/\/www.linkedin.com\/hp\/?dnr=JBzUWaJfMUw8vbXJJ2tVW5-I3jZKvC4wsoxE&amp;amp;amp;amp;amp;amp;trk=nav_responsive_tab_home","https:\/\/www.youtube.com\/channel\/UCxL0wu1uN0_3_7hGG0306cw"]},{"@type":"Person","@id":"https:\/\/www.bellunopress.it\/#\/schema\/person\/79bb06722b37ece1c03d3e94beb30d73","name":"r\u00e9daction","image":{"@type":"ImageObject","inLanguage":"fr-FR","@id":"https:\/\/secure.gravatar.com\/avatar\/37d968a2e67a6fd04c169c4bdef102d0bc5d31b2546345219e348575eb80e9a0?s=96&d=mm&r=g","url":"https:\/\/secure.gravatar.com\/avatar\/37d968a2e67a6fd04c169c4bdef102d0bc5d31b2546345219e348575eb80e9a0?s=96&d=mm&r=g","contentUrl":"https:\/\/secure.gravatar.com\/avatar\/37d968a2e67a6fd04c169c4bdef102d0bc5d31b2546345219e348575eb80e9a0?s=96&d=mm&r=g","caption":"redazione"},"sameAs":["http:\/\/www.bellunopress.it","https:\/\/x.com\/bellunopress"],"url":"https:\/\/www.bellunopress.it\/fr\/author\/redazione\/"}]}},"_links":{"self":[{"href":"https:\/\/www.bellunopress.it\/fr\/wp-json\/wp\/v2\/posts\/117206","targetHints":{"allow":["GET"]}}],"collection":[{"href":"https:\/\/www.bellunopress.it\/fr\/wp-json\/wp\/v2\/posts"}],"about":[{"href":"https:\/\/www.bellunopress.it\/fr\/wp-json\/wp\/v2\/types\/post"}],"author":[{"embeddable":true,"href":"https:\/\/www.bellunopress.it\/fr\/wp-json\/wp\/v2\/users\/2"}],"replies":[{"embeddable":true,"href":"https:\/\/www.bellunopress.it\/fr\/wp-json\/wp\/v2\/comments?post=117206"}],"version-history":[{"count":2,"href":"https:\/\/www.bellunopress.it\/fr\/wp-json\/wp\/v2\/posts\/117206\/revisions"}],"predecessor-version":[{"id":117209,"href":"https:\/\/www.bellunopress.it\/fr\/wp-json\/wp\/v2\/posts\/117206\/revisions\/117209"}],"wp:featuredmedia":[{"embeddable":true,"href":"https:\/\/www.bellunopress.it\/fr\/wp-json\/wp\/v2\/media\/117207"}],"wp:attachment":[{"href":"https:\/\/www.bellunopress.it\/fr\/wp-json\/wp\/v2\/media?parent=117206"}],"wp:term":[{"taxonomy":"category","embeddable":true,"href":"https:\/\/www.bellunopress.it\/fr\/wp-json\/wp\/v2\/categories?post=117206"},{"taxonomy":"post_tag","embeddable":true,"href":"https:\/\/www.bellunopress.it\/fr\/wp-json\/wp\/v2\/tags?post=117206"}],"curies":[{"name":"wp","href":"https:\/\/api.w.org\/{rel}","templated":true}]}}