{"id":117192,"date":"2020-08-30T23:20:27","date_gmt":"2020-08-30T21:20:27","guid":{"rendered":"http:\/\/www.bellunopress.it\/?p=117192"},"modified":"2020-08-30T23:20:29","modified_gmt":"2020-08-30T21:20:29","slug":"30-agosto-1965-mattmark-labm-ricorda-le-88-vittime-a-mas-di-sedico","status":"publish","type":"post","link":"https:\/\/www.bellunopress.it\/fr\/2020\/08\/30\/30-agosto-1965-mattmark-labm-ricorda-le-88-vittime-a-mas-di-sedico\/","title":{"rendered":"30 agosto 1965, Mattmark. L\u2019Abm ricorda le 88 vittime a Mas di Sedico"},"content":{"rendered":"<figure id=\"attachment_117193\" aria-describedby=\"caption-attachment-117193\" style=\"width: 800px\" class=\"wp-caption alignleft\"><a href=\"http:\/\/www.bellunopress.it\/fr\/2020\/08\/30\/30-agosto-1965-mattmark-labm-ricorda-le-88-vittime-a-mas-di-sedico\/oscar_de_bona_abm_edited\/\" rel=\"attachment wp-att-117193\"><img loading=\"lazy\" decoding=\"async\" class=\"size-full wp-image-117193\" src=\"http:\/\/www.bellunopress.it\/wp-content\/uploads\/2020\/08\/oscar_de_bona_abm_edited.jpg\" alt=\"\" width=\"800\" height=\"450\" srcset=\"https:\/\/www.bellunopress.it\/wp-content\/uploads\/2020\/08\/oscar_de_bona_abm_edited.jpg 800w, https:\/\/www.bellunopress.it\/wp-content\/uploads\/2020\/08\/oscar_de_bona_abm_edited-500x281.jpg 500w, https:\/\/www.bellunopress.it\/wp-content\/uploads\/2020\/08\/oscar_de_bona_abm_edited-696x392.jpg 696w, https:\/\/www.bellunopress.it\/wp-content\/uploads\/2020\/08\/oscar_de_bona_abm_edited-747x420.jpg 747w\" sizes=\"auto, (max-width: 800px) 100vw, 800px\" \/><\/a><figcaption id=\"caption-attachment-117193\" class=\"wp-caption-text\">Oscar De Bona, presidente Associazione bellunesi nel mondo<\/figcaption><\/figure>\n<p>Mas di Sedico. La pioggia torrenziale, una corona d\u2019alloro, il rintocco di una campana che scandisce la lettura dei nomi delle 88 vittime. Sono trascorsi cinquantacinque anni esatti dal disastro di Mattmark. Una tragedia sul lavoro che colp\u00ec pesantemente la provincia di Belluno, all\u2019epoca segnata da un\u2019emigrazione di massa che ogni anno portava centinaia di bellunesi all\u2019estero in cerca di un futuro migliore.<\/p>\n<p>Siamo in Svizzera, nel Canton Vallese, a circa 2.200 metri di quota in una localit\u00e0 chiamata Mattmark. \u00c8 il 1965. Centinaia di operai, soprattutto stranieri, sono impegnati a costruire la diga in terra battuta pi\u00f9 grande d\u2019Europa. Un\u2019opera monumentale, modellata da faticosi turni di lavoro che vedono tra i protagonisti anche molti bellunesi giunti da tutta la provincia. Nulla farebbe presagire il disastro, se non un dettaglio: una parte delle officine e degli alloggi dei lavoratori \u00e8 posizionata sotto la lingua di un immenso ghiacciaio, l\u2019Allalin. E proprio il 30 agosto, alle 17.15 l\u2019Allalin si mette in moto. Un blocco di circa due milioni di metri cubi di materiale si stacca e comincia una letale discesa che travolge tutto ci\u00f2 che incontra sulla propria strada, compresi uomini e donne. Le vittime sono 88, di cui 56 italiane e tra queste 17 bellunesi.<\/p>\n<p>In occasione dell\u2019anniversario della tragedia, la Famiglia Ex emigranti \u201cMonte Pizzocco\u201d, con il patrocinio dell\u2019Associazione Bellunesi nel Mondo e dei Comuni di Sedico, Santa Giustina, Cesiomaggiore, Sospirolo e San Gregorio nelle Alpi, ha organizzato un momento di ricordo per commemorare le vittime e i loro familiari. L\u2019evento si \u00e8 tenuto questa mattina presso il parco \u201cVittime di Mattmark\u201d, in via Dino Buzzati a Mas di Sedico.<br \/>\nPresenti come sempre i gagliardetti delle Famiglie Abm a testimoniare, ancora una volta, la necessit\u00e0 di fare memoria. Il presidente dell\u2019Associazione Bellunesi nel Mondo, Oscar De Bona, ha voluto ringraziare quanti si sono impegnati per rendere il giusto ricordo alle vittime di Mattmark: \u00abOggi, come cinque anni fa, dovevamo essere in cima alla diga, ma il Covd-19 non ci ha permesso di organizzare il viaggio. Di certo non potevamo non fare nulla ed eccoci qui per ricordare e per trasmette alle nuove generazioni il sacrificio di quanto fatto dia nostri emigranti\u00bb.<\/p>\n<p>Un sacrificio messo in primo piano anche nell\u2019intervento del sindaco di Sedico, Stefano Deon: \u00abSenza un ricordo non c\u2019\u00e8 un futuro. L\u2019emigrazione ha colpito tanto la provincia di Belluno, molti dei miei concittadini sono morti all\u2019estero per dare un futuro migliore alla propria famiglia e all\u2019intera comunit\u00e0\u00bb.<br \/>\n\u00abSul lavoro e sulla morte siamo tutti uniti &#8211; l\u2019intervento di Mario De Bon, sindaco del Comune di Sospirolo &#8211; queste tragedie non guardano in faccia nessuno e chi ci rimette sono quelle persone che si trovano in quel momento senza diritti e senza nessuno che pensasse a loro. Facciamo tesoro di quello che \u00e8 successo, affinch\u00e9 tali tragedie non si ripetano pi\u00f9\u00bb.<br \/>\nIn rappresentanza della Regione Veneto ha portato il saluto il consigliere bellunese Franco Gidoni: \u00abGrazie all\u2019Abm per avere ricordato oggi non solo le vittime bellunesi, ma tutte le vittime di questa immane tragedia. Chi ha lavorato nei cantieri del mondo sa quanto gli stessi cantieri si trasformino in una grande famiglia, senza confini, in cui si condividono i momenti difficili, ma anche i momenti di soddisfazione perch\u00e9 chi lavora nelle grandi opere sa quanto sia l\u2019orgoglio di vedere i lavori crescere e di poter partecipare, infine, all\u2019inaugurazione\u00bb.<\/p>\n<p>Marco Perot, presidente della Famiglia Ex emigranti \u201cMonte Pizzocco\u201d ha voluto ringraziare la presenza dei parenti delle vittime e dei superstiti di Mattmark: \u00abSiamo qui, nel parco dedicato proprio a loro, per fare memoria. Per essere fedeli a quella frase presente nel marmo, lass\u00f9 ai piedi del ghiacciaio dell\u2019Allalin, scolpita da Franco Fiabane nel 2005, \u201cMorti sotto il ghiaccio, ma vivi nella memoria\u201d\u00bb.<br \/>\nL\u2019Associazione Bellunesi nel Mondo si \u00e8 costituita l\u2019anno successivo a questa tragedia, per volont\u00e0 dell\u2019allora vescovo della Diocesi di Belluno-Feltre mons. Gioacchino Muccin, e proprio il vescovo emerito monsignor Giuseppe Andrich, nel suo intervento, ha ricordato questo passaggio: \u00abL\u2019ultimo atto che fece il vescovo Muccin nel 1975, prima di ritirarsi, fu proprio un viaggio nel Vallese, a Mattmark, per commemorare il 10\u00b0 anniversario della tragedia. Un mio sentito ringraziamento va anche a quanti hanno supportato, con una parola, ma anche con i fatti, i parenti delle vittime. A loro deve andare la nostra riconoscenza\u00bb.<br \/>\nUna cerimonia semplice, sotto il maltempo e l\u2019emergenza sanitaria dovuta al Covid-19, ma che ha visto comunque la partecipazione di molte persone, autorit\u00e0 locali e gagliardetti delle Famiglie Abm e degli Alpini. Di certo un segnale chiaro che la memoria di Mattmark \u00e8 ancora viva e forte. Un dovere verso le 88 vittime, un dovere verso chi si \u00e8 speso lontano da casa per il progresso dell\u2019Italia, del Veneto e della provincia di Belluno.<\/p>","protected":false},"excerpt":{"rendered":"<p>Mas di Sedico. La pioggia torrenziale, una corona d\u2019alloro, il rintocco di una campana che scandisce la lettura dei nomi delle 88 vittime. Sono trascorsi cinquantacinque anni esatti dal disastro di Mattmark. Una tragedia sul lavoro che colp\u00ec pesantemente la provincia di Belluno, all\u2019epoca segnata da un\u2019emigrazione di massa che ogni anno portava centinaia di [&hellip;]<\/p>\n","protected":false},"author":2,"featured_media":117193,"comment_status":"closed","ping_status":"open","sticky":false,"template":"","format":"standard","meta":{"footnotes":""},"categories":[26,8],"tags":[],"class_list":["post-117192","post","type-post","status-publish","format-standard","has-post-thumbnail","category-prima-pagina","category-societa-istituzioni"],"yoast_head":"<!-- This site is optimized with the Yoast SEO plugin v28.4 - https:\/\/yoast.com\/product\/yoast-seo-wordpress\/ -->\n<title>30 agosto 1965, Mattmark. L\u2019Abm ricorda le 88 vittime a Mas di Sedico - Bellunopress - Dolomiti<\/title>\n<meta name=\"robots\" content=\"index, follow, max-snippet:-1, max-image-preview:large, max-video-preview:-1\" \/>\n<link rel=\"canonical\" href=\"https:\/\/www.bellunopress.it\/fr\/2020\/08\/30\/30-agosto-1965-mattmark-labm-ricorda-le-88-vittime-a-mas-di-sedico\/\" \/>\n<meta property=\"og:locale\" content=\"fr_FR\" \/>\n<meta property=\"og:type\" content=\"article\" \/>\n<meta property=\"og:title\" content=\"30 agosto 1965, Mattmark. L\u2019Abm ricorda le 88 vittime a Mas di Sedico - Bellunopress - Dolomiti\" \/>\n<meta property=\"og:description\" content=\"Mas di Sedico. La pioggia torrenziale, una corona d\u2019alloro, il rintocco di una campana che scandisce la lettura dei nomi delle 88 vittime. Sono trascorsi cinquantacinque anni esatti dal disastro di Mattmark. Una tragedia sul lavoro che colp\u00ec pesantemente la provincia di Belluno, all\u2019epoca segnata da un\u2019emigrazione di massa che ogni anno portava centinaia di [&hellip;]\" \/>\n<meta property=\"og:url\" content=\"https:\/\/www.bellunopress.it\/fr\/2020\/08\/30\/30-agosto-1965-mattmark-labm-ricorda-le-88-vittime-a-mas-di-sedico\/\" \/>\n<meta property=\"og:site_name\" content=\"Bellunopress - Dolomiti\" \/>\n<meta property=\"article:publisher\" content=\"https:\/\/www.facebook.com\/profile.php?id=100008943462799\" \/>\n<meta property=\"article:published_time\" content=\"2020-08-30T21:20:27+00:00\" \/>\n<meta property=\"article:modified_time\" content=\"2020-08-30T21:20:29+00:00\" \/>\n<meta property=\"og:image\" content=\"https:\/\/www.bellunopress.it\/wp-content\/uploads\/2020\/08\/oscar_de_bona_abm_edited.jpg\" \/>\n\t<meta property=\"og:image:width\" content=\"800\" \/>\n\t<meta property=\"og:image:height\" content=\"450\" \/>\n\t<meta property=\"og:image:type\" content=\"image\/jpeg\" \/>\n<meta name=\"author\" content=\"redazione\" \/>\n<meta name=\"twitter:card\" content=\"summary_large_image\" \/>\n<meta name=\"twitter:creator\" content=\"@bellunopress\" \/>\n<meta name=\"twitter:site\" content=\"@bellunopress\" \/>\n<meta name=\"twitter:label1\" content=\"\u00c9crit par\" \/>\n\t<meta name=\"twitter:data1\" content=\"redazione\" \/>\n\t<meta name=\"twitter:label2\" content=\"Dur\u00e9e de lecture estim\u00e9e\" \/>\n\t<meta name=\"twitter:data2\" content=\"4 minutes\" \/>\n<script type=\"application\/ld+json\" class=\"yoast-schema-graph\">{\"@context\":\"https:\\\/\\\/schema.org\",\"@graph\":[{\"@type\":\"Article\",\"@id\":\"https:\\\/\\\/www.bellunopress.it\\\/2020\\\/08\\\/30\\\/30-agosto-1965-mattmark-labm-ricorda-le-88-vittime-a-mas-di-sedico\\\/#article\",\"isPartOf\":{\"@id\":\"https:\\\/\\\/www.bellunopress.it\\\/2020\\\/08\\\/30\\\/30-agosto-1965-mattmark-labm-ricorda-le-88-vittime-a-mas-di-sedico\\\/\"},\"author\":{\"name\":\"redazione\",\"@id\":\"https:\\\/\\\/www.bellunopress.it\\\/#\\\/schema\\\/person\\\/79bb06722b37ece1c03d3e94beb30d73\"},\"headline\":\"30 agosto 1965, Mattmark. L\u2019Abm ricorda le 88 vittime a Mas di Sedico\",\"datePublished\":\"2020-08-30T21:20:27+00:00\",\"dateModified\":\"2020-08-30T21:20:29+00:00\",\"mainEntityOfPage\":{\"@id\":\"https:\\\/\\\/www.bellunopress.it\\\/2020\\\/08\\\/30\\\/30-agosto-1965-mattmark-labm-ricorda-le-88-vittime-a-mas-di-sedico\\\/\"},\"wordCount\":824,\"publisher\":{\"@id\":\"https:\\\/\\\/www.bellunopress.it\\\/#organization\"},\"image\":{\"@id\":\"https:\\\/\\\/www.bellunopress.it\\\/2020\\\/08\\\/30\\\/30-agosto-1965-mattmark-labm-ricorda-le-88-vittime-a-mas-di-sedico\\\/#primaryimage\"},\"thumbnailUrl\":\"https:\\\/\\\/www.bellunopress.it\\\/wp-content\\\/uploads\\\/2020\\\/08\\\/oscar_de_bona_abm_edited.jpg\",\"articleSection\":[\"Prima Pagina\",\"Societ\u00e0, Associazioni, Istituzioni\"],\"inLanguage\":\"fr-FR\"},{\"@type\":\"WebPage\",\"@id\":\"https:\\\/\\\/www.bellunopress.it\\\/2020\\\/08\\\/30\\\/30-agosto-1965-mattmark-labm-ricorda-le-88-vittime-a-mas-di-sedico\\\/\",\"url\":\"https:\\\/\\\/www.bellunopress.it\\\/2020\\\/08\\\/30\\\/30-agosto-1965-mattmark-labm-ricorda-le-88-vittime-a-mas-di-sedico\\\/\",\"name\":\"30 agosto 1965, Mattmark. L\u2019Abm ricorda le 88 vittime a Mas di Sedico - Bellunopress - Dolomiti\",\"isPartOf\":{\"@id\":\"https:\\\/\\\/www.bellunopress.it\\\/#website\"},\"primaryImageOfPage\":{\"@id\":\"https:\\\/\\\/www.bellunopress.it\\\/2020\\\/08\\\/30\\\/30-agosto-1965-mattmark-labm-ricorda-le-88-vittime-a-mas-di-sedico\\\/#primaryimage\"},\"image\":{\"@id\":\"https:\\\/\\\/www.bellunopress.it\\\/2020\\\/08\\\/30\\\/30-agosto-1965-mattmark-labm-ricorda-le-88-vittime-a-mas-di-sedico\\\/#primaryimage\"},\"thumbnailUrl\":\"https:\\\/\\\/www.bellunopress.it\\\/wp-content\\\/uploads\\\/2020\\\/08\\\/oscar_de_bona_abm_edited.jpg\",\"datePublished\":\"2020-08-30T21:20:27+00:00\",\"dateModified\":\"2020-08-30T21:20:29+00:00\",\"breadcrumb\":{\"@id\":\"https:\\\/\\\/www.bellunopress.it\\\/2020\\\/08\\\/30\\\/30-agosto-1965-mattmark-labm-ricorda-le-88-vittime-a-mas-di-sedico\\\/#breadcrumb\"},\"inLanguage\":\"fr-FR\",\"potentialAction\":[{\"@type\":\"ReadAction\",\"target\":[\"https:\\\/\\\/www.bellunopress.it\\\/2020\\\/08\\\/30\\\/30-agosto-1965-mattmark-labm-ricorda-le-88-vittime-a-mas-di-sedico\\\/\"]}]},{\"@type\":\"ImageObject\",\"inLanguage\":\"fr-FR\",\"@id\":\"https:\\\/\\\/www.bellunopress.it\\\/2020\\\/08\\\/30\\\/30-agosto-1965-mattmark-labm-ricorda-le-88-vittime-a-mas-di-sedico\\\/#primaryimage\",\"url\":\"https:\\\/\\\/www.bellunopress.it\\\/wp-content\\\/uploads\\\/2020\\\/08\\\/oscar_de_bona_abm_edited.jpg\",\"contentUrl\":\"https:\\\/\\\/www.bellunopress.it\\\/wp-content\\\/uploads\\\/2020\\\/08\\\/oscar_de_bona_abm_edited.jpg\",\"width\":800,\"height\":450,\"caption\":\"Oscar De Bona, presidente Associazione bellunesi nel mondo\"},{\"@type\":\"BreadcrumbList\",\"@id\":\"https:\\\/\\\/www.bellunopress.it\\\/2020\\\/08\\\/30\\\/30-agosto-1965-mattmark-labm-ricorda-le-88-vittime-a-mas-di-sedico\\\/#breadcrumb\",\"itemListElement\":[{\"@type\":\"ListItem\",\"position\":1,\"name\":\"Home\",\"item\":\"https:\\\/\\\/www.bellunopress.it\\\/\"},{\"@type\":\"ListItem\",\"position\":2,\"name\":\"30 agosto 1965, Mattmark. L\u2019Abm ricorda le 88 vittime a Mas di Sedico\"}]},{\"@type\":\"WebSite\",\"@id\":\"https:\\\/\\\/www.bellunopress.it\\\/#website\",\"url\":\"https:\\\/\\\/www.bellunopress.it\\\/\",\"name\":\"Bellunopress - Dolomiti\",\"description\":\"e-mail: redazione@bellunopress.it\",\"publisher\":{\"@id\":\"https:\\\/\\\/www.bellunopress.it\\\/#organization\"},\"potentialAction\":[{\"@type\":\"SearchAction\",\"target\":{\"@type\":\"EntryPoint\",\"urlTemplate\":\"https:\\\/\\\/www.bellunopress.it\\\/?s={search_term_string}\"},\"query-input\":{\"@type\":\"PropertyValueSpecification\",\"valueRequired\":true,\"valueName\":\"search_term_string\"}}],\"inLanguage\":\"fr-FR\"},{\"@type\":\"Organization\",\"@id\":\"https:\\\/\\\/www.bellunopress.it\\\/#organization\",\"name\":\"Bellunopress\",\"url\":\"https:\\\/\\\/www.bellunopress.it\\\/\",\"logo\":{\"@type\":\"ImageObject\",\"inLanguage\":\"fr-FR\",\"@id\":\"https:\\\/\\\/www.bellunopress.it\\\/#\\\/schema\\\/logo\\\/image\\\/\",\"url\":\"https:\\\/\\\/www.bellunopress.it\\\/wp-content\\\/uploads\\\/2011\\\/05\\\/cropped-logo-bellunopress-.jpg\",\"contentUrl\":\"https:\\\/\\\/www.bellunopress.it\\\/wp-content\\\/uploads\\\/2011\\\/05\\\/cropped-logo-bellunopress-.jpg\",\"width\":512,\"height\":512,\"caption\":\"Bellunopress\"},\"image\":{\"@id\":\"https:\\\/\\\/www.bellunopress.it\\\/#\\\/schema\\\/logo\\\/image\\\/\"},\"sameAs\":[\"https:\\\/\\\/www.facebook.com\\\/profile.php?id=100008943462799\",\"https:\\\/\\\/x.com\\\/bellunopress\",\"https:\\\/\\\/www.linkedin.com\\\/hp\\\/?dnr=JBzUWaJfMUw8vbXJJ2tVW5-I3jZKvC4wsoxE&amp;amp;amp;amp;amp;amp;trk=nav_responsive_tab_home\",\"https:\\\/\\\/www.youtube.com\\\/channel\\\/UCxL0wu1uN0_3_7hGG0306cw\"]},{\"@type\":\"Person\",\"@id\":\"https:\\\/\\\/www.bellunopress.it\\\/#\\\/schema\\\/person\\\/79bb06722b37ece1c03d3e94beb30d73\",\"name\":\"redazione\",\"image\":{\"@type\":\"ImageObject\",\"inLanguage\":\"fr-FR\",\"@id\":\"https:\\\/\\\/secure.gravatar.com\\\/avatar\\\/37d968a2e67a6fd04c169c4bdef102d0bc5d31b2546345219e348575eb80e9a0?s=96&d=mm&r=g\",\"url\":\"https:\\\/\\\/secure.gravatar.com\\\/avatar\\\/37d968a2e67a6fd04c169c4bdef102d0bc5d31b2546345219e348575eb80e9a0?s=96&d=mm&r=g\",\"contentUrl\":\"https:\\\/\\\/secure.gravatar.com\\\/avatar\\\/37d968a2e67a6fd04c169c4bdef102d0bc5d31b2546345219e348575eb80e9a0?s=96&d=mm&r=g\",\"caption\":\"redazione\"},\"sameAs\":[\"http:\\\/\\\/www.bellunopress.it\",\"https:\\\/\\\/x.com\\\/bellunopress\"],\"url\":\"https:\\\/\\\/www.bellunopress.it\\\/fr\\\/author\\\/redazione\\\/\"}]}<\/script>\n<!-- \/ Yoast SEO plugin. -->","yoast_head_json":{"title":"30 agosto 1965, Mattmark. L\u2019Abm ricorda le 88 vittime a Mas di Sedico - Bellunopress - Dolomiti","robots":{"index":"index","follow":"follow","max-snippet":"max-snippet:-1","max-image-preview":"max-image-preview:large","max-video-preview":"max-video-preview:-1"},"canonical":"https:\/\/www.bellunopress.it\/fr\/2020\/08\/30\/30-agosto-1965-mattmark-labm-ricorda-le-88-vittime-a-mas-di-sedico\/","og_locale":"fr_FR","og_type":"article","og_title":"30 agosto 1965, Mattmark. L\u2019Abm ricorda le 88 vittime a Mas di Sedico - Bellunopress - Dolomiti","og_description":"Mas di Sedico. La pioggia torrenziale, una corona d\u2019alloro, il rintocco di una campana che scandisce la lettura dei nomi delle 88 vittime. Sono trascorsi cinquantacinque anni esatti dal disastro di Mattmark. Una tragedia sul lavoro che colp\u00ec pesantemente la provincia di Belluno, all\u2019epoca segnata da un\u2019emigrazione di massa che ogni anno portava centinaia di [&hellip;]","og_url":"https:\/\/www.bellunopress.it\/fr\/2020\/08\/30\/30-agosto-1965-mattmark-labm-ricorda-le-88-vittime-a-mas-di-sedico\/","og_site_name":"Bellunopress - Dolomiti","article_publisher":"https:\/\/www.facebook.com\/profile.php?id=100008943462799","article_published_time":"2020-08-30T21:20:27+00:00","article_modified_time":"2020-08-30T21:20:29+00:00","og_image":[{"width":800,"height":450,"url":"https:\/\/www.bellunopress.it\/wp-content\/uploads\/2020\/08\/oscar_de_bona_abm_edited.jpg","type":"image\/jpeg"}],"author":"redazione","twitter_card":"summary_large_image","twitter_creator":"@bellunopress","twitter_site":"@bellunopress","twitter_misc":{"\u00c9crit par":"redazione","Dur\u00e9e de lecture estim\u00e9e":"4 minutes"},"schema":{"@context":"https:\/\/schema.org","@graph":[{"@type":"Article","@id":"https:\/\/www.bellunopress.it\/2020\/08\/30\/30-agosto-1965-mattmark-labm-ricorda-le-88-vittime-a-mas-di-sedico\/#article","isPartOf":{"@id":"https:\/\/www.bellunopress.it\/2020\/08\/30\/30-agosto-1965-mattmark-labm-ricorda-le-88-vittime-a-mas-di-sedico\/"},"author":{"name":"redazione","@id":"https:\/\/www.bellunopress.it\/#\/schema\/person\/79bb06722b37ece1c03d3e94beb30d73"},"headline":"30 agosto 1965, Mattmark. L\u2019Abm ricorda le 88 vittime a Mas di Sedico","datePublished":"2020-08-30T21:20:27+00:00","dateModified":"2020-08-30T21:20:29+00:00","mainEntityOfPage":{"@id":"https:\/\/www.bellunopress.it\/2020\/08\/30\/30-agosto-1965-mattmark-labm-ricorda-le-88-vittime-a-mas-di-sedico\/"},"wordCount":824,"publisher":{"@id":"https:\/\/www.bellunopress.it\/#organization"},"image":{"@id":"https:\/\/www.bellunopress.it\/2020\/08\/30\/30-agosto-1965-mattmark-labm-ricorda-le-88-vittime-a-mas-di-sedico\/#primaryimage"},"thumbnailUrl":"https:\/\/www.bellunopress.it\/wp-content\/uploads\/2020\/08\/oscar_de_bona_abm_edited.jpg","articleSection":["Prima Pagina","Societ\u00e0, Associazioni, Istituzioni"],"inLanguage":"fr-FR"},{"@type":"WebPage","@id":"https:\/\/www.bellunopress.it\/2020\/08\/30\/30-agosto-1965-mattmark-labm-ricorda-le-88-vittime-a-mas-di-sedico\/","url":"https:\/\/www.bellunopress.it\/2020\/08\/30\/30-agosto-1965-mattmark-labm-ricorda-le-88-vittime-a-mas-di-sedico\/","name":"30 agosto 1965, Mattmark. L\u2019Abm ricorda le 88 vittime a Mas di Sedico - Bellunopress - Dolomiti","isPartOf":{"@id":"https:\/\/www.bellunopress.it\/#website"},"primaryImageOfPage":{"@id":"https:\/\/www.bellunopress.it\/2020\/08\/30\/30-agosto-1965-mattmark-labm-ricorda-le-88-vittime-a-mas-di-sedico\/#primaryimage"},"image":{"@id":"https:\/\/www.bellunopress.it\/2020\/08\/30\/30-agosto-1965-mattmark-labm-ricorda-le-88-vittime-a-mas-di-sedico\/#primaryimage"},"thumbnailUrl":"https:\/\/www.bellunopress.it\/wp-content\/uploads\/2020\/08\/oscar_de_bona_abm_edited.jpg","datePublished":"2020-08-30T21:20:27+00:00","dateModified":"2020-08-30T21:20:29+00:00","breadcrumb":{"@id":"https:\/\/www.bellunopress.it\/2020\/08\/30\/30-agosto-1965-mattmark-labm-ricorda-le-88-vittime-a-mas-di-sedico\/#breadcrumb"},"inLanguage":"fr-FR","potentialAction":[{"@type":"ReadAction","target":["https:\/\/www.bellunopress.it\/2020\/08\/30\/30-agosto-1965-mattmark-labm-ricorda-le-88-vittime-a-mas-di-sedico\/"]}]},{"@type":"ImageObject","inLanguage":"fr-FR","@id":"https:\/\/www.bellunopress.it\/2020\/08\/30\/30-agosto-1965-mattmark-labm-ricorda-le-88-vittime-a-mas-di-sedico\/#primaryimage","url":"https:\/\/www.bellunopress.it\/wp-content\/uploads\/2020\/08\/oscar_de_bona_abm_edited.jpg","contentUrl":"https:\/\/www.bellunopress.it\/wp-content\/uploads\/2020\/08\/oscar_de_bona_abm_edited.jpg","width":800,"height":450,"caption":"Oscar De Bona, presidente Associazione bellunesi nel mondo"},{"@type":"BreadcrumbList","@id":"https:\/\/www.bellunopress.it\/2020\/08\/30\/30-agosto-1965-mattmark-labm-ricorda-le-88-vittime-a-mas-di-sedico\/#breadcrumb","itemListElement":[{"@type":"ListItem","position":1,"name":"Home","item":"https:\/\/www.bellunopress.it\/"},{"@type":"ListItem","position":2,"name":"30 agosto 1965, Mattmark. L\u2019Abm ricorda le 88 vittime a Mas di Sedico"}]},{"@type":"WebSite","@id":"https:\/\/www.bellunopress.it\/#website","url":"https:\/\/www.bellunopress.it\/","name":"Bellunopress - Dolomiti","description":"e-mail: redazione@bellunopress.it","publisher":{"@id":"https:\/\/www.bellunopress.it\/#organization"},"potentialAction":[{"@type":"SearchAction","target":{"@type":"EntryPoint","urlTemplate":"https:\/\/www.bellunopress.it\/?s={search_term_string}"},"query-input":{"@type":"PropertyValueSpecification","valueRequired":true,"valueName":"search_term_string"}}],"inLanguage":"fr-FR"},{"@type":"Organization","@id":"https:\/\/www.bellunopress.it\/#organization","name":"Bellunopress","url":"https:\/\/www.bellunopress.it\/","logo":{"@type":"ImageObject","inLanguage":"fr-FR","@id":"https:\/\/www.bellunopress.it\/#\/schema\/logo\/image\/","url":"https:\/\/www.bellunopress.it\/wp-content\/uploads\/2011\/05\/cropped-logo-bellunopress-.jpg","contentUrl":"https:\/\/www.bellunopress.it\/wp-content\/uploads\/2011\/05\/cropped-logo-bellunopress-.jpg","width":512,"height":512,"caption":"Bellunopress"},"image":{"@id":"https:\/\/www.bellunopress.it\/#\/schema\/logo\/image\/"},"sameAs":["https:\/\/www.facebook.com\/profile.php?id=100008943462799","https:\/\/x.com\/bellunopress","https:\/\/www.linkedin.com\/hp\/?dnr=JBzUWaJfMUw8vbXJJ2tVW5-I3jZKvC4wsoxE&amp;amp;amp;amp;amp;amp;trk=nav_responsive_tab_home","https:\/\/www.youtube.com\/channel\/UCxL0wu1uN0_3_7hGG0306cw"]},{"@type":"Person","@id":"https:\/\/www.bellunopress.it\/#\/schema\/person\/79bb06722b37ece1c03d3e94beb30d73","name":"r\u00e9daction","image":{"@type":"ImageObject","inLanguage":"fr-FR","@id":"https:\/\/secure.gravatar.com\/avatar\/37d968a2e67a6fd04c169c4bdef102d0bc5d31b2546345219e348575eb80e9a0?s=96&d=mm&r=g","url":"https:\/\/secure.gravatar.com\/avatar\/37d968a2e67a6fd04c169c4bdef102d0bc5d31b2546345219e348575eb80e9a0?s=96&d=mm&r=g","contentUrl":"https:\/\/secure.gravatar.com\/avatar\/37d968a2e67a6fd04c169c4bdef102d0bc5d31b2546345219e348575eb80e9a0?s=96&d=mm&r=g","caption":"redazione"},"sameAs":["http:\/\/www.bellunopress.it","https:\/\/x.com\/bellunopress"],"url":"https:\/\/www.bellunopress.it\/fr\/author\/redazione\/"}]}},"_links":{"self":[{"href":"https:\/\/www.bellunopress.it\/fr\/wp-json\/wp\/v2\/posts\/117192","targetHints":{"allow":["GET"]}}],"collection":[{"href":"https:\/\/www.bellunopress.it\/fr\/wp-json\/wp\/v2\/posts"}],"about":[{"href":"https:\/\/www.bellunopress.it\/fr\/wp-json\/wp\/v2\/types\/post"}],"author":[{"embeddable":true,"href":"https:\/\/www.bellunopress.it\/fr\/wp-json\/wp\/v2\/users\/2"}],"replies":[{"embeddable":true,"href":"https:\/\/www.bellunopress.it\/fr\/wp-json\/wp\/v2\/comments?post=117192"}],"version-history":[{"count":2,"href":"https:\/\/www.bellunopress.it\/fr\/wp-json\/wp\/v2\/posts\/117192\/revisions"}],"predecessor-version":[{"id":117195,"href":"https:\/\/www.bellunopress.it\/fr\/wp-json\/wp\/v2\/posts\/117192\/revisions\/117195"}],"wp:featuredmedia":[{"embeddable":true,"href":"https:\/\/www.bellunopress.it\/fr\/wp-json\/wp\/v2\/media\/117193"}],"wp:attachment":[{"href":"https:\/\/www.bellunopress.it\/fr\/wp-json\/wp\/v2\/media?parent=117192"}],"wp:term":[{"taxonomy":"category","embeddable":true,"href":"https:\/\/www.bellunopress.it\/fr\/wp-json\/wp\/v2\/categories?post=117192"},{"taxonomy":"post_tag","embeddable":true,"href":"https:\/\/www.bellunopress.it\/fr\/wp-json\/wp\/v2\/tags?post=117192"}],"curies":[{"name":"wp","href":"https:\/\/api.w.org\/{rel}","templated":true}]}}