{"id":117188,"date":"2020-08-30T22:42:16","date_gmt":"2020-08-30T20:42:16","guid":{"rendered":"http:\/\/www.bellunopress.it\/?p=117188"},"modified":"2020-09-04T11:27:12","modified_gmt":"2020-09-04T09:27:12","slug":"intervista-a-cristina-luciani-candidata-alle-regionali-nella-lista-lega-per-zaia-presidente","status":"publish","type":"post","link":"https:\/\/www.bellunopress.it\/fr\/2020\/08\/30\/intervista-a-cristina-luciani-candidata-alle-regionali-nella-lista-lega-per-zaia-presidente\/","title":{"rendered":"Intervista a Cristina Luciani, candidata alle regionali nella lista Lega per Zaia presidente"},"content":{"rendered":"<p><a href=\"http:\/\/www.bellunopress.it\/fr\/2020\/08\/30\/intervista-a-cristina-luciani-candidata-alle-regionali-nella-lista-lega-per-zaia-presidente\/cristina-luciani_edited\/\" rel=\"attachment wp-att-117189\"><img loading=\"lazy\" decoding=\"async\" class=\"alignleft size-full wp-image-117189\" src=\"http:\/\/www.bellunopress.it\/wp-content\/uploads\/2020\/08\/Cristina-Luciani_edited.jpg\" alt=\"\" width=\"696\" height=\"800\" srcset=\"https:\/\/www.bellunopress.it\/wp-content\/uploads\/2020\/08\/Cristina-Luciani_edited.jpg 696w, https:\/\/www.bellunopress.it\/wp-content\/uploads\/2020\/08\/Cristina-Luciani_edited-435x500.jpg 435w, https:\/\/www.bellunopress.it\/wp-content\/uploads\/2020\/08\/Cristina-Luciani_edited-365x420.jpg 365w\" sizes=\"auto, (max-width: 696px) 100vw, 696px\" \/><\/a>Cristina Luciani \u00e8 candidata alle elezioni regionali per il Veneto nella lista Lega Salvini a sostegno di Luca Zaia candidato presidente.<\/p>\n<p><em>In caso di elezione al consiglio regionale quali saranno i primi tre punti di cui si occuper\u00e0?<\/em><\/p>\n<p>&#8220;Da ex titolare di partita IVA, mi piacerebbe occuparmi delle piccole imprese sempre pi\u00f9 vessate e soffocate dagli adempimenti burocratici ed a serio rischio chiusura soprattutto nelle zone periferiche della nostra provincia.<br \/>\nUn altro settore che mi interessa particolarmente \u00e8 quello vitivinicolo che, in quanto sommelier, da qualche anno seguo per passione e che si sta sviluppando anche nella parte bassa del bellunese con il recupero di vitigni autoctoni, la realizzazione di nuovi impianti di uve internazionali e l\u2019inserimento dei PIWI. Sar\u00e0 sicuramente un volano anche per la ristorazione e il turismo enoico da aiutare ed incentivare anche intercettando i finanziamenti europei.<br \/>\nCome donna lavoratrice sono molto sensibile alle problematiche familiari e alle difficolt\u00e0 che si incontrano nel conciliare la vita professionale con la gestione di quella privata soprattutto ora che, a causa della legge Fornero, l\u2019et\u00e0 pensionabile \u00e8 stata procrastinata rendendo impossibile poter svolgere l\u2019importante ruolo di cura di nonni e bambini&#8221;.<\/p>\n<p><em>La provincia di Belluno \u00e8 da sempre in sofferenza, schiacciata tra le autonomie del Trentino Alto-Adige e del Friuli Venezia-Giulia. Con referendum del 22 ottobre 2017 i bellunesi hanno espresso a larga maggioranza la volont\u00e0 di vedere assegnate dalla Regione forme avanzate di autonomia. E anche la Legge regionale 25\/2014 prevede il trasferimento di competenze, funzioni e risorse alla Provincia di Belluno. A suo parere, nella prossima legislatura la Regione onorer\u00e0 questi impegni?<\/em><\/p>\n<p>&#8220;L\u2019autonomia del Veneto, che Zaia ha definito la madre di tutte le battaglie \u00e8 la priorit\u00e0 per i veneti, senza la quale non \u00e8 di fatto possibile avere risorse da trasferire ai territori tra cui Belluno.<br \/>\nLe centrali idroelettriche, dopo il risultato ottenuto in questa legislatura, al termine della concessione diventano interamente pubbliche e non devono ritornare allo Stato. Alla provincia di Belluno, oltre ai canoni idrici, resta anche una quota di energia elettrica monetizzata per milioni di euro. Inoltre i canoni vengono interamente incassati dalla provincia da anni, consentendo di salvare il bilancio dell&#8217;ente dopo gli azzeramenti dei trasferimenti statali come si \u00e8 verificato per la provincia di Verbania che ha dichiarato il dissesto perch\u00e9 la regione Piemonte (PD) non ha effettuato il trasferimento dei canoni idrici.<br \/>\nLa legge 25 \u00e8 comunque gi\u00e0 avanti nella sua attuazione: trasporto pubblico locale, governo del territorio, urbanistica, difesa del suolo, viabilit\u00e0, demanio idrico, energia idroelettrica e molto altro sono funzioni gi\u00e0 trasferite alla Provincia di Belluno&#8221;.<\/p>\n<p><em>Per entrare pi\u00f9 nel dettaglio, in tema di risorse per il Bellunese (Legge regionale 25\/2014), l\u2019obbiettivo sarebbe quello di ottenere dalla Regione gli introiti del 100% dei canoni idrici, il 100% della tassa automobilistica e il 100% della tassa di concessione regionale. Cosa ne pensa?<\/em><\/p>\n<p>&#8220;Per trasferire il 100% del bollo auto, unica tassa regionale con cui la regione finanzia tutto ci\u00f2 che non \u00e8 sanit\u00e0, bisognerebbe farlo anche, ad esempio, per il sociale, compresi tutti i finanziamenti alle case di risposo (non previsto dalla legge 25) anche se la differenza tra quanto incassa in gettito oggi dalla provincia rispetto a quanto trasferisce, \u00e8 tutto a vantaggio della provincia. Quindi trasferire il bollo insieme a tutte le competenze danneggerebbe la provincia anzich\u00e9 favorirla.<\/p>\n<p>Aggiungo una considerazione sulla viabilit\u00e0, che sar\u00e0 un grande tema dei prossimi anni in vista dei due importanti appuntamenti mondiali del 2021 e del 2026 e che sono gi\u00e0 in agenda con il progetto di potenziamento delle infrastrutture per le quali sono stati stanziati importanti finanziamenti&#8221;.<\/p>","protected":false},"excerpt":{"rendered":"<p>Cristina Luciani \u00e8 candidata alle elezioni regionali per il Veneto nella lista Lega Salvini a sostegno di Luca Zaia candidato presidente. In caso di elezione al consiglio regionale quali saranno i primi tre punti di cui si occuper\u00e0? &#8220;Da ex titolare di partita IVA, mi piacerebbe occuparmi delle piccole imprese sempre pi\u00f9 vessate e soffocate [&hellip;]<\/p>\n","protected":false},"author":2,"featured_media":117189,"comment_status":"closed","ping_status":"open","sticky":false,"template":"","format":"standard","meta":{"footnotes":""},"categories":[5,3446,26],"tags":[],"class_list":["post-117188","post","type-post","status-publish","format-standard","has-post-thumbnail","category-cronaca","category-featured","category-prima-pagina"],"yoast_head":"<!-- This site is optimized with the Yoast SEO plugin v28.4 - https:\/\/yoast.com\/product\/yoast-seo-wordpress\/ -->\n<title>Intervista a Cristina Luciani, candidata alle regionali nella lista Lega per Zaia presidente - Bellunopress - Dolomiti<\/title>\n<meta name=\"robots\" content=\"index, follow, max-snippet:-1, max-image-preview:large, max-video-preview:-1\" \/>\n<link rel=\"canonical\" href=\"https:\/\/www.bellunopress.it\/fr\/2020\/08\/30\/intervista-a-cristina-luciani-candidata-alle-regionali-nella-lista-lega-per-zaia-presidente\/\" \/>\n<meta property=\"og:locale\" content=\"fr_FR\" \/>\n<meta property=\"og:type\" content=\"article\" \/>\n<meta property=\"og:title\" content=\"Intervista a Cristina Luciani, candidata alle regionali nella lista Lega per Zaia presidente - Bellunopress - Dolomiti\" \/>\n<meta property=\"og:description\" content=\"Cristina Luciani \u00e8 candidata alle elezioni regionali per il Veneto nella lista Lega Salvini a sostegno di Luca Zaia candidato presidente. In caso di elezione al consiglio regionale quali saranno i primi tre punti di cui si occuper\u00e0? &#8220;Da ex titolare di partita IVA, mi piacerebbe occuparmi delle piccole imprese sempre pi\u00f9 vessate e soffocate [&hellip;]\" \/>\n<meta property=\"og:url\" content=\"https:\/\/www.bellunopress.it\/fr\/2020\/08\/30\/intervista-a-cristina-luciani-candidata-alle-regionali-nella-lista-lega-per-zaia-presidente\/\" \/>\n<meta property=\"og:site_name\" content=\"Bellunopress - Dolomiti\" \/>\n<meta property=\"article:publisher\" content=\"https:\/\/www.facebook.com\/profile.php?id=100008943462799\" \/>\n<meta property=\"article:published_time\" content=\"2020-08-30T20:42:16+00:00\" \/>\n<meta property=\"article:modified_time\" content=\"2020-09-04T09:27:12+00:00\" \/>\n<meta property=\"og:image\" content=\"https:\/\/www.bellunopress.it\/wp-content\/uploads\/2020\/08\/Cristina-Luciani_edited.jpg\" \/>\n\t<meta property=\"og:image:width\" content=\"696\" \/>\n\t<meta property=\"og:image:height\" content=\"800\" \/>\n\t<meta property=\"og:image:type\" content=\"image\/jpeg\" \/>\n<meta name=\"author\" content=\"redazione\" \/>\n<meta name=\"twitter:card\" content=\"summary_large_image\" \/>\n<meta name=\"twitter:creator\" content=\"@bellunopress\" \/>\n<meta name=\"twitter:site\" content=\"@bellunopress\" \/>\n<meta name=\"twitter:label1\" content=\"Written by\" \/>\n\t<meta name=\"twitter:data1\" content=\"redazione\" \/>\n\t<meta name=\"twitter:label2\" content=\"Est. reading time\" \/>\n\t<meta name=\"twitter:data2\" content=\"3 minutes\" \/>\n<script type=\"application\/ld+json\" class=\"yoast-schema-graph\">{\"@context\":\"https:\\\/\\\/schema.org\",\"@graph\":[{\"@type\":\"Article\",\"@id\":\"https:\\\/\\\/www.bellunopress.it\\\/2020\\\/08\\\/30\\\/intervista-a-cristina-luciani-candidata-alle-regionali-nella-lista-lega-per-zaia-presidente\\\/#article\",\"isPartOf\":{\"@id\":\"https:\\\/\\\/www.bellunopress.it\\\/2020\\\/08\\\/30\\\/intervista-a-cristina-luciani-candidata-alle-regionali-nella-lista-lega-per-zaia-presidente\\\/\"},\"author\":{\"name\":\"redazione\",\"@id\":\"https:\\\/\\\/www.bellunopress.it\\\/#\\\/schema\\\/person\\\/79bb06722b37ece1c03d3e94beb30d73\"},\"headline\":\"Intervista a Cristina Luciani, candidata alle regionali nella lista Lega per Zaia presidente\",\"datePublished\":\"2020-08-30T20:42:16+00:00\",\"dateModified\":\"2020-09-04T09:27:12+00:00\",\"mainEntityOfPage\":{\"@id\":\"https:\\\/\\\/www.bellunopress.it\\\/2020\\\/08\\\/30\\\/intervista-a-cristina-luciani-candidata-alle-regionali-nella-lista-lega-per-zaia-presidente\\\/\"},\"wordCount\":594,\"publisher\":{\"@id\":\"https:\\\/\\\/www.bellunopress.it\\\/#organization\"},\"image\":{\"@id\":\"https:\\\/\\\/www.bellunopress.it\\\/2020\\\/08\\\/30\\\/intervista-a-cristina-luciani-candidata-alle-regionali-nella-lista-lega-per-zaia-presidente\\\/#primaryimage\"},\"thumbnailUrl\":\"https:\\\/\\\/www.bellunopress.it\\\/wp-content\\\/uploads\\\/2020\\\/08\\\/Cristina-Luciani_edited.jpg\",\"articleSection\":[\"Cronaca\\\/Politica\",\"Featured\",\"Prima Pagina\"],\"inLanguage\":\"fr-FR\"},{\"@type\":\"WebPage\",\"@id\":\"https:\\\/\\\/www.bellunopress.it\\\/2020\\\/08\\\/30\\\/intervista-a-cristina-luciani-candidata-alle-regionali-nella-lista-lega-per-zaia-presidente\\\/\",\"url\":\"https:\\\/\\\/www.bellunopress.it\\\/2020\\\/08\\\/30\\\/intervista-a-cristina-luciani-candidata-alle-regionali-nella-lista-lega-per-zaia-presidente\\\/\",\"name\":\"Intervista a Cristina Luciani, candidata alle regionali nella lista Lega per Zaia presidente - Bellunopress - Dolomiti\",\"isPartOf\":{\"@id\":\"https:\\\/\\\/www.bellunopress.it\\\/#website\"},\"primaryImageOfPage\":{\"@id\":\"https:\\\/\\\/www.bellunopress.it\\\/2020\\\/08\\\/30\\\/intervista-a-cristina-luciani-candidata-alle-regionali-nella-lista-lega-per-zaia-presidente\\\/#primaryimage\"},\"image\":{\"@id\":\"https:\\\/\\\/www.bellunopress.it\\\/2020\\\/08\\\/30\\\/intervista-a-cristina-luciani-candidata-alle-regionali-nella-lista-lega-per-zaia-presidente\\\/#primaryimage\"},\"thumbnailUrl\":\"https:\\\/\\\/www.bellunopress.it\\\/wp-content\\\/uploads\\\/2020\\\/08\\\/Cristina-Luciani_edited.jpg\",\"datePublished\":\"2020-08-30T20:42:16+00:00\",\"dateModified\":\"2020-09-04T09:27:12+00:00\",\"breadcrumb\":{\"@id\":\"https:\\\/\\\/www.bellunopress.it\\\/2020\\\/08\\\/30\\\/intervista-a-cristina-luciani-candidata-alle-regionali-nella-lista-lega-per-zaia-presidente\\\/#breadcrumb\"},\"inLanguage\":\"fr-FR\",\"potentialAction\":[{\"@type\":\"ReadAction\",\"target\":[\"https:\\\/\\\/www.bellunopress.it\\\/2020\\\/08\\\/30\\\/intervista-a-cristina-luciani-candidata-alle-regionali-nella-lista-lega-per-zaia-presidente\\\/\"]}]},{\"@type\":\"ImageObject\",\"inLanguage\":\"fr-FR\",\"@id\":\"https:\\\/\\\/www.bellunopress.it\\\/2020\\\/08\\\/30\\\/intervista-a-cristina-luciani-candidata-alle-regionali-nella-lista-lega-per-zaia-presidente\\\/#primaryimage\",\"url\":\"https:\\\/\\\/www.bellunopress.it\\\/wp-content\\\/uploads\\\/2020\\\/08\\\/Cristina-Luciani_edited.jpg\",\"contentUrl\":\"https:\\\/\\\/www.bellunopress.it\\\/wp-content\\\/uploads\\\/2020\\\/08\\\/Cristina-Luciani_edited.jpg\",\"width\":696,\"height\":800},{\"@type\":\"BreadcrumbList\",\"@id\":\"https:\\\/\\\/www.bellunopress.it\\\/2020\\\/08\\\/30\\\/intervista-a-cristina-luciani-candidata-alle-regionali-nella-lista-lega-per-zaia-presidente\\\/#breadcrumb\",\"itemListElement\":[{\"@type\":\"ListItem\",\"position\":1,\"name\":\"Home\",\"item\":\"https:\\\/\\\/www.bellunopress.it\\\/\"},{\"@type\":\"ListItem\",\"position\":2,\"name\":\"Intervista a Cristina Luciani, candidata alle regionali nella lista Lega per Zaia presidente\"}]},{\"@type\":\"WebSite\",\"@id\":\"https:\\\/\\\/www.bellunopress.it\\\/#website\",\"url\":\"https:\\\/\\\/www.bellunopress.it\\\/\",\"name\":\"Bellunopress - Dolomiti\",\"description\":\"e-mail: redazione@bellunopress.it\",\"publisher\":{\"@id\":\"https:\\\/\\\/www.bellunopress.it\\\/#organization\"},\"potentialAction\":[{\"@type\":\"SearchAction\",\"target\":{\"@type\":\"EntryPoint\",\"urlTemplate\":\"https:\\\/\\\/www.bellunopress.it\\\/?s={search_term_string}\"},\"query-input\":{\"@type\":\"PropertyValueSpecification\",\"valueRequired\":true,\"valueName\":\"search_term_string\"}}],\"inLanguage\":\"fr-FR\"},{\"@type\":\"Organization\",\"@id\":\"https:\\\/\\\/www.bellunopress.it\\\/#organization\",\"name\":\"Bellunopress\",\"url\":\"https:\\\/\\\/www.bellunopress.it\\\/\",\"logo\":{\"@type\":\"ImageObject\",\"inLanguage\":\"fr-FR\",\"@id\":\"https:\\\/\\\/www.bellunopress.it\\\/#\\\/schema\\\/logo\\\/image\\\/\",\"url\":\"https:\\\/\\\/www.bellunopress.it\\\/wp-content\\\/uploads\\\/2011\\\/05\\\/cropped-logo-bellunopress-.jpg\",\"contentUrl\":\"https:\\\/\\\/www.bellunopress.it\\\/wp-content\\\/uploads\\\/2011\\\/05\\\/cropped-logo-bellunopress-.jpg\",\"width\":512,\"height\":512,\"caption\":\"Bellunopress\"},\"image\":{\"@id\":\"https:\\\/\\\/www.bellunopress.it\\\/#\\\/schema\\\/logo\\\/image\\\/\"},\"sameAs\":[\"https:\\\/\\\/www.facebook.com\\\/profile.php?id=100008943462799\",\"https:\\\/\\\/x.com\\\/bellunopress\",\"https:\\\/\\\/www.linkedin.com\\\/hp\\\/?dnr=JBzUWaJfMUw8vbXJJ2tVW5-I3jZKvC4wsoxE&amp;amp;amp;amp;amp;amp;trk=nav_responsive_tab_home\",\"https:\\\/\\\/www.youtube.com\\\/channel\\\/UCxL0wu1uN0_3_7hGG0306cw\"]},{\"@type\":\"Person\",\"@id\":\"https:\\\/\\\/www.bellunopress.it\\\/#\\\/schema\\\/person\\\/79bb06722b37ece1c03d3e94beb30d73\",\"name\":\"redazione\",\"image\":{\"@type\":\"ImageObject\",\"inLanguage\":\"fr-FR\",\"@id\":\"https:\\\/\\\/secure.gravatar.com\\\/avatar\\\/37d968a2e67a6fd04c169c4bdef102d0bc5d31b2546345219e348575eb80e9a0?s=96&d=mm&r=g\",\"url\":\"https:\\\/\\\/secure.gravatar.com\\\/avatar\\\/37d968a2e67a6fd04c169c4bdef102d0bc5d31b2546345219e348575eb80e9a0?s=96&d=mm&r=g\",\"contentUrl\":\"https:\\\/\\\/secure.gravatar.com\\\/avatar\\\/37d968a2e67a6fd04c169c4bdef102d0bc5d31b2546345219e348575eb80e9a0?s=96&d=mm&r=g\",\"caption\":\"redazione\"},\"sameAs\":[\"http:\\\/\\\/www.bellunopress.it\",\"https:\\\/\\\/x.com\\\/bellunopress\"],\"url\":\"https:\\\/\\\/www.bellunopress.it\\\/fr\\\/author\\\/redazione\\\/\"}]}<\/script>\n<!-- \/ Yoast SEO plugin. -->","yoast_head_json":{"title":"Intervista a Cristina Luciani, candidata alle regionali nella lista Lega per Zaia presidente - Bellunopress - Dolomiti","robots":{"index":"index","follow":"follow","max-snippet":"max-snippet:-1","max-image-preview":"max-image-preview:large","max-video-preview":"max-video-preview:-1"},"canonical":"https:\/\/www.bellunopress.it\/fr\/2020\/08\/30\/intervista-a-cristina-luciani-candidata-alle-regionali-nella-lista-lega-per-zaia-presidente\/","og_locale":"fr_FR","og_type":"article","og_title":"Intervista a Cristina Luciani, candidata alle regionali nella lista Lega per Zaia presidente - Bellunopress - Dolomiti","og_description":"Cristina Luciani \u00e8 candidata alle elezioni regionali per il Veneto nella lista Lega Salvini a sostegno di Luca Zaia candidato presidente. In caso di elezione al consiglio regionale quali saranno i primi tre punti di cui si occuper\u00e0? &#8220;Da ex titolare di partita IVA, mi piacerebbe occuparmi delle piccole imprese sempre pi\u00f9 vessate e soffocate [&hellip;]","og_url":"https:\/\/www.bellunopress.it\/fr\/2020\/08\/30\/intervista-a-cristina-luciani-candidata-alle-regionali-nella-lista-lega-per-zaia-presidente\/","og_site_name":"Bellunopress - Dolomiti","article_publisher":"https:\/\/www.facebook.com\/profile.php?id=100008943462799","article_published_time":"2020-08-30T20:42:16+00:00","article_modified_time":"2020-09-04T09:27:12+00:00","og_image":[{"width":696,"height":800,"url":"https:\/\/www.bellunopress.it\/wp-content\/uploads\/2020\/08\/Cristina-Luciani_edited.jpg","type":"image\/jpeg"}],"author":"redazione","twitter_card":"summary_large_image","twitter_creator":"@bellunopress","twitter_site":"@bellunopress","twitter_misc":{"Written by":"redazione","Est. reading time":"3 minutes"},"schema":{"@context":"https:\/\/schema.org","@graph":[{"@type":"Article","@id":"https:\/\/www.bellunopress.it\/2020\/08\/30\/intervista-a-cristina-luciani-candidata-alle-regionali-nella-lista-lega-per-zaia-presidente\/#article","isPartOf":{"@id":"https:\/\/www.bellunopress.it\/2020\/08\/30\/intervista-a-cristina-luciani-candidata-alle-regionali-nella-lista-lega-per-zaia-presidente\/"},"author":{"name":"redazione","@id":"https:\/\/www.bellunopress.it\/#\/schema\/person\/79bb06722b37ece1c03d3e94beb30d73"},"headline":"Intervista a Cristina Luciani, candidata alle regionali nella lista Lega per Zaia presidente","datePublished":"2020-08-30T20:42:16+00:00","dateModified":"2020-09-04T09:27:12+00:00","mainEntityOfPage":{"@id":"https:\/\/www.bellunopress.it\/2020\/08\/30\/intervista-a-cristina-luciani-candidata-alle-regionali-nella-lista-lega-per-zaia-presidente\/"},"wordCount":594,"publisher":{"@id":"https:\/\/www.bellunopress.it\/#organization"},"image":{"@id":"https:\/\/www.bellunopress.it\/2020\/08\/30\/intervista-a-cristina-luciani-candidata-alle-regionali-nella-lista-lega-per-zaia-presidente\/#primaryimage"},"thumbnailUrl":"https:\/\/www.bellunopress.it\/wp-content\/uploads\/2020\/08\/Cristina-Luciani_edited.jpg","articleSection":["Cronaca\/Politica","Featured","Prima Pagina"],"inLanguage":"fr-FR"},{"@type":"WebPage","@id":"https:\/\/www.bellunopress.it\/2020\/08\/30\/intervista-a-cristina-luciani-candidata-alle-regionali-nella-lista-lega-per-zaia-presidente\/","url":"https:\/\/www.bellunopress.it\/2020\/08\/30\/intervista-a-cristina-luciani-candidata-alle-regionali-nella-lista-lega-per-zaia-presidente\/","name":"Intervista a Cristina Luciani, candidata alle regionali nella lista Lega per Zaia presidente - Bellunopress - Dolomiti","isPartOf":{"@id":"https:\/\/www.bellunopress.it\/#website"},"primaryImageOfPage":{"@id":"https:\/\/www.bellunopress.it\/2020\/08\/30\/intervista-a-cristina-luciani-candidata-alle-regionali-nella-lista-lega-per-zaia-presidente\/#primaryimage"},"image":{"@id":"https:\/\/www.bellunopress.it\/2020\/08\/30\/intervista-a-cristina-luciani-candidata-alle-regionali-nella-lista-lega-per-zaia-presidente\/#primaryimage"},"thumbnailUrl":"https:\/\/www.bellunopress.it\/wp-content\/uploads\/2020\/08\/Cristina-Luciani_edited.jpg","datePublished":"2020-08-30T20:42:16+00:00","dateModified":"2020-09-04T09:27:12+00:00","breadcrumb":{"@id":"https:\/\/www.bellunopress.it\/2020\/08\/30\/intervista-a-cristina-luciani-candidata-alle-regionali-nella-lista-lega-per-zaia-presidente\/#breadcrumb"},"inLanguage":"fr-FR","potentialAction":[{"@type":"ReadAction","target":["https:\/\/www.bellunopress.it\/2020\/08\/30\/intervista-a-cristina-luciani-candidata-alle-regionali-nella-lista-lega-per-zaia-presidente\/"]}]},{"@type":"ImageObject","inLanguage":"fr-FR","@id":"https:\/\/www.bellunopress.it\/2020\/08\/30\/intervista-a-cristina-luciani-candidata-alle-regionali-nella-lista-lega-per-zaia-presidente\/#primaryimage","url":"https:\/\/www.bellunopress.it\/wp-content\/uploads\/2020\/08\/Cristina-Luciani_edited.jpg","contentUrl":"https:\/\/www.bellunopress.it\/wp-content\/uploads\/2020\/08\/Cristina-Luciani_edited.jpg","width":696,"height":800},{"@type":"BreadcrumbList","@id":"https:\/\/www.bellunopress.it\/2020\/08\/30\/intervista-a-cristina-luciani-candidata-alle-regionali-nella-lista-lega-per-zaia-presidente\/#breadcrumb","itemListElement":[{"@type":"ListItem","position":1,"name":"Home","item":"https:\/\/www.bellunopress.it\/"},{"@type":"ListItem","position":2,"name":"Intervista a Cristina Luciani, candidata alle regionali nella lista Lega per Zaia presidente"}]},{"@type":"WebSite","@id":"https:\/\/www.bellunopress.it\/#website","url":"https:\/\/www.bellunopress.it\/","name":"Bellunopress - Dolomiti","description":"e-mail: redazione@bellunopress.it","publisher":{"@id":"https:\/\/www.bellunopress.it\/#organization"},"potentialAction":[{"@type":"SearchAction","target":{"@type":"EntryPoint","urlTemplate":"https:\/\/www.bellunopress.it\/?s={search_term_string}"},"query-input":{"@type":"PropertyValueSpecification","valueRequired":true,"valueName":"search_term_string"}}],"inLanguage":"fr-FR"},{"@type":"Organization","@id":"https:\/\/www.bellunopress.it\/#organization","name":"Bellunopress","url":"https:\/\/www.bellunopress.it\/","logo":{"@type":"ImageObject","inLanguage":"fr-FR","@id":"https:\/\/www.bellunopress.it\/#\/schema\/logo\/image\/","url":"https:\/\/www.bellunopress.it\/wp-content\/uploads\/2011\/05\/cropped-logo-bellunopress-.jpg","contentUrl":"https:\/\/www.bellunopress.it\/wp-content\/uploads\/2011\/05\/cropped-logo-bellunopress-.jpg","width":512,"height":512,"caption":"Bellunopress"},"image":{"@id":"https:\/\/www.bellunopress.it\/#\/schema\/logo\/image\/"},"sameAs":["https:\/\/www.facebook.com\/profile.php?id=100008943462799","https:\/\/x.com\/bellunopress","https:\/\/www.linkedin.com\/hp\/?dnr=JBzUWaJfMUw8vbXJJ2tVW5-I3jZKvC4wsoxE&amp;amp;amp;amp;amp;amp;trk=nav_responsive_tab_home","https:\/\/www.youtube.com\/channel\/UCxL0wu1uN0_3_7hGG0306cw"]},{"@type":"Person","@id":"https:\/\/www.bellunopress.it\/#\/schema\/person\/79bb06722b37ece1c03d3e94beb30d73","name":"r\u00e9daction","image":{"@type":"ImageObject","inLanguage":"fr-FR","@id":"https:\/\/secure.gravatar.com\/avatar\/37d968a2e67a6fd04c169c4bdef102d0bc5d31b2546345219e348575eb80e9a0?s=96&d=mm&r=g","url":"https:\/\/secure.gravatar.com\/avatar\/37d968a2e67a6fd04c169c4bdef102d0bc5d31b2546345219e348575eb80e9a0?s=96&d=mm&r=g","contentUrl":"https:\/\/secure.gravatar.com\/avatar\/37d968a2e67a6fd04c169c4bdef102d0bc5d31b2546345219e348575eb80e9a0?s=96&d=mm&r=g","caption":"redazione"},"sameAs":["http:\/\/www.bellunopress.it","https:\/\/x.com\/bellunopress"],"url":"https:\/\/www.bellunopress.it\/fr\/author\/redazione\/"}]}},"_links":{"self":[{"href":"https:\/\/www.bellunopress.it\/fr\/wp-json\/wp\/v2\/posts\/117188","targetHints":{"allow":["GET"]}}],"collection":[{"href":"https:\/\/www.bellunopress.it\/fr\/wp-json\/wp\/v2\/posts"}],"about":[{"href":"https:\/\/www.bellunopress.it\/fr\/wp-json\/wp\/v2\/types\/post"}],"author":[{"embeddable":true,"href":"https:\/\/www.bellunopress.it\/fr\/wp-json\/wp\/v2\/users\/2"}],"replies":[{"embeddable":true,"href":"https:\/\/www.bellunopress.it\/fr\/wp-json\/wp\/v2\/comments?post=117188"}],"version-history":[{"count":2,"href":"https:\/\/www.bellunopress.it\/fr\/wp-json\/wp\/v2\/posts\/117188\/revisions"}],"predecessor-version":[{"id":117191,"href":"https:\/\/www.bellunopress.it\/fr\/wp-json\/wp\/v2\/posts\/117188\/revisions\/117191"}],"wp:featuredmedia":[{"embeddable":true,"href":"https:\/\/www.bellunopress.it\/fr\/wp-json\/wp\/v2\/media\/117189"}],"wp:attachment":[{"href":"https:\/\/www.bellunopress.it\/fr\/wp-json\/wp\/v2\/media?parent=117188"}],"wp:term":[{"taxonomy":"category","embeddable":true,"href":"https:\/\/www.bellunopress.it\/fr\/wp-json\/wp\/v2\/categories?post=117188"},{"taxonomy":"post_tag","embeddable":true,"href":"https:\/\/www.bellunopress.it\/fr\/wp-json\/wp\/v2\/tags?post=117188"}],"curies":[{"name":"wp","href":"https:\/\/api.w.org\/{rel}","templated":true}]}}