{"id":117183,"date":"2020-08-30T21:33:52","date_gmt":"2020-08-30T19:33:52","guid":{"rendered":"http:\/\/www.bellunopress.it\/?p=117183"},"modified":"2020-08-30T21:33:54","modified_gmt":"2020-08-30T19:33:54","slug":"giovedi-allinsolita-storia-la-presentazione-del-libro-il-delitto-cimetta-la-vicenda-processuale-dellomicidio-della-titolare-del-caffe-vittoria","status":"publish","type":"post","link":"https:\/\/www.bellunopress.it\/fr\/2020\/08\/30\/giovedi-allinsolita-storia-la-presentazione-del-libro-il-delitto-cimetta-la-vicenda-processuale-dellomicidio-della-titolare-del-caffe-vittoria\/","title":{"rendered":"Gioved\u00ec all&#8217;Insolita storia la presentazione del libro &#8220;Il delitto Cimetta&#8221;, la vicenda processuale dell&#8217;omicidio della titolare del Caff\u00e8 Vittoria"},"content":{"rendered":"<p><a href=\"http:\/\/www.bellunopress.it\/fr\/2020\/08\/30\/giovedi-allinsolita-storia-la-presentazione-del-libro-il-delitto-cimetta-la-vicenda-processuale-dellomicidio-della-titolare-del-caffe-vittoria\/il-delitto-cimetta-copertina-cartaceo_edited\/\" rel=\"attachment wp-att-117185\"><img loading=\"lazy\" decoding=\"async\" class=\"alignleft size-full wp-image-117185\" src=\"http:\/\/www.bellunopress.it\/wp-content\/uploads\/2020\/08\/Il-delitto-Cimetta-copertina-cartaceo_edited.jpg\" alt=\"\" width=\"333\" height=\"499\" srcset=\"https:\/\/www.bellunopress.it\/wp-content\/uploads\/2020\/08\/Il-delitto-Cimetta-copertina-cartaceo_edited.jpg 333w, https:\/\/www.bellunopress.it\/wp-content\/uploads\/2020\/08\/Il-delitto-Cimetta-copertina-cartaceo_edited-280x420.jpg 280w\" sizes=\"auto, (max-width: 333px) 100vw, 333px\" \/><\/a>Tornano gli appuntamenti culturali al Bar Insolita Storia in via Tasso 7\/D a Belluno, nel rispetto delle regole del distanziamento.<\/p>\n<p>Gioved\u00ec 3 settembre con inizio alle ore 19 si terr\u00e0 la presentazione del libro &#8220;Il delitto Cimetta&#8221; di Roberto De Nart. Conduce la serata la giornalista Alessia Trentin.<\/p>\n<p>L\u20198 maggio 1947, al largo de Ca\u2019 La Bricola n.21 a Venezia, la rete a strascico di Luigi Robelli si incaglia in un baule legato a due macigni che contiene il corpo di Linda Cimetta, 45enne originaria di Vittorio Veneto, titolare del Caff\u00e8 Vittoria di Belluno. La vicenda \u00e8 tratta dagli atti processuali conservati all\u2019Archivio di Stato di Venezia. Un migliaio di fogli ingialliti che raccontano la lunga storia processuale che port\u00f2 alla sbarra Bartolomeo Toma, commesso di tabaccheria e il gondoliere Luigi Sardi. Se ne occup\u00f2 nell\u2019ordine, il Tribunale militare straordinario di Padova nel \u201847, la Cassazione nel \u201849, la Corte d\u2019Assise di Venezia nel \u201850, ancora la Cassazione nel \u201951, la Corte d\u2019Assise d\u2019Appello di Venezia nel \u201852, ancora la Cassazione nel \u201853 e per ultima ancora la Corte d\u2019Assise d\u2019Appello nel \u201955. La verit\u00e0 processuale \u00e8 chiara, i due complici sono colpevoli. Ma ci sono due colpi di scena degni di un noir nascosti tra le carte esaminate dall\u2019autore, che fanno traballare la certezza dei tribunali. L\u2019epilogo della storia, inoltre, non fa che rafforzare il mistero, che tale rester\u00e0. Toma, con una condanna all\u2019ergastolo confermata nei vari gradi di giudizio, nel 1960 riuscir\u00e0 ad evadere dal penitenziario dell\u2019Isola di Santo Stefano e di lui non si sapr\u00e0 pi\u00f9 nulla. Sardi, che ottenne uno sconto di pena per seminfermit\u00e0 mentale e si proclamer\u00e0 sempre innocente, esce dal carcere nel 1980 e uccide il maresciallo di polizia Senisi. Sar\u00e0 nuovamente rinchiuso e morir\u00e0 nel 1983 fuori di senno continuando a ripetere \u201cero innocente\u201d.<\/p>","protected":false},"excerpt":{"rendered":"<p>Tornano gli appuntamenti culturali al Bar Insolita Storia in via Tasso 7\/D a Belluno, nel rispetto delle regole del distanziamento. Gioved\u00ec 3 settembre con inizio alle ore 19 si terr\u00e0 la presentazione del libro &#8220;Il delitto Cimetta&#8221; di Roberto De Nart. Conduce la serata la giornalista Alessia Trentin. L\u20198 maggio 1947, al largo de Ca\u2019 [&hellip;]<\/p>\n","protected":false},"author":2,"featured_media":117185,"comment_status":"closed","ping_status":"open","sticky":false,"template":"","format":"standard","meta":{"footnotes":""},"categories":[27,3,25],"tags":[],"class_list":["post-117183","post","type-post","status-publish","format-standard","has-post-thumbnail","category-appuntamenti","category-arte-cultura-spettacoli-scienza-archivi","category-pausa-caffe"],"yoast_head":"<!-- This site is optimized with the Yoast SEO plugin v28.4 - https:\/\/yoast.com\/product\/yoast-seo-wordpress\/ -->\n<title>Gioved\u00ec all&#039;Insolita storia la presentazione del libro &quot;Il delitto Cimetta&quot;, la vicenda processuale dell&#039;omicidio della titolare del Caff\u00e8 Vittoria - Bellunopress - Dolomiti<\/title>\n<meta name=\"robots\" content=\"index, follow, max-snippet:-1, max-image-preview:large, max-video-preview:-1\" \/>\n<link rel=\"canonical\" href=\"https:\/\/www.bellunopress.it\/fr\/2020\/08\/30\/giovedi-allinsolita-storia-la-presentazione-del-libro-il-delitto-cimetta-la-vicenda-processuale-dellomicidio-della-titolare-del-caffe-vittoria\/\" \/>\n<meta property=\"og:locale\" content=\"fr_FR\" \/>\n<meta property=\"og:type\" content=\"article\" \/>\n<meta property=\"og:title\" content=\"Gioved\u00ec all&#039;Insolita storia la presentazione del libro &quot;Il delitto Cimetta&quot;, la vicenda processuale dell&#039;omicidio della titolare del Caff\u00e8 Vittoria - Bellunopress - Dolomiti\" \/>\n<meta property=\"og:description\" content=\"Tornano gli appuntamenti culturali al Bar Insolita Storia in via Tasso 7\/D a Belluno, nel rispetto delle regole del distanziamento. Gioved\u00ec 3 settembre con inizio alle ore 19 si terr\u00e0 la presentazione del libro &#8220;Il delitto Cimetta&#8221; di Roberto De Nart. Conduce la serata la giornalista Alessia Trentin. L\u20198 maggio 1947, al largo de Ca\u2019 [&hellip;]\" \/>\n<meta property=\"og:url\" content=\"https:\/\/www.bellunopress.it\/fr\/2020\/08\/30\/giovedi-allinsolita-storia-la-presentazione-del-libro-il-delitto-cimetta-la-vicenda-processuale-dellomicidio-della-titolare-del-caffe-vittoria\/\" \/>\n<meta property=\"og:site_name\" content=\"Bellunopress - Dolomiti\" \/>\n<meta property=\"article:publisher\" content=\"https:\/\/www.facebook.com\/profile.php?id=100008943462799\" \/>\n<meta property=\"article:published_time\" content=\"2020-08-30T19:33:52+00:00\" \/>\n<meta property=\"article:modified_time\" content=\"2020-08-30T19:33:54+00:00\" \/>\n<meta property=\"og:image\" content=\"https:\/\/www.bellunopress.it\/wp-content\/uploads\/2020\/08\/Il-delitto-Cimetta-copertina-cartaceo_edited.jpg\" \/>\n\t<meta property=\"og:image:width\" content=\"333\" \/>\n\t<meta property=\"og:image:height\" content=\"499\" \/>\n\t<meta property=\"og:image:type\" content=\"image\/jpeg\" \/>\n<meta name=\"author\" content=\"redazione\" \/>\n<meta name=\"twitter:card\" content=\"summary_large_image\" \/>\n<meta name=\"twitter:creator\" content=\"@bellunopress\" \/>\n<meta name=\"twitter:site\" content=\"@bellunopress\" \/>\n<meta name=\"twitter:label1\" content=\"\u00c9crit par\" \/>\n\t<meta name=\"twitter:data1\" content=\"redazione\" \/>\n\t<meta name=\"twitter:label2\" content=\"Dur\u00e9e de lecture estim\u00e9e\" \/>\n\t<meta name=\"twitter:data2\" content=\"1 minute\" \/>\n<script type=\"application\/ld+json\" class=\"yoast-schema-graph\">{\"@context\":\"https:\\\/\\\/schema.org\",\"@graph\":[{\"@type\":\"Article\",\"@id\":\"https:\\\/\\\/www.bellunopress.it\\\/2020\\\/08\\\/30\\\/giovedi-allinsolita-storia-la-presentazione-del-libro-il-delitto-cimetta-la-vicenda-processuale-dellomicidio-della-titolare-del-caffe-vittoria\\\/#article\",\"isPartOf\":{\"@id\":\"https:\\\/\\\/www.bellunopress.it\\\/2020\\\/08\\\/30\\\/giovedi-allinsolita-storia-la-presentazione-del-libro-il-delitto-cimetta-la-vicenda-processuale-dellomicidio-della-titolare-del-caffe-vittoria\\\/\"},\"author\":{\"name\":\"redazione\",\"@id\":\"https:\\\/\\\/www.bellunopress.it\\\/#\\\/schema\\\/person\\\/79bb06722b37ece1c03d3e94beb30d73\"},\"headline\":\"Gioved\u00ec all&#8217;Insolita storia la presentazione del libro &#8220;Il delitto Cimetta&#8221;, la vicenda processuale dell&#8217;omicidio della titolare del Caff\u00e8 Vittoria\",\"datePublished\":\"2020-08-30T19:33:52+00:00\",\"dateModified\":\"2020-08-30T19:33:54+00:00\",\"mainEntityOfPage\":{\"@id\":\"https:\\\/\\\/www.bellunopress.it\\\/2020\\\/08\\\/30\\\/giovedi-allinsolita-storia-la-presentazione-del-libro-il-delitto-cimetta-la-vicenda-processuale-dellomicidio-della-titolare-del-caffe-vittoria\\\/\"},\"wordCount\":319,\"publisher\":{\"@id\":\"https:\\\/\\\/www.bellunopress.it\\\/#organization\"},\"image\":{\"@id\":\"https:\\\/\\\/www.bellunopress.it\\\/2020\\\/08\\\/30\\\/giovedi-allinsolita-storia-la-presentazione-del-libro-il-delitto-cimetta-la-vicenda-processuale-dellomicidio-della-titolare-del-caffe-vittoria\\\/#primaryimage\"},\"thumbnailUrl\":\"https:\\\/\\\/www.bellunopress.it\\\/wp-content\\\/uploads\\\/2020\\\/08\\\/Il-delitto-Cimetta-copertina-cartaceo_edited.jpg\",\"articleSection\":[\"Appuntamenti, Eventi\",\"Arte, Cultura, Spettacoli, Scienza\",\"Pausa Caff\u00e8\"],\"inLanguage\":\"fr-FR\"},{\"@type\":\"WebPage\",\"@id\":\"https:\\\/\\\/www.bellunopress.it\\\/2020\\\/08\\\/30\\\/giovedi-allinsolita-storia-la-presentazione-del-libro-il-delitto-cimetta-la-vicenda-processuale-dellomicidio-della-titolare-del-caffe-vittoria\\\/\",\"url\":\"https:\\\/\\\/www.bellunopress.it\\\/2020\\\/08\\\/30\\\/giovedi-allinsolita-storia-la-presentazione-del-libro-il-delitto-cimetta-la-vicenda-processuale-dellomicidio-della-titolare-del-caffe-vittoria\\\/\",\"name\":\"Gioved\u00ec all'Insolita storia la presentazione del libro \\\"Il delitto Cimetta\\\", la vicenda processuale dell'omicidio della titolare del Caff\u00e8 Vittoria - Bellunopress - Dolomiti\",\"isPartOf\":{\"@id\":\"https:\\\/\\\/www.bellunopress.it\\\/#website\"},\"primaryImageOfPage\":{\"@id\":\"https:\\\/\\\/www.bellunopress.it\\\/2020\\\/08\\\/30\\\/giovedi-allinsolita-storia-la-presentazione-del-libro-il-delitto-cimetta-la-vicenda-processuale-dellomicidio-della-titolare-del-caffe-vittoria\\\/#primaryimage\"},\"image\":{\"@id\":\"https:\\\/\\\/www.bellunopress.it\\\/2020\\\/08\\\/30\\\/giovedi-allinsolita-storia-la-presentazione-del-libro-il-delitto-cimetta-la-vicenda-processuale-dellomicidio-della-titolare-del-caffe-vittoria\\\/#primaryimage\"},\"thumbnailUrl\":\"https:\\\/\\\/www.bellunopress.it\\\/wp-content\\\/uploads\\\/2020\\\/08\\\/Il-delitto-Cimetta-copertina-cartaceo_edited.jpg\",\"datePublished\":\"2020-08-30T19:33:52+00:00\",\"dateModified\":\"2020-08-30T19:33:54+00:00\",\"breadcrumb\":{\"@id\":\"https:\\\/\\\/www.bellunopress.it\\\/2020\\\/08\\\/30\\\/giovedi-allinsolita-storia-la-presentazione-del-libro-il-delitto-cimetta-la-vicenda-processuale-dellomicidio-della-titolare-del-caffe-vittoria\\\/#breadcrumb\"},\"inLanguage\":\"fr-FR\",\"potentialAction\":[{\"@type\":\"ReadAction\",\"target\":[\"https:\\\/\\\/www.bellunopress.it\\\/2020\\\/08\\\/30\\\/giovedi-allinsolita-storia-la-presentazione-del-libro-il-delitto-cimetta-la-vicenda-processuale-dellomicidio-della-titolare-del-caffe-vittoria\\\/\"]}]},{\"@type\":\"ImageObject\",\"inLanguage\":\"fr-FR\",\"@id\":\"https:\\\/\\\/www.bellunopress.it\\\/2020\\\/08\\\/30\\\/giovedi-allinsolita-storia-la-presentazione-del-libro-il-delitto-cimetta-la-vicenda-processuale-dellomicidio-della-titolare-del-caffe-vittoria\\\/#primaryimage\",\"url\":\"https:\\\/\\\/www.bellunopress.it\\\/wp-content\\\/uploads\\\/2020\\\/08\\\/Il-delitto-Cimetta-copertina-cartaceo_edited.jpg\",\"contentUrl\":\"https:\\\/\\\/www.bellunopress.it\\\/wp-content\\\/uploads\\\/2020\\\/08\\\/Il-delitto-Cimetta-copertina-cartaceo_edited.jpg\",\"width\":333,\"height\":499},{\"@type\":\"BreadcrumbList\",\"@id\":\"https:\\\/\\\/www.bellunopress.it\\\/2020\\\/08\\\/30\\\/giovedi-allinsolita-storia-la-presentazione-del-libro-il-delitto-cimetta-la-vicenda-processuale-dellomicidio-della-titolare-del-caffe-vittoria\\\/#breadcrumb\",\"itemListElement\":[{\"@type\":\"ListItem\",\"position\":1,\"name\":\"Home\",\"item\":\"https:\\\/\\\/www.bellunopress.it\\\/\"},{\"@type\":\"ListItem\",\"position\":2,\"name\":\"Gioved\u00ec all&#8217;Insolita storia la presentazione del libro &#8220;Il delitto Cimetta&#8221;, la vicenda processuale dell&#8217;omicidio della titolare del Caff\u00e8 Vittoria\"}]},{\"@type\":\"WebSite\",\"@id\":\"https:\\\/\\\/www.bellunopress.it\\\/#website\",\"url\":\"https:\\\/\\\/www.bellunopress.it\\\/\",\"name\":\"Bellunopress - Dolomiti\",\"description\":\"e-mail: redazione@bellunopress.it\",\"publisher\":{\"@id\":\"https:\\\/\\\/www.bellunopress.it\\\/#organization\"},\"potentialAction\":[{\"@type\":\"SearchAction\",\"target\":{\"@type\":\"EntryPoint\",\"urlTemplate\":\"https:\\\/\\\/www.bellunopress.it\\\/?s={search_term_string}\"},\"query-input\":{\"@type\":\"PropertyValueSpecification\",\"valueRequired\":true,\"valueName\":\"search_term_string\"}}],\"inLanguage\":\"fr-FR\"},{\"@type\":\"Organization\",\"@id\":\"https:\\\/\\\/www.bellunopress.it\\\/#organization\",\"name\":\"Bellunopress\",\"url\":\"https:\\\/\\\/www.bellunopress.it\\\/\",\"logo\":{\"@type\":\"ImageObject\",\"inLanguage\":\"fr-FR\",\"@id\":\"https:\\\/\\\/www.bellunopress.it\\\/#\\\/schema\\\/logo\\\/image\\\/\",\"url\":\"https:\\\/\\\/www.bellunopress.it\\\/wp-content\\\/uploads\\\/2011\\\/05\\\/cropped-logo-bellunopress-.jpg\",\"contentUrl\":\"https:\\\/\\\/www.bellunopress.it\\\/wp-content\\\/uploads\\\/2011\\\/05\\\/cropped-logo-bellunopress-.jpg\",\"width\":512,\"height\":512,\"caption\":\"Bellunopress\"},\"image\":{\"@id\":\"https:\\\/\\\/www.bellunopress.it\\\/#\\\/schema\\\/logo\\\/image\\\/\"},\"sameAs\":[\"https:\\\/\\\/www.facebook.com\\\/profile.php?id=100008943462799\",\"https:\\\/\\\/x.com\\\/bellunopress\",\"https:\\\/\\\/www.linkedin.com\\\/hp\\\/?dnr=JBzUWaJfMUw8vbXJJ2tVW5-I3jZKvC4wsoxE&amp;amp;amp;amp;amp;amp;trk=nav_responsive_tab_home\",\"https:\\\/\\\/www.youtube.com\\\/channel\\\/UCxL0wu1uN0_3_7hGG0306cw\"]},{\"@type\":\"Person\",\"@id\":\"https:\\\/\\\/www.bellunopress.it\\\/#\\\/schema\\\/person\\\/79bb06722b37ece1c03d3e94beb30d73\",\"name\":\"redazione\",\"image\":{\"@type\":\"ImageObject\",\"inLanguage\":\"fr-FR\",\"@id\":\"https:\\\/\\\/secure.gravatar.com\\\/avatar\\\/37d968a2e67a6fd04c169c4bdef102d0bc5d31b2546345219e348575eb80e9a0?s=96&d=mm&r=g\",\"url\":\"https:\\\/\\\/secure.gravatar.com\\\/avatar\\\/37d968a2e67a6fd04c169c4bdef102d0bc5d31b2546345219e348575eb80e9a0?s=96&d=mm&r=g\",\"contentUrl\":\"https:\\\/\\\/secure.gravatar.com\\\/avatar\\\/37d968a2e67a6fd04c169c4bdef102d0bc5d31b2546345219e348575eb80e9a0?s=96&d=mm&r=g\",\"caption\":\"redazione\"},\"sameAs\":[\"http:\\\/\\\/www.bellunopress.it\",\"https:\\\/\\\/x.com\\\/bellunopress\"],\"url\":\"https:\\\/\\\/www.bellunopress.it\\\/fr\\\/author\\\/redazione\\\/\"}]}<\/script>\n<!-- \/ Yoast SEO plugin. -->","yoast_head_json":{"title":"Gioved\u00ec all'Insolita storia la presentazione del libro \"Il delitto Cimetta\", la vicenda processuale dell'omicidio della titolare del Caff\u00e8 Vittoria - Bellunopress - Dolomiti","robots":{"index":"index","follow":"follow","max-snippet":"max-snippet:-1","max-image-preview":"max-image-preview:large","max-video-preview":"max-video-preview:-1"},"canonical":"https:\/\/www.bellunopress.it\/fr\/2020\/08\/30\/giovedi-allinsolita-storia-la-presentazione-del-libro-il-delitto-cimetta-la-vicenda-processuale-dellomicidio-della-titolare-del-caffe-vittoria\/","og_locale":"fr_FR","og_type":"article","og_title":"Gioved\u00ec all'Insolita storia la presentazione del libro \"Il delitto Cimetta\", la vicenda processuale dell'omicidio della titolare del Caff\u00e8 Vittoria - Bellunopress - Dolomiti","og_description":"Tornano gli appuntamenti culturali al Bar Insolita Storia in via Tasso 7\/D a Belluno, nel rispetto delle regole del distanziamento. Gioved\u00ec 3 settembre con inizio alle ore 19 si terr\u00e0 la presentazione del libro &#8220;Il delitto Cimetta&#8221; di Roberto De Nart. Conduce la serata la giornalista Alessia Trentin. L\u20198 maggio 1947, al largo de Ca\u2019 [&hellip;]","og_url":"https:\/\/www.bellunopress.it\/fr\/2020\/08\/30\/giovedi-allinsolita-storia-la-presentazione-del-libro-il-delitto-cimetta-la-vicenda-processuale-dellomicidio-della-titolare-del-caffe-vittoria\/","og_site_name":"Bellunopress - Dolomiti","article_publisher":"https:\/\/www.facebook.com\/profile.php?id=100008943462799","article_published_time":"2020-08-30T19:33:52+00:00","article_modified_time":"2020-08-30T19:33:54+00:00","og_image":[{"width":333,"height":499,"url":"https:\/\/www.bellunopress.it\/wp-content\/uploads\/2020\/08\/Il-delitto-Cimetta-copertina-cartaceo_edited.jpg","type":"image\/jpeg"}],"author":"redazione","twitter_card":"summary_large_image","twitter_creator":"@bellunopress","twitter_site":"@bellunopress","twitter_misc":{"\u00c9crit par":"redazione","Dur\u00e9e de lecture estim\u00e9e":"1 minute"},"schema":{"@context":"https:\/\/schema.org","@graph":[{"@type":"Article","@id":"https:\/\/www.bellunopress.it\/2020\/08\/30\/giovedi-allinsolita-storia-la-presentazione-del-libro-il-delitto-cimetta-la-vicenda-processuale-dellomicidio-della-titolare-del-caffe-vittoria\/#article","isPartOf":{"@id":"https:\/\/www.bellunopress.it\/2020\/08\/30\/giovedi-allinsolita-storia-la-presentazione-del-libro-il-delitto-cimetta-la-vicenda-processuale-dellomicidio-della-titolare-del-caffe-vittoria\/"},"author":{"name":"redazione","@id":"https:\/\/www.bellunopress.it\/#\/schema\/person\/79bb06722b37ece1c03d3e94beb30d73"},"headline":"Gioved\u00ec all&#8217;Insolita storia la presentazione del libro &#8220;Il delitto Cimetta&#8221;, la vicenda processuale dell&#8217;omicidio della titolare del Caff\u00e8 Vittoria","datePublished":"2020-08-30T19:33:52+00:00","dateModified":"2020-08-30T19:33:54+00:00","mainEntityOfPage":{"@id":"https:\/\/www.bellunopress.it\/2020\/08\/30\/giovedi-allinsolita-storia-la-presentazione-del-libro-il-delitto-cimetta-la-vicenda-processuale-dellomicidio-della-titolare-del-caffe-vittoria\/"},"wordCount":319,"publisher":{"@id":"https:\/\/www.bellunopress.it\/#organization"},"image":{"@id":"https:\/\/www.bellunopress.it\/2020\/08\/30\/giovedi-allinsolita-storia-la-presentazione-del-libro-il-delitto-cimetta-la-vicenda-processuale-dellomicidio-della-titolare-del-caffe-vittoria\/#primaryimage"},"thumbnailUrl":"https:\/\/www.bellunopress.it\/wp-content\/uploads\/2020\/08\/Il-delitto-Cimetta-copertina-cartaceo_edited.jpg","articleSection":["Appuntamenti, Eventi","Arte, Cultura, Spettacoli, Scienza","Pausa Caff\u00e8"],"inLanguage":"fr-FR"},{"@type":"WebPage","@id":"https:\/\/www.bellunopress.it\/2020\/08\/30\/giovedi-allinsolita-storia-la-presentazione-del-libro-il-delitto-cimetta-la-vicenda-processuale-dellomicidio-della-titolare-del-caffe-vittoria\/","url":"https:\/\/www.bellunopress.it\/2020\/08\/30\/giovedi-allinsolita-storia-la-presentazione-del-libro-il-delitto-cimetta-la-vicenda-processuale-dellomicidio-della-titolare-del-caffe-vittoria\/","name":"Gioved\u00ec all'Insolita storia la presentazione del libro \"Il delitto Cimetta\", la vicenda processuale dell'omicidio della titolare del Caff\u00e8 Vittoria - Bellunopress - Dolomiti","isPartOf":{"@id":"https:\/\/www.bellunopress.it\/#website"},"primaryImageOfPage":{"@id":"https:\/\/www.bellunopress.it\/2020\/08\/30\/giovedi-allinsolita-storia-la-presentazione-del-libro-il-delitto-cimetta-la-vicenda-processuale-dellomicidio-della-titolare-del-caffe-vittoria\/#primaryimage"},"image":{"@id":"https:\/\/www.bellunopress.it\/2020\/08\/30\/giovedi-allinsolita-storia-la-presentazione-del-libro-il-delitto-cimetta-la-vicenda-processuale-dellomicidio-della-titolare-del-caffe-vittoria\/#primaryimage"},"thumbnailUrl":"https:\/\/www.bellunopress.it\/wp-content\/uploads\/2020\/08\/Il-delitto-Cimetta-copertina-cartaceo_edited.jpg","datePublished":"2020-08-30T19:33:52+00:00","dateModified":"2020-08-30T19:33:54+00:00","breadcrumb":{"@id":"https:\/\/www.bellunopress.it\/2020\/08\/30\/giovedi-allinsolita-storia-la-presentazione-del-libro-il-delitto-cimetta-la-vicenda-processuale-dellomicidio-della-titolare-del-caffe-vittoria\/#breadcrumb"},"inLanguage":"fr-FR","potentialAction":[{"@type":"ReadAction","target":["https:\/\/www.bellunopress.it\/2020\/08\/30\/giovedi-allinsolita-storia-la-presentazione-del-libro-il-delitto-cimetta-la-vicenda-processuale-dellomicidio-della-titolare-del-caffe-vittoria\/"]}]},{"@type":"ImageObject","inLanguage":"fr-FR","@id":"https:\/\/www.bellunopress.it\/2020\/08\/30\/giovedi-allinsolita-storia-la-presentazione-del-libro-il-delitto-cimetta-la-vicenda-processuale-dellomicidio-della-titolare-del-caffe-vittoria\/#primaryimage","url":"https:\/\/www.bellunopress.it\/wp-content\/uploads\/2020\/08\/Il-delitto-Cimetta-copertina-cartaceo_edited.jpg","contentUrl":"https:\/\/www.bellunopress.it\/wp-content\/uploads\/2020\/08\/Il-delitto-Cimetta-copertina-cartaceo_edited.jpg","width":333,"height":499},{"@type":"BreadcrumbList","@id":"https:\/\/www.bellunopress.it\/2020\/08\/30\/giovedi-allinsolita-storia-la-presentazione-del-libro-il-delitto-cimetta-la-vicenda-processuale-dellomicidio-della-titolare-del-caffe-vittoria\/#breadcrumb","itemListElement":[{"@type":"ListItem","position":1,"name":"Home","item":"https:\/\/www.bellunopress.it\/"},{"@type":"ListItem","position":2,"name":"Gioved\u00ec all&#8217;Insolita storia la presentazione del libro &#8220;Il delitto Cimetta&#8221;, la vicenda processuale dell&#8217;omicidio della titolare del Caff\u00e8 Vittoria"}]},{"@type":"WebSite","@id":"https:\/\/www.bellunopress.it\/#website","url":"https:\/\/www.bellunopress.it\/","name":"Bellunopress - Dolomiti","description":"e-mail: redazione@bellunopress.it","publisher":{"@id":"https:\/\/www.bellunopress.it\/#organization"},"potentialAction":[{"@type":"SearchAction","target":{"@type":"EntryPoint","urlTemplate":"https:\/\/www.bellunopress.it\/?s={search_term_string}"},"query-input":{"@type":"PropertyValueSpecification","valueRequired":true,"valueName":"search_term_string"}}],"inLanguage":"fr-FR"},{"@type":"Organization","@id":"https:\/\/www.bellunopress.it\/#organization","name":"Bellunopress","url":"https:\/\/www.bellunopress.it\/","logo":{"@type":"ImageObject","inLanguage":"fr-FR","@id":"https:\/\/www.bellunopress.it\/#\/schema\/logo\/image\/","url":"https:\/\/www.bellunopress.it\/wp-content\/uploads\/2011\/05\/cropped-logo-bellunopress-.jpg","contentUrl":"https:\/\/www.bellunopress.it\/wp-content\/uploads\/2011\/05\/cropped-logo-bellunopress-.jpg","width":512,"height":512,"caption":"Bellunopress"},"image":{"@id":"https:\/\/www.bellunopress.it\/#\/schema\/logo\/image\/"},"sameAs":["https:\/\/www.facebook.com\/profile.php?id=100008943462799","https:\/\/x.com\/bellunopress","https:\/\/www.linkedin.com\/hp\/?dnr=JBzUWaJfMUw8vbXJJ2tVW5-I3jZKvC4wsoxE&amp;amp;amp;amp;amp;amp;trk=nav_responsive_tab_home","https:\/\/www.youtube.com\/channel\/UCxL0wu1uN0_3_7hGG0306cw"]},{"@type":"Person","@id":"https:\/\/www.bellunopress.it\/#\/schema\/person\/79bb06722b37ece1c03d3e94beb30d73","name":"r\u00e9daction","image":{"@type":"ImageObject","inLanguage":"fr-FR","@id":"https:\/\/secure.gravatar.com\/avatar\/37d968a2e67a6fd04c169c4bdef102d0bc5d31b2546345219e348575eb80e9a0?s=96&d=mm&r=g","url":"https:\/\/secure.gravatar.com\/avatar\/37d968a2e67a6fd04c169c4bdef102d0bc5d31b2546345219e348575eb80e9a0?s=96&d=mm&r=g","contentUrl":"https:\/\/secure.gravatar.com\/avatar\/37d968a2e67a6fd04c169c4bdef102d0bc5d31b2546345219e348575eb80e9a0?s=96&d=mm&r=g","caption":"redazione"},"sameAs":["http:\/\/www.bellunopress.it","https:\/\/x.com\/bellunopress"],"url":"https:\/\/www.bellunopress.it\/fr\/author\/redazione\/"}]}},"_links":{"self":[{"href":"https:\/\/www.bellunopress.it\/fr\/wp-json\/wp\/v2\/posts\/117183","targetHints":{"allow":["GET"]}}],"collection":[{"href":"https:\/\/www.bellunopress.it\/fr\/wp-json\/wp\/v2\/posts"}],"about":[{"href":"https:\/\/www.bellunopress.it\/fr\/wp-json\/wp\/v2\/types\/post"}],"author":[{"embeddable":true,"href":"https:\/\/www.bellunopress.it\/fr\/wp-json\/wp\/v2\/users\/2"}],"replies":[{"embeddable":true,"href":"https:\/\/www.bellunopress.it\/fr\/wp-json\/wp\/v2\/comments?post=117183"}],"version-history":[{"count":2,"href":"https:\/\/www.bellunopress.it\/fr\/wp-json\/wp\/v2\/posts\/117183\/revisions"}],"predecessor-version":[{"id":117187,"href":"https:\/\/www.bellunopress.it\/fr\/wp-json\/wp\/v2\/posts\/117183\/revisions\/117187"}],"wp:featuredmedia":[{"embeddable":true,"href":"https:\/\/www.bellunopress.it\/fr\/wp-json\/wp\/v2\/media\/117185"}],"wp:attachment":[{"href":"https:\/\/www.bellunopress.it\/fr\/wp-json\/wp\/v2\/media?parent=117183"}],"wp:term":[{"taxonomy":"category","embeddable":true,"href":"https:\/\/www.bellunopress.it\/fr\/wp-json\/wp\/v2\/categories?post=117183"},{"taxonomy":"post_tag","embeddable":true,"href":"https:\/\/www.bellunopress.it\/fr\/wp-json\/wp\/v2\/tags?post=117183"}],"curies":[{"name":"wp","href":"https:\/\/api.w.org\/{rel}","templated":true}]}}