{"id":117172,"date":"2020-08-30T16:48:42","date_gmt":"2020-08-30T14:48:42","guid":{"rendered":"http:\/\/www.bellunopress.it\/?p=117172"},"modified":"2020-08-30T16:58:00","modified_gmt":"2020-08-30T14:58:00","slug":"aggiornamento-ulss-dolomiti-summer-party-cortina-confermata-la-totale-negativita-dei-tamponi-esaminati","status":"publish","type":"post","link":"https:\/\/www.bellunopress.it\/fr\/2020\/08\/30\/aggiornamento-ulss-dolomiti-summer-party-cortina-confermata-la-totale-negativita-dei-tamponi-esaminati\/","title":{"rendered":"Aggiornamento Ulss Dolomiti. Summer Party Cortina, confermata la totale negativit\u00e0 dei tamponi esaminati"},"content":{"rendered":"<p><a href=\"http:\/\/www.bellunopress.it\/fr\/2020\/08\/28\/emergenza-covid-aggiornamento-del-28-agosto-285-tamponi-a-cortina\/cortina-tamponi-2_edited\/\" rel=\"attachment wp-att-117119\"><img loading=\"lazy\" decoding=\"async\" class=\"alignleft size-full wp-image-117119\" src=\"http:\/\/www.bellunopress.it\/wp-content\/uploads\/2020\/08\/cortina-tamponi-2_edited.jpg\" alt=\"\" width=\"800\" height=\"600\" srcset=\"https:\/\/www.bellunopress.it\/wp-content\/uploads\/2020\/08\/cortina-tamponi-2_edited.jpg 800w, https:\/\/www.bellunopress.it\/wp-content\/uploads\/2020\/08\/cortina-tamponi-2_edited-500x375.jpg 500w, https:\/\/www.bellunopress.it\/wp-content\/uploads\/2020\/08\/cortina-tamponi-2_edited-696x522.jpg 696w, https:\/\/www.bellunopress.it\/wp-content\/uploads\/2020\/08\/cortina-tamponi-2_edited-560x420.jpg 560w, https:\/\/www.bellunopress.it\/wp-content\/uploads\/2020\/08\/cortina-tamponi-2_edited-80x60.jpg 80w, https:\/\/www.bellunopress.it\/wp-content\/uploads\/2020\/08\/cortina-tamponi-2_edited-265x198.jpg 265w\" sizes=\"auto, (max-width: 800px) 100vw, 800px\" \/><\/a>Belluno, 30 agosto 2020 &#8211; Si \u00e8 conclusa l\u2019operazione \u201cSummer party Cortina\u201d con conferma definitiva della totale negativit\u00e0 dei soggetti sottoposti a tampone nel pomeriggio-sera di venerd\u00ec scorso.<\/p>\n<p>Le ultime 24 ore di lavoro laboratoristico hanno messo in evidenza le seguenti tre nuove positivit\u00e0:<br \/>\n\u2022 Giovane donna gi\u00e0 isolata per sintomatologia simil covid;<br \/>\n\u2022 Ragazzo di rientro dalla Sardegna, gi\u00e0 quarantenato in quanto contatto stretto di caso noto<br \/>\n\u2022 Minore componente di una famiglia con caso confermato (positiva la madre a sua volta contatto stretto di caso confermato, di rientro da vacanza in Campania).<\/p>\n<p>Consueta attivit\u00e0 gestionale per sintomatologia simil covid (8 persone), ingressi da estero (5 persone), contatti di caso (5 persone).<\/p>\n<p>Attivo anche oggi il drive-in di Feltre con i seguenti tamponi eseguiti: 31 per rientri da Sardegna, 15 da Croazia, 2 Spagna, 2 Francia.<\/p>\n<p>Da domani fino a luned\u00ec 7 settembre, il Dipartimento di Prevenzione, con squadre dedicate, affiancher\u00e0 i Medici di Medicina Generale nella somministrazione di test sierologici al personale della scuola. I test saranno offerti su base volontaria ad insegnanti e operatori delle scuole di ogni ordine e grado, pubbliche e private, nei quattro drive in di Belluno, Feltre, Tai di Cadore e Caprile, previo appuntamento (tel. 0439\/883805 dalle 9 alle 13 e mail screening.scuola@aulss1.veneto.it ) riservato al personale assistito da medici di famiglia non aderenti al progetto di screening nazionale.<\/p>\n<p>Aggiornamento 30 agosto 2020 ore 15.00<\/p>","protected":false},"excerpt":{"rendered":"<p>Belluno, 30 agosto 2020 &#8211; Si \u00e8 conclusa l\u2019operazione \u201cSummer party Cortina\u201d con conferma definitiva della totale negativit\u00e0 dei soggetti sottoposti a tampone nel pomeriggio-sera di venerd\u00ec scorso. Le ultime 24 ore di lavoro laboratoristico hanno messo in evidenza le seguenti tre nuove positivit\u00e0: \u2022 Giovane donna gi\u00e0 isolata per sintomatologia simil covid; \u2022 Ragazzo [&hellip;]<\/p>\n","protected":false},"author":2,"featured_media":117119,"comment_status":"closed","ping_status":"open","sticky":false,"template":"","format":"standard","meta":{"footnotes":""},"categories":[17],"tags":[],"class_list":["post-117172","post","type-post","status-publish","format-standard","has-post-thumbnail","category-sanita"],"yoast_head":"<!-- This site is optimized with the Yoast SEO plugin v28.4 - https:\/\/yoast.com\/product\/yoast-seo-wordpress\/ -->\n<title>Aggiornamento Ulss Dolomiti. Summer Party Cortina, confermata la totale negativit\u00e0 dei tamponi esaminati - Bellunopress - Dolomiti<\/title>\n<meta name=\"robots\" content=\"index, follow, max-snippet:-1, max-image-preview:large, max-video-preview:-1\" \/>\n<link rel=\"canonical\" href=\"https:\/\/www.bellunopress.it\/fr\/2020\/08\/30\/aggiornamento-ulss-dolomiti-summer-party-cortina-confermata-la-totale-negativita-dei-tamponi-esaminati\/\" \/>\n<meta property=\"og:locale\" content=\"fr_FR\" \/>\n<meta property=\"og:type\" content=\"article\" \/>\n<meta property=\"og:title\" content=\"Aggiornamento Ulss Dolomiti. Summer Party Cortina, confermata la totale negativit\u00e0 dei tamponi esaminati - Bellunopress - Dolomiti\" \/>\n<meta property=\"og:description\" content=\"Belluno, 30 agosto 2020 &#8211; Si \u00e8 conclusa l\u2019operazione \u201cSummer party Cortina\u201d con conferma definitiva della totale negativit\u00e0 dei soggetti sottoposti a tampone nel pomeriggio-sera di venerd\u00ec scorso. Le ultime 24 ore di lavoro laboratoristico hanno messo in evidenza le seguenti tre nuove positivit\u00e0: \u2022 Giovane donna gi\u00e0 isolata per sintomatologia simil covid; \u2022 Ragazzo [&hellip;]\" \/>\n<meta property=\"og:url\" content=\"https:\/\/www.bellunopress.it\/fr\/2020\/08\/30\/aggiornamento-ulss-dolomiti-summer-party-cortina-confermata-la-totale-negativita-dei-tamponi-esaminati\/\" \/>\n<meta property=\"og:site_name\" content=\"Bellunopress - Dolomiti\" \/>\n<meta property=\"article:publisher\" content=\"https:\/\/www.facebook.com\/profile.php?id=100008943462799\" \/>\n<meta property=\"article:published_time\" content=\"2020-08-30T14:48:42+00:00\" \/>\n<meta property=\"article:modified_time\" content=\"2020-08-30T14:58:00+00:00\" \/>\n<meta property=\"og:image\" content=\"https:\/\/www.bellunopress.it\/wp-content\/uploads\/2020\/08\/cortina-tamponi-2_edited.jpg\" \/>\n\t<meta property=\"og:image:width\" content=\"800\" \/>\n\t<meta property=\"og:image:height\" content=\"600\" \/>\n\t<meta property=\"og:image:type\" content=\"image\/jpeg\" \/>\n<meta name=\"author\" content=\"redazione\" \/>\n<meta name=\"twitter:card\" content=\"summary_large_image\" \/>\n<meta name=\"twitter:creator\" content=\"@bellunopress\" \/>\n<meta name=\"twitter:site\" content=\"@bellunopress\" \/>\n<meta name=\"twitter:label1\" content=\"\u00c9crit par\" \/>\n\t<meta name=\"twitter:data1\" content=\"redazione\" \/>\n\t<meta name=\"twitter:label2\" content=\"Dur\u00e9e de lecture estim\u00e9e\" \/>\n\t<meta name=\"twitter:data2\" content=\"1 minute\" \/>\n<script type=\"application\/ld+json\" class=\"yoast-schema-graph\">{\"@context\":\"https:\\\/\\\/schema.org\",\"@graph\":[{\"@type\":\"Article\",\"@id\":\"https:\\\/\\\/www.bellunopress.it\\\/2020\\\/08\\\/30\\\/aggiornamento-ulss-dolomiti-summer-party-cortina-confermata-la-totale-negativita-dei-tamponi-esaminati\\\/#article\",\"isPartOf\":{\"@id\":\"https:\\\/\\\/www.bellunopress.it\\\/2020\\\/08\\\/30\\\/aggiornamento-ulss-dolomiti-summer-party-cortina-confermata-la-totale-negativita-dei-tamponi-esaminati\\\/\"},\"author\":{\"name\":\"redazione\",\"@id\":\"https:\\\/\\\/www.bellunopress.it\\\/#\\\/schema\\\/person\\\/79bb06722b37ece1c03d3e94beb30d73\"},\"headline\":\"Aggiornamento Ulss Dolomiti. Summer Party Cortina, confermata la totale negativit\u00e0 dei tamponi esaminati\",\"datePublished\":\"2020-08-30T14:48:42+00:00\",\"dateModified\":\"2020-08-30T14:58:00+00:00\",\"mainEntityOfPage\":{\"@id\":\"https:\\\/\\\/www.bellunopress.it\\\/2020\\\/08\\\/30\\\/aggiornamento-ulss-dolomiti-summer-party-cortina-confermata-la-totale-negativita-dei-tamponi-esaminati\\\/\"},\"wordCount\":228,\"publisher\":{\"@id\":\"https:\\\/\\\/www.bellunopress.it\\\/#organization\"},\"image\":{\"@id\":\"https:\\\/\\\/www.bellunopress.it\\\/2020\\\/08\\\/30\\\/aggiornamento-ulss-dolomiti-summer-party-cortina-confermata-la-totale-negativita-dei-tamponi-esaminati\\\/#primaryimage\"},\"thumbnailUrl\":\"https:\\\/\\\/www.bellunopress.it\\\/wp-content\\\/uploads\\\/2020\\\/08\\\/cortina-tamponi-2_edited.jpg\",\"articleSection\":[\"Sanit\u00e0 Medicina\"],\"inLanguage\":\"fr-FR\"},{\"@type\":\"WebPage\",\"@id\":\"https:\\\/\\\/www.bellunopress.it\\\/2020\\\/08\\\/30\\\/aggiornamento-ulss-dolomiti-summer-party-cortina-confermata-la-totale-negativita-dei-tamponi-esaminati\\\/\",\"url\":\"https:\\\/\\\/www.bellunopress.it\\\/2020\\\/08\\\/30\\\/aggiornamento-ulss-dolomiti-summer-party-cortina-confermata-la-totale-negativita-dei-tamponi-esaminati\\\/\",\"name\":\"Aggiornamento Ulss Dolomiti. Summer Party Cortina, confermata la totale negativit\u00e0 dei tamponi esaminati - Bellunopress - Dolomiti\",\"isPartOf\":{\"@id\":\"https:\\\/\\\/www.bellunopress.it\\\/#website\"},\"primaryImageOfPage\":{\"@id\":\"https:\\\/\\\/www.bellunopress.it\\\/2020\\\/08\\\/30\\\/aggiornamento-ulss-dolomiti-summer-party-cortina-confermata-la-totale-negativita-dei-tamponi-esaminati\\\/#primaryimage\"},\"image\":{\"@id\":\"https:\\\/\\\/www.bellunopress.it\\\/2020\\\/08\\\/30\\\/aggiornamento-ulss-dolomiti-summer-party-cortina-confermata-la-totale-negativita-dei-tamponi-esaminati\\\/#primaryimage\"},\"thumbnailUrl\":\"https:\\\/\\\/www.bellunopress.it\\\/wp-content\\\/uploads\\\/2020\\\/08\\\/cortina-tamponi-2_edited.jpg\",\"datePublished\":\"2020-08-30T14:48:42+00:00\",\"dateModified\":\"2020-08-30T14:58:00+00:00\",\"breadcrumb\":{\"@id\":\"https:\\\/\\\/www.bellunopress.it\\\/2020\\\/08\\\/30\\\/aggiornamento-ulss-dolomiti-summer-party-cortina-confermata-la-totale-negativita-dei-tamponi-esaminati\\\/#breadcrumb\"},\"inLanguage\":\"fr-FR\",\"potentialAction\":[{\"@type\":\"ReadAction\",\"target\":[\"https:\\\/\\\/www.bellunopress.it\\\/2020\\\/08\\\/30\\\/aggiornamento-ulss-dolomiti-summer-party-cortina-confermata-la-totale-negativita-dei-tamponi-esaminati\\\/\"]}]},{\"@type\":\"ImageObject\",\"inLanguage\":\"fr-FR\",\"@id\":\"https:\\\/\\\/www.bellunopress.it\\\/2020\\\/08\\\/30\\\/aggiornamento-ulss-dolomiti-summer-party-cortina-confermata-la-totale-negativita-dei-tamponi-esaminati\\\/#primaryimage\",\"url\":\"https:\\\/\\\/www.bellunopress.it\\\/wp-content\\\/uploads\\\/2020\\\/08\\\/cortina-tamponi-2_edited.jpg\",\"contentUrl\":\"https:\\\/\\\/www.bellunopress.it\\\/wp-content\\\/uploads\\\/2020\\\/08\\\/cortina-tamponi-2_edited.jpg\",\"width\":800,\"height\":600},{\"@type\":\"BreadcrumbList\",\"@id\":\"https:\\\/\\\/www.bellunopress.it\\\/2020\\\/08\\\/30\\\/aggiornamento-ulss-dolomiti-summer-party-cortina-confermata-la-totale-negativita-dei-tamponi-esaminati\\\/#breadcrumb\",\"itemListElement\":[{\"@type\":\"ListItem\",\"position\":1,\"name\":\"Home\",\"item\":\"https:\\\/\\\/www.bellunopress.it\\\/\"},{\"@type\":\"ListItem\",\"position\":2,\"name\":\"Aggiornamento Ulss Dolomiti. Summer Party Cortina, confermata la totale negativit\u00e0 dei tamponi esaminati\"}]},{\"@type\":\"WebSite\",\"@id\":\"https:\\\/\\\/www.bellunopress.it\\\/#website\",\"url\":\"https:\\\/\\\/www.bellunopress.it\\\/\",\"name\":\"Bellunopress - Dolomiti\",\"description\":\"e-mail: redazione@bellunopress.it\",\"publisher\":{\"@id\":\"https:\\\/\\\/www.bellunopress.it\\\/#organization\"},\"potentialAction\":[{\"@type\":\"SearchAction\",\"target\":{\"@type\":\"EntryPoint\",\"urlTemplate\":\"https:\\\/\\\/www.bellunopress.it\\\/?s={search_term_string}\"},\"query-input\":{\"@type\":\"PropertyValueSpecification\",\"valueRequired\":true,\"valueName\":\"search_term_string\"}}],\"inLanguage\":\"fr-FR\"},{\"@type\":\"Organization\",\"@id\":\"https:\\\/\\\/www.bellunopress.it\\\/#organization\",\"name\":\"Bellunopress\",\"url\":\"https:\\\/\\\/www.bellunopress.it\\\/\",\"logo\":{\"@type\":\"ImageObject\",\"inLanguage\":\"fr-FR\",\"@id\":\"https:\\\/\\\/www.bellunopress.it\\\/#\\\/schema\\\/logo\\\/image\\\/\",\"url\":\"https:\\\/\\\/www.bellunopress.it\\\/wp-content\\\/uploads\\\/2011\\\/05\\\/cropped-logo-bellunopress-.jpg\",\"contentUrl\":\"https:\\\/\\\/www.bellunopress.it\\\/wp-content\\\/uploads\\\/2011\\\/05\\\/cropped-logo-bellunopress-.jpg\",\"width\":512,\"height\":512,\"caption\":\"Bellunopress\"},\"image\":{\"@id\":\"https:\\\/\\\/www.bellunopress.it\\\/#\\\/schema\\\/logo\\\/image\\\/\"},\"sameAs\":[\"https:\\\/\\\/www.facebook.com\\\/profile.php?id=100008943462799\",\"https:\\\/\\\/x.com\\\/bellunopress\",\"https:\\\/\\\/www.linkedin.com\\\/hp\\\/?dnr=JBzUWaJfMUw8vbXJJ2tVW5-I3jZKvC4wsoxE&amp;amp;amp;amp;amp;amp;trk=nav_responsive_tab_home\",\"https:\\\/\\\/www.youtube.com\\\/channel\\\/UCxL0wu1uN0_3_7hGG0306cw\"]},{\"@type\":\"Person\",\"@id\":\"https:\\\/\\\/www.bellunopress.it\\\/#\\\/schema\\\/person\\\/79bb06722b37ece1c03d3e94beb30d73\",\"name\":\"redazione\",\"image\":{\"@type\":\"ImageObject\",\"inLanguage\":\"fr-FR\",\"@id\":\"https:\\\/\\\/secure.gravatar.com\\\/avatar\\\/37d968a2e67a6fd04c169c4bdef102d0bc5d31b2546345219e348575eb80e9a0?s=96&d=mm&r=g\",\"url\":\"https:\\\/\\\/secure.gravatar.com\\\/avatar\\\/37d968a2e67a6fd04c169c4bdef102d0bc5d31b2546345219e348575eb80e9a0?s=96&d=mm&r=g\",\"contentUrl\":\"https:\\\/\\\/secure.gravatar.com\\\/avatar\\\/37d968a2e67a6fd04c169c4bdef102d0bc5d31b2546345219e348575eb80e9a0?s=96&d=mm&r=g\",\"caption\":\"redazione\"},\"sameAs\":[\"http:\\\/\\\/www.bellunopress.it\",\"https:\\\/\\\/x.com\\\/bellunopress\"],\"url\":\"https:\\\/\\\/www.bellunopress.it\\\/fr\\\/author\\\/redazione\\\/\"}]}<\/script>\n<!-- \/ Yoast SEO plugin. -->","yoast_head_json":{"title":"Aggiornamento Ulss Dolomiti. Summer Party Cortina, confermata la totale negativit\u00e0 dei tamponi esaminati - Bellunopress - Dolomiti","robots":{"index":"index","follow":"follow","max-snippet":"max-snippet:-1","max-image-preview":"max-image-preview:large","max-video-preview":"max-video-preview:-1"},"canonical":"https:\/\/www.bellunopress.it\/fr\/2020\/08\/30\/aggiornamento-ulss-dolomiti-summer-party-cortina-confermata-la-totale-negativita-dei-tamponi-esaminati\/","og_locale":"fr_FR","og_type":"article","og_title":"Aggiornamento Ulss Dolomiti. Summer Party Cortina, confermata la totale negativit\u00e0 dei tamponi esaminati - Bellunopress - Dolomiti","og_description":"Belluno, 30 agosto 2020 &#8211; Si \u00e8 conclusa l\u2019operazione \u201cSummer party Cortina\u201d con conferma definitiva della totale negativit\u00e0 dei soggetti sottoposti a tampone nel pomeriggio-sera di venerd\u00ec scorso. Le ultime 24 ore di lavoro laboratoristico hanno messo in evidenza le seguenti tre nuove positivit\u00e0: \u2022 Giovane donna gi\u00e0 isolata per sintomatologia simil covid; \u2022 Ragazzo [&hellip;]","og_url":"https:\/\/www.bellunopress.it\/fr\/2020\/08\/30\/aggiornamento-ulss-dolomiti-summer-party-cortina-confermata-la-totale-negativita-dei-tamponi-esaminati\/","og_site_name":"Bellunopress - Dolomiti","article_publisher":"https:\/\/www.facebook.com\/profile.php?id=100008943462799","article_published_time":"2020-08-30T14:48:42+00:00","article_modified_time":"2020-08-30T14:58:00+00:00","og_image":[{"width":800,"height":600,"url":"https:\/\/www.bellunopress.it\/wp-content\/uploads\/2020\/08\/cortina-tamponi-2_edited.jpg","type":"image\/jpeg"}],"author":"redazione","twitter_card":"summary_large_image","twitter_creator":"@bellunopress","twitter_site":"@bellunopress","twitter_misc":{"\u00c9crit par":"redazione","Dur\u00e9e de lecture estim\u00e9e":"1 minute"},"schema":{"@context":"https:\/\/schema.org","@graph":[{"@type":"Article","@id":"https:\/\/www.bellunopress.it\/2020\/08\/30\/aggiornamento-ulss-dolomiti-summer-party-cortina-confermata-la-totale-negativita-dei-tamponi-esaminati\/#article","isPartOf":{"@id":"https:\/\/www.bellunopress.it\/2020\/08\/30\/aggiornamento-ulss-dolomiti-summer-party-cortina-confermata-la-totale-negativita-dei-tamponi-esaminati\/"},"author":{"name":"redazione","@id":"https:\/\/www.bellunopress.it\/#\/schema\/person\/79bb06722b37ece1c03d3e94beb30d73"},"headline":"Aggiornamento Ulss Dolomiti. Summer Party Cortina, confermata la totale negativit\u00e0 dei tamponi esaminati","datePublished":"2020-08-30T14:48:42+00:00","dateModified":"2020-08-30T14:58:00+00:00","mainEntityOfPage":{"@id":"https:\/\/www.bellunopress.it\/2020\/08\/30\/aggiornamento-ulss-dolomiti-summer-party-cortina-confermata-la-totale-negativita-dei-tamponi-esaminati\/"},"wordCount":228,"publisher":{"@id":"https:\/\/www.bellunopress.it\/#organization"},"image":{"@id":"https:\/\/www.bellunopress.it\/2020\/08\/30\/aggiornamento-ulss-dolomiti-summer-party-cortina-confermata-la-totale-negativita-dei-tamponi-esaminati\/#primaryimage"},"thumbnailUrl":"https:\/\/www.bellunopress.it\/wp-content\/uploads\/2020\/08\/cortina-tamponi-2_edited.jpg","articleSection":["Sanit\u00e0 Medicina"],"inLanguage":"fr-FR"},{"@type":"WebPage","@id":"https:\/\/www.bellunopress.it\/2020\/08\/30\/aggiornamento-ulss-dolomiti-summer-party-cortina-confermata-la-totale-negativita-dei-tamponi-esaminati\/","url":"https:\/\/www.bellunopress.it\/2020\/08\/30\/aggiornamento-ulss-dolomiti-summer-party-cortina-confermata-la-totale-negativita-dei-tamponi-esaminati\/","name":"Aggiornamento Ulss Dolomiti. Summer Party Cortina, confermata la totale negativit\u00e0 dei tamponi esaminati - Bellunopress - Dolomiti","isPartOf":{"@id":"https:\/\/www.bellunopress.it\/#website"},"primaryImageOfPage":{"@id":"https:\/\/www.bellunopress.it\/2020\/08\/30\/aggiornamento-ulss-dolomiti-summer-party-cortina-confermata-la-totale-negativita-dei-tamponi-esaminati\/#primaryimage"},"image":{"@id":"https:\/\/www.bellunopress.it\/2020\/08\/30\/aggiornamento-ulss-dolomiti-summer-party-cortina-confermata-la-totale-negativita-dei-tamponi-esaminati\/#primaryimage"},"thumbnailUrl":"https:\/\/www.bellunopress.it\/wp-content\/uploads\/2020\/08\/cortina-tamponi-2_edited.jpg","datePublished":"2020-08-30T14:48:42+00:00","dateModified":"2020-08-30T14:58:00+00:00","breadcrumb":{"@id":"https:\/\/www.bellunopress.it\/2020\/08\/30\/aggiornamento-ulss-dolomiti-summer-party-cortina-confermata-la-totale-negativita-dei-tamponi-esaminati\/#breadcrumb"},"inLanguage":"fr-FR","potentialAction":[{"@type":"ReadAction","target":["https:\/\/www.bellunopress.it\/2020\/08\/30\/aggiornamento-ulss-dolomiti-summer-party-cortina-confermata-la-totale-negativita-dei-tamponi-esaminati\/"]}]},{"@type":"ImageObject","inLanguage":"fr-FR","@id":"https:\/\/www.bellunopress.it\/2020\/08\/30\/aggiornamento-ulss-dolomiti-summer-party-cortina-confermata-la-totale-negativita-dei-tamponi-esaminati\/#primaryimage","url":"https:\/\/www.bellunopress.it\/wp-content\/uploads\/2020\/08\/cortina-tamponi-2_edited.jpg","contentUrl":"https:\/\/www.bellunopress.it\/wp-content\/uploads\/2020\/08\/cortina-tamponi-2_edited.jpg","width":800,"height":600},{"@type":"BreadcrumbList","@id":"https:\/\/www.bellunopress.it\/2020\/08\/30\/aggiornamento-ulss-dolomiti-summer-party-cortina-confermata-la-totale-negativita-dei-tamponi-esaminati\/#breadcrumb","itemListElement":[{"@type":"ListItem","position":1,"name":"Home","item":"https:\/\/www.bellunopress.it\/"},{"@type":"ListItem","position":2,"name":"Aggiornamento Ulss Dolomiti. Summer Party Cortina, confermata la totale negativit\u00e0 dei tamponi esaminati"}]},{"@type":"WebSite","@id":"https:\/\/www.bellunopress.it\/#website","url":"https:\/\/www.bellunopress.it\/","name":"Bellunopress - Dolomiti","description":"e-mail: redazione@bellunopress.it","publisher":{"@id":"https:\/\/www.bellunopress.it\/#organization"},"potentialAction":[{"@type":"SearchAction","target":{"@type":"EntryPoint","urlTemplate":"https:\/\/www.bellunopress.it\/?s={search_term_string}"},"query-input":{"@type":"PropertyValueSpecification","valueRequired":true,"valueName":"search_term_string"}}],"inLanguage":"fr-FR"},{"@type":"Organization","@id":"https:\/\/www.bellunopress.it\/#organization","name":"Bellunopress","url":"https:\/\/www.bellunopress.it\/","logo":{"@type":"ImageObject","inLanguage":"fr-FR","@id":"https:\/\/www.bellunopress.it\/#\/schema\/logo\/image\/","url":"https:\/\/www.bellunopress.it\/wp-content\/uploads\/2011\/05\/cropped-logo-bellunopress-.jpg","contentUrl":"https:\/\/www.bellunopress.it\/wp-content\/uploads\/2011\/05\/cropped-logo-bellunopress-.jpg","width":512,"height":512,"caption":"Bellunopress"},"image":{"@id":"https:\/\/www.bellunopress.it\/#\/schema\/logo\/image\/"},"sameAs":["https:\/\/www.facebook.com\/profile.php?id=100008943462799","https:\/\/x.com\/bellunopress","https:\/\/www.linkedin.com\/hp\/?dnr=JBzUWaJfMUw8vbXJJ2tVW5-I3jZKvC4wsoxE&amp;amp;amp;amp;amp;amp;trk=nav_responsive_tab_home","https:\/\/www.youtube.com\/channel\/UCxL0wu1uN0_3_7hGG0306cw"]},{"@type":"Person","@id":"https:\/\/www.bellunopress.it\/#\/schema\/person\/79bb06722b37ece1c03d3e94beb30d73","name":"r\u00e9daction","image":{"@type":"ImageObject","inLanguage":"fr-FR","@id":"https:\/\/secure.gravatar.com\/avatar\/37d968a2e67a6fd04c169c4bdef102d0bc5d31b2546345219e348575eb80e9a0?s=96&d=mm&r=g","url":"https:\/\/secure.gravatar.com\/avatar\/37d968a2e67a6fd04c169c4bdef102d0bc5d31b2546345219e348575eb80e9a0?s=96&d=mm&r=g","contentUrl":"https:\/\/secure.gravatar.com\/avatar\/37d968a2e67a6fd04c169c4bdef102d0bc5d31b2546345219e348575eb80e9a0?s=96&d=mm&r=g","caption":"redazione"},"sameAs":["http:\/\/www.bellunopress.it","https:\/\/x.com\/bellunopress"],"url":"https:\/\/www.bellunopress.it\/fr\/author\/redazione\/"}]}},"_links":{"self":[{"href":"https:\/\/www.bellunopress.it\/fr\/wp-json\/wp\/v2\/posts\/117172","targetHints":{"allow":["GET"]}}],"collection":[{"href":"https:\/\/www.bellunopress.it\/fr\/wp-json\/wp\/v2\/posts"}],"about":[{"href":"https:\/\/www.bellunopress.it\/fr\/wp-json\/wp\/v2\/types\/post"}],"author":[{"embeddable":true,"href":"https:\/\/www.bellunopress.it\/fr\/wp-json\/wp\/v2\/users\/2"}],"replies":[{"embeddable":true,"href":"https:\/\/www.bellunopress.it\/fr\/wp-json\/wp\/v2\/comments?post=117172"}],"version-history":[{"count":2,"href":"https:\/\/www.bellunopress.it\/fr\/wp-json\/wp\/v2\/posts\/117172\/revisions"}],"predecessor-version":[{"id":117176,"href":"https:\/\/www.bellunopress.it\/fr\/wp-json\/wp\/v2\/posts\/117172\/revisions\/117176"}],"wp:featuredmedia":[{"embeddable":true,"href":"https:\/\/www.bellunopress.it\/fr\/wp-json\/wp\/v2\/media\/117119"}],"wp:attachment":[{"href":"https:\/\/www.bellunopress.it\/fr\/wp-json\/wp\/v2\/media?parent=117172"}],"wp:term":[{"taxonomy":"category","embeddable":true,"href":"https:\/\/www.bellunopress.it\/fr\/wp-json\/wp\/v2\/categories?post=117172"},{"taxonomy":"post_tag","embeddable":true,"href":"https:\/\/www.bellunopress.it\/fr\/wp-json\/wp\/v2\/tags?post=117172"}],"curies":[{"name":"wp","href":"https:\/\/api.w.org\/{rel}","templated":true}]}}