{"id":117162,"date":"2020-08-29T23:02:56","date_gmt":"2020-08-29T21:02:56","guid":{"rendered":"http:\/\/www.bellunopress.it\/?p=117162"},"modified":"2020-08-29T23:02:56","modified_gmt":"2020-08-29T21:02:56","slug":"maltempo-in-veneto-aggiornamento-ore-22-dei-vigili-del-fuoco","status":"publish","type":"post","link":"https:\/\/www.bellunopress.it\/fr\/2020\/08\/29\/maltempo-in-veneto-aggiornamento-ore-22-dei-vigili-del-fuoco\/","title":{"rendered":"Maltempo in Veneto. Aggiornamento ore 22 dei vigili del fuoco"},"content":{"rendered":"<p><a href=\"http:\/\/www.bellunopress.it\/fr\/2020\/08\/29\/maltempo-il-consigliere-provinciale-bortoluzzi-invita-ad-evitare-gli-spostamenti\/maltempo-vigili-del-fuoco_edited\/\" rel=\"attachment wp-att-117150\"><img loading=\"lazy\" decoding=\"async\" class=\"alignleft size-full wp-image-117150\" src=\"http:\/\/www.bellunopress.it\/wp-content\/uploads\/2020\/08\/maltempo-vigili-del-fuoco_edited.jpg\" alt=\"\" width=\"800\" height=\"600\" srcset=\"https:\/\/www.bellunopress.it\/wp-content\/uploads\/2020\/08\/maltempo-vigili-del-fuoco_edited.jpg 800w, https:\/\/www.bellunopress.it\/wp-content\/uploads\/2020\/08\/maltempo-vigili-del-fuoco_edited-500x375.jpg 500w, https:\/\/www.bellunopress.it\/wp-content\/uploads\/2020\/08\/maltempo-vigili-del-fuoco_edited-696x522.jpg 696w, https:\/\/www.bellunopress.it\/wp-content\/uploads\/2020\/08\/maltempo-vigili-del-fuoco_edited-560x420.jpg 560w, https:\/\/www.bellunopress.it\/wp-content\/uploads\/2020\/08\/maltempo-vigili-del-fuoco_edited-80x60.jpg 80w, https:\/\/www.bellunopress.it\/wp-content\/uploads\/2020\/08\/maltempo-vigili-del-fuoco_edited-265x198.jpg 265w\" sizes=\"auto, (max-width: 800px) 100vw, 800px\" \/><\/a>29 agosto 2020 &#8211;\u00a0Sono oltre 600 le richieste d\u2019intervento arrivate alle sale operative dei vigili del fuoco per la nuova ondata di maltempo che nel pomeriggio ha colpito il Veneto, in particolar modo la provincia di Vicenza e Verona, ma interessando anche Treviso, Belluno e Padova. Il dispositivo di soccorso \u00e8 stato rinforzato con il richiamo di personale libero dal servizio e l\u2019impiego di squadre dei comandi limitrofi non interessati dal maltempo.<\/p>\n<p><strong>Belluno:<\/strong> 41 interventi gi\u00e0 eseguiti dai vigili del fuoco, 16 in attesa. Operazioni di soccorso per frane smottamenti, allagamenti rimozione piante ed elementi pericolanti. Comuni maggiormente interessati: Feltre, Quero, Feltre, Pieve D&#8217;Alpago, San Vito di Cadore, Auronzo di Cadore, Cortina d&#8217;Ampezzo, Borgo San Nicol\u00f2, Belluno, Limana, Borca di Cadore, Comelico, Agordo, Se dico, Sospirolo, Falcade, ponte nelle Alpi, Cesio Maggiore.<\/p>\n<p><strong>Vicenza<\/strong>, eseguiti dalle 15:30, eseguiti dalle 15:30, 51 interventi eseguiti, 167 in attesa. Particolarmente colpita dal maltempo la citt\u00e0 di Arzignano e Trissino con forti raffiche di vento, che hanno provocato la caduta di alberi, cartelloni stradali, antenne che hanno bloccato le strade e lo scoperchiamento di decine e decine di abitazioni e aziende. Al momento stanno operando 10 squadre con l\u2019utilizzo di 6 autoscale arrivate dai comandi limitrofi per coprire i tetti scoperchiati. Comuni interessati dal maltempo: isola Vicentina, Pianezze, Marostica, Montecchio Precalcino, Castelgomberto, Chiampo, Villaverla, Thiene, Valli del Pasubio, Montorso, Bassano del Grappa, Monte di Malo.<\/p>\n<p><strong>Verona<\/strong>, continuazione ininterrotta delle squadre dei vigili del fuoco per il maltempo. Eseguiti nella giornata odierna 67 interventi di soccorso in attesa 167 chiamate, per alberi pericolanti, allagamenti, rimozione elementi pericolanti. Comuni interessati dal nubifragio nella giornata odierna: Verona, Trevenzuolo, Tregnago, Casalina, Montecchia di Crosara, Ronc\u00e0, Soave, Colognola ai Colli, Caldiero, Zevio, San Pietro in Cariano, Caldiero, Cazzano di Tramigna, San Martino Buon Albergo, Lavagno, Illasi, San Giovanni Lupatoto.<\/p>\n<p><strong>Treviso<\/strong>: 16 interventi gi\u00e0 eseguiti dai vigili del fuoco per il maltempo che dal tardo pomeriggio ha interessato anche la provincia di Treviso. Rimangono in attesa 66 richieste per allagamenti rimozione rami piante e verifiche statiche. Comuni maggiormente colpiti: Vittorio Veneto, Conegliano, Paese, Cison Valmarino, Refrontolo, Farra di Soligo, Cordignano, Treviso, Fregona, Montebelluna, San Zenone degli Ezzelini, Pieve di Soligo.<\/p>\n<p><strong>Padova<\/strong>: 44 interventi gi\u00e0 eseguiti dai vigili del fuoco e 5 in corso di svolgimento per il taglio di piante la rimozione di elementi pericolanti e allagamenti. Comuni interessati: Este, Merlara, Fontaniva, Castelbaldo, San Piero in Gu, Cittadella, Teolo, Rovolon, Saccolongo, Conselve, Ospedaletto Euganeo, Carceri.<\/p>","protected":false},"excerpt":{"rendered":"<p>29 agosto 2020 &#8211;\u00a0Sono oltre 600 le richieste d\u2019intervento arrivate alle sale operative dei vigili del fuoco per la nuova ondata di maltempo che nel pomeriggio ha colpito il Veneto, in particolar modo la provincia di Vicenza e Verona, ma interessando anche Treviso, Belluno e Padova. Il dispositivo di soccorso \u00e8 stato rinforzato con il [&hellip;]<\/p>\n","protected":false},"author":2,"featured_media":117150,"comment_status":"closed","ping_status":"open","sticky":false,"template":"","format":"standard","meta":{"footnotes":""},"categories":[5,26],"tags":[],"class_list":["post-117162","post","type-post","status-publish","format-standard","has-post-thumbnail","category-cronaca","category-prima-pagina"],"yoast_head":"<!-- This site is optimized with the Yoast SEO plugin v28.4 - https:\/\/yoast.com\/product\/yoast-seo-wordpress\/ -->\n<title>Maltempo in Veneto. Aggiornamento ore 22 dei vigili del fuoco - Bellunopress - Dolomiti<\/title>\n<meta name=\"robots\" content=\"index, follow, max-snippet:-1, max-image-preview:large, max-video-preview:-1\" \/>\n<link rel=\"canonical\" href=\"https:\/\/www.bellunopress.it\/fr\/2020\/08\/29\/maltempo-in-veneto-aggiornamento-ore-22-dei-vigili-del-fuoco\/\" \/>\n<meta property=\"og:locale\" content=\"fr_FR\" \/>\n<meta property=\"og:type\" content=\"article\" \/>\n<meta property=\"og:title\" content=\"Maltempo in Veneto. Aggiornamento ore 22 dei vigili del fuoco - Bellunopress - Dolomiti\" \/>\n<meta property=\"og:description\" content=\"29 agosto 2020 &#8211;\u00a0Sono oltre 600 le richieste d\u2019intervento arrivate alle sale operative dei vigili del fuoco per la nuova ondata di maltempo che nel pomeriggio ha colpito il Veneto, in particolar modo la provincia di Vicenza e Verona, ma interessando anche Treviso, Belluno e Padova. Il dispositivo di soccorso \u00e8 stato rinforzato con il [&hellip;]\" \/>\n<meta property=\"og:url\" content=\"https:\/\/www.bellunopress.it\/fr\/2020\/08\/29\/maltempo-in-veneto-aggiornamento-ore-22-dei-vigili-del-fuoco\/\" \/>\n<meta property=\"og:site_name\" content=\"Bellunopress - Dolomiti\" \/>\n<meta property=\"article:publisher\" content=\"https:\/\/www.facebook.com\/profile.php?id=100008943462799\" \/>\n<meta property=\"article:published_time\" content=\"2020-08-29T21:02:56+00:00\" \/>\n<meta property=\"og:image\" content=\"https:\/\/www.bellunopress.it\/wp-content\/uploads\/2020\/08\/maltempo-vigili-del-fuoco_edited.jpg\" \/>\n\t<meta property=\"og:image:width\" content=\"800\" \/>\n\t<meta property=\"og:image:height\" content=\"600\" \/>\n\t<meta property=\"og:image:type\" content=\"image\/jpeg\" \/>\n<meta name=\"author\" content=\"redazione\" \/>\n<meta name=\"twitter:card\" content=\"summary_large_image\" \/>\n<meta name=\"twitter:creator\" content=\"@bellunopress\" \/>\n<meta name=\"twitter:site\" content=\"@bellunopress\" \/>\n<meta name=\"twitter:label1\" content=\"\u00c9crit par\" \/>\n\t<meta name=\"twitter:data1\" content=\"redazione\" \/>\n\t<meta name=\"twitter:label2\" content=\"Dur\u00e9e de lecture estim\u00e9e\" \/>\n\t<meta name=\"twitter:data2\" content=\"2 minutes\" \/>\n<script type=\"application\/ld+json\" class=\"yoast-schema-graph\">{\"@context\":\"https:\\\/\\\/schema.org\",\"@graph\":[{\"@type\":\"Article\",\"@id\":\"https:\\\/\\\/www.bellunopress.it\\\/2020\\\/08\\\/29\\\/maltempo-in-veneto-aggiornamento-ore-22-dei-vigili-del-fuoco\\\/#article\",\"isPartOf\":{\"@id\":\"https:\\\/\\\/www.bellunopress.it\\\/2020\\\/08\\\/29\\\/maltempo-in-veneto-aggiornamento-ore-22-dei-vigili-del-fuoco\\\/\"},\"author\":{\"name\":\"redazione\",\"@id\":\"https:\\\/\\\/www.bellunopress.it\\\/#\\\/schema\\\/person\\\/79bb06722b37ece1c03d3e94beb30d73\"},\"headline\":\"Maltempo in Veneto. Aggiornamento ore 22 dei vigili del fuoco\",\"datePublished\":\"2020-08-29T21:02:56+00:00\",\"mainEntityOfPage\":{\"@id\":\"https:\\\/\\\/www.bellunopress.it\\\/2020\\\/08\\\/29\\\/maltempo-in-veneto-aggiornamento-ore-22-dei-vigili-del-fuoco\\\/\"},\"wordCount\":401,\"publisher\":{\"@id\":\"https:\\\/\\\/www.bellunopress.it\\\/#organization\"},\"image\":{\"@id\":\"https:\\\/\\\/www.bellunopress.it\\\/2020\\\/08\\\/29\\\/maltempo-in-veneto-aggiornamento-ore-22-dei-vigili-del-fuoco\\\/#primaryimage\"},\"thumbnailUrl\":\"https:\\\/\\\/www.bellunopress.it\\\/wp-content\\\/uploads\\\/2020\\\/08\\\/maltempo-vigili-del-fuoco_edited.jpg\",\"articleSection\":[\"Cronaca\\\/Politica\",\"Prima Pagina\"],\"inLanguage\":\"fr-FR\"},{\"@type\":\"WebPage\",\"@id\":\"https:\\\/\\\/www.bellunopress.it\\\/2020\\\/08\\\/29\\\/maltempo-in-veneto-aggiornamento-ore-22-dei-vigili-del-fuoco\\\/\",\"url\":\"https:\\\/\\\/www.bellunopress.it\\\/2020\\\/08\\\/29\\\/maltempo-in-veneto-aggiornamento-ore-22-dei-vigili-del-fuoco\\\/\",\"name\":\"Maltempo in Veneto. Aggiornamento ore 22 dei vigili del fuoco - Bellunopress - Dolomiti\",\"isPartOf\":{\"@id\":\"https:\\\/\\\/www.bellunopress.it\\\/#website\"},\"primaryImageOfPage\":{\"@id\":\"https:\\\/\\\/www.bellunopress.it\\\/2020\\\/08\\\/29\\\/maltempo-in-veneto-aggiornamento-ore-22-dei-vigili-del-fuoco\\\/#primaryimage\"},\"image\":{\"@id\":\"https:\\\/\\\/www.bellunopress.it\\\/2020\\\/08\\\/29\\\/maltempo-in-veneto-aggiornamento-ore-22-dei-vigili-del-fuoco\\\/#primaryimage\"},\"thumbnailUrl\":\"https:\\\/\\\/www.bellunopress.it\\\/wp-content\\\/uploads\\\/2020\\\/08\\\/maltempo-vigili-del-fuoco_edited.jpg\",\"datePublished\":\"2020-08-29T21:02:56+00:00\",\"breadcrumb\":{\"@id\":\"https:\\\/\\\/www.bellunopress.it\\\/2020\\\/08\\\/29\\\/maltempo-in-veneto-aggiornamento-ore-22-dei-vigili-del-fuoco\\\/#breadcrumb\"},\"inLanguage\":\"fr-FR\",\"potentialAction\":[{\"@type\":\"ReadAction\",\"target\":[\"https:\\\/\\\/www.bellunopress.it\\\/2020\\\/08\\\/29\\\/maltempo-in-veneto-aggiornamento-ore-22-dei-vigili-del-fuoco\\\/\"]}]},{\"@type\":\"ImageObject\",\"inLanguage\":\"fr-FR\",\"@id\":\"https:\\\/\\\/www.bellunopress.it\\\/2020\\\/08\\\/29\\\/maltempo-in-veneto-aggiornamento-ore-22-dei-vigili-del-fuoco\\\/#primaryimage\",\"url\":\"https:\\\/\\\/www.bellunopress.it\\\/wp-content\\\/uploads\\\/2020\\\/08\\\/maltempo-vigili-del-fuoco_edited.jpg\",\"contentUrl\":\"https:\\\/\\\/www.bellunopress.it\\\/wp-content\\\/uploads\\\/2020\\\/08\\\/maltempo-vigili-del-fuoco_edited.jpg\",\"width\":800,\"height\":600},{\"@type\":\"BreadcrumbList\",\"@id\":\"https:\\\/\\\/www.bellunopress.it\\\/2020\\\/08\\\/29\\\/maltempo-in-veneto-aggiornamento-ore-22-dei-vigili-del-fuoco\\\/#breadcrumb\",\"itemListElement\":[{\"@type\":\"ListItem\",\"position\":1,\"name\":\"Home\",\"item\":\"https:\\\/\\\/www.bellunopress.it\\\/\"},{\"@type\":\"ListItem\",\"position\":2,\"name\":\"Maltempo in Veneto. Aggiornamento ore 22 dei vigili del fuoco\"}]},{\"@type\":\"WebSite\",\"@id\":\"https:\\\/\\\/www.bellunopress.it\\\/#website\",\"url\":\"https:\\\/\\\/www.bellunopress.it\\\/\",\"name\":\"Bellunopress - Dolomiti\",\"description\":\"e-mail: redazione@bellunopress.it\",\"publisher\":{\"@id\":\"https:\\\/\\\/www.bellunopress.it\\\/#organization\"},\"potentialAction\":[{\"@type\":\"SearchAction\",\"target\":{\"@type\":\"EntryPoint\",\"urlTemplate\":\"https:\\\/\\\/www.bellunopress.it\\\/?s={search_term_string}\"},\"query-input\":{\"@type\":\"PropertyValueSpecification\",\"valueRequired\":true,\"valueName\":\"search_term_string\"}}],\"inLanguage\":\"fr-FR\"},{\"@type\":\"Organization\",\"@id\":\"https:\\\/\\\/www.bellunopress.it\\\/#organization\",\"name\":\"Bellunopress\",\"url\":\"https:\\\/\\\/www.bellunopress.it\\\/\",\"logo\":{\"@type\":\"ImageObject\",\"inLanguage\":\"fr-FR\",\"@id\":\"https:\\\/\\\/www.bellunopress.it\\\/#\\\/schema\\\/logo\\\/image\\\/\",\"url\":\"https:\\\/\\\/www.bellunopress.it\\\/wp-content\\\/uploads\\\/2011\\\/05\\\/cropped-logo-bellunopress-.jpg\",\"contentUrl\":\"https:\\\/\\\/www.bellunopress.it\\\/wp-content\\\/uploads\\\/2011\\\/05\\\/cropped-logo-bellunopress-.jpg\",\"width\":512,\"height\":512,\"caption\":\"Bellunopress\"},\"image\":{\"@id\":\"https:\\\/\\\/www.bellunopress.it\\\/#\\\/schema\\\/logo\\\/image\\\/\"},\"sameAs\":[\"https:\\\/\\\/www.facebook.com\\\/profile.php?id=100008943462799\",\"https:\\\/\\\/x.com\\\/bellunopress\",\"https:\\\/\\\/www.linkedin.com\\\/hp\\\/?dnr=JBzUWaJfMUw8vbXJJ2tVW5-I3jZKvC4wsoxE&amp;amp;amp;amp;amp;amp;trk=nav_responsive_tab_home\",\"https:\\\/\\\/www.youtube.com\\\/channel\\\/UCxL0wu1uN0_3_7hGG0306cw\"]},{\"@type\":\"Person\",\"@id\":\"https:\\\/\\\/www.bellunopress.it\\\/#\\\/schema\\\/person\\\/79bb06722b37ece1c03d3e94beb30d73\",\"name\":\"redazione\",\"image\":{\"@type\":\"ImageObject\",\"inLanguage\":\"fr-FR\",\"@id\":\"https:\\\/\\\/secure.gravatar.com\\\/avatar\\\/37d968a2e67a6fd04c169c4bdef102d0bc5d31b2546345219e348575eb80e9a0?s=96&d=mm&r=g\",\"url\":\"https:\\\/\\\/secure.gravatar.com\\\/avatar\\\/37d968a2e67a6fd04c169c4bdef102d0bc5d31b2546345219e348575eb80e9a0?s=96&d=mm&r=g\",\"contentUrl\":\"https:\\\/\\\/secure.gravatar.com\\\/avatar\\\/37d968a2e67a6fd04c169c4bdef102d0bc5d31b2546345219e348575eb80e9a0?s=96&d=mm&r=g\",\"caption\":\"redazione\"},\"sameAs\":[\"http:\\\/\\\/www.bellunopress.it\",\"https:\\\/\\\/x.com\\\/bellunopress\"],\"url\":\"https:\\\/\\\/www.bellunopress.it\\\/fr\\\/author\\\/redazione\\\/\"}]}<\/script>\n<!-- \/ Yoast SEO plugin. -->","yoast_head_json":{"title":"Maltempo in Veneto. Aggiornamento ore 22 dei vigili del fuoco - Bellunopress - Dolomiti","robots":{"index":"index","follow":"follow","max-snippet":"max-snippet:-1","max-image-preview":"max-image-preview:large","max-video-preview":"max-video-preview:-1"},"canonical":"https:\/\/www.bellunopress.it\/fr\/2020\/08\/29\/maltempo-in-veneto-aggiornamento-ore-22-dei-vigili-del-fuoco\/","og_locale":"fr_FR","og_type":"article","og_title":"Maltempo in Veneto. Aggiornamento ore 22 dei vigili del fuoco - Bellunopress - Dolomiti","og_description":"29 agosto 2020 &#8211;\u00a0Sono oltre 600 le richieste d\u2019intervento arrivate alle sale operative dei vigili del fuoco per la nuova ondata di maltempo che nel pomeriggio ha colpito il Veneto, in particolar modo la provincia di Vicenza e Verona, ma interessando anche Treviso, Belluno e Padova. Il dispositivo di soccorso \u00e8 stato rinforzato con il [&hellip;]","og_url":"https:\/\/www.bellunopress.it\/fr\/2020\/08\/29\/maltempo-in-veneto-aggiornamento-ore-22-dei-vigili-del-fuoco\/","og_site_name":"Bellunopress - Dolomiti","article_publisher":"https:\/\/www.facebook.com\/profile.php?id=100008943462799","article_published_time":"2020-08-29T21:02:56+00:00","og_image":[{"width":800,"height":600,"url":"https:\/\/www.bellunopress.it\/wp-content\/uploads\/2020\/08\/maltempo-vigili-del-fuoco_edited.jpg","type":"image\/jpeg"}],"author":"redazione","twitter_card":"summary_large_image","twitter_creator":"@bellunopress","twitter_site":"@bellunopress","twitter_misc":{"\u00c9crit par":"redazione","Dur\u00e9e de lecture estim\u00e9e":"2 minutes"},"schema":{"@context":"https:\/\/schema.org","@graph":[{"@type":"Article","@id":"https:\/\/www.bellunopress.it\/2020\/08\/29\/maltempo-in-veneto-aggiornamento-ore-22-dei-vigili-del-fuoco\/#article","isPartOf":{"@id":"https:\/\/www.bellunopress.it\/2020\/08\/29\/maltempo-in-veneto-aggiornamento-ore-22-dei-vigili-del-fuoco\/"},"author":{"name":"redazione","@id":"https:\/\/www.bellunopress.it\/#\/schema\/person\/79bb06722b37ece1c03d3e94beb30d73"},"headline":"Maltempo in Veneto. Aggiornamento ore 22 dei vigili del fuoco","datePublished":"2020-08-29T21:02:56+00:00","mainEntityOfPage":{"@id":"https:\/\/www.bellunopress.it\/2020\/08\/29\/maltempo-in-veneto-aggiornamento-ore-22-dei-vigili-del-fuoco\/"},"wordCount":401,"publisher":{"@id":"https:\/\/www.bellunopress.it\/#organization"},"image":{"@id":"https:\/\/www.bellunopress.it\/2020\/08\/29\/maltempo-in-veneto-aggiornamento-ore-22-dei-vigili-del-fuoco\/#primaryimage"},"thumbnailUrl":"https:\/\/www.bellunopress.it\/wp-content\/uploads\/2020\/08\/maltempo-vigili-del-fuoco_edited.jpg","articleSection":["Cronaca\/Politica","Prima Pagina"],"inLanguage":"fr-FR"},{"@type":"WebPage","@id":"https:\/\/www.bellunopress.it\/2020\/08\/29\/maltempo-in-veneto-aggiornamento-ore-22-dei-vigili-del-fuoco\/","url":"https:\/\/www.bellunopress.it\/2020\/08\/29\/maltempo-in-veneto-aggiornamento-ore-22-dei-vigili-del-fuoco\/","name":"Maltempo in Veneto. Aggiornamento ore 22 dei vigili del fuoco - Bellunopress - Dolomiti","isPartOf":{"@id":"https:\/\/www.bellunopress.it\/#website"},"primaryImageOfPage":{"@id":"https:\/\/www.bellunopress.it\/2020\/08\/29\/maltempo-in-veneto-aggiornamento-ore-22-dei-vigili-del-fuoco\/#primaryimage"},"image":{"@id":"https:\/\/www.bellunopress.it\/2020\/08\/29\/maltempo-in-veneto-aggiornamento-ore-22-dei-vigili-del-fuoco\/#primaryimage"},"thumbnailUrl":"https:\/\/www.bellunopress.it\/wp-content\/uploads\/2020\/08\/maltempo-vigili-del-fuoco_edited.jpg","datePublished":"2020-08-29T21:02:56+00:00","breadcrumb":{"@id":"https:\/\/www.bellunopress.it\/2020\/08\/29\/maltempo-in-veneto-aggiornamento-ore-22-dei-vigili-del-fuoco\/#breadcrumb"},"inLanguage":"fr-FR","potentialAction":[{"@type":"ReadAction","target":["https:\/\/www.bellunopress.it\/2020\/08\/29\/maltempo-in-veneto-aggiornamento-ore-22-dei-vigili-del-fuoco\/"]}]},{"@type":"ImageObject","inLanguage":"fr-FR","@id":"https:\/\/www.bellunopress.it\/2020\/08\/29\/maltempo-in-veneto-aggiornamento-ore-22-dei-vigili-del-fuoco\/#primaryimage","url":"https:\/\/www.bellunopress.it\/wp-content\/uploads\/2020\/08\/maltempo-vigili-del-fuoco_edited.jpg","contentUrl":"https:\/\/www.bellunopress.it\/wp-content\/uploads\/2020\/08\/maltempo-vigili-del-fuoco_edited.jpg","width":800,"height":600},{"@type":"BreadcrumbList","@id":"https:\/\/www.bellunopress.it\/2020\/08\/29\/maltempo-in-veneto-aggiornamento-ore-22-dei-vigili-del-fuoco\/#breadcrumb","itemListElement":[{"@type":"ListItem","position":1,"name":"Home","item":"https:\/\/www.bellunopress.it\/"},{"@type":"ListItem","position":2,"name":"Maltempo in Veneto. Aggiornamento ore 22 dei vigili del fuoco"}]},{"@type":"WebSite","@id":"https:\/\/www.bellunopress.it\/#website","url":"https:\/\/www.bellunopress.it\/","name":"Bellunopress - Dolomiti","description":"e-mail: redazione@bellunopress.it","publisher":{"@id":"https:\/\/www.bellunopress.it\/#organization"},"potentialAction":[{"@type":"SearchAction","target":{"@type":"EntryPoint","urlTemplate":"https:\/\/www.bellunopress.it\/?s={search_term_string}"},"query-input":{"@type":"PropertyValueSpecification","valueRequired":true,"valueName":"search_term_string"}}],"inLanguage":"fr-FR"},{"@type":"Organization","@id":"https:\/\/www.bellunopress.it\/#organization","name":"Bellunopress","url":"https:\/\/www.bellunopress.it\/","logo":{"@type":"ImageObject","inLanguage":"fr-FR","@id":"https:\/\/www.bellunopress.it\/#\/schema\/logo\/image\/","url":"https:\/\/www.bellunopress.it\/wp-content\/uploads\/2011\/05\/cropped-logo-bellunopress-.jpg","contentUrl":"https:\/\/www.bellunopress.it\/wp-content\/uploads\/2011\/05\/cropped-logo-bellunopress-.jpg","width":512,"height":512,"caption":"Bellunopress"},"image":{"@id":"https:\/\/www.bellunopress.it\/#\/schema\/logo\/image\/"},"sameAs":["https:\/\/www.facebook.com\/profile.php?id=100008943462799","https:\/\/x.com\/bellunopress","https:\/\/www.linkedin.com\/hp\/?dnr=JBzUWaJfMUw8vbXJJ2tVW5-I3jZKvC4wsoxE&amp;amp;amp;amp;amp;amp;trk=nav_responsive_tab_home","https:\/\/www.youtube.com\/channel\/UCxL0wu1uN0_3_7hGG0306cw"]},{"@type":"Person","@id":"https:\/\/www.bellunopress.it\/#\/schema\/person\/79bb06722b37ece1c03d3e94beb30d73","name":"r\u00e9daction","image":{"@type":"ImageObject","inLanguage":"fr-FR","@id":"https:\/\/secure.gravatar.com\/avatar\/37d968a2e67a6fd04c169c4bdef102d0bc5d31b2546345219e348575eb80e9a0?s=96&d=mm&r=g","url":"https:\/\/secure.gravatar.com\/avatar\/37d968a2e67a6fd04c169c4bdef102d0bc5d31b2546345219e348575eb80e9a0?s=96&d=mm&r=g","contentUrl":"https:\/\/secure.gravatar.com\/avatar\/37d968a2e67a6fd04c169c4bdef102d0bc5d31b2546345219e348575eb80e9a0?s=96&d=mm&r=g","caption":"redazione"},"sameAs":["http:\/\/www.bellunopress.it","https:\/\/x.com\/bellunopress"],"url":"https:\/\/www.bellunopress.it\/fr\/author\/redazione\/"}]}},"_links":{"self":[{"href":"https:\/\/www.bellunopress.it\/fr\/wp-json\/wp\/v2\/posts\/117162","targetHints":{"allow":["GET"]}}],"collection":[{"href":"https:\/\/www.bellunopress.it\/fr\/wp-json\/wp\/v2\/posts"}],"about":[{"href":"https:\/\/www.bellunopress.it\/fr\/wp-json\/wp\/v2\/types\/post"}],"author":[{"embeddable":true,"href":"https:\/\/www.bellunopress.it\/fr\/wp-json\/wp\/v2\/users\/2"}],"replies":[{"embeddable":true,"href":"https:\/\/www.bellunopress.it\/fr\/wp-json\/wp\/v2\/comments?post=117162"}],"version-history":[{"count":1,"href":"https:\/\/www.bellunopress.it\/fr\/wp-json\/wp\/v2\/posts\/117162\/revisions"}],"predecessor-version":[{"id":117163,"href":"https:\/\/www.bellunopress.it\/fr\/wp-json\/wp\/v2\/posts\/117162\/revisions\/117163"}],"wp:featuredmedia":[{"embeddable":true,"href":"https:\/\/www.bellunopress.it\/fr\/wp-json\/wp\/v2\/media\/117150"}],"wp:attachment":[{"href":"https:\/\/www.bellunopress.it\/fr\/wp-json\/wp\/v2\/media?parent=117162"}],"wp:term":[{"taxonomy":"category","embeddable":true,"href":"https:\/\/www.bellunopress.it\/fr\/wp-json\/wp\/v2\/categories?post=117162"},{"taxonomy":"post_tag","embeddable":true,"href":"https:\/\/www.bellunopress.it\/fr\/wp-json\/wp\/v2\/tags?post=117162"}],"curies":[{"name":"wp","href":"https:\/\/api.w.org\/{rel}","templated":true}]}}