{"id":117157,"date":"2020-08-29T20:32:59","date_gmt":"2020-08-29T18:32:59","guid":{"rendered":"http:\/\/www.bellunopress.it\/?p=117157"},"modified":"2020-08-29T20:39:00","modified_gmt":"2020-08-29T18:39:00","slug":"maltempo-nel-feltrino-pioggia-abbondante-criticita-in-centro-con-qualche-allagamento-dei-seminterrati","status":"publish","type":"post","link":"https:\/\/www.bellunopress.it\/fr\/2020\/08\/29\/maltempo-nel-feltrino-pioggia-abbondante-criticita-in-centro-con-qualche-allagamento-dei-seminterrati\/","title":{"rendered":"Maltempo nel Feltrino. Pioggia abbondante, criticit\u00e0 in centro, con qualche allagamento dei seminterrati"},"content":{"rendered":"<p><a href=\"http:\/\/www.bellunopress.it\/fr\/2020\/08\/29\/maltempo-nel-feltrino-pioggia-abbondante-criticita-in-centro-con-qualche-allagamento-dei-seminterrati\/feltre-porta-imperiale-pioggia_edited\/\" rel=\"attachment wp-att-117158\"><img loading=\"lazy\" decoding=\"async\" class=\"alignleft size-full wp-image-117158\" src=\"http:\/\/www.bellunopress.it\/wp-content\/uploads\/2020\/08\/Feltre-Porta-Imperiale-pioggia_edited.jpg\" alt=\"\" width=\"282\" height=\"483\" srcset=\"https:\/\/www.bellunopress.it\/wp-content\/uploads\/2020\/08\/Feltre-Porta-Imperiale-pioggia_edited.jpg 282w, https:\/\/www.bellunopress.it\/wp-content\/uploads\/2020\/08\/Feltre-Porta-Imperiale-pioggia_edited-245x420.jpg 245w\" sizes=\"auto, (max-width: 282px) 100vw, 282px\" \/><\/a>Nel Feltrino vento e grandine sono stati meno violenti rispetto alle altre zone della provincia. L&#8217;invito, in ogni caso, \u00e8 quello di evitare gli spostamenti se non necessari.<\/p>\n<p>Dal pomeriggio, si \u00e8 abbattuta una pioggia molto intensa a tratti insistente con quantitativi molto abbondanti e conseguenti allagamenti di scantinati.<br \/>\nGli operai del comune sono sul territorio per monitorare la situazione che al momento \u00e8 sotto controllo.<br \/>\nAlcune criticit\u00e0 dovute all&#8217;acqua. Con pericolo di esondazione piccoli rii e qualche pianta e rami in strada sono segnalate nelle frazioni di Pren, Arson e a Villabruna.\u00a0 Qualche disagio anche in centro storico, dove nel pomeriggio si \u00e8 formato un piccolo rio in discesa lungo via Mezzaterra per la pioggia intensa. Comunque al momento la situazione \u00e8 sostanzialmente sotto controllo.<\/p>\n<p>Una colata di fango e detriti ha parzialmente invaso la carreggiata sulla Sinistra Piave in localit\u00e0 Caorera.<\/p>","protected":false},"excerpt":{"rendered":"<p>Nel Feltrino vento e grandine sono stati meno violenti rispetto alle altre zone della provincia. L&#8217;invito, in ogni caso, \u00e8 quello di evitare gli spostamenti se non necessari. Dal pomeriggio, si \u00e8 abbattuta una pioggia molto intensa a tratti insistente con quantitativi molto abbondanti e conseguenti allagamenti di scantinati. Gli operai del comune sono sul [&hellip;]<\/p>\n","protected":false},"author":2,"featured_media":117158,"comment_status":"closed","ping_status":"open","sticky":false,"template":"","format":"standard","meta":{"footnotes":""},"categories":[5,26],"tags":[],"class_list":["post-117157","post","type-post","status-publish","format-standard","has-post-thumbnail","category-cronaca","category-prima-pagina"],"yoast_head":"<!-- This site is optimized with the Yoast SEO plugin v28.4 - https:\/\/yoast.com\/product\/yoast-seo-wordpress\/ -->\n<title>Maltempo nel Feltrino. Pioggia abbondante, criticit\u00e0 in centro, con qualche allagamento dei seminterrati - Bellunopress - Dolomiti<\/title>\n<meta name=\"robots\" content=\"index, follow, max-snippet:-1, max-image-preview:large, max-video-preview:-1\" \/>\n<link rel=\"canonical\" href=\"https:\/\/www.bellunopress.it\/fr\/2020\/08\/29\/maltempo-nel-feltrino-pioggia-abbondante-criticita-in-centro-con-qualche-allagamento-dei-seminterrati\/\" \/>\n<meta property=\"og:locale\" content=\"fr_FR\" \/>\n<meta property=\"og:type\" content=\"article\" \/>\n<meta property=\"og:title\" content=\"Maltempo nel Feltrino. Pioggia abbondante, criticit\u00e0 in centro, con qualche allagamento dei seminterrati - Bellunopress - Dolomiti\" \/>\n<meta property=\"og:description\" content=\"Nel Feltrino vento e grandine sono stati meno violenti rispetto alle altre zone della provincia. L&#8217;invito, in ogni caso, \u00e8 quello di evitare gli spostamenti se non necessari. Dal pomeriggio, si \u00e8 abbattuta una pioggia molto intensa a tratti insistente con quantitativi molto abbondanti e conseguenti allagamenti di scantinati. Gli operai del comune sono sul [&hellip;]\" \/>\n<meta property=\"og:url\" content=\"https:\/\/www.bellunopress.it\/fr\/2020\/08\/29\/maltempo-nel-feltrino-pioggia-abbondante-criticita-in-centro-con-qualche-allagamento-dei-seminterrati\/\" \/>\n<meta property=\"og:site_name\" content=\"Bellunopress - Dolomiti\" \/>\n<meta property=\"article:publisher\" content=\"https:\/\/www.facebook.com\/profile.php?id=100008943462799\" \/>\n<meta property=\"article:published_time\" content=\"2020-08-29T18:32:59+00:00\" \/>\n<meta property=\"article:modified_time\" content=\"2020-08-29T18:39:00+00:00\" \/>\n<meta property=\"og:image\" content=\"https:\/\/www.bellunopress.it\/wp-content\/uploads\/2020\/08\/Feltre-Porta-Imperiale-pioggia_edited.jpg\" \/>\n\t<meta property=\"og:image:width\" content=\"282\" \/>\n\t<meta property=\"og:image:height\" content=\"483\" \/>\n\t<meta property=\"og:image:type\" content=\"image\/jpeg\" \/>\n<meta name=\"author\" content=\"redazione\" \/>\n<meta name=\"twitter:card\" content=\"summary_large_image\" \/>\n<meta name=\"twitter:creator\" content=\"@bellunopress\" \/>\n<meta name=\"twitter:site\" content=\"@bellunopress\" \/>\n<meta name=\"twitter:label1\" content=\"\u00c9crit par\" \/>\n\t<meta name=\"twitter:data1\" content=\"redazione\" \/>\n\t<meta name=\"twitter:label2\" content=\"Dur\u00e9e de lecture estim\u00e9e\" \/>\n\t<meta name=\"twitter:data2\" content=\"1 minute\" \/>\n<script type=\"application\/ld+json\" class=\"yoast-schema-graph\">{\"@context\":\"https:\\\/\\\/schema.org\",\"@graph\":[{\"@type\":\"Article\",\"@id\":\"https:\\\/\\\/www.bellunopress.it\\\/2020\\\/08\\\/29\\\/maltempo-nel-feltrino-pioggia-abbondante-criticita-in-centro-con-qualche-allagamento-dei-seminterrati\\\/#article\",\"isPartOf\":{\"@id\":\"https:\\\/\\\/www.bellunopress.it\\\/2020\\\/08\\\/29\\\/maltempo-nel-feltrino-pioggia-abbondante-criticita-in-centro-con-qualche-allagamento-dei-seminterrati\\\/\"},\"author\":{\"name\":\"redazione\",\"@id\":\"https:\\\/\\\/www.bellunopress.it\\\/#\\\/schema\\\/person\\\/79bb06722b37ece1c03d3e94beb30d73\"},\"headline\":\"Maltempo nel Feltrino. Pioggia abbondante, criticit\u00e0 in centro, con qualche allagamento dei seminterrati\",\"datePublished\":\"2020-08-29T18:32:59+00:00\",\"dateModified\":\"2020-08-29T18:39:00+00:00\",\"mainEntityOfPage\":{\"@id\":\"https:\\\/\\\/www.bellunopress.it\\\/2020\\\/08\\\/29\\\/maltempo-nel-feltrino-pioggia-abbondante-criticita-in-centro-con-qualche-allagamento-dei-seminterrati\\\/\"},\"wordCount\":153,\"publisher\":{\"@id\":\"https:\\\/\\\/www.bellunopress.it\\\/#organization\"},\"image\":{\"@id\":\"https:\\\/\\\/www.bellunopress.it\\\/2020\\\/08\\\/29\\\/maltempo-nel-feltrino-pioggia-abbondante-criticita-in-centro-con-qualche-allagamento-dei-seminterrati\\\/#primaryimage\"},\"thumbnailUrl\":\"https:\\\/\\\/www.bellunopress.it\\\/wp-content\\\/uploads\\\/2020\\\/08\\\/Feltre-Porta-Imperiale-pioggia_edited.jpg\",\"articleSection\":[\"Cronaca\\\/Politica\",\"Prima Pagina\"],\"inLanguage\":\"fr-FR\"},{\"@type\":\"WebPage\",\"@id\":\"https:\\\/\\\/www.bellunopress.it\\\/2020\\\/08\\\/29\\\/maltempo-nel-feltrino-pioggia-abbondante-criticita-in-centro-con-qualche-allagamento-dei-seminterrati\\\/\",\"url\":\"https:\\\/\\\/www.bellunopress.it\\\/2020\\\/08\\\/29\\\/maltempo-nel-feltrino-pioggia-abbondante-criticita-in-centro-con-qualche-allagamento-dei-seminterrati\\\/\",\"name\":\"Maltempo nel Feltrino. Pioggia abbondante, criticit\u00e0 in centro, con qualche allagamento dei seminterrati - Bellunopress - Dolomiti\",\"isPartOf\":{\"@id\":\"https:\\\/\\\/www.bellunopress.it\\\/#website\"},\"primaryImageOfPage\":{\"@id\":\"https:\\\/\\\/www.bellunopress.it\\\/2020\\\/08\\\/29\\\/maltempo-nel-feltrino-pioggia-abbondante-criticita-in-centro-con-qualche-allagamento-dei-seminterrati\\\/#primaryimage\"},\"image\":{\"@id\":\"https:\\\/\\\/www.bellunopress.it\\\/2020\\\/08\\\/29\\\/maltempo-nel-feltrino-pioggia-abbondante-criticita-in-centro-con-qualche-allagamento-dei-seminterrati\\\/#primaryimage\"},\"thumbnailUrl\":\"https:\\\/\\\/www.bellunopress.it\\\/wp-content\\\/uploads\\\/2020\\\/08\\\/Feltre-Porta-Imperiale-pioggia_edited.jpg\",\"datePublished\":\"2020-08-29T18:32:59+00:00\",\"dateModified\":\"2020-08-29T18:39:00+00:00\",\"breadcrumb\":{\"@id\":\"https:\\\/\\\/www.bellunopress.it\\\/2020\\\/08\\\/29\\\/maltempo-nel-feltrino-pioggia-abbondante-criticita-in-centro-con-qualche-allagamento-dei-seminterrati\\\/#breadcrumb\"},\"inLanguage\":\"fr-FR\",\"potentialAction\":[{\"@type\":\"ReadAction\",\"target\":[\"https:\\\/\\\/www.bellunopress.it\\\/2020\\\/08\\\/29\\\/maltempo-nel-feltrino-pioggia-abbondante-criticita-in-centro-con-qualche-allagamento-dei-seminterrati\\\/\"]}]},{\"@type\":\"ImageObject\",\"inLanguage\":\"fr-FR\",\"@id\":\"https:\\\/\\\/www.bellunopress.it\\\/2020\\\/08\\\/29\\\/maltempo-nel-feltrino-pioggia-abbondante-criticita-in-centro-con-qualche-allagamento-dei-seminterrati\\\/#primaryimage\",\"url\":\"https:\\\/\\\/www.bellunopress.it\\\/wp-content\\\/uploads\\\/2020\\\/08\\\/Feltre-Porta-Imperiale-pioggia_edited.jpg\",\"contentUrl\":\"https:\\\/\\\/www.bellunopress.it\\\/wp-content\\\/uploads\\\/2020\\\/08\\\/Feltre-Porta-Imperiale-pioggia_edited.jpg\",\"width\":282,\"height\":483},{\"@type\":\"BreadcrumbList\",\"@id\":\"https:\\\/\\\/www.bellunopress.it\\\/2020\\\/08\\\/29\\\/maltempo-nel-feltrino-pioggia-abbondante-criticita-in-centro-con-qualche-allagamento-dei-seminterrati\\\/#breadcrumb\",\"itemListElement\":[{\"@type\":\"ListItem\",\"position\":1,\"name\":\"Home\",\"item\":\"https:\\\/\\\/www.bellunopress.it\\\/\"},{\"@type\":\"ListItem\",\"position\":2,\"name\":\"Maltempo nel Feltrino. Pioggia abbondante, criticit\u00e0 in centro, con qualche allagamento dei seminterrati\"}]},{\"@type\":\"WebSite\",\"@id\":\"https:\\\/\\\/www.bellunopress.it\\\/#website\",\"url\":\"https:\\\/\\\/www.bellunopress.it\\\/\",\"name\":\"Bellunopress - Dolomiti\",\"description\":\"e-mail: redazione@bellunopress.it\",\"publisher\":{\"@id\":\"https:\\\/\\\/www.bellunopress.it\\\/#organization\"},\"potentialAction\":[{\"@type\":\"SearchAction\",\"target\":{\"@type\":\"EntryPoint\",\"urlTemplate\":\"https:\\\/\\\/www.bellunopress.it\\\/?s={search_term_string}\"},\"query-input\":{\"@type\":\"PropertyValueSpecification\",\"valueRequired\":true,\"valueName\":\"search_term_string\"}}],\"inLanguage\":\"fr-FR\"},{\"@type\":\"Organization\",\"@id\":\"https:\\\/\\\/www.bellunopress.it\\\/#organization\",\"name\":\"Bellunopress\",\"url\":\"https:\\\/\\\/www.bellunopress.it\\\/\",\"logo\":{\"@type\":\"ImageObject\",\"inLanguage\":\"fr-FR\",\"@id\":\"https:\\\/\\\/www.bellunopress.it\\\/#\\\/schema\\\/logo\\\/image\\\/\",\"url\":\"https:\\\/\\\/www.bellunopress.it\\\/wp-content\\\/uploads\\\/2011\\\/05\\\/cropped-logo-bellunopress-.jpg\",\"contentUrl\":\"https:\\\/\\\/www.bellunopress.it\\\/wp-content\\\/uploads\\\/2011\\\/05\\\/cropped-logo-bellunopress-.jpg\",\"width\":512,\"height\":512,\"caption\":\"Bellunopress\"},\"image\":{\"@id\":\"https:\\\/\\\/www.bellunopress.it\\\/#\\\/schema\\\/logo\\\/image\\\/\"},\"sameAs\":[\"https:\\\/\\\/www.facebook.com\\\/profile.php?id=100008943462799\",\"https:\\\/\\\/x.com\\\/bellunopress\",\"https:\\\/\\\/www.linkedin.com\\\/hp\\\/?dnr=JBzUWaJfMUw8vbXJJ2tVW5-I3jZKvC4wsoxE&amp;amp;amp;amp;amp;amp;trk=nav_responsive_tab_home\",\"https:\\\/\\\/www.youtube.com\\\/channel\\\/UCxL0wu1uN0_3_7hGG0306cw\"]},{\"@type\":\"Person\",\"@id\":\"https:\\\/\\\/www.bellunopress.it\\\/#\\\/schema\\\/person\\\/79bb06722b37ece1c03d3e94beb30d73\",\"name\":\"redazione\",\"image\":{\"@type\":\"ImageObject\",\"inLanguage\":\"fr-FR\",\"@id\":\"https:\\\/\\\/secure.gravatar.com\\\/avatar\\\/37d968a2e67a6fd04c169c4bdef102d0bc5d31b2546345219e348575eb80e9a0?s=96&d=mm&r=g\",\"url\":\"https:\\\/\\\/secure.gravatar.com\\\/avatar\\\/37d968a2e67a6fd04c169c4bdef102d0bc5d31b2546345219e348575eb80e9a0?s=96&d=mm&r=g\",\"contentUrl\":\"https:\\\/\\\/secure.gravatar.com\\\/avatar\\\/37d968a2e67a6fd04c169c4bdef102d0bc5d31b2546345219e348575eb80e9a0?s=96&d=mm&r=g\",\"caption\":\"redazione\"},\"sameAs\":[\"http:\\\/\\\/www.bellunopress.it\",\"https:\\\/\\\/x.com\\\/bellunopress\"],\"url\":\"https:\\\/\\\/www.bellunopress.it\\\/fr\\\/author\\\/redazione\\\/\"}]}<\/script>\n<!-- \/ Yoast SEO plugin. -->","yoast_head_json":{"title":"Maltempo nel Feltrino. Pioggia abbondante, criticit\u00e0 in centro, con qualche allagamento dei seminterrati - Bellunopress - Dolomiti","robots":{"index":"index","follow":"follow","max-snippet":"max-snippet:-1","max-image-preview":"max-image-preview:large","max-video-preview":"max-video-preview:-1"},"canonical":"https:\/\/www.bellunopress.it\/fr\/2020\/08\/29\/maltempo-nel-feltrino-pioggia-abbondante-criticita-in-centro-con-qualche-allagamento-dei-seminterrati\/","og_locale":"fr_FR","og_type":"article","og_title":"Maltempo nel Feltrino. Pioggia abbondante, criticit\u00e0 in centro, con qualche allagamento dei seminterrati - Bellunopress - Dolomiti","og_description":"Nel Feltrino vento e grandine sono stati meno violenti rispetto alle altre zone della provincia. L&#8217;invito, in ogni caso, \u00e8 quello di evitare gli spostamenti se non necessari. Dal pomeriggio, si \u00e8 abbattuta una pioggia molto intensa a tratti insistente con quantitativi molto abbondanti e conseguenti allagamenti di scantinati. Gli operai del comune sono sul [&hellip;]","og_url":"https:\/\/www.bellunopress.it\/fr\/2020\/08\/29\/maltempo-nel-feltrino-pioggia-abbondante-criticita-in-centro-con-qualche-allagamento-dei-seminterrati\/","og_site_name":"Bellunopress - Dolomiti","article_publisher":"https:\/\/www.facebook.com\/profile.php?id=100008943462799","article_published_time":"2020-08-29T18:32:59+00:00","article_modified_time":"2020-08-29T18:39:00+00:00","og_image":[{"width":282,"height":483,"url":"https:\/\/www.bellunopress.it\/wp-content\/uploads\/2020\/08\/Feltre-Porta-Imperiale-pioggia_edited.jpg","type":"image\/jpeg"}],"author":"redazione","twitter_card":"summary_large_image","twitter_creator":"@bellunopress","twitter_site":"@bellunopress","twitter_misc":{"\u00c9crit par":"redazione","Dur\u00e9e de lecture estim\u00e9e":"1 minute"},"schema":{"@context":"https:\/\/schema.org","@graph":[{"@type":"Article","@id":"https:\/\/www.bellunopress.it\/2020\/08\/29\/maltempo-nel-feltrino-pioggia-abbondante-criticita-in-centro-con-qualche-allagamento-dei-seminterrati\/#article","isPartOf":{"@id":"https:\/\/www.bellunopress.it\/2020\/08\/29\/maltempo-nel-feltrino-pioggia-abbondante-criticita-in-centro-con-qualche-allagamento-dei-seminterrati\/"},"author":{"name":"redazione","@id":"https:\/\/www.bellunopress.it\/#\/schema\/person\/79bb06722b37ece1c03d3e94beb30d73"},"headline":"Maltempo nel Feltrino. Pioggia abbondante, criticit\u00e0 in centro, con qualche allagamento dei seminterrati","datePublished":"2020-08-29T18:32:59+00:00","dateModified":"2020-08-29T18:39:00+00:00","mainEntityOfPage":{"@id":"https:\/\/www.bellunopress.it\/2020\/08\/29\/maltempo-nel-feltrino-pioggia-abbondante-criticita-in-centro-con-qualche-allagamento-dei-seminterrati\/"},"wordCount":153,"publisher":{"@id":"https:\/\/www.bellunopress.it\/#organization"},"image":{"@id":"https:\/\/www.bellunopress.it\/2020\/08\/29\/maltempo-nel-feltrino-pioggia-abbondante-criticita-in-centro-con-qualche-allagamento-dei-seminterrati\/#primaryimage"},"thumbnailUrl":"https:\/\/www.bellunopress.it\/wp-content\/uploads\/2020\/08\/Feltre-Porta-Imperiale-pioggia_edited.jpg","articleSection":["Cronaca\/Politica","Prima Pagina"],"inLanguage":"fr-FR"},{"@type":"WebPage","@id":"https:\/\/www.bellunopress.it\/2020\/08\/29\/maltempo-nel-feltrino-pioggia-abbondante-criticita-in-centro-con-qualche-allagamento-dei-seminterrati\/","url":"https:\/\/www.bellunopress.it\/2020\/08\/29\/maltempo-nel-feltrino-pioggia-abbondante-criticita-in-centro-con-qualche-allagamento-dei-seminterrati\/","name":"Maltempo nel Feltrino. Pioggia abbondante, criticit\u00e0 in centro, con qualche allagamento dei seminterrati - Bellunopress - Dolomiti","isPartOf":{"@id":"https:\/\/www.bellunopress.it\/#website"},"primaryImageOfPage":{"@id":"https:\/\/www.bellunopress.it\/2020\/08\/29\/maltempo-nel-feltrino-pioggia-abbondante-criticita-in-centro-con-qualche-allagamento-dei-seminterrati\/#primaryimage"},"image":{"@id":"https:\/\/www.bellunopress.it\/2020\/08\/29\/maltempo-nel-feltrino-pioggia-abbondante-criticita-in-centro-con-qualche-allagamento-dei-seminterrati\/#primaryimage"},"thumbnailUrl":"https:\/\/www.bellunopress.it\/wp-content\/uploads\/2020\/08\/Feltre-Porta-Imperiale-pioggia_edited.jpg","datePublished":"2020-08-29T18:32:59+00:00","dateModified":"2020-08-29T18:39:00+00:00","breadcrumb":{"@id":"https:\/\/www.bellunopress.it\/2020\/08\/29\/maltempo-nel-feltrino-pioggia-abbondante-criticita-in-centro-con-qualche-allagamento-dei-seminterrati\/#breadcrumb"},"inLanguage":"fr-FR","potentialAction":[{"@type":"ReadAction","target":["https:\/\/www.bellunopress.it\/2020\/08\/29\/maltempo-nel-feltrino-pioggia-abbondante-criticita-in-centro-con-qualche-allagamento-dei-seminterrati\/"]}]},{"@type":"ImageObject","inLanguage":"fr-FR","@id":"https:\/\/www.bellunopress.it\/2020\/08\/29\/maltempo-nel-feltrino-pioggia-abbondante-criticita-in-centro-con-qualche-allagamento-dei-seminterrati\/#primaryimage","url":"https:\/\/www.bellunopress.it\/wp-content\/uploads\/2020\/08\/Feltre-Porta-Imperiale-pioggia_edited.jpg","contentUrl":"https:\/\/www.bellunopress.it\/wp-content\/uploads\/2020\/08\/Feltre-Porta-Imperiale-pioggia_edited.jpg","width":282,"height":483},{"@type":"BreadcrumbList","@id":"https:\/\/www.bellunopress.it\/2020\/08\/29\/maltempo-nel-feltrino-pioggia-abbondante-criticita-in-centro-con-qualche-allagamento-dei-seminterrati\/#breadcrumb","itemListElement":[{"@type":"ListItem","position":1,"name":"Home","item":"https:\/\/www.bellunopress.it\/"},{"@type":"ListItem","position":2,"name":"Maltempo nel Feltrino. Pioggia abbondante, criticit\u00e0 in centro, con qualche allagamento dei seminterrati"}]},{"@type":"WebSite","@id":"https:\/\/www.bellunopress.it\/#website","url":"https:\/\/www.bellunopress.it\/","name":"Bellunopress - Dolomiti","description":"e-mail: redazione@bellunopress.it","publisher":{"@id":"https:\/\/www.bellunopress.it\/#organization"},"potentialAction":[{"@type":"SearchAction","target":{"@type":"EntryPoint","urlTemplate":"https:\/\/www.bellunopress.it\/?s={search_term_string}"},"query-input":{"@type":"PropertyValueSpecification","valueRequired":true,"valueName":"search_term_string"}}],"inLanguage":"fr-FR"},{"@type":"Organization","@id":"https:\/\/www.bellunopress.it\/#organization","name":"Bellunopress","url":"https:\/\/www.bellunopress.it\/","logo":{"@type":"ImageObject","inLanguage":"fr-FR","@id":"https:\/\/www.bellunopress.it\/#\/schema\/logo\/image\/","url":"https:\/\/www.bellunopress.it\/wp-content\/uploads\/2011\/05\/cropped-logo-bellunopress-.jpg","contentUrl":"https:\/\/www.bellunopress.it\/wp-content\/uploads\/2011\/05\/cropped-logo-bellunopress-.jpg","width":512,"height":512,"caption":"Bellunopress"},"image":{"@id":"https:\/\/www.bellunopress.it\/#\/schema\/logo\/image\/"},"sameAs":["https:\/\/www.facebook.com\/profile.php?id=100008943462799","https:\/\/x.com\/bellunopress","https:\/\/www.linkedin.com\/hp\/?dnr=JBzUWaJfMUw8vbXJJ2tVW5-I3jZKvC4wsoxE&amp;amp;amp;amp;amp;amp;trk=nav_responsive_tab_home","https:\/\/www.youtube.com\/channel\/UCxL0wu1uN0_3_7hGG0306cw"]},{"@type":"Person","@id":"https:\/\/www.bellunopress.it\/#\/schema\/person\/79bb06722b37ece1c03d3e94beb30d73","name":"r\u00e9daction","image":{"@type":"ImageObject","inLanguage":"fr-FR","@id":"https:\/\/secure.gravatar.com\/avatar\/37d968a2e67a6fd04c169c4bdef102d0bc5d31b2546345219e348575eb80e9a0?s=96&d=mm&r=g","url":"https:\/\/secure.gravatar.com\/avatar\/37d968a2e67a6fd04c169c4bdef102d0bc5d31b2546345219e348575eb80e9a0?s=96&d=mm&r=g","contentUrl":"https:\/\/secure.gravatar.com\/avatar\/37d968a2e67a6fd04c169c4bdef102d0bc5d31b2546345219e348575eb80e9a0?s=96&d=mm&r=g","caption":"redazione"},"sameAs":["http:\/\/www.bellunopress.it","https:\/\/x.com\/bellunopress"],"url":"https:\/\/www.bellunopress.it\/fr\/author\/redazione\/"}]}},"_links":{"self":[{"href":"https:\/\/www.bellunopress.it\/fr\/wp-json\/wp\/v2\/posts\/117157","targetHints":{"allow":["GET"]}}],"collection":[{"href":"https:\/\/www.bellunopress.it\/fr\/wp-json\/wp\/v2\/posts"}],"about":[{"href":"https:\/\/www.bellunopress.it\/fr\/wp-json\/wp\/v2\/types\/post"}],"author":[{"embeddable":true,"href":"https:\/\/www.bellunopress.it\/fr\/wp-json\/wp\/v2\/users\/2"}],"replies":[{"embeddable":true,"href":"https:\/\/www.bellunopress.it\/fr\/wp-json\/wp\/v2\/comments?post=117157"}],"version-history":[{"count":3,"href":"https:\/\/www.bellunopress.it\/fr\/wp-json\/wp\/v2\/posts\/117157\/revisions"}],"predecessor-version":[{"id":117161,"href":"https:\/\/www.bellunopress.it\/fr\/wp-json\/wp\/v2\/posts\/117157\/revisions\/117161"}],"wp:featuredmedia":[{"embeddable":true,"href":"https:\/\/www.bellunopress.it\/fr\/wp-json\/wp\/v2\/media\/117158"}],"wp:attachment":[{"href":"https:\/\/www.bellunopress.it\/fr\/wp-json\/wp\/v2\/media?parent=117157"}],"wp:term":[{"taxonomy":"category","embeddable":true,"href":"https:\/\/www.bellunopress.it\/fr\/wp-json\/wp\/v2\/categories?post=117157"},{"taxonomy":"post_tag","embeddable":true,"href":"https:\/\/www.bellunopress.it\/fr\/wp-json\/wp\/v2\/tags?post=117157"}],"curies":[{"name":"wp","href":"https:\/\/api.w.org\/{rel}","templated":true}]}}