{"id":11706,"date":"2010-01-22T17:23:20","date_gmt":"2010-01-22T16:23:20","guid":{"rendered":"http:\/\/www.bellunopress.it\/?p=11706"},"modified":"2010-01-21T19:27:09","modified_gmt":"2010-01-21T18:27:09","slug":"cai-in-form-gli-appuntamenti-con-la-neve","status":"publish","type":"post","link":"https:\/\/www.bellunopress.it\/fr\/2010\/01\/22\/cai-in-form-gli-appuntamenti-con-la-neve\/","title":{"rendered":"Cai In Form: gli appuntamenti con la neve"},"content":{"rendered":"<p><a href=\"http:\/\/www.bellunopress.it\/wp-content\/uploads\/2010\/01\/col-duro-leggera.jpg\"><img loading=\"lazy\" decoding=\"async\" class=\"alignleft size-medium wp-image-11707\" title=\"col-duro-leggera\" src=\"http:\/\/www.bellunopress.it\/wp-content\/uploads\/2010\/01\/col-duro-leggera.jpg\" alt=\"\" width=\"270\" height=\"203\" \/><\/a>Domenica scorsa la Sezione ha portato a termine la prima gita di scialpinismo al C\u00f2l Duro, cima situata nel gruppo montuoso della Croda da Lago. Al ritrovo, di buon mattino, ben 35 partecipanti! Inizialmente un po\u2019\u201ddelusi\u201d\u2026il tempo non era dei migliori. Aveva appena smesso di nevicare ed il cielo era ancora molto nuvoloso. Comunque: ormai siamo qui. Si parte\u2026poi si vedr\u00e0! Trascorsa un\u2019oretta, ecco che il meteo premiava la nostra costanza: cielo sereno, neanche una nuvola! Il folto gruppo si avviava quindi di buona lena lungo la strada che da Pescul conduce alla Cas\u00e8ra di Mondeval de S\u00f2ta. Poi, ancora su, nel risalire il rio Col Duro fino alla omonima forcella\u00a0 e quindi alla cima. Da l\u00ec\u2026 un panorama mozzafiato che spazia &#8211; a 360 gradi &#8211; dalle cime d\u2019Oltrepiave fino alle Tofane, la Croda Rossa&#8230; Dopo aver goduto a lungo di questo spettacolo, riposati e rifocillati, gi\u00f9 in discesa! Oltre al cielo sereno e al bellissimo panorama\u2026l\u2019ultimo regalo della giornata: una neve polverosa degna delle grandi discese \u201ccanadesi\u201d che, davvero, premia tutti i partecipanti.<br \/>\n<strong>IL CORSO \u201cRACCHETTE DA NEVE E SICUREZZA IN MONTAGNA\u201d \u2013 SI E\u2019 SVOLTA L\u2019USCITA DIDATTICA IN AMBIENTE INNEVATO<\/strong><a href=\"http:\/\/www.bellunopress.it\/wp-content\/uploads\/2010\/01\/corso-ciaspe-leggera.jpg\"><img loading=\"lazy\" decoding=\"async\" class=\"alignright size-medium wp-image-11708\" title=\"corso-ciaspe-leggera\" src=\"http:\/\/www.bellunopress.it\/wp-content\/uploads\/2010\/01\/corso-ciaspe-leggera.jpg\" alt=\"\" width=\"270\" height=\"203\" \/><\/a><br \/>\nMentre il gruppo di scialpinisti risaliva i pendii di Mondev\u00e0l, un altro gruppo di escursionisti, nei pressi del Passo Valles e con le ci\u00e0spe ai piedi,\u00a0 si apprestava a iniziare la salita verso lo Iuribrutto. L\u2019escursione, gi\u00e0 programmata all\u2019interno del Corso sulla sicurezza riservato agli amanti dell\u2019escursionismo invernale, ha visto la partecipazione di una quarantina di allievi. Approfittando di una splendida giornata di sole, Anselmo Cagnati ha potuto spiegare alcuni fenomeni inerenti la neve, l\u2019importanza della sua osservazione, il comportamento da tenere in base alle condizioni del manto nevoso, la valutazione delle situazioni di pericolo e la scelta dei percorsi maggiormente sicuri. Ancora, l\u2019osservazione dei cristalli di neve e alcune prove pratiche per la valutazione della stabilit\u00e0\u2026<br \/>\nInteressanti nozioni si sono cos\u00ec \u201cfuse\u201d con la bellezza di passeggiare in un ambiente davvero suggestivo e abbondantemente innevato. Al ritorno, Antonello Cibien ha approfittato di una sosta per spiegare l\u2019importanza di Arva, sonda e pala introducendo cos\u00ec il prossimo argomento del corso: \u201cautosoccorso e patologie da freddo\u201d.<br \/>\nLa lezione si terr\u00e0 venerd\u00ec 22 gennaio alle ore 20.00 presso la nostra Sede. Seguir\u00e0, nel primo pomeriggio di sabato 30 gennaio, una breve esercitazione pratica sull\u2019utilizzo degli strumenti di ricerca. Maggiori informazioni saranno fornite a tutti i partecipanti nel corso della serata.<br \/>\n<strong>LA PROSSIMA USCITA CON LE CIASPE IN PROGRAMMA\u2026<\/strong><br \/>\nSolo un breve accenno\u2026ne parleremo pi\u00f9 in dettaglio nella prossima comunicazione. Domenica 31 gennaio 2010 vi aspettiamo per l\u2019escursione in Val Venegia, alla Baita Segantini e\u2026par condicio\u2026lo Iuribello<\/p>","protected":false},"excerpt":{"rendered":"<p>Domenica scorsa la Sezione ha portato a termine la prima gita di scialpinismo al C\u00f2l Duro, cima situata nel gruppo montuoso della Croda da Lago. Al ritrovo, di buon mattino, ben 35 partecipanti! Inizialmente un po\u2019\u201ddelusi\u201d\u2026il tempo non era dei migliori. Aveva appena smesso di nevicare ed il cielo era ancora molto nuvoloso. Comunque: ormai [&hellip;]<\/p>\n","protected":false},"author":2,"featured_media":0,"comment_status":"closed","ping_status":"open","sticky":false,"template":"","format":"standard","meta":{"footnotes":""},"categories":[38,25],"tags":[139],"class_list":["post-11706","post","type-post","status-publish","format-standard","category-natura-ambiente","category-pausa-caffe","tag-belluno"],"yoast_head":"<!-- This site is optimized with the Yoast SEO plugin v28.4 - https:\/\/yoast.com\/product\/yoast-seo-wordpress\/ -->\n<title>Cai In Form: gli appuntamenti con la neve - Bellunopress - Dolomiti<\/title>\n<meta name=\"robots\" content=\"index, follow, max-snippet:-1, max-image-preview:large, max-video-preview:-1\" \/>\n<link rel=\"canonical\" href=\"https:\/\/www.bellunopress.it\/fr\/2010\/01\/22\/cai-in-form-gli-appuntamenti-con-la-neve\/\" \/>\n<meta property=\"og:locale\" content=\"fr_FR\" \/>\n<meta property=\"og:type\" content=\"article\" \/>\n<meta property=\"og:title\" content=\"Cai In Form: gli appuntamenti con la neve - Bellunopress - Dolomiti\" \/>\n<meta property=\"og:description\" content=\"Domenica scorsa la Sezione ha portato a termine la prima gita di scialpinismo al C\u00f2l Duro, cima situata nel gruppo montuoso della Croda da Lago. Al ritrovo, di buon mattino, ben 35 partecipanti! Inizialmente un po\u2019\u201ddelusi\u201d\u2026il tempo non era dei migliori. Aveva appena smesso di nevicare ed il cielo era ancora molto nuvoloso. Comunque: ormai [&hellip;]\" \/>\n<meta property=\"og:url\" content=\"https:\/\/www.bellunopress.it\/fr\/2010\/01\/22\/cai-in-form-gli-appuntamenti-con-la-neve\/\" \/>\n<meta property=\"og:site_name\" content=\"Bellunopress - Dolomiti\" \/>\n<meta property=\"article:publisher\" content=\"https:\/\/www.facebook.com\/profile.php?id=100008943462799\" \/>\n<meta property=\"article:published_time\" content=\"2010-01-22T16:23:20+00:00\" \/>\n<meta property=\"og:image\" content=\"http:\/\/www.bellunopress.it\/wp-content\/uploads\/2010\/01\/col-duro-leggera.jpg\" \/>\n<meta name=\"author\" content=\"redazione\" \/>\n<meta name=\"twitter:card\" content=\"summary_large_image\" \/>\n<meta name=\"twitter:creator\" content=\"@bellunopress\" \/>\n<meta name=\"twitter:site\" content=\"@bellunopress\" \/>\n<meta name=\"twitter:label1\" content=\"\u00c9crit par\" \/>\n\t<meta name=\"twitter:data1\" content=\"redazione\" \/>\n\t<meta name=\"twitter:label2\" content=\"Dur\u00e9e de lecture estim\u00e9e\" \/>\n\t<meta name=\"twitter:data2\" content=\"2 minutes\" \/>\n<script type=\"application\/ld+json\" class=\"yoast-schema-graph\">{\"@context\":\"https:\\\/\\\/schema.org\",\"@graph\":[{\"@type\":\"Article\",\"@id\":\"https:\\\/\\\/www.bellunopress.it\\\/2010\\\/01\\\/22\\\/cai-in-form-gli-appuntamenti-con-la-neve\\\/#article\",\"isPartOf\":{\"@id\":\"https:\\\/\\\/www.bellunopress.it\\\/2010\\\/01\\\/22\\\/cai-in-form-gli-appuntamenti-con-la-neve\\\/\"},\"author\":{\"name\":\"redazione\",\"@id\":\"https:\\\/\\\/www.bellunopress.it\\\/#\\\/schema\\\/person\\\/79bb06722b37ece1c03d3e94beb30d73\"},\"headline\":\"Cai In Form: gli appuntamenti con la neve\",\"datePublished\":\"2010-01-22T16:23:20+00:00\",\"mainEntityOfPage\":{\"@id\":\"https:\\\/\\\/www.bellunopress.it\\\/2010\\\/01\\\/22\\\/cai-in-form-gli-appuntamenti-con-la-neve\\\/\"},\"wordCount\":461,\"publisher\":{\"@id\":\"https:\\\/\\\/www.bellunopress.it\\\/#organization\"},\"image\":{\"@id\":\"https:\\\/\\\/www.bellunopress.it\\\/2010\\\/01\\\/22\\\/cai-in-form-gli-appuntamenti-con-la-neve\\\/#primaryimage\"},\"thumbnailUrl\":\"http:\\\/\\\/www.bellunopress.it\\\/wp-content\\\/uploads\\\/2010\\\/01\\\/col-duro-leggera.jpg\",\"keywords\":[\"Belluno\"],\"articleSection\":[\"Meteo, natura, ambiente, animali\",\"Pausa Caff\u00e8\"],\"inLanguage\":\"fr-FR\"},{\"@type\":\"WebPage\",\"@id\":\"https:\\\/\\\/www.bellunopress.it\\\/2010\\\/01\\\/22\\\/cai-in-form-gli-appuntamenti-con-la-neve\\\/\",\"url\":\"https:\\\/\\\/www.bellunopress.it\\\/2010\\\/01\\\/22\\\/cai-in-form-gli-appuntamenti-con-la-neve\\\/\",\"name\":\"Cai In Form: gli appuntamenti con la neve - Bellunopress - Dolomiti\",\"isPartOf\":{\"@id\":\"https:\\\/\\\/www.bellunopress.it\\\/#website\"},\"primaryImageOfPage\":{\"@id\":\"https:\\\/\\\/www.bellunopress.it\\\/2010\\\/01\\\/22\\\/cai-in-form-gli-appuntamenti-con-la-neve\\\/#primaryimage\"},\"image\":{\"@id\":\"https:\\\/\\\/www.bellunopress.it\\\/2010\\\/01\\\/22\\\/cai-in-form-gli-appuntamenti-con-la-neve\\\/#primaryimage\"},\"thumbnailUrl\":\"http:\\\/\\\/www.bellunopress.it\\\/wp-content\\\/uploads\\\/2010\\\/01\\\/col-duro-leggera.jpg\",\"datePublished\":\"2010-01-22T16:23:20+00:00\",\"breadcrumb\":{\"@id\":\"https:\\\/\\\/www.bellunopress.it\\\/2010\\\/01\\\/22\\\/cai-in-form-gli-appuntamenti-con-la-neve\\\/#breadcrumb\"},\"inLanguage\":\"fr-FR\",\"potentialAction\":[{\"@type\":\"ReadAction\",\"target\":[\"https:\\\/\\\/www.bellunopress.it\\\/2010\\\/01\\\/22\\\/cai-in-form-gli-appuntamenti-con-la-neve\\\/\"]}]},{\"@type\":\"ImageObject\",\"inLanguage\":\"fr-FR\",\"@id\":\"https:\\\/\\\/www.bellunopress.it\\\/2010\\\/01\\\/22\\\/cai-in-form-gli-appuntamenti-con-la-neve\\\/#primaryimage\",\"url\":\"http:\\\/\\\/www.bellunopress.it\\\/wp-content\\\/uploads\\\/2010\\\/01\\\/col-duro-leggera.jpg\",\"contentUrl\":\"http:\\\/\\\/www.bellunopress.it\\\/wp-content\\\/uploads\\\/2010\\\/01\\\/col-duro-leggera.jpg\"},{\"@type\":\"BreadcrumbList\",\"@id\":\"https:\\\/\\\/www.bellunopress.it\\\/2010\\\/01\\\/22\\\/cai-in-form-gli-appuntamenti-con-la-neve\\\/#breadcrumb\",\"itemListElement\":[{\"@type\":\"ListItem\",\"position\":1,\"name\":\"Home\",\"item\":\"https:\\\/\\\/www.bellunopress.it\\\/\"},{\"@type\":\"ListItem\",\"position\":2,\"name\":\"Cai In Form: gli appuntamenti con la neve\"}]},{\"@type\":\"WebSite\",\"@id\":\"https:\\\/\\\/www.bellunopress.it\\\/#website\",\"url\":\"https:\\\/\\\/www.bellunopress.it\\\/\",\"name\":\"Bellunopress - Dolomiti\",\"description\":\"e-mail: redazione@bellunopress.it\",\"publisher\":{\"@id\":\"https:\\\/\\\/www.bellunopress.it\\\/#organization\"},\"potentialAction\":[{\"@type\":\"SearchAction\",\"target\":{\"@type\":\"EntryPoint\",\"urlTemplate\":\"https:\\\/\\\/www.bellunopress.it\\\/?s={search_term_string}\"},\"query-input\":{\"@type\":\"PropertyValueSpecification\",\"valueRequired\":true,\"valueName\":\"search_term_string\"}}],\"inLanguage\":\"fr-FR\"},{\"@type\":\"Organization\",\"@id\":\"https:\\\/\\\/www.bellunopress.it\\\/#organization\",\"name\":\"Bellunopress\",\"url\":\"https:\\\/\\\/www.bellunopress.it\\\/\",\"logo\":{\"@type\":\"ImageObject\",\"inLanguage\":\"fr-FR\",\"@id\":\"https:\\\/\\\/www.bellunopress.it\\\/#\\\/schema\\\/logo\\\/image\\\/\",\"url\":\"https:\\\/\\\/www.bellunopress.it\\\/wp-content\\\/uploads\\\/2011\\\/05\\\/cropped-logo-bellunopress-.jpg\",\"contentUrl\":\"https:\\\/\\\/www.bellunopress.it\\\/wp-content\\\/uploads\\\/2011\\\/05\\\/cropped-logo-bellunopress-.jpg\",\"width\":512,\"height\":512,\"caption\":\"Bellunopress\"},\"image\":{\"@id\":\"https:\\\/\\\/www.bellunopress.it\\\/#\\\/schema\\\/logo\\\/image\\\/\"},\"sameAs\":[\"https:\\\/\\\/www.facebook.com\\\/profile.php?id=100008943462799\",\"https:\\\/\\\/x.com\\\/bellunopress\",\"https:\\\/\\\/www.linkedin.com\\\/hp\\\/?dnr=JBzUWaJfMUw8vbXJJ2tVW5-I3jZKvC4wsoxE&amp;amp;amp;amp;amp;amp;trk=nav_responsive_tab_home\",\"https:\\\/\\\/www.youtube.com\\\/channel\\\/UCxL0wu1uN0_3_7hGG0306cw\"]},{\"@type\":\"Person\",\"@id\":\"https:\\\/\\\/www.bellunopress.it\\\/#\\\/schema\\\/person\\\/79bb06722b37ece1c03d3e94beb30d73\",\"name\":\"redazione\",\"image\":{\"@type\":\"ImageObject\",\"inLanguage\":\"fr-FR\",\"@id\":\"https:\\\/\\\/secure.gravatar.com\\\/avatar\\\/37d968a2e67a6fd04c169c4bdef102d0bc5d31b2546345219e348575eb80e9a0?s=96&d=mm&r=g\",\"url\":\"https:\\\/\\\/secure.gravatar.com\\\/avatar\\\/37d968a2e67a6fd04c169c4bdef102d0bc5d31b2546345219e348575eb80e9a0?s=96&d=mm&r=g\",\"contentUrl\":\"https:\\\/\\\/secure.gravatar.com\\\/avatar\\\/37d968a2e67a6fd04c169c4bdef102d0bc5d31b2546345219e348575eb80e9a0?s=96&d=mm&r=g\",\"caption\":\"redazione\"},\"sameAs\":[\"http:\\\/\\\/www.bellunopress.it\",\"https:\\\/\\\/x.com\\\/bellunopress\"],\"url\":\"https:\\\/\\\/www.bellunopress.it\\\/fr\\\/author\\\/redazione\\\/\"}]}<\/script>\n<!-- \/ Yoast SEO plugin. -->","yoast_head_json":{"title":"Cai In Form: gli appuntamenti con la neve - Bellunopress - Dolomiti","robots":{"index":"index","follow":"follow","max-snippet":"max-snippet:-1","max-image-preview":"max-image-preview:large","max-video-preview":"max-video-preview:-1"},"canonical":"https:\/\/www.bellunopress.it\/fr\/2010\/01\/22\/cai-in-form-gli-appuntamenti-con-la-neve\/","og_locale":"fr_FR","og_type":"article","og_title":"Cai In Form: gli appuntamenti con la neve - Bellunopress - Dolomiti","og_description":"Domenica scorsa la Sezione ha portato a termine la prima gita di scialpinismo al C\u00f2l Duro, cima situata nel gruppo montuoso della Croda da Lago. Al ritrovo, di buon mattino, ben 35 partecipanti! Inizialmente un po\u2019\u201ddelusi\u201d\u2026il tempo non era dei migliori. Aveva appena smesso di nevicare ed il cielo era ancora molto nuvoloso. Comunque: ormai [&hellip;]","og_url":"https:\/\/www.bellunopress.it\/fr\/2010\/01\/22\/cai-in-form-gli-appuntamenti-con-la-neve\/","og_site_name":"Bellunopress - Dolomiti","article_publisher":"https:\/\/www.facebook.com\/profile.php?id=100008943462799","article_published_time":"2010-01-22T16:23:20+00:00","og_image":[{"url":"http:\/\/www.bellunopress.it\/wp-content\/uploads\/2010\/01\/col-duro-leggera.jpg","type":"","width":"","height":""}],"author":"redazione","twitter_card":"summary_large_image","twitter_creator":"@bellunopress","twitter_site":"@bellunopress","twitter_misc":{"\u00c9crit par":"redazione","Dur\u00e9e de lecture estim\u00e9e":"2 minutes"},"schema":{"@context":"https:\/\/schema.org","@graph":[{"@type":"Article","@id":"https:\/\/www.bellunopress.it\/2010\/01\/22\/cai-in-form-gli-appuntamenti-con-la-neve\/#article","isPartOf":{"@id":"https:\/\/www.bellunopress.it\/2010\/01\/22\/cai-in-form-gli-appuntamenti-con-la-neve\/"},"author":{"name":"redazione","@id":"https:\/\/www.bellunopress.it\/#\/schema\/person\/79bb06722b37ece1c03d3e94beb30d73"},"headline":"Cai In Form: gli appuntamenti con la neve","datePublished":"2010-01-22T16:23:20+00:00","mainEntityOfPage":{"@id":"https:\/\/www.bellunopress.it\/2010\/01\/22\/cai-in-form-gli-appuntamenti-con-la-neve\/"},"wordCount":461,"publisher":{"@id":"https:\/\/www.bellunopress.it\/#organization"},"image":{"@id":"https:\/\/www.bellunopress.it\/2010\/01\/22\/cai-in-form-gli-appuntamenti-con-la-neve\/#primaryimage"},"thumbnailUrl":"http:\/\/www.bellunopress.it\/wp-content\/uploads\/2010\/01\/col-duro-leggera.jpg","keywords":["Belluno"],"articleSection":["Meteo, natura, ambiente, animali","Pausa Caff\u00e8"],"inLanguage":"fr-FR"},{"@type":"WebPage","@id":"https:\/\/www.bellunopress.it\/2010\/01\/22\/cai-in-form-gli-appuntamenti-con-la-neve\/","url":"https:\/\/www.bellunopress.it\/2010\/01\/22\/cai-in-form-gli-appuntamenti-con-la-neve\/","name":"Cai In Form: gli appuntamenti con la neve - Bellunopress - Dolomiti","isPartOf":{"@id":"https:\/\/www.bellunopress.it\/#website"},"primaryImageOfPage":{"@id":"https:\/\/www.bellunopress.it\/2010\/01\/22\/cai-in-form-gli-appuntamenti-con-la-neve\/#primaryimage"},"image":{"@id":"https:\/\/www.bellunopress.it\/2010\/01\/22\/cai-in-form-gli-appuntamenti-con-la-neve\/#primaryimage"},"thumbnailUrl":"http:\/\/www.bellunopress.it\/wp-content\/uploads\/2010\/01\/col-duro-leggera.jpg","datePublished":"2010-01-22T16:23:20+00:00","breadcrumb":{"@id":"https:\/\/www.bellunopress.it\/2010\/01\/22\/cai-in-form-gli-appuntamenti-con-la-neve\/#breadcrumb"},"inLanguage":"fr-FR","potentialAction":[{"@type":"ReadAction","target":["https:\/\/www.bellunopress.it\/2010\/01\/22\/cai-in-form-gli-appuntamenti-con-la-neve\/"]}]},{"@type":"ImageObject","inLanguage":"fr-FR","@id":"https:\/\/www.bellunopress.it\/2010\/01\/22\/cai-in-form-gli-appuntamenti-con-la-neve\/#primaryimage","url":"http:\/\/www.bellunopress.it\/wp-content\/uploads\/2010\/01\/col-duro-leggera.jpg","contentUrl":"http:\/\/www.bellunopress.it\/wp-content\/uploads\/2010\/01\/col-duro-leggera.jpg"},{"@type":"BreadcrumbList","@id":"https:\/\/www.bellunopress.it\/2010\/01\/22\/cai-in-form-gli-appuntamenti-con-la-neve\/#breadcrumb","itemListElement":[{"@type":"ListItem","position":1,"name":"Home","item":"https:\/\/www.bellunopress.it\/"},{"@type":"ListItem","position":2,"name":"Cai In Form: gli appuntamenti con la neve"}]},{"@type":"WebSite","@id":"https:\/\/www.bellunopress.it\/#website","url":"https:\/\/www.bellunopress.it\/","name":"Bellunopress - Dolomiti","description":"e-mail: redazione@bellunopress.it","publisher":{"@id":"https:\/\/www.bellunopress.it\/#organization"},"potentialAction":[{"@type":"SearchAction","target":{"@type":"EntryPoint","urlTemplate":"https:\/\/www.bellunopress.it\/?s={search_term_string}"},"query-input":{"@type":"PropertyValueSpecification","valueRequired":true,"valueName":"search_term_string"}}],"inLanguage":"fr-FR"},{"@type":"Organization","@id":"https:\/\/www.bellunopress.it\/#organization","name":"Bellunopress","url":"https:\/\/www.bellunopress.it\/","logo":{"@type":"ImageObject","inLanguage":"fr-FR","@id":"https:\/\/www.bellunopress.it\/#\/schema\/logo\/image\/","url":"https:\/\/www.bellunopress.it\/wp-content\/uploads\/2011\/05\/cropped-logo-bellunopress-.jpg","contentUrl":"https:\/\/www.bellunopress.it\/wp-content\/uploads\/2011\/05\/cropped-logo-bellunopress-.jpg","width":512,"height":512,"caption":"Bellunopress"},"image":{"@id":"https:\/\/www.bellunopress.it\/#\/schema\/logo\/image\/"},"sameAs":["https:\/\/www.facebook.com\/profile.php?id=100008943462799","https:\/\/x.com\/bellunopress","https:\/\/www.linkedin.com\/hp\/?dnr=JBzUWaJfMUw8vbXJJ2tVW5-I3jZKvC4wsoxE&amp;amp;amp;amp;amp;amp;trk=nav_responsive_tab_home","https:\/\/www.youtube.com\/channel\/UCxL0wu1uN0_3_7hGG0306cw"]},{"@type":"Person","@id":"https:\/\/www.bellunopress.it\/#\/schema\/person\/79bb06722b37ece1c03d3e94beb30d73","name":"r\u00e9daction","image":{"@type":"ImageObject","inLanguage":"fr-FR","@id":"https:\/\/secure.gravatar.com\/avatar\/37d968a2e67a6fd04c169c4bdef102d0bc5d31b2546345219e348575eb80e9a0?s=96&d=mm&r=g","url":"https:\/\/secure.gravatar.com\/avatar\/37d968a2e67a6fd04c169c4bdef102d0bc5d31b2546345219e348575eb80e9a0?s=96&d=mm&r=g","contentUrl":"https:\/\/secure.gravatar.com\/avatar\/37d968a2e67a6fd04c169c4bdef102d0bc5d31b2546345219e348575eb80e9a0?s=96&d=mm&r=g","caption":"redazione"},"sameAs":["http:\/\/www.bellunopress.it","https:\/\/x.com\/bellunopress"],"url":"https:\/\/www.bellunopress.it\/fr\/author\/redazione\/"}]}},"_links":{"self":[{"href":"https:\/\/www.bellunopress.it\/fr\/wp-json\/wp\/v2\/posts\/11706","targetHints":{"allow":["GET"]}}],"collection":[{"href":"https:\/\/www.bellunopress.it\/fr\/wp-json\/wp\/v2\/posts"}],"about":[{"href":"https:\/\/www.bellunopress.it\/fr\/wp-json\/wp\/v2\/types\/post"}],"author":[{"embeddable":true,"href":"https:\/\/www.bellunopress.it\/fr\/wp-json\/wp\/v2\/users\/2"}],"replies":[{"embeddable":true,"href":"https:\/\/www.bellunopress.it\/fr\/wp-json\/wp\/v2\/comments?post=11706"}],"version-history":[{"count":1,"href":"https:\/\/www.bellunopress.it\/fr\/wp-json\/wp\/v2\/posts\/11706\/revisions"}],"predecessor-version":[{"id":11709,"href":"https:\/\/www.bellunopress.it\/fr\/wp-json\/wp\/v2\/posts\/11706\/revisions\/11709"}],"wp:attachment":[{"href":"https:\/\/www.bellunopress.it\/fr\/wp-json\/wp\/v2\/media?parent=11706"}],"wp:term":[{"taxonomy":"category","embeddable":true,"href":"https:\/\/www.bellunopress.it\/fr\/wp-json\/wp\/v2\/categories?post=11706"},{"taxonomy":"post_tag","embeddable":true,"href":"https:\/\/www.bellunopress.it\/fr\/wp-json\/wp\/v2\/tags?post=11706"}],"curies":[{"name":"wp","href":"https:\/\/api.w.org\/{rel}","templated":true}]}}